{"id":5395,"date":"2024-10-22T11:05:33","date_gmt":"2024-10-22T10:05:33","guid":{"rendered":"https:\/\/www.smedemokrati.sk\/?p=5395"},"modified":"2024-11-13T13:07:04","modified_gmt":"2024-11-13T12:07:04","slug":"povedzme-nie-prepisovaniu-historie-buresom-streda-1800-pri-soche-jana-langosa-v-bratislave-na-namesti-snp","status":"publish","type":"post","link":"https:\/\/www.smedemokrati.sk\/sv\/povedzme-nie-prepisovaniu-historie-buresom-streda-1800-pri-soche-jana-langosa-v-bratislave-na-namesti-snp\/","title":{"rendered":"Povedzme nie prepisovaniu hist\u00f3rie \u201ebure\u0161om\u201c. Streda 18:00 pri soche J\u00e1na Lango\u0161a v\u00a0Bratislave na n\u00e1mest\u00ed SNP"},"content":{"rendered":"<div id=\"fb-root\"><\/div>\n\n<p><strong>Mat\u00fa\u0161 \u0160utaj E\u0161tok zjavn\u00fdm politick\u00fdm obchodom s Andrejom Babi\u0161om dal verejnosti \u010fal\u0161\u00ed d\u00f4vod na to, aby skon\u010dil ako minister. Demokrati z\u00e1rove\u0148 vyz\u00fdvaj\u00fa ministra, aby predlo\u017eil anal\u00fdzu, na z\u00e1klade ktorej uzavrel jeho rezort medializovan\u00fa dohodu o zmieri. Ako symbol a spomienku na obete komunizmu strana zap\u00e1li svie\u010dky pri soche J\u00e1na Lango\u0161a na n\u00e1mest\u00ed SNP v Bratislave.<\/strong><\/p>\n\n\n\n<p><em>\u201eDohoda medzi ministrom vn\u00fatra \u0160utajom E\u0161tokom a&nbsp;Andrejom Babi\u0161om je v\u00fdsmech obetiam komunizmu. Je to \u0161kand\u00e1l a p\u013euvanec do tv\u00e1re nevinn\u00fdm, ktor\u00fdm e\u0161tb\u00e1ci zni\u010dili \u017eivot. Teraz nesmieme zosta\u0165 ticho, naopak, preto\u017ee toto je z\u00e1pas o na\u0161u pam\u00e4\u0165.&nbsp;<\/em><strong><em>Po\u010fme spolo\u010dne poveda\u0165 NIE prepisovaniu hist\u00f3rie. Zajtra (streda) o 18:00 pri soche J\u00e1na Lango\u0161a na n\u00e1mest\u00ed SNP v Bratislave.<\/em><\/strong><em>&nbsp;Spolo\u010dne zap\u00e1lime svie\u010dky za obete komunizmu a za zachovanie historickej pam\u00e4te Slovenska. Z\u00e1rove\u0148 vyz\u00fdvame ministra vn\u00fatra \u0160utaja E\u0161toka, aby zverejnil pr\u00e1vne anal\u00fdzy, na ktor\u00e9 sa odvol\u00e1va v&nbsp;pr\u00edpade sporu s&nbsp;Andrejom Babi\u0161om.\u201c<\/em>&nbsp;hovor\u00ed Juraj \u0160eliga, podpredseda strany Demokrati, ktor\u00fd sa v&nbsp;minulosti anga\u017eoval aj v&nbsp;iniciat\u00edve Pam\u00e4taj (na podporu \u00daPN).<\/p>\n\n\n\n<p><em>\u201e\u00daPN jasne povedalo, \u017ee Andrej Babi\u0161 bol opr\u00e1vnene a&nbsp;vedome evidovan\u00fd ako agent \u0160TB, p\u00e1n Babi\u0161 prehral spory na Najvy\u0161\u0161om s\u00fade SR, \u00dastavnom s\u00fade SR a&nbsp;ES\u013dP odmietol jeho s\u0165a\u017enos\u0165, pre\u010do teda tak r\u00fdchlo reaguje \u0160utaj E\u0161tok. Preto\u017ee je to zjavne sprost\u00fd politick\u00fd obchod, Babi\u0161 podporil Pellegriniho a&nbsp;\u0160utaj E\u0161tok teraz na opl\u00e1tku pom\u00e1ha Babi\u0161ovi pred parlamentn\u00fdmi vo\u013ebami v&nbsp;\u010ceskej republike. Opakujeme, je to \u0161kand\u00e1l a&nbsp;pokus o&nbsp;prepisovanie vlastnej hist\u00f3rie. Toto je \u010fal\u0161\u00ed d\u00f4vod, pre\u010do by mal \u0160utaj E\u0161tok skon\u010di\u0165 ako minister vn\u00fatra, je to zneu\u017e\u00edvanie funkcie ako vy\u0161it\u00e9.\u201c<\/em>&nbsp;uzatv\u00e1ra Juraj \u0160eliga, podpredseda strany Demokrati.<\/p>\n\n\n<div class=\"fb-video\" data-href=\"https:\/\/fb.watch\/vnb8FZxKp-\" data-allowfullscreen=\"true\" data-autoplay=\"false\" data-width=\"\" data-show-text=\"false\" data-show-captions=\"true\"><\/div>\n\n\n\n<figure class=\"wp-block-image size-large\"><img decoding=\"async\" width=\"724\" height=\"1024\" src=\"https:\/\/www.smedemokrati.sk\/wp-content\/uploads\/2024\/10\/bures-724x1024.jpg\" alt=\"\" class=\"wp-image-5396\" srcset=\"https:\/\/www.smedemokrati.sk\/wp-content\/uploads\/2024\/10\/bures-724x1024.jpg 724w, https:\/\/www.smedemokrati.sk\/wp-content\/uploads\/2024\/10\/bures-212x300.jpg 212w, https:\/\/www.smedemokrati.sk\/wp-content\/uploads\/2024\/10\/bures-768x1086.jpg 768w, https:\/\/www.smedemokrati.sk\/wp-content\/uploads\/2024\/10\/bures-1086x1536.jpg 1086w, https:\/\/www.smedemokrati.sk\/wp-content\/uploads\/2024\/10\/bures.jpg 1448w\" sizes=\"(max-width: 724px) 100vw, 724px\" \/><\/figure>\n","protected":false},"excerpt":{"rendered":"<p>Mat\u00fa\u0161 \u0160utaj E\u0161tok zjavn\u00fdm politick\u00fdm obchodom s Andrejom Babi\u0161om dal verejnosti \u010fal\u0161\u00ed d\u00f4vod na to, aby skon\u010dil ako minister. Demokrati z\u00e1rove\u0148 vyz\u00fdvaj\u00fa ministra, aby predlo\u017eil anal\u00fdzu, na z\u00e1klade ktorej uzavrel jeho rezort medializovan\u00fa dohodu o zmieri. Ako symbol a spomienku na obete komunizmu strana zap\u00e1li svie\u010dky pri soche J\u00e1na Lango\u0161a na n\u00e1mest\u00ed SNP v Bratislave. [&hellip;]<\/p>\n","protected":false},"author":13,"featured_media":5397,"comment_status":"closed","ping_status":"closed","sticky":false,"template":"","format":"standard","meta":{"_acf_changed":false,"ngg_post_thumbnail":0,"footnotes":""},"categories":[4],"tags":[],"class_list":["post-5395","post","type-post","status-publish","format-standard","has-post-thumbnail","hentry","category-tlacove-spravy"],"acf":[],"yoast_head":"<!-- This site is optimized with the Yoast SEO plugin v27.2 - https:\/\/yoast.com\/product\/yoast-seo-wordpress\/ -->\n<title>Povedzme nie prepisovaniu hist\u00f3rie \u201ebure\u0161om\u201c. Streda 18:00 pri soche J\u00e1na Lango\u0161a v\u00a0Bratislave na n\u00e1mest\u00ed SNP<\/title>\n<meta name=\"robots\" content=\"index, follow, max-snippet:-1, max-image-preview:large, max-video-preview:-1\" \/>\n<link rel=\"canonical\" href=\"https:\/\/www.smedemokrati.sk\/sv\/povedzme-nie-prepisovaniu-historie-buresom-streda-1800-pri-soche-jana-langosa-v-bratislave-na-namesti-snp\/\" \/>\n<meta property=\"og:locale\" content=\"sv_SE\" \/>\n<meta property=\"og:locale:alternate\" content=\"en_US\" \/>\n<meta property=\"og:locale:alternate\" content=\"cs_CZ\" \/>\n<meta property=\"og:locale:alternate\" content=\"hu_HU\" \/>\n<meta property=\"og:locale:alternate\" content=\"sk_SK\" \/>\n<meta property=\"og:type\" content=\"article\" \/>\n<meta property=\"og:title\" content=\"Povedzme nie prepisovaniu hist\u00f3rie \u201ebure\u0161om\u201c. Streda 18:00 pri soche J\u00e1na Lango\u0161a v\u00a0Bratislave na n\u00e1mest\u00ed SNP\" \/>\n<meta property=\"og:description\" content=\"Mat\u00fa\u0161 \u0160utaj E\u0161tok zjavn\u00fdm politick\u00fdm obchodom s Andrejom Babi\u0161om dal verejnosti \u010fal\u0161\u00ed d\u00f4vod na to, aby skon\u010dil ako minister. Demokrati z\u00e1rove\u0148 vyz\u00fdvaj\u00fa ministra, aby predlo\u017eil anal\u00fdzu, na z\u00e1klade ktorej uzavrel jeho rezort medializovan\u00fa dohodu o zmieri. Ako symbol a spomienku na obete komunizmu strana zap\u00e1li svie\u010dky pri soche J\u00e1na Lango\u0161a na n\u00e1mest\u00ed SNP v Bratislave. [&hellip;]\" \/>\n<meta property=\"og:url\" content=\"https:\/\/www.smedemokrati.sk\/sv\/povedzme-nie-prepisovaniu-historie-buresom-streda-1800-pri-soche-jana-langosa-v-bratislave-na-namesti-snp\/\" \/>\n<meta property=\"og:site_name\" content=\"Smedemokrati.sk\" \/>\n<meta property=\"article:publisher\" content=\"https:\/\/www.facebook.com\/smedemokrati2023\" \/>\n<meta property=\"article:published_time\" content=\"2024-10-22T10:05:33+00:00\" \/>\n<meta property=\"article:modified_time\" content=\"2024-11-13T12:07:04+00:00\" \/>\n<meta property=\"og:image\" content=\"https:\/\/www.smedemokrati.sk\/wp-content\/uploads\/2024\/10\/bures-pozvanka.jpg\" \/>\n\t<meta property=\"og:image:width\" content=\"1448\" \/>\n\t<meta property=\"og:image:height\" content=\"1347\" \/>\n\t<meta property=\"og:image:type\" content=\"image\/jpeg\" \/>\n<meta name=\"author\" content=\"miro.sopko\" \/>\n<meta name=\"twitter:card\" content=\"summary_large_image\" \/>\n<meta name=\"twitter:label1\" content=\"Skriven av\" \/>\n\t<meta name=\"twitter:data1\" content=\"miro.sopko\" \/>\n\t<meta name=\"twitter:label2\" content=\"Ber\u00e4knad l\u00e4stid\" \/>\n\t<meta name=\"twitter:data2\" content=\"2 minuter\" \/>\n<script type=\"application\/ld+json\" class=\"yoast-schema-graph\">{\"@context\":\"https:\/\/schema.org\",\"@graph\":[{\"@type\":\"Article\",\"@id\":\"https:\/\/www.smedemokrati.sk\/povedzme-nie-prepisovaniu-historie-buresom-streda-1800-pri-soche-jana-langosa-v-bratislave-na-namesti-snp\/#article\",\"isPartOf\":{\"@id\":\"https:\/\/www.smedemokrati.sk\/povedzme-nie-prepisovaniu-historie-buresom-streda-1800-pri-soche-jana-langosa-v-bratislave-na-namesti-snp\/\"},\"author\":{\"name\":\"miro.sopko\",\"@id\":\"https:\/\/www.smedemokrati.sk\/#\/schema\/person\/21f147c88d605aa7ded900e1e7c344ba\"},\"headline\":\"Povedzme nie prepisovaniu hist\u00f3rie \u201ebure\u0161om\u201c. Streda 18:00 pri soche J\u00e1na Lango\u0161a v\u00a0Bratislave na n\u00e1mest\u00ed SNP\",\"datePublished\":\"2024-10-22T10:05:33+00:00\",\"dateModified\":\"2024-11-13T12:07:04+00:00\",\"mainEntityOfPage\":{\"@id\":\"https:\/\/www.smedemokrati.sk\/povedzme-nie-prepisovaniu-historie-buresom-streda-1800-pri-soche-jana-langosa-v-bratislave-na-namesti-snp\/\"},\"wordCount\":383,\"publisher\":{\"@id\":\"https:\/\/www.smedemokrati.sk\/#organization\"},\"image\":{\"@id\":\"https:\/\/www.smedemokrati.sk\/povedzme-nie-prepisovaniu-historie-buresom-streda-1800-pri-soche-jana-langosa-v-bratislave-na-namesti-snp\/#primaryimage\"},\"thumbnailUrl\":\"https:\/\/www.smedemokrati.sk\/wp-content\/uploads\/2024\/10\/bures-pozvanka.jpg\",\"articleSection\":[\"Tla\u010dov\u00e9 spr\u00e1vy\"],\"inLanguage\":\"sv-SE\"},{\"@type\":\"WebPage\",\"@id\":\"https:\/\/www.smedemokrati.sk\/povedzme-nie-prepisovaniu-historie-buresom-streda-1800-pri-soche-jana-langosa-v-bratislave-na-namesti-snp\/\",\"url\":\"https:\/\/www.smedemokrati.sk\/povedzme-nie-prepisovaniu-historie-buresom-streda-1800-pri-soche-jana-langosa-v-bratislave-na-namesti-snp\/\",\"name\":\"Povedzme nie prepisovaniu hist\u00f3rie \u201ebure\u0161om\u201c. Streda 18:00 pri soche J\u00e1na Lango\u0161a v\u00a0Bratislave na n\u00e1mest\u00ed SNP\",\"isPartOf\":{\"@id\":\"https:\/\/www.smedemokrati.sk\/#website\"},\"primaryImageOfPage\":{\"@id\":\"https:\/\/www.smedemokrati.sk\/povedzme-nie-prepisovaniu-historie-buresom-streda-1800-pri-soche-jana-langosa-v-bratislave-na-namesti-snp\/#primaryimage\"},\"image\":{\"@id\":\"https:\/\/www.smedemokrati.sk\/povedzme-nie-prepisovaniu-historie-buresom-streda-1800-pri-soche-jana-langosa-v-bratislave-na-namesti-snp\/#primaryimage\"},\"thumbnailUrl\":\"https:\/\/www.smedemokrati.sk\/wp-content\/uploads\/2024\/10\/bures-pozvanka.jpg\",\"datePublished\":\"2024-10-22T10:05:33+00:00\",\"dateModified\":\"2024-11-13T12:07:04+00:00\",\"breadcrumb\":{\"@id\":\"https:\/\/www.smedemokrati.sk\/povedzme-nie-prepisovaniu-historie-buresom-streda-1800-pri-soche-jana-langosa-v-bratislave-na-namesti-snp\/#breadcrumb\"},\"inLanguage\":\"sv-SE\",\"potentialAction\":[{\"@type\":\"ReadAction\",\"target\":[\"https:\/\/www.smedemokrati.sk\/povedzme-nie-prepisovaniu-historie-buresom-streda-1800-pri-soche-jana-langosa-v-bratislave-na-namesti-snp\/\"]}]},{\"@type\":\"ImageObject\",\"inLanguage\":\"sv-SE\",\"@id\":\"https:\/\/www.smedemokrati.sk\/povedzme-nie-prepisovaniu-historie-buresom-streda-1800-pri-soche-jana-langosa-v-bratislave-na-namesti-snp\/#primaryimage\",\"url\":\"https:\/\/www.smedemokrati.sk\/wp-content\/uploads\/2024\/10\/bures-pozvanka.jpg\",\"contentUrl\":\"https:\/\/www.smedemokrati.sk\/wp-content\/uploads\/2024\/10\/bures-pozvanka.jpg\",\"width\":1448,\"height\":1347},{\"@type\":\"BreadcrumbList\",\"@id\":\"https:\/\/www.smedemokrati.sk\/povedzme-nie-prepisovaniu-historie-buresom-streda-1800-pri-soche-jana-langosa-v-bratislave-na-namesti-snp\/#breadcrumb\",\"itemListElement\":[{\"@type\":\"ListItem\",\"position\":1,\"name\":\"Domovsk\u00e1 str\u00e1nka\",\"item\":\"https:\/\/www.smedemokrati.sk\/\"},{\"@type\":\"ListItem\",\"position\":2,\"name\":\"Povedzme nie prepisovaniu hist\u00f3rie \u201ebure\u0161om\u201c. Streda 18:00 pri soche J\u00e1na Lango\u0161a v\u00a0Bratislave na n\u00e1mest\u00ed SNP\"}]},{\"@type\":\"WebSite\",\"@id\":\"https:\/\/www.smedemokrati.sk\/#website\",\"url\":\"https:\/\/www.smedemokrati.sk\/\",\"name\":\"Smedemokrati.sk\",\"description\":\"Demokracia a slu\u0161nos\u0165 zv\u00ed\u0165az\u00ed\",\"publisher\":{\"@id\":\"https:\/\/www.smedemokrati.sk\/#organization\"},\"potentialAction\":[{\"@type\":\"SearchAction\",\"target\":{\"@type\":\"EntryPoint\",\"urlTemplate\":\"https:\/\/www.smedemokrati.sk\/?s={search_term_string}\"},\"query-input\":{\"@type\":\"PropertyValueSpecification\",\"valueRequired\":true,\"valueName\":\"search_term_string\"}}],\"inLanguage\":\"sv-SE\"},{\"@type\":\"Organization\",\"@id\":\"https:\/\/www.smedemokrati.sk\/#organization\",\"name\":\"Smedemokrati.sk\",\"url\":\"https:\/\/www.smedemokrati.sk\/\",\"logo\":{\"@type\":\"ImageObject\",\"inLanguage\":\"sv-SE\",\"@id\":\"https:\/\/www.smedemokrati.sk\/#\/schema\/logo\/image\/\",\"url\":\"https:\/\/www.smedemokrati.sk\/wp-content\/uploads\/2023\/04\/ff.002.jpeg\",\"contentUrl\":\"https:\/\/www.smedemokrati.sk\/wp-content\/uploads\/2023\/04\/ff.002.jpeg\",\"width\":640,\"height\":480,\"caption\":\"Smedemokrati.sk\"},\"image\":{\"@id\":\"https:\/\/www.smedemokrati.sk\/#\/schema\/logo\/image\/\"},\"sameAs\":[\"https:\/\/www.facebook.com\/smedemokrati2023\"]},{\"@type\":\"Person\",\"@id\":\"https:\/\/www.smedemokrati.sk\/#\/schema\/person\/21f147c88d605aa7ded900e1e7c344ba\",\"name\":\"miro.sopko\",\"image\":{\"@type\":\"ImageObject\",\"inLanguage\":\"sv-SE\",\"@id\":\"https:\/\/secure.gravatar.com\/avatar\/267e4a36f704376c109afe3a78740c1f5dd8675a2180a908699e7863c9247606?s=96&d=mm&r=g\",\"url\":\"https:\/\/secure.gravatar.com\/avatar\/267e4a36f704376c109afe3a78740c1f5dd8675a2180a908699e7863c9247606?s=96&d=mm&r=g\",\"contentUrl\":\"https:\/\/secure.gravatar.com\/avatar\/267e4a36f704376c109afe3a78740c1f5dd8675a2180a908699e7863c9247606?s=96&d=mm&r=g\",\"caption\":\"miro.sopko\"},\"url\":\"https:\/\/www.smedemokrati.sk\/sv\/author\/miro-sopko\/\"}]}<\/script>\n<!-- \/ Yoast SEO plugin. -->","yoast_head_json":{"title":"Povedzme nie prepisovaniu hist\u00f3rie \u201ebure\u0161om\u201c. Streda 18:00 pri soche J\u00e1na Lango\u0161a v\u00a0Bratislave na n\u00e1mest\u00ed SNP","robots":{"index":"index","follow":"follow","max-snippet":"max-snippet:-1","max-image-preview":"max-image-preview:large","max-video-preview":"max-video-preview:-1"},"canonical":"https:\/\/www.smedemokrati.sk\/sv\/povedzme-nie-prepisovaniu-historie-buresom-streda-1800-pri-soche-jana-langosa-v-bratislave-na-namesti-snp\/","og_locale":"sv_SE","og_type":"article","og_title":"[:sk]Povedzme nie prepisovaniu hist\u00f3rie \u201ebure\u0161om\u201c. Streda 18:00 pri soche J\u00e1na Lango\u0161a v\u00a0Bratislave na n\u00e1mest\u00ed SNP[:] - Smedemokrati.sk","og_description":"Mat\u00fa\u0161 \u0160utaj E\u0161tok zjavn\u00fdm politick\u00fdm obchodom s Andrejom Babi\u0161om dal verejnosti \u010fal\u0161\u00ed d\u00f4vod na to, aby skon\u010dil ako minister. Demokrati z\u00e1rove\u0148 vyz\u00fdvaj\u00fa ministra, aby predlo\u017eil anal\u00fdzu, na z\u00e1klade ktorej uzavrel jeho rezort medializovan\u00fa dohodu o zmieri. Ako symbol a spomienku na obete komunizmu strana zap\u00e1li svie\u010dky pri soche J\u00e1na Lango\u0161a na n\u00e1mest\u00ed SNP v Bratislave. [&hellip;]","og_url":"https:\/\/www.smedemokrati.sk\/sv\/povedzme-nie-prepisovaniu-historie-buresom-streda-1800-pri-soche-jana-langosa-v-bratislave-na-namesti-snp\/","og_site_name":"Smedemokrati.sk","article_publisher":"https:\/\/www.facebook.com\/smedemokrati2023","article_published_time":"2024-10-22T10:05:33+00:00","article_modified_time":"2024-11-13T12:07:04+00:00","og_image":[{"width":1448,"height":1347,"url":"https:\/\/www.smedemokrati.sk\/wp-content\/uploads\/2024\/10\/bures-pozvanka.jpg","type":"image\/jpeg"}],"author":"miro.sopko","twitter_card":"summary_large_image","twitter_misc":{"Skriven av":"miro.sopko","Ber\u00e4knad l\u00e4stid":"2 minuter"},"schema":{"@context":"https:\/\/schema.org","@graph":[{"@type":"Article","@id":"https:\/\/www.smedemokrati.sk\/povedzme-nie-prepisovaniu-historie-buresom-streda-1800-pri-soche-jana-langosa-v-bratislave-na-namesti-snp\/#article","isPartOf":{"@id":"https:\/\/www.smedemokrati.sk\/povedzme-nie-prepisovaniu-historie-buresom-streda-1800-pri-soche-jana-langosa-v-bratislave-na-namesti-snp\/"},"author":{"name":"miro.sopko","@id":"https:\/\/www.smedemokrati.sk\/#\/schema\/person\/21f147c88d605aa7ded900e1e7c344ba"},"headline":"Povedzme nie prepisovaniu hist\u00f3rie \u201ebure\u0161om\u201c. Streda 18:00 pri soche J\u00e1na Lango\u0161a v\u00a0Bratislave na n\u00e1mest\u00ed SNP","datePublished":"2024-10-22T10:05:33+00:00","dateModified":"2024-11-13T12:07:04+00:00","mainEntityOfPage":{"@id":"https:\/\/www.smedemokrati.sk\/povedzme-nie-prepisovaniu-historie-buresom-streda-1800-pri-soche-jana-langosa-v-bratislave-na-namesti-snp\/"},"wordCount":383,"publisher":{"@id":"https:\/\/www.smedemokrati.sk\/#organization"},"image":{"@id":"https:\/\/www.smedemokrati.sk\/povedzme-nie-prepisovaniu-historie-buresom-streda-1800-pri-soche-jana-langosa-v-bratislave-na-namesti-snp\/#primaryimage"},"thumbnailUrl":"https:\/\/www.smedemokrati.sk\/wp-content\/uploads\/2024\/10\/bures-pozvanka.jpg","articleSection":["Tla\u010dov\u00e9 spr\u00e1vy"],"inLanguage":"sv-SE"},{"@type":"WebPage","@id":"https:\/\/www.smedemokrati.sk\/povedzme-nie-prepisovaniu-historie-buresom-streda-1800-pri-soche-jana-langosa-v-bratislave-na-namesti-snp\/","url":"https:\/\/www.smedemokrati.sk\/povedzme-nie-prepisovaniu-historie-buresom-streda-1800-pri-soche-jana-langosa-v-bratislave-na-namesti-snp\/","name":"Povedzme nie prepisovaniu hist\u00f3rie \u201ebure\u0161om\u201c. Streda 18:00 pri soche J\u00e1na Lango\u0161a v\u00a0Bratislave na n\u00e1mest\u00ed SNP","isPartOf":{"@id":"https:\/\/www.smedemokrati.sk\/#website"},"primaryImageOfPage":{"@id":"https:\/\/www.smedemokrati.sk\/povedzme-nie-prepisovaniu-historie-buresom-streda-1800-pri-soche-jana-langosa-v-bratislave-na-namesti-snp\/#primaryimage"},"image":{"@id":"https:\/\/www.smedemokrati.sk\/povedzme-nie-prepisovaniu-historie-buresom-streda-1800-pri-soche-jana-langosa-v-bratislave-na-namesti-snp\/#primaryimage"},"thumbnailUrl":"https:\/\/www.smedemokrati.sk\/wp-content\/uploads\/2024\/10\/bures-pozvanka.jpg","datePublished":"2024-10-22T10:05:33+00:00","dateModified":"2024-11-13T12:07:04+00:00","breadcrumb":{"@id":"https:\/\/www.smedemokrati.sk\/povedzme-nie-prepisovaniu-historie-buresom-streda-1800-pri-soche-jana-langosa-v-bratislave-na-namesti-snp\/#breadcrumb"},"inLanguage":"sv-SE","potentialAction":[{"@type":"ReadAction","target":["https:\/\/www.smedemokrati.sk\/povedzme-nie-prepisovaniu-historie-buresom-streda-1800-pri-soche-jana-langosa-v-bratislave-na-namesti-snp\/"]}]},{"@type":"ImageObject","inLanguage":"sv-SE","@id":"https:\/\/www.smedemokrati.sk\/povedzme-nie-prepisovaniu-historie-buresom-streda-1800-pri-soche-jana-langosa-v-bratislave-na-namesti-snp\/#primaryimage","url":"https:\/\/www.smedemokrati.sk\/wp-content\/uploads\/2024\/10\/bures-pozvanka.jpg","contentUrl":"https:\/\/www.smedemokrati.sk\/wp-content\/uploads\/2024\/10\/bures-pozvanka.jpg","width":1448,"height":1347},{"@type":"BreadcrumbList","@id":"https:\/\/www.smedemokrati.sk\/povedzme-nie-prepisovaniu-historie-buresom-streda-1800-pri-soche-jana-langosa-v-bratislave-na-namesti-snp\/#breadcrumb","itemListElement":[{"@type":"ListItem","position":1,"name":"Domovsk\u00e1 str\u00e1nka","item":"https:\/\/www.smedemokrati.sk\/"},{"@type":"ListItem","position":2,"name":"Povedzme nie prepisovaniu hist\u00f3rie \u201ebure\u0161om\u201c. Streda 18:00 pri soche J\u00e1na Lango\u0161a v\u00a0Bratislave na n\u00e1mest\u00ed SNP"}]},{"@type":"WebSite","@id":"https:\/\/www.smedemokrati.sk\/#website","url":"https:\/\/www.smedemokrati.sk\/","name":"Smedemokrati.sk","description":"Demokracia a slu\u0161nos\u0165 zv\u00ed\u0165az\u00ed","publisher":{"@id":"https:\/\/www.smedemokrati.sk\/#organization"},"potentialAction":[{"@type":"SearchAction","target":{"@type":"EntryPoint","urlTemplate":"https:\/\/www.smedemokrati.sk\/?s={search_term_string}"},"query-input":{"@type":"PropertyValueSpecification","valueRequired":true,"valueName":"search_term_string"}}],"inLanguage":"sv-SE"},{"@type":"Organization","@id":"https:\/\/www.smedemokrati.sk\/#organization","name":"Smedemokrati.sk","url":"https:\/\/www.smedemokrati.sk\/","logo":{"@type":"ImageObject","inLanguage":"sv-SE","@id":"https:\/\/www.smedemokrati.sk\/#\/schema\/logo\/image\/","url":"https:\/\/www.smedemokrati.sk\/wp-content\/uploads\/2023\/04\/ff.002.jpeg","contentUrl":"https:\/\/www.smedemokrati.sk\/wp-content\/uploads\/2023\/04\/ff.002.jpeg","width":640,"height":480,"caption":"Smedemokrati.sk"},"image":{"@id":"https:\/\/www.smedemokrati.sk\/#\/schema\/logo\/image\/"},"sameAs":["https:\/\/www.facebook.com\/smedemokrati2023"]},{"@type":"Person","@id":"https:\/\/www.smedemokrati.sk\/#\/schema\/person\/21f147c88d605aa7ded900e1e7c344ba","name":"miro.sopko","image":{"@type":"ImageObject","inLanguage":"sv-SE","@id":"https:\/\/secure.gravatar.com\/avatar\/267e4a36f704376c109afe3a78740c1f5dd8675a2180a908699e7863c9247606?s=96&d=mm&r=g","url":"https:\/\/secure.gravatar.com\/avatar\/267e4a36f704376c109afe3a78740c1f5dd8675a2180a908699e7863c9247606?s=96&d=mm&r=g","contentUrl":"https:\/\/secure.gravatar.com\/avatar\/267e4a36f704376c109afe3a78740c1f5dd8675a2180a908699e7863c9247606?s=96&d=mm&r=g","caption":"miro.sopko"},"url":"https:\/\/www.smedemokrati.sk\/sv\/author\/miro-sopko\/"}]}},"_links":{"self":[{"href":"https:\/\/www.smedemokrati.sk\/sv\/wp-json\/wp\/v2\/posts\/5395","targetHints":{"allow":["GET"]}}],"collection":[{"href":"https:\/\/www.smedemokrati.sk\/sv\/wp-json\/wp\/v2\/posts"}],"about":[{"href":"https:\/\/www.smedemokrati.sk\/sv\/wp-json\/wp\/v2\/types\/post"}],"author":[{"embeddable":true,"href":"https:\/\/www.smedemokrati.sk\/sv\/wp-json\/wp\/v2\/users\/13"}],"replies":[{"embeddable":true,"href":"https:\/\/www.smedemokrati.sk\/sv\/wp-json\/wp\/v2\/comments?post=5395"}],"version-history":[{"count":1,"href":"https:\/\/www.smedemokrati.sk\/sv\/wp-json\/wp\/v2\/posts\/5395\/revisions"}],"predecessor-version":[{"id":5398,"href":"https:\/\/www.smedemokrati.sk\/sv\/wp-json\/wp\/v2\/posts\/5395\/revisions\/5398"}],"wp:featuredmedia":[{"embeddable":true,"href":"https:\/\/www.smedemokrati.sk\/sv\/wp-json\/wp\/v2\/media\/5397"}],"wp:attachment":[{"href":"https:\/\/www.smedemokrati.sk\/sv\/wp-json\/wp\/v2\/media?parent=5395"}],"wp:term":[{"taxonomy":"category","embeddable":true,"href":"https:\/\/www.smedemokrati.sk\/sv\/wp-json\/wp\/v2\/categories?post=5395"},{"taxonomy":"post_tag","embeddable":true,"href":"https:\/\/www.smedemokrati.sk\/sv\/wp-json\/wp\/v2\/tags?post=5395"}],"curies":[{"name":"wp","href":"https:\/\/api.w.org\/{rel}","templated":true}]}}