{"id":5375,"date":"2024-10-18T11:21:01","date_gmt":"2024-10-18T10:21:01","guid":{"rendered":"https:\/\/www.smedemokrati.sk\/?p=5375"},"modified":"2024-11-19T13:25:26","modified_gmt":"2024-11-19T12:25:26","slug":"vyzyvame-vladu-aby-neoslabovala-ochranu-strategickeho-zdroja-pitnej-vody-stariny","status":"publish","type":"post","link":"https:\/\/www.smedemokrati.sk\/sv\/vyzyvame-vladu-aby-neoslabovala-ochranu-strategickeho-zdroja-pitnej-vody-stariny\/","title":{"rendered":"Vyz\u00fdvame vl\u00e1du, aby neoslabovala ochranu strategick\u00e9ho zdroja pitnej vody &#8211; Stariny"},"content":{"rendered":"<div id=\"fb-root\"><\/div>\n\n<p><strong>Demokrati varuj\u00fa ministra \u017eivotn\u00e9ho prostredia pred oslabovan\u00edm ochrany strategick\u00e9ho zdroja pitnej vody pre viac ako 350 000 obyvate\u013eov v\u00fdchodn\u00e9ho Slovenska, Vod\u00e1renskej n\u00e1dr\u017ee Starina. Disponujeme d\u00f4kazom o rokovaniach \u0161t\u00e1tneho tajomn\u00edka \u0160tefana Kuffu so z\u00e1stupcami urb\u00e1rov nad Starinou. Tieto snahy m\u00f4\u017eu s\u00favisie\u0165 s nenaplnen\u00fdm s\u013eubom Kuffovcov zn\u00ed\u017ei\u0165 ochranu Polon\u00edn na ich prekategorizovanie na tzv. pr\u00edrodn\u00fd park.&nbsp;<\/strong><\/p>\n\n\n\n<p>Pr\u00edpadn\u00e9 \u00fastupky urb\u00e1rom pri ochrannom p\u00e1sme Stariny by predstavovali riziko znehodnotenia pitn\u00e9ho zdroja pre v\u00e4\u010d\u0161inu v\u00fdchodn\u00e9ho Slovenska. V \u010dasoch, kedy by sme mali robi\u0165 opatrenia na ochranu zdrojov pitnej vody, sa na pozad\u00ed paradoxne rokuje o n\u00e1vrhoch, ktor\u00e9 ich m\u00f4\u017eu nenapravite\u013en\u00fdm sp\u00f4sobom po\u0161kodi\u0165.<\/p>\n\n\n\n<p>Pod\u013ea inform\u00e1ci\u00ed, ktor\u00fdmi Demokrati disponuj\u00fa, m\u00f4\u017ee \u00eds\u0165 o n\u00e1tlak na zn\u00ed\u017eenie obmedzen\u00ed pohybu osobn\u00fdch \u00e1ut a kami\u00f3nov, obnovenie komer\u010dnej \u0165a\u017eby dreva, po\u013eovanie \u010di potenci\u00e1lnu v\u00fdstavbu a legaliz\u00e1ciu stavieb.\u00a0<em><em>\u201e<\/em>Ak\u00e9ko\u013evek uvo\u013enenie s\u00fa\u010dasn\u00fdch obmedzen\u00ed predstavuje obrovsk\u00fd hazard s jedn\u00fdm z najv\u00e4\u010d\u0161\u00edch pitn\u00fdch zdrojov. My po\u017eadujeme, naopak, zv\u00fd\u0161enie striktnej ochrany vod\u00e1renskej n\u00e1dr\u017ee\u201d,\u00a0<\/em>upozor\u0148uje Michal Ki\u010da, expert strany Demokrati na \u017eivotn\u00e9 prostredie a \u010dlen predsedn\u00edctva.\u00a0<\/p>\n\n\n\n<p>Roz\u0161\u00edrenie \u0165a\u017eby dreva v ochrann\u00fdch p\u00e1smach v okol\u00ed Stariny m\u00f4\u017ee sp\u00f4sobi\u0165 kontamin\u00e1ciu vodn\u00fdch tokov a zv\u00fd\u0161enou \u0165a\u017ebou dreva m\u00f4\u017ee d\u00f4js\u0165 aj k zmen\u00e1m vodn\u00e9ho re\u017eimu na t\u00fdchto chr\u00e1nen\u00fdch \u00fazemiach.\u00a0<em><em>\u201e<\/em>Nem\u00f4\u017eeme z\u00e1ujmy jednotlivcov nadra\u010fova\u0165 nad z\u00e1ujmy skoro 350 000 obyvate\u013eov v\u00fdchodn\u00e9ho Slovenska\u201d,\u00a0<\/em>upozor\u0148uje Franti\u0161ek O\u013eha, prim\u00e1tor Pre\u0161ova a podpredseda Demokratov, pokra\u010duje:\u00a0<em><em>\u201e<\/em>Je absurdn\u00e9 a komick\u00e9, \u017ee minister Taraba vid\u00ed ohrozenie v rozvoji cykloturistiky, ale nie v takto z\u00e1va\u017en\u00fdch z\u00e1sahoch. U\u017e v tomto \u010dase P\u00f4dohospod\u00e1rska platobn\u00e1 agent\u00fara uvo\u013enila viac ako 800 000 eur na vystavanie cesty pri vys\u00eddlenej Starine. To potvrdzuje na\u0161e obavy, \u017ee jej \u00fa\u010del m\u00f4\u017ee by\u0165 hlavne u\u013eah\u010denie \u0165a\u017eby dreva, ktor\u00e1 sa v Polonin\u00e1ch op\u00e4\u0165 rozm\u00e1ha.&#8221;<\/em><\/p>\n\n\n\n<p><em>\u201eTreba zd\u00f4razni\u0165, \u017ee ak chc\u00fa predstavitelia vl\u00e1dy zmeni\u0165 re\u017eim hospod\u00e1renia v Starine s v\u00e4\u010d\u0161\u00edm zameran\u00edm na \u0165a\u017ebu dreva, museli by urobi\u0165 podrobn\u00fd hydrogeologick\u00fd prieskum odborne sp\u00f4sobilej organiz\u00e1cii a takisto z\u00e1vere\u010dn\u00fa spr\u00e1vu z tohto prieskumu. Doteraz v\u0161ak tak e\u0161te nevykonali. D\u00f4vodom m\u00f4\u017ee by\u0165 obava, \u017ee ak\u00e9ko\u013evek oslabovanie ochrany Stariny by vyl\u00fa\u010dila,\u201d<\/em>\u00a0dod\u00e1va Ki\u010da.<\/p>\n\n\n\n<p>V tejto veci prostredn\u00edctvom poslanca \u013dubom\u00edra Galka budeme iniciova\u0165 a oslovova\u0165 aj ostatn\u00fdch opozi\u010dn\u00fdch poslancov za \u00fa\u010delom zvolania mimoriadneho v\u00fdboru NR SR pre p\u00f4dohospod\u00e1rstvo a \u017eivotn\u00e9 prostredie k tejto t\u00e9me.<\/p>\n\n\n<div class=\"fb-video\" data-href=\"https:\/\/fb.watch\/vhPj4zfIr8\" data-allowfullscreen=\"true\" data-autoplay=\"false\" data-width=\"\" data-show-text=\"false\" data-show-captions=\"true\"><\/div>\n","protected":false},"excerpt":{"rendered":"<p>Demokrati varuj\u00fa ministra \u017eivotn\u00e9ho prostredia pred oslabovan\u00edm ochrany strategick\u00e9ho zdroja pitnej vody pre viac ako 350 000 obyvate\u013eov v\u00fdchodn\u00e9ho Slovenska, Vod\u00e1renskej n\u00e1dr\u017ee Starina. Disponujeme d\u00f4kazom o rokovaniach \u0161t\u00e1tneho tajomn\u00edka \u0160tefana Kuffu so z\u00e1stupcami urb\u00e1rov nad Starinou. Tieto snahy m\u00f4\u017eu s\u00favisie\u0165 s nenaplnen\u00fdm s\u013eubom Kuffovcov zn\u00ed\u017ei\u0165 ochranu Polon\u00edn na ich prekategorizovanie na tzv. pr\u00edrodn\u00fd park.&nbsp; Pr\u00edpadn\u00e9 [&hellip;]<\/p>\n","protected":false},"author":13,"featured_media":4937,"comment_status":"closed","ping_status":"closed","sticky":false,"template":"","format":"standard","meta":{"_acf_changed":false,"ngg_post_thumbnail":0,"footnotes":""},"categories":[4],"tags":[],"class_list":["post-5375","post","type-post","status-publish","format-standard","has-post-thumbnail","hentry","category-tlacove-spravy"],"acf":[],"yoast_head":"<!-- This site is optimized with the Yoast SEO plugin v27.2 - https:\/\/yoast.com\/product\/yoast-seo-wordpress\/ -->\n<title>Vyz\u00fdvame vl\u00e1du, aby neoslabovala ochranu strategick\u00e9ho zdroja pitnej vody - Stariny<\/title>\n<meta name=\"robots\" content=\"index, follow, max-snippet:-1, max-image-preview:large, max-video-preview:-1\" \/>\n<link rel=\"canonical\" href=\"https:\/\/www.smedemokrati.sk\/sv\/vyzyvame-vladu-aby-neoslabovala-ochranu-strategickeho-zdroja-pitnej-vody-stariny\/\" \/>\n<meta property=\"og:locale\" content=\"sv_SE\" \/>\n<meta property=\"og:locale:alternate\" content=\"en_US\" \/>\n<meta property=\"og:locale:alternate\" content=\"cs_CZ\" \/>\n<meta property=\"og:locale:alternate\" content=\"hu_HU\" \/>\n<meta property=\"og:locale:alternate\" content=\"sk_SK\" \/>\n<meta property=\"og:type\" content=\"article\" \/>\n<meta property=\"og:title\" content=\"Vyz\u00fdvame vl\u00e1du, aby neoslabovala ochranu strategick\u00e9ho zdroja pitnej vody - Stariny\" \/>\n<meta property=\"og:description\" content=\"Demokrati varuj\u00fa ministra \u017eivotn\u00e9ho prostredia pred oslabovan\u00edm ochrany strategick\u00e9ho zdroja pitnej vody pre viac ako 350 000 obyvate\u013eov v\u00fdchodn\u00e9ho Slovenska, Vod\u00e1renskej n\u00e1dr\u017ee Starina. Disponujeme d\u00f4kazom o rokovaniach \u0161t\u00e1tneho tajomn\u00edka \u0160tefana Kuffu so z\u00e1stupcami urb\u00e1rov nad Starinou. Tieto snahy m\u00f4\u017eu s\u00favisie\u0165 s nenaplnen\u00fdm s\u013eubom Kuffovcov zn\u00ed\u017ei\u0165 ochranu Polon\u00edn na ich prekategorizovanie na tzv. pr\u00edrodn\u00fd park.&nbsp; Pr\u00edpadn\u00e9 [&hellip;]\" \/>\n<meta property=\"og:url\" content=\"https:\/\/www.smedemokrati.sk\/sv\/vyzyvame-vladu-aby-neoslabovala-ochranu-strategickeho-zdroja-pitnej-vody-stariny\/\" \/>\n<meta property=\"og:site_name\" content=\"Smedemokrati.sk\" \/>\n<meta property=\"article:publisher\" content=\"https:\/\/www.facebook.com\/smedemokrati2023\" \/>\n<meta property=\"article:published_time\" content=\"2024-10-18T10:21:01+00:00\" \/>\n<meta property=\"article:modified_time\" content=\"2024-11-19T12:25:26+00:00\" \/>\n<meta property=\"og:image\" content=\"https:\/\/www.smedemokrati.sk\/wp-content\/uploads\/2024\/08\/stefan-kuffa.jpeg.jpg\" \/>\n\t<meta property=\"og:image:width\" content=\"649\" \/>\n\t<meta property=\"og:image:height\" content=\"365\" \/>\n\t<meta property=\"og:image:type\" content=\"image\/jpeg\" \/>\n<meta name=\"author\" content=\"miro.sopko\" \/>\n<meta name=\"twitter:card\" content=\"summary_large_image\" \/>\n<meta name=\"twitter:label1\" content=\"Skriven av\" \/>\n\t<meta name=\"twitter:data1\" content=\"miro.sopko\" \/>\n\t<meta name=\"twitter:label2\" content=\"Ber\u00e4knad l\u00e4stid\" \/>\n\t<meta name=\"twitter:data2\" content=\"2 minuter\" \/>\n<script type=\"application\/ld+json\" class=\"yoast-schema-graph\">{\"@context\":\"https:\/\/schema.org\",\"@graph\":[{\"@type\":\"Article\",\"@id\":\"https:\/\/www.smedemokrati.sk\/vyzyvame-vladu-aby-neoslabovala-ochranu-strategickeho-zdroja-pitnej-vody-stariny\/#article\",\"isPartOf\":{\"@id\":\"https:\/\/www.smedemokrati.sk\/vyzyvame-vladu-aby-neoslabovala-ochranu-strategickeho-zdroja-pitnej-vody-stariny\/\"},\"author\":{\"name\":\"miro.sopko\",\"@id\":\"https:\/\/www.smedemokrati.sk\/#\/schema\/person\/21f147c88d605aa7ded900e1e7c344ba\"},\"headline\":\"Vyz\u00fdvame vl\u00e1du, aby neoslabovala ochranu strategick\u00e9ho zdroja pitnej vody &#8211; Stariny\",\"datePublished\":\"2024-10-18T10:21:01+00:00\",\"dateModified\":\"2024-11-19T12:25:26+00:00\",\"mainEntityOfPage\":{\"@id\":\"https:\/\/www.smedemokrati.sk\/vyzyvame-vladu-aby-neoslabovala-ochranu-strategickeho-zdroja-pitnej-vody-stariny\/\"},\"wordCount\":507,\"publisher\":{\"@id\":\"https:\/\/www.smedemokrati.sk\/#organization\"},\"image\":{\"@id\":\"https:\/\/www.smedemokrati.sk\/vyzyvame-vladu-aby-neoslabovala-ochranu-strategickeho-zdroja-pitnej-vody-stariny\/#primaryimage\"},\"thumbnailUrl\":\"https:\/\/www.smedemokrati.sk\/wp-content\/uploads\/2024\/08\/stefan-kuffa.jpeg.jpg\",\"articleSection\":[\"Tla\u010dov\u00e9 spr\u00e1vy\"],\"inLanguage\":\"sv-SE\"},{\"@type\":\"WebPage\",\"@id\":\"https:\/\/www.smedemokrati.sk\/vyzyvame-vladu-aby-neoslabovala-ochranu-strategickeho-zdroja-pitnej-vody-stariny\/\",\"url\":\"https:\/\/www.smedemokrati.sk\/vyzyvame-vladu-aby-neoslabovala-ochranu-strategickeho-zdroja-pitnej-vody-stariny\/\",\"name\":\"Vyz\u00fdvame vl\u00e1du, aby neoslabovala ochranu strategick\u00e9ho zdroja pitnej vody - Stariny\",\"isPartOf\":{\"@id\":\"https:\/\/www.smedemokrati.sk\/#website\"},\"primaryImageOfPage\":{\"@id\":\"https:\/\/www.smedemokrati.sk\/vyzyvame-vladu-aby-neoslabovala-ochranu-strategickeho-zdroja-pitnej-vody-stariny\/#primaryimage\"},\"image\":{\"@id\":\"https:\/\/www.smedemokrati.sk\/vyzyvame-vladu-aby-neoslabovala-ochranu-strategickeho-zdroja-pitnej-vody-stariny\/#primaryimage\"},\"thumbnailUrl\":\"https:\/\/www.smedemokrati.sk\/wp-content\/uploads\/2024\/08\/stefan-kuffa.jpeg.jpg\",\"datePublished\":\"2024-10-18T10:21:01+00:00\",\"dateModified\":\"2024-11-19T12:25:26+00:00\",\"breadcrumb\":{\"@id\":\"https:\/\/www.smedemokrati.sk\/vyzyvame-vladu-aby-neoslabovala-ochranu-strategickeho-zdroja-pitnej-vody-stariny\/#breadcrumb\"},\"inLanguage\":\"sv-SE\",\"potentialAction\":[{\"@type\":\"ReadAction\",\"target\":[\"https:\/\/www.smedemokrati.sk\/vyzyvame-vladu-aby-neoslabovala-ochranu-strategickeho-zdroja-pitnej-vody-stariny\/\"]}]},{\"@type\":\"ImageObject\",\"inLanguage\":\"sv-SE\",\"@id\":\"https:\/\/www.smedemokrati.sk\/vyzyvame-vladu-aby-neoslabovala-ochranu-strategickeho-zdroja-pitnej-vody-stariny\/#primaryimage\",\"url\":\"https:\/\/www.smedemokrati.sk\/wp-content\/uploads\/2024\/08\/stefan-kuffa.jpeg.jpg\",\"contentUrl\":\"https:\/\/www.smedemokrati.sk\/wp-content\/uploads\/2024\/08\/stefan-kuffa.jpeg.jpg\",\"width\":649,\"height\":365},{\"@type\":\"BreadcrumbList\",\"@id\":\"https:\/\/www.smedemokrati.sk\/vyzyvame-vladu-aby-neoslabovala-ochranu-strategickeho-zdroja-pitnej-vody-stariny\/#breadcrumb\",\"itemListElement\":[{\"@type\":\"ListItem\",\"position\":1,\"name\":\"Domovsk\u00e1 str\u00e1nka\",\"item\":\"https:\/\/www.smedemokrati.sk\/\"},{\"@type\":\"ListItem\",\"position\":2,\"name\":\"Vyz\u00fdvame vl\u00e1du, aby neoslabovala ochranu strategick\u00e9ho zdroja pitnej vody &#8211; Stariny\"}]},{\"@type\":\"WebSite\",\"@id\":\"https:\/\/www.smedemokrati.sk\/#website\",\"url\":\"https:\/\/www.smedemokrati.sk\/\",\"name\":\"Smedemokrati.sk\",\"description\":\"Demokracia a slu\u0161nos\u0165 zv\u00ed\u0165az\u00ed\",\"publisher\":{\"@id\":\"https:\/\/www.smedemokrati.sk\/#organization\"},\"potentialAction\":[{\"@type\":\"SearchAction\",\"target\":{\"@type\":\"EntryPoint\",\"urlTemplate\":\"https:\/\/www.smedemokrati.sk\/?s={search_term_string}\"},\"query-input\":{\"@type\":\"PropertyValueSpecification\",\"valueRequired\":true,\"valueName\":\"search_term_string\"}}],\"inLanguage\":\"sv-SE\"},{\"@type\":\"Organization\",\"@id\":\"https:\/\/www.smedemokrati.sk\/#organization\",\"name\":\"Smedemokrati.sk\",\"url\":\"https:\/\/www.smedemokrati.sk\/\",\"logo\":{\"@type\":\"ImageObject\",\"inLanguage\":\"sv-SE\",\"@id\":\"https:\/\/www.smedemokrati.sk\/#\/schema\/logo\/image\/\",\"url\":\"https:\/\/www.smedemokrati.sk\/wp-content\/uploads\/2023\/04\/ff.002.jpeg\",\"contentUrl\":\"https:\/\/www.smedemokrati.sk\/wp-content\/uploads\/2023\/04\/ff.002.jpeg\",\"width\":640,\"height\":480,\"caption\":\"Smedemokrati.sk\"},\"image\":{\"@id\":\"https:\/\/www.smedemokrati.sk\/#\/schema\/logo\/image\/\"},\"sameAs\":[\"https:\/\/www.facebook.com\/smedemokrati2023\"]},{\"@type\":\"Person\",\"@id\":\"https:\/\/www.smedemokrati.sk\/#\/schema\/person\/21f147c88d605aa7ded900e1e7c344ba\",\"name\":\"miro.sopko\",\"image\":{\"@type\":\"ImageObject\",\"inLanguage\":\"sv-SE\",\"@id\":\"https:\/\/secure.gravatar.com\/avatar\/267e4a36f704376c109afe3a78740c1f5dd8675a2180a908699e7863c9247606?s=96&d=mm&r=g\",\"url\":\"https:\/\/secure.gravatar.com\/avatar\/267e4a36f704376c109afe3a78740c1f5dd8675a2180a908699e7863c9247606?s=96&d=mm&r=g\",\"contentUrl\":\"https:\/\/secure.gravatar.com\/avatar\/267e4a36f704376c109afe3a78740c1f5dd8675a2180a908699e7863c9247606?s=96&d=mm&r=g\",\"caption\":\"miro.sopko\"},\"url\":\"https:\/\/www.smedemokrati.sk\/sv\/author\/miro-sopko\/\"}]}<\/script>\n<!-- \/ Yoast SEO plugin. -->","yoast_head_json":{"title":"Vyz\u00fdvame vl\u00e1du, aby neoslabovala ochranu strategick\u00e9ho zdroja pitnej vody - Stariny","robots":{"index":"index","follow":"follow","max-snippet":"max-snippet:-1","max-image-preview":"max-image-preview:large","max-video-preview":"max-video-preview:-1"},"canonical":"https:\/\/www.smedemokrati.sk\/sv\/vyzyvame-vladu-aby-neoslabovala-ochranu-strategickeho-zdroja-pitnej-vody-stariny\/","og_locale":"sv_SE","og_type":"article","og_title":"[:sk]Vyz\u00fdvame vl\u00e1du, aby neoslabovala ochranu strategick\u00e9ho zdroja pitnej vody - Stariny[:] - Smedemokrati.sk","og_description":"Demokrati varuj\u00fa ministra \u017eivotn\u00e9ho prostredia pred oslabovan\u00edm ochrany strategick\u00e9ho zdroja pitnej vody pre viac ako 350 000 obyvate\u013eov v\u00fdchodn\u00e9ho Slovenska, Vod\u00e1renskej n\u00e1dr\u017ee Starina. Disponujeme d\u00f4kazom o rokovaniach \u0161t\u00e1tneho tajomn\u00edka \u0160tefana Kuffu so z\u00e1stupcami urb\u00e1rov nad Starinou. Tieto snahy m\u00f4\u017eu s\u00favisie\u0165 s nenaplnen\u00fdm s\u013eubom Kuffovcov zn\u00ed\u017ei\u0165 ochranu Polon\u00edn na ich prekategorizovanie na tzv. pr\u00edrodn\u00fd park.&nbsp; Pr\u00edpadn\u00e9 [&hellip;]","og_url":"https:\/\/www.smedemokrati.sk\/sv\/vyzyvame-vladu-aby-neoslabovala-ochranu-strategickeho-zdroja-pitnej-vody-stariny\/","og_site_name":"Smedemokrati.sk","article_publisher":"https:\/\/www.facebook.com\/smedemokrati2023","article_published_time":"2024-10-18T10:21:01+00:00","article_modified_time":"2024-11-19T12:25:26+00:00","og_image":[{"width":649,"height":365,"url":"https:\/\/www.smedemokrati.sk\/wp-content\/uploads\/2024\/08\/stefan-kuffa.jpeg.jpg","type":"image\/jpeg"}],"author":"miro.sopko","twitter_card":"summary_large_image","twitter_misc":{"Skriven av":"miro.sopko","Ber\u00e4knad l\u00e4stid":"2 minuter"},"schema":{"@context":"https:\/\/schema.org","@graph":[{"@type":"Article","@id":"https:\/\/www.smedemokrati.sk\/vyzyvame-vladu-aby-neoslabovala-ochranu-strategickeho-zdroja-pitnej-vody-stariny\/#article","isPartOf":{"@id":"https:\/\/www.smedemokrati.sk\/vyzyvame-vladu-aby-neoslabovala-ochranu-strategickeho-zdroja-pitnej-vody-stariny\/"},"author":{"name":"miro.sopko","@id":"https:\/\/www.smedemokrati.sk\/#\/schema\/person\/21f147c88d605aa7ded900e1e7c344ba"},"headline":"Vyz\u00fdvame vl\u00e1du, aby neoslabovala ochranu strategick\u00e9ho zdroja pitnej vody &#8211; Stariny","datePublished":"2024-10-18T10:21:01+00:00","dateModified":"2024-11-19T12:25:26+00:00","mainEntityOfPage":{"@id":"https:\/\/www.smedemokrati.sk\/vyzyvame-vladu-aby-neoslabovala-ochranu-strategickeho-zdroja-pitnej-vody-stariny\/"},"wordCount":507,"publisher":{"@id":"https:\/\/www.smedemokrati.sk\/#organization"},"image":{"@id":"https:\/\/www.smedemokrati.sk\/vyzyvame-vladu-aby-neoslabovala-ochranu-strategickeho-zdroja-pitnej-vody-stariny\/#primaryimage"},"thumbnailUrl":"https:\/\/www.smedemokrati.sk\/wp-content\/uploads\/2024\/08\/stefan-kuffa.jpeg.jpg","articleSection":["Tla\u010dov\u00e9 spr\u00e1vy"],"inLanguage":"sv-SE"},{"@type":"WebPage","@id":"https:\/\/www.smedemokrati.sk\/vyzyvame-vladu-aby-neoslabovala-ochranu-strategickeho-zdroja-pitnej-vody-stariny\/","url":"https:\/\/www.smedemokrati.sk\/vyzyvame-vladu-aby-neoslabovala-ochranu-strategickeho-zdroja-pitnej-vody-stariny\/","name":"Vyz\u00fdvame vl\u00e1du, aby neoslabovala ochranu strategick\u00e9ho zdroja pitnej vody - Stariny","isPartOf":{"@id":"https:\/\/www.smedemokrati.sk\/#website"},"primaryImageOfPage":{"@id":"https:\/\/www.smedemokrati.sk\/vyzyvame-vladu-aby-neoslabovala-ochranu-strategickeho-zdroja-pitnej-vody-stariny\/#primaryimage"},"image":{"@id":"https:\/\/www.smedemokrati.sk\/vyzyvame-vladu-aby-neoslabovala-ochranu-strategickeho-zdroja-pitnej-vody-stariny\/#primaryimage"},"thumbnailUrl":"https:\/\/www.smedemokrati.sk\/wp-content\/uploads\/2024\/08\/stefan-kuffa.jpeg.jpg","datePublished":"2024-10-18T10:21:01+00:00","dateModified":"2024-11-19T12:25:26+00:00","breadcrumb":{"@id":"https:\/\/www.smedemokrati.sk\/vyzyvame-vladu-aby-neoslabovala-ochranu-strategickeho-zdroja-pitnej-vody-stariny\/#breadcrumb"},"inLanguage":"sv-SE","potentialAction":[{"@type":"ReadAction","target":["https:\/\/www.smedemokrati.sk\/vyzyvame-vladu-aby-neoslabovala-ochranu-strategickeho-zdroja-pitnej-vody-stariny\/"]}]},{"@type":"ImageObject","inLanguage":"sv-SE","@id":"https:\/\/www.smedemokrati.sk\/vyzyvame-vladu-aby-neoslabovala-ochranu-strategickeho-zdroja-pitnej-vody-stariny\/#primaryimage","url":"https:\/\/www.smedemokrati.sk\/wp-content\/uploads\/2024\/08\/stefan-kuffa.jpeg.jpg","contentUrl":"https:\/\/www.smedemokrati.sk\/wp-content\/uploads\/2024\/08\/stefan-kuffa.jpeg.jpg","width":649,"height":365},{"@type":"BreadcrumbList","@id":"https:\/\/www.smedemokrati.sk\/vyzyvame-vladu-aby-neoslabovala-ochranu-strategickeho-zdroja-pitnej-vody-stariny\/#breadcrumb","itemListElement":[{"@type":"ListItem","position":1,"name":"Domovsk\u00e1 str\u00e1nka","item":"https:\/\/www.smedemokrati.sk\/"},{"@type":"ListItem","position":2,"name":"Vyz\u00fdvame vl\u00e1du, aby neoslabovala ochranu strategick\u00e9ho zdroja pitnej vody &#8211; Stariny"}]},{"@type":"WebSite","@id":"https:\/\/www.smedemokrati.sk\/#website","url":"https:\/\/www.smedemokrati.sk\/","name":"Smedemokrati.sk","description":"Demokracia a slu\u0161nos\u0165 zv\u00ed\u0165az\u00ed","publisher":{"@id":"https:\/\/www.smedemokrati.sk\/#organization"},"potentialAction":[{"@type":"SearchAction","target":{"@type":"EntryPoint","urlTemplate":"https:\/\/www.smedemokrati.sk\/?s={search_term_string}"},"query-input":{"@type":"PropertyValueSpecification","valueRequired":true,"valueName":"search_term_string"}}],"inLanguage":"sv-SE"},{"@type":"Organization","@id":"https:\/\/www.smedemokrati.sk\/#organization","name":"Smedemokrati.sk","url":"https:\/\/www.smedemokrati.sk\/","logo":{"@type":"ImageObject","inLanguage":"sv-SE","@id":"https:\/\/www.smedemokrati.sk\/#\/schema\/logo\/image\/","url":"https:\/\/www.smedemokrati.sk\/wp-content\/uploads\/2023\/04\/ff.002.jpeg","contentUrl":"https:\/\/www.smedemokrati.sk\/wp-content\/uploads\/2023\/04\/ff.002.jpeg","width":640,"height":480,"caption":"Smedemokrati.sk"},"image":{"@id":"https:\/\/www.smedemokrati.sk\/#\/schema\/logo\/image\/"},"sameAs":["https:\/\/www.facebook.com\/smedemokrati2023"]},{"@type":"Person","@id":"https:\/\/www.smedemokrati.sk\/#\/schema\/person\/21f147c88d605aa7ded900e1e7c344ba","name":"miro.sopko","image":{"@type":"ImageObject","inLanguage":"sv-SE","@id":"https:\/\/secure.gravatar.com\/avatar\/267e4a36f704376c109afe3a78740c1f5dd8675a2180a908699e7863c9247606?s=96&d=mm&r=g","url":"https:\/\/secure.gravatar.com\/avatar\/267e4a36f704376c109afe3a78740c1f5dd8675a2180a908699e7863c9247606?s=96&d=mm&r=g","contentUrl":"https:\/\/secure.gravatar.com\/avatar\/267e4a36f704376c109afe3a78740c1f5dd8675a2180a908699e7863c9247606?s=96&d=mm&r=g","caption":"miro.sopko"},"url":"https:\/\/www.smedemokrati.sk\/sv\/author\/miro-sopko\/"}]}},"_links":{"self":[{"href":"https:\/\/www.smedemokrati.sk\/sv\/wp-json\/wp\/v2\/posts\/5375","targetHints":{"allow":["GET"]}}],"collection":[{"href":"https:\/\/www.smedemokrati.sk\/sv\/wp-json\/wp\/v2\/posts"}],"about":[{"href":"https:\/\/www.smedemokrati.sk\/sv\/wp-json\/wp\/v2\/types\/post"}],"author":[{"embeddable":true,"href":"https:\/\/www.smedemokrati.sk\/sv\/wp-json\/wp\/v2\/users\/13"}],"replies":[{"embeddable":true,"href":"https:\/\/www.smedemokrati.sk\/sv\/wp-json\/wp\/v2\/comments?post=5375"}],"version-history":[{"count":1,"href":"https:\/\/www.smedemokrati.sk\/sv\/wp-json\/wp\/v2\/posts\/5375\/revisions"}],"predecessor-version":[{"id":5376,"href":"https:\/\/www.smedemokrati.sk\/sv\/wp-json\/wp\/v2\/posts\/5375\/revisions\/5376"}],"wp:featuredmedia":[{"embeddable":true,"href":"https:\/\/www.smedemokrati.sk\/sv\/wp-json\/wp\/v2\/media\/4937"}],"wp:attachment":[{"href":"https:\/\/www.smedemokrati.sk\/sv\/wp-json\/wp\/v2\/media?parent=5375"}],"wp:term":[{"taxonomy":"category","embeddable":true,"href":"https:\/\/www.smedemokrati.sk\/sv\/wp-json\/wp\/v2\/categories?post=5375"},{"taxonomy":"post_tag","embeddable":true,"href":"https:\/\/www.smedemokrati.sk\/sv\/wp-json\/wp\/v2\/tags?post=5375"}],"curies":[{"name":"wp","href":"https:\/\/api.w.org\/{rel}","templated":true}]}}