{"id":5361,"date":"2024-10-16T13:28:37","date_gmt":"2024-10-16T12:28:37","guid":{"rendered":"https:\/\/www.smedemokrati.sk\/?p=5361"},"modified":"2024-11-19T13:25:35","modified_gmt":"2024-11-19T12:25:35","slug":"vlada-pre-pekarov-a-podohospodarov-vyclenila-historicky-najmenej-penazi-ceny-potravin-pojdu-hore","status":"publish","type":"post","link":"https:\/\/www.smedemokrati.sk\/sv\/vlada-pre-pekarov-a-podohospodarov-vyclenila-historicky-najmenej-penazi-ceny-potravin-pojdu-hore\/","title":{"rendered":"Vl\u00e1da pre pek\u00e1rov a p\u00f4dohospod\u00e1rov vy\u010dlenila historicky najmenej pe\u0148az\u00ed, ceny potrav\u00edn p\u00f4jdu hore"},"content":{"rendered":"<div id=\"fb-root\"><\/div>\n\n<p><strong>Na Svetov\u00fd de\u0148 chleba priniesli Demokrati pred \u00farad vl\u00e1dy mal\u00fd bochn\u00edk, ako symbol nez\u00e1ujmu a ne\u010dinnosti vl\u00e1dy o pek\u00e1rov a p\u00f4dohospod\u00e1rov v\u0161eobecne. Zdoben\u00fd bol \u010d\u00edslovkou 54 \u010do predstavuje bud\u00facoro\u010dn\u00fd bal\u00edk \u0161t\u00e1tnej pomoci pre cel\u00fd tento sektor. Demokrati kritizuj\u00fa Roberta Fica, \u017ee namiesto re\u00e1lnych rie\u0161en\u00ed pre drah\u00e9 potraviny sa len fot\u00ed, podpisuje bezobsa\u017en\u00e9 memorand\u00e1 a dodnes nepredstavil \u017eiaden re\u00e1lny pl\u00e1n, ako zn\u00ed\u017ei\u0165 drastick\u00e9 ceny potrav\u00edn a t\u00fdm aj kone\u010dne splni\u0165 svoje predvolebn\u00e9 s\u013euby.&nbsp;<\/strong><\/p>\n\n\n\n<p><em>\u201eVl\u00e1da Roberta Fica sa rozhodla dusi\u0165 potravin\u00e1rov preto\u017ee zav\u00e1dza nov\u00e9 dane, nov\u00e9 poplatky a v\u0161etky v\u00fdrobn\u00e9 vstupy, napr\u00edklad ceny energi\u00ed id\u00fa hore. To v\u0161etko sa premietne do cien potrav\u00edn, ktor\u00e9 s\u00fa u\u017e dnes na hranici konkurencieschopnosti so zahrani\u010d\u00edm. T\u00e1to vl\u00e1da nepom\u00e1ha potravin\u00e1rom, naopak \u017eenie ich k likvid\u00e1cii. Robert Fico navy\u0161e, kon\u00e1 v rozpore s vlastn\u00fdm programov\u00fdm vyhl\u00e1sen\u00edm vl\u00e1dy kde sa zaviazal pom\u00f4c\u0165 tomuto sektoru,\u201d<\/em>\u00a0hovor\u00ed b\u00fdval\u00fd predseda vl\u00e1dy a dnes podpredseda Demokratov Eduard Heger.<\/p>\n\n\n\n<p>Michal Ki\u010da z predsedn\u00edctva strany hovor\u00ed, \u017ee pre sektor je vy\u010dlenen\u00fd neadekv\u00e1tny bal\u00edk pe\u0148az\u00ed, ktor\u00fd cel\u00fa situ\u00e1ciu e\u0161te dramatizuje:\u00a0<em>\u201eV bud\u00facoro\u010dnom rozpo\u010dte je pre cel\u00fd potravin\u00e1rsky a p\u00f4dohospod\u00e1rsky sektor na \u0161t\u00e1tnu pomoc vy\u010dlenen\u00fdch len 54 mili\u00f3nov eur. To je suma, ktor\u00e1 je najni\u017e\u0161ia za posledn\u00e9 roky. Len v roku 2022 sme za na\u0161ej vl\u00e1dy pripravili pre t\u00fato oblas\u0165 skoro 150 mili\u00f3nov eur. Naproti tomu \u201cInstagramov\u00fd minister\u201d Tak\u00e1\u010d nepredlo\u017eil ani jeden jedin\u00fd n\u00e1vrh z\u00e1kona na zn\u00ed\u017eenie cien potrav\u00edn, nech\u00e1va prepadn\u00fa\u0165 1 mld. eur eur\u00f3pskych dot\u00e1ci\u00ed, ktor\u00e9 mohli vyu\u017ei\u0165 aj pek\u00e1ri a viedli by k zlacneniu aj tak\u00e9ho chleba. Vl\u00e1da prijala naposledy nejak\u00e9 uznesenie k potravin\u00e1m v decembri 2023, aj to \u00faplne bezobsa\u017en\u00e9. Je to \u0161kand\u00e1l najhrub\u0161ieho zrna,\u201d<\/em>\u00a0hovor\u00ed Michal Ki\u010da a dod\u00e1va, \u017ee \u00falohou premi\u00e9ra Fica nie je piec\u0165 chlieb a podpisova\u0165 pr\u00e1zdne memorand\u00e1, ale robi\u0165 re\u00e1lne kroky na zlep\u0161enie teraj\u0161ej situ\u00e1cie, \u010do sa v\u0161ak do dne\u0161n\u00e9ho d\u0148a nepodarilo. Premi\u00e9rovi sme predstavili 11 konkr\u00e9tnych opatren\u00ed, ktor\u00e9 si m\u00f4\u017ee osvoji\u0165.<\/p>\n\n\n\n<p>\u010clen strany Dominik Sumbal hovor\u00ed, \u017ee pod\u013ea \u0161tatist\u00edk bud\u00fa ceny z\u00e1kladn\u00fdch potrav\u00edn od bud\u00faceho roka e\u0161te vy\u0161\u0161ie:\u00a0<em>\u201eKilo chleba dnes stoj\u00ed v priemere 2,70 eur a bud\u00faci rok si e\u0161te priplat\u00edme. Chlieb bude pre politiku Roberta Fica, soci\u00e1lneho netvora, na \u00farovni okolo 3,20 eur. Namiesto re\u00e1lnej pr\u00e1ce podpisuje Robert Fico memorand\u00e1, akoby ich nebolo u\u017e dos\u0165, ostatn\u00e9 napr\u00edklad memorandum so zdravotn\u00edkmi, z ktor\u00e9ho si urobil trhac\u00ed kalend\u00e1r a nesplnil absol\u00fatne ni\u010d. Na t\u00fato politiku a neschopnos\u0165 doplat\u00edme v\u0161etci, a to doslova.\u201d<\/em><\/p>\n\n\n\n<figure class=\"wp-block-embed is-type-video is-provider-youtube wp-block-embed-youtube wp-embed-aspect-16-9 wp-has-aspect-ratio\"><div class=\"wp-block-embed__wrapper\">\n<iframe title=\"16. okt\u00f3bra 2024\" width=\"500\" height=\"281\" src=\"https:\/\/www.youtube.com\/embed\/XqFiqLROPfM?feature=oembed\" frameborder=\"0\" allow=\"accelerometer; autoplay; clipboard-write; encrypted-media; gyroscope; picture-in-picture; web-share\" referrerpolicy=\"strict-origin-when-cross-origin\" allowfullscreen><\/iframe>\n<\/div><\/figure>\n","protected":false},"excerpt":{"rendered":"<p>Na Svetov\u00fd de\u0148 chleba priniesli Demokrati pred \u00farad vl\u00e1dy mal\u00fd bochn\u00edk, ako symbol nez\u00e1ujmu a ne\u010dinnosti vl\u00e1dy o pek\u00e1rov a p\u00f4dohospod\u00e1rov v\u0161eobecne. Zdoben\u00fd bol \u010d\u00edslovkou 54 \u010do predstavuje bud\u00facoro\u010dn\u00fd bal\u00edk \u0161t\u00e1tnej pomoci pre cel\u00fd tento sektor. Demokrati kritizuj\u00fa Roberta Fica, \u017ee namiesto re\u00e1lnych rie\u0161en\u00ed pre drah\u00e9 potraviny sa len fot\u00ed, podpisuje bezobsa\u017en\u00e9 memorand\u00e1 a dodnes [&hellip;]<\/p>\n","protected":false},"author":13,"featured_media":5362,"comment_status":"closed","ping_status":"closed","sticky":false,"template":"","format":"standard","meta":{"_acf_changed":false,"ngg_post_thumbnail":0,"footnotes":""},"categories":[4],"tags":[],"class_list":["post-5361","post","type-post","status-publish","format-standard","has-post-thumbnail","hentry","category-tlacove-spravy"],"acf":[],"yoast_head":"<!-- This site is optimized with the Yoast SEO plugin v27.2 - https:\/\/yoast.com\/product\/yoast-seo-wordpress\/ -->\n<title>Vl\u00e1da pre pek\u00e1rov a p\u00f4dohospod\u00e1rov vy\u010dlenila historicky najmenej pe\u0148az\u00ed, ceny potrav\u00edn p\u00f4jdu hore<\/title>\n<meta name=\"robots\" content=\"index, follow, max-snippet:-1, max-image-preview:large, max-video-preview:-1\" \/>\n<link rel=\"canonical\" href=\"https:\/\/www.smedemokrati.sk\/sv\/vlada-pre-pekarov-a-podohospodarov-vyclenila-historicky-najmenej-penazi-ceny-potravin-pojdu-hore\/\" \/>\n<meta property=\"og:locale\" content=\"sv_SE\" \/>\n<meta property=\"og:locale:alternate\" content=\"en_US\" \/>\n<meta property=\"og:locale:alternate\" content=\"cs_CZ\" \/>\n<meta property=\"og:locale:alternate\" content=\"hu_HU\" \/>\n<meta property=\"og:locale:alternate\" content=\"sk_SK\" \/>\n<meta property=\"og:type\" content=\"article\" \/>\n<meta property=\"og:title\" content=\"Vl\u00e1da pre pek\u00e1rov a p\u00f4dohospod\u00e1rov vy\u010dlenila historicky najmenej pe\u0148az\u00ed, ceny potrav\u00edn p\u00f4jdu hore\" \/>\n<meta property=\"og:description\" content=\"Na Svetov\u00fd de\u0148 chleba priniesli Demokrati pred \u00farad vl\u00e1dy mal\u00fd bochn\u00edk, ako symbol nez\u00e1ujmu a ne\u010dinnosti vl\u00e1dy o pek\u00e1rov a p\u00f4dohospod\u00e1rov v\u0161eobecne. Zdoben\u00fd bol \u010d\u00edslovkou 54 \u010do predstavuje bud\u00facoro\u010dn\u00fd bal\u00edk \u0161t\u00e1tnej pomoci pre cel\u00fd tento sektor. Demokrati kritizuj\u00fa Roberta Fica, \u017ee namiesto re\u00e1lnych rie\u0161en\u00ed pre drah\u00e9 potraviny sa len fot\u00ed, podpisuje bezobsa\u017en\u00e9 memorand\u00e1 a dodnes [&hellip;]\" \/>\n<meta property=\"og:url\" content=\"https:\/\/www.smedemokrati.sk\/sv\/vlada-pre-pekarov-a-podohospodarov-vyclenila-historicky-najmenej-penazi-ceny-potravin-pojdu-hore\/\" \/>\n<meta property=\"og:site_name\" content=\"Smedemokrati.sk\" \/>\n<meta property=\"article:publisher\" content=\"https:\/\/www.facebook.com\/smedemokrati2023\" \/>\n<meta property=\"article:published_time\" content=\"2024-10-16T12:28:37+00:00\" \/>\n<meta property=\"article:modified_time\" content=\"2024-11-19T12:25:35+00:00\" \/>\n<meta property=\"og:image\" content=\"https:\/\/www.smedemokrati.sk\/wp-content\/uploads\/2024\/10\/chlieb_pre_Fica.jpg\" \/>\n\t<meta property=\"og:image:width\" content=\"1031\" \/>\n\t<meta property=\"og:image:height\" content=\"648\" \/>\n\t<meta property=\"og:image:type\" content=\"image\/jpeg\" \/>\n<meta name=\"author\" content=\"miro.sopko\" \/>\n<meta name=\"twitter:card\" content=\"summary_large_image\" \/>\n<meta name=\"twitter:label1\" content=\"Skriven av\" \/>\n\t<meta name=\"twitter:data1\" content=\"miro.sopko\" \/>\n\t<meta name=\"twitter:label2\" content=\"Ber\u00e4knad l\u00e4stid\" \/>\n\t<meta name=\"twitter:data2\" content=\"3 minuter\" \/>\n<script type=\"application\/ld+json\" class=\"yoast-schema-graph\">{\"@context\":\"https:\/\/schema.org\",\"@graph\":[{\"@type\":\"Article\",\"@id\":\"https:\/\/www.smedemokrati.sk\/vlada-pre-pekarov-a-podohospodarov-vyclenila-historicky-najmenej-penazi-ceny-potravin-pojdu-hore\/#article\",\"isPartOf\":{\"@id\":\"https:\/\/www.smedemokrati.sk\/vlada-pre-pekarov-a-podohospodarov-vyclenila-historicky-najmenej-penazi-ceny-potravin-pojdu-hore\/\"},\"author\":{\"name\":\"miro.sopko\",\"@id\":\"https:\/\/www.smedemokrati.sk\/#\/schema\/person\/21f147c88d605aa7ded900e1e7c344ba\"},\"headline\":\"Vl\u00e1da pre pek\u00e1rov a p\u00f4dohospod\u00e1rov vy\u010dlenila historicky najmenej pe\u0148az\u00ed, ceny potrav\u00edn p\u00f4jdu hore\",\"datePublished\":\"2024-10-16T12:28:37+00:00\",\"dateModified\":\"2024-11-19T12:25:35+00:00\",\"mainEntityOfPage\":{\"@id\":\"https:\/\/www.smedemokrati.sk\/vlada-pre-pekarov-a-podohospodarov-vyclenila-historicky-najmenej-penazi-ceny-potravin-pojdu-hore\/\"},\"wordCount\":531,\"publisher\":{\"@id\":\"https:\/\/www.smedemokrati.sk\/#organization\"},\"image\":{\"@id\":\"https:\/\/www.smedemokrati.sk\/vlada-pre-pekarov-a-podohospodarov-vyclenila-historicky-najmenej-penazi-ceny-potravin-pojdu-hore\/#primaryimage\"},\"thumbnailUrl\":\"https:\/\/www.smedemokrati.sk\/wp-content\/uploads\/2024\/10\/chlieb_pre_Fica.jpg\",\"articleSection\":[\"Tla\u010dov\u00e9 spr\u00e1vy\"],\"inLanguage\":\"sv-SE\"},{\"@type\":\"WebPage\",\"@id\":\"https:\/\/www.smedemokrati.sk\/vlada-pre-pekarov-a-podohospodarov-vyclenila-historicky-najmenej-penazi-ceny-potravin-pojdu-hore\/\",\"url\":\"https:\/\/www.smedemokrati.sk\/vlada-pre-pekarov-a-podohospodarov-vyclenila-historicky-najmenej-penazi-ceny-potravin-pojdu-hore\/\",\"name\":\"Vl\u00e1da pre pek\u00e1rov a p\u00f4dohospod\u00e1rov vy\u010dlenila historicky najmenej pe\u0148az\u00ed, ceny potrav\u00edn p\u00f4jdu hore\",\"isPartOf\":{\"@id\":\"https:\/\/www.smedemokrati.sk\/#website\"},\"primaryImageOfPage\":{\"@id\":\"https:\/\/www.smedemokrati.sk\/vlada-pre-pekarov-a-podohospodarov-vyclenila-historicky-najmenej-penazi-ceny-potravin-pojdu-hore\/#primaryimage\"},\"image\":{\"@id\":\"https:\/\/www.smedemokrati.sk\/vlada-pre-pekarov-a-podohospodarov-vyclenila-historicky-najmenej-penazi-ceny-potravin-pojdu-hore\/#primaryimage\"},\"thumbnailUrl\":\"https:\/\/www.smedemokrati.sk\/wp-content\/uploads\/2024\/10\/chlieb_pre_Fica.jpg\",\"datePublished\":\"2024-10-16T12:28:37+00:00\",\"dateModified\":\"2024-11-19T12:25:35+00:00\",\"breadcrumb\":{\"@id\":\"https:\/\/www.smedemokrati.sk\/vlada-pre-pekarov-a-podohospodarov-vyclenila-historicky-najmenej-penazi-ceny-potravin-pojdu-hore\/#breadcrumb\"},\"inLanguage\":\"sv-SE\",\"potentialAction\":[{\"@type\":\"ReadAction\",\"target\":[\"https:\/\/www.smedemokrati.sk\/vlada-pre-pekarov-a-podohospodarov-vyclenila-historicky-najmenej-penazi-ceny-potravin-pojdu-hore\/\"]}]},{\"@type\":\"ImageObject\",\"inLanguage\":\"sv-SE\",\"@id\":\"https:\/\/www.smedemokrati.sk\/vlada-pre-pekarov-a-podohospodarov-vyclenila-historicky-najmenej-penazi-ceny-potravin-pojdu-hore\/#primaryimage\",\"url\":\"https:\/\/www.smedemokrati.sk\/wp-content\/uploads\/2024\/10\/chlieb_pre_Fica.jpg\",\"contentUrl\":\"https:\/\/www.smedemokrati.sk\/wp-content\/uploads\/2024\/10\/chlieb_pre_Fica.jpg\",\"width\":1031,\"height\":648},{\"@type\":\"BreadcrumbList\",\"@id\":\"https:\/\/www.smedemokrati.sk\/vlada-pre-pekarov-a-podohospodarov-vyclenila-historicky-najmenej-penazi-ceny-potravin-pojdu-hore\/#breadcrumb\",\"itemListElement\":[{\"@type\":\"ListItem\",\"position\":1,\"name\":\"Domovsk\u00e1 str\u00e1nka\",\"item\":\"https:\/\/www.smedemokrati.sk\/\"},{\"@type\":\"ListItem\",\"position\":2,\"name\":\"Vl\u00e1da pre pek\u00e1rov a p\u00f4dohospod\u00e1rov vy\u010dlenila historicky najmenej pe\u0148az\u00ed, ceny potrav\u00edn p\u00f4jdu hore\"}]},{\"@type\":\"WebSite\",\"@id\":\"https:\/\/www.smedemokrati.sk\/#website\",\"url\":\"https:\/\/www.smedemokrati.sk\/\",\"name\":\"Smedemokrati.sk\",\"description\":\"Demokracia a slu\u0161nos\u0165 zv\u00ed\u0165az\u00ed\",\"publisher\":{\"@id\":\"https:\/\/www.smedemokrati.sk\/#organization\"},\"potentialAction\":[{\"@type\":\"SearchAction\",\"target\":{\"@type\":\"EntryPoint\",\"urlTemplate\":\"https:\/\/www.smedemokrati.sk\/?s={search_term_string}\"},\"query-input\":{\"@type\":\"PropertyValueSpecification\",\"valueRequired\":true,\"valueName\":\"search_term_string\"}}],\"inLanguage\":\"sv-SE\"},{\"@type\":\"Organization\",\"@id\":\"https:\/\/www.smedemokrati.sk\/#organization\",\"name\":\"Smedemokrati.sk\",\"url\":\"https:\/\/www.smedemokrati.sk\/\",\"logo\":{\"@type\":\"ImageObject\",\"inLanguage\":\"sv-SE\",\"@id\":\"https:\/\/www.smedemokrati.sk\/#\/schema\/logo\/image\/\",\"url\":\"https:\/\/www.smedemokrati.sk\/wp-content\/uploads\/2023\/04\/ff.002.jpeg\",\"contentUrl\":\"https:\/\/www.smedemokrati.sk\/wp-content\/uploads\/2023\/04\/ff.002.jpeg\",\"width\":640,\"height\":480,\"caption\":\"Smedemokrati.sk\"},\"image\":{\"@id\":\"https:\/\/www.smedemokrati.sk\/#\/schema\/logo\/image\/\"},\"sameAs\":[\"https:\/\/www.facebook.com\/smedemokrati2023\"]},{\"@type\":\"Person\",\"@id\":\"https:\/\/www.smedemokrati.sk\/#\/schema\/person\/21f147c88d605aa7ded900e1e7c344ba\",\"name\":\"miro.sopko\",\"image\":{\"@type\":\"ImageObject\",\"inLanguage\":\"sv-SE\",\"@id\":\"https:\/\/secure.gravatar.com\/avatar\/267e4a36f704376c109afe3a78740c1f5dd8675a2180a908699e7863c9247606?s=96&d=mm&r=g\",\"url\":\"https:\/\/secure.gravatar.com\/avatar\/267e4a36f704376c109afe3a78740c1f5dd8675a2180a908699e7863c9247606?s=96&d=mm&r=g\",\"contentUrl\":\"https:\/\/secure.gravatar.com\/avatar\/267e4a36f704376c109afe3a78740c1f5dd8675a2180a908699e7863c9247606?s=96&d=mm&r=g\",\"caption\":\"miro.sopko\"},\"url\":\"https:\/\/www.smedemokrati.sk\/sv\/author\/miro-sopko\/\"}]}<\/script>\n<!-- \/ Yoast SEO plugin. -->","yoast_head_json":{"title":"Vl\u00e1da pre pek\u00e1rov a p\u00f4dohospod\u00e1rov vy\u010dlenila historicky najmenej pe\u0148az\u00ed, ceny potrav\u00edn p\u00f4jdu hore","robots":{"index":"index","follow":"follow","max-snippet":"max-snippet:-1","max-image-preview":"max-image-preview:large","max-video-preview":"max-video-preview:-1"},"canonical":"https:\/\/www.smedemokrati.sk\/sv\/vlada-pre-pekarov-a-podohospodarov-vyclenila-historicky-najmenej-penazi-ceny-potravin-pojdu-hore\/","og_locale":"sv_SE","og_type":"article","og_title":"[:sk]Vl\u00e1da pre pek\u00e1rov a p\u00f4dohospod\u00e1rov vy\u010dlenila historicky najmenej pe\u0148az\u00ed, ceny potrav\u00edn p\u00f4jdu hore[:] - Smedemokrati.sk","og_description":"Na Svetov\u00fd de\u0148 chleba priniesli Demokrati pred \u00farad vl\u00e1dy mal\u00fd bochn\u00edk, ako symbol nez\u00e1ujmu a ne\u010dinnosti vl\u00e1dy o pek\u00e1rov a p\u00f4dohospod\u00e1rov v\u0161eobecne. Zdoben\u00fd bol \u010d\u00edslovkou 54 \u010do predstavuje bud\u00facoro\u010dn\u00fd bal\u00edk \u0161t\u00e1tnej pomoci pre cel\u00fd tento sektor. Demokrati kritizuj\u00fa Roberta Fica, \u017ee namiesto re\u00e1lnych rie\u0161en\u00ed pre drah\u00e9 potraviny sa len fot\u00ed, podpisuje bezobsa\u017en\u00e9 memorand\u00e1 a dodnes [&hellip;]","og_url":"https:\/\/www.smedemokrati.sk\/sv\/vlada-pre-pekarov-a-podohospodarov-vyclenila-historicky-najmenej-penazi-ceny-potravin-pojdu-hore\/","og_site_name":"Smedemokrati.sk","article_publisher":"https:\/\/www.facebook.com\/smedemokrati2023","article_published_time":"2024-10-16T12:28:37+00:00","article_modified_time":"2024-11-19T12:25:35+00:00","og_image":[{"width":1031,"height":648,"url":"https:\/\/www.smedemokrati.sk\/wp-content\/uploads\/2024\/10\/chlieb_pre_Fica.jpg","type":"image\/jpeg"}],"author":"miro.sopko","twitter_card":"summary_large_image","twitter_misc":{"Skriven av":"miro.sopko","Ber\u00e4knad l\u00e4stid":"3 minuter"},"schema":{"@context":"https:\/\/schema.org","@graph":[{"@type":"Article","@id":"https:\/\/www.smedemokrati.sk\/vlada-pre-pekarov-a-podohospodarov-vyclenila-historicky-najmenej-penazi-ceny-potravin-pojdu-hore\/#article","isPartOf":{"@id":"https:\/\/www.smedemokrati.sk\/vlada-pre-pekarov-a-podohospodarov-vyclenila-historicky-najmenej-penazi-ceny-potravin-pojdu-hore\/"},"author":{"name":"miro.sopko","@id":"https:\/\/www.smedemokrati.sk\/#\/schema\/person\/21f147c88d605aa7ded900e1e7c344ba"},"headline":"Vl\u00e1da pre pek\u00e1rov a p\u00f4dohospod\u00e1rov vy\u010dlenila historicky najmenej pe\u0148az\u00ed, ceny potrav\u00edn p\u00f4jdu hore","datePublished":"2024-10-16T12:28:37+00:00","dateModified":"2024-11-19T12:25:35+00:00","mainEntityOfPage":{"@id":"https:\/\/www.smedemokrati.sk\/vlada-pre-pekarov-a-podohospodarov-vyclenila-historicky-najmenej-penazi-ceny-potravin-pojdu-hore\/"},"wordCount":531,"publisher":{"@id":"https:\/\/www.smedemokrati.sk\/#organization"},"image":{"@id":"https:\/\/www.smedemokrati.sk\/vlada-pre-pekarov-a-podohospodarov-vyclenila-historicky-najmenej-penazi-ceny-potravin-pojdu-hore\/#primaryimage"},"thumbnailUrl":"https:\/\/www.smedemokrati.sk\/wp-content\/uploads\/2024\/10\/chlieb_pre_Fica.jpg","articleSection":["Tla\u010dov\u00e9 spr\u00e1vy"],"inLanguage":"sv-SE"},{"@type":"WebPage","@id":"https:\/\/www.smedemokrati.sk\/vlada-pre-pekarov-a-podohospodarov-vyclenila-historicky-najmenej-penazi-ceny-potravin-pojdu-hore\/","url":"https:\/\/www.smedemokrati.sk\/vlada-pre-pekarov-a-podohospodarov-vyclenila-historicky-najmenej-penazi-ceny-potravin-pojdu-hore\/","name":"Vl\u00e1da pre pek\u00e1rov a p\u00f4dohospod\u00e1rov vy\u010dlenila historicky najmenej pe\u0148az\u00ed, ceny potrav\u00edn p\u00f4jdu hore","isPartOf":{"@id":"https:\/\/www.smedemokrati.sk\/#website"},"primaryImageOfPage":{"@id":"https:\/\/www.smedemokrati.sk\/vlada-pre-pekarov-a-podohospodarov-vyclenila-historicky-najmenej-penazi-ceny-potravin-pojdu-hore\/#primaryimage"},"image":{"@id":"https:\/\/www.smedemokrati.sk\/vlada-pre-pekarov-a-podohospodarov-vyclenila-historicky-najmenej-penazi-ceny-potravin-pojdu-hore\/#primaryimage"},"thumbnailUrl":"https:\/\/www.smedemokrati.sk\/wp-content\/uploads\/2024\/10\/chlieb_pre_Fica.jpg","datePublished":"2024-10-16T12:28:37+00:00","dateModified":"2024-11-19T12:25:35+00:00","breadcrumb":{"@id":"https:\/\/www.smedemokrati.sk\/vlada-pre-pekarov-a-podohospodarov-vyclenila-historicky-najmenej-penazi-ceny-potravin-pojdu-hore\/#breadcrumb"},"inLanguage":"sv-SE","potentialAction":[{"@type":"ReadAction","target":["https:\/\/www.smedemokrati.sk\/vlada-pre-pekarov-a-podohospodarov-vyclenila-historicky-najmenej-penazi-ceny-potravin-pojdu-hore\/"]}]},{"@type":"ImageObject","inLanguage":"sv-SE","@id":"https:\/\/www.smedemokrati.sk\/vlada-pre-pekarov-a-podohospodarov-vyclenila-historicky-najmenej-penazi-ceny-potravin-pojdu-hore\/#primaryimage","url":"https:\/\/www.smedemokrati.sk\/wp-content\/uploads\/2024\/10\/chlieb_pre_Fica.jpg","contentUrl":"https:\/\/www.smedemokrati.sk\/wp-content\/uploads\/2024\/10\/chlieb_pre_Fica.jpg","width":1031,"height":648},{"@type":"BreadcrumbList","@id":"https:\/\/www.smedemokrati.sk\/vlada-pre-pekarov-a-podohospodarov-vyclenila-historicky-najmenej-penazi-ceny-potravin-pojdu-hore\/#breadcrumb","itemListElement":[{"@type":"ListItem","position":1,"name":"Domovsk\u00e1 str\u00e1nka","item":"https:\/\/www.smedemokrati.sk\/"},{"@type":"ListItem","position":2,"name":"Vl\u00e1da pre pek\u00e1rov a p\u00f4dohospod\u00e1rov vy\u010dlenila historicky najmenej pe\u0148az\u00ed, ceny potrav\u00edn p\u00f4jdu hore"}]},{"@type":"WebSite","@id":"https:\/\/www.smedemokrati.sk\/#website","url":"https:\/\/www.smedemokrati.sk\/","name":"Smedemokrati.sk","description":"Demokracia a slu\u0161nos\u0165 zv\u00ed\u0165az\u00ed","publisher":{"@id":"https:\/\/www.smedemokrati.sk\/#organization"},"potentialAction":[{"@type":"SearchAction","target":{"@type":"EntryPoint","urlTemplate":"https:\/\/www.smedemokrati.sk\/?s={search_term_string}"},"query-input":{"@type":"PropertyValueSpecification","valueRequired":true,"valueName":"search_term_string"}}],"inLanguage":"sv-SE"},{"@type":"Organization","@id":"https:\/\/www.smedemokrati.sk\/#organization","name":"Smedemokrati.sk","url":"https:\/\/www.smedemokrati.sk\/","logo":{"@type":"ImageObject","inLanguage":"sv-SE","@id":"https:\/\/www.smedemokrati.sk\/#\/schema\/logo\/image\/","url":"https:\/\/www.smedemokrati.sk\/wp-content\/uploads\/2023\/04\/ff.002.jpeg","contentUrl":"https:\/\/www.smedemokrati.sk\/wp-content\/uploads\/2023\/04\/ff.002.jpeg","width":640,"height":480,"caption":"Smedemokrati.sk"},"image":{"@id":"https:\/\/www.smedemokrati.sk\/#\/schema\/logo\/image\/"},"sameAs":["https:\/\/www.facebook.com\/smedemokrati2023"]},{"@type":"Person","@id":"https:\/\/www.smedemokrati.sk\/#\/schema\/person\/21f147c88d605aa7ded900e1e7c344ba","name":"miro.sopko","image":{"@type":"ImageObject","inLanguage":"sv-SE","@id":"https:\/\/secure.gravatar.com\/avatar\/267e4a36f704376c109afe3a78740c1f5dd8675a2180a908699e7863c9247606?s=96&d=mm&r=g","url":"https:\/\/secure.gravatar.com\/avatar\/267e4a36f704376c109afe3a78740c1f5dd8675a2180a908699e7863c9247606?s=96&d=mm&r=g","contentUrl":"https:\/\/secure.gravatar.com\/avatar\/267e4a36f704376c109afe3a78740c1f5dd8675a2180a908699e7863c9247606?s=96&d=mm&r=g","caption":"miro.sopko"},"url":"https:\/\/www.smedemokrati.sk\/sv\/author\/miro-sopko\/"}]}},"_links":{"self":[{"href":"https:\/\/www.smedemokrati.sk\/sv\/wp-json\/wp\/v2\/posts\/5361","targetHints":{"allow":["GET"]}}],"collection":[{"href":"https:\/\/www.smedemokrati.sk\/sv\/wp-json\/wp\/v2\/posts"}],"about":[{"href":"https:\/\/www.smedemokrati.sk\/sv\/wp-json\/wp\/v2\/types\/post"}],"author":[{"embeddable":true,"href":"https:\/\/www.smedemokrati.sk\/sv\/wp-json\/wp\/v2\/users\/13"}],"replies":[{"embeddable":true,"href":"https:\/\/www.smedemokrati.sk\/sv\/wp-json\/wp\/v2\/comments?post=5361"}],"version-history":[{"count":1,"href":"https:\/\/www.smedemokrati.sk\/sv\/wp-json\/wp\/v2\/posts\/5361\/revisions"}],"predecessor-version":[{"id":5363,"href":"https:\/\/www.smedemokrati.sk\/sv\/wp-json\/wp\/v2\/posts\/5361\/revisions\/5363"}],"wp:featuredmedia":[{"embeddable":true,"href":"https:\/\/www.smedemokrati.sk\/sv\/wp-json\/wp\/v2\/media\/5362"}],"wp:attachment":[{"href":"https:\/\/www.smedemokrati.sk\/sv\/wp-json\/wp\/v2\/media?parent=5361"}],"wp:term":[{"taxonomy":"category","embeddable":true,"href":"https:\/\/www.smedemokrati.sk\/sv\/wp-json\/wp\/v2\/categories?post=5361"},{"taxonomy":"post_tag","embeddable":true,"href":"https:\/\/www.smedemokrati.sk\/sv\/wp-json\/wp\/v2\/tags?post=5361"}],"curies":[{"name":"wp","href":"https:\/\/api.w.org\/{rel}","templated":true}]}}