{"id":5354,"date":"2024-10-15T15:28:28","date_gmt":"2024-10-15T14:28:28","guid":{"rendered":"https:\/\/www.smedemokrati.sk\/?p=5354"},"modified":"2024-11-02T22:33:16","modified_gmt":"2024-11-02T21:33:16","slug":"statny-rozpocet-je-podvodom","status":"publish","type":"post","link":"https:\/\/www.smedemokrati.sk\/sv\/statny-rozpocet-je-podvodom\/","title":{"rendered":"\u0160t\u00e1tny rozpo\u010det je podvodom"},"content":{"rendered":"<div id=\"fb-root\"><\/div>\n\n<p><strong>Strana Demokrati varuje pred nezodpovedn\u00fdm \u0161t\u00e1tnym rozpo\u010dtom a upozor\u0148uje na ohrozenie bezpe\u010dnosti a potravinovej sebesta\u010dnosti Slovenska. \u0160t\u00e1tny rozpo\u010det je pod\u013ea Demokratov podvodom na ob\u010danoch Slovenska.&nbsp;<\/strong><\/p>\n\n\n\n<p>Strana Demokrati kritizuje aktu\u00e1lny n\u00e1vrh \u0161t\u00e1tneho rozpo\u010dtu, ktor\u00fd pod\u013ea predstavite\u013eov strany nespln\u00ed z\u00e1kladn\u00e9 potreby Slovenska a ohrozuje k\u013e\u00fa\u010dov\u00e9 oblasti, ako je bezpe\u010dnos\u0165, po\u013enohospod\u00e1rstvo a potravinov\u00e1 sebesta\u010dnos\u0165.<\/p>\n\n\n\n<p>Podpredseda strany Eduard Heger upozornil, \u017ee navrhovan\u00fd rozpo\u010det neodr\u00e1\u017ea skuto\u010dn\u00e9 potreby ob\u010danov a ch\u00fdba mu jasn\u00fd pl\u00e1n.&nbsp;<em>\u201eTento rozpo\u010det je odtrhnut\u00fd od reality. Ch\u00fdba mu podpora pre ob\u010danov a slovensk\u00e9 firmy, a to v \u010dase, ke\u010f \u010del\u00edme rast\u00facim v\u00fdzvam. Bez toho, aby sme investovali do bud\u00facnosti, Slovensko bude \u010falej zaost\u00e1va\u0165. Vl\u00e1da sa rozhodla konsolidova\u0165, v\u0161eobecne ob\u010danom hovoria, \u017ee je potrebn\u00e9 zvy\u0161ova\u0165 dane, my v\u0161ak dnes nevieme, kam tieto vy\u0161\u0161ie dane bud\u00fa smerova\u0165. Nie je jasn\u00e9, kam p\u00f4jde 1 mld. eur. Vl\u00e1da, ak by chcela naozaj konsolidova\u0165, tak ke\u010f u\u017e zvy\u0161uje dane, tak to cel\u00e9 presmeruje do zni\u017eovania deficitu verejn\u00fdch financi\u00ed. To sa v\u0161ak nedeje. Zost\u00e1va tu rezerva cez 1 mld. eur, o&nbsp;ktorej nikto netu\u0161\u00ed kam smeruje,\u201c<\/em>&nbsp;varoval Heger.<\/p>\n\n\n\n<p>Rovnako dod\u00e1va, \u017ee \u013eudia bud\u00fa vl\u00e1dou o\u017eobra\u010den\u00ed nielen zvy\u0161ovan\u00edm dan\u00ed, ale aj stagn\u00e1ciou ekonomiky a&nbsp;ni\u017e\u0161\u00edm rastom re\u00e1lnych miezd.&nbsp;<em>\u201eNa bud\u00faci rok je odhad rastu miezd len na \u00farovni 0,5%, k\u00fdm tento rok to boli 4%. V&nbsp;praxi pri odhadovanej infl\u00e1cii to znamen\u00e1, \u017ee \u013eudia bud\u00fa chudobnej\u0161\u00ed. Dotkne sa to v\u0161etk\u00fdch a&nbsp;najviac strednej triedy, rod\u00edn s&nbsp;de\u0165mi. Vl\u00e1dna koal\u00edcia hovorila, pri schva\u013eovan\u00ed programov\u00e9ho vyhl\u00e1senia vl\u00e1dy, \u017ee chc\u00fa Slovensko, ktor\u00e9 bude bezpe\u010dnej\u0161ie, pokojnej\u0161ie a&nbsp;prosperuj\u00face. \u0160t\u00e1tny rozpo\u010det, ktor\u00fd dnes schv\u00e1lila vl\u00e1da nezaru\u010duje ni\u010d z&nbsp;jej predvolebn\u00fdch s\u013eubov. Naopak, podv\u00e1dza ob\u010danov,\u201c<\/em>&nbsp;uzatv\u00e1ra podpredseda strany Eduard Heger.<\/p>\n\n\n\n<p>\u010eal\u0161ou ve\u013ekou a&nbsp;v\u00e1\u017enou t\u00e9mou je bezpe\u010dnos\u0165 ob\u010danov. Podpredseda Juraj \u0160eliga zd\u00f4raznil alarmuj\u00facu situ\u00e1ciu v oblasti policajn\u00e9ho zboru a celkov\u00e9ho riadenia rezortu vn\u00fatra.&nbsp;<em>\u201eSlovensko prest\u00e1va by\u0165 bezpe\u010dn\u00e9. M\u00e1me nedostatok policajtov a zlyh\u00e1va mana\u017ement rezortu. Bezpe\u010dnos\u0165 ob\u010danov je z\u00e1kladn\u00e1 \u00faloha \u0161t\u00e1tu, ale s t\u00fdmto rozpo\u010dtom ju nezabezpe\u010d\u00edme, preto\u017ee absol\u00fatne nepo\u010d\u00edta so stabiliz\u00e1ciou policajn\u00e9ho zboru. Vieme, \u017ee od\u00edde do konca roka cez 2000 policajtov. Nevid\u00edme ak\u00fdko\u013evek pl\u00e1n ako stabilizova\u0165 situ\u00e1ciu. Nevid\u00edme tento pl\u00e1n ani v&nbsp;rozpo\u010dte. Naopak, valoriz\u00e1cia platov je zmrazen\u00e1, n\u00e1kupy s\u00fa pochybn\u00e9 a dlhotrvaj\u00face. Lep\u0161ie podmienky pre policajtov s\u00fa teda nedoh\u013eadne a&nbsp;jedin\u00e9 \u010do zauj\u00edma ministra vn\u00fatra \u0160utaja E\u0161toka je ako sa sta\u0165 predsedom parlamentu,\u201c<\/em>&nbsp;uviedol \u0160eliga.<\/p>\n\n\n\n<p>Rovnako v\u00e1\u017ene upozornenie pri\u0161lo od \u010dlena predsedn\u00edctva strany Michal Ki\u010da Demokratov, ktor\u00fd pouk\u00e1zal na zni\u017euj\u00facu sa podporu pre slovensk\u00fdch hospod\u00e1rov a po\u013enohospod\u00e1rov.&nbsp;<em>\u201e\u0160t\u00e1tna podpora klesla na iba 50 mili\u00f3nov eur, zatia\u013e \u010do minister p\u00f4dohospod\u00e1rstva Richard Taka\u010d sa ne\u010dinne prizer\u00e1 tomu, \u017ee Slovensko pri\u0161lo o jednu miliardu z eurofondov. Tieto prostriedky bud\u00fa ch\u00fdba\u0165 slovensk\u00fdm potravin\u00e1rom a po\u013enohospod\u00e1rom, \u010do nevyhnutne povedie k \u010fal\u0161iemu n\u00e1rastu cien potrav\u00edn,\u201c<\/em>&nbsp;zd\u00f4raznil \u010dlen predsedn\u00edctva.<\/p>\n\n\n\n<p>Strana Demokrati preto vyz\u00fdva vl\u00e1du, aby prehodnotila s\u00fa\u010dasn\u00fd n\u00e1vrh rozpo\u010dtu a zabezpe\u010dila, \u017ee financie bud\u00fa efekt\u00edvne investovan\u00e9 do oblast\u00ed, ktor\u00e9 s\u00fa pre ob\u010danov k\u013e\u00fa\u010dov\u00e9, a aby Slovensko neostalo v dlhodobej ekonomickej a bezpe\u010dnostnej kr\u00edze. V&nbsp;tomto duchu strana priprav\u00ed aj pozme\u0148uj\u00face n\u00e1vrhy k&nbsp;\u0161t\u00e1tnemu rozpo\u010dtu, ktor\u00e9 predlo\u017e\u00ed pri rokovan\u00ed o&nbsp;\u0161t\u00e1tnom rozpo\u010dte v&nbsp;N\u00e1rodnej rade Slovenskej republiky.<\/p>\n\n\n<div class=\"fb-video\" data-href=\"https:\/\/fb.watch\/vebTcLccOr\" data-allowfullscreen=\"true\" data-autoplay=\"false\" data-width=\"\" data-show-text=\"false\" data-show-captions=\"true\"><\/div>\n","protected":false},"excerpt":{"rendered":"<p>Strana Demokrati varuje pred nezodpovedn\u00fdm \u0161t\u00e1tnym rozpo\u010dtom a upozor\u0148uje na ohrozenie bezpe\u010dnosti a potravinovej sebesta\u010dnosti Slovenska. \u0160t\u00e1tny rozpo\u010det je pod\u013ea Demokratov podvodom na ob\u010danoch Slovenska.&nbsp; Strana Demokrati kritizuje aktu\u00e1lny n\u00e1vrh \u0161t\u00e1tneho rozpo\u010dtu, ktor\u00fd pod\u013ea predstavite\u013eov strany nespln\u00ed z\u00e1kladn\u00e9 potreby Slovenska a ohrozuje k\u013e\u00fa\u010dov\u00e9 oblasti, ako je bezpe\u010dnos\u0165, po\u013enohospod\u00e1rstvo a potravinov\u00e1 sebesta\u010dnos\u0165. Podpredseda strany Eduard Heger [&hellip;]<\/p>\n","protected":false},"author":13,"featured_media":5355,"comment_status":"closed","ping_status":"closed","sticky":false,"template":"","format":"standard","meta":{"_acf_changed":false,"ngg_post_thumbnail":0,"footnotes":""},"categories":[4],"tags":[],"class_list":["post-5354","post","type-post","status-publish","format-standard","has-post-thumbnail","hentry","category-tlacove-spravy"],"acf":[],"yoast_head":"<!-- This site is optimized with the Yoast SEO plugin v27.2 - https:\/\/yoast.com\/product\/yoast-seo-wordpress\/ -->\n<title>\u0160t\u00e1tny rozpo\u010det je podvodom<\/title>\n<meta name=\"robots\" content=\"index, follow, max-snippet:-1, max-image-preview:large, max-video-preview:-1\" \/>\n<link rel=\"canonical\" href=\"https:\/\/www.smedemokrati.sk\/sv\/statny-rozpocet-je-podvodom\/\" \/>\n<meta property=\"og:locale\" content=\"sv_SE\" \/>\n<meta property=\"og:locale:alternate\" content=\"en_US\" \/>\n<meta property=\"og:locale:alternate\" content=\"cs_CZ\" \/>\n<meta property=\"og:locale:alternate\" content=\"hu_HU\" \/>\n<meta property=\"og:locale:alternate\" content=\"sk_SK\" \/>\n<meta property=\"og:type\" content=\"article\" \/>\n<meta property=\"og:title\" content=\"\u0160t\u00e1tny rozpo\u010det je podvodom\" \/>\n<meta property=\"og:description\" content=\"Strana Demokrati varuje pred nezodpovedn\u00fdm \u0161t\u00e1tnym rozpo\u010dtom a upozor\u0148uje na ohrozenie bezpe\u010dnosti a potravinovej sebesta\u010dnosti Slovenska. \u0160t\u00e1tny rozpo\u010det je pod\u013ea Demokratov podvodom na ob\u010danoch Slovenska.&nbsp; Strana Demokrati kritizuje aktu\u00e1lny n\u00e1vrh \u0161t\u00e1tneho rozpo\u010dtu, ktor\u00fd pod\u013ea predstavite\u013eov strany nespln\u00ed z\u00e1kladn\u00e9 potreby Slovenska a ohrozuje k\u013e\u00fa\u010dov\u00e9 oblasti, ako je bezpe\u010dnos\u0165, po\u013enohospod\u00e1rstvo a potravinov\u00e1 sebesta\u010dnos\u0165. Podpredseda strany Eduard Heger [&hellip;]\" \/>\n<meta property=\"og:url\" content=\"https:\/\/www.smedemokrati.sk\/sv\/statny-rozpocet-je-podvodom\/\" \/>\n<meta property=\"og:site_name\" content=\"Smedemokrati.sk\" \/>\n<meta property=\"article:publisher\" content=\"https:\/\/www.facebook.com\/smedemokrati2023\" \/>\n<meta property=\"article:published_time\" content=\"2024-10-15T14:28:28+00:00\" \/>\n<meta property=\"article:modified_time\" content=\"2024-11-02T21:33:16+00:00\" \/>\n<meta property=\"og:image\" content=\"https:\/\/www.smedemokrati.sk\/wp-content\/uploads\/2024\/10\/vlada-skrti-ekonomiku.jpg\" \/>\n\t<meta property=\"og:image:width\" content=\"1401\" \/>\n\t<meta property=\"og:image:height\" content=\"826\" \/>\n\t<meta property=\"og:image:type\" content=\"image\/jpeg\" \/>\n<meta name=\"author\" content=\"miro.sopko\" \/>\n<meta name=\"twitter:card\" content=\"summary_large_image\" \/>\n<meta name=\"twitter:label1\" content=\"Skriven av\" \/>\n\t<meta name=\"twitter:data1\" content=\"miro.sopko\" \/>\n\t<meta name=\"twitter:label2\" content=\"Ber\u00e4knad l\u00e4stid\" \/>\n\t<meta name=\"twitter:data2\" content=\"3 minuter\" \/>\n<script type=\"application\/ld+json\" class=\"yoast-schema-graph\">{\"@context\":\"https:\/\/schema.org\",\"@graph\":[{\"@type\":\"Article\",\"@id\":\"https:\/\/www.smedemokrati.sk\/statny-rozpocet-je-podvodom\/#article\",\"isPartOf\":{\"@id\":\"https:\/\/www.smedemokrati.sk\/statny-rozpocet-je-podvodom\/\"},\"author\":{\"name\":\"miro.sopko\",\"@id\":\"https:\/\/www.smedemokrati.sk\/#\/schema\/person\/21f147c88d605aa7ded900e1e7c344ba\"},\"headline\":\"\u0160t\u00e1tny rozpo\u010det je podvodom\",\"datePublished\":\"2024-10-15T14:28:28+00:00\",\"dateModified\":\"2024-11-02T21:33:16+00:00\",\"mainEntityOfPage\":{\"@id\":\"https:\/\/www.smedemokrati.sk\/statny-rozpocet-je-podvodom\/\"},\"wordCount\":706,\"publisher\":{\"@id\":\"https:\/\/www.smedemokrati.sk\/#organization\"},\"image\":{\"@id\":\"https:\/\/www.smedemokrati.sk\/statny-rozpocet-je-podvodom\/#primaryimage\"},\"thumbnailUrl\":\"https:\/\/www.smedemokrati.sk\/wp-content\/uploads\/2024\/10\/vlada-skrti-ekonomiku.jpg\",\"articleSection\":[\"Tla\u010dov\u00e9 spr\u00e1vy\"],\"inLanguage\":\"sv-SE\"},{\"@type\":\"WebPage\",\"@id\":\"https:\/\/www.smedemokrati.sk\/statny-rozpocet-je-podvodom\/\",\"url\":\"https:\/\/www.smedemokrati.sk\/statny-rozpocet-je-podvodom\/\",\"name\":\"\u0160t\u00e1tny rozpo\u010det je podvodom\",\"isPartOf\":{\"@id\":\"https:\/\/www.smedemokrati.sk\/#website\"},\"primaryImageOfPage\":{\"@id\":\"https:\/\/www.smedemokrati.sk\/statny-rozpocet-je-podvodom\/#primaryimage\"},\"image\":{\"@id\":\"https:\/\/www.smedemokrati.sk\/statny-rozpocet-je-podvodom\/#primaryimage\"},\"thumbnailUrl\":\"https:\/\/www.smedemokrati.sk\/wp-content\/uploads\/2024\/10\/vlada-skrti-ekonomiku.jpg\",\"datePublished\":\"2024-10-15T14:28:28+00:00\",\"dateModified\":\"2024-11-02T21:33:16+00:00\",\"breadcrumb\":{\"@id\":\"https:\/\/www.smedemokrati.sk\/statny-rozpocet-je-podvodom\/#breadcrumb\"},\"inLanguage\":\"sv-SE\",\"potentialAction\":[{\"@type\":\"ReadAction\",\"target\":[\"https:\/\/www.smedemokrati.sk\/statny-rozpocet-je-podvodom\/\"]}]},{\"@type\":\"ImageObject\",\"inLanguage\":\"sv-SE\",\"@id\":\"https:\/\/www.smedemokrati.sk\/statny-rozpocet-je-podvodom\/#primaryimage\",\"url\":\"https:\/\/www.smedemokrati.sk\/wp-content\/uploads\/2024\/10\/vlada-skrti-ekonomiku.jpg\",\"contentUrl\":\"https:\/\/www.smedemokrati.sk\/wp-content\/uploads\/2024\/10\/vlada-skrti-ekonomiku.jpg\",\"width\":1401,\"height\":826},{\"@type\":\"BreadcrumbList\",\"@id\":\"https:\/\/www.smedemokrati.sk\/statny-rozpocet-je-podvodom\/#breadcrumb\",\"itemListElement\":[{\"@type\":\"ListItem\",\"position\":1,\"name\":\"Domovsk\u00e1 str\u00e1nka\",\"item\":\"https:\/\/www.smedemokrati.sk\/\"},{\"@type\":\"ListItem\",\"position\":2,\"name\":\"\u0160t\u00e1tny rozpo\u010det je podvodom\"}]},{\"@type\":\"WebSite\",\"@id\":\"https:\/\/www.smedemokrati.sk\/#website\",\"url\":\"https:\/\/www.smedemokrati.sk\/\",\"name\":\"Smedemokrati.sk\",\"description\":\"Demokracia a slu\u0161nos\u0165 zv\u00ed\u0165az\u00ed\",\"publisher\":{\"@id\":\"https:\/\/www.smedemokrati.sk\/#organization\"},\"potentialAction\":[{\"@type\":\"SearchAction\",\"target\":{\"@type\":\"EntryPoint\",\"urlTemplate\":\"https:\/\/www.smedemokrati.sk\/?s={search_term_string}\"},\"query-input\":{\"@type\":\"PropertyValueSpecification\",\"valueRequired\":true,\"valueName\":\"search_term_string\"}}],\"inLanguage\":\"sv-SE\"},{\"@type\":\"Organization\",\"@id\":\"https:\/\/www.smedemokrati.sk\/#organization\",\"name\":\"Smedemokrati.sk\",\"url\":\"https:\/\/www.smedemokrati.sk\/\",\"logo\":{\"@type\":\"ImageObject\",\"inLanguage\":\"sv-SE\",\"@id\":\"https:\/\/www.smedemokrati.sk\/#\/schema\/logo\/image\/\",\"url\":\"https:\/\/www.smedemokrati.sk\/wp-content\/uploads\/2023\/04\/ff.002.jpeg\",\"contentUrl\":\"https:\/\/www.smedemokrati.sk\/wp-content\/uploads\/2023\/04\/ff.002.jpeg\",\"width\":640,\"height\":480,\"caption\":\"Smedemokrati.sk\"},\"image\":{\"@id\":\"https:\/\/www.smedemokrati.sk\/#\/schema\/logo\/image\/\"},\"sameAs\":[\"https:\/\/www.facebook.com\/smedemokrati2023\"]},{\"@type\":\"Person\",\"@id\":\"https:\/\/www.smedemokrati.sk\/#\/schema\/person\/21f147c88d605aa7ded900e1e7c344ba\",\"name\":\"miro.sopko\",\"image\":{\"@type\":\"ImageObject\",\"inLanguage\":\"sv-SE\",\"@id\":\"https:\/\/secure.gravatar.com\/avatar\/267e4a36f704376c109afe3a78740c1f5dd8675a2180a908699e7863c9247606?s=96&d=mm&r=g\",\"url\":\"https:\/\/secure.gravatar.com\/avatar\/267e4a36f704376c109afe3a78740c1f5dd8675a2180a908699e7863c9247606?s=96&d=mm&r=g\",\"contentUrl\":\"https:\/\/secure.gravatar.com\/avatar\/267e4a36f704376c109afe3a78740c1f5dd8675a2180a908699e7863c9247606?s=96&d=mm&r=g\",\"caption\":\"miro.sopko\"},\"url\":\"https:\/\/www.smedemokrati.sk\/sv\/author\/miro-sopko\/\"}]}<\/script>\n<!-- \/ Yoast SEO plugin. -->","yoast_head_json":{"title":"\u0160t\u00e1tny rozpo\u010det je podvodom","robots":{"index":"index","follow":"follow","max-snippet":"max-snippet:-1","max-image-preview":"max-image-preview:large","max-video-preview":"max-video-preview:-1"},"canonical":"https:\/\/www.smedemokrati.sk\/sv\/statny-rozpocet-je-podvodom\/","og_locale":"sv_SE","og_type":"article","og_title":"[:sk]\u0160t\u00e1tny rozpo\u010det je podvodom[:] - Smedemokrati.sk","og_description":"Strana Demokrati varuje pred nezodpovedn\u00fdm \u0161t\u00e1tnym rozpo\u010dtom a upozor\u0148uje na ohrozenie bezpe\u010dnosti a potravinovej sebesta\u010dnosti Slovenska. \u0160t\u00e1tny rozpo\u010det je pod\u013ea Demokratov podvodom na ob\u010danoch Slovenska.&nbsp; Strana Demokrati kritizuje aktu\u00e1lny n\u00e1vrh \u0161t\u00e1tneho rozpo\u010dtu, ktor\u00fd pod\u013ea predstavite\u013eov strany nespln\u00ed z\u00e1kladn\u00e9 potreby Slovenska a ohrozuje k\u013e\u00fa\u010dov\u00e9 oblasti, ako je bezpe\u010dnos\u0165, po\u013enohospod\u00e1rstvo a potravinov\u00e1 sebesta\u010dnos\u0165. Podpredseda strany Eduard Heger [&hellip;]","og_url":"https:\/\/www.smedemokrati.sk\/sv\/statny-rozpocet-je-podvodom\/","og_site_name":"Smedemokrati.sk","article_publisher":"https:\/\/www.facebook.com\/smedemokrati2023","article_published_time":"2024-10-15T14:28:28+00:00","article_modified_time":"2024-11-02T21:33:16+00:00","og_image":[{"width":1401,"height":826,"url":"https:\/\/www.smedemokrati.sk\/wp-content\/uploads\/2024\/10\/vlada-skrti-ekonomiku.jpg","type":"image\/jpeg"}],"author":"miro.sopko","twitter_card":"summary_large_image","twitter_misc":{"Skriven av":"miro.sopko","Ber\u00e4knad l\u00e4stid":"3 minuter"},"schema":{"@context":"https:\/\/schema.org","@graph":[{"@type":"Article","@id":"https:\/\/www.smedemokrati.sk\/statny-rozpocet-je-podvodom\/#article","isPartOf":{"@id":"https:\/\/www.smedemokrati.sk\/statny-rozpocet-je-podvodom\/"},"author":{"name":"miro.sopko","@id":"https:\/\/www.smedemokrati.sk\/#\/schema\/person\/21f147c88d605aa7ded900e1e7c344ba"},"headline":"\u0160t\u00e1tny rozpo\u010det je podvodom","datePublished":"2024-10-15T14:28:28+00:00","dateModified":"2024-11-02T21:33:16+00:00","mainEntityOfPage":{"@id":"https:\/\/www.smedemokrati.sk\/statny-rozpocet-je-podvodom\/"},"wordCount":706,"publisher":{"@id":"https:\/\/www.smedemokrati.sk\/#organization"},"image":{"@id":"https:\/\/www.smedemokrati.sk\/statny-rozpocet-je-podvodom\/#primaryimage"},"thumbnailUrl":"https:\/\/www.smedemokrati.sk\/wp-content\/uploads\/2024\/10\/vlada-skrti-ekonomiku.jpg","articleSection":["Tla\u010dov\u00e9 spr\u00e1vy"],"inLanguage":"sv-SE"},{"@type":"WebPage","@id":"https:\/\/www.smedemokrati.sk\/statny-rozpocet-je-podvodom\/","url":"https:\/\/www.smedemokrati.sk\/statny-rozpocet-je-podvodom\/","name":"\u0160t\u00e1tny rozpo\u010det je podvodom","isPartOf":{"@id":"https:\/\/www.smedemokrati.sk\/#website"},"primaryImageOfPage":{"@id":"https:\/\/www.smedemokrati.sk\/statny-rozpocet-je-podvodom\/#primaryimage"},"image":{"@id":"https:\/\/www.smedemokrati.sk\/statny-rozpocet-je-podvodom\/#primaryimage"},"thumbnailUrl":"https:\/\/www.smedemokrati.sk\/wp-content\/uploads\/2024\/10\/vlada-skrti-ekonomiku.jpg","datePublished":"2024-10-15T14:28:28+00:00","dateModified":"2024-11-02T21:33:16+00:00","breadcrumb":{"@id":"https:\/\/www.smedemokrati.sk\/statny-rozpocet-je-podvodom\/#breadcrumb"},"inLanguage":"sv-SE","potentialAction":[{"@type":"ReadAction","target":["https:\/\/www.smedemokrati.sk\/statny-rozpocet-je-podvodom\/"]}]},{"@type":"ImageObject","inLanguage":"sv-SE","@id":"https:\/\/www.smedemokrati.sk\/statny-rozpocet-je-podvodom\/#primaryimage","url":"https:\/\/www.smedemokrati.sk\/wp-content\/uploads\/2024\/10\/vlada-skrti-ekonomiku.jpg","contentUrl":"https:\/\/www.smedemokrati.sk\/wp-content\/uploads\/2024\/10\/vlada-skrti-ekonomiku.jpg","width":1401,"height":826},{"@type":"BreadcrumbList","@id":"https:\/\/www.smedemokrati.sk\/statny-rozpocet-je-podvodom\/#breadcrumb","itemListElement":[{"@type":"ListItem","position":1,"name":"Domovsk\u00e1 str\u00e1nka","item":"https:\/\/www.smedemokrati.sk\/"},{"@type":"ListItem","position":2,"name":"\u0160t\u00e1tny rozpo\u010det je podvodom"}]},{"@type":"WebSite","@id":"https:\/\/www.smedemokrati.sk\/#website","url":"https:\/\/www.smedemokrati.sk\/","name":"Smedemokrati.sk","description":"Demokracia a slu\u0161nos\u0165 zv\u00ed\u0165az\u00ed","publisher":{"@id":"https:\/\/www.smedemokrati.sk\/#organization"},"potentialAction":[{"@type":"SearchAction","target":{"@type":"EntryPoint","urlTemplate":"https:\/\/www.smedemokrati.sk\/?s={search_term_string}"},"query-input":{"@type":"PropertyValueSpecification","valueRequired":true,"valueName":"search_term_string"}}],"inLanguage":"sv-SE"},{"@type":"Organization","@id":"https:\/\/www.smedemokrati.sk\/#organization","name":"Smedemokrati.sk","url":"https:\/\/www.smedemokrati.sk\/","logo":{"@type":"ImageObject","inLanguage":"sv-SE","@id":"https:\/\/www.smedemokrati.sk\/#\/schema\/logo\/image\/","url":"https:\/\/www.smedemokrati.sk\/wp-content\/uploads\/2023\/04\/ff.002.jpeg","contentUrl":"https:\/\/www.smedemokrati.sk\/wp-content\/uploads\/2023\/04\/ff.002.jpeg","width":640,"height":480,"caption":"Smedemokrati.sk"},"image":{"@id":"https:\/\/www.smedemokrati.sk\/#\/schema\/logo\/image\/"},"sameAs":["https:\/\/www.facebook.com\/smedemokrati2023"]},{"@type":"Person","@id":"https:\/\/www.smedemokrati.sk\/#\/schema\/person\/21f147c88d605aa7ded900e1e7c344ba","name":"miro.sopko","image":{"@type":"ImageObject","inLanguage":"sv-SE","@id":"https:\/\/secure.gravatar.com\/avatar\/267e4a36f704376c109afe3a78740c1f5dd8675a2180a908699e7863c9247606?s=96&d=mm&r=g","url":"https:\/\/secure.gravatar.com\/avatar\/267e4a36f704376c109afe3a78740c1f5dd8675a2180a908699e7863c9247606?s=96&d=mm&r=g","contentUrl":"https:\/\/secure.gravatar.com\/avatar\/267e4a36f704376c109afe3a78740c1f5dd8675a2180a908699e7863c9247606?s=96&d=mm&r=g","caption":"miro.sopko"},"url":"https:\/\/www.smedemokrati.sk\/sv\/author\/miro-sopko\/"}]}},"_links":{"self":[{"href":"https:\/\/www.smedemokrati.sk\/sv\/wp-json\/wp\/v2\/posts\/5354","targetHints":{"allow":["GET"]}}],"collection":[{"href":"https:\/\/www.smedemokrati.sk\/sv\/wp-json\/wp\/v2\/posts"}],"about":[{"href":"https:\/\/www.smedemokrati.sk\/sv\/wp-json\/wp\/v2\/types\/post"}],"author":[{"embeddable":true,"href":"https:\/\/www.smedemokrati.sk\/sv\/wp-json\/wp\/v2\/users\/13"}],"replies":[{"embeddable":true,"href":"https:\/\/www.smedemokrati.sk\/sv\/wp-json\/wp\/v2\/comments?post=5354"}],"version-history":[{"count":1,"href":"https:\/\/www.smedemokrati.sk\/sv\/wp-json\/wp\/v2\/posts\/5354\/revisions"}],"predecessor-version":[{"id":5356,"href":"https:\/\/www.smedemokrati.sk\/sv\/wp-json\/wp\/v2\/posts\/5354\/revisions\/5356"}],"wp:featuredmedia":[{"embeddable":true,"href":"https:\/\/www.smedemokrati.sk\/sv\/wp-json\/wp\/v2\/media\/5355"}],"wp:attachment":[{"href":"https:\/\/www.smedemokrati.sk\/sv\/wp-json\/wp\/v2\/media?parent=5354"}],"wp:term":[{"taxonomy":"category","embeddable":true,"href":"https:\/\/www.smedemokrati.sk\/sv\/wp-json\/wp\/v2\/categories?post=5354"},{"taxonomy":"post_tag","embeddable":true,"href":"https:\/\/www.smedemokrati.sk\/sv\/wp-json\/wp\/v2\/tags?post=5354"}],"curies":[{"name":"wp","href":"https:\/\/api.w.org\/{rel}","templated":true}]}}