{"id":5348,"date":"2024-10-14T17:50:34","date_gmt":"2024-10-14T16:50:34","guid":{"rendered":"https:\/\/www.smedemokrati.sk\/?p=5348"},"modified":"2024-11-02T22:33:11","modified_gmt":"2024-11-02T21:33:11","slug":"vodohospodarska-vystavba-ma-odviest-do-statneho-rozpoctu-najmenej-za-posledne-tri-roky","status":"publish","type":"post","link":"https:\/\/www.smedemokrati.sk\/sv\/vodohospodarska-vystavba-ma-odviest-do-statneho-rozpoctu-najmenej-za-posledne-tri-roky\/","title":{"rendered":"Vodohospod\u00e1rska v\u00fdstavba m\u00e1 odvies\u0165 do \u0161t\u00e1tneho rozpo\u010dtu najmenej za posledn\u00e9 tri roky"},"content":{"rendered":"<div id=\"fb-root\"><\/div>\n\n<p><strong>Odvod \u0161t\u00e1tneho podniku Vodohospod\u00e1rska v\u00fdstavba do \u0161t\u00e1tneho rozpo\u010dtu m\u00e1 by\u0165<\/strong> <strong>najni\u017e\u0161\u00ed za posledn\u00e9 tri roky. Vypl\u00fdva to z n\u00e1vrhu z\u00e1kona o \u0161t\u00e1tnom rozpo\u010dte na rok<\/strong> <strong>2025, ktor\u00fd r\u00e1ta s odvodom len 40 mil. eur. Potvrdzuje sa tak, \u017ee slov\u00e1 ministra Tarabu<\/strong> <strong>o mili\u00f3noch z Gab\u010d\u00edkova s\u00fa pr\u00e1zdnym chv\u00e1lenk\u00e1rstvom a \u0161t\u00e1t pren\u00e1\u0161a n\u00e1klady na<\/strong> <strong>konsolid\u00e1ciu skoro v\u00fdlu\u010dne len na ob\u010danov. Demokrati preto po\u017eaduj\u00fa<\/strong> <strong>prostredn\u00edctvom poslaneckej interpel\u00e1cie jednozna\u010dn\u00e9 vysvetlenie poklesu odvodu a<\/strong> <strong>predlo\u017eenie pl\u00e1nu pr\u00edmov a v\u00fddavkov \u0161t\u00e1tneho podniku.<\/strong><\/p>\n\n\n\n<p>K\u00fdm v roku 2022 sa schv\u00e1lil odvod \u0161t\u00e1tneho podniku Vodohospod\u00e1rska v\u00fdstavba do \u0161t\u00e1tneho rozpo\u010dtu v sume 150 mil. eur (v z\u00e1kone o \u0161t\u00e1tnom rozpo\u010dte na rok 2023), o rok nesk\u00f4r, po n\u00e1stupe ministra Tarabu, schv\u00e1len\u00fd odvod klesol na 80 mil. eur a v roku 2025 to m\u00e1 by\u0165 e\u0161te menej, len 40 mil. eur.\u00a0<em>\u201ePritom, minister Taraba sa opakovane chv\u00e1lil ako<\/em> <em>Gab\u010d\u00edkovo \u201ezar\u00e1ba mili\u00f3ny pre \u0161t\u00e1tny rozpo\u010det\u201d. Je to \u010fal\u0161\u00ed pr\u00edklad Tarabovho pr\u00e1zdneho<\/em> <em>marketingu, ke\u010f\u017ee pr\u00edjmy, ktor\u00e9 \u0161t\u00e1tny rozpo\u010det inkasuje najm\u00e4 z Vodnej elektr\u00e1rne<\/em> <em>Gab\u010d\u00edkovo, za p\u00f4sobenia ministra Tarabu u\u017e druh\u00fd rok bud\u00fa klesa\u0165, a to o 110 mil. eur v<\/em> <em>porovnan\u00ed s odvodom schv\u00e1len\u00fdm v roku 2022. Pod veden\u00edm Tarabu Vodohospod\u00e1rska<\/em> <em>v\u00fdstavba zar\u00e1ba \u0161t\u00e1tu skr\u00e1tka menej ako za n\u00e1\u0161ho p\u00f4sobenia,\u201d<\/em>\u00a0uv\u00e1dza t\u00e9mu Michal Ki\u010da, b\u00fdval\u00fd \u0161t\u00e1tny tajomn\u00edk envirorezortu a \u010dlen predsedn\u00edctva strany.<\/p>\n\n\n\n<p>Tento pokles mo\u017eno len \u0165a\u017eko vysvetli\u0165 v\u00fdlu\u010dne poklesom cien elektrickej energie na trhu. <em>\u201eBurzov\u00e9 ceny elektriny zatia\u013e \u017eiaden pokles cien elektriny a\u017e o polovicu pre bud\u00faci rok 2025 neindikuj\u00fa. \u0160tandardn\u00fd a be\u017en\u00fd obchod s elektrinou sa be\u017ene opiera pr\u00e1ve o tieto burzov\u00e9 indexy. Zodpovedn\u00ed v\u00fdrobcovia be\u017ene minim\u00e1lne s ro\u010dn\u00fdm predstihom, pr\u00e1ve na ich z\u00e1klade, pred\u00e1vaj\u00fa svoju produkciu, ktor\u00fa vyrobia a\u017e bud\u00faci rok. Tak\u017ee, ak predaj elektriny prebieha profesion\u00e1lne a v z\u00e1ujme \u010do najv\u00fdhodnej\u0161\u00edch a s\u00fa\u010dasne transparentn\u00fdch cien, tak v\u00fdvoj cien elektriny na trhu neobjas\u0148uje predpoklad pre tak\u00fdto prudk\u00fd prepad ziskovosti a odvodov Vodohospod\u00e1rskej v\u00fdstavby do \u0161t\u00e1tneho rozpo\u010dtu v roku 2025,\u201d<\/em>\u00a0vysvet\u013euje Karel Hirman, expert na energetiku a b\u00fdval\u00fd minister hospod\u00e1rstva.<\/p>\n\n\n\n<p>Aj toto je n\u00e1zorn\u00e1 uk\u00e1\u017eka toho, \u017ee vl\u00e1da pren\u00e1\u0161a drtiv\u00e9 dopady konsolid\u00e1cie skoro v\u00fdlu\u010dne na ob\u010danov.\u00a0<em>\u201e110 mil. eur naviac v \u0161t\u00e1tnom rozpo\u010dte z Vodohospod\u00e1rskej v\u00fdstavby by<\/em> <em>umo\u017enilo vy\u0148a\u0165 najviac dotknut\u00e9 sektory z transak\u010dnej dane, napr\u00edklad neziskov\u00e9<\/em> <em>organiz\u00e1cie alebo zavies\u0165 potravinov\u00e9 \u0161eky pre obyvate\u013eov ohrozen\u00fdch zdra\u017eovan\u00edm. Pokles<\/em> <em>odvodu m\u00f4\u017ee by\u0165 sp\u00f4soben\u00fd ni\u017e\u0161ou efektivitou \u0161t\u00e1tneho podniku, zvy\u0161ovan\u00edm objemu<\/em> <em>r\u00f4znych z\u00e1kaziek alebo zbyto\u010dn\u00fdmi v\u00fddavkami, ak\u00e9 sme videli pri k\u00fape historickej budove v<\/em> <em>Tarabovom rodisku &#8211; Modre, za pol mili\u00f3na eur. Prostredn\u00edctvom interpel\u00e1cie poslanca<\/em> <em>\u013dubom\u00edra Galka budeme po\u017eadova\u0165 jednozna\u010dn\u00e9 vysvetlenie poklesu odvodu do \u0161t\u00e1tneho<\/em> <em>rozpo\u010dtu a predlo\u017eenie pl\u00e1nu pr\u00edjmov a v\u00fddavkov tohto strategick\u00e9ho \u0161t\u00e1tneho podniku,\u201d<\/em> uzavrel Eduard Heger, podpredseda strany.<\/p>\n","protected":false},"excerpt":{"rendered":"<p>Odvod \u0161t\u00e1tneho podniku Vodohospod\u00e1rska v\u00fdstavba do \u0161t\u00e1tneho rozpo\u010dtu m\u00e1 by\u0165 najni\u017e\u0161\u00ed za posledn\u00e9 tri roky. Vypl\u00fdva to z n\u00e1vrhu z\u00e1kona o \u0161t\u00e1tnom rozpo\u010dte na rok 2025, ktor\u00fd r\u00e1ta s odvodom len 40 mil. eur. Potvrdzuje sa tak, \u017ee slov\u00e1 ministra Tarabu o mili\u00f3noch z Gab\u010d\u00edkova s\u00fa pr\u00e1zdnym chv\u00e1lenk\u00e1rstvom a \u0161t\u00e1t pren\u00e1\u0161a n\u00e1klady na konsolid\u00e1ciu skoro [&hellip;]<\/p>\n","protected":false},"author":13,"featured_media":4207,"comment_status":"closed","ping_status":"closed","sticky":false,"template":"","format":"standard","meta":{"_acf_changed":false,"ngg_post_thumbnail":0,"footnotes":""},"categories":[4],"tags":[],"class_list":["post-5348","post","type-post","status-publish","format-standard","has-post-thumbnail","hentry","category-tlacove-spravy"],"acf":[],"yoast_head":"<!-- This site is optimized with the Yoast SEO plugin v27.2 - https:\/\/yoast.com\/product\/yoast-seo-wordpress\/ -->\n<title>Vodohospod\u00e1rska v\u00fdstavba m\u00e1 odvies\u0165 do \u0161t\u00e1tneho rozpo\u010dtu najmenej za posledn\u00e9 tri roky<\/title>\n<meta name=\"robots\" content=\"index, follow, max-snippet:-1, max-image-preview:large, max-video-preview:-1\" \/>\n<link rel=\"canonical\" href=\"https:\/\/www.smedemokrati.sk\/sv\/vodohospodarska-vystavba-ma-odviest-do-statneho-rozpoctu-najmenej-za-posledne-tri-roky\/\" \/>\n<meta property=\"og:locale\" content=\"sv_SE\" \/>\n<meta property=\"og:locale:alternate\" content=\"en_US\" \/>\n<meta property=\"og:locale:alternate\" content=\"cs_CZ\" \/>\n<meta property=\"og:locale:alternate\" content=\"hu_HU\" \/>\n<meta property=\"og:locale:alternate\" content=\"sk_SK\" \/>\n<meta property=\"og:type\" content=\"article\" \/>\n<meta property=\"og:title\" content=\"Vodohospod\u00e1rska v\u00fdstavba m\u00e1 odvies\u0165 do \u0161t\u00e1tneho rozpo\u010dtu najmenej za posledn\u00e9 tri roky\" \/>\n<meta property=\"og:description\" content=\"Odvod \u0161t\u00e1tneho podniku Vodohospod\u00e1rska v\u00fdstavba do \u0161t\u00e1tneho rozpo\u010dtu m\u00e1 by\u0165 najni\u017e\u0161\u00ed za posledn\u00e9 tri roky. Vypl\u00fdva to z n\u00e1vrhu z\u00e1kona o \u0161t\u00e1tnom rozpo\u010dte na rok 2025, ktor\u00fd r\u00e1ta s odvodom len 40 mil. eur. Potvrdzuje sa tak, \u017ee slov\u00e1 ministra Tarabu o mili\u00f3noch z Gab\u010d\u00edkova s\u00fa pr\u00e1zdnym chv\u00e1lenk\u00e1rstvom a \u0161t\u00e1t pren\u00e1\u0161a n\u00e1klady na konsolid\u00e1ciu skoro [&hellip;]\" \/>\n<meta property=\"og:url\" content=\"https:\/\/www.smedemokrati.sk\/sv\/vodohospodarska-vystavba-ma-odviest-do-statneho-rozpoctu-najmenej-za-posledne-tri-roky\/\" \/>\n<meta property=\"og:site_name\" content=\"Smedemokrati.sk\" \/>\n<meta property=\"article:publisher\" content=\"https:\/\/www.facebook.com\/smedemokrati2023\" \/>\n<meta property=\"article:published_time\" content=\"2024-10-14T16:50:34+00:00\" \/>\n<meta property=\"article:modified_time\" content=\"2024-11-02T21:33:11+00:00\" \/>\n<meta property=\"og:image\" content=\"https:\/\/www.smedemokrati.sk\/wp-content\/uploads\/2024\/05\/taraba-amnestia-vyrub.jpg\" \/>\n\t<meta property=\"og:image:width\" content=\"1920\" \/>\n\t<meta property=\"og:image:height\" content=\"1271\" \/>\n\t<meta property=\"og:image:type\" content=\"image\/jpeg\" \/>\n<meta name=\"author\" content=\"miro.sopko\" \/>\n<meta name=\"twitter:card\" content=\"summary_large_image\" \/>\n<meta name=\"twitter:label1\" content=\"Skriven av\" \/>\n\t<meta name=\"twitter:data1\" content=\"miro.sopko\" \/>\n\t<meta name=\"twitter:label2\" content=\"Ber\u00e4knad l\u00e4stid\" \/>\n\t<meta name=\"twitter:data2\" content=\"3 minuter\" \/>\n<script type=\"application\/ld+json\" class=\"yoast-schema-graph\">{\"@context\":\"https:\/\/schema.org\",\"@graph\":[{\"@type\":\"Article\",\"@id\":\"https:\/\/www.smedemokrati.sk\/vodohospodarska-vystavba-ma-odviest-do-statneho-rozpoctu-najmenej-za-posledne-tri-roky\/#article\",\"isPartOf\":{\"@id\":\"https:\/\/www.smedemokrati.sk\/vodohospodarska-vystavba-ma-odviest-do-statneho-rozpoctu-najmenej-za-posledne-tri-roky\/\"},\"author\":{\"name\":\"miro.sopko\",\"@id\":\"https:\/\/www.smedemokrati.sk\/#\/schema\/person\/21f147c88d605aa7ded900e1e7c344ba\"},\"headline\":\"Vodohospod\u00e1rska v\u00fdstavba m\u00e1 odvies\u0165 do \u0161t\u00e1tneho rozpo\u010dtu najmenej za posledn\u00e9 tri roky\",\"datePublished\":\"2024-10-14T16:50:34+00:00\",\"dateModified\":\"2024-11-02T21:33:11+00:00\",\"mainEntityOfPage\":{\"@id\":\"https:\/\/www.smedemokrati.sk\/vodohospodarska-vystavba-ma-odviest-do-statneho-rozpoctu-najmenej-za-posledne-tri-roky\/\"},\"wordCount\":591,\"publisher\":{\"@id\":\"https:\/\/www.smedemokrati.sk\/#organization\"},\"image\":{\"@id\":\"https:\/\/www.smedemokrati.sk\/vodohospodarska-vystavba-ma-odviest-do-statneho-rozpoctu-najmenej-za-posledne-tri-roky\/#primaryimage\"},\"thumbnailUrl\":\"https:\/\/www.smedemokrati.sk\/wp-content\/uploads\/2024\/05\/taraba-amnestia-vyrub.jpg\",\"articleSection\":[\"Tla\u010dov\u00e9 spr\u00e1vy\"],\"inLanguage\":\"sv-SE\"},{\"@type\":\"WebPage\",\"@id\":\"https:\/\/www.smedemokrati.sk\/vodohospodarska-vystavba-ma-odviest-do-statneho-rozpoctu-najmenej-za-posledne-tri-roky\/\",\"url\":\"https:\/\/www.smedemokrati.sk\/vodohospodarska-vystavba-ma-odviest-do-statneho-rozpoctu-najmenej-za-posledne-tri-roky\/\",\"name\":\"Vodohospod\u00e1rska v\u00fdstavba m\u00e1 odvies\u0165 do \u0161t\u00e1tneho rozpo\u010dtu najmenej za posledn\u00e9 tri roky\",\"isPartOf\":{\"@id\":\"https:\/\/www.smedemokrati.sk\/#website\"},\"primaryImageOfPage\":{\"@id\":\"https:\/\/www.smedemokrati.sk\/vodohospodarska-vystavba-ma-odviest-do-statneho-rozpoctu-najmenej-za-posledne-tri-roky\/#primaryimage\"},\"image\":{\"@id\":\"https:\/\/www.smedemokrati.sk\/vodohospodarska-vystavba-ma-odviest-do-statneho-rozpoctu-najmenej-za-posledne-tri-roky\/#primaryimage\"},\"thumbnailUrl\":\"https:\/\/www.smedemokrati.sk\/wp-content\/uploads\/2024\/05\/taraba-amnestia-vyrub.jpg\",\"datePublished\":\"2024-10-14T16:50:34+00:00\",\"dateModified\":\"2024-11-02T21:33:11+00:00\",\"breadcrumb\":{\"@id\":\"https:\/\/www.smedemokrati.sk\/vodohospodarska-vystavba-ma-odviest-do-statneho-rozpoctu-najmenej-za-posledne-tri-roky\/#breadcrumb\"},\"inLanguage\":\"sv-SE\",\"potentialAction\":[{\"@type\":\"ReadAction\",\"target\":[\"https:\/\/www.smedemokrati.sk\/vodohospodarska-vystavba-ma-odviest-do-statneho-rozpoctu-najmenej-za-posledne-tri-roky\/\"]}]},{\"@type\":\"ImageObject\",\"inLanguage\":\"sv-SE\",\"@id\":\"https:\/\/www.smedemokrati.sk\/vodohospodarska-vystavba-ma-odviest-do-statneho-rozpoctu-najmenej-za-posledne-tri-roky\/#primaryimage\",\"url\":\"https:\/\/www.smedemokrati.sk\/wp-content\/uploads\/2024\/05\/taraba-amnestia-vyrub.jpg\",\"contentUrl\":\"https:\/\/www.smedemokrati.sk\/wp-content\/uploads\/2024\/05\/taraba-amnestia-vyrub.jpg\",\"width\":1920,\"height\":1271},{\"@type\":\"BreadcrumbList\",\"@id\":\"https:\/\/www.smedemokrati.sk\/vodohospodarska-vystavba-ma-odviest-do-statneho-rozpoctu-najmenej-za-posledne-tri-roky\/#breadcrumb\",\"itemListElement\":[{\"@type\":\"ListItem\",\"position\":1,\"name\":\"Domovsk\u00e1 str\u00e1nka\",\"item\":\"https:\/\/www.smedemokrati.sk\/\"},{\"@type\":\"ListItem\",\"position\":2,\"name\":\"Vodohospod\u00e1rska v\u00fdstavba m\u00e1 odvies\u0165 do \u0161t\u00e1tneho rozpo\u010dtu najmenej za posledn\u00e9 tri roky\"}]},{\"@type\":\"WebSite\",\"@id\":\"https:\/\/www.smedemokrati.sk\/#website\",\"url\":\"https:\/\/www.smedemokrati.sk\/\",\"name\":\"Smedemokrati.sk\",\"description\":\"Demokracia a slu\u0161nos\u0165 zv\u00ed\u0165az\u00ed\",\"publisher\":{\"@id\":\"https:\/\/www.smedemokrati.sk\/#organization\"},\"potentialAction\":[{\"@type\":\"SearchAction\",\"target\":{\"@type\":\"EntryPoint\",\"urlTemplate\":\"https:\/\/www.smedemokrati.sk\/?s={search_term_string}\"},\"query-input\":{\"@type\":\"PropertyValueSpecification\",\"valueRequired\":true,\"valueName\":\"search_term_string\"}}],\"inLanguage\":\"sv-SE\"},{\"@type\":\"Organization\",\"@id\":\"https:\/\/www.smedemokrati.sk\/#organization\",\"name\":\"Smedemokrati.sk\",\"url\":\"https:\/\/www.smedemokrati.sk\/\",\"logo\":{\"@type\":\"ImageObject\",\"inLanguage\":\"sv-SE\",\"@id\":\"https:\/\/www.smedemokrati.sk\/#\/schema\/logo\/image\/\",\"url\":\"https:\/\/www.smedemokrati.sk\/wp-content\/uploads\/2023\/04\/ff.002.jpeg\",\"contentUrl\":\"https:\/\/www.smedemokrati.sk\/wp-content\/uploads\/2023\/04\/ff.002.jpeg\",\"width\":640,\"height\":480,\"caption\":\"Smedemokrati.sk\"},\"image\":{\"@id\":\"https:\/\/www.smedemokrati.sk\/#\/schema\/logo\/image\/\"},\"sameAs\":[\"https:\/\/www.facebook.com\/smedemokrati2023\"]},{\"@type\":\"Person\",\"@id\":\"https:\/\/www.smedemokrati.sk\/#\/schema\/person\/21f147c88d605aa7ded900e1e7c344ba\",\"name\":\"miro.sopko\",\"image\":{\"@type\":\"ImageObject\",\"inLanguage\":\"sv-SE\",\"@id\":\"https:\/\/secure.gravatar.com\/avatar\/267e4a36f704376c109afe3a78740c1f5dd8675a2180a908699e7863c9247606?s=96&d=mm&r=g\",\"url\":\"https:\/\/secure.gravatar.com\/avatar\/267e4a36f704376c109afe3a78740c1f5dd8675a2180a908699e7863c9247606?s=96&d=mm&r=g\",\"contentUrl\":\"https:\/\/secure.gravatar.com\/avatar\/267e4a36f704376c109afe3a78740c1f5dd8675a2180a908699e7863c9247606?s=96&d=mm&r=g\",\"caption\":\"miro.sopko\"},\"url\":\"https:\/\/www.smedemokrati.sk\/sv\/author\/miro-sopko\/\"}]}<\/script>\n<!-- \/ Yoast SEO plugin. -->","yoast_head_json":{"title":"Vodohospod\u00e1rska v\u00fdstavba m\u00e1 odvies\u0165 do \u0161t\u00e1tneho rozpo\u010dtu najmenej za posledn\u00e9 tri roky","robots":{"index":"index","follow":"follow","max-snippet":"max-snippet:-1","max-image-preview":"max-image-preview:large","max-video-preview":"max-video-preview:-1"},"canonical":"https:\/\/www.smedemokrati.sk\/sv\/vodohospodarska-vystavba-ma-odviest-do-statneho-rozpoctu-najmenej-za-posledne-tri-roky\/","og_locale":"sv_SE","og_type":"article","og_title":"[:sk]Vodohospod\u00e1rska v\u00fdstavba m\u00e1 odvies\u0165 do \u0161t\u00e1tneho rozpo\u010dtu najmenej za posledn\u00e9 tri roky[:] - Smedemokrati.sk","og_description":"Odvod \u0161t\u00e1tneho podniku Vodohospod\u00e1rska v\u00fdstavba do \u0161t\u00e1tneho rozpo\u010dtu m\u00e1 by\u0165 najni\u017e\u0161\u00ed za posledn\u00e9 tri roky. Vypl\u00fdva to z n\u00e1vrhu z\u00e1kona o \u0161t\u00e1tnom rozpo\u010dte na rok 2025, ktor\u00fd r\u00e1ta s odvodom len 40 mil. eur. Potvrdzuje sa tak, \u017ee slov\u00e1 ministra Tarabu o mili\u00f3noch z Gab\u010d\u00edkova s\u00fa pr\u00e1zdnym chv\u00e1lenk\u00e1rstvom a \u0161t\u00e1t pren\u00e1\u0161a n\u00e1klady na konsolid\u00e1ciu skoro [&hellip;]","og_url":"https:\/\/www.smedemokrati.sk\/sv\/vodohospodarska-vystavba-ma-odviest-do-statneho-rozpoctu-najmenej-za-posledne-tri-roky\/","og_site_name":"Smedemokrati.sk","article_publisher":"https:\/\/www.facebook.com\/smedemokrati2023","article_published_time":"2024-10-14T16:50:34+00:00","article_modified_time":"2024-11-02T21:33:11+00:00","og_image":[{"width":1920,"height":1271,"url":"https:\/\/www.smedemokrati.sk\/wp-content\/uploads\/2024\/05\/taraba-amnestia-vyrub.jpg","type":"image\/jpeg"}],"author":"miro.sopko","twitter_card":"summary_large_image","twitter_misc":{"Skriven av":"miro.sopko","Ber\u00e4knad l\u00e4stid":"3 minuter"},"schema":{"@context":"https:\/\/schema.org","@graph":[{"@type":"Article","@id":"https:\/\/www.smedemokrati.sk\/vodohospodarska-vystavba-ma-odviest-do-statneho-rozpoctu-najmenej-za-posledne-tri-roky\/#article","isPartOf":{"@id":"https:\/\/www.smedemokrati.sk\/vodohospodarska-vystavba-ma-odviest-do-statneho-rozpoctu-najmenej-za-posledne-tri-roky\/"},"author":{"name":"miro.sopko","@id":"https:\/\/www.smedemokrati.sk\/#\/schema\/person\/21f147c88d605aa7ded900e1e7c344ba"},"headline":"Vodohospod\u00e1rska v\u00fdstavba m\u00e1 odvies\u0165 do \u0161t\u00e1tneho rozpo\u010dtu najmenej za posledn\u00e9 tri roky","datePublished":"2024-10-14T16:50:34+00:00","dateModified":"2024-11-02T21:33:11+00:00","mainEntityOfPage":{"@id":"https:\/\/www.smedemokrati.sk\/vodohospodarska-vystavba-ma-odviest-do-statneho-rozpoctu-najmenej-za-posledne-tri-roky\/"},"wordCount":591,"publisher":{"@id":"https:\/\/www.smedemokrati.sk\/#organization"},"image":{"@id":"https:\/\/www.smedemokrati.sk\/vodohospodarska-vystavba-ma-odviest-do-statneho-rozpoctu-najmenej-za-posledne-tri-roky\/#primaryimage"},"thumbnailUrl":"https:\/\/www.smedemokrati.sk\/wp-content\/uploads\/2024\/05\/taraba-amnestia-vyrub.jpg","articleSection":["Tla\u010dov\u00e9 spr\u00e1vy"],"inLanguage":"sv-SE"},{"@type":"WebPage","@id":"https:\/\/www.smedemokrati.sk\/vodohospodarska-vystavba-ma-odviest-do-statneho-rozpoctu-najmenej-za-posledne-tri-roky\/","url":"https:\/\/www.smedemokrati.sk\/vodohospodarska-vystavba-ma-odviest-do-statneho-rozpoctu-najmenej-za-posledne-tri-roky\/","name":"Vodohospod\u00e1rska v\u00fdstavba m\u00e1 odvies\u0165 do \u0161t\u00e1tneho rozpo\u010dtu najmenej za posledn\u00e9 tri roky","isPartOf":{"@id":"https:\/\/www.smedemokrati.sk\/#website"},"primaryImageOfPage":{"@id":"https:\/\/www.smedemokrati.sk\/vodohospodarska-vystavba-ma-odviest-do-statneho-rozpoctu-najmenej-za-posledne-tri-roky\/#primaryimage"},"image":{"@id":"https:\/\/www.smedemokrati.sk\/vodohospodarska-vystavba-ma-odviest-do-statneho-rozpoctu-najmenej-za-posledne-tri-roky\/#primaryimage"},"thumbnailUrl":"https:\/\/www.smedemokrati.sk\/wp-content\/uploads\/2024\/05\/taraba-amnestia-vyrub.jpg","datePublished":"2024-10-14T16:50:34+00:00","dateModified":"2024-11-02T21:33:11+00:00","breadcrumb":{"@id":"https:\/\/www.smedemokrati.sk\/vodohospodarska-vystavba-ma-odviest-do-statneho-rozpoctu-najmenej-za-posledne-tri-roky\/#breadcrumb"},"inLanguage":"sv-SE","potentialAction":[{"@type":"ReadAction","target":["https:\/\/www.smedemokrati.sk\/vodohospodarska-vystavba-ma-odviest-do-statneho-rozpoctu-najmenej-za-posledne-tri-roky\/"]}]},{"@type":"ImageObject","inLanguage":"sv-SE","@id":"https:\/\/www.smedemokrati.sk\/vodohospodarska-vystavba-ma-odviest-do-statneho-rozpoctu-najmenej-za-posledne-tri-roky\/#primaryimage","url":"https:\/\/www.smedemokrati.sk\/wp-content\/uploads\/2024\/05\/taraba-amnestia-vyrub.jpg","contentUrl":"https:\/\/www.smedemokrati.sk\/wp-content\/uploads\/2024\/05\/taraba-amnestia-vyrub.jpg","width":1920,"height":1271},{"@type":"BreadcrumbList","@id":"https:\/\/www.smedemokrati.sk\/vodohospodarska-vystavba-ma-odviest-do-statneho-rozpoctu-najmenej-za-posledne-tri-roky\/#breadcrumb","itemListElement":[{"@type":"ListItem","position":1,"name":"Domovsk\u00e1 str\u00e1nka","item":"https:\/\/www.smedemokrati.sk\/"},{"@type":"ListItem","position":2,"name":"Vodohospod\u00e1rska v\u00fdstavba m\u00e1 odvies\u0165 do \u0161t\u00e1tneho rozpo\u010dtu najmenej za posledn\u00e9 tri roky"}]},{"@type":"WebSite","@id":"https:\/\/www.smedemokrati.sk\/#website","url":"https:\/\/www.smedemokrati.sk\/","name":"Smedemokrati.sk","description":"Demokracia a slu\u0161nos\u0165 zv\u00ed\u0165az\u00ed","publisher":{"@id":"https:\/\/www.smedemokrati.sk\/#organization"},"potentialAction":[{"@type":"SearchAction","target":{"@type":"EntryPoint","urlTemplate":"https:\/\/www.smedemokrati.sk\/?s={search_term_string}"},"query-input":{"@type":"PropertyValueSpecification","valueRequired":true,"valueName":"search_term_string"}}],"inLanguage":"sv-SE"},{"@type":"Organization","@id":"https:\/\/www.smedemokrati.sk\/#organization","name":"Smedemokrati.sk","url":"https:\/\/www.smedemokrati.sk\/","logo":{"@type":"ImageObject","inLanguage":"sv-SE","@id":"https:\/\/www.smedemokrati.sk\/#\/schema\/logo\/image\/","url":"https:\/\/www.smedemokrati.sk\/wp-content\/uploads\/2023\/04\/ff.002.jpeg","contentUrl":"https:\/\/www.smedemokrati.sk\/wp-content\/uploads\/2023\/04\/ff.002.jpeg","width":640,"height":480,"caption":"Smedemokrati.sk"},"image":{"@id":"https:\/\/www.smedemokrati.sk\/#\/schema\/logo\/image\/"},"sameAs":["https:\/\/www.facebook.com\/smedemokrati2023"]},{"@type":"Person","@id":"https:\/\/www.smedemokrati.sk\/#\/schema\/person\/21f147c88d605aa7ded900e1e7c344ba","name":"miro.sopko","image":{"@type":"ImageObject","inLanguage":"sv-SE","@id":"https:\/\/secure.gravatar.com\/avatar\/267e4a36f704376c109afe3a78740c1f5dd8675a2180a908699e7863c9247606?s=96&d=mm&r=g","url":"https:\/\/secure.gravatar.com\/avatar\/267e4a36f704376c109afe3a78740c1f5dd8675a2180a908699e7863c9247606?s=96&d=mm&r=g","contentUrl":"https:\/\/secure.gravatar.com\/avatar\/267e4a36f704376c109afe3a78740c1f5dd8675a2180a908699e7863c9247606?s=96&d=mm&r=g","caption":"miro.sopko"},"url":"https:\/\/www.smedemokrati.sk\/sv\/author\/miro-sopko\/"}]}},"_links":{"self":[{"href":"https:\/\/www.smedemokrati.sk\/sv\/wp-json\/wp\/v2\/posts\/5348","targetHints":{"allow":["GET"]}}],"collection":[{"href":"https:\/\/www.smedemokrati.sk\/sv\/wp-json\/wp\/v2\/posts"}],"about":[{"href":"https:\/\/www.smedemokrati.sk\/sv\/wp-json\/wp\/v2\/types\/post"}],"author":[{"embeddable":true,"href":"https:\/\/www.smedemokrati.sk\/sv\/wp-json\/wp\/v2\/users\/13"}],"replies":[{"embeddable":true,"href":"https:\/\/www.smedemokrati.sk\/sv\/wp-json\/wp\/v2\/comments?post=5348"}],"version-history":[{"count":1,"href":"https:\/\/www.smedemokrati.sk\/sv\/wp-json\/wp\/v2\/posts\/5348\/revisions"}],"predecessor-version":[{"id":5349,"href":"https:\/\/www.smedemokrati.sk\/sv\/wp-json\/wp\/v2\/posts\/5348\/revisions\/5349"}],"wp:featuredmedia":[{"embeddable":true,"href":"https:\/\/www.smedemokrati.sk\/sv\/wp-json\/wp\/v2\/media\/4207"}],"wp:attachment":[{"href":"https:\/\/www.smedemokrati.sk\/sv\/wp-json\/wp\/v2\/media?parent=5348"}],"wp:term":[{"taxonomy":"category","embeddable":true,"href":"https:\/\/www.smedemokrati.sk\/sv\/wp-json\/wp\/v2\/categories?post=5348"},{"taxonomy":"post_tag","embeddable":true,"href":"https:\/\/www.smedemokrati.sk\/sv\/wp-json\/wp\/v2\/tags?post=5348"}],"curies":[{"name":"wp","href":"https:\/\/api.w.org\/{rel}","templated":true}]}}