{"id":5315,"date":"2024-10-10T15:55:08","date_gmt":"2024-10-10T14:55:08","guid":{"rendered":"https:\/\/www.smedemokrati.sk\/?p=5315"},"modified":"2024-10-15T15:29:20","modified_gmt":"2024-10-15T14:29:20","slug":"matecna-by-mala-odist-ale-nie-do-slovinska","status":"publish","type":"post","link":"https:\/\/www.smedemokrati.sk\/sv\/matecna-by-mala-odist-ale-nie-do-slovinska\/","title":{"rendered":"Mate\u010dn\u00e1 by mala od\u00eds\u0165, ale nie do Slovinska"},"content":{"rendered":"<div id=\"fb-root\"><\/div>\n\n<p><strong>V\u00a0utorok strana Demokrati spolo\u010dne s\u00a0Pir\u00e1tskou stranou informovala o\u00a0tom, \u017ee Slovensko kv\u00f4li kauze Dobytk\u00e1r pr\u00edde o\u00a0viac ako 27 mil. euro. Za t\u00fato kauzu nesie politick\u00fa zodpovednos\u0165 Gabriela Mate\u010dn\u00e1, Andrej Danko a\u00a0neposledne i\u00a0Robert Fico. Vl\u00e1dne strany sa sna\u017eia vec ignorova\u0165 a\u00a0ututla\u0165 a\u00a0Gabrielu Mate\u010dn\u00fa chce Andrej Danko \u201eodprata\u0165\u201c na ambas\u00e1du do Slovinska. Pani Mate\u010dn\u00e1 by mala od\u00eds\u0165 z\u00a0poz\u00edcie \u0161t\u00e1tnej tajomn\u00ed\u010dky, nie v\u0161ak do Slovinska, ale pre\u010d z\u00a0verejn\u00e9ho \u017eivota. Dobytk\u00e1r v\u0161ak nie je jedin\u00e1 kauza, dnes prin\u00e1\u0161ame inform\u00e1cie o\u00a0tom, ako Gabriela Mate\u010dn\u00e1 mala zbyto\u010dne zazmluvni\u0165 advok\u00e1tsku kancel\u00e1riu za 1,8 mil. euro. Pr\u00e1ve kv\u00f4li t\u00fdmto skutkom bolo na pani Gabrielu Mate\u010dn\u00fa podan\u00e9 trestn\u00e9 ozn\u00e1menie na Gener\u00e1lnu prokurat\u00faru Slovenskej republiky.<\/strong><\/p>\n\n\n\n<p><em>\u201eV utorok sme informovali, \u017ee kv\u00f4li kauze Dobytk\u00e1r Slovensko pr\u00edde o\u00a0viac ako 27 mil. euro. To s\u00fa peniaze, ktor\u00e9 mali \u00eds\u0165 slovensk\u00fdm po\u013enohospod\u00e1rom. Nep\u00f4jdu v\u0161ak na rozvoj n\u00e1\u0161ho po\u013enohospod\u00e1rstva, ale p\u00f4jdu pre\u010d zo Slovenska. Rovnako pre\u010d sa chyst\u00e1 pod\u013ea na\u0161ich inform\u00e1ci\u00ed i\u00a0Gabriela Mate\u010dn\u00e1, ktor\u00e1 nesie zodpovednos\u0165 za kauzu Dobytk\u00e1r, a\u00a0to rovno na ambas\u00e1du do Slovinska. Andrej Danko vie, \u017ee pani Mate\u010dn\u00e1 je probl\u00e9m, preto sa sna\u017e\u00ed o\u00a0jej upratanie do Slovinska. Gabriela Mate\u010dn\u00e1 m\u00e1 nies\u0165 zodpovednos\u0165 za svoje zlyhania a\u00a0mala by od\u00eds\u0165, ale nie do Slovinska, ale z\u00a0verejn\u00e9ho \u017eivota. Preto opakovane vyz\u00fdvame p\u00e1na Fica a\u00a0Tarabu, aby odvolali Gabrielu Mate\u010dn\u00fa z\u00a0poz\u00edcie tretej, zbyto\u010dnej, \u0161t\u00e1tnej tajomn\u00ed\u010dky ministerstva \u017eivotn\u00e9ho prostredia.\u201c <\/em>hovor\u00ed Juraj \u0160eliga, podpredseda strany Demokrati.<\/p>\n\n\n\n<p>V&nbsp;s\u00favislosti s&nbsp;pani Mate\u010dnou uv\u00e1dzame, \u017ee to nie je jedin\u00fd d\u00f4vod, pre\u010do by mala skon\u010di\u0165. \u010eal\u0161ie z\u00e1va\u017en\u00e9 skuto\u010dnosti prin\u00e1\u0161a pani Zuzana \u0160ubov\u00e1, predsedn\u00ed\u010dka Pir\u00e1tskej strany, ktor\u00e1 spolupracuje na protikorup\u010dn\u00fdch t\u00e9mach so stranou Demokrati.<\/p>\n\n\n\n<p><em>\u201eSlovensk\u00fd pozemkov\u00fd fond a\u00a0Lesy SR sa dlh\u00e9 roky s\u00fadili v\u00a0kauze Slansk\u00e9 lesy, ktor\u00e1 sa t\u00fdkala pozemkov a\u00a0lesov za viac ako 41 mil. euro. \u0160t\u00e1t v\u00a0tomto konan\u00ed zastupovala advok\u00e1tka z\u00a0Ko\u0161\u00edc, ktor\u00e1 pod\u013ea zmluvy o\u00a0pr\u00e1vnej pomoci mala zastupova\u0165 SPF pred v\u0161etk\u00fdmi in\u0161tanciami s\u00fadov SR. T\u00e1to zmluva obsahovala pau\u0161\u00e1lnu odmenu 50 tis\u00edc kor\u00fan. Advok\u00e1tka tento s\u00fadny spor vyhrala aj na prvom stupni, aj na druhom stupni. Spor trval 16 rokov. Protistrana podala na Najvy\u0161\u0161\u00ed s\u00fad dovolanie, v\u00a0zmysle zmluvy medzi SPF a\u00a0Lesy SR a\u00a0advok\u00e1tkou bolo zrejm\u00e9, \u017ee vyjadrenie k\u00a0tomuto dovolaniu mala vypracova\u0165 advok\u00e1tka, ktor\u00e1 zastupovala cel\u00fd spor. Ona tak aj urobila, av\u0161ak do procesu vst\u00fapila Gabriela Mate\u010dn\u00e1, (vtedy riadite\u013eka SPF) a\u00a0rozhodla, \u017ee vyjadrenie k\u00a0dovolaniu bude rie\u0161i\u0165 in\u00e1 pr\u00e1vnick\u00e1 kancel\u00e1ria. Vyjadrenie, ktor\u00e9 bolo vypracovan\u00e9, tak rie\u0161ila in\u00e1 kancel\u00e1ria, a\u00a0to za sumu 1,83 mil. euro. Pani Mate\u010dn\u00e1 sa tv\u00e1rila, \u017ee zmluva medzi advok\u00e1tkou a\u00a0SPF neexistuje, ale ona existuje, a\u00a0m\u00e1me ju k\u00a0dispoz\u00edcii. Pani Mate\u010dn\u00e1 nemala za \u017eiadnych okolnost\u00ed objedn\u00e1va\u0165 u\u017e vypracovan\u00e9 vyjadrenie k\u00a0dovolaniu, a\u00a0u\u017e vonkoncom nie za 1,83 mil. euro. Toto je neobh\u00e1jite\u013en\u00e9 a\u00a0nehospod\u00e1rne. Pr\u00e1ve z\u00a0tohto d\u00f4vodu sme podali trestn\u00e9 ozn\u00e1menie na gener\u00e1lnu prokurat\u00faru, preto\u017ee je tu v\u00e1\u017ene podozrenie, \u017ee tu vznikla \u0161koda \u0161t\u00e1tu 1,83 mil. euro.\u201c <\/em>vysvet\u013euje Zuzana \u0160ubov\u00e1.<\/p>\n\n\n\n<p><em>\u201eTret\u00edm, rovnako z\u00e1va\u017en\u00fdm d\u00f4vodom je riziko prepadnutia stoviek mili\u00f3nov eur z po\u013enohospod\u00e1rskych dot\u00e1ci\u00ed, ktor\u00e9 v\u010dera priznal u\u017e aj minister Tak\u00e1\u010d. V\u00e4\u010d\u0161inu \u010dasu z obdobia \u010derpania bola ministerkou pr\u00e1ve Mate\u010dn\u00e1. A ke\u010f\u017ee Tak\u00e1\u010d nereagoval na na\u0161u v\u00fdzvu aj pr\u00e1vne vym\u00e1ha\u0165 27 mil. euro od zodpovedn\u00fdch os\u00f4b, vyzveme ho na to aj p\u00edsomne. Nech uk\u00e1\u017ee, \u010di mu je prednej\u0161\u00ed z\u00e1ujem da\u0148ov\u00fdch poplatn\u00edkov alebo krytie koali\u010dnej kolegyne,\u201d <\/em>uzavrel Michal Ki\u010da, \u010dlen predsedn\u00edctva strany.<\/p>\n\n\n<div class=\"fb-video\" data-href=\"https:\/\/fb.watch\/v7tWpHEkdZ\" data-allowfullscreen=\"true\" data-autoplay=\"false\" data-width=\"\" data-show-text=\"false\" data-show-captions=\"true\"><\/div>\n","protected":false},"excerpt":{"rendered":"<p>V\u00a0utorok strana Demokrati spolo\u010dne s\u00a0Pir\u00e1tskou stranou informovala o\u00a0tom, \u017ee Slovensko kv\u00f4li kauze Dobytk\u00e1r pr\u00edde o\u00a0viac ako 27 mil. euro. Za t\u00fato kauzu nesie politick\u00fa zodpovednos\u0165 Gabriela Mate\u010dn\u00e1, Andrej Danko a\u00a0neposledne i\u00a0Robert Fico. Vl\u00e1dne strany sa sna\u017eia vec ignorova\u0165 a\u00a0ututla\u0165 a\u00a0Gabrielu Mate\u010dn\u00fa chce Andrej Danko \u201eodprata\u0165\u201c na ambas\u00e1du do Slovinska. Pani Mate\u010dn\u00e1 by mala od\u00eds\u0165 z\u00a0poz\u00edcie [&hellip;]<\/p>\n","protected":false},"author":13,"featured_media":5316,"comment_status":"closed","ping_status":"closed","sticky":false,"template":"","format":"standard","meta":{"_acf_changed":false,"ngg_post_thumbnail":0,"footnotes":""},"categories":[4],"tags":[],"class_list":["post-5315","post","type-post","status-publish","format-standard","has-post-thumbnail","hentry","category-tlacove-spravy"],"acf":[],"yoast_head":"<!-- This site is optimized with the Yoast SEO plugin v27.2 - https:\/\/yoast.com\/product\/yoast-seo-wordpress\/ -->\n<title>Mate\u010dn\u00e1 by mala od\u00eds\u0165, ale nie do Slovinska<\/title>\n<meta name=\"robots\" content=\"index, follow, max-snippet:-1, max-image-preview:large, max-video-preview:-1\" \/>\n<link rel=\"canonical\" href=\"https:\/\/www.smedemokrati.sk\/sv\/matecna-by-mala-odist-ale-nie-do-slovinska\/\" \/>\n<meta property=\"og:locale\" content=\"sv_SE\" \/>\n<meta property=\"og:locale:alternate\" content=\"en_US\" \/>\n<meta property=\"og:locale:alternate\" content=\"cs_CZ\" \/>\n<meta property=\"og:locale:alternate\" content=\"hu_HU\" \/>\n<meta property=\"og:locale:alternate\" content=\"sk_SK\" \/>\n<meta property=\"og:type\" content=\"article\" \/>\n<meta property=\"og:title\" content=\"Mate\u010dn\u00e1 by mala od\u00eds\u0165, ale nie do Slovinska\" \/>\n<meta property=\"og:description\" content=\"V\u00a0utorok strana Demokrati spolo\u010dne s\u00a0Pir\u00e1tskou stranou informovala o\u00a0tom, \u017ee Slovensko kv\u00f4li kauze Dobytk\u00e1r pr\u00edde o\u00a0viac ako 27 mil. euro. Za t\u00fato kauzu nesie politick\u00fa zodpovednos\u0165 Gabriela Mate\u010dn\u00e1, Andrej Danko a\u00a0neposledne i\u00a0Robert Fico. Vl\u00e1dne strany sa sna\u017eia vec ignorova\u0165 a\u00a0ututla\u0165 a\u00a0Gabrielu Mate\u010dn\u00fa chce Andrej Danko \u201eodprata\u0165\u201c na ambas\u00e1du do Slovinska. Pani Mate\u010dn\u00e1 by mala od\u00eds\u0165 z\u00a0poz\u00edcie [&hellip;]\" \/>\n<meta property=\"og:url\" content=\"https:\/\/www.smedemokrati.sk\/sv\/matecna-by-mala-odist-ale-nie-do-slovinska\/\" \/>\n<meta property=\"og:site_name\" content=\"Smedemokrati.sk\" \/>\n<meta property=\"article:publisher\" content=\"https:\/\/www.facebook.com\/smedemokrati2023\" \/>\n<meta property=\"article:published_time\" content=\"2024-10-10T14:55:08+00:00\" \/>\n<meta property=\"article:modified_time\" content=\"2024-10-15T14:29:20+00:00\" \/>\n<meta property=\"og:image\" content=\"https:\/\/www.smedemokrati.sk\/wp-content\/uploads\/2024\/10\/matecna-danko.jpg\" \/>\n\t<meta property=\"og:image:width\" content=\"800\" \/>\n\t<meta property=\"og:image:height\" content=\"450\" \/>\n\t<meta property=\"og:image:type\" content=\"image\/jpeg\" \/>\n<meta name=\"author\" content=\"miro.sopko\" \/>\n<meta name=\"twitter:card\" content=\"summary_large_image\" \/>\n<meta name=\"twitter:label1\" content=\"Skriven av\" \/>\n\t<meta name=\"twitter:data1\" content=\"miro.sopko\" \/>\n\t<meta name=\"twitter:label2\" content=\"Ber\u00e4knad l\u00e4stid\" \/>\n\t<meta name=\"twitter:data2\" content=\"4 minuter\" \/>\n<script type=\"application\/ld+json\" class=\"yoast-schema-graph\">{\"@context\":\"https:\/\/schema.org\",\"@graph\":[{\"@type\":\"Article\",\"@id\":\"https:\/\/www.smedemokrati.sk\/matecna-by-mala-odist-ale-nie-do-slovinska\/#article\",\"isPartOf\":{\"@id\":\"https:\/\/www.smedemokrati.sk\/matecna-by-mala-odist-ale-nie-do-slovinska\/\"},\"author\":{\"name\":\"miro.sopko\",\"@id\":\"https:\/\/www.smedemokrati.sk\/#\/schema\/person\/21f147c88d605aa7ded900e1e7c344ba\"},\"headline\":\"Mate\u010dn\u00e1 by mala od\u00eds\u0165, ale nie do Slovinska\",\"datePublished\":\"2024-10-10T14:55:08+00:00\",\"dateModified\":\"2024-10-15T14:29:20+00:00\",\"mainEntityOfPage\":{\"@id\":\"https:\/\/www.smedemokrati.sk\/matecna-by-mala-odist-ale-nie-do-slovinska\/\"},\"wordCount\":722,\"publisher\":{\"@id\":\"https:\/\/www.smedemokrati.sk\/#organization\"},\"image\":{\"@id\":\"https:\/\/www.smedemokrati.sk\/matecna-by-mala-odist-ale-nie-do-slovinska\/#primaryimage\"},\"thumbnailUrl\":\"https:\/\/www.smedemokrati.sk\/wp-content\/uploads\/2024\/10\/matecna-danko.jpg\",\"articleSection\":[\"Tla\u010dov\u00e9 spr\u00e1vy\"],\"inLanguage\":\"sv-SE\"},{\"@type\":\"WebPage\",\"@id\":\"https:\/\/www.smedemokrati.sk\/matecna-by-mala-odist-ale-nie-do-slovinska\/\",\"url\":\"https:\/\/www.smedemokrati.sk\/matecna-by-mala-odist-ale-nie-do-slovinska\/\",\"name\":\"Mate\u010dn\u00e1 by mala od\u00eds\u0165, ale nie do Slovinska\",\"isPartOf\":{\"@id\":\"https:\/\/www.smedemokrati.sk\/#website\"},\"primaryImageOfPage\":{\"@id\":\"https:\/\/www.smedemokrati.sk\/matecna-by-mala-odist-ale-nie-do-slovinska\/#primaryimage\"},\"image\":{\"@id\":\"https:\/\/www.smedemokrati.sk\/matecna-by-mala-odist-ale-nie-do-slovinska\/#primaryimage\"},\"thumbnailUrl\":\"https:\/\/www.smedemokrati.sk\/wp-content\/uploads\/2024\/10\/matecna-danko.jpg\",\"datePublished\":\"2024-10-10T14:55:08+00:00\",\"dateModified\":\"2024-10-15T14:29:20+00:00\",\"breadcrumb\":{\"@id\":\"https:\/\/www.smedemokrati.sk\/matecna-by-mala-odist-ale-nie-do-slovinska\/#breadcrumb\"},\"inLanguage\":\"sv-SE\",\"potentialAction\":[{\"@type\":\"ReadAction\",\"target\":[\"https:\/\/www.smedemokrati.sk\/matecna-by-mala-odist-ale-nie-do-slovinska\/\"]}]},{\"@type\":\"ImageObject\",\"inLanguage\":\"sv-SE\",\"@id\":\"https:\/\/www.smedemokrati.sk\/matecna-by-mala-odist-ale-nie-do-slovinska\/#primaryimage\",\"url\":\"https:\/\/www.smedemokrati.sk\/wp-content\/uploads\/2024\/10\/matecna-danko.jpg\",\"contentUrl\":\"https:\/\/www.smedemokrati.sk\/wp-content\/uploads\/2024\/10\/matecna-danko.jpg\",\"width\":800,\"height\":450},{\"@type\":\"BreadcrumbList\",\"@id\":\"https:\/\/www.smedemokrati.sk\/matecna-by-mala-odist-ale-nie-do-slovinska\/#breadcrumb\",\"itemListElement\":[{\"@type\":\"ListItem\",\"position\":1,\"name\":\"Domovsk\u00e1 str\u00e1nka\",\"item\":\"https:\/\/www.smedemokrati.sk\/\"},{\"@type\":\"ListItem\",\"position\":2,\"name\":\"Mate\u010dn\u00e1 by mala od\u00eds\u0165, ale nie do Slovinska\"}]},{\"@type\":\"WebSite\",\"@id\":\"https:\/\/www.smedemokrati.sk\/#website\",\"url\":\"https:\/\/www.smedemokrati.sk\/\",\"name\":\"Smedemokrati.sk\",\"description\":\"Demokracia a slu\u0161nos\u0165 zv\u00ed\u0165az\u00ed\",\"publisher\":{\"@id\":\"https:\/\/www.smedemokrati.sk\/#organization\"},\"potentialAction\":[{\"@type\":\"SearchAction\",\"target\":{\"@type\":\"EntryPoint\",\"urlTemplate\":\"https:\/\/www.smedemokrati.sk\/?s={search_term_string}\"},\"query-input\":{\"@type\":\"PropertyValueSpecification\",\"valueRequired\":true,\"valueName\":\"search_term_string\"}}],\"inLanguage\":\"sv-SE\"},{\"@type\":\"Organization\",\"@id\":\"https:\/\/www.smedemokrati.sk\/#organization\",\"name\":\"Smedemokrati.sk\",\"url\":\"https:\/\/www.smedemokrati.sk\/\",\"logo\":{\"@type\":\"ImageObject\",\"inLanguage\":\"sv-SE\",\"@id\":\"https:\/\/www.smedemokrati.sk\/#\/schema\/logo\/image\/\",\"url\":\"https:\/\/www.smedemokrati.sk\/wp-content\/uploads\/2023\/04\/ff.002.jpeg\",\"contentUrl\":\"https:\/\/www.smedemokrati.sk\/wp-content\/uploads\/2023\/04\/ff.002.jpeg\",\"width\":640,\"height\":480,\"caption\":\"Smedemokrati.sk\"},\"image\":{\"@id\":\"https:\/\/www.smedemokrati.sk\/#\/schema\/logo\/image\/\"},\"sameAs\":[\"https:\/\/www.facebook.com\/smedemokrati2023\"]},{\"@type\":\"Person\",\"@id\":\"https:\/\/www.smedemokrati.sk\/#\/schema\/person\/21f147c88d605aa7ded900e1e7c344ba\",\"name\":\"miro.sopko\",\"image\":{\"@type\":\"ImageObject\",\"inLanguage\":\"sv-SE\",\"@id\":\"https:\/\/secure.gravatar.com\/avatar\/267e4a36f704376c109afe3a78740c1f5dd8675a2180a908699e7863c9247606?s=96&d=mm&r=g\",\"url\":\"https:\/\/secure.gravatar.com\/avatar\/267e4a36f704376c109afe3a78740c1f5dd8675a2180a908699e7863c9247606?s=96&d=mm&r=g\",\"contentUrl\":\"https:\/\/secure.gravatar.com\/avatar\/267e4a36f704376c109afe3a78740c1f5dd8675a2180a908699e7863c9247606?s=96&d=mm&r=g\",\"caption\":\"miro.sopko\"},\"url\":\"https:\/\/www.smedemokrati.sk\/sv\/author\/miro-sopko\/\"}]}<\/script>\n<!-- \/ Yoast SEO plugin. -->","yoast_head_json":{"title":"Mate\u010dn\u00e1 by mala od\u00eds\u0165, ale nie do Slovinska","robots":{"index":"index","follow":"follow","max-snippet":"max-snippet:-1","max-image-preview":"max-image-preview:large","max-video-preview":"max-video-preview:-1"},"canonical":"https:\/\/www.smedemokrati.sk\/sv\/matecna-by-mala-odist-ale-nie-do-slovinska\/","og_locale":"sv_SE","og_type":"article","og_title":"[:sk]Mate\u010dn\u00e1 by mala od\u00eds\u0165, ale nie do Slovinska[:] - Smedemokrati.sk","og_description":"V\u00a0utorok strana Demokrati spolo\u010dne s\u00a0Pir\u00e1tskou stranou informovala o\u00a0tom, \u017ee Slovensko kv\u00f4li kauze Dobytk\u00e1r pr\u00edde o\u00a0viac ako 27 mil. euro. Za t\u00fato kauzu nesie politick\u00fa zodpovednos\u0165 Gabriela Mate\u010dn\u00e1, Andrej Danko a\u00a0neposledne i\u00a0Robert Fico. Vl\u00e1dne strany sa sna\u017eia vec ignorova\u0165 a\u00a0ututla\u0165 a\u00a0Gabrielu Mate\u010dn\u00fa chce Andrej Danko \u201eodprata\u0165\u201c na ambas\u00e1du do Slovinska. Pani Mate\u010dn\u00e1 by mala od\u00eds\u0165 z\u00a0poz\u00edcie [&hellip;]","og_url":"https:\/\/www.smedemokrati.sk\/sv\/matecna-by-mala-odist-ale-nie-do-slovinska\/","og_site_name":"Smedemokrati.sk","article_publisher":"https:\/\/www.facebook.com\/smedemokrati2023","article_published_time":"2024-10-10T14:55:08+00:00","article_modified_time":"2024-10-15T14:29:20+00:00","og_image":[{"width":800,"height":450,"url":"https:\/\/www.smedemokrati.sk\/wp-content\/uploads\/2024\/10\/matecna-danko.jpg","type":"image\/jpeg"}],"author":"miro.sopko","twitter_card":"summary_large_image","twitter_misc":{"Skriven av":"miro.sopko","Ber\u00e4knad l\u00e4stid":"4 minuter"},"schema":{"@context":"https:\/\/schema.org","@graph":[{"@type":"Article","@id":"https:\/\/www.smedemokrati.sk\/matecna-by-mala-odist-ale-nie-do-slovinska\/#article","isPartOf":{"@id":"https:\/\/www.smedemokrati.sk\/matecna-by-mala-odist-ale-nie-do-slovinska\/"},"author":{"name":"miro.sopko","@id":"https:\/\/www.smedemokrati.sk\/#\/schema\/person\/21f147c88d605aa7ded900e1e7c344ba"},"headline":"Mate\u010dn\u00e1 by mala od\u00eds\u0165, ale nie do Slovinska","datePublished":"2024-10-10T14:55:08+00:00","dateModified":"2024-10-15T14:29:20+00:00","mainEntityOfPage":{"@id":"https:\/\/www.smedemokrati.sk\/matecna-by-mala-odist-ale-nie-do-slovinska\/"},"wordCount":722,"publisher":{"@id":"https:\/\/www.smedemokrati.sk\/#organization"},"image":{"@id":"https:\/\/www.smedemokrati.sk\/matecna-by-mala-odist-ale-nie-do-slovinska\/#primaryimage"},"thumbnailUrl":"https:\/\/www.smedemokrati.sk\/wp-content\/uploads\/2024\/10\/matecna-danko.jpg","articleSection":["Tla\u010dov\u00e9 spr\u00e1vy"],"inLanguage":"sv-SE"},{"@type":"WebPage","@id":"https:\/\/www.smedemokrati.sk\/matecna-by-mala-odist-ale-nie-do-slovinska\/","url":"https:\/\/www.smedemokrati.sk\/matecna-by-mala-odist-ale-nie-do-slovinska\/","name":"Mate\u010dn\u00e1 by mala od\u00eds\u0165, ale nie do Slovinska","isPartOf":{"@id":"https:\/\/www.smedemokrati.sk\/#website"},"primaryImageOfPage":{"@id":"https:\/\/www.smedemokrati.sk\/matecna-by-mala-odist-ale-nie-do-slovinska\/#primaryimage"},"image":{"@id":"https:\/\/www.smedemokrati.sk\/matecna-by-mala-odist-ale-nie-do-slovinska\/#primaryimage"},"thumbnailUrl":"https:\/\/www.smedemokrati.sk\/wp-content\/uploads\/2024\/10\/matecna-danko.jpg","datePublished":"2024-10-10T14:55:08+00:00","dateModified":"2024-10-15T14:29:20+00:00","breadcrumb":{"@id":"https:\/\/www.smedemokrati.sk\/matecna-by-mala-odist-ale-nie-do-slovinska\/#breadcrumb"},"inLanguage":"sv-SE","potentialAction":[{"@type":"ReadAction","target":["https:\/\/www.smedemokrati.sk\/matecna-by-mala-odist-ale-nie-do-slovinska\/"]}]},{"@type":"ImageObject","inLanguage":"sv-SE","@id":"https:\/\/www.smedemokrati.sk\/matecna-by-mala-odist-ale-nie-do-slovinska\/#primaryimage","url":"https:\/\/www.smedemokrati.sk\/wp-content\/uploads\/2024\/10\/matecna-danko.jpg","contentUrl":"https:\/\/www.smedemokrati.sk\/wp-content\/uploads\/2024\/10\/matecna-danko.jpg","width":800,"height":450},{"@type":"BreadcrumbList","@id":"https:\/\/www.smedemokrati.sk\/matecna-by-mala-odist-ale-nie-do-slovinska\/#breadcrumb","itemListElement":[{"@type":"ListItem","position":1,"name":"Domovsk\u00e1 str\u00e1nka","item":"https:\/\/www.smedemokrati.sk\/"},{"@type":"ListItem","position":2,"name":"Mate\u010dn\u00e1 by mala od\u00eds\u0165, ale nie do Slovinska"}]},{"@type":"WebSite","@id":"https:\/\/www.smedemokrati.sk\/#website","url":"https:\/\/www.smedemokrati.sk\/","name":"Smedemokrati.sk","description":"Demokracia a slu\u0161nos\u0165 zv\u00ed\u0165az\u00ed","publisher":{"@id":"https:\/\/www.smedemokrati.sk\/#organization"},"potentialAction":[{"@type":"SearchAction","target":{"@type":"EntryPoint","urlTemplate":"https:\/\/www.smedemokrati.sk\/?s={search_term_string}"},"query-input":{"@type":"PropertyValueSpecification","valueRequired":true,"valueName":"search_term_string"}}],"inLanguage":"sv-SE"},{"@type":"Organization","@id":"https:\/\/www.smedemokrati.sk\/#organization","name":"Smedemokrati.sk","url":"https:\/\/www.smedemokrati.sk\/","logo":{"@type":"ImageObject","inLanguage":"sv-SE","@id":"https:\/\/www.smedemokrati.sk\/#\/schema\/logo\/image\/","url":"https:\/\/www.smedemokrati.sk\/wp-content\/uploads\/2023\/04\/ff.002.jpeg","contentUrl":"https:\/\/www.smedemokrati.sk\/wp-content\/uploads\/2023\/04\/ff.002.jpeg","width":640,"height":480,"caption":"Smedemokrati.sk"},"image":{"@id":"https:\/\/www.smedemokrati.sk\/#\/schema\/logo\/image\/"},"sameAs":["https:\/\/www.facebook.com\/smedemokrati2023"]},{"@type":"Person","@id":"https:\/\/www.smedemokrati.sk\/#\/schema\/person\/21f147c88d605aa7ded900e1e7c344ba","name":"miro.sopko","image":{"@type":"ImageObject","inLanguage":"sv-SE","@id":"https:\/\/secure.gravatar.com\/avatar\/267e4a36f704376c109afe3a78740c1f5dd8675a2180a908699e7863c9247606?s=96&d=mm&r=g","url":"https:\/\/secure.gravatar.com\/avatar\/267e4a36f704376c109afe3a78740c1f5dd8675a2180a908699e7863c9247606?s=96&d=mm&r=g","contentUrl":"https:\/\/secure.gravatar.com\/avatar\/267e4a36f704376c109afe3a78740c1f5dd8675a2180a908699e7863c9247606?s=96&d=mm&r=g","caption":"miro.sopko"},"url":"https:\/\/www.smedemokrati.sk\/sv\/author\/miro-sopko\/"}]}},"_links":{"self":[{"href":"https:\/\/www.smedemokrati.sk\/sv\/wp-json\/wp\/v2\/posts\/5315","targetHints":{"allow":["GET"]}}],"collection":[{"href":"https:\/\/www.smedemokrati.sk\/sv\/wp-json\/wp\/v2\/posts"}],"about":[{"href":"https:\/\/www.smedemokrati.sk\/sv\/wp-json\/wp\/v2\/types\/post"}],"author":[{"embeddable":true,"href":"https:\/\/www.smedemokrati.sk\/sv\/wp-json\/wp\/v2\/users\/13"}],"replies":[{"embeddable":true,"href":"https:\/\/www.smedemokrati.sk\/sv\/wp-json\/wp\/v2\/comments?post=5315"}],"version-history":[{"count":1,"href":"https:\/\/www.smedemokrati.sk\/sv\/wp-json\/wp\/v2\/posts\/5315\/revisions"}],"predecessor-version":[{"id":5317,"href":"https:\/\/www.smedemokrati.sk\/sv\/wp-json\/wp\/v2\/posts\/5315\/revisions\/5317"}],"wp:featuredmedia":[{"embeddable":true,"href":"https:\/\/www.smedemokrati.sk\/sv\/wp-json\/wp\/v2\/media\/5316"}],"wp:attachment":[{"href":"https:\/\/www.smedemokrati.sk\/sv\/wp-json\/wp\/v2\/media?parent=5315"}],"wp:term":[{"taxonomy":"category","embeddable":true,"href":"https:\/\/www.smedemokrati.sk\/sv\/wp-json\/wp\/v2\/categories?post=5315"},{"taxonomy":"post_tag","embeddable":true,"href":"https:\/\/www.smedemokrati.sk\/sv\/wp-json\/wp\/v2\/tags?post=5315"}],"curies":[{"name":"wp","href":"https:\/\/api.w.org\/{rel}","templated":true}]}}