{"id":5255,"date":"2024-09-30T06:46:13","date_gmt":"2024-09-30T05:46:13","guid":{"rendered":"https:\/\/www.smedemokrati.sk\/?p=5255"},"modified":"2024-11-05T20:37:15","modified_gmt":"2024-11-05T19:37:15","slug":"policajti-odchadzaju-a-minister-vnutra-a-policajny-prezident-riesia-bud-pomstu-alebo-somariny","status":"publish","type":"post","link":"https:\/\/www.smedemokrati.sk\/sv\/policajti-odchadzaju-a-minister-vnutra-a-policajny-prezident-riesia-bud-pomstu-alebo-somariny\/","title":{"rendered":"Policajti odch\u00e1dzaj\u00fa a\u00a0minister vn\u00fatra a\u00a0policajn\u00fd prezident rie\u0161ia bu\u010f pomstu alebo somariny!\u00a0"},"content":{"rendered":"<div id=\"fb-root\"><\/div>\n\n<p><strong>30. september<\/strong> <strong>je posledn\u00fd de\u0148 pre pr\u00edslu\u0161n\u00edkov policajn\u00e9ho zboru, kedy si m\u00f4\u017eu poda\u0165 \u017eiados\u0165 do v\u00fdsluhov\u00e9ho d\u00f4chodku, ak chc\u00fa, aby im bol ich v\u00fdsluhov\u00fd d\u00f4chodok valorizovan\u00fd tohtoro\u010dnou valoriz\u00e1ciou. Policajn\u00fd zbor je pod veden\u00edm ministra \u0160utaja E\u0161toka a\u00a0policajn\u00e9ho prezidenta Sol\u00e1ka v\u00a0rozpade. Odchodom policajtov zo zboru sa op\u00e4\u0165 zhor\u0161\u00ed bezpe\u010dnostn\u00e1 situ\u00e1cia ob\u010danov na Slovensku. Pr\u00e1ve preto si prostredn\u00edctvom \u017eiadosti o inform\u00e1cie p\u00fdtame presn\u00e9 \u00fadaje o\u00a0po\u010dtoch policajtov, ktor\u00ed si podali od 1.1.2024 k\u00a0dne\u0161n\u00e9mu d\u0148u \u017eiados\u0165 o\u00a0v\u00fdsluhov\u00fd d\u00f4chodok alebo z\u00a0policajn\u00e9ho zboru odi\u0161li aj bez n\u00e1roku na v\u00fdsluhov\u00fd d\u00f4chodok. Rovnako sa opakovane p\u00fdtame ako p\u00e1na \u0160utaja E\u0161toka, tak p\u00e1na Sol\u00e1ka, ak\u00e9 s\u00fa ich pl\u00e1ny, aby stabilizovali zl\u00fa situ\u00e1ciu v\u00a0policajnom zbore.<\/strong><\/p>\n\n\n\n<p><em>\u201ePolicajti hromadne odch\u00e1dzaj\u00fa z&nbsp;policajn\u00e9ho zboru, s\u00fa \u0161ikanovan\u00ed, preradzovan\u00ed pod\u013ea \u013eubov\u00f4le politikov, bez oh\u013eadu na ich kvalifik\u00e1ciu. Pri reorganiz\u00e1cii NAKA do\u0161lo k&nbsp;poru\u0161eniu z\u00e1kona, odbor\u00e1rom sa vysmievaj\u00fa a&nbsp;policajtom chc\u00fa zapcha\u0165 \u00fasta 100 eurami. Policajti odch\u00e1dzaj\u00fa z&nbsp;policajn\u00e9ho zboru, preto\u017ee nemaj\u00fa zabezpe\u010den\u00e9 z\u00e1kladn\u00e9 materi\u00e1lne vybavenie, nemaj\u00fa primeran\u00e9 pracovn\u00e9 podmienky, ale najm\u00e4 vedenie policajn\u00e9ho zboru absol\u00fatne a doslova ka\u0161le na situ\u00e1ciu be\u017en\u00fdch policajtov. Namiesto toho vy\u0165a\u017euj\u00fa policajtov \u0161ikanovan\u00edm mlad\u00fdch \u013eud\u00ed po podnikoch v&nbsp;Bratislave alebo prich\u00e1dzaj\u00fa s&nbsp;nezmyseln\u00fdm n\u00e1vrhom na \u010fal\u0161\u00ed a&nbsp;\u00faplne zbyto\u010dn\u00fd prelep policajn\u00fdch \u00e1ut,\u201c<\/em>&nbsp;hovor\u00ed Juraj \u0160eliga podpredseda strany Demokrati.<\/p>\n\n\n\n<p><em>\u201eBezpe\u010dnostn\u00e1 situ\u00e1cia na Slovensku sa zhor\u0161uje, ob\u010dania \u010dakaj\u00fa dlho na policajtov, jednotliv\u00e9 oddelenia nevedia \u201epostavi\u0165\u201c hliadku alebo policajti musia sl\u00fa\u017ei\u0165 extr\u00e9mne ve\u013ea nad\u010dasov. Pr\u00e1ve preto sa opakovane p\u00fdtame ako to chce ministerstvo vn\u00fatra rie\u0161i\u0165 a&nbsp;najm\u00e4, chceme pozna\u0165 presn\u00e9 \u010d\u00edsla \u2013 ko\u013eko policajtov odi\u0161lo z&nbsp;policajn\u00e9ho zboru k&nbsp;dne\u0161n\u00e9mu d\u0148u. \u017dia\u013ebohu, bez oh\u013eadu na doteraj\u0161ie vl\u00e1dy, \u010di to boli pravicov\u00e9 alebo \u013eavicov\u00e9 vl\u00e1dy, mus\u00edm kon\u0161tatova\u0165, \u017ee Ministerstvo vn\u00fatra Slovenskej republiky a&nbsp;Pol\u00edcia Slovenskej republiky, nikdy doteraz nemali tak neschopn\u00e9 vedenie. Pol\u00edcia je v&nbsp;kr\u00edze a&nbsp;minister \u0160utaj E\u0161tok a&nbsp;p\u00e1n Sol\u00e1k rie\u0161ia bu\u010f pomstu alebo somariny,\u201c<\/em>&nbsp;hovor\u00ed Juraj \u0160eliga, podpredseda strany Demokrati.<\/p>\n\n\n\n<p>Presn\u00e9 znenie \u201einfo\u017eiadosti\u201c:<\/p>\n\n\n\n<p>i) ko\u013eko pr\u00edslu\u0161n\u00edkov policajn\u00e9ho zboru si podalo \u017eiados\u0165 o&nbsp;v\u00fdsluhov\u00fd d\u00f4chodok od 1.1.2024 k dne\u0161n\u00e9mu d\u0148u?<\/p>\n\n\n\n<p>(ii) ko\u013eko pr\u00edslu\u0161n\u00edkov policajn\u00e9ho zboru odi\u0161lo z&nbsp;policajn\u00e9ho zboru od 1.1.2024 k dne\u0161n\u00e9mu d\u0148u, a&nbsp;to alebo do v\u00fdsluhov\u00e9ho d\u00f4chodku alebo bez n\u00e1roku na v\u00fdsluhov\u00fd d\u00f4chodok \u2013 tzv. do civilu?<\/p>\n\n\n\n<p>(iii) ak\u00e9 konkr\u00e9tne kroky urobili vedenie PZ SR a&nbsp;MV SR na to, aby zabezpe\u010dili person\u00e1lnu stabilitu policajn\u00e9ho zboru?<\/p>\n\n\n<div class=\"fb-video\" data-href=\"https:\/\/www.facebook.com\/watch\/?mibextid=WC7FNe&v=3783065332009326&rdid=J52MBVViZPGE4yZy\" data-allowfullscreen=\"true\" data-autoplay=\"false\" data-width=\"\" data-show-text=\"false\" data-show-captions=\"true\"><\/div>\n","protected":false},"excerpt":{"rendered":"<p>30. september je posledn\u00fd de\u0148 pre pr\u00edslu\u0161n\u00edkov policajn\u00e9ho zboru, kedy si m\u00f4\u017eu poda\u0165 \u017eiados\u0165 do v\u00fdsluhov\u00e9ho d\u00f4chodku, ak chc\u00fa, aby im bol ich v\u00fdsluhov\u00fd d\u00f4chodok valorizovan\u00fd tohtoro\u010dnou valoriz\u00e1ciou. Policajn\u00fd zbor je pod veden\u00edm ministra \u0160utaja E\u0161toka a\u00a0policajn\u00e9ho prezidenta Sol\u00e1ka v\u00a0rozpade. Odchodom policajtov zo zboru sa op\u00e4\u0165 zhor\u0161\u00ed bezpe\u010dnostn\u00e1 situ\u00e1cia ob\u010danov na Slovensku. Pr\u00e1ve preto si [&hellip;]<\/p>\n","protected":false},"author":13,"featured_media":4137,"comment_status":"closed","ping_status":"closed","sticky":false,"template":"","format":"standard","meta":{"_acf_changed":false,"ngg_post_thumbnail":0,"footnotes":""},"categories":[4],"tags":[],"class_list":["post-5255","post","type-post","status-publish","format-standard","has-post-thumbnail","hentry","category-tlacove-spravy"],"acf":[],"yoast_head":"<!-- This site is optimized with the Yoast SEO plugin v27.2 - https:\/\/yoast.com\/product\/yoast-seo-wordpress\/ -->\n<title>Policajti odch\u00e1dzaj\u00fa a\u00a0minister vn\u00fatra a\u00a0policajn\u00fd prezident rie\u0161ia bu\u010f pomstu alebo somariny!\u00a0<\/title>\n<meta name=\"robots\" content=\"index, follow, max-snippet:-1, max-image-preview:large, max-video-preview:-1\" \/>\n<link rel=\"canonical\" href=\"https:\/\/www.smedemokrati.sk\/sv\/policajti-odchadzaju-a-minister-vnutra-a-policajny-prezident-riesia-bud-pomstu-alebo-somariny\/\" \/>\n<meta property=\"og:locale\" content=\"sv_SE\" \/>\n<meta property=\"og:locale:alternate\" content=\"en_US\" \/>\n<meta property=\"og:locale:alternate\" content=\"cs_CZ\" \/>\n<meta property=\"og:locale:alternate\" content=\"hu_HU\" \/>\n<meta property=\"og:locale:alternate\" content=\"sk_SK\" \/>\n<meta property=\"og:type\" content=\"article\" \/>\n<meta property=\"og:title\" content=\"Policajti odch\u00e1dzaj\u00fa a\u00a0minister vn\u00fatra a\u00a0policajn\u00fd prezident rie\u0161ia bu\u010f pomstu alebo somariny!\u00a0\" \/>\n<meta property=\"og:description\" content=\"30. september je posledn\u00fd de\u0148 pre pr\u00edslu\u0161n\u00edkov policajn\u00e9ho zboru, kedy si m\u00f4\u017eu poda\u0165 \u017eiados\u0165 do v\u00fdsluhov\u00e9ho d\u00f4chodku, ak chc\u00fa, aby im bol ich v\u00fdsluhov\u00fd d\u00f4chodok valorizovan\u00fd tohtoro\u010dnou valoriz\u00e1ciou. Policajn\u00fd zbor je pod veden\u00edm ministra \u0160utaja E\u0161toka a\u00a0policajn\u00e9ho prezidenta Sol\u00e1ka v\u00a0rozpade. Odchodom policajtov zo zboru sa op\u00e4\u0165 zhor\u0161\u00ed bezpe\u010dnostn\u00e1 situ\u00e1cia ob\u010danov na Slovensku. Pr\u00e1ve preto si [&hellip;]\" \/>\n<meta property=\"og:url\" content=\"https:\/\/www.smedemokrati.sk\/sv\/policajti-odchadzaju-a-minister-vnutra-a-policajny-prezident-riesia-bud-pomstu-alebo-somariny\/\" \/>\n<meta property=\"og:site_name\" content=\"Smedemokrati.sk\" \/>\n<meta property=\"article:publisher\" content=\"https:\/\/www.facebook.com\/smedemokrati2023\" \/>\n<meta property=\"article:published_time\" content=\"2024-09-30T05:46:13+00:00\" \/>\n<meta property=\"article:modified_time\" content=\"2024-11-05T19:37:15+00:00\" \/>\n<meta property=\"og:image\" content=\"https:\/\/www.smedemokrati.sk\/wp-content\/uploads\/2024\/05\/sutaj-estok-minister.jpg\" \/>\n\t<meta property=\"og:image:width\" content=\"960\" \/>\n\t<meta property=\"og:image:height\" content=\"540\" \/>\n\t<meta property=\"og:image:type\" content=\"image\/jpeg\" \/>\n<meta name=\"author\" content=\"miro.sopko\" \/>\n<meta name=\"twitter:card\" content=\"summary_large_image\" \/>\n<meta name=\"twitter:label1\" content=\"Skriven av\" \/>\n\t<meta name=\"twitter:data1\" content=\"miro.sopko\" \/>\n\t<meta name=\"twitter:label2\" content=\"Ber\u00e4knad l\u00e4stid\" \/>\n\t<meta name=\"twitter:data2\" content=\"3 minuter\" \/>\n<script type=\"application\/ld+json\" class=\"yoast-schema-graph\">{\"@context\":\"https:\/\/schema.org\",\"@graph\":[{\"@type\":\"Article\",\"@id\":\"https:\/\/www.smedemokrati.sk\/policajti-odchadzaju-a-minister-vnutra-a-policajny-prezident-riesia-bud-pomstu-alebo-somariny\/#article\",\"isPartOf\":{\"@id\":\"https:\/\/www.smedemokrati.sk\/policajti-odchadzaju-a-minister-vnutra-a-policajny-prezident-riesia-bud-pomstu-alebo-somariny\/\"},\"author\":{\"name\":\"miro.sopko\",\"@id\":\"https:\/\/www.smedemokrati.sk\/#\/schema\/person\/21f147c88d605aa7ded900e1e7c344ba\"},\"headline\":\"Policajti odch\u00e1dzaj\u00fa a\u00a0minister vn\u00fatra a\u00a0policajn\u00fd prezident rie\u0161ia bu\u010f pomstu alebo somariny!\u00a0\",\"datePublished\":\"2024-09-30T05:46:13+00:00\",\"dateModified\":\"2024-11-05T19:37:15+00:00\",\"mainEntityOfPage\":{\"@id\":\"https:\/\/www.smedemokrati.sk\/policajti-odchadzaju-a-minister-vnutra-a-policajny-prezident-riesia-bud-pomstu-alebo-somariny\/\"},\"wordCount\":559,\"publisher\":{\"@id\":\"https:\/\/www.smedemokrati.sk\/#organization\"},\"image\":{\"@id\":\"https:\/\/www.smedemokrati.sk\/policajti-odchadzaju-a-minister-vnutra-a-policajny-prezident-riesia-bud-pomstu-alebo-somariny\/#primaryimage\"},\"thumbnailUrl\":\"https:\/\/www.smedemokrati.sk\/wp-content\/uploads\/2024\/05\/sutaj-estok-minister.jpg\",\"articleSection\":[\"Tla\u010dov\u00e9 spr\u00e1vy\"],\"inLanguage\":\"sv-SE\"},{\"@type\":\"WebPage\",\"@id\":\"https:\/\/www.smedemokrati.sk\/policajti-odchadzaju-a-minister-vnutra-a-policajny-prezident-riesia-bud-pomstu-alebo-somariny\/\",\"url\":\"https:\/\/www.smedemokrati.sk\/policajti-odchadzaju-a-minister-vnutra-a-policajny-prezident-riesia-bud-pomstu-alebo-somariny\/\",\"name\":\"Policajti odch\u00e1dzaj\u00fa a\u00a0minister vn\u00fatra a\u00a0policajn\u00fd prezident rie\u0161ia bu\u010f pomstu alebo somariny!\u00a0\",\"isPartOf\":{\"@id\":\"https:\/\/www.smedemokrati.sk\/#website\"},\"primaryImageOfPage\":{\"@id\":\"https:\/\/www.smedemokrati.sk\/policajti-odchadzaju-a-minister-vnutra-a-policajny-prezident-riesia-bud-pomstu-alebo-somariny\/#primaryimage\"},\"image\":{\"@id\":\"https:\/\/www.smedemokrati.sk\/policajti-odchadzaju-a-minister-vnutra-a-policajny-prezident-riesia-bud-pomstu-alebo-somariny\/#primaryimage\"},\"thumbnailUrl\":\"https:\/\/www.smedemokrati.sk\/wp-content\/uploads\/2024\/05\/sutaj-estok-minister.jpg\",\"datePublished\":\"2024-09-30T05:46:13+00:00\",\"dateModified\":\"2024-11-05T19:37:15+00:00\",\"breadcrumb\":{\"@id\":\"https:\/\/www.smedemokrati.sk\/policajti-odchadzaju-a-minister-vnutra-a-policajny-prezident-riesia-bud-pomstu-alebo-somariny\/#breadcrumb\"},\"inLanguage\":\"sv-SE\",\"potentialAction\":[{\"@type\":\"ReadAction\",\"target\":[\"https:\/\/www.smedemokrati.sk\/policajti-odchadzaju-a-minister-vnutra-a-policajny-prezident-riesia-bud-pomstu-alebo-somariny\/\"]}]},{\"@type\":\"ImageObject\",\"inLanguage\":\"sv-SE\",\"@id\":\"https:\/\/www.smedemokrati.sk\/policajti-odchadzaju-a-minister-vnutra-a-policajny-prezident-riesia-bud-pomstu-alebo-somariny\/#primaryimage\",\"url\":\"https:\/\/www.smedemokrati.sk\/wp-content\/uploads\/2024\/05\/sutaj-estok-minister.jpg\",\"contentUrl\":\"https:\/\/www.smedemokrati.sk\/wp-content\/uploads\/2024\/05\/sutaj-estok-minister.jpg\",\"width\":960,\"height\":540},{\"@type\":\"BreadcrumbList\",\"@id\":\"https:\/\/www.smedemokrati.sk\/policajti-odchadzaju-a-minister-vnutra-a-policajny-prezident-riesia-bud-pomstu-alebo-somariny\/#breadcrumb\",\"itemListElement\":[{\"@type\":\"ListItem\",\"position\":1,\"name\":\"Domovsk\u00e1 str\u00e1nka\",\"item\":\"https:\/\/www.smedemokrati.sk\/\"},{\"@type\":\"ListItem\",\"position\":2,\"name\":\"Policajti odch\u00e1dzaj\u00fa a\u00a0minister vn\u00fatra a\u00a0policajn\u00fd prezident rie\u0161ia bu\u010f pomstu alebo somariny!\u00a0\"}]},{\"@type\":\"WebSite\",\"@id\":\"https:\/\/www.smedemokrati.sk\/#website\",\"url\":\"https:\/\/www.smedemokrati.sk\/\",\"name\":\"Smedemokrati.sk\",\"description\":\"Demokracia a slu\u0161nos\u0165 zv\u00ed\u0165az\u00ed\",\"publisher\":{\"@id\":\"https:\/\/www.smedemokrati.sk\/#organization\"},\"potentialAction\":[{\"@type\":\"SearchAction\",\"target\":{\"@type\":\"EntryPoint\",\"urlTemplate\":\"https:\/\/www.smedemokrati.sk\/?s={search_term_string}\"},\"query-input\":{\"@type\":\"PropertyValueSpecification\",\"valueRequired\":true,\"valueName\":\"search_term_string\"}}],\"inLanguage\":\"sv-SE\"},{\"@type\":\"Organization\",\"@id\":\"https:\/\/www.smedemokrati.sk\/#organization\",\"name\":\"Smedemokrati.sk\",\"url\":\"https:\/\/www.smedemokrati.sk\/\",\"logo\":{\"@type\":\"ImageObject\",\"inLanguage\":\"sv-SE\",\"@id\":\"https:\/\/www.smedemokrati.sk\/#\/schema\/logo\/image\/\",\"url\":\"https:\/\/www.smedemokrati.sk\/wp-content\/uploads\/2023\/04\/ff.002.jpeg\",\"contentUrl\":\"https:\/\/www.smedemokrati.sk\/wp-content\/uploads\/2023\/04\/ff.002.jpeg\",\"width\":640,\"height\":480,\"caption\":\"Smedemokrati.sk\"},\"image\":{\"@id\":\"https:\/\/www.smedemokrati.sk\/#\/schema\/logo\/image\/\"},\"sameAs\":[\"https:\/\/www.facebook.com\/smedemokrati2023\"]},{\"@type\":\"Person\",\"@id\":\"https:\/\/www.smedemokrati.sk\/#\/schema\/person\/21f147c88d605aa7ded900e1e7c344ba\",\"name\":\"miro.sopko\",\"image\":{\"@type\":\"ImageObject\",\"inLanguage\":\"sv-SE\",\"@id\":\"https:\/\/secure.gravatar.com\/avatar\/267e4a36f704376c109afe3a78740c1f5dd8675a2180a908699e7863c9247606?s=96&d=mm&r=g\",\"url\":\"https:\/\/secure.gravatar.com\/avatar\/267e4a36f704376c109afe3a78740c1f5dd8675a2180a908699e7863c9247606?s=96&d=mm&r=g\",\"contentUrl\":\"https:\/\/secure.gravatar.com\/avatar\/267e4a36f704376c109afe3a78740c1f5dd8675a2180a908699e7863c9247606?s=96&d=mm&r=g\",\"caption\":\"miro.sopko\"},\"url\":\"https:\/\/www.smedemokrati.sk\/sv\/author\/miro-sopko\/\"}]}<\/script>\n<!-- \/ Yoast SEO plugin. -->","yoast_head_json":{"title":"Policajti odch\u00e1dzaj\u00fa a\u00a0minister vn\u00fatra a\u00a0policajn\u00fd prezident rie\u0161ia bu\u010f pomstu alebo somariny!\u00a0","robots":{"index":"index","follow":"follow","max-snippet":"max-snippet:-1","max-image-preview":"max-image-preview:large","max-video-preview":"max-video-preview:-1"},"canonical":"https:\/\/www.smedemokrati.sk\/sv\/policajti-odchadzaju-a-minister-vnutra-a-policajny-prezident-riesia-bud-pomstu-alebo-somariny\/","og_locale":"sv_SE","og_type":"article","og_title":"[:sk]Policajti odch\u00e1dzaj\u00fa a\u00a0minister vn\u00fatra a\u00a0policajn\u00fd prezident rie\u0161ia bu\u010f pomstu alebo somariny!\u00a0[:] - Smedemokrati.sk","og_description":"30. september je posledn\u00fd de\u0148 pre pr\u00edslu\u0161n\u00edkov policajn\u00e9ho zboru, kedy si m\u00f4\u017eu poda\u0165 \u017eiados\u0165 do v\u00fdsluhov\u00e9ho d\u00f4chodku, ak chc\u00fa, aby im bol ich v\u00fdsluhov\u00fd d\u00f4chodok valorizovan\u00fd tohtoro\u010dnou valoriz\u00e1ciou. Policajn\u00fd zbor je pod veden\u00edm ministra \u0160utaja E\u0161toka a\u00a0policajn\u00e9ho prezidenta Sol\u00e1ka v\u00a0rozpade. Odchodom policajtov zo zboru sa op\u00e4\u0165 zhor\u0161\u00ed bezpe\u010dnostn\u00e1 situ\u00e1cia ob\u010danov na Slovensku. Pr\u00e1ve preto si [&hellip;]","og_url":"https:\/\/www.smedemokrati.sk\/sv\/policajti-odchadzaju-a-minister-vnutra-a-policajny-prezident-riesia-bud-pomstu-alebo-somariny\/","og_site_name":"Smedemokrati.sk","article_publisher":"https:\/\/www.facebook.com\/smedemokrati2023","article_published_time":"2024-09-30T05:46:13+00:00","article_modified_time":"2024-11-05T19:37:15+00:00","og_image":[{"width":960,"height":540,"url":"https:\/\/www.smedemokrati.sk\/wp-content\/uploads\/2024\/05\/sutaj-estok-minister.jpg","type":"image\/jpeg"}],"author":"miro.sopko","twitter_card":"summary_large_image","twitter_misc":{"Skriven av":"miro.sopko","Ber\u00e4knad l\u00e4stid":"3 minuter"},"schema":{"@context":"https:\/\/schema.org","@graph":[{"@type":"Article","@id":"https:\/\/www.smedemokrati.sk\/policajti-odchadzaju-a-minister-vnutra-a-policajny-prezident-riesia-bud-pomstu-alebo-somariny\/#article","isPartOf":{"@id":"https:\/\/www.smedemokrati.sk\/policajti-odchadzaju-a-minister-vnutra-a-policajny-prezident-riesia-bud-pomstu-alebo-somariny\/"},"author":{"name":"miro.sopko","@id":"https:\/\/www.smedemokrati.sk\/#\/schema\/person\/21f147c88d605aa7ded900e1e7c344ba"},"headline":"Policajti odch\u00e1dzaj\u00fa a\u00a0minister vn\u00fatra a\u00a0policajn\u00fd prezident rie\u0161ia bu\u010f pomstu alebo somariny!\u00a0","datePublished":"2024-09-30T05:46:13+00:00","dateModified":"2024-11-05T19:37:15+00:00","mainEntityOfPage":{"@id":"https:\/\/www.smedemokrati.sk\/policajti-odchadzaju-a-minister-vnutra-a-policajny-prezident-riesia-bud-pomstu-alebo-somariny\/"},"wordCount":559,"publisher":{"@id":"https:\/\/www.smedemokrati.sk\/#organization"},"image":{"@id":"https:\/\/www.smedemokrati.sk\/policajti-odchadzaju-a-minister-vnutra-a-policajny-prezident-riesia-bud-pomstu-alebo-somariny\/#primaryimage"},"thumbnailUrl":"https:\/\/www.smedemokrati.sk\/wp-content\/uploads\/2024\/05\/sutaj-estok-minister.jpg","articleSection":["Tla\u010dov\u00e9 spr\u00e1vy"],"inLanguage":"sv-SE"},{"@type":"WebPage","@id":"https:\/\/www.smedemokrati.sk\/policajti-odchadzaju-a-minister-vnutra-a-policajny-prezident-riesia-bud-pomstu-alebo-somariny\/","url":"https:\/\/www.smedemokrati.sk\/policajti-odchadzaju-a-minister-vnutra-a-policajny-prezident-riesia-bud-pomstu-alebo-somariny\/","name":"Policajti odch\u00e1dzaj\u00fa a\u00a0minister vn\u00fatra a\u00a0policajn\u00fd prezident rie\u0161ia bu\u010f pomstu alebo somariny!\u00a0","isPartOf":{"@id":"https:\/\/www.smedemokrati.sk\/#website"},"primaryImageOfPage":{"@id":"https:\/\/www.smedemokrati.sk\/policajti-odchadzaju-a-minister-vnutra-a-policajny-prezident-riesia-bud-pomstu-alebo-somariny\/#primaryimage"},"image":{"@id":"https:\/\/www.smedemokrati.sk\/policajti-odchadzaju-a-minister-vnutra-a-policajny-prezident-riesia-bud-pomstu-alebo-somariny\/#primaryimage"},"thumbnailUrl":"https:\/\/www.smedemokrati.sk\/wp-content\/uploads\/2024\/05\/sutaj-estok-minister.jpg","datePublished":"2024-09-30T05:46:13+00:00","dateModified":"2024-11-05T19:37:15+00:00","breadcrumb":{"@id":"https:\/\/www.smedemokrati.sk\/policajti-odchadzaju-a-minister-vnutra-a-policajny-prezident-riesia-bud-pomstu-alebo-somariny\/#breadcrumb"},"inLanguage":"sv-SE","potentialAction":[{"@type":"ReadAction","target":["https:\/\/www.smedemokrati.sk\/policajti-odchadzaju-a-minister-vnutra-a-policajny-prezident-riesia-bud-pomstu-alebo-somariny\/"]}]},{"@type":"ImageObject","inLanguage":"sv-SE","@id":"https:\/\/www.smedemokrati.sk\/policajti-odchadzaju-a-minister-vnutra-a-policajny-prezident-riesia-bud-pomstu-alebo-somariny\/#primaryimage","url":"https:\/\/www.smedemokrati.sk\/wp-content\/uploads\/2024\/05\/sutaj-estok-minister.jpg","contentUrl":"https:\/\/www.smedemokrati.sk\/wp-content\/uploads\/2024\/05\/sutaj-estok-minister.jpg","width":960,"height":540},{"@type":"BreadcrumbList","@id":"https:\/\/www.smedemokrati.sk\/policajti-odchadzaju-a-minister-vnutra-a-policajny-prezident-riesia-bud-pomstu-alebo-somariny\/#breadcrumb","itemListElement":[{"@type":"ListItem","position":1,"name":"Domovsk\u00e1 str\u00e1nka","item":"https:\/\/www.smedemokrati.sk\/"},{"@type":"ListItem","position":2,"name":"Policajti odch\u00e1dzaj\u00fa a\u00a0minister vn\u00fatra a\u00a0policajn\u00fd prezident rie\u0161ia bu\u010f pomstu alebo somariny!\u00a0"}]},{"@type":"WebSite","@id":"https:\/\/www.smedemokrati.sk\/#website","url":"https:\/\/www.smedemokrati.sk\/","name":"Smedemokrati.sk","description":"Demokracia a slu\u0161nos\u0165 zv\u00ed\u0165az\u00ed","publisher":{"@id":"https:\/\/www.smedemokrati.sk\/#organization"},"potentialAction":[{"@type":"SearchAction","target":{"@type":"EntryPoint","urlTemplate":"https:\/\/www.smedemokrati.sk\/?s={search_term_string}"},"query-input":{"@type":"PropertyValueSpecification","valueRequired":true,"valueName":"search_term_string"}}],"inLanguage":"sv-SE"},{"@type":"Organization","@id":"https:\/\/www.smedemokrati.sk\/#organization","name":"Smedemokrati.sk","url":"https:\/\/www.smedemokrati.sk\/","logo":{"@type":"ImageObject","inLanguage":"sv-SE","@id":"https:\/\/www.smedemokrati.sk\/#\/schema\/logo\/image\/","url":"https:\/\/www.smedemokrati.sk\/wp-content\/uploads\/2023\/04\/ff.002.jpeg","contentUrl":"https:\/\/www.smedemokrati.sk\/wp-content\/uploads\/2023\/04\/ff.002.jpeg","width":640,"height":480,"caption":"Smedemokrati.sk"},"image":{"@id":"https:\/\/www.smedemokrati.sk\/#\/schema\/logo\/image\/"},"sameAs":["https:\/\/www.facebook.com\/smedemokrati2023"]},{"@type":"Person","@id":"https:\/\/www.smedemokrati.sk\/#\/schema\/person\/21f147c88d605aa7ded900e1e7c344ba","name":"miro.sopko","image":{"@type":"ImageObject","inLanguage":"sv-SE","@id":"https:\/\/secure.gravatar.com\/avatar\/267e4a36f704376c109afe3a78740c1f5dd8675a2180a908699e7863c9247606?s=96&d=mm&r=g","url":"https:\/\/secure.gravatar.com\/avatar\/267e4a36f704376c109afe3a78740c1f5dd8675a2180a908699e7863c9247606?s=96&d=mm&r=g","contentUrl":"https:\/\/secure.gravatar.com\/avatar\/267e4a36f704376c109afe3a78740c1f5dd8675a2180a908699e7863c9247606?s=96&d=mm&r=g","caption":"miro.sopko"},"url":"https:\/\/www.smedemokrati.sk\/sv\/author\/miro-sopko\/"}]}},"_links":{"self":[{"href":"https:\/\/www.smedemokrati.sk\/sv\/wp-json\/wp\/v2\/posts\/5255","targetHints":{"allow":["GET"]}}],"collection":[{"href":"https:\/\/www.smedemokrati.sk\/sv\/wp-json\/wp\/v2\/posts"}],"about":[{"href":"https:\/\/www.smedemokrati.sk\/sv\/wp-json\/wp\/v2\/types\/post"}],"author":[{"embeddable":true,"href":"https:\/\/www.smedemokrati.sk\/sv\/wp-json\/wp\/v2\/users\/13"}],"replies":[{"embeddable":true,"href":"https:\/\/www.smedemokrati.sk\/sv\/wp-json\/wp\/v2\/comments?post=5255"}],"version-history":[{"count":1,"href":"https:\/\/www.smedemokrati.sk\/sv\/wp-json\/wp\/v2\/posts\/5255\/revisions"}],"predecessor-version":[{"id":5256,"href":"https:\/\/www.smedemokrati.sk\/sv\/wp-json\/wp\/v2\/posts\/5255\/revisions\/5256"}],"wp:featuredmedia":[{"embeddable":true,"href":"https:\/\/www.smedemokrati.sk\/sv\/wp-json\/wp\/v2\/media\/4137"}],"wp:attachment":[{"href":"https:\/\/www.smedemokrati.sk\/sv\/wp-json\/wp\/v2\/media?parent=5255"}],"wp:term":[{"taxonomy":"category","embeddable":true,"href":"https:\/\/www.smedemokrati.sk\/sv\/wp-json\/wp\/v2\/categories?post=5255"},{"taxonomy":"post_tag","embeddable":true,"href":"https:\/\/www.smedemokrati.sk\/sv\/wp-json\/wp\/v2\/tags?post=5255"}],"curies":[{"name":"wp","href":"https:\/\/api.w.org\/{rel}","templated":true}]}}