{"id":5210,"date":"2024-09-29T09:28:41","date_gmt":"2024-09-29T08:28:41","guid":{"rendered":"https:\/\/www.smedemokrati.sk\/?p=5210"},"modified":"2024-10-09T14:14:42","modified_gmt":"2024-10-09T13:14:42","slug":"demokrati-spustaju-zber-podpisov-na-celoslovenske-referendum-stacilo-fica","status":"publish","type":"post","link":"https:\/\/www.smedemokrati.sk\/sv\/demokrati-spustaju-zber-podpisov-na-celoslovenske-referendum-stacilo-fica\/","title":{"rendered":"Demokrati sp\u00fa\u0161\u0165aj\u00fa zber podpisov na celoslovensk\u00e9 referendum \u201cSTA\u010cILO FICA\u201d"},"content":{"rendered":"<div id=\"fb-root\"><\/div>\n\n<p><strong>Jedinou re\u00e1lnou a z\u00e1rove\u0148 legislat\u00edvnou cestou, ako zastavi\u0165 politiku de\u0161trukcie Roberta Fica je referendum. Demokrati preto dne\u0161n\u00fdm d\u0148om za\u010d\u00ednaj\u00fa so zberom podpisov po celom Slovensku, ktor\u00fdmi sa usiluj\u00fa o skr\u00e1tenie volebn\u00e9ho obdobia s\u00fa\u010dasnej vl\u00e1dy, zru\u0161enie do\u017eivotnej renty pre Roberta Fica a obnovenie \u00daradu \u0161peci\u00e1lnej prokurat\u00fary a N\u00e1rodnej krimin\u00e1lnej agent\u00fary. Strana z\u00e1rove\u0148 oslovuje na spolupr\u00e1cu \u010fal\u0161ie opozi\u010dn\u00e9 parlamentn\u00e9, ale aj mimoparlamentn\u00e9 subjekty.&nbsp;<\/strong><\/p>\n\n\n\n<p>Pod\u013ea Demokratov je na\u010dase reflektova\u0165 na dopyt zo strany verejnosti, ktor\u00e1 nes\u00fahlas\u00ed s krokmi s\u00fa\u010dasnej vl\u00e1dy:\u00a0<em>\u201eUvedomujeme si, \u017ee je to odv\u00e1\u017eny pl\u00e1n, no ak by sme neboli presved\u010den\u00ed, \u017ee je dosiahnute\u013en\u00fd, ne\u0161li by sme do toho. Viete, u\u017e aj smer\u00e1ci si u\u017e v\u0161imli, \u017ee sme jedinou stranou, ktor\u00e1 akt\u00edvne chod\u00ed do regi\u00f3nov aj teraz, mimo predvolebnej kampane. Po\u010dujeme to z\u00fafalstvo \u013eud\u00ed po celom Slovensku, ktor\u00ed n\u00e1s prosia, aby sme zastavili vl\u00e1dny valec. U\u017e nem\u00f4\u017eeme by\u0165 naivne l\u00e1skav\u00ed a veri\u0165, \u017ee zhroma\u017edenia, ktor\u00e9 s\u00fa d\u00f4le\u017eit\u00e9 a vysielaj\u00fa nepochybne siln\u00fd sign\u00e1l, vy\u017een\u00fa zlo z \u00faradu vl\u00e1dy. Pros\u00edm opakovane, spojme sa a po\u0161lime Roberta Fica do politick\u00e9ho zabudnutia. Toto je jedin\u00e1 legislat\u00edvna \u00fastavn\u00e1 a demokratick\u00e1 cesta, ako to urobi\u0165,\u201d<\/em>\u00a0otv\u00e1ra t\u00e9mu predseda Demokratov Jaroslav Na\u010f. Hovor\u00ed tie\u017e, \u017ee na spolupr\u00e1cu oslovil v\u0161etky parlamentn\u00e9 opozi\u010dn\u00e9 strany a tie\u017e mimoparlamentn\u00e9 demokratick\u00e9 strany a bude sa te\u0161i\u0165 z pr\u00edpadnej pozit\u00edvnej reakcie. Z\u00e1rove\u0148 t\u00fato iniciat\u00edvu pova\u017euje za\u00a0mo\u017enos\u0165\u00a0pre \u013eud\u00ed a ako sa k nej postavia je len a len na nich.\u00a0<\/p>\n\n\n\n<p>Juraj \u0160eliga pokra\u010duje, \u017ee na vyhl\u00e1senie referenda je potrebn\u00e9 vyzbiera\u0165 minim\u00e1lne 350 tis\u00edc podpisov, pripraven\u00e1 je P.O. Box adresa, na ktor\u00fa treba podp\u00edsan\u00e9 h\u00e1rky posiela\u0165, nov\u00e1 web str\u00e1nka s inform\u00e1ciami a strana tie\u017e za\u010d\u00edna so zberom podpisov v jednotliv\u00fdch mest\u00e1ch:\u00a0<em>\u201eV\u0161etko je po technickej ale aj legislat\u00edvnej str\u00e1nke pripraven\u00e9. Nie sme \u010dasovo obmedzen\u00ed, no \u010d\u00edm sk\u00f4r sa n\u00e1m podpisy podar\u00ed vyzbiera\u0165, t\u00fdm r\u00fdchlej\u0161ie zabr\u00e1nime d\u00f4sledkom vl\u00e1dnutia Roberta Fica, ktor\u00e9 s\u00fa u\u017e dnes katastrof\u00e1lne. Je to v princ\u00edpe jednoduch\u00e9. Ste nespokojn\u00ed s touto vl\u00e1dou, nes\u00fahlas\u00edte, \u017ee m\u00e1 premi\u00e9r do\u017eivotn\u00fa rentu a \u017ee zru\u0161ili in\u0161tit\u00facie, ktor\u00e9 garantovali spravodlivos\u0165? Podp\u00ed\u0161te sa. Pet\u00edcia je v tomto momente jedin\u00e1 \u00fastavn\u00e1 a demokratick\u00e1 mo\u017enos\u0165, ktor\u00fa m\u00e1me ak chceme, aby vl\u00e1da Roberta Fica skon\u010dila sk\u00f4r.\u201d\u00a0<\/em><\/p>\n\n\n\n<p>V\u0161etky potrebn\u00e9 inform\u00e1cie, ako aj referendov\u00e9 ot\u00e1zky, podrobnosti o mo\u017enosti akt\u00edvneho zapojenia sa a h\u00e1rok na stiahnutie n\u00e1jde verejnos\u0165 na:&nbsp;&nbsp;<a href=\"http:\/\/www.stacilofica.sk\/\" target=\"_blank\" rel=\"noreferrer noopener\">www.stacilofica.sk<\/a>&nbsp;. Na webovom s\u00eddle bud\u00fa postupne aktualizovan\u00e9 podujatia po celom Slovensku, ktor\u00fdch sa z\u00fa\u010dastnia z\u00e1stupcovia a predstavitelia strany a bude mo\u017en\u00e9 priamo na mieste odovzda\u0165 svoj podpis.&nbsp;<\/p>\n\n\n\n<p>Tla\u010dov\u00e1 konferencia:<\/p>\n\n\n\n<figure class=\"wp-block-embed is-type-video is-provider-youtube wp-block-embed-youtube wp-embed-aspect-16-9 wp-has-aspect-ratio\"><div class=\"wp-block-embed__wrapper\">\n<iframe title=\"Sta\u010dilo Fica!\" width=\"500\" height=\"281\" src=\"https:\/\/www.youtube.com\/embed\/SL4FGgZB8y4?feature=oembed\" frameborder=\"0\" allow=\"accelerometer; autoplay; clipboard-write; encrypted-media; gyroscope; picture-in-picture; web-share\" referrerpolicy=\"strict-origin-when-cross-origin\" allowfullscreen><\/iframe>\n<\/div><\/figure>\n","protected":false},"excerpt":{"rendered":"<p>Jedinou re\u00e1lnou a z\u00e1rove\u0148 legislat\u00edvnou cestou, ako zastavi\u0165 politiku de\u0161trukcie Roberta Fica je referendum. Demokrati preto dne\u0161n\u00fdm d\u0148om za\u010d\u00ednaj\u00fa so zberom podpisov po celom Slovensku, ktor\u00fdmi sa usiluj\u00fa o skr\u00e1tenie volebn\u00e9ho obdobia s\u00fa\u010dasnej vl\u00e1dy, zru\u0161enie do\u017eivotnej renty pre Roberta Fica a obnovenie \u00daradu \u0161peci\u00e1lnej prokurat\u00fary a N\u00e1rodnej krimin\u00e1lnej agent\u00fary. Strana z\u00e1rove\u0148 oslovuje na spolupr\u00e1cu \u010fal\u0161ie [&hellip;]<\/p>\n","protected":false},"author":13,"featured_media":5211,"comment_status":"closed","ping_status":"closed","sticky":false,"template":"","format":"standard","meta":{"_acf_changed":false,"ngg_post_thumbnail":0,"footnotes":""},"categories":[4],"tags":[],"class_list":["post-5210","post","type-post","status-publish","format-standard","has-post-thumbnail","hentry","category-tlacove-spravy"],"acf":[],"yoast_head":"<!-- This site is optimized with the Yoast SEO plugin v27.2 - https:\/\/yoast.com\/product\/yoast-seo-wordpress\/ -->\n<title>Demokrati sp\u00fa\u0161\u0165aj\u00fa zber podpisov na celoslovensk\u00e9 referendum \u201cSTA\u010cILO FICA\u201d<\/title>\n<meta name=\"robots\" content=\"index, follow, max-snippet:-1, max-image-preview:large, max-video-preview:-1\" \/>\n<link rel=\"canonical\" href=\"https:\/\/www.smedemokrati.sk\/sv\/demokrati-spustaju-zber-podpisov-na-celoslovenske-referendum-stacilo-fica\/\" \/>\n<meta property=\"og:locale\" content=\"sv_SE\" \/>\n<meta property=\"og:locale:alternate\" content=\"en_US\" \/>\n<meta property=\"og:locale:alternate\" content=\"cs_CZ\" \/>\n<meta property=\"og:locale:alternate\" content=\"hu_HU\" \/>\n<meta property=\"og:locale:alternate\" content=\"sk_SK\" \/>\n<meta property=\"og:type\" content=\"article\" \/>\n<meta property=\"og:title\" content=\"Demokrati sp\u00fa\u0161\u0165aj\u00fa zber podpisov na celoslovensk\u00e9 referendum \u201cSTA\u010cILO FICA\u201d\" \/>\n<meta property=\"og:description\" content=\"Jedinou re\u00e1lnou a z\u00e1rove\u0148 legislat\u00edvnou cestou, ako zastavi\u0165 politiku de\u0161trukcie Roberta Fica je referendum. Demokrati preto dne\u0161n\u00fdm d\u0148om za\u010d\u00ednaj\u00fa so zberom podpisov po celom Slovensku, ktor\u00fdmi sa usiluj\u00fa o skr\u00e1tenie volebn\u00e9ho obdobia s\u00fa\u010dasnej vl\u00e1dy, zru\u0161enie do\u017eivotnej renty pre Roberta Fica a obnovenie \u00daradu \u0161peci\u00e1lnej prokurat\u00fary a N\u00e1rodnej krimin\u00e1lnej agent\u00fary. Strana z\u00e1rove\u0148 oslovuje na spolupr\u00e1cu \u010fal\u0161ie [&hellip;]\" \/>\n<meta property=\"og:url\" content=\"https:\/\/www.smedemokrati.sk\/sv\/demokrati-spustaju-zber-podpisov-na-celoslovenske-referendum-stacilo-fica\/\" \/>\n<meta property=\"og:site_name\" content=\"Smedemokrati.sk\" \/>\n<meta property=\"article:publisher\" content=\"https:\/\/www.facebook.com\/smedemokrati2023\" \/>\n<meta property=\"article:published_time\" content=\"2024-09-29T08:28:41+00:00\" \/>\n<meta property=\"article:modified_time\" content=\"2024-10-09T13:14:42+00:00\" \/>\n<meta property=\"og:image\" content=\"https:\/\/www.smedemokrati.sk\/wp-content\/uploads\/2024\/09\/stacilofica.jpg\" \/>\n\t<meta property=\"og:image:width\" content=\"1592\" \/>\n\t<meta property=\"og:image:height\" content=\"739\" \/>\n\t<meta property=\"og:image:type\" content=\"image\/jpeg\" \/>\n<meta name=\"author\" content=\"miro.sopko\" \/>\n<meta name=\"twitter:card\" content=\"summary_large_image\" \/>\n<meta name=\"twitter:label1\" content=\"Skriven av\" \/>\n\t<meta name=\"twitter:data1\" content=\"miro.sopko\" \/>\n\t<meta name=\"twitter:label2\" content=\"Ber\u00e4knad l\u00e4stid\" \/>\n\t<meta name=\"twitter:data2\" content=\"3 minuter\" \/>\n<script type=\"application\/ld+json\" class=\"yoast-schema-graph\">{\"@context\":\"https:\/\/schema.org\",\"@graph\":[{\"@type\":\"Article\",\"@id\":\"https:\/\/www.smedemokrati.sk\/demokrati-spustaju-zber-podpisov-na-celoslovenske-referendum-stacilo-fica\/#article\",\"isPartOf\":{\"@id\":\"https:\/\/www.smedemokrati.sk\/demokrati-spustaju-zber-podpisov-na-celoslovenske-referendum-stacilo-fica\/\"},\"author\":{\"name\":\"miro.sopko\",\"@id\":\"https:\/\/www.smedemokrati.sk\/#\/schema\/person\/21f147c88d605aa7ded900e1e7c344ba\"},\"headline\":\"Demokrati sp\u00fa\u0161\u0165aj\u00fa zber podpisov na celoslovensk\u00e9 referendum \u201cSTA\u010cILO FICA\u201d\",\"datePublished\":\"2024-09-29T08:28:41+00:00\",\"dateModified\":\"2024-10-09T13:14:42+00:00\",\"mainEntityOfPage\":{\"@id\":\"https:\/\/www.smedemokrati.sk\/demokrati-spustaju-zber-podpisov-na-celoslovenske-referendum-stacilo-fica\/\"},\"wordCount\":542,\"publisher\":{\"@id\":\"https:\/\/www.smedemokrati.sk\/#organization\"},\"image\":{\"@id\":\"https:\/\/www.smedemokrati.sk\/demokrati-spustaju-zber-podpisov-na-celoslovenske-referendum-stacilo-fica\/#primaryimage\"},\"thumbnailUrl\":\"https:\/\/www.smedemokrati.sk\/wp-content\/uploads\/2024\/09\/stacilofica.jpg\",\"articleSection\":[\"Tla\u010dov\u00e9 spr\u00e1vy\"],\"inLanguage\":\"sv-SE\"},{\"@type\":\"WebPage\",\"@id\":\"https:\/\/www.smedemokrati.sk\/demokrati-spustaju-zber-podpisov-na-celoslovenske-referendum-stacilo-fica\/\",\"url\":\"https:\/\/www.smedemokrati.sk\/demokrati-spustaju-zber-podpisov-na-celoslovenske-referendum-stacilo-fica\/\",\"name\":\"Demokrati sp\u00fa\u0161\u0165aj\u00fa zber podpisov na celoslovensk\u00e9 referendum \u201cSTA\u010cILO FICA\u201d\",\"isPartOf\":{\"@id\":\"https:\/\/www.smedemokrati.sk\/#website\"},\"primaryImageOfPage\":{\"@id\":\"https:\/\/www.smedemokrati.sk\/demokrati-spustaju-zber-podpisov-na-celoslovenske-referendum-stacilo-fica\/#primaryimage\"},\"image\":{\"@id\":\"https:\/\/www.smedemokrati.sk\/demokrati-spustaju-zber-podpisov-na-celoslovenske-referendum-stacilo-fica\/#primaryimage\"},\"thumbnailUrl\":\"https:\/\/www.smedemokrati.sk\/wp-content\/uploads\/2024\/09\/stacilofica.jpg\",\"datePublished\":\"2024-09-29T08:28:41+00:00\",\"dateModified\":\"2024-10-09T13:14:42+00:00\",\"breadcrumb\":{\"@id\":\"https:\/\/www.smedemokrati.sk\/demokrati-spustaju-zber-podpisov-na-celoslovenske-referendum-stacilo-fica\/#breadcrumb\"},\"inLanguage\":\"sv-SE\",\"potentialAction\":[{\"@type\":\"ReadAction\",\"target\":[\"https:\/\/www.smedemokrati.sk\/demokrati-spustaju-zber-podpisov-na-celoslovenske-referendum-stacilo-fica\/\"]}]},{\"@type\":\"ImageObject\",\"inLanguage\":\"sv-SE\",\"@id\":\"https:\/\/www.smedemokrati.sk\/demokrati-spustaju-zber-podpisov-na-celoslovenske-referendum-stacilo-fica\/#primaryimage\",\"url\":\"https:\/\/www.smedemokrati.sk\/wp-content\/uploads\/2024\/09\/stacilofica.jpg\",\"contentUrl\":\"https:\/\/www.smedemokrati.sk\/wp-content\/uploads\/2024\/09\/stacilofica.jpg\",\"width\":1592,\"height\":739},{\"@type\":\"BreadcrumbList\",\"@id\":\"https:\/\/www.smedemokrati.sk\/demokrati-spustaju-zber-podpisov-na-celoslovenske-referendum-stacilo-fica\/#breadcrumb\",\"itemListElement\":[{\"@type\":\"ListItem\",\"position\":1,\"name\":\"Domovsk\u00e1 str\u00e1nka\",\"item\":\"https:\/\/www.smedemokrati.sk\/\"},{\"@type\":\"ListItem\",\"position\":2,\"name\":\"Demokrati sp\u00fa\u0161\u0165aj\u00fa zber podpisov na celoslovensk\u00e9 referendum \u201cSTA\u010cILO FICA\u201d\"}]},{\"@type\":\"WebSite\",\"@id\":\"https:\/\/www.smedemokrati.sk\/#website\",\"url\":\"https:\/\/www.smedemokrati.sk\/\",\"name\":\"Smedemokrati.sk\",\"description\":\"Demokracia a slu\u0161nos\u0165 zv\u00ed\u0165az\u00ed\",\"publisher\":{\"@id\":\"https:\/\/www.smedemokrati.sk\/#organization\"},\"potentialAction\":[{\"@type\":\"SearchAction\",\"target\":{\"@type\":\"EntryPoint\",\"urlTemplate\":\"https:\/\/www.smedemokrati.sk\/?s={search_term_string}\"},\"query-input\":{\"@type\":\"PropertyValueSpecification\",\"valueRequired\":true,\"valueName\":\"search_term_string\"}}],\"inLanguage\":\"sv-SE\"},{\"@type\":\"Organization\",\"@id\":\"https:\/\/www.smedemokrati.sk\/#organization\",\"name\":\"Smedemokrati.sk\",\"url\":\"https:\/\/www.smedemokrati.sk\/\",\"logo\":{\"@type\":\"ImageObject\",\"inLanguage\":\"sv-SE\",\"@id\":\"https:\/\/www.smedemokrati.sk\/#\/schema\/logo\/image\/\",\"url\":\"https:\/\/www.smedemokrati.sk\/wp-content\/uploads\/2023\/04\/ff.002.jpeg\",\"contentUrl\":\"https:\/\/www.smedemokrati.sk\/wp-content\/uploads\/2023\/04\/ff.002.jpeg\",\"width\":640,\"height\":480,\"caption\":\"Smedemokrati.sk\"},\"image\":{\"@id\":\"https:\/\/www.smedemokrati.sk\/#\/schema\/logo\/image\/\"},\"sameAs\":[\"https:\/\/www.facebook.com\/smedemokrati2023\"]},{\"@type\":\"Person\",\"@id\":\"https:\/\/www.smedemokrati.sk\/#\/schema\/person\/21f147c88d605aa7ded900e1e7c344ba\",\"name\":\"miro.sopko\",\"image\":{\"@type\":\"ImageObject\",\"inLanguage\":\"sv-SE\",\"@id\":\"https:\/\/secure.gravatar.com\/avatar\/267e4a36f704376c109afe3a78740c1f5dd8675a2180a908699e7863c9247606?s=96&d=mm&r=g\",\"url\":\"https:\/\/secure.gravatar.com\/avatar\/267e4a36f704376c109afe3a78740c1f5dd8675a2180a908699e7863c9247606?s=96&d=mm&r=g\",\"contentUrl\":\"https:\/\/secure.gravatar.com\/avatar\/267e4a36f704376c109afe3a78740c1f5dd8675a2180a908699e7863c9247606?s=96&d=mm&r=g\",\"caption\":\"miro.sopko\"},\"url\":\"https:\/\/www.smedemokrati.sk\/sv\/author\/miro-sopko\/\"}]}<\/script>\n<!-- \/ Yoast SEO plugin. -->","yoast_head_json":{"title":"Demokrati sp\u00fa\u0161\u0165aj\u00fa zber podpisov na celoslovensk\u00e9 referendum \u201cSTA\u010cILO FICA\u201d","robots":{"index":"index","follow":"follow","max-snippet":"max-snippet:-1","max-image-preview":"max-image-preview:large","max-video-preview":"max-video-preview:-1"},"canonical":"https:\/\/www.smedemokrati.sk\/sv\/demokrati-spustaju-zber-podpisov-na-celoslovenske-referendum-stacilo-fica\/","og_locale":"sv_SE","og_type":"article","og_title":"[:sk]Demokrati sp\u00fa\u0161\u0165aj\u00fa zber podpisov na celoslovensk\u00e9 referendum \u201cSTA\u010cILO FICA\u201d[:] - Smedemokrati.sk","og_description":"Jedinou re\u00e1lnou a z\u00e1rove\u0148 legislat\u00edvnou cestou, ako zastavi\u0165 politiku de\u0161trukcie Roberta Fica je referendum. Demokrati preto dne\u0161n\u00fdm d\u0148om za\u010d\u00ednaj\u00fa so zberom podpisov po celom Slovensku, ktor\u00fdmi sa usiluj\u00fa o skr\u00e1tenie volebn\u00e9ho obdobia s\u00fa\u010dasnej vl\u00e1dy, zru\u0161enie do\u017eivotnej renty pre Roberta Fica a obnovenie \u00daradu \u0161peci\u00e1lnej prokurat\u00fary a N\u00e1rodnej krimin\u00e1lnej agent\u00fary. Strana z\u00e1rove\u0148 oslovuje na spolupr\u00e1cu \u010fal\u0161ie [&hellip;]","og_url":"https:\/\/www.smedemokrati.sk\/sv\/demokrati-spustaju-zber-podpisov-na-celoslovenske-referendum-stacilo-fica\/","og_site_name":"Smedemokrati.sk","article_publisher":"https:\/\/www.facebook.com\/smedemokrati2023","article_published_time":"2024-09-29T08:28:41+00:00","article_modified_time":"2024-10-09T13:14:42+00:00","og_image":[{"width":1592,"height":739,"url":"https:\/\/www.smedemokrati.sk\/wp-content\/uploads\/2024\/09\/stacilofica.jpg","type":"image\/jpeg"}],"author":"miro.sopko","twitter_card":"summary_large_image","twitter_misc":{"Skriven av":"miro.sopko","Ber\u00e4knad l\u00e4stid":"3 minuter"},"schema":{"@context":"https:\/\/schema.org","@graph":[{"@type":"Article","@id":"https:\/\/www.smedemokrati.sk\/demokrati-spustaju-zber-podpisov-na-celoslovenske-referendum-stacilo-fica\/#article","isPartOf":{"@id":"https:\/\/www.smedemokrati.sk\/demokrati-spustaju-zber-podpisov-na-celoslovenske-referendum-stacilo-fica\/"},"author":{"name":"miro.sopko","@id":"https:\/\/www.smedemokrati.sk\/#\/schema\/person\/21f147c88d605aa7ded900e1e7c344ba"},"headline":"Demokrati sp\u00fa\u0161\u0165aj\u00fa zber podpisov na celoslovensk\u00e9 referendum \u201cSTA\u010cILO FICA\u201d","datePublished":"2024-09-29T08:28:41+00:00","dateModified":"2024-10-09T13:14:42+00:00","mainEntityOfPage":{"@id":"https:\/\/www.smedemokrati.sk\/demokrati-spustaju-zber-podpisov-na-celoslovenske-referendum-stacilo-fica\/"},"wordCount":542,"publisher":{"@id":"https:\/\/www.smedemokrati.sk\/#organization"},"image":{"@id":"https:\/\/www.smedemokrati.sk\/demokrati-spustaju-zber-podpisov-na-celoslovenske-referendum-stacilo-fica\/#primaryimage"},"thumbnailUrl":"https:\/\/www.smedemokrati.sk\/wp-content\/uploads\/2024\/09\/stacilofica.jpg","articleSection":["Tla\u010dov\u00e9 spr\u00e1vy"],"inLanguage":"sv-SE"},{"@type":"WebPage","@id":"https:\/\/www.smedemokrati.sk\/demokrati-spustaju-zber-podpisov-na-celoslovenske-referendum-stacilo-fica\/","url":"https:\/\/www.smedemokrati.sk\/demokrati-spustaju-zber-podpisov-na-celoslovenske-referendum-stacilo-fica\/","name":"Demokrati sp\u00fa\u0161\u0165aj\u00fa zber podpisov na celoslovensk\u00e9 referendum \u201cSTA\u010cILO FICA\u201d","isPartOf":{"@id":"https:\/\/www.smedemokrati.sk\/#website"},"primaryImageOfPage":{"@id":"https:\/\/www.smedemokrati.sk\/demokrati-spustaju-zber-podpisov-na-celoslovenske-referendum-stacilo-fica\/#primaryimage"},"image":{"@id":"https:\/\/www.smedemokrati.sk\/demokrati-spustaju-zber-podpisov-na-celoslovenske-referendum-stacilo-fica\/#primaryimage"},"thumbnailUrl":"https:\/\/www.smedemokrati.sk\/wp-content\/uploads\/2024\/09\/stacilofica.jpg","datePublished":"2024-09-29T08:28:41+00:00","dateModified":"2024-10-09T13:14:42+00:00","breadcrumb":{"@id":"https:\/\/www.smedemokrati.sk\/demokrati-spustaju-zber-podpisov-na-celoslovenske-referendum-stacilo-fica\/#breadcrumb"},"inLanguage":"sv-SE","potentialAction":[{"@type":"ReadAction","target":["https:\/\/www.smedemokrati.sk\/demokrati-spustaju-zber-podpisov-na-celoslovenske-referendum-stacilo-fica\/"]}]},{"@type":"ImageObject","inLanguage":"sv-SE","@id":"https:\/\/www.smedemokrati.sk\/demokrati-spustaju-zber-podpisov-na-celoslovenske-referendum-stacilo-fica\/#primaryimage","url":"https:\/\/www.smedemokrati.sk\/wp-content\/uploads\/2024\/09\/stacilofica.jpg","contentUrl":"https:\/\/www.smedemokrati.sk\/wp-content\/uploads\/2024\/09\/stacilofica.jpg","width":1592,"height":739},{"@type":"BreadcrumbList","@id":"https:\/\/www.smedemokrati.sk\/demokrati-spustaju-zber-podpisov-na-celoslovenske-referendum-stacilo-fica\/#breadcrumb","itemListElement":[{"@type":"ListItem","position":1,"name":"Domovsk\u00e1 str\u00e1nka","item":"https:\/\/www.smedemokrati.sk\/"},{"@type":"ListItem","position":2,"name":"Demokrati sp\u00fa\u0161\u0165aj\u00fa zber podpisov na celoslovensk\u00e9 referendum \u201cSTA\u010cILO FICA\u201d"}]},{"@type":"WebSite","@id":"https:\/\/www.smedemokrati.sk\/#website","url":"https:\/\/www.smedemokrati.sk\/","name":"Smedemokrati.sk","description":"Demokracia a slu\u0161nos\u0165 zv\u00ed\u0165az\u00ed","publisher":{"@id":"https:\/\/www.smedemokrati.sk\/#organization"},"potentialAction":[{"@type":"SearchAction","target":{"@type":"EntryPoint","urlTemplate":"https:\/\/www.smedemokrati.sk\/?s={search_term_string}"},"query-input":{"@type":"PropertyValueSpecification","valueRequired":true,"valueName":"search_term_string"}}],"inLanguage":"sv-SE"},{"@type":"Organization","@id":"https:\/\/www.smedemokrati.sk\/#organization","name":"Smedemokrati.sk","url":"https:\/\/www.smedemokrati.sk\/","logo":{"@type":"ImageObject","inLanguage":"sv-SE","@id":"https:\/\/www.smedemokrati.sk\/#\/schema\/logo\/image\/","url":"https:\/\/www.smedemokrati.sk\/wp-content\/uploads\/2023\/04\/ff.002.jpeg","contentUrl":"https:\/\/www.smedemokrati.sk\/wp-content\/uploads\/2023\/04\/ff.002.jpeg","width":640,"height":480,"caption":"Smedemokrati.sk"},"image":{"@id":"https:\/\/www.smedemokrati.sk\/#\/schema\/logo\/image\/"},"sameAs":["https:\/\/www.facebook.com\/smedemokrati2023"]},{"@type":"Person","@id":"https:\/\/www.smedemokrati.sk\/#\/schema\/person\/21f147c88d605aa7ded900e1e7c344ba","name":"miro.sopko","image":{"@type":"ImageObject","inLanguage":"sv-SE","@id":"https:\/\/secure.gravatar.com\/avatar\/267e4a36f704376c109afe3a78740c1f5dd8675a2180a908699e7863c9247606?s=96&d=mm&r=g","url":"https:\/\/secure.gravatar.com\/avatar\/267e4a36f704376c109afe3a78740c1f5dd8675a2180a908699e7863c9247606?s=96&d=mm&r=g","contentUrl":"https:\/\/secure.gravatar.com\/avatar\/267e4a36f704376c109afe3a78740c1f5dd8675a2180a908699e7863c9247606?s=96&d=mm&r=g","caption":"miro.sopko"},"url":"https:\/\/www.smedemokrati.sk\/sv\/author\/miro-sopko\/"}]}},"_links":{"self":[{"href":"https:\/\/www.smedemokrati.sk\/sv\/wp-json\/wp\/v2\/posts\/5210","targetHints":{"allow":["GET"]}}],"collection":[{"href":"https:\/\/www.smedemokrati.sk\/sv\/wp-json\/wp\/v2\/posts"}],"about":[{"href":"https:\/\/www.smedemokrati.sk\/sv\/wp-json\/wp\/v2\/types\/post"}],"author":[{"embeddable":true,"href":"https:\/\/www.smedemokrati.sk\/sv\/wp-json\/wp\/v2\/users\/13"}],"replies":[{"embeddable":true,"href":"https:\/\/www.smedemokrati.sk\/sv\/wp-json\/wp\/v2\/comments?post=5210"}],"version-history":[{"count":1,"href":"https:\/\/www.smedemokrati.sk\/sv\/wp-json\/wp\/v2\/posts\/5210\/revisions"}],"predecessor-version":[{"id":5212,"href":"https:\/\/www.smedemokrati.sk\/sv\/wp-json\/wp\/v2\/posts\/5210\/revisions\/5212"}],"wp:featuredmedia":[{"embeddable":true,"href":"https:\/\/www.smedemokrati.sk\/sv\/wp-json\/wp\/v2\/media\/5211"}],"wp:attachment":[{"href":"https:\/\/www.smedemokrati.sk\/sv\/wp-json\/wp\/v2\/media?parent=5210"}],"wp:term":[{"taxonomy":"category","embeddable":true,"href":"https:\/\/www.smedemokrati.sk\/sv\/wp-json\/wp\/v2\/categories?post=5210"},{"taxonomy":"post_tag","embeddable":true,"href":"https:\/\/www.smedemokrati.sk\/sv\/wp-json\/wp\/v2\/tags?post=5210"}],"curies":[{"name":"wp","href":"https:\/\/api.w.org\/{rel}","templated":true}]}}