{"id":5052,"date":"2024-09-04T12:15:10","date_gmt":"2024-09-04T11:15:10","guid":{"rendered":"https:\/\/www.smedemokrati.sk\/?p=5052"},"modified":"2024-09-11T16:41:48","modified_gmt":"2024-09-11T15:41:48","slug":"taraba-v-rieseni-sporu-o-gabcikovo-zlyhava-pri-ochrane-zaujmov-slovenska-fico-musi-konat","status":"publish","type":"post","link":"https:\/\/www.smedemokrati.sk\/sv\/taraba-v-rieseni-sporu-o-gabcikovo-zlyhava-pri-ochrane-zaujmov-slovenska-fico-musi-konat\/","title":{"rendered":"Taraba v rie\u0161en\u00ed sporu o Gab\u010d\u00edkovo zlyh\u00e1va pri ochrane z\u00e1ujmov Slovenska. Fico mus\u00ed kona\u0165"},"content":{"rendered":"<div id=\"fb-root\"><\/div>\n\n<p><strong>U\u017e dnes m\u00f4\u017ee vl\u00e1da rie\u0161i\u0165 predbe\u017en\u00fa dohodu s Ma\u010farskom v spore o Vodn\u00e9 dielo Gab\u010d\u00edkovo. Demokrati disponuj\u00fa inform\u00e1ciami, \u017ee minister \u017eivotn\u00e9ho prostredia SR Tom\u00e1\u0161 Taraba fat\u00e1lne zlyh\u00e1va pri obrane strategick\u00fdch z\u00e1ujmov Slovenska. Kv\u00f4li presadeniu sporn\u00e9ho ma\u010farsk\u00e9ho rie\u0161enia, ktor\u00e9 by predstavovalo bezprecedentn\u00e9 z\u00e1sahy do \u017eivotn\u00e9ho prostredia, vymenil viacer\u00fdch \u010dlenov expertnej skupiny. Listom vyz\u00fdvame premi\u00e9ra Roberta Fica, aby konal.<\/strong><\/p>\n\n\n\n<p>Demokrati disponuj\u00fa z prostredia odbornej verejnosti inform\u00e1ciami, \u017ee ma\u010farskou stranou presadzovan\u00fdm rie\u0161en\u00edm m\u00e1 by\u0165 s\u00fastava vodohospod\u00e1rskych z\u00e1sahov do star\u00e9ho koryta Dunaja, ktor\u00e9 s\u00fa s\u00fa\u010das\u0165ou \u0161ir\u0161ieho projektu zn\u00e1meho ako Insula Magna. V r\u00e1mci neho sa maj\u00fa na 40 km \u00faseku Dunaja pod \u010cunovom (star\u00e9 koryto Dunaja) vybudova\u0165 \u0161tyri<\/p>\n\n\n\n<p>prehradenia v podobe prie\u010dnych bari\u00e9r. Tak\u00e9to rie\u0161enie m\u00f4\u017ee by\u0165 v pr\u00edkrom rozpore s n\u00e1rodno-\u0161t\u00e1tnymi z\u00e1ujmami Slovenskej republiky a pre n\u00e1s doslova nev\u00fdhodn\u00e9.<\/p>\n\n\n\n<p>Realiz\u00e1cia projektu m\u00f4\u017ee sp\u00f4sobi\u0165 prakticky \u00fapln\u00fa devast\u00e1ciu p\u00f4vodn\u00e9ho charakteru Dunaja a stratu 40 km vo\u013ene te\u010d\u00facej \u017eivej rieky \u2013 ve\u013emi cenn\u00e9ho a unik\u00e1tneho biotopu vn\u00fatrozemskej delty Dunaja.\u00a0<em>\u201eBol by spojen\u00fd s mas\u00edvnymi<\/em> <em>stavebn\u00fdmi z\u00e1sahmi do toku Dunaja. Predstavoval by ohrozenie \u00farovne podzemn\u00fdch v\u00f4d na \u017ditnom ostrove a m\u00f4\u017ee by\u0165 spojen\u00fd s rizikom v\u00fdznamn\u00e9ho ohrozenia protipovod\u0148ovej ochrany Bratislavy. D\u00f4sledkom rie\u0161enia presadzovan\u00e9ho Ma\u010farskom by bolo aj po\u0161kodenie vodohospod\u00e1rskych z\u00e1ujmov Slovenska odklonen\u00edm podstatnej \u010dasti dunajskej vody do ramennej s\u00fastavy na ma\u010farskej strane na \u00fakor Slovenska. Sp\u00f4sobilo by znemo\u017enenie n\u00e1hradnej plavby v starom koryte Dunaja, \u010do bude v pr\u00edpade poruchy alebo hav\u00e1rie na Vodnom diele Gab\u010d\u00edkovo znamena\u0165 zastavenie medzin\u00e1rodnej plavby. Rie\u0161enie by bolo v aj rozpore s eur\u00f3pskou legislat\u00edvou,\u201d<\/em>\u00a0vysvet\u013euje Michal Ki\u010da, \u010dlen predsedn\u00edctva strany a environment\u00e1lny expert.<\/p>\n\n\n\n<p>Mimoriadne znepokojiv\u00e9 je, \u017ee minister Taraba sa sna\u017e\u00ed pretla\u010di\u0165 tento n\u00e1vrh napriek odborn\u00fdm v\u00fdhrad\u00e1m \u010dlenov slovenskej expertnej skupiny, z ktorej viacer\u00fdch odvolal alebo ich ignoruje. Minul\u00fd t\u00fd\u017ede\u0148 nahradil na poste splnomocnenca vl\u00e1dy uzn\u00e1van\u00e9ho experta \u010fal\u0161\u00ed stran\u00edcky nominant Tarabovej strany \u017divot. Vl\u00e1da m\u00f4\u017ee vyu\u017ei\u0165 neverejn\u00e9 rokovanie v tejto veci a odborn\u00fa verejnos\u0165 \u00faplne ob\u00eds\u0165. Listom vyz\u00fdvame premi\u00e9ra Fica, aby zjednal n\u00e1pravu, obnovil plnohodnotn\u00fa \u010dinnos\u0165 expertnej skupiny na slovenskej strane a aby transparentne informoval slovensk\u00fa verejnos\u0165 o krokoch v tejto veci.&nbsp;<\/p>\n\n\n\n<p>Expremi\u00e9r Eduard Heger komentuje, \u017ee politika, ktor\u00fa presadzuje s\u00fa\u010dasn\u00e1 vl\u00e1da nie je v prospech Slovenska:\u00a0<em>\u201eTakto to dopadne, ke\u010f sa na lobistick\u00fdch z\u00e1ujmoch dohaduj\u00fa na\u0161i vl\u00e1dni z\u00e1stupcovia na futbalov\u00fdch \u0161tadi\u00f3noch. T\u00e1to vl\u00e1da nepresadzuje slovensk\u00e9 z\u00e1ujmy, ale v\u017edy nahr\u00e1va ruskej alebo ma\u010farskej strane. Toto nie je dokonca ani t\u00e1 b\u00e1jna suver\u00e9nna politika, po ktorej ostan\u00fa v\u017edy iba pr\u00e1zdne re\u010di. Ve\u010f v\u017edy sa poklonia Rusom alebo Ma\u010farom.&#8221;\u00a0<\/em><\/p>\n\n\n\n<p>Pripom\u00edname predsedovi vl\u00e1dy aj ministrovi Tarabovi, \u017ee \u00falohou vl\u00e1dy je obhajoba n\u00e1rodno-\u0161t\u00e1tnych z\u00e1ujmov Slovenskej republiky, nie in\u00fdch \u0161t\u00e1tov. Podporujeme snahu o urovnanie sporu s Ma\u010farskom, no v \u017eiadnom pr\u00edpade nie za cenu \u00faplnej rezign\u00e1cie na obranu z\u00e1ujmov Slovenska.<\/p>\n\n\n<div class=\"fb-video\" data-href=\"https:\/\/fb.watch\/unNXndyyoE\" data-allowfullscreen=\"true\" data-autoplay=\"false\" data-width=\"\" data-show-text=\"false\" data-show-captions=\"true\"><\/div>\n","protected":false},"excerpt":{"rendered":"<p>U\u017e dnes m\u00f4\u017ee vl\u00e1da rie\u0161i\u0165 predbe\u017en\u00fa dohodu s Ma\u010farskom v spore o Vodn\u00e9 dielo Gab\u010d\u00edkovo. Demokrati disponuj\u00fa inform\u00e1ciami, \u017ee minister \u017eivotn\u00e9ho prostredia SR Tom\u00e1\u0161 Taraba fat\u00e1lne zlyh\u00e1va pri obrane strategick\u00fdch z\u00e1ujmov Slovenska. Kv\u00f4li presadeniu sporn\u00e9ho ma\u010farsk\u00e9ho rie\u0161enia, ktor\u00e9 by predstavovalo bezprecedentn\u00e9 z\u00e1sahy do \u017eivotn\u00e9ho prostredia, vymenil viacer\u00fdch \u010dlenov expertnej skupiny. Listom vyz\u00fdvame premi\u00e9ra Roberta Fica, [&hellip;]<\/p>\n","protected":false},"author":13,"featured_media":4073,"comment_status":"closed","ping_status":"closed","sticky":false,"template":"","format":"standard","meta":{"_acf_changed":false,"ngg_post_thumbnail":0,"footnotes":""},"categories":[4],"tags":[],"class_list":["post-5052","post","type-post","status-publish","format-standard","has-post-thumbnail","hentry","category-tlacove-spravy"],"acf":[],"yoast_head":"<!-- This site is optimized with the Yoast SEO plugin v27.2 - https:\/\/yoast.com\/product\/yoast-seo-wordpress\/ -->\n<title>Taraba v rie\u0161en\u00ed sporu o Gab\u010d\u00edkovo zlyh\u00e1va pri ochrane z\u00e1ujmov Slovenska. Fico mus\u00ed kona\u0165<\/title>\n<meta name=\"robots\" content=\"index, follow, max-snippet:-1, max-image-preview:large, max-video-preview:-1\" \/>\n<link rel=\"canonical\" href=\"https:\/\/www.smedemokrati.sk\/sv\/taraba-v-rieseni-sporu-o-gabcikovo-zlyhava-pri-ochrane-zaujmov-slovenska-fico-musi-konat\/\" \/>\n<meta property=\"og:locale\" content=\"sv_SE\" \/>\n<meta property=\"og:locale:alternate\" content=\"en_US\" \/>\n<meta property=\"og:locale:alternate\" content=\"cs_CZ\" \/>\n<meta property=\"og:locale:alternate\" content=\"hu_HU\" \/>\n<meta property=\"og:locale:alternate\" content=\"sk_SK\" \/>\n<meta property=\"og:type\" content=\"article\" \/>\n<meta property=\"og:title\" content=\"Taraba v rie\u0161en\u00ed sporu o Gab\u010d\u00edkovo zlyh\u00e1va pri ochrane z\u00e1ujmov Slovenska. Fico mus\u00ed kona\u0165\" \/>\n<meta property=\"og:description\" content=\"U\u017e dnes m\u00f4\u017ee vl\u00e1da rie\u0161i\u0165 predbe\u017en\u00fa dohodu s Ma\u010farskom v spore o Vodn\u00e9 dielo Gab\u010d\u00edkovo. Demokrati disponuj\u00fa inform\u00e1ciami, \u017ee minister \u017eivotn\u00e9ho prostredia SR Tom\u00e1\u0161 Taraba fat\u00e1lne zlyh\u00e1va pri obrane strategick\u00fdch z\u00e1ujmov Slovenska. Kv\u00f4li presadeniu sporn\u00e9ho ma\u010farsk\u00e9ho rie\u0161enia, ktor\u00e9 by predstavovalo bezprecedentn\u00e9 z\u00e1sahy do \u017eivotn\u00e9ho prostredia, vymenil viacer\u00fdch \u010dlenov expertnej skupiny. Listom vyz\u00fdvame premi\u00e9ra Roberta Fica, [&hellip;]\" \/>\n<meta property=\"og:url\" content=\"https:\/\/www.smedemokrati.sk\/sv\/taraba-v-rieseni-sporu-o-gabcikovo-zlyhava-pri-ochrane-zaujmov-slovenska-fico-musi-konat\/\" \/>\n<meta property=\"og:site_name\" content=\"Smedemokrati.sk\" \/>\n<meta property=\"article:publisher\" content=\"https:\/\/www.facebook.com\/smedemokrati2023\" \/>\n<meta property=\"article:published_time\" content=\"2024-09-04T11:15:10+00:00\" \/>\n<meta property=\"article:modified_time\" content=\"2024-09-11T15:41:48+00:00\" \/>\n<meta property=\"og:image\" content=\"https:\/\/www.smedemokrati.sk\/wp-content\/uploads\/2024\/05\/taraba-minister.jpg\" \/>\n\t<meta property=\"og:image:width\" content=\"960\" \/>\n\t<meta property=\"og:image:height\" content=\"540\" \/>\n\t<meta property=\"og:image:type\" content=\"image\/jpeg\" \/>\n<meta name=\"author\" content=\"miro.sopko\" \/>\n<meta name=\"twitter:card\" content=\"summary_large_image\" \/>\n<meta name=\"twitter:label1\" content=\"Skriven av\" \/>\n\t<meta name=\"twitter:data1\" content=\"miro.sopko\" \/>\n\t<meta name=\"twitter:label2\" content=\"Ber\u00e4knad l\u00e4stid\" \/>\n\t<meta name=\"twitter:data2\" content=\"3 minuter\" \/>\n<script type=\"application\/ld+json\" class=\"yoast-schema-graph\">{\"@context\":\"https:\/\/schema.org\",\"@graph\":[{\"@type\":\"Article\",\"@id\":\"https:\/\/www.smedemokrati.sk\/taraba-v-rieseni-sporu-o-gabcikovo-zlyhava-pri-ochrane-zaujmov-slovenska-fico-musi-konat\/#article\",\"isPartOf\":{\"@id\":\"https:\/\/www.smedemokrati.sk\/taraba-v-rieseni-sporu-o-gabcikovo-zlyhava-pri-ochrane-zaujmov-slovenska-fico-musi-konat\/\"},\"author\":{\"name\":\"miro.sopko\",\"@id\":\"https:\/\/www.smedemokrati.sk\/#\/schema\/person\/21f147c88d605aa7ded900e1e7c344ba\"},\"headline\":\"Taraba v rie\u0161en\u00ed sporu o Gab\u010d\u00edkovo zlyh\u00e1va pri ochrane z\u00e1ujmov Slovenska. Fico mus\u00ed kona\u0165\",\"datePublished\":\"2024-09-04T11:15:10+00:00\",\"dateModified\":\"2024-09-11T15:41:48+00:00\",\"mainEntityOfPage\":{\"@id\":\"https:\/\/www.smedemokrati.sk\/taraba-v-rieseni-sporu-o-gabcikovo-zlyhava-pri-ochrane-zaujmov-slovenska-fico-musi-konat\/\"},\"wordCount\":605,\"publisher\":{\"@id\":\"https:\/\/www.smedemokrati.sk\/#organization\"},\"image\":{\"@id\":\"https:\/\/www.smedemokrati.sk\/taraba-v-rieseni-sporu-o-gabcikovo-zlyhava-pri-ochrane-zaujmov-slovenska-fico-musi-konat\/#primaryimage\"},\"thumbnailUrl\":\"https:\/\/www.smedemokrati.sk\/wp-content\/uploads\/2024\/05\/taraba-minister.jpg\",\"articleSection\":[\"Tla\u010dov\u00e9 spr\u00e1vy\"],\"inLanguage\":\"sv-SE\"},{\"@type\":\"WebPage\",\"@id\":\"https:\/\/www.smedemokrati.sk\/taraba-v-rieseni-sporu-o-gabcikovo-zlyhava-pri-ochrane-zaujmov-slovenska-fico-musi-konat\/\",\"url\":\"https:\/\/www.smedemokrati.sk\/taraba-v-rieseni-sporu-o-gabcikovo-zlyhava-pri-ochrane-zaujmov-slovenska-fico-musi-konat\/\",\"name\":\"Taraba v rie\u0161en\u00ed sporu o Gab\u010d\u00edkovo zlyh\u00e1va pri ochrane z\u00e1ujmov Slovenska. Fico mus\u00ed kona\u0165\",\"isPartOf\":{\"@id\":\"https:\/\/www.smedemokrati.sk\/#website\"},\"primaryImageOfPage\":{\"@id\":\"https:\/\/www.smedemokrati.sk\/taraba-v-rieseni-sporu-o-gabcikovo-zlyhava-pri-ochrane-zaujmov-slovenska-fico-musi-konat\/#primaryimage\"},\"image\":{\"@id\":\"https:\/\/www.smedemokrati.sk\/taraba-v-rieseni-sporu-o-gabcikovo-zlyhava-pri-ochrane-zaujmov-slovenska-fico-musi-konat\/#primaryimage\"},\"thumbnailUrl\":\"https:\/\/www.smedemokrati.sk\/wp-content\/uploads\/2024\/05\/taraba-minister.jpg\",\"datePublished\":\"2024-09-04T11:15:10+00:00\",\"dateModified\":\"2024-09-11T15:41:48+00:00\",\"breadcrumb\":{\"@id\":\"https:\/\/www.smedemokrati.sk\/taraba-v-rieseni-sporu-o-gabcikovo-zlyhava-pri-ochrane-zaujmov-slovenska-fico-musi-konat\/#breadcrumb\"},\"inLanguage\":\"sv-SE\",\"potentialAction\":[{\"@type\":\"ReadAction\",\"target\":[\"https:\/\/www.smedemokrati.sk\/taraba-v-rieseni-sporu-o-gabcikovo-zlyhava-pri-ochrane-zaujmov-slovenska-fico-musi-konat\/\"]}]},{\"@type\":\"ImageObject\",\"inLanguage\":\"sv-SE\",\"@id\":\"https:\/\/www.smedemokrati.sk\/taraba-v-rieseni-sporu-o-gabcikovo-zlyhava-pri-ochrane-zaujmov-slovenska-fico-musi-konat\/#primaryimage\",\"url\":\"https:\/\/www.smedemokrati.sk\/wp-content\/uploads\/2024\/05\/taraba-minister.jpg\",\"contentUrl\":\"https:\/\/www.smedemokrati.sk\/wp-content\/uploads\/2024\/05\/taraba-minister.jpg\",\"width\":960,\"height\":540},{\"@type\":\"BreadcrumbList\",\"@id\":\"https:\/\/www.smedemokrati.sk\/taraba-v-rieseni-sporu-o-gabcikovo-zlyhava-pri-ochrane-zaujmov-slovenska-fico-musi-konat\/#breadcrumb\",\"itemListElement\":[{\"@type\":\"ListItem\",\"position\":1,\"name\":\"Domovsk\u00e1 str\u00e1nka\",\"item\":\"https:\/\/www.smedemokrati.sk\/\"},{\"@type\":\"ListItem\",\"position\":2,\"name\":\"Taraba v rie\u0161en\u00ed sporu o Gab\u010d\u00edkovo zlyh\u00e1va pri ochrane z\u00e1ujmov Slovenska. Fico mus\u00ed kona\u0165\"}]},{\"@type\":\"WebSite\",\"@id\":\"https:\/\/www.smedemokrati.sk\/#website\",\"url\":\"https:\/\/www.smedemokrati.sk\/\",\"name\":\"Smedemokrati.sk\",\"description\":\"Demokracia a slu\u0161nos\u0165 zv\u00ed\u0165az\u00ed\",\"publisher\":{\"@id\":\"https:\/\/www.smedemokrati.sk\/#organization\"},\"potentialAction\":[{\"@type\":\"SearchAction\",\"target\":{\"@type\":\"EntryPoint\",\"urlTemplate\":\"https:\/\/www.smedemokrati.sk\/?s={search_term_string}\"},\"query-input\":{\"@type\":\"PropertyValueSpecification\",\"valueRequired\":true,\"valueName\":\"search_term_string\"}}],\"inLanguage\":\"sv-SE\"},{\"@type\":\"Organization\",\"@id\":\"https:\/\/www.smedemokrati.sk\/#organization\",\"name\":\"Smedemokrati.sk\",\"url\":\"https:\/\/www.smedemokrati.sk\/\",\"logo\":{\"@type\":\"ImageObject\",\"inLanguage\":\"sv-SE\",\"@id\":\"https:\/\/www.smedemokrati.sk\/#\/schema\/logo\/image\/\",\"url\":\"https:\/\/www.smedemokrati.sk\/wp-content\/uploads\/2023\/04\/ff.002.jpeg\",\"contentUrl\":\"https:\/\/www.smedemokrati.sk\/wp-content\/uploads\/2023\/04\/ff.002.jpeg\",\"width\":640,\"height\":480,\"caption\":\"Smedemokrati.sk\"},\"image\":{\"@id\":\"https:\/\/www.smedemokrati.sk\/#\/schema\/logo\/image\/\"},\"sameAs\":[\"https:\/\/www.facebook.com\/smedemokrati2023\"]},{\"@type\":\"Person\",\"@id\":\"https:\/\/www.smedemokrati.sk\/#\/schema\/person\/21f147c88d605aa7ded900e1e7c344ba\",\"name\":\"miro.sopko\",\"image\":{\"@type\":\"ImageObject\",\"inLanguage\":\"sv-SE\",\"@id\":\"https:\/\/secure.gravatar.com\/avatar\/267e4a36f704376c109afe3a78740c1f5dd8675a2180a908699e7863c9247606?s=96&d=mm&r=g\",\"url\":\"https:\/\/secure.gravatar.com\/avatar\/267e4a36f704376c109afe3a78740c1f5dd8675a2180a908699e7863c9247606?s=96&d=mm&r=g\",\"contentUrl\":\"https:\/\/secure.gravatar.com\/avatar\/267e4a36f704376c109afe3a78740c1f5dd8675a2180a908699e7863c9247606?s=96&d=mm&r=g\",\"caption\":\"miro.sopko\"},\"url\":\"https:\/\/www.smedemokrati.sk\/sv\/author\/miro-sopko\/\"}]}<\/script>\n<!-- \/ Yoast SEO plugin. -->","yoast_head_json":{"title":"Taraba v rie\u0161en\u00ed sporu o Gab\u010d\u00edkovo zlyh\u00e1va pri ochrane z\u00e1ujmov Slovenska. Fico mus\u00ed kona\u0165","robots":{"index":"index","follow":"follow","max-snippet":"max-snippet:-1","max-image-preview":"max-image-preview:large","max-video-preview":"max-video-preview:-1"},"canonical":"https:\/\/www.smedemokrati.sk\/sv\/taraba-v-rieseni-sporu-o-gabcikovo-zlyhava-pri-ochrane-zaujmov-slovenska-fico-musi-konat\/","og_locale":"sv_SE","og_type":"article","og_title":"[:sk]Taraba v rie\u0161en\u00ed sporu o Gab\u010d\u00edkovo zlyh\u00e1va pri ochrane z\u00e1ujmov Slovenska. Fico mus\u00ed kona\u0165[:] - Smedemokrati.sk","og_description":"U\u017e dnes m\u00f4\u017ee vl\u00e1da rie\u0161i\u0165 predbe\u017en\u00fa dohodu s Ma\u010farskom v spore o Vodn\u00e9 dielo Gab\u010d\u00edkovo. Demokrati disponuj\u00fa inform\u00e1ciami, \u017ee minister \u017eivotn\u00e9ho prostredia SR Tom\u00e1\u0161 Taraba fat\u00e1lne zlyh\u00e1va pri obrane strategick\u00fdch z\u00e1ujmov Slovenska. Kv\u00f4li presadeniu sporn\u00e9ho ma\u010farsk\u00e9ho rie\u0161enia, ktor\u00e9 by predstavovalo bezprecedentn\u00e9 z\u00e1sahy do \u017eivotn\u00e9ho prostredia, vymenil viacer\u00fdch \u010dlenov expertnej skupiny. Listom vyz\u00fdvame premi\u00e9ra Roberta Fica, [&hellip;]","og_url":"https:\/\/www.smedemokrati.sk\/sv\/taraba-v-rieseni-sporu-o-gabcikovo-zlyhava-pri-ochrane-zaujmov-slovenska-fico-musi-konat\/","og_site_name":"Smedemokrati.sk","article_publisher":"https:\/\/www.facebook.com\/smedemokrati2023","article_published_time":"2024-09-04T11:15:10+00:00","article_modified_time":"2024-09-11T15:41:48+00:00","og_image":[{"width":960,"height":540,"url":"https:\/\/www.smedemokrati.sk\/wp-content\/uploads\/2024\/05\/taraba-minister.jpg","type":"image\/jpeg"}],"author":"miro.sopko","twitter_card":"summary_large_image","twitter_misc":{"Skriven av":"miro.sopko","Ber\u00e4knad l\u00e4stid":"3 minuter"},"schema":{"@context":"https:\/\/schema.org","@graph":[{"@type":"Article","@id":"https:\/\/www.smedemokrati.sk\/taraba-v-rieseni-sporu-o-gabcikovo-zlyhava-pri-ochrane-zaujmov-slovenska-fico-musi-konat\/#article","isPartOf":{"@id":"https:\/\/www.smedemokrati.sk\/taraba-v-rieseni-sporu-o-gabcikovo-zlyhava-pri-ochrane-zaujmov-slovenska-fico-musi-konat\/"},"author":{"name":"miro.sopko","@id":"https:\/\/www.smedemokrati.sk\/#\/schema\/person\/21f147c88d605aa7ded900e1e7c344ba"},"headline":"Taraba v rie\u0161en\u00ed sporu o Gab\u010d\u00edkovo zlyh\u00e1va pri ochrane z\u00e1ujmov Slovenska. Fico mus\u00ed kona\u0165","datePublished":"2024-09-04T11:15:10+00:00","dateModified":"2024-09-11T15:41:48+00:00","mainEntityOfPage":{"@id":"https:\/\/www.smedemokrati.sk\/taraba-v-rieseni-sporu-o-gabcikovo-zlyhava-pri-ochrane-zaujmov-slovenska-fico-musi-konat\/"},"wordCount":605,"publisher":{"@id":"https:\/\/www.smedemokrati.sk\/#organization"},"image":{"@id":"https:\/\/www.smedemokrati.sk\/taraba-v-rieseni-sporu-o-gabcikovo-zlyhava-pri-ochrane-zaujmov-slovenska-fico-musi-konat\/#primaryimage"},"thumbnailUrl":"https:\/\/www.smedemokrati.sk\/wp-content\/uploads\/2024\/05\/taraba-minister.jpg","articleSection":["Tla\u010dov\u00e9 spr\u00e1vy"],"inLanguage":"sv-SE"},{"@type":"WebPage","@id":"https:\/\/www.smedemokrati.sk\/taraba-v-rieseni-sporu-o-gabcikovo-zlyhava-pri-ochrane-zaujmov-slovenska-fico-musi-konat\/","url":"https:\/\/www.smedemokrati.sk\/taraba-v-rieseni-sporu-o-gabcikovo-zlyhava-pri-ochrane-zaujmov-slovenska-fico-musi-konat\/","name":"Taraba v rie\u0161en\u00ed sporu o Gab\u010d\u00edkovo zlyh\u00e1va pri ochrane z\u00e1ujmov Slovenska. Fico mus\u00ed kona\u0165","isPartOf":{"@id":"https:\/\/www.smedemokrati.sk\/#website"},"primaryImageOfPage":{"@id":"https:\/\/www.smedemokrati.sk\/taraba-v-rieseni-sporu-o-gabcikovo-zlyhava-pri-ochrane-zaujmov-slovenska-fico-musi-konat\/#primaryimage"},"image":{"@id":"https:\/\/www.smedemokrati.sk\/taraba-v-rieseni-sporu-o-gabcikovo-zlyhava-pri-ochrane-zaujmov-slovenska-fico-musi-konat\/#primaryimage"},"thumbnailUrl":"https:\/\/www.smedemokrati.sk\/wp-content\/uploads\/2024\/05\/taraba-minister.jpg","datePublished":"2024-09-04T11:15:10+00:00","dateModified":"2024-09-11T15:41:48+00:00","breadcrumb":{"@id":"https:\/\/www.smedemokrati.sk\/taraba-v-rieseni-sporu-o-gabcikovo-zlyhava-pri-ochrane-zaujmov-slovenska-fico-musi-konat\/#breadcrumb"},"inLanguage":"sv-SE","potentialAction":[{"@type":"ReadAction","target":["https:\/\/www.smedemokrati.sk\/taraba-v-rieseni-sporu-o-gabcikovo-zlyhava-pri-ochrane-zaujmov-slovenska-fico-musi-konat\/"]}]},{"@type":"ImageObject","inLanguage":"sv-SE","@id":"https:\/\/www.smedemokrati.sk\/taraba-v-rieseni-sporu-o-gabcikovo-zlyhava-pri-ochrane-zaujmov-slovenska-fico-musi-konat\/#primaryimage","url":"https:\/\/www.smedemokrati.sk\/wp-content\/uploads\/2024\/05\/taraba-minister.jpg","contentUrl":"https:\/\/www.smedemokrati.sk\/wp-content\/uploads\/2024\/05\/taraba-minister.jpg","width":960,"height":540},{"@type":"BreadcrumbList","@id":"https:\/\/www.smedemokrati.sk\/taraba-v-rieseni-sporu-o-gabcikovo-zlyhava-pri-ochrane-zaujmov-slovenska-fico-musi-konat\/#breadcrumb","itemListElement":[{"@type":"ListItem","position":1,"name":"Domovsk\u00e1 str\u00e1nka","item":"https:\/\/www.smedemokrati.sk\/"},{"@type":"ListItem","position":2,"name":"Taraba v rie\u0161en\u00ed sporu o Gab\u010d\u00edkovo zlyh\u00e1va pri ochrane z\u00e1ujmov Slovenska. Fico mus\u00ed kona\u0165"}]},{"@type":"WebSite","@id":"https:\/\/www.smedemokrati.sk\/#website","url":"https:\/\/www.smedemokrati.sk\/","name":"Smedemokrati.sk","description":"Demokracia a slu\u0161nos\u0165 zv\u00ed\u0165az\u00ed","publisher":{"@id":"https:\/\/www.smedemokrati.sk\/#organization"},"potentialAction":[{"@type":"SearchAction","target":{"@type":"EntryPoint","urlTemplate":"https:\/\/www.smedemokrati.sk\/?s={search_term_string}"},"query-input":{"@type":"PropertyValueSpecification","valueRequired":true,"valueName":"search_term_string"}}],"inLanguage":"sv-SE"},{"@type":"Organization","@id":"https:\/\/www.smedemokrati.sk\/#organization","name":"Smedemokrati.sk","url":"https:\/\/www.smedemokrati.sk\/","logo":{"@type":"ImageObject","inLanguage":"sv-SE","@id":"https:\/\/www.smedemokrati.sk\/#\/schema\/logo\/image\/","url":"https:\/\/www.smedemokrati.sk\/wp-content\/uploads\/2023\/04\/ff.002.jpeg","contentUrl":"https:\/\/www.smedemokrati.sk\/wp-content\/uploads\/2023\/04\/ff.002.jpeg","width":640,"height":480,"caption":"Smedemokrati.sk"},"image":{"@id":"https:\/\/www.smedemokrati.sk\/#\/schema\/logo\/image\/"},"sameAs":["https:\/\/www.facebook.com\/smedemokrati2023"]},{"@type":"Person","@id":"https:\/\/www.smedemokrati.sk\/#\/schema\/person\/21f147c88d605aa7ded900e1e7c344ba","name":"miro.sopko","image":{"@type":"ImageObject","inLanguage":"sv-SE","@id":"https:\/\/secure.gravatar.com\/avatar\/267e4a36f704376c109afe3a78740c1f5dd8675a2180a908699e7863c9247606?s=96&d=mm&r=g","url":"https:\/\/secure.gravatar.com\/avatar\/267e4a36f704376c109afe3a78740c1f5dd8675a2180a908699e7863c9247606?s=96&d=mm&r=g","contentUrl":"https:\/\/secure.gravatar.com\/avatar\/267e4a36f704376c109afe3a78740c1f5dd8675a2180a908699e7863c9247606?s=96&d=mm&r=g","caption":"miro.sopko"},"url":"https:\/\/www.smedemokrati.sk\/sv\/author\/miro-sopko\/"}]}},"_links":{"self":[{"href":"https:\/\/www.smedemokrati.sk\/sv\/wp-json\/wp\/v2\/posts\/5052","targetHints":{"allow":["GET"]}}],"collection":[{"href":"https:\/\/www.smedemokrati.sk\/sv\/wp-json\/wp\/v2\/posts"}],"about":[{"href":"https:\/\/www.smedemokrati.sk\/sv\/wp-json\/wp\/v2\/types\/post"}],"author":[{"embeddable":true,"href":"https:\/\/www.smedemokrati.sk\/sv\/wp-json\/wp\/v2\/users\/13"}],"replies":[{"embeddable":true,"href":"https:\/\/www.smedemokrati.sk\/sv\/wp-json\/wp\/v2\/comments?post=5052"}],"version-history":[{"count":1,"href":"https:\/\/www.smedemokrati.sk\/sv\/wp-json\/wp\/v2\/posts\/5052\/revisions"}],"predecessor-version":[{"id":5054,"href":"https:\/\/www.smedemokrati.sk\/sv\/wp-json\/wp\/v2\/posts\/5052\/revisions\/5054"}],"wp:featuredmedia":[{"embeddable":true,"href":"https:\/\/www.smedemokrati.sk\/sv\/wp-json\/wp\/v2\/media\/4073"}],"wp:attachment":[{"href":"https:\/\/www.smedemokrati.sk\/sv\/wp-json\/wp\/v2\/media?parent=5052"}],"wp:term":[{"taxonomy":"category","embeddable":true,"href":"https:\/\/www.smedemokrati.sk\/sv\/wp-json\/wp\/v2\/categories?post=5052"},{"taxonomy":"post_tag","embeddable":true,"href":"https:\/\/www.smedemokrati.sk\/sv\/wp-json\/wp\/v2\/tags?post=5052"}],"curies":[{"name":"wp","href":"https:\/\/api.w.org\/{rel}","templated":true}]}}