{"id":5042,"date":"2024-09-02T10:44:45","date_gmt":"2024-09-02T09:44:45","guid":{"rendered":"https:\/\/www.smedemokrati.sk\/?p=5042"},"modified":"2024-09-06T15:51:05","modified_gmt":"2024-09-06T14:51:05","slug":"vyzva-sutaj-estokovi-rozprasili-ste-naka-mstite-sa-slusnym-policajtom-a-rezort-vam-pada-na-hlavu-predstavte-jasny-plan","status":"publish","type":"post","link":"https:\/\/www.smedemokrati.sk\/sv\/vyzva-sutaj-estokovi-rozprasili-ste-naka-mstite-sa-slusnym-policajtom-a-rezort-vam-pada-na-hlavu-predstavte-jasny-plan\/","title":{"rendered":"V\u00fdzva \u0160utaj E\u0161tokovi: Rozpr\u00e1\u0161ili ste NAKA, mst\u00edte sa slu\u0161n\u00fdm policajtom a rezort v\u00e1m pad\u00e1 na hlavu, predstavte jasn\u00fd pl\u00e1n"},"content":{"rendered":"<div id=\"fb-root\"><\/div>\n\n<p><strong>Demokrati \u017eiadaj\u00fa, aby policajn\u00fd prezident zverejnil, na ktor\u00e9 oddelenia boli preraden\u00e1 zru\u0161en\u00edm NAKA stovka policajtov. Juraj \u0160eliga hovor\u00ed, \u017ee t\u00ed policajti, ktor\u00ed sa vo v\u00fdzve zastali kolegov \u010curillu, \u010eurku, prokur\u00e1tora \u0160\u00fareka \u010di \u010fal\u0161\u00edch, boli degradovan\u00ed na okresn\u00e9 a obvodn\u00e9 oddelenia. Ide pritom o \u0161pi\u010dkov\u00fdch policajtov, do ktor\u00fdch \u0161t\u00e1t investoval mili\u00f3ny. Demokrati nazna\u010duj\u00fa, \u017ee m\u00f4\u017ee \u00eds\u0165 o politicky motivovan\u00fa pomstu za vy\u0161etrovanie najvy\u0161\u0161\u00edch \u0161t\u00e1tnych predstavite\u013eov.<\/strong><\/p>\n\n\n\n<p><em>\u201ePolicajn\u00fd zbor je na kolen\u00e1ch. Minul\u00fd rok hovoril prezident policajn\u00e9ho zboru, \u017ee jeho hlavn\u00fdm poslan\u00edm bude stabilizova\u0165 zbor. Dnes prizn\u00e1va, \u017ee ch\u00fdba okolo 5 000 policajtov a v niektor\u00fdch okresoch nevedia vysklada\u0165 hliadky. Je to \u010fal\u0161\u00ed pr\u00edklad toho, ako na neschopnos\u0165 tejto vl\u00e1dy doplatia be\u017en\u00ed \u013eudia, preto\u017ee ke\u010f v\u00e1m bud\u00fa vykr\u00e1da\u0165 byt, alebo v\u00e1s na ulici okradn\u00fa, nebude v\u00e1m ma\u0165 kto pr\u00eds\u0165 na pomoc,&#8221;\u00a0<\/em>otv\u00e1ra t\u00e9mu podpredseda Demokratov Juraj \u0160eliga.\u00a0<\/p>\n\n\n\n<p>Pokra\u010duje, \u017ee okrem toho, \u017ee zbor za\u017e\u00edva extr\u00e9mny person\u00e1lny podstav, elitn\u00ed policajti, do ktor\u00fdch \u0161t\u00e1t investoval mili\u00f3ny, s\u00fa zru\u0161en\u00edm NAKA preraden\u00ed na obvodn\u00e9 alebo okrskov\u00e9 oddelenia, kde namiesto expert\u00edzy, robia be\u017en\u00fa administrat\u00edvu:\u00a0<em>\u201eVyz\u00fdvam prezidenta policajtov Sol\u00e1ka, aby zverejnil kam boli jednotliv\u00ed policajti preraden\u00ed. Pod\u013ea toho budeme vedie\u0165, \u010di preradenie policajtov, ktor\u00ed sa zastali svojich kolegov, nebolo \u00fa\u010delov\u00e9,&#8221;\u00a0<\/em>hovor\u00ed Juraj \u0160eliga a pokra\u010duje kritikou, \u017ee tak\u00fdmito praktikami, z\u00e1ujem o policajn\u00fa profesiu nest\u00fapne, nech sa vl\u00e1dna garnit\u00fara akoko\u013evek sna\u017e\u00ed zalepi\u0165 o\u010di pr\u00edplatkami, ktor\u00e9 pova\u017euje za v\u00fdsmech:\u00a0<em>\u201ePrajem ka\u017ed\u00e9 jednou euro v\u0161etk\u00fdm, ktor\u00ed sa staraj\u00fa o na\u0161u bezpe\u010dnos\u0165. Preto pova\u017eujem za v\u00fdsmech, v \u00favodzovk\u00e1ch opatrenie ministra vn\u00fatra, aby si policajti od nov\u00e9ho roka prilep\u0161ili o 100 eur. Je to v\u00fdsmech na pozad\u00ed toho, \u017ee \u0161t\u00e1tnemu \u00faradn\u00edkovi \u017dilinkovi udelili do\u017eivotn\u00fa rentu vy\u0161e 5 000 eur a s\u00e1m minister si zdvihol plat o vy\u0161e 3 000 eur o Ficovej do\u017eivotnej g\u00e1\u017ei nehovoriac. Je to \u0161kand\u00e1l a zahr\u00e1vaj\u00fa sa s oh\u0148om, ktor\u00fd ich m\u00f4\u017ee pop\u00e1li\u0165.&#8221;<\/em><\/p>\n\n\n\n<p>Predseda Demokratov Jaroslav Na\u010f odmieta z\u00e1mer policajn\u00e9ho prezidenta, ktor\u00fd chce v pr\u00edpade kritickej situ\u00e1cie vola\u0165 na pomoc arm\u00e1du:\u00a0<em>\u201eTak oni rozpr\u00e1\u0161ia policajn\u00ed zbor, polo\u017eia ho na kolen\u00e1 a pre ich neschopnos\u0165 bud\u00fa musie\u0165 hliadkova\u0165 vojaci? Ve\u010f to nie je ani pr\u00e1vne mo\u017en\u00e9, preto\u017ee vojaci m\u00f4\u017eu by\u0165 nasadzovan\u00ed iba na tzv. asisten\u010dn\u00e9 \u00falohy policajn\u00e9mu zboru, nie ich suplova\u0165. Toto \u0161ialenstvo sa v\u0161ak net\u00fdka len policajtov, m\u00e1m inform\u00e1ciu, \u017ee len v Bratislave ch\u00fdba okolo 60 hasi\u010dov, ak to p\u00f4jde takto, vojaci bud\u00fa o chv\u00ed\u013eu robi\u0165 v\u0161etko, a to je absurdn\u00e9.&#8221;<\/em><\/p>\n\n\n\n<p>Demokrati na z\u00e1ver vyz\u00fdvaj\u00fa ministra vn\u00fatra aby predstavil jasn\u00fd pl\u00e1n na stabiliz\u00e1ciu situ\u00e1cie v rezorte, ktor\u00fd m\u00e1 v zodpovednosti. Na rezorte boli toti\u017e zru\u0161en\u00e9 k\u013e\u00fa\u010dov\u00e9 oddelenia, napr\u00edklad oddelenie kr\u00edzov\u00e9ho pl\u00e1novania a tie\u017e nie s\u00fa podp\u00edsan\u00e9 r\u00e1mcov\u00e9 dohody, napr\u00edklad na be\u017en\u00e9 opravy budov. Ide o neudr\u017eate\u013en\u00fa situ\u00e1ciu, ktor\u00e1 priamo ohrozuje zamestnancov rezortu ale m\u00e1 negat\u00edvne dopady aj na ob\u010danov.<\/p>\n\n\n<div class=\"fb-video\" data-href=\"https:\/\/fb.watch\/uldxrMW4Y7\" data-allowfullscreen=\"true\" data-autoplay=\"false\" data-width=\"\" data-show-text=\"false\" data-show-captions=\"true\"><\/div>\n","protected":false},"excerpt":{"rendered":"<p>Demokrati \u017eiadaj\u00fa, aby policajn\u00fd prezident zverejnil, na ktor\u00e9 oddelenia boli preraden\u00e1 zru\u0161en\u00edm NAKA stovka policajtov. Juraj \u0160eliga hovor\u00ed, \u017ee t\u00ed policajti, ktor\u00ed sa vo v\u00fdzve zastali kolegov \u010curillu, \u010eurku, prokur\u00e1tora \u0160\u00fareka \u010di \u010fal\u0161\u00edch, boli degradovan\u00ed na okresn\u00e9 a obvodn\u00e9 oddelenia. Ide pritom o \u0161pi\u010dkov\u00fdch policajtov, do ktor\u00fdch \u0161t\u00e1t investoval mili\u00f3ny. Demokrati nazna\u010duj\u00fa, \u017ee m\u00f4\u017ee \u00eds\u0165 [&hellip;]<\/p>\n","protected":false},"author":13,"featured_media":4137,"comment_status":"closed","ping_status":"closed","sticky":false,"template":"","format":"standard","meta":{"_acf_changed":false,"ngg_post_thumbnail":0,"footnotes":""},"categories":[4],"tags":[],"class_list":["post-5042","post","type-post","status-publish","format-standard","has-post-thumbnail","hentry","category-tlacove-spravy"],"acf":[],"yoast_head":"<!-- This site is optimized with the Yoast SEO plugin v27.2 - https:\/\/yoast.com\/product\/yoast-seo-wordpress\/ -->\n<title>V\u00fdzva \u0160utaj E\u0161tokovi: Rozpr\u00e1\u0161ili ste NAKA, mst\u00edte sa slu\u0161n\u00fdm policajtom a rezort v\u00e1m pad\u00e1 na hlavu, predstavte jasn\u00fd pl\u00e1n<\/title>\n<meta name=\"robots\" content=\"index, follow, max-snippet:-1, max-image-preview:large, max-video-preview:-1\" \/>\n<link rel=\"canonical\" href=\"https:\/\/www.smedemokrati.sk\/sv\/vyzva-sutaj-estokovi-rozprasili-ste-naka-mstite-sa-slusnym-policajtom-a-rezort-vam-pada-na-hlavu-predstavte-jasny-plan\/\" \/>\n<meta property=\"og:locale\" content=\"sv_SE\" \/>\n<meta property=\"og:locale:alternate\" content=\"en_US\" \/>\n<meta property=\"og:locale:alternate\" content=\"cs_CZ\" \/>\n<meta property=\"og:locale:alternate\" content=\"hu_HU\" \/>\n<meta property=\"og:locale:alternate\" content=\"sk_SK\" \/>\n<meta property=\"og:type\" content=\"article\" \/>\n<meta property=\"og:title\" content=\"V\u00fdzva \u0160utaj E\u0161tokovi: Rozpr\u00e1\u0161ili ste NAKA, mst\u00edte sa slu\u0161n\u00fdm policajtom a rezort v\u00e1m pad\u00e1 na hlavu, predstavte jasn\u00fd pl\u00e1n\" \/>\n<meta property=\"og:description\" content=\"Demokrati \u017eiadaj\u00fa, aby policajn\u00fd prezident zverejnil, na ktor\u00e9 oddelenia boli preraden\u00e1 zru\u0161en\u00edm NAKA stovka policajtov. Juraj \u0160eliga hovor\u00ed, \u017ee t\u00ed policajti, ktor\u00ed sa vo v\u00fdzve zastali kolegov \u010curillu, \u010eurku, prokur\u00e1tora \u0160\u00fareka \u010di \u010fal\u0161\u00edch, boli degradovan\u00ed na okresn\u00e9 a obvodn\u00e9 oddelenia. Ide pritom o \u0161pi\u010dkov\u00fdch policajtov, do ktor\u00fdch \u0161t\u00e1t investoval mili\u00f3ny. Demokrati nazna\u010duj\u00fa, \u017ee m\u00f4\u017ee \u00eds\u0165 [&hellip;]\" \/>\n<meta property=\"og:url\" content=\"https:\/\/www.smedemokrati.sk\/sv\/vyzva-sutaj-estokovi-rozprasili-ste-naka-mstite-sa-slusnym-policajtom-a-rezort-vam-pada-na-hlavu-predstavte-jasny-plan\/\" \/>\n<meta property=\"og:site_name\" content=\"Smedemokrati.sk\" \/>\n<meta property=\"article:publisher\" content=\"https:\/\/www.facebook.com\/smedemokrati2023\" \/>\n<meta property=\"article:published_time\" content=\"2024-09-02T09:44:45+00:00\" \/>\n<meta property=\"article:modified_time\" content=\"2024-09-06T14:51:05+00:00\" \/>\n<meta property=\"og:image\" content=\"https:\/\/www.smedemokrati.sk\/wp-content\/uploads\/2024\/05\/sutaj-estok-minister.jpg\" \/>\n\t<meta property=\"og:image:width\" content=\"960\" \/>\n\t<meta property=\"og:image:height\" content=\"540\" \/>\n\t<meta property=\"og:image:type\" content=\"image\/jpeg\" \/>\n<meta name=\"author\" content=\"miro.sopko\" \/>\n<meta name=\"twitter:card\" content=\"summary_large_image\" \/>\n<meta name=\"twitter:label1\" content=\"Skriven av\" \/>\n\t<meta name=\"twitter:data1\" content=\"miro.sopko\" \/>\n\t<meta name=\"twitter:label2\" content=\"Ber\u00e4knad l\u00e4stid\" \/>\n\t<meta name=\"twitter:data2\" content=\"3 minuter\" \/>\n<script type=\"application\/ld+json\" class=\"yoast-schema-graph\">{\"@context\":\"https:\/\/schema.org\",\"@graph\":[{\"@type\":\"Article\",\"@id\":\"https:\/\/www.smedemokrati.sk\/vyzva-sutaj-estokovi-rozprasili-ste-naka-mstite-sa-slusnym-policajtom-a-rezort-vam-pada-na-hlavu-predstavte-jasny-plan\/#article\",\"isPartOf\":{\"@id\":\"https:\/\/www.smedemokrati.sk\/vyzva-sutaj-estokovi-rozprasili-ste-naka-mstite-sa-slusnym-policajtom-a-rezort-vam-pada-na-hlavu-predstavte-jasny-plan\/\"},\"author\":{\"name\":\"miro.sopko\",\"@id\":\"https:\/\/www.smedemokrati.sk\/#\/schema\/person\/21f147c88d605aa7ded900e1e7c344ba\"},\"headline\":\"V\u00fdzva \u0160utaj E\u0161tokovi: Rozpr\u00e1\u0161ili ste NAKA, mst\u00edte sa slu\u0161n\u00fdm policajtom a rezort v\u00e1m pad\u00e1 na hlavu, predstavte jasn\u00fd pl\u00e1n\",\"datePublished\":\"2024-09-02T09:44:45+00:00\",\"dateModified\":\"2024-09-06T14:51:05+00:00\",\"mainEntityOfPage\":{\"@id\":\"https:\/\/www.smedemokrati.sk\/vyzva-sutaj-estokovi-rozprasili-ste-naka-mstite-sa-slusnym-policajtom-a-rezort-vam-pada-na-hlavu-predstavte-jasny-plan\/\"},\"wordCount\":597,\"publisher\":{\"@id\":\"https:\/\/www.smedemokrati.sk\/#organization\"},\"image\":{\"@id\":\"https:\/\/www.smedemokrati.sk\/vyzva-sutaj-estokovi-rozprasili-ste-naka-mstite-sa-slusnym-policajtom-a-rezort-vam-pada-na-hlavu-predstavte-jasny-plan\/#primaryimage\"},\"thumbnailUrl\":\"https:\/\/www.smedemokrati.sk\/wp-content\/uploads\/2024\/05\/sutaj-estok-minister.jpg\",\"articleSection\":[\"Tla\u010dov\u00e9 spr\u00e1vy\"],\"inLanguage\":\"sv-SE\"},{\"@type\":\"WebPage\",\"@id\":\"https:\/\/www.smedemokrati.sk\/vyzva-sutaj-estokovi-rozprasili-ste-naka-mstite-sa-slusnym-policajtom-a-rezort-vam-pada-na-hlavu-predstavte-jasny-plan\/\",\"url\":\"https:\/\/www.smedemokrati.sk\/vyzva-sutaj-estokovi-rozprasili-ste-naka-mstite-sa-slusnym-policajtom-a-rezort-vam-pada-na-hlavu-predstavte-jasny-plan\/\",\"name\":\"V\u00fdzva \u0160utaj E\u0161tokovi: Rozpr\u00e1\u0161ili ste NAKA, mst\u00edte sa slu\u0161n\u00fdm policajtom a rezort v\u00e1m pad\u00e1 na hlavu, predstavte jasn\u00fd pl\u00e1n\",\"isPartOf\":{\"@id\":\"https:\/\/www.smedemokrati.sk\/#website\"},\"primaryImageOfPage\":{\"@id\":\"https:\/\/www.smedemokrati.sk\/vyzva-sutaj-estokovi-rozprasili-ste-naka-mstite-sa-slusnym-policajtom-a-rezort-vam-pada-na-hlavu-predstavte-jasny-plan\/#primaryimage\"},\"image\":{\"@id\":\"https:\/\/www.smedemokrati.sk\/vyzva-sutaj-estokovi-rozprasili-ste-naka-mstite-sa-slusnym-policajtom-a-rezort-vam-pada-na-hlavu-predstavte-jasny-plan\/#primaryimage\"},\"thumbnailUrl\":\"https:\/\/www.smedemokrati.sk\/wp-content\/uploads\/2024\/05\/sutaj-estok-minister.jpg\",\"datePublished\":\"2024-09-02T09:44:45+00:00\",\"dateModified\":\"2024-09-06T14:51:05+00:00\",\"breadcrumb\":{\"@id\":\"https:\/\/www.smedemokrati.sk\/vyzva-sutaj-estokovi-rozprasili-ste-naka-mstite-sa-slusnym-policajtom-a-rezort-vam-pada-na-hlavu-predstavte-jasny-plan\/#breadcrumb\"},\"inLanguage\":\"sv-SE\",\"potentialAction\":[{\"@type\":\"ReadAction\",\"target\":[\"https:\/\/www.smedemokrati.sk\/vyzva-sutaj-estokovi-rozprasili-ste-naka-mstite-sa-slusnym-policajtom-a-rezort-vam-pada-na-hlavu-predstavte-jasny-plan\/\"]}]},{\"@type\":\"ImageObject\",\"inLanguage\":\"sv-SE\",\"@id\":\"https:\/\/www.smedemokrati.sk\/vyzva-sutaj-estokovi-rozprasili-ste-naka-mstite-sa-slusnym-policajtom-a-rezort-vam-pada-na-hlavu-predstavte-jasny-plan\/#primaryimage\",\"url\":\"https:\/\/www.smedemokrati.sk\/wp-content\/uploads\/2024\/05\/sutaj-estok-minister.jpg\",\"contentUrl\":\"https:\/\/www.smedemokrati.sk\/wp-content\/uploads\/2024\/05\/sutaj-estok-minister.jpg\",\"width\":960,\"height\":540},{\"@type\":\"BreadcrumbList\",\"@id\":\"https:\/\/www.smedemokrati.sk\/vyzva-sutaj-estokovi-rozprasili-ste-naka-mstite-sa-slusnym-policajtom-a-rezort-vam-pada-na-hlavu-predstavte-jasny-plan\/#breadcrumb\",\"itemListElement\":[{\"@type\":\"ListItem\",\"position\":1,\"name\":\"Domovsk\u00e1 str\u00e1nka\",\"item\":\"https:\/\/www.smedemokrati.sk\/\"},{\"@type\":\"ListItem\",\"position\":2,\"name\":\"V\u00fdzva \u0160utaj E\u0161tokovi: Rozpr\u00e1\u0161ili ste NAKA, mst\u00edte sa slu\u0161n\u00fdm policajtom a rezort v\u00e1m pad\u00e1 na hlavu, predstavte jasn\u00fd pl\u00e1n\"}]},{\"@type\":\"WebSite\",\"@id\":\"https:\/\/www.smedemokrati.sk\/#website\",\"url\":\"https:\/\/www.smedemokrati.sk\/\",\"name\":\"Smedemokrati.sk\",\"description\":\"Demokracia a slu\u0161nos\u0165 zv\u00ed\u0165az\u00ed\",\"publisher\":{\"@id\":\"https:\/\/www.smedemokrati.sk\/#organization\"},\"potentialAction\":[{\"@type\":\"SearchAction\",\"target\":{\"@type\":\"EntryPoint\",\"urlTemplate\":\"https:\/\/www.smedemokrati.sk\/?s={search_term_string}\"},\"query-input\":{\"@type\":\"PropertyValueSpecification\",\"valueRequired\":true,\"valueName\":\"search_term_string\"}}],\"inLanguage\":\"sv-SE\"},{\"@type\":\"Organization\",\"@id\":\"https:\/\/www.smedemokrati.sk\/#organization\",\"name\":\"Smedemokrati.sk\",\"url\":\"https:\/\/www.smedemokrati.sk\/\",\"logo\":{\"@type\":\"ImageObject\",\"inLanguage\":\"sv-SE\",\"@id\":\"https:\/\/www.smedemokrati.sk\/#\/schema\/logo\/image\/\",\"url\":\"https:\/\/www.smedemokrati.sk\/wp-content\/uploads\/2023\/04\/ff.002.jpeg\",\"contentUrl\":\"https:\/\/www.smedemokrati.sk\/wp-content\/uploads\/2023\/04\/ff.002.jpeg\",\"width\":640,\"height\":480,\"caption\":\"Smedemokrati.sk\"},\"image\":{\"@id\":\"https:\/\/www.smedemokrati.sk\/#\/schema\/logo\/image\/\"},\"sameAs\":[\"https:\/\/www.facebook.com\/smedemokrati2023\"]},{\"@type\":\"Person\",\"@id\":\"https:\/\/www.smedemokrati.sk\/#\/schema\/person\/21f147c88d605aa7ded900e1e7c344ba\",\"name\":\"miro.sopko\",\"image\":{\"@type\":\"ImageObject\",\"inLanguage\":\"sv-SE\",\"@id\":\"https:\/\/secure.gravatar.com\/avatar\/267e4a36f704376c109afe3a78740c1f5dd8675a2180a908699e7863c9247606?s=96&d=mm&r=g\",\"url\":\"https:\/\/secure.gravatar.com\/avatar\/267e4a36f704376c109afe3a78740c1f5dd8675a2180a908699e7863c9247606?s=96&d=mm&r=g\",\"contentUrl\":\"https:\/\/secure.gravatar.com\/avatar\/267e4a36f704376c109afe3a78740c1f5dd8675a2180a908699e7863c9247606?s=96&d=mm&r=g\",\"caption\":\"miro.sopko\"},\"url\":\"https:\/\/www.smedemokrati.sk\/sv\/author\/miro-sopko\/\"}]}<\/script>\n<!-- \/ Yoast SEO plugin. -->","yoast_head_json":{"title":"V\u00fdzva \u0160utaj E\u0161tokovi: Rozpr\u00e1\u0161ili ste NAKA, mst\u00edte sa slu\u0161n\u00fdm policajtom a rezort v\u00e1m pad\u00e1 na hlavu, predstavte jasn\u00fd pl\u00e1n","robots":{"index":"index","follow":"follow","max-snippet":"max-snippet:-1","max-image-preview":"max-image-preview:large","max-video-preview":"max-video-preview:-1"},"canonical":"https:\/\/www.smedemokrati.sk\/sv\/vyzva-sutaj-estokovi-rozprasili-ste-naka-mstite-sa-slusnym-policajtom-a-rezort-vam-pada-na-hlavu-predstavte-jasny-plan\/","og_locale":"sv_SE","og_type":"article","og_title":"[:sk]V\u00fdzva \u0160utaj E\u0161tokovi: Rozpr\u00e1\u0161ili ste NAKA, mst\u00edte sa slu\u0161n\u00fdm policajtom a rezort v\u00e1m pad\u00e1 na hlavu, predstavte jasn\u00fd pl\u00e1n[:] - Smedemokrati.sk","og_description":"Demokrati \u017eiadaj\u00fa, aby policajn\u00fd prezident zverejnil, na ktor\u00e9 oddelenia boli preraden\u00e1 zru\u0161en\u00edm NAKA stovka policajtov. Juraj \u0160eliga hovor\u00ed, \u017ee t\u00ed policajti, ktor\u00ed sa vo v\u00fdzve zastali kolegov \u010curillu, \u010eurku, prokur\u00e1tora \u0160\u00fareka \u010di \u010fal\u0161\u00edch, boli degradovan\u00ed na okresn\u00e9 a obvodn\u00e9 oddelenia. Ide pritom o \u0161pi\u010dkov\u00fdch policajtov, do ktor\u00fdch \u0161t\u00e1t investoval mili\u00f3ny. Demokrati nazna\u010duj\u00fa, \u017ee m\u00f4\u017ee \u00eds\u0165 [&hellip;]","og_url":"https:\/\/www.smedemokrati.sk\/sv\/vyzva-sutaj-estokovi-rozprasili-ste-naka-mstite-sa-slusnym-policajtom-a-rezort-vam-pada-na-hlavu-predstavte-jasny-plan\/","og_site_name":"Smedemokrati.sk","article_publisher":"https:\/\/www.facebook.com\/smedemokrati2023","article_published_time":"2024-09-02T09:44:45+00:00","article_modified_time":"2024-09-06T14:51:05+00:00","og_image":[{"width":960,"height":540,"url":"https:\/\/www.smedemokrati.sk\/wp-content\/uploads\/2024\/05\/sutaj-estok-minister.jpg","type":"image\/jpeg"}],"author":"miro.sopko","twitter_card":"summary_large_image","twitter_misc":{"Skriven av":"miro.sopko","Ber\u00e4knad l\u00e4stid":"3 minuter"},"schema":{"@context":"https:\/\/schema.org","@graph":[{"@type":"Article","@id":"https:\/\/www.smedemokrati.sk\/vyzva-sutaj-estokovi-rozprasili-ste-naka-mstite-sa-slusnym-policajtom-a-rezort-vam-pada-na-hlavu-predstavte-jasny-plan\/#article","isPartOf":{"@id":"https:\/\/www.smedemokrati.sk\/vyzva-sutaj-estokovi-rozprasili-ste-naka-mstite-sa-slusnym-policajtom-a-rezort-vam-pada-na-hlavu-predstavte-jasny-plan\/"},"author":{"name":"miro.sopko","@id":"https:\/\/www.smedemokrati.sk\/#\/schema\/person\/21f147c88d605aa7ded900e1e7c344ba"},"headline":"V\u00fdzva \u0160utaj E\u0161tokovi: Rozpr\u00e1\u0161ili ste NAKA, mst\u00edte sa slu\u0161n\u00fdm policajtom a rezort v\u00e1m pad\u00e1 na hlavu, predstavte jasn\u00fd pl\u00e1n","datePublished":"2024-09-02T09:44:45+00:00","dateModified":"2024-09-06T14:51:05+00:00","mainEntityOfPage":{"@id":"https:\/\/www.smedemokrati.sk\/vyzva-sutaj-estokovi-rozprasili-ste-naka-mstite-sa-slusnym-policajtom-a-rezort-vam-pada-na-hlavu-predstavte-jasny-plan\/"},"wordCount":597,"publisher":{"@id":"https:\/\/www.smedemokrati.sk\/#organization"},"image":{"@id":"https:\/\/www.smedemokrati.sk\/vyzva-sutaj-estokovi-rozprasili-ste-naka-mstite-sa-slusnym-policajtom-a-rezort-vam-pada-na-hlavu-predstavte-jasny-plan\/#primaryimage"},"thumbnailUrl":"https:\/\/www.smedemokrati.sk\/wp-content\/uploads\/2024\/05\/sutaj-estok-minister.jpg","articleSection":["Tla\u010dov\u00e9 spr\u00e1vy"],"inLanguage":"sv-SE"},{"@type":"WebPage","@id":"https:\/\/www.smedemokrati.sk\/vyzva-sutaj-estokovi-rozprasili-ste-naka-mstite-sa-slusnym-policajtom-a-rezort-vam-pada-na-hlavu-predstavte-jasny-plan\/","url":"https:\/\/www.smedemokrati.sk\/vyzva-sutaj-estokovi-rozprasili-ste-naka-mstite-sa-slusnym-policajtom-a-rezort-vam-pada-na-hlavu-predstavte-jasny-plan\/","name":"V\u00fdzva \u0160utaj E\u0161tokovi: Rozpr\u00e1\u0161ili ste NAKA, mst\u00edte sa slu\u0161n\u00fdm policajtom a rezort v\u00e1m pad\u00e1 na hlavu, predstavte jasn\u00fd pl\u00e1n","isPartOf":{"@id":"https:\/\/www.smedemokrati.sk\/#website"},"primaryImageOfPage":{"@id":"https:\/\/www.smedemokrati.sk\/vyzva-sutaj-estokovi-rozprasili-ste-naka-mstite-sa-slusnym-policajtom-a-rezort-vam-pada-na-hlavu-predstavte-jasny-plan\/#primaryimage"},"image":{"@id":"https:\/\/www.smedemokrati.sk\/vyzva-sutaj-estokovi-rozprasili-ste-naka-mstite-sa-slusnym-policajtom-a-rezort-vam-pada-na-hlavu-predstavte-jasny-plan\/#primaryimage"},"thumbnailUrl":"https:\/\/www.smedemokrati.sk\/wp-content\/uploads\/2024\/05\/sutaj-estok-minister.jpg","datePublished":"2024-09-02T09:44:45+00:00","dateModified":"2024-09-06T14:51:05+00:00","breadcrumb":{"@id":"https:\/\/www.smedemokrati.sk\/vyzva-sutaj-estokovi-rozprasili-ste-naka-mstite-sa-slusnym-policajtom-a-rezort-vam-pada-na-hlavu-predstavte-jasny-plan\/#breadcrumb"},"inLanguage":"sv-SE","potentialAction":[{"@type":"ReadAction","target":["https:\/\/www.smedemokrati.sk\/vyzva-sutaj-estokovi-rozprasili-ste-naka-mstite-sa-slusnym-policajtom-a-rezort-vam-pada-na-hlavu-predstavte-jasny-plan\/"]}]},{"@type":"ImageObject","inLanguage":"sv-SE","@id":"https:\/\/www.smedemokrati.sk\/vyzva-sutaj-estokovi-rozprasili-ste-naka-mstite-sa-slusnym-policajtom-a-rezort-vam-pada-na-hlavu-predstavte-jasny-plan\/#primaryimage","url":"https:\/\/www.smedemokrati.sk\/wp-content\/uploads\/2024\/05\/sutaj-estok-minister.jpg","contentUrl":"https:\/\/www.smedemokrati.sk\/wp-content\/uploads\/2024\/05\/sutaj-estok-minister.jpg","width":960,"height":540},{"@type":"BreadcrumbList","@id":"https:\/\/www.smedemokrati.sk\/vyzva-sutaj-estokovi-rozprasili-ste-naka-mstite-sa-slusnym-policajtom-a-rezort-vam-pada-na-hlavu-predstavte-jasny-plan\/#breadcrumb","itemListElement":[{"@type":"ListItem","position":1,"name":"Domovsk\u00e1 str\u00e1nka","item":"https:\/\/www.smedemokrati.sk\/"},{"@type":"ListItem","position":2,"name":"V\u00fdzva \u0160utaj E\u0161tokovi: Rozpr\u00e1\u0161ili ste NAKA, mst\u00edte sa slu\u0161n\u00fdm policajtom a rezort v\u00e1m pad\u00e1 na hlavu, predstavte jasn\u00fd pl\u00e1n"}]},{"@type":"WebSite","@id":"https:\/\/www.smedemokrati.sk\/#website","url":"https:\/\/www.smedemokrati.sk\/","name":"Smedemokrati.sk","description":"Demokracia a slu\u0161nos\u0165 zv\u00ed\u0165az\u00ed","publisher":{"@id":"https:\/\/www.smedemokrati.sk\/#organization"},"potentialAction":[{"@type":"SearchAction","target":{"@type":"EntryPoint","urlTemplate":"https:\/\/www.smedemokrati.sk\/?s={search_term_string}"},"query-input":{"@type":"PropertyValueSpecification","valueRequired":true,"valueName":"search_term_string"}}],"inLanguage":"sv-SE"},{"@type":"Organization","@id":"https:\/\/www.smedemokrati.sk\/#organization","name":"Smedemokrati.sk","url":"https:\/\/www.smedemokrati.sk\/","logo":{"@type":"ImageObject","inLanguage":"sv-SE","@id":"https:\/\/www.smedemokrati.sk\/#\/schema\/logo\/image\/","url":"https:\/\/www.smedemokrati.sk\/wp-content\/uploads\/2023\/04\/ff.002.jpeg","contentUrl":"https:\/\/www.smedemokrati.sk\/wp-content\/uploads\/2023\/04\/ff.002.jpeg","width":640,"height":480,"caption":"Smedemokrati.sk"},"image":{"@id":"https:\/\/www.smedemokrati.sk\/#\/schema\/logo\/image\/"},"sameAs":["https:\/\/www.facebook.com\/smedemokrati2023"]},{"@type":"Person","@id":"https:\/\/www.smedemokrati.sk\/#\/schema\/person\/21f147c88d605aa7ded900e1e7c344ba","name":"miro.sopko","image":{"@type":"ImageObject","inLanguage":"sv-SE","@id":"https:\/\/secure.gravatar.com\/avatar\/267e4a36f704376c109afe3a78740c1f5dd8675a2180a908699e7863c9247606?s=96&d=mm&r=g","url":"https:\/\/secure.gravatar.com\/avatar\/267e4a36f704376c109afe3a78740c1f5dd8675a2180a908699e7863c9247606?s=96&d=mm&r=g","contentUrl":"https:\/\/secure.gravatar.com\/avatar\/267e4a36f704376c109afe3a78740c1f5dd8675a2180a908699e7863c9247606?s=96&d=mm&r=g","caption":"miro.sopko"},"url":"https:\/\/www.smedemokrati.sk\/sv\/author\/miro-sopko\/"}]}},"_links":{"self":[{"href":"https:\/\/www.smedemokrati.sk\/sv\/wp-json\/wp\/v2\/posts\/5042","targetHints":{"allow":["GET"]}}],"collection":[{"href":"https:\/\/www.smedemokrati.sk\/sv\/wp-json\/wp\/v2\/posts"}],"about":[{"href":"https:\/\/www.smedemokrati.sk\/sv\/wp-json\/wp\/v2\/types\/post"}],"author":[{"embeddable":true,"href":"https:\/\/www.smedemokrati.sk\/sv\/wp-json\/wp\/v2\/users\/13"}],"replies":[{"embeddable":true,"href":"https:\/\/www.smedemokrati.sk\/sv\/wp-json\/wp\/v2\/comments?post=5042"}],"version-history":[{"count":1,"href":"https:\/\/www.smedemokrati.sk\/sv\/wp-json\/wp\/v2\/posts\/5042\/revisions"}],"predecessor-version":[{"id":5043,"href":"https:\/\/www.smedemokrati.sk\/sv\/wp-json\/wp\/v2\/posts\/5042\/revisions\/5043"}],"wp:featuredmedia":[{"embeddable":true,"href":"https:\/\/www.smedemokrati.sk\/sv\/wp-json\/wp\/v2\/media\/4137"}],"wp:attachment":[{"href":"https:\/\/www.smedemokrati.sk\/sv\/wp-json\/wp\/v2\/media?parent=5042"}],"wp:term":[{"taxonomy":"category","embeddable":true,"href":"https:\/\/www.smedemokrati.sk\/sv\/wp-json\/wp\/v2\/categories?post=5042"},{"taxonomy":"post_tag","embeddable":true,"href":"https:\/\/www.smedemokrati.sk\/sv\/wp-json\/wp\/v2\/tags?post=5042"}],"curies":[{"name":"wp","href":"https:\/\/api.w.org\/{rel}","templated":true}]}}