{"id":4891,"date":"2024-08-14T17:04:39","date_gmt":"2024-08-14T16:04:39","guid":{"rendered":"https:\/\/www.smedemokrati.sk\/?p=4891"},"modified":"2024-08-28T12:33:51","modified_gmt":"2024-08-28T11:33:51","slug":"amnestia-je-dokonana","status":"publish","type":"post","link":"https:\/\/www.smedemokrati.sk\/sv\/amnestia-je-dokonana\/","title":{"rendered":"Amnestia je dokonan\u00e1"},"content":{"rendered":"<div id=\"fb-root\"><\/div>\n\n<p><strong>Dne\u0161n\u00fdm usmernen\u00edm gener\u00e1lnej prokurat\u00fary je dokonan\u00e1 samoamnestia vl\u00e1dy Roberta Fica. Gener\u00e1lny prokur\u00e1tor Maro\u0161 \u017dilinka v\u0161ak zrejme postupuje nad r\u00e1mec z\u00e1kona, resp. v rozpore so z\u00e1konom, ke\u010f\u017ee z\u00e1kon v\u00fdslovne zakazuje gener\u00e1lnemu prokur\u00e1torovi vyda\u0165 tzv. negat\u00edvny pokyn. Pod\u013ea obsahu usmernenia je v\u0161ak zrejm\u00e9, \u017ee ide o negat\u00edvny pokyn. Toto usmernenie by teda v takom pr\u00edpade, nebolo z\u00e1v\u00e4zn\u00e9 pre prokur\u00e1torov.&nbsp;<\/strong><\/p>\n\n\n\n<p><em>\u201eP\u00fdtam sa v\u0161etk\u00fdch ob\u010danov takto verejne, bez oh\u013eadu na to, koho ste volili, ako v\u00e1m pomohla t\u00e1to vl\u00e1da za 10 mesiacov svojej existencie? Nie s\u00fa lacnej\u0161ie potraviny ani energie, nie je tu pokoj ani zmier, naopak je tu nap\u00e4tie a beztrestnos\u0165 pre \u013eud\u00ed, ktor\u00ed s\u00fa podozriv\u00ed alebo u\u017e pr\u00e1voplatne ods\u00faden\u00ed. Dne\u0161n\u00e9 usmernenie gener\u00e1lneho prokur\u00e1tora je o to paradoxnej\u0161ie, \u017ee prikazuje prokur\u00e1torom aby nepod\u00e1vali v pr\u00edpade pochybnost\u00ed s\u0165a\u017enos\u0165, ob\u017ealobu, aby ru\u0161ili obvinenia. Prokur\u00e1tor je v\u0161ak viazan\u00fd z\u00e1konom a nie usmernen\u00edm, ktor\u00e9 ide evidentne nad r\u00e1mec z\u00e1kona a pod\u013ea obsahu je negat\u00edvnym pokynom,&#8221;\u00a0<\/em>hovor\u00ed Juraj \u0160eliga, podpredseda strany Demokrati<\/p>\n\n\n\n<p><em>\u201eVl\u00e1dna koal\u00edcia n\u00e1m s\u013eubovala, \u017ee novela trestn\u00fdch k\u00f3dexov sa nebude t\u00fdka\u0165 u\u017e obvinen\u00fdch alebo ob\u017ealovan\u00fdch. Dnes je opak pravdou, novela a preml\u010dania sa t\u00fdkaj\u00fa aj obvinen\u00fdch aj ob\u017ealovan\u00fdch. \u017dia\u013e, to \u010do sme hovorili je op\u00e4\u0165 klamstvo. To, \u010do vydala GP a to \u010do rob\u00ed vl\u00e1dna koal\u00edcia je pomoc zlo\u010dincom, inak sa to nazva\u0165 ned\u00e1! \u201d\u00a0<\/em>hovor\u00ed Juraj \u0160eliga.<\/p>\n\n\n\n<p>Rovnako v kontexte dne\u0161n\u00fdch vyhl\u00e1sen\u00ed predstavite\u013eov vl\u00e1dnej koal\u00edcie chceme upozorni\u0165 na vyhr\u00e1\u017eky, ktor\u00e9 smeruj\u00fa Danielovi Lip\u0161icovi pod statusmi Tom\u00e1\u0161a Tarabu alebo vyhr\u00e1\u017eky sudcom, prokur\u00e1torom alebo policajtom. Ver\u00edme, \u017ee pol\u00edcia m\u00e1 rovnak\u00fd meter a poskytne rovnak\u00fa ochranu v\u0161etk\u00fdm, ktor\u00ed ju potrebuj\u00fa.&nbsp;<\/p>\n\n\n<div class=\"fb-video\" data-href=\"https:\/\/fb.watch\/tYvJAwDMjB\" data-allowfullscreen=\"true\" data-autoplay=\"false\" data-width=\"\" data-show-text=\"false\" data-show-captions=\"true\"><\/div>\n","protected":false},"excerpt":{"rendered":"<p>Dne\u0161n\u00fdm usmernen\u00edm gener\u00e1lnej prokurat\u00fary je dokonan\u00e1 samoamnestia vl\u00e1dy Roberta Fica. Gener\u00e1lny prokur\u00e1tor Maro\u0161 \u017dilinka v\u0161ak zrejme postupuje nad r\u00e1mec z\u00e1kona, resp. v rozpore so z\u00e1konom, ke\u010f\u017ee z\u00e1kon v\u00fdslovne zakazuje gener\u00e1lnemu prokur\u00e1torovi vyda\u0165 tzv. negat\u00edvny pokyn. Pod\u013ea obsahu usmernenia je v\u0161ak zrejm\u00e9, \u017ee ide o negat\u00edvny pokyn. Toto usmernenie by teda v takom pr\u00edpade, nebolo z\u00e1v\u00e4zn\u00e9 [&hellip;]<\/p>\n","protected":false},"author":13,"featured_media":4892,"comment_status":"closed","ping_status":"closed","sticky":false,"template":"","format":"standard","meta":{"_acf_changed":false,"ngg_post_thumbnail":0,"footnotes":""},"categories":[4],"tags":[],"class_list":["post-4891","post","type-post","status-publish","format-standard","has-post-thumbnail","hentry","category-tlacove-spravy"],"acf":[],"yoast_head":"<!-- This site is optimized with the Yoast SEO plugin v27.2 - https:\/\/yoast.com\/product\/yoast-seo-wordpress\/ -->\n<title>Amnestia je dokonan\u00e1<\/title>\n<meta name=\"robots\" content=\"index, follow, max-snippet:-1, max-image-preview:large, max-video-preview:-1\" \/>\n<link rel=\"canonical\" href=\"https:\/\/www.smedemokrati.sk\/sv\/amnestia-je-dokonana\/\" \/>\n<meta property=\"og:locale\" content=\"sv_SE\" \/>\n<meta property=\"og:locale:alternate\" content=\"en_US\" \/>\n<meta property=\"og:locale:alternate\" content=\"cs_CZ\" \/>\n<meta property=\"og:locale:alternate\" content=\"hu_HU\" \/>\n<meta property=\"og:locale:alternate\" content=\"sk_SK\" \/>\n<meta property=\"og:type\" content=\"article\" \/>\n<meta property=\"og:title\" content=\"Amnestia je dokonan\u00e1\" \/>\n<meta property=\"og:description\" content=\"Dne\u0161n\u00fdm usmernen\u00edm gener\u00e1lnej prokurat\u00fary je dokonan\u00e1 samoamnestia vl\u00e1dy Roberta Fica. Gener\u00e1lny prokur\u00e1tor Maro\u0161 \u017dilinka v\u0161ak zrejme postupuje nad r\u00e1mec z\u00e1kona, resp. v rozpore so z\u00e1konom, ke\u010f\u017ee z\u00e1kon v\u00fdslovne zakazuje gener\u00e1lnemu prokur\u00e1torovi vyda\u0165 tzv. negat\u00edvny pokyn. Pod\u013ea obsahu usmernenia je v\u0161ak zrejm\u00e9, \u017ee ide o negat\u00edvny pokyn. Toto usmernenie by teda v takom pr\u00edpade, nebolo z\u00e1v\u00e4zn\u00e9 [&hellip;]\" \/>\n<meta property=\"og:url\" content=\"https:\/\/www.smedemokrati.sk\/sv\/amnestia-je-dokonana\/\" \/>\n<meta property=\"og:site_name\" content=\"Smedemokrati.sk\" \/>\n<meta property=\"article:publisher\" content=\"https:\/\/www.facebook.com\/smedemokrati2023\" \/>\n<meta property=\"article:published_time\" content=\"2024-08-14T16:04:39+00:00\" \/>\n<meta property=\"article:modified_time\" content=\"2024-08-28T11:33:51+00:00\" \/>\n<meta property=\"og:image\" content=\"https:\/\/www.smedemokrati.sk\/wp-content\/uploads\/2024\/08\/seliga-amnestia.jpeg\" \/>\n\t<meta property=\"og:image:width\" content=\"661\" \/>\n\t<meta property=\"og:image:height\" content=\"462\" \/>\n\t<meta property=\"og:image:type\" content=\"image\/jpeg\" \/>\n<meta name=\"author\" content=\"miro.sopko\" \/>\n<meta name=\"twitter:card\" content=\"summary_large_image\" \/>\n<meta name=\"twitter:label1\" content=\"Skriven av\" \/>\n\t<meta name=\"twitter:data1\" content=\"miro.sopko\" \/>\n\t<meta name=\"twitter:label2\" content=\"Ber\u00e4knad l\u00e4stid\" \/>\n\t<meta name=\"twitter:data2\" content=\"2 minuter\" \/>\n<script type=\"application\/ld+json\" class=\"yoast-schema-graph\">{\"@context\":\"https:\/\/schema.org\",\"@graph\":[{\"@type\":\"Article\",\"@id\":\"https:\/\/www.smedemokrati.sk\/amnestia-je-dokonana\/#article\",\"isPartOf\":{\"@id\":\"https:\/\/www.smedemokrati.sk\/amnestia-je-dokonana\/\"},\"author\":{\"name\":\"miro.sopko\",\"@id\":\"https:\/\/www.smedemokrati.sk\/#\/schema\/person\/21f147c88d605aa7ded900e1e7c344ba\"},\"headline\":\"Amnestia je dokonan\u00e1\",\"datePublished\":\"2024-08-14T16:04:39+00:00\",\"dateModified\":\"2024-08-28T11:33:51+00:00\",\"mainEntityOfPage\":{\"@id\":\"https:\/\/www.smedemokrati.sk\/amnestia-je-dokonana\/\"},\"wordCount\":354,\"publisher\":{\"@id\":\"https:\/\/www.smedemokrati.sk\/#organization\"},\"image\":{\"@id\":\"https:\/\/www.smedemokrati.sk\/amnestia-je-dokonana\/#primaryimage\"},\"thumbnailUrl\":\"https:\/\/www.smedemokrati.sk\/wp-content\/uploads\/2024\/08\/seliga-amnestia.jpeg\",\"articleSection\":[\"Tla\u010dov\u00e9 spr\u00e1vy\"],\"inLanguage\":\"sv-SE\"},{\"@type\":\"WebPage\",\"@id\":\"https:\/\/www.smedemokrati.sk\/amnestia-je-dokonana\/\",\"url\":\"https:\/\/www.smedemokrati.sk\/amnestia-je-dokonana\/\",\"name\":\"Amnestia je dokonan\u00e1\",\"isPartOf\":{\"@id\":\"https:\/\/www.smedemokrati.sk\/#website\"},\"primaryImageOfPage\":{\"@id\":\"https:\/\/www.smedemokrati.sk\/amnestia-je-dokonana\/#primaryimage\"},\"image\":{\"@id\":\"https:\/\/www.smedemokrati.sk\/amnestia-je-dokonana\/#primaryimage\"},\"thumbnailUrl\":\"https:\/\/www.smedemokrati.sk\/wp-content\/uploads\/2024\/08\/seliga-amnestia.jpeg\",\"datePublished\":\"2024-08-14T16:04:39+00:00\",\"dateModified\":\"2024-08-28T11:33:51+00:00\",\"breadcrumb\":{\"@id\":\"https:\/\/www.smedemokrati.sk\/amnestia-je-dokonana\/#breadcrumb\"},\"inLanguage\":\"sv-SE\",\"potentialAction\":[{\"@type\":\"ReadAction\",\"target\":[\"https:\/\/www.smedemokrati.sk\/amnestia-je-dokonana\/\"]}]},{\"@type\":\"ImageObject\",\"inLanguage\":\"sv-SE\",\"@id\":\"https:\/\/www.smedemokrati.sk\/amnestia-je-dokonana\/#primaryimage\",\"url\":\"https:\/\/www.smedemokrati.sk\/wp-content\/uploads\/2024\/08\/seliga-amnestia.jpeg\",\"contentUrl\":\"https:\/\/www.smedemokrati.sk\/wp-content\/uploads\/2024\/08\/seliga-amnestia.jpeg\",\"width\":661,\"height\":462},{\"@type\":\"BreadcrumbList\",\"@id\":\"https:\/\/www.smedemokrati.sk\/amnestia-je-dokonana\/#breadcrumb\",\"itemListElement\":[{\"@type\":\"ListItem\",\"position\":1,\"name\":\"Domovsk\u00e1 str\u00e1nka\",\"item\":\"https:\/\/www.smedemokrati.sk\/\"},{\"@type\":\"ListItem\",\"position\":2,\"name\":\"Amnestia je dokonan\u00e1\"}]},{\"@type\":\"WebSite\",\"@id\":\"https:\/\/www.smedemokrati.sk\/#website\",\"url\":\"https:\/\/www.smedemokrati.sk\/\",\"name\":\"Smedemokrati.sk\",\"description\":\"Demokracia a slu\u0161nos\u0165 zv\u00ed\u0165az\u00ed\",\"publisher\":{\"@id\":\"https:\/\/www.smedemokrati.sk\/#organization\"},\"potentialAction\":[{\"@type\":\"SearchAction\",\"target\":{\"@type\":\"EntryPoint\",\"urlTemplate\":\"https:\/\/www.smedemokrati.sk\/?s={search_term_string}\"},\"query-input\":{\"@type\":\"PropertyValueSpecification\",\"valueRequired\":true,\"valueName\":\"search_term_string\"}}],\"inLanguage\":\"sv-SE\"},{\"@type\":\"Organization\",\"@id\":\"https:\/\/www.smedemokrati.sk\/#organization\",\"name\":\"Smedemokrati.sk\",\"url\":\"https:\/\/www.smedemokrati.sk\/\",\"logo\":{\"@type\":\"ImageObject\",\"inLanguage\":\"sv-SE\",\"@id\":\"https:\/\/www.smedemokrati.sk\/#\/schema\/logo\/image\/\",\"url\":\"https:\/\/www.smedemokrati.sk\/wp-content\/uploads\/2023\/04\/ff.002.jpeg\",\"contentUrl\":\"https:\/\/www.smedemokrati.sk\/wp-content\/uploads\/2023\/04\/ff.002.jpeg\",\"width\":640,\"height\":480,\"caption\":\"Smedemokrati.sk\"},\"image\":{\"@id\":\"https:\/\/www.smedemokrati.sk\/#\/schema\/logo\/image\/\"},\"sameAs\":[\"https:\/\/www.facebook.com\/smedemokrati2023\"]},{\"@type\":\"Person\",\"@id\":\"https:\/\/www.smedemokrati.sk\/#\/schema\/person\/21f147c88d605aa7ded900e1e7c344ba\",\"name\":\"miro.sopko\",\"image\":{\"@type\":\"ImageObject\",\"inLanguage\":\"sv-SE\",\"@id\":\"https:\/\/secure.gravatar.com\/avatar\/267e4a36f704376c109afe3a78740c1f5dd8675a2180a908699e7863c9247606?s=96&d=mm&r=g\",\"url\":\"https:\/\/secure.gravatar.com\/avatar\/267e4a36f704376c109afe3a78740c1f5dd8675a2180a908699e7863c9247606?s=96&d=mm&r=g\",\"contentUrl\":\"https:\/\/secure.gravatar.com\/avatar\/267e4a36f704376c109afe3a78740c1f5dd8675a2180a908699e7863c9247606?s=96&d=mm&r=g\",\"caption\":\"miro.sopko\"},\"url\":\"https:\/\/www.smedemokrati.sk\/sv\/author\/miro-sopko\/\"}]}<\/script>\n<!-- \/ Yoast SEO plugin. -->","yoast_head_json":{"title":"Amnestia je dokonan\u00e1","robots":{"index":"index","follow":"follow","max-snippet":"max-snippet:-1","max-image-preview":"max-image-preview:large","max-video-preview":"max-video-preview:-1"},"canonical":"https:\/\/www.smedemokrati.sk\/sv\/amnestia-je-dokonana\/","og_locale":"sv_SE","og_type":"article","og_title":"[:sk]Amnestia je dokonan\u00e1[:] - Smedemokrati.sk","og_description":"Dne\u0161n\u00fdm usmernen\u00edm gener\u00e1lnej prokurat\u00fary je dokonan\u00e1 samoamnestia vl\u00e1dy Roberta Fica. Gener\u00e1lny prokur\u00e1tor Maro\u0161 \u017dilinka v\u0161ak zrejme postupuje nad r\u00e1mec z\u00e1kona, resp. v rozpore so z\u00e1konom, ke\u010f\u017ee z\u00e1kon v\u00fdslovne zakazuje gener\u00e1lnemu prokur\u00e1torovi vyda\u0165 tzv. negat\u00edvny pokyn. Pod\u013ea obsahu usmernenia je v\u0161ak zrejm\u00e9, \u017ee ide o negat\u00edvny pokyn. Toto usmernenie by teda v takom pr\u00edpade, nebolo z\u00e1v\u00e4zn\u00e9 [&hellip;]","og_url":"https:\/\/www.smedemokrati.sk\/sv\/amnestia-je-dokonana\/","og_site_name":"Smedemokrati.sk","article_publisher":"https:\/\/www.facebook.com\/smedemokrati2023","article_published_time":"2024-08-14T16:04:39+00:00","article_modified_time":"2024-08-28T11:33:51+00:00","og_image":[{"width":661,"height":462,"url":"https:\/\/www.smedemokrati.sk\/wp-content\/uploads\/2024\/08\/seliga-amnestia.jpeg","type":"image\/jpeg"}],"author":"miro.sopko","twitter_card":"summary_large_image","twitter_misc":{"Skriven av":"miro.sopko","Ber\u00e4knad l\u00e4stid":"2 minuter"},"schema":{"@context":"https:\/\/schema.org","@graph":[{"@type":"Article","@id":"https:\/\/www.smedemokrati.sk\/amnestia-je-dokonana\/#article","isPartOf":{"@id":"https:\/\/www.smedemokrati.sk\/amnestia-je-dokonana\/"},"author":{"name":"miro.sopko","@id":"https:\/\/www.smedemokrati.sk\/#\/schema\/person\/21f147c88d605aa7ded900e1e7c344ba"},"headline":"Amnestia je dokonan\u00e1","datePublished":"2024-08-14T16:04:39+00:00","dateModified":"2024-08-28T11:33:51+00:00","mainEntityOfPage":{"@id":"https:\/\/www.smedemokrati.sk\/amnestia-je-dokonana\/"},"wordCount":354,"publisher":{"@id":"https:\/\/www.smedemokrati.sk\/#organization"},"image":{"@id":"https:\/\/www.smedemokrati.sk\/amnestia-je-dokonana\/#primaryimage"},"thumbnailUrl":"https:\/\/www.smedemokrati.sk\/wp-content\/uploads\/2024\/08\/seliga-amnestia.jpeg","articleSection":["Tla\u010dov\u00e9 spr\u00e1vy"],"inLanguage":"sv-SE"},{"@type":"WebPage","@id":"https:\/\/www.smedemokrati.sk\/amnestia-je-dokonana\/","url":"https:\/\/www.smedemokrati.sk\/amnestia-je-dokonana\/","name":"Amnestia je dokonan\u00e1","isPartOf":{"@id":"https:\/\/www.smedemokrati.sk\/#website"},"primaryImageOfPage":{"@id":"https:\/\/www.smedemokrati.sk\/amnestia-je-dokonana\/#primaryimage"},"image":{"@id":"https:\/\/www.smedemokrati.sk\/amnestia-je-dokonana\/#primaryimage"},"thumbnailUrl":"https:\/\/www.smedemokrati.sk\/wp-content\/uploads\/2024\/08\/seliga-amnestia.jpeg","datePublished":"2024-08-14T16:04:39+00:00","dateModified":"2024-08-28T11:33:51+00:00","breadcrumb":{"@id":"https:\/\/www.smedemokrati.sk\/amnestia-je-dokonana\/#breadcrumb"},"inLanguage":"sv-SE","potentialAction":[{"@type":"ReadAction","target":["https:\/\/www.smedemokrati.sk\/amnestia-je-dokonana\/"]}]},{"@type":"ImageObject","inLanguage":"sv-SE","@id":"https:\/\/www.smedemokrati.sk\/amnestia-je-dokonana\/#primaryimage","url":"https:\/\/www.smedemokrati.sk\/wp-content\/uploads\/2024\/08\/seliga-amnestia.jpeg","contentUrl":"https:\/\/www.smedemokrati.sk\/wp-content\/uploads\/2024\/08\/seliga-amnestia.jpeg","width":661,"height":462},{"@type":"BreadcrumbList","@id":"https:\/\/www.smedemokrati.sk\/amnestia-je-dokonana\/#breadcrumb","itemListElement":[{"@type":"ListItem","position":1,"name":"Domovsk\u00e1 str\u00e1nka","item":"https:\/\/www.smedemokrati.sk\/"},{"@type":"ListItem","position":2,"name":"Amnestia je dokonan\u00e1"}]},{"@type":"WebSite","@id":"https:\/\/www.smedemokrati.sk\/#website","url":"https:\/\/www.smedemokrati.sk\/","name":"Smedemokrati.sk","description":"Demokracia a slu\u0161nos\u0165 zv\u00ed\u0165az\u00ed","publisher":{"@id":"https:\/\/www.smedemokrati.sk\/#organization"},"potentialAction":[{"@type":"SearchAction","target":{"@type":"EntryPoint","urlTemplate":"https:\/\/www.smedemokrati.sk\/?s={search_term_string}"},"query-input":{"@type":"PropertyValueSpecification","valueRequired":true,"valueName":"search_term_string"}}],"inLanguage":"sv-SE"},{"@type":"Organization","@id":"https:\/\/www.smedemokrati.sk\/#organization","name":"Smedemokrati.sk","url":"https:\/\/www.smedemokrati.sk\/","logo":{"@type":"ImageObject","inLanguage":"sv-SE","@id":"https:\/\/www.smedemokrati.sk\/#\/schema\/logo\/image\/","url":"https:\/\/www.smedemokrati.sk\/wp-content\/uploads\/2023\/04\/ff.002.jpeg","contentUrl":"https:\/\/www.smedemokrati.sk\/wp-content\/uploads\/2023\/04\/ff.002.jpeg","width":640,"height":480,"caption":"Smedemokrati.sk"},"image":{"@id":"https:\/\/www.smedemokrati.sk\/#\/schema\/logo\/image\/"},"sameAs":["https:\/\/www.facebook.com\/smedemokrati2023"]},{"@type":"Person","@id":"https:\/\/www.smedemokrati.sk\/#\/schema\/person\/21f147c88d605aa7ded900e1e7c344ba","name":"miro.sopko","image":{"@type":"ImageObject","inLanguage":"sv-SE","@id":"https:\/\/secure.gravatar.com\/avatar\/267e4a36f704376c109afe3a78740c1f5dd8675a2180a908699e7863c9247606?s=96&d=mm&r=g","url":"https:\/\/secure.gravatar.com\/avatar\/267e4a36f704376c109afe3a78740c1f5dd8675a2180a908699e7863c9247606?s=96&d=mm&r=g","contentUrl":"https:\/\/secure.gravatar.com\/avatar\/267e4a36f704376c109afe3a78740c1f5dd8675a2180a908699e7863c9247606?s=96&d=mm&r=g","caption":"miro.sopko"},"url":"https:\/\/www.smedemokrati.sk\/sv\/author\/miro-sopko\/"}]}},"_links":{"self":[{"href":"https:\/\/www.smedemokrati.sk\/sv\/wp-json\/wp\/v2\/posts\/4891","targetHints":{"allow":["GET"]}}],"collection":[{"href":"https:\/\/www.smedemokrati.sk\/sv\/wp-json\/wp\/v2\/posts"}],"about":[{"href":"https:\/\/www.smedemokrati.sk\/sv\/wp-json\/wp\/v2\/types\/post"}],"author":[{"embeddable":true,"href":"https:\/\/www.smedemokrati.sk\/sv\/wp-json\/wp\/v2\/users\/13"}],"replies":[{"embeddable":true,"href":"https:\/\/www.smedemokrati.sk\/sv\/wp-json\/wp\/v2\/comments?post=4891"}],"version-history":[{"count":1,"href":"https:\/\/www.smedemokrati.sk\/sv\/wp-json\/wp\/v2\/posts\/4891\/revisions"}],"predecessor-version":[{"id":4893,"href":"https:\/\/www.smedemokrati.sk\/sv\/wp-json\/wp\/v2\/posts\/4891\/revisions\/4893"}],"wp:featuredmedia":[{"embeddable":true,"href":"https:\/\/www.smedemokrati.sk\/sv\/wp-json\/wp\/v2\/media\/4892"}],"wp:attachment":[{"href":"https:\/\/www.smedemokrati.sk\/sv\/wp-json\/wp\/v2\/media?parent=4891"}],"wp:term":[{"taxonomy":"category","embeddable":true,"href":"https:\/\/www.smedemokrati.sk\/sv\/wp-json\/wp\/v2\/categories?post=4891"},{"taxonomy":"post_tag","embeddable":true,"href":"https:\/\/www.smedemokrati.sk\/sv\/wp-json\/wp\/v2\/tags?post=4891"}],"curies":[{"name":"wp","href":"https:\/\/api.w.org\/{rel}","templated":true}]}}