{"id":4757,"date":"2024-07-31T16:16:44","date_gmt":"2024-07-31T15:16:44","guid":{"rendered":"https:\/\/www.smedemokrati.sk\/?p=4757"},"modified":"2024-08-07T16:45:15","modified_gmt":"2024-08-07T15:45:15","slug":"narodnemu-parku-nizke-tatry-hrozi-masivna-tazba-a-intenzivna-vystavba","status":"publish","type":"post","link":"https:\/\/www.smedemokrati.sk\/sv\/narodnemu-parku-nizke-tatry-hrozi-masivna-tazba-a-intenzivna-vystavba\/","title":{"rendered":"N\u00e1rodn\u00e9mu parku N\u00edzke Tatry hroz\u00ed mas\u00edvna \u0165a\u017eba a intenz\u00edvna v\u00fdstavba"},"content":{"rendered":"<div id=\"fb-root\"><\/div>\n\n<p><strong>Demokrati z\u00edskali d\u00f4kazy o bezprostrednej hrozbe mas\u00edvnej \u0165a\u017eby v N\u00e1rodnom parku N\u00edzke Tatry. \u0164a\u017ei\u0165 sa m\u00e1 v skoro 800 hekt\u00e1roch lesn\u00fdch porastov v citliv\u00fdch lokalit\u00e1ch s v\u00fdskytom hluch\u00e1\u0148a. Spr\u00e1va n\u00e1rodn\u00e9ho parku \u010falej vydala viacer\u00e9 kladn\u00e9 stanovisk\u00e1 k rozsiahlej v\u00fdstavbe. Opakovanie katastrofy z Dem\u00e4novskej doliny je pod veden\u00edm Tom\u00e1\u0161a Tarabu na spadnutie.<\/strong><\/p>\n\n\n\n<p>V priebehu nieko\u013ek\u00fdch t\u00fd\u017ed\u0148ov podali viacer\u00e9 subjekty \u017eiadosti spr\u00e1ve n\u00e1rodn\u00e9ho parku alebo okresn\u00fdm \u00faradom o zmeny rozhodnut\u00ed, ktor\u00fdmi im bola v minulosti obmedzen\u00e1 \u0165a\u017eba v skoro stovke lesn\u00fdch porastov na \u00fazem\u00ed N\u00e1rodn\u00e9ho parku N\u00edzke Tatry. Spolu ide o 6 \u017eiadost\u00ed pre lokality \u00fazemia eur\u00f3pskeho v\u00fdznamu Kr\u00e1\u013eovoho\u013esk\u00e9 Tatry, z toho v\u00e4\u010d\u0161inu podal \u0161t\u00e1tny podnik Lesy SR. Vo v\u0161etk\u00fdch bola v minulosti obmedzen\u00e1 \u0165a\u017eba z d\u00f4vodu ochrany biotopov hluch\u00e1\u0148a h\u00f4rneho. V pr\u00edpade urb\u00e1rov&nbsp;ide rovnako o hluch\u00e1nie lokality, v ktor\u00fdch ale chce s\u00fakromn\u00fd investor realizova\u0165 v\u00fdstavbu \u010fal\u0161ej zjazdovky.<\/p>\n\n\n\n<p><em>\u201ePod\u013ea na\u0161ich inform\u00e1ci\u00ed sa spr\u00e1va n\u00e1rodn\u00e9ho parku stavia k tejto \u0165a\u017ebe predbe\u017ene kladne. Ide v\u0161ak o fat\u00e1lnu hrozbu nielen pre pr\u00edrodu, ale aj pre Slovensk\u00fa republiku. Pripom\u00ednam, \u017ee v roku 2022 sme prehrali s\u00fad s Eur\u00f3pskou komisiou pr\u00e1ve pre nedostato\u010dn\u00fa ochranu hluch\u00e1\u0148a. A pr\u00e1ve v t\u00fdchto lokalit\u00e1ch sa m\u00e1 \u0165a\u017ei\u0165. Pova\u017eujem to za doslova bl\u00e1znovstvo. T\u00e1to \u0165a\u017eba sa nesmie realizova\u0165. Pre p\u00e1r mili\u00f3nov zisku m\u00f4\u017eeme n\u00e1sobne vy\u0161\u0161iu dosta\u0165 pokutu. T\u00fa ale Taraba osobne plati\u0165 nebude, posklad\u00e1me sa na \u0148u v\u0161etci,\u201d\u00a0<\/em>upozor\u0148uje Michal Ki\u010da, \u010dlen predsedn\u00edctva strany Demokrati a expert na \u017eivotn\u00e9 prostredie.<\/p>\n\n\n\n<p>\u010eal\u0161ou obrovskou hrozbou pre n\u00e1rodn\u00fd park je aj pl\u00e1novan\u00e1 mas\u00edvna v\u00fdstavba. V\u00fdznamn\u00fd developer zam\u00fd\u0161\u013ea realizova\u0165 roz\u0161\u00edrenie zjazdoviek v Jasnej, budovanie nov\u00fdch zjazdoviek aj cez hluch\u00e1nie biotopy, budovanie nov\u00fdch lanoviek v lokalite Otupn\u00e9, stavbu vysut\u00e9ho mostu v lokalite Priehyby \u010di parkovacieho domu na L\u00fa\u010dkach.\u00a0<em>\u201eSpolu skoro 40 invest\u00edci\u00ed len od jedin\u00e9ho developera, pri ktor\u00fdch absentuje vyhodnotenie z h\u013eadiska \u00fanosnosti a dopadov na \u017eivotn\u00e9 prostredie. N\u00e1rodn\u00fd park dal zatia\u013e \u0161tyri s\u00fahlasn\u00e9 stanoviska. Ak bude takto kona\u0165 aj na\u010falej, po Dem\u00e4novskej doline strat\u00edme \u010fal\u0161ie vz\u00e1cne \u00fazemie,\u201d<\/em>\u00a0dop\u013a\u0148a Michal Ki\u010da.<\/p>\n\n\n\n<p>Investi\u010dn\u00e9 z\u00e1mery chystaj\u00fa alebo predkladaj\u00fa aj men\u0161\u00ed investori. Pl\u00e1novan\u00e1 v\u00fdstavba ch\u00e1t na Liptovskej Tepli\u010dke, v J\u00e1nskej doline, D\u00fabrave &#8211; pl\u00e1novan\u00fd golfov\u00fd are\u00e1l \u010di v\u00fdstavba ch\u00e1t na Repisk\u00e1ch, to v\u0161etko spolu predstavuje divok\u00fa v\u00fdstavbu, megalomansk\u00e9 investi\u010dn\u00e9 pl\u00e1ny. Pritom u\u017e teraz je obrovsk\u00fd probl\u00e9m aj s pitnou vodou. Merania v mnoh\u00fdch lokalit\u00e1ch preukazuj\u00fa jej kontamin\u00e1ciu, a to vr\u00e1tane drog a hum\u00e1nnych lie\u010div. A toto v\u0161etko musia pi\u0165 obyvatelia Liptova.\u00a0<em>\u201eSme pripraven\u00ed tomuto masov\u00e9mu investi\u010dn\u00e9mu \u00fatoku zabr\u00e1ni\u0165. Vyz\u00fdvame spr\u00e1vu n\u00e1rodn\u00e9ho parku, aby plnila svoju z\u00e1kladn\u00fa \u00falohu, a tou je ochrana pr\u00edrody. Nie bezbreh\u00e1 v\u00fdstavba a \u0165a\u017eba. Akt\u00edvne budeme vstupova\u0165 do konan\u00ed, komunikova\u0165 s verejnos\u0165ou a tvrdo v\u0161etky tieto z\u00e1mery kritizova\u0165 a pod\u013ea potreby aj nap\u00e1da\u0165 na s\u00fadoch. Nesmieme dopusti\u0165, aby sa opakovala katastrofa z Dem\u00e4novskej doliny,\u201d<\/em>\u00a0deklaruje Ki\u010da.<\/p>\n\n\n\n<p>Predseda Demokratov Jaroslav Na\u010f dod\u00e1va, \u017ee u\u017e dnes s\u00fa obyvatelia dotknut\u00fdch oblast\u00ed zhrozen\u00ed z toho, ako sa im men\u00ed pr\u00edroda pred o\u010dami:\u00a0<em>\u201eChod\u00edm po celom Slovensku a ned\u00e1vno som sa rozpr\u00e1val s obyvate\u013emi z t\u00fdchto lokal\u00edt. S\u00fa naozaj zdesen\u00ed a boja sa, kam toto r\u00fabanie, \u0165a\u017eenie a mas\u00edvna v\u00fdstavba m\u00f4\u017ee z\u00e1js\u0165. To naozaj a\u017e ke\u010f n\u00e1m tu ostane posledn\u00fd les sa opoz\u00edcia a \u010fal\u0161\u00ed preber\u00fa a za\u010dn\u00fa t\u00e9mu rie\u0161i\u0165? Za Demokratov chcem jasne poveda\u0165, \u017ee budeme okam\u017eite kona\u0165 a nebudeme ne\u010dinne prizera\u0165 devastovaniu pr\u00edrody.&#8221;<\/em><\/p>\n\n\n\n<p>Z\u00e1znam z TK:<\/p>\n\n\n\n<p><a href=\"https:\/\/fb.watch\/tFWox1mN4o\">https:\/\/fb.watch\/tFWox1mN4o<\/a><\/p>\n","protected":false},"excerpt":{"rendered":"<p>Demokrati z\u00edskali d\u00f4kazy o bezprostrednej hrozbe mas\u00edvnej \u0165a\u017eby v N\u00e1rodnom parku N\u00edzke Tatry. \u0164a\u017ei\u0165 sa m\u00e1 v skoro 800 hekt\u00e1roch lesn\u00fdch porastov v citliv\u00fdch lokalit\u00e1ch s v\u00fdskytom hluch\u00e1\u0148a. Spr\u00e1va n\u00e1rodn\u00e9ho parku \u010falej vydala viacer\u00e9 kladn\u00e9 stanovisk\u00e1 k rozsiahlej v\u00fdstavbe. Opakovanie katastrofy z Dem\u00e4novskej doliny je pod veden\u00edm Tom\u00e1\u0161a Tarabu na spadnutie. V priebehu nieko\u013ek\u00fdch t\u00fd\u017ed\u0148ov [&hellip;]<\/p>\n","protected":false},"author":13,"featured_media":4758,"comment_status":"closed","ping_status":"closed","sticky":false,"template":"","format":"standard","meta":{"_acf_changed":false,"ngg_post_thumbnail":0,"footnotes":""},"categories":[4],"tags":[],"class_list":["post-4757","post","type-post","status-publish","format-standard","has-post-thumbnail","hentry","category-tlacove-spravy"],"acf":[],"yoast_head":"<!-- This site is optimized with the Yoast SEO plugin v27.2 - https:\/\/yoast.com\/product\/yoast-seo-wordpress\/ -->\n<title>N\u00e1rodn\u00e9mu parku N\u00edzke Tatry hroz\u00ed mas\u00edvna \u0165a\u017eba a intenz\u00edvna v\u00fdstavba<\/title>\n<meta name=\"robots\" content=\"index, follow, max-snippet:-1, max-image-preview:large, max-video-preview:-1\" \/>\n<link rel=\"canonical\" href=\"https:\/\/www.smedemokrati.sk\/sv\/narodnemu-parku-nizke-tatry-hrozi-masivna-tazba-a-intenzivna-vystavba\/\" \/>\n<meta property=\"og:locale\" content=\"sv_SE\" \/>\n<meta property=\"og:locale:alternate\" content=\"en_US\" \/>\n<meta property=\"og:locale:alternate\" content=\"cs_CZ\" \/>\n<meta property=\"og:locale:alternate\" content=\"hu_HU\" \/>\n<meta property=\"og:locale:alternate\" content=\"sk_SK\" \/>\n<meta property=\"og:type\" content=\"article\" \/>\n<meta property=\"og:title\" content=\"N\u00e1rodn\u00e9mu parku N\u00edzke Tatry hroz\u00ed mas\u00edvna \u0165a\u017eba a intenz\u00edvna v\u00fdstavba\" \/>\n<meta property=\"og:description\" content=\"Demokrati z\u00edskali d\u00f4kazy o bezprostrednej hrozbe mas\u00edvnej \u0165a\u017eby v N\u00e1rodnom parku N\u00edzke Tatry. \u0164a\u017ei\u0165 sa m\u00e1 v skoro 800 hekt\u00e1roch lesn\u00fdch porastov v citliv\u00fdch lokalit\u00e1ch s v\u00fdskytom hluch\u00e1\u0148a. Spr\u00e1va n\u00e1rodn\u00e9ho parku \u010falej vydala viacer\u00e9 kladn\u00e9 stanovisk\u00e1 k rozsiahlej v\u00fdstavbe. Opakovanie katastrofy z Dem\u00e4novskej doliny je pod veden\u00edm Tom\u00e1\u0161a Tarabu na spadnutie. V priebehu nieko\u013ek\u00fdch t\u00fd\u017ed\u0148ov [&hellip;]\" \/>\n<meta property=\"og:url\" content=\"https:\/\/www.smedemokrati.sk\/sv\/narodnemu-parku-nizke-tatry-hrozi-masivna-tazba-a-intenzivna-vystavba\/\" \/>\n<meta property=\"og:site_name\" content=\"Smedemokrati.sk\" \/>\n<meta property=\"article:publisher\" content=\"https:\/\/www.facebook.com\/smedemokrati2023\" \/>\n<meta property=\"article:published_time\" content=\"2024-07-31T15:16:44+00:00\" \/>\n<meta property=\"article:modified_time\" content=\"2024-08-07T15:45:15+00:00\" \/>\n<meta property=\"og:image\" content=\"https:\/\/www.smedemokrati.sk\/wp-content\/uploads\/2024\/07\/453246160_452663434409192_3817303456756942656_n-e1722439070652.jpg\" \/>\n\t<meta property=\"og:image:width\" content=\"1536\" \/>\n\t<meta property=\"og:image:height\" content=\"1392\" \/>\n\t<meta property=\"og:image:type\" content=\"image\/jpeg\" \/>\n<meta name=\"author\" content=\"miro.sopko\" \/>\n<meta name=\"twitter:card\" content=\"summary_large_image\" \/>\n<meta name=\"twitter:label1\" content=\"Skriven av\" \/>\n\t<meta name=\"twitter:data1\" content=\"miro.sopko\" \/>\n\t<meta name=\"twitter:label2\" content=\"Ber\u00e4knad l\u00e4stid\" \/>\n\t<meta name=\"twitter:data2\" content=\"3 minuter\" \/>\n<script type=\"application\/ld+json\" class=\"yoast-schema-graph\">{\"@context\":\"https:\/\/schema.org\",\"@graph\":[{\"@type\":\"Article\",\"@id\":\"https:\/\/www.smedemokrati.sk\/narodnemu-parku-nizke-tatry-hrozi-masivna-tazba-a-intenzivna-vystavba\/#article\",\"isPartOf\":{\"@id\":\"https:\/\/www.smedemokrati.sk\/narodnemu-parku-nizke-tatry-hrozi-masivna-tazba-a-intenzivna-vystavba\/\"},\"author\":{\"name\":\"miro.sopko\",\"@id\":\"https:\/\/www.smedemokrati.sk\/#\/schema\/person\/21f147c88d605aa7ded900e1e7c344ba\"},\"headline\":\"N\u00e1rodn\u00e9mu parku N\u00edzke Tatry hroz\u00ed mas\u00edvna \u0165a\u017eba a intenz\u00edvna v\u00fdstavba\",\"datePublished\":\"2024-07-31T15:16:44+00:00\",\"dateModified\":\"2024-08-07T15:45:15+00:00\",\"mainEntityOfPage\":{\"@id\":\"https:\/\/www.smedemokrati.sk\/narodnemu-parku-nizke-tatry-hrozi-masivna-tazba-a-intenzivna-vystavba\/\"},\"wordCount\":734,\"publisher\":{\"@id\":\"https:\/\/www.smedemokrati.sk\/#organization\"},\"image\":{\"@id\":\"https:\/\/www.smedemokrati.sk\/narodnemu-parku-nizke-tatry-hrozi-masivna-tazba-a-intenzivna-vystavba\/#primaryimage\"},\"thumbnailUrl\":\"https:\/\/www.smedemokrati.sk\/wp-content\/uploads\/2024\/07\/453246160_452663434409192_3817303456756942656_n-e1722439070652.jpg\",\"articleSection\":[\"Tla\u010dov\u00e9 spr\u00e1vy\"],\"inLanguage\":\"sv-SE\"},{\"@type\":\"WebPage\",\"@id\":\"https:\/\/www.smedemokrati.sk\/narodnemu-parku-nizke-tatry-hrozi-masivna-tazba-a-intenzivna-vystavba\/\",\"url\":\"https:\/\/www.smedemokrati.sk\/narodnemu-parku-nizke-tatry-hrozi-masivna-tazba-a-intenzivna-vystavba\/\",\"name\":\"N\u00e1rodn\u00e9mu parku N\u00edzke Tatry hroz\u00ed mas\u00edvna \u0165a\u017eba a intenz\u00edvna v\u00fdstavba\",\"isPartOf\":{\"@id\":\"https:\/\/www.smedemokrati.sk\/#website\"},\"primaryImageOfPage\":{\"@id\":\"https:\/\/www.smedemokrati.sk\/narodnemu-parku-nizke-tatry-hrozi-masivna-tazba-a-intenzivna-vystavba\/#primaryimage\"},\"image\":{\"@id\":\"https:\/\/www.smedemokrati.sk\/narodnemu-parku-nizke-tatry-hrozi-masivna-tazba-a-intenzivna-vystavba\/#primaryimage\"},\"thumbnailUrl\":\"https:\/\/www.smedemokrati.sk\/wp-content\/uploads\/2024\/07\/453246160_452663434409192_3817303456756942656_n-e1722439070652.jpg\",\"datePublished\":\"2024-07-31T15:16:44+00:00\",\"dateModified\":\"2024-08-07T15:45:15+00:00\",\"breadcrumb\":{\"@id\":\"https:\/\/www.smedemokrati.sk\/narodnemu-parku-nizke-tatry-hrozi-masivna-tazba-a-intenzivna-vystavba\/#breadcrumb\"},\"inLanguage\":\"sv-SE\",\"potentialAction\":[{\"@type\":\"ReadAction\",\"target\":[\"https:\/\/www.smedemokrati.sk\/narodnemu-parku-nizke-tatry-hrozi-masivna-tazba-a-intenzivna-vystavba\/\"]}]},{\"@type\":\"ImageObject\",\"inLanguage\":\"sv-SE\",\"@id\":\"https:\/\/www.smedemokrati.sk\/narodnemu-parku-nizke-tatry-hrozi-masivna-tazba-a-intenzivna-vystavba\/#primaryimage\",\"url\":\"https:\/\/www.smedemokrati.sk\/wp-content\/uploads\/2024\/07\/453246160_452663434409192_3817303456756942656_n-e1722439070652.jpg\",\"contentUrl\":\"https:\/\/www.smedemokrati.sk\/wp-content\/uploads\/2024\/07\/453246160_452663434409192_3817303456756942656_n-e1722439070652.jpg\",\"width\":1536,\"height\":1392},{\"@type\":\"BreadcrumbList\",\"@id\":\"https:\/\/www.smedemokrati.sk\/narodnemu-parku-nizke-tatry-hrozi-masivna-tazba-a-intenzivna-vystavba\/#breadcrumb\",\"itemListElement\":[{\"@type\":\"ListItem\",\"position\":1,\"name\":\"Domovsk\u00e1 str\u00e1nka\",\"item\":\"https:\/\/www.smedemokrati.sk\/\"},{\"@type\":\"ListItem\",\"position\":2,\"name\":\"N\u00e1rodn\u00e9mu parku N\u00edzke Tatry hroz\u00ed mas\u00edvna \u0165a\u017eba a intenz\u00edvna v\u00fdstavba\"}]},{\"@type\":\"WebSite\",\"@id\":\"https:\/\/www.smedemokrati.sk\/#website\",\"url\":\"https:\/\/www.smedemokrati.sk\/\",\"name\":\"Smedemokrati.sk\",\"description\":\"Demokracia a slu\u0161nos\u0165 zv\u00ed\u0165az\u00ed\",\"publisher\":{\"@id\":\"https:\/\/www.smedemokrati.sk\/#organization\"},\"potentialAction\":[{\"@type\":\"SearchAction\",\"target\":{\"@type\":\"EntryPoint\",\"urlTemplate\":\"https:\/\/www.smedemokrati.sk\/?s={search_term_string}\"},\"query-input\":{\"@type\":\"PropertyValueSpecification\",\"valueRequired\":true,\"valueName\":\"search_term_string\"}}],\"inLanguage\":\"sv-SE\"},{\"@type\":\"Organization\",\"@id\":\"https:\/\/www.smedemokrati.sk\/#organization\",\"name\":\"Smedemokrati.sk\",\"url\":\"https:\/\/www.smedemokrati.sk\/\",\"logo\":{\"@type\":\"ImageObject\",\"inLanguage\":\"sv-SE\",\"@id\":\"https:\/\/www.smedemokrati.sk\/#\/schema\/logo\/image\/\",\"url\":\"https:\/\/www.smedemokrati.sk\/wp-content\/uploads\/2023\/04\/ff.002.jpeg\",\"contentUrl\":\"https:\/\/www.smedemokrati.sk\/wp-content\/uploads\/2023\/04\/ff.002.jpeg\",\"width\":640,\"height\":480,\"caption\":\"Smedemokrati.sk\"},\"image\":{\"@id\":\"https:\/\/www.smedemokrati.sk\/#\/schema\/logo\/image\/\"},\"sameAs\":[\"https:\/\/www.facebook.com\/smedemokrati2023\"]},{\"@type\":\"Person\",\"@id\":\"https:\/\/www.smedemokrati.sk\/#\/schema\/person\/21f147c88d605aa7ded900e1e7c344ba\",\"name\":\"miro.sopko\",\"image\":{\"@type\":\"ImageObject\",\"inLanguage\":\"sv-SE\",\"@id\":\"https:\/\/secure.gravatar.com\/avatar\/267e4a36f704376c109afe3a78740c1f5dd8675a2180a908699e7863c9247606?s=96&d=mm&r=g\",\"url\":\"https:\/\/secure.gravatar.com\/avatar\/267e4a36f704376c109afe3a78740c1f5dd8675a2180a908699e7863c9247606?s=96&d=mm&r=g\",\"contentUrl\":\"https:\/\/secure.gravatar.com\/avatar\/267e4a36f704376c109afe3a78740c1f5dd8675a2180a908699e7863c9247606?s=96&d=mm&r=g\",\"caption\":\"miro.sopko\"},\"url\":\"https:\/\/www.smedemokrati.sk\/sv\/author\/miro-sopko\/\"}]}<\/script>\n<!-- \/ Yoast SEO plugin. -->","yoast_head_json":{"title":"N\u00e1rodn\u00e9mu parku N\u00edzke Tatry hroz\u00ed mas\u00edvna \u0165a\u017eba a intenz\u00edvna v\u00fdstavba","robots":{"index":"index","follow":"follow","max-snippet":"max-snippet:-1","max-image-preview":"max-image-preview:large","max-video-preview":"max-video-preview:-1"},"canonical":"https:\/\/www.smedemokrati.sk\/sv\/narodnemu-parku-nizke-tatry-hrozi-masivna-tazba-a-intenzivna-vystavba\/","og_locale":"sv_SE","og_type":"article","og_title":"[:sk]N\u00e1rodn\u00e9mu parku N\u00edzke Tatry hroz\u00ed mas\u00edvna \u0165a\u017eba a intenz\u00edvna v\u00fdstavba[:] - Smedemokrati.sk","og_description":"Demokrati z\u00edskali d\u00f4kazy o bezprostrednej hrozbe mas\u00edvnej \u0165a\u017eby v N\u00e1rodnom parku N\u00edzke Tatry. \u0164a\u017ei\u0165 sa m\u00e1 v skoro 800 hekt\u00e1roch lesn\u00fdch porastov v citliv\u00fdch lokalit\u00e1ch s v\u00fdskytom hluch\u00e1\u0148a. Spr\u00e1va n\u00e1rodn\u00e9ho parku \u010falej vydala viacer\u00e9 kladn\u00e9 stanovisk\u00e1 k rozsiahlej v\u00fdstavbe. Opakovanie katastrofy z Dem\u00e4novskej doliny je pod veden\u00edm Tom\u00e1\u0161a Tarabu na spadnutie. V priebehu nieko\u013ek\u00fdch t\u00fd\u017ed\u0148ov [&hellip;]","og_url":"https:\/\/www.smedemokrati.sk\/sv\/narodnemu-parku-nizke-tatry-hrozi-masivna-tazba-a-intenzivna-vystavba\/","og_site_name":"Smedemokrati.sk","article_publisher":"https:\/\/www.facebook.com\/smedemokrati2023","article_published_time":"2024-07-31T15:16:44+00:00","article_modified_time":"2024-08-07T15:45:15+00:00","og_image":[{"width":1536,"height":1392,"url":"https:\/\/www.smedemokrati.sk\/wp-content\/uploads\/2024\/07\/453246160_452663434409192_3817303456756942656_n-e1722439070652.jpg","type":"image\/jpeg"}],"author":"miro.sopko","twitter_card":"summary_large_image","twitter_misc":{"Skriven av":"miro.sopko","Ber\u00e4knad l\u00e4stid":"3 minuter"},"schema":{"@context":"https:\/\/schema.org","@graph":[{"@type":"Article","@id":"https:\/\/www.smedemokrati.sk\/narodnemu-parku-nizke-tatry-hrozi-masivna-tazba-a-intenzivna-vystavba\/#article","isPartOf":{"@id":"https:\/\/www.smedemokrati.sk\/narodnemu-parku-nizke-tatry-hrozi-masivna-tazba-a-intenzivna-vystavba\/"},"author":{"name":"miro.sopko","@id":"https:\/\/www.smedemokrati.sk\/#\/schema\/person\/21f147c88d605aa7ded900e1e7c344ba"},"headline":"N\u00e1rodn\u00e9mu parku N\u00edzke Tatry hroz\u00ed mas\u00edvna \u0165a\u017eba a intenz\u00edvna v\u00fdstavba","datePublished":"2024-07-31T15:16:44+00:00","dateModified":"2024-08-07T15:45:15+00:00","mainEntityOfPage":{"@id":"https:\/\/www.smedemokrati.sk\/narodnemu-parku-nizke-tatry-hrozi-masivna-tazba-a-intenzivna-vystavba\/"},"wordCount":734,"publisher":{"@id":"https:\/\/www.smedemokrati.sk\/#organization"},"image":{"@id":"https:\/\/www.smedemokrati.sk\/narodnemu-parku-nizke-tatry-hrozi-masivna-tazba-a-intenzivna-vystavba\/#primaryimage"},"thumbnailUrl":"https:\/\/www.smedemokrati.sk\/wp-content\/uploads\/2024\/07\/453246160_452663434409192_3817303456756942656_n-e1722439070652.jpg","articleSection":["Tla\u010dov\u00e9 spr\u00e1vy"],"inLanguage":"sv-SE"},{"@type":"WebPage","@id":"https:\/\/www.smedemokrati.sk\/narodnemu-parku-nizke-tatry-hrozi-masivna-tazba-a-intenzivna-vystavba\/","url":"https:\/\/www.smedemokrati.sk\/narodnemu-parku-nizke-tatry-hrozi-masivna-tazba-a-intenzivna-vystavba\/","name":"N\u00e1rodn\u00e9mu parku N\u00edzke Tatry hroz\u00ed mas\u00edvna \u0165a\u017eba a intenz\u00edvna v\u00fdstavba","isPartOf":{"@id":"https:\/\/www.smedemokrati.sk\/#website"},"primaryImageOfPage":{"@id":"https:\/\/www.smedemokrati.sk\/narodnemu-parku-nizke-tatry-hrozi-masivna-tazba-a-intenzivna-vystavba\/#primaryimage"},"image":{"@id":"https:\/\/www.smedemokrati.sk\/narodnemu-parku-nizke-tatry-hrozi-masivna-tazba-a-intenzivna-vystavba\/#primaryimage"},"thumbnailUrl":"https:\/\/www.smedemokrati.sk\/wp-content\/uploads\/2024\/07\/453246160_452663434409192_3817303456756942656_n-e1722439070652.jpg","datePublished":"2024-07-31T15:16:44+00:00","dateModified":"2024-08-07T15:45:15+00:00","breadcrumb":{"@id":"https:\/\/www.smedemokrati.sk\/narodnemu-parku-nizke-tatry-hrozi-masivna-tazba-a-intenzivna-vystavba\/#breadcrumb"},"inLanguage":"sv-SE","potentialAction":[{"@type":"ReadAction","target":["https:\/\/www.smedemokrati.sk\/narodnemu-parku-nizke-tatry-hrozi-masivna-tazba-a-intenzivna-vystavba\/"]}]},{"@type":"ImageObject","inLanguage":"sv-SE","@id":"https:\/\/www.smedemokrati.sk\/narodnemu-parku-nizke-tatry-hrozi-masivna-tazba-a-intenzivna-vystavba\/#primaryimage","url":"https:\/\/www.smedemokrati.sk\/wp-content\/uploads\/2024\/07\/453246160_452663434409192_3817303456756942656_n-e1722439070652.jpg","contentUrl":"https:\/\/www.smedemokrati.sk\/wp-content\/uploads\/2024\/07\/453246160_452663434409192_3817303456756942656_n-e1722439070652.jpg","width":1536,"height":1392},{"@type":"BreadcrumbList","@id":"https:\/\/www.smedemokrati.sk\/narodnemu-parku-nizke-tatry-hrozi-masivna-tazba-a-intenzivna-vystavba\/#breadcrumb","itemListElement":[{"@type":"ListItem","position":1,"name":"Domovsk\u00e1 str\u00e1nka","item":"https:\/\/www.smedemokrati.sk\/"},{"@type":"ListItem","position":2,"name":"N\u00e1rodn\u00e9mu parku N\u00edzke Tatry hroz\u00ed mas\u00edvna \u0165a\u017eba a intenz\u00edvna v\u00fdstavba"}]},{"@type":"WebSite","@id":"https:\/\/www.smedemokrati.sk\/#website","url":"https:\/\/www.smedemokrati.sk\/","name":"Smedemokrati.sk","description":"Demokracia a slu\u0161nos\u0165 zv\u00ed\u0165az\u00ed","publisher":{"@id":"https:\/\/www.smedemokrati.sk\/#organization"},"potentialAction":[{"@type":"SearchAction","target":{"@type":"EntryPoint","urlTemplate":"https:\/\/www.smedemokrati.sk\/?s={search_term_string}"},"query-input":{"@type":"PropertyValueSpecification","valueRequired":true,"valueName":"search_term_string"}}],"inLanguage":"sv-SE"},{"@type":"Organization","@id":"https:\/\/www.smedemokrati.sk\/#organization","name":"Smedemokrati.sk","url":"https:\/\/www.smedemokrati.sk\/","logo":{"@type":"ImageObject","inLanguage":"sv-SE","@id":"https:\/\/www.smedemokrati.sk\/#\/schema\/logo\/image\/","url":"https:\/\/www.smedemokrati.sk\/wp-content\/uploads\/2023\/04\/ff.002.jpeg","contentUrl":"https:\/\/www.smedemokrati.sk\/wp-content\/uploads\/2023\/04\/ff.002.jpeg","width":640,"height":480,"caption":"Smedemokrati.sk"},"image":{"@id":"https:\/\/www.smedemokrati.sk\/#\/schema\/logo\/image\/"},"sameAs":["https:\/\/www.facebook.com\/smedemokrati2023"]},{"@type":"Person","@id":"https:\/\/www.smedemokrati.sk\/#\/schema\/person\/21f147c88d605aa7ded900e1e7c344ba","name":"miro.sopko","image":{"@type":"ImageObject","inLanguage":"sv-SE","@id":"https:\/\/secure.gravatar.com\/avatar\/267e4a36f704376c109afe3a78740c1f5dd8675a2180a908699e7863c9247606?s=96&d=mm&r=g","url":"https:\/\/secure.gravatar.com\/avatar\/267e4a36f704376c109afe3a78740c1f5dd8675a2180a908699e7863c9247606?s=96&d=mm&r=g","contentUrl":"https:\/\/secure.gravatar.com\/avatar\/267e4a36f704376c109afe3a78740c1f5dd8675a2180a908699e7863c9247606?s=96&d=mm&r=g","caption":"miro.sopko"},"url":"https:\/\/www.smedemokrati.sk\/sv\/author\/miro-sopko\/"}]}},"_links":{"self":[{"href":"https:\/\/www.smedemokrati.sk\/sv\/wp-json\/wp\/v2\/posts\/4757","targetHints":{"allow":["GET"]}}],"collection":[{"href":"https:\/\/www.smedemokrati.sk\/sv\/wp-json\/wp\/v2\/posts"}],"about":[{"href":"https:\/\/www.smedemokrati.sk\/sv\/wp-json\/wp\/v2\/types\/post"}],"author":[{"embeddable":true,"href":"https:\/\/www.smedemokrati.sk\/sv\/wp-json\/wp\/v2\/users\/13"}],"replies":[{"embeddable":true,"href":"https:\/\/www.smedemokrati.sk\/sv\/wp-json\/wp\/v2\/comments?post=4757"}],"version-history":[{"count":2,"href":"https:\/\/www.smedemokrati.sk\/sv\/wp-json\/wp\/v2\/posts\/4757\/revisions"}],"predecessor-version":[{"id":4760,"href":"https:\/\/www.smedemokrati.sk\/sv\/wp-json\/wp\/v2\/posts\/4757\/revisions\/4760"}],"wp:featuredmedia":[{"embeddable":true,"href":"https:\/\/www.smedemokrati.sk\/sv\/wp-json\/wp\/v2\/media\/4758"}],"wp:attachment":[{"href":"https:\/\/www.smedemokrati.sk\/sv\/wp-json\/wp\/v2\/media?parent=4757"}],"wp:term":[{"taxonomy":"category","embeddable":true,"href":"https:\/\/www.smedemokrati.sk\/sv\/wp-json\/wp\/v2\/categories?post=4757"},{"taxonomy":"post_tag","embeddable":true,"href":"https:\/\/www.smedemokrati.sk\/sv\/wp-json\/wp\/v2\/tags?post=4757"}],"curies":[{"name":"wp","href":"https:\/\/api.w.org\/{rel}","templated":true}]}}