{"id":4755,"date":"2024-07-31T14:09:22","date_gmt":"2024-07-31T13:09:22","guid":{"rendered":"https:\/\/www.smedemokrati.sk\/?p=4755"},"modified":"2024-08-07T16:45:08","modified_gmt":"2024-08-07T15:45:08","slug":"ak-podla-ministra-tomasa-je-za-kratenie-prispevku-na-opatrovanie-zodpovedna-jana-zitnanska-rovnako-je-zan-zodpovedny-aj-on-sam","status":"publish","type":"post","link":"https:\/\/www.smedemokrati.sk\/sv\/ak-podla-ministra-tomasa-je-za-kratenie-prispevku-na-opatrovanie-zodpovedna-jana-zitnanska-rovnako-je-zan-zodpovedny-aj-on-sam\/","title":{"rendered":"Ak pod\u013ea ministra Tom\u00e1\u0161a je za kr\u00e1tenie pr\u00edspevku na opatrovanie zodpovedn\u00e1 Jana \u017dit\u0148ansk\u00e1, rovnako je za\u0148 zodpovedn\u00fd aj on s\u00e1m"},"content":{"rendered":"<div id=\"fb-root\"><\/div>\n\n<p><strong>Tom\u00e1\u0161 nielen\u017ee hlasoval za novelu z\u00e1kona z roku 2022, ktor\u00fa teraz kritizuje, ale mal ako minister pr\u00e1ce, soci\u00e1lnych vec\u00ed a rodiny 10 mesiacov na to, aby prijal opatrenia, ktor\u00fdmi by sa zastavilo kr\u00e1tenie pr\u00edspevkov na opatrovanie. Demokrati odmietaj\u00fa tvrdenia, \u017ee toto kr\u00e1tenie je d\u00f4sledkom novely Jany \u017dit\u0148anskej (Demokrati), ktor\u00e1 rezort opakovane upozor\u0148ovala, \u017ee ak d\u00f4jde k v\u00fdrazn\u00e9mu nav\u00fd\u0161enie d\u00f4chodkov, je potrebn\u00e9 rie\u0161i\u0165 hranicu pr\u00edjmu opatrovan\u00e9ho, \u010do Tom\u00e1\u0161ov rezort nezoh\u013eadnil.&nbsp;Navy\u0161e, desa\u0165tis\u00edcom opatrovate\u013eov sa aj pred rokom 2022 kr\u00e1til pr\u00edspevok na opatrovanie z d\u00f4vodu posudzovania pr\u00edjmu opatrovan\u00e9ho. A to ani Erik Tom\u00e1\u0161 ako poslanec strany Smer v minulosti nerie\u0161il.<\/strong><\/p>\n\n\n\n<p>Jana \u017dit\u0148ansk\u00e1 vysvet\u013euje, \u017ee kr\u00e1tenie pr\u00edspevkov na opatrovanie plat\u00ed dlhodobo pre t\u00fdch opatrovate\u013eov, ktor\u00ed nepoberali ako opatrovatelia d\u00f4chodok:\u00a0<em>\u201eNovelou, ktor\u00fa sme prijali v roku 2022, k nim pribudli aj opatrovatelia &#8211; d\u00f4chodcovia, pre ktor\u00fdch v minulosti platilo, \u017ee ak\u00fdko\u013evek pr\u00edjem mali oni alebo opatrovan\u00ed, dostali len polovicu pr\u00edspevku na opatrovanie. A to aj tak\u00ed, ktor\u00ed sa cel\u00fd \u017eivot starali o bl\u00edzkeho so zdravotn\u00fdm znev\u00fdhodnen\u00edm v d\u00f4sledku \u010doho mali 250 eur d\u00f4chodok a ich opatrovan\u00ed mo\u017eno o p\u00e1r eur viac,\u201d\u00a0<\/em>upozor\u0148uje, \u017ee za novelu hlasovali v\u0161etci pr\u00edtomn\u00ed poslanci, teda aj za SMER a Hlas vr\u00e1tane Tom\u00e1\u0161a a z\u00e1rove\u0148, nikto v tom \u010dase nepri\u0161iel so \u017eiadnym pozme\u0148uj\u00facim n\u00e1vrhom. Jana \u017dit\u0148ansk\u00e1 z\u00e1rove\u0148 dod\u00e1va, \u017ee spom\u00ednan\u00e9 kr\u00e1tenie existuje odjak\u017eiva a podliehali mu roky desa\u0165tis\u00edce opatrovate\u013eov (dokopy cca 40 tis\u00edc ich bolo z celkov\u00e9ho po\u010dtu viac ako 70 tis\u00edc). Nejde preto o \u017eiadnu novinku, ktor\u00e1 by vznikla po schv\u00e1len\u00ed \u017dit\u0148anskej novely.\u00a0<\/p>\n\n\n\n<p><em>\u201eProbl\u00e9mom nebola moja novela, preto\u017ee t\u00e1to \u00faprava mala za podmienok, ktor\u00e9 platili v \u010dase ke\u010f sme ju prij\u00edmali, pom\u00f4c\u0165 drvivej v\u00e4\u010d\u0161ine t\u00fdchto opatrovate\u013eov. Ve\u010f preto za \u0148u hlasoval cel\u00fd parlament, vr\u00e1tane poslancov Smeru a Hlasu. V\u0161etko\u00a0sa v\u0161ak rozsypalo, ke\u010f v \u010fal\u0161om roku do\u0161lo k v\u00fdrazn\u00e9mu nav\u00fd\u0161eniu d\u00f4chodkov a ministerstvo nerie\u0161ilo hranicu pr\u00edjmu opatrovan\u00e9ho. Hovorila som o tom, ke\u010f Hlas zvy\u0161oval po\u010das na\u0161ej vl\u00e1dy d\u00f4chodky, hovorila som o tom s vysok\u00fdmi predstavite\u013emi ministerstva aj za\u010diatkom tohto roka, a to ako so sek\u010dn\u00fdmi riadite\u013emi tak aj so \u0161t\u00e1tnym tajomn\u00edkom, kedy u\u017e Tom\u00e1\u0161 bol ministrom.\u00a0S\u013e\u00fabili mi, \u017ee sa na to pozr\u00fa a dnes po\u010d\u00favame, kto v\u0161etko za to m\u00f4\u017ee,<\/em>\u201d hovor\u00ed expertka na soci\u00e1lnu politiku strany Demokrati a opakovane vyz\u00fdva ministra Tom\u00e1\u0161a aby nezav\u00e1dzal verejnos\u0165 nepravdiv\u00fdmi vyjadreniami, ale za\u010dal re\u00e1lne kona\u0165.<\/p>\n\n\n\n<p><em>\u201eCel\u00e9 je to o to paradoxnej\u0161ie, \u017ee v pr\u00edpade pridania 100 eur pracuj\u00facim opatrovate\u013eom, \u010do bolo s\u00fa\u010das\u0165ou tie\u017e mojej novely, sa t\u00fdmto opatren\u00edm, ktor\u00e9 vst\u00fapilo do platnosti 1. j\u00fala, teda za p\u00f4sobenia ministra Tom\u00e1\u0161a pochv\u00e1lil r\u00e1d,&#8221;<\/em>\u00a0uzatv\u00e1ra Jana \u017dit\u0148ansk\u00e1.<\/p>\n","protected":false},"excerpt":{"rendered":"<p>Tom\u00e1\u0161 nielen\u017ee hlasoval za novelu z\u00e1kona z roku 2022, ktor\u00fa teraz kritizuje, ale mal ako minister pr\u00e1ce, soci\u00e1lnych vec\u00ed a rodiny 10 mesiacov na to, aby prijal opatrenia, ktor\u00fdmi by sa zastavilo kr\u00e1tenie pr\u00edspevkov na opatrovanie. Demokrati odmietaj\u00fa tvrdenia, \u017ee toto kr\u00e1tenie je d\u00f4sledkom novely Jany \u017dit\u0148anskej (Demokrati), ktor\u00e1 rezort opakovane upozor\u0148ovala, \u017ee ak d\u00f4jde [&hellip;]<\/p>\n","protected":false},"author":13,"featured_media":666,"comment_status":"closed","ping_status":"closed","sticky":false,"template":"","format":"standard","meta":{"_acf_changed":false,"ngg_post_thumbnail":0,"footnotes":""},"categories":[4],"tags":[],"class_list":["post-4755","post","type-post","status-publish","format-standard","has-post-thumbnail","hentry","category-tlacove-spravy"],"acf":[],"yoast_head":"<!-- This site is optimized with the Yoast SEO plugin v27.2 - https:\/\/yoast.com\/product\/yoast-seo-wordpress\/ -->\n<title>Ak pod\u013ea ministra Tom\u00e1\u0161a je za kr\u00e1tenie pr\u00edspevku na opatrovanie zodpovedn\u00e1 Jana \u017dit\u0148ansk\u00e1, rovnako je za\u0148 zodpovedn\u00fd aj on s\u00e1m<\/title>\n<meta name=\"robots\" content=\"index, follow, max-snippet:-1, max-image-preview:large, max-video-preview:-1\" \/>\n<link rel=\"canonical\" href=\"https:\/\/www.smedemokrati.sk\/sv\/ak-podla-ministra-tomasa-je-za-kratenie-prispevku-na-opatrovanie-zodpovedna-jana-zitnanska-rovnako-je-zan-zodpovedny-aj-on-sam\/\" \/>\n<meta property=\"og:locale\" content=\"sv_SE\" \/>\n<meta property=\"og:locale:alternate\" content=\"en_US\" \/>\n<meta property=\"og:locale:alternate\" content=\"cs_CZ\" \/>\n<meta property=\"og:locale:alternate\" content=\"hu_HU\" \/>\n<meta property=\"og:locale:alternate\" content=\"sk_SK\" \/>\n<meta property=\"og:type\" content=\"article\" \/>\n<meta property=\"og:title\" content=\"Ak pod\u013ea ministra Tom\u00e1\u0161a je za kr\u00e1tenie pr\u00edspevku na opatrovanie zodpovedn\u00e1 Jana \u017dit\u0148ansk\u00e1, rovnako je za\u0148 zodpovedn\u00fd aj on s\u00e1m\" \/>\n<meta property=\"og:description\" content=\"Tom\u00e1\u0161 nielen\u017ee hlasoval za novelu z\u00e1kona z roku 2022, ktor\u00fa teraz kritizuje, ale mal ako minister pr\u00e1ce, soci\u00e1lnych vec\u00ed a rodiny 10 mesiacov na to, aby prijal opatrenia, ktor\u00fdmi by sa zastavilo kr\u00e1tenie pr\u00edspevkov na opatrovanie. Demokrati odmietaj\u00fa tvrdenia, \u017ee toto kr\u00e1tenie je d\u00f4sledkom novely Jany \u017dit\u0148anskej (Demokrati), ktor\u00e1 rezort opakovane upozor\u0148ovala, \u017ee ak d\u00f4jde [&hellip;]\" \/>\n<meta property=\"og:url\" content=\"https:\/\/www.smedemokrati.sk\/sv\/ak-podla-ministra-tomasa-je-za-kratenie-prispevku-na-opatrovanie-zodpovedna-jana-zitnanska-rovnako-je-zan-zodpovedny-aj-on-sam\/\" \/>\n<meta property=\"og:site_name\" content=\"Smedemokrati.sk\" \/>\n<meta property=\"article:publisher\" content=\"https:\/\/www.facebook.com\/smedemokrati2023\" \/>\n<meta property=\"article:published_time\" content=\"2024-07-31T13:09:22+00:00\" \/>\n<meta property=\"article:modified_time\" content=\"2024-08-07T15:45:08+00:00\" \/>\n<meta property=\"og:image\" content=\"https:\/\/www.smedemokrati.sk\/wp-content\/uploads\/2023\/04\/Zitnanska.jpg\" \/>\n\t<meta property=\"og:image:width\" content=\"1520\" \/>\n\t<meta property=\"og:image:height\" content=\"1080\" \/>\n\t<meta property=\"og:image:type\" content=\"image\/jpeg\" \/>\n<meta name=\"author\" content=\"miro.sopko\" \/>\n<meta name=\"twitter:card\" content=\"summary_large_image\" \/>\n<meta name=\"twitter:label1\" content=\"Skriven av\" \/>\n\t<meta name=\"twitter:data1\" content=\"miro.sopko\" \/>\n\t<meta name=\"twitter:label2\" content=\"Ber\u00e4knad l\u00e4stid\" \/>\n\t<meta name=\"twitter:data2\" content=\"3 minuter\" \/>\n<script type=\"application\/ld+json\" class=\"yoast-schema-graph\">{\"@context\":\"https:\/\/schema.org\",\"@graph\":[{\"@type\":\"Article\",\"@id\":\"https:\/\/www.smedemokrati.sk\/ak-podla-ministra-tomasa-je-za-kratenie-prispevku-na-opatrovanie-zodpovedna-jana-zitnanska-rovnako-je-zan-zodpovedny-aj-on-sam\/#article\",\"isPartOf\":{\"@id\":\"https:\/\/www.smedemokrati.sk\/ak-podla-ministra-tomasa-je-za-kratenie-prispevku-na-opatrovanie-zodpovedna-jana-zitnanska-rovnako-je-zan-zodpovedny-aj-on-sam\/\"},\"author\":{\"name\":\"miro.sopko\",\"@id\":\"https:\/\/www.smedemokrati.sk\/#\/schema\/person\/21f147c88d605aa7ded900e1e7c344ba\"},\"headline\":\"Ak pod\u013ea ministra Tom\u00e1\u0161a je za kr\u00e1tenie pr\u00edspevku na opatrovanie zodpovedn\u00e1 Jana \u017dit\u0148ansk\u00e1, rovnako je za\u0148 zodpovedn\u00fd aj on s\u00e1m\",\"datePublished\":\"2024-07-31T13:09:22+00:00\",\"dateModified\":\"2024-08-07T15:45:08+00:00\",\"mainEntityOfPage\":{\"@id\":\"https:\/\/www.smedemokrati.sk\/ak-podla-ministra-tomasa-je-za-kratenie-prispevku-na-opatrovanie-zodpovedna-jana-zitnanska-rovnako-je-zan-zodpovedny-aj-on-sam\/\"},\"wordCount\":569,\"publisher\":{\"@id\":\"https:\/\/www.smedemokrati.sk\/#organization\"},\"image\":{\"@id\":\"https:\/\/www.smedemokrati.sk\/ak-podla-ministra-tomasa-je-za-kratenie-prispevku-na-opatrovanie-zodpovedna-jana-zitnanska-rovnako-je-zan-zodpovedny-aj-on-sam\/#primaryimage\"},\"thumbnailUrl\":\"https:\/\/www.smedemokrati.sk\/wp-content\/uploads\/2023\/04\/Zitnanska.jpg\",\"articleSection\":[\"Tla\u010dov\u00e9 spr\u00e1vy\"],\"inLanguage\":\"sv-SE\"},{\"@type\":\"WebPage\",\"@id\":\"https:\/\/www.smedemokrati.sk\/ak-podla-ministra-tomasa-je-za-kratenie-prispevku-na-opatrovanie-zodpovedna-jana-zitnanska-rovnako-je-zan-zodpovedny-aj-on-sam\/\",\"url\":\"https:\/\/www.smedemokrati.sk\/ak-podla-ministra-tomasa-je-za-kratenie-prispevku-na-opatrovanie-zodpovedna-jana-zitnanska-rovnako-je-zan-zodpovedny-aj-on-sam\/\",\"name\":\"Ak pod\u013ea ministra Tom\u00e1\u0161a je za kr\u00e1tenie pr\u00edspevku na opatrovanie zodpovedn\u00e1 Jana \u017dit\u0148ansk\u00e1, rovnako je za\u0148 zodpovedn\u00fd aj on s\u00e1m\",\"isPartOf\":{\"@id\":\"https:\/\/www.smedemokrati.sk\/#website\"},\"primaryImageOfPage\":{\"@id\":\"https:\/\/www.smedemokrati.sk\/ak-podla-ministra-tomasa-je-za-kratenie-prispevku-na-opatrovanie-zodpovedna-jana-zitnanska-rovnako-je-zan-zodpovedny-aj-on-sam\/#primaryimage\"},\"image\":{\"@id\":\"https:\/\/www.smedemokrati.sk\/ak-podla-ministra-tomasa-je-za-kratenie-prispevku-na-opatrovanie-zodpovedna-jana-zitnanska-rovnako-je-zan-zodpovedny-aj-on-sam\/#primaryimage\"},\"thumbnailUrl\":\"https:\/\/www.smedemokrati.sk\/wp-content\/uploads\/2023\/04\/Zitnanska.jpg\",\"datePublished\":\"2024-07-31T13:09:22+00:00\",\"dateModified\":\"2024-08-07T15:45:08+00:00\",\"breadcrumb\":{\"@id\":\"https:\/\/www.smedemokrati.sk\/ak-podla-ministra-tomasa-je-za-kratenie-prispevku-na-opatrovanie-zodpovedna-jana-zitnanska-rovnako-je-zan-zodpovedny-aj-on-sam\/#breadcrumb\"},\"inLanguage\":\"sv-SE\",\"potentialAction\":[{\"@type\":\"ReadAction\",\"target\":[\"https:\/\/www.smedemokrati.sk\/ak-podla-ministra-tomasa-je-za-kratenie-prispevku-na-opatrovanie-zodpovedna-jana-zitnanska-rovnako-je-zan-zodpovedny-aj-on-sam\/\"]}]},{\"@type\":\"ImageObject\",\"inLanguage\":\"sv-SE\",\"@id\":\"https:\/\/www.smedemokrati.sk\/ak-podla-ministra-tomasa-je-za-kratenie-prispevku-na-opatrovanie-zodpovedna-jana-zitnanska-rovnako-je-zan-zodpovedny-aj-on-sam\/#primaryimage\",\"url\":\"https:\/\/www.smedemokrati.sk\/wp-content\/uploads\/2023\/04\/Zitnanska.jpg\",\"contentUrl\":\"https:\/\/www.smedemokrati.sk\/wp-content\/uploads\/2023\/04\/Zitnanska.jpg\",\"width\":1520,\"height\":1080},{\"@type\":\"BreadcrumbList\",\"@id\":\"https:\/\/www.smedemokrati.sk\/ak-podla-ministra-tomasa-je-za-kratenie-prispevku-na-opatrovanie-zodpovedna-jana-zitnanska-rovnako-je-zan-zodpovedny-aj-on-sam\/#breadcrumb\",\"itemListElement\":[{\"@type\":\"ListItem\",\"position\":1,\"name\":\"Domovsk\u00e1 str\u00e1nka\",\"item\":\"https:\/\/www.smedemokrati.sk\/\"},{\"@type\":\"ListItem\",\"position\":2,\"name\":\"Ak pod\u013ea ministra Tom\u00e1\u0161a je za kr\u00e1tenie pr\u00edspevku na opatrovanie zodpovedn\u00e1 Jana \u017dit\u0148ansk\u00e1, rovnako je za\u0148 zodpovedn\u00fd aj on s\u00e1m\"}]},{\"@type\":\"WebSite\",\"@id\":\"https:\/\/www.smedemokrati.sk\/#website\",\"url\":\"https:\/\/www.smedemokrati.sk\/\",\"name\":\"Smedemokrati.sk\",\"description\":\"Demokracia a slu\u0161nos\u0165 zv\u00ed\u0165az\u00ed\",\"publisher\":{\"@id\":\"https:\/\/www.smedemokrati.sk\/#organization\"},\"potentialAction\":[{\"@type\":\"SearchAction\",\"target\":{\"@type\":\"EntryPoint\",\"urlTemplate\":\"https:\/\/www.smedemokrati.sk\/?s={search_term_string}\"},\"query-input\":{\"@type\":\"PropertyValueSpecification\",\"valueRequired\":true,\"valueName\":\"search_term_string\"}}],\"inLanguage\":\"sv-SE\"},{\"@type\":\"Organization\",\"@id\":\"https:\/\/www.smedemokrati.sk\/#organization\",\"name\":\"Smedemokrati.sk\",\"url\":\"https:\/\/www.smedemokrati.sk\/\",\"logo\":{\"@type\":\"ImageObject\",\"inLanguage\":\"sv-SE\",\"@id\":\"https:\/\/www.smedemokrati.sk\/#\/schema\/logo\/image\/\",\"url\":\"https:\/\/www.smedemokrati.sk\/wp-content\/uploads\/2023\/04\/ff.002.jpeg\",\"contentUrl\":\"https:\/\/www.smedemokrati.sk\/wp-content\/uploads\/2023\/04\/ff.002.jpeg\",\"width\":640,\"height\":480,\"caption\":\"Smedemokrati.sk\"},\"image\":{\"@id\":\"https:\/\/www.smedemokrati.sk\/#\/schema\/logo\/image\/\"},\"sameAs\":[\"https:\/\/www.facebook.com\/smedemokrati2023\"]},{\"@type\":\"Person\",\"@id\":\"https:\/\/www.smedemokrati.sk\/#\/schema\/person\/21f147c88d605aa7ded900e1e7c344ba\",\"name\":\"miro.sopko\",\"image\":{\"@type\":\"ImageObject\",\"inLanguage\":\"sv-SE\",\"@id\":\"https:\/\/secure.gravatar.com\/avatar\/267e4a36f704376c109afe3a78740c1f5dd8675a2180a908699e7863c9247606?s=96&d=mm&r=g\",\"url\":\"https:\/\/secure.gravatar.com\/avatar\/267e4a36f704376c109afe3a78740c1f5dd8675a2180a908699e7863c9247606?s=96&d=mm&r=g\",\"contentUrl\":\"https:\/\/secure.gravatar.com\/avatar\/267e4a36f704376c109afe3a78740c1f5dd8675a2180a908699e7863c9247606?s=96&d=mm&r=g\",\"caption\":\"miro.sopko\"},\"url\":\"https:\/\/www.smedemokrati.sk\/sv\/author\/miro-sopko\/\"}]}<\/script>\n<!-- \/ Yoast SEO plugin. -->","yoast_head_json":{"title":"Ak pod\u013ea ministra Tom\u00e1\u0161a je za kr\u00e1tenie pr\u00edspevku na opatrovanie zodpovedn\u00e1 Jana \u017dit\u0148ansk\u00e1, rovnako je za\u0148 zodpovedn\u00fd aj on s\u00e1m","robots":{"index":"index","follow":"follow","max-snippet":"max-snippet:-1","max-image-preview":"max-image-preview:large","max-video-preview":"max-video-preview:-1"},"canonical":"https:\/\/www.smedemokrati.sk\/sv\/ak-podla-ministra-tomasa-je-za-kratenie-prispevku-na-opatrovanie-zodpovedna-jana-zitnanska-rovnako-je-zan-zodpovedny-aj-on-sam\/","og_locale":"sv_SE","og_type":"article","og_title":"[:sk]Ak pod\u013ea ministra Tom\u00e1\u0161a je za kr\u00e1tenie pr\u00edspevku na opatrovanie zodpovedn\u00e1 Jana \u017dit\u0148ansk\u00e1, rovnako je za\u0148 zodpovedn\u00fd aj on s\u00e1m[:] - Smedemokrati.sk","og_description":"Tom\u00e1\u0161 nielen\u017ee hlasoval za novelu z\u00e1kona z roku 2022, ktor\u00fa teraz kritizuje, ale mal ako minister pr\u00e1ce, soci\u00e1lnych vec\u00ed a rodiny 10 mesiacov na to, aby prijal opatrenia, ktor\u00fdmi by sa zastavilo kr\u00e1tenie pr\u00edspevkov na opatrovanie. Demokrati odmietaj\u00fa tvrdenia, \u017ee toto kr\u00e1tenie je d\u00f4sledkom novely Jany \u017dit\u0148anskej (Demokrati), ktor\u00e1 rezort opakovane upozor\u0148ovala, \u017ee ak d\u00f4jde [&hellip;]","og_url":"https:\/\/www.smedemokrati.sk\/sv\/ak-podla-ministra-tomasa-je-za-kratenie-prispevku-na-opatrovanie-zodpovedna-jana-zitnanska-rovnako-je-zan-zodpovedny-aj-on-sam\/","og_site_name":"Smedemokrati.sk","article_publisher":"https:\/\/www.facebook.com\/smedemokrati2023","article_published_time":"2024-07-31T13:09:22+00:00","article_modified_time":"2024-08-07T15:45:08+00:00","og_image":[{"width":1520,"height":1080,"url":"https:\/\/www.smedemokrati.sk\/wp-content\/uploads\/2023\/04\/Zitnanska.jpg","type":"image\/jpeg"}],"author":"miro.sopko","twitter_card":"summary_large_image","twitter_misc":{"Skriven av":"miro.sopko","Ber\u00e4knad l\u00e4stid":"3 minuter"},"schema":{"@context":"https:\/\/schema.org","@graph":[{"@type":"Article","@id":"https:\/\/www.smedemokrati.sk\/ak-podla-ministra-tomasa-je-za-kratenie-prispevku-na-opatrovanie-zodpovedna-jana-zitnanska-rovnako-je-zan-zodpovedny-aj-on-sam\/#article","isPartOf":{"@id":"https:\/\/www.smedemokrati.sk\/ak-podla-ministra-tomasa-je-za-kratenie-prispevku-na-opatrovanie-zodpovedna-jana-zitnanska-rovnako-je-zan-zodpovedny-aj-on-sam\/"},"author":{"name":"miro.sopko","@id":"https:\/\/www.smedemokrati.sk\/#\/schema\/person\/21f147c88d605aa7ded900e1e7c344ba"},"headline":"Ak pod\u013ea ministra Tom\u00e1\u0161a je za kr\u00e1tenie pr\u00edspevku na opatrovanie zodpovedn\u00e1 Jana \u017dit\u0148ansk\u00e1, rovnako je za\u0148 zodpovedn\u00fd aj on s\u00e1m","datePublished":"2024-07-31T13:09:22+00:00","dateModified":"2024-08-07T15:45:08+00:00","mainEntityOfPage":{"@id":"https:\/\/www.smedemokrati.sk\/ak-podla-ministra-tomasa-je-za-kratenie-prispevku-na-opatrovanie-zodpovedna-jana-zitnanska-rovnako-je-zan-zodpovedny-aj-on-sam\/"},"wordCount":569,"publisher":{"@id":"https:\/\/www.smedemokrati.sk\/#organization"},"image":{"@id":"https:\/\/www.smedemokrati.sk\/ak-podla-ministra-tomasa-je-za-kratenie-prispevku-na-opatrovanie-zodpovedna-jana-zitnanska-rovnako-je-zan-zodpovedny-aj-on-sam\/#primaryimage"},"thumbnailUrl":"https:\/\/www.smedemokrati.sk\/wp-content\/uploads\/2023\/04\/Zitnanska.jpg","articleSection":["Tla\u010dov\u00e9 spr\u00e1vy"],"inLanguage":"sv-SE"},{"@type":"WebPage","@id":"https:\/\/www.smedemokrati.sk\/ak-podla-ministra-tomasa-je-za-kratenie-prispevku-na-opatrovanie-zodpovedna-jana-zitnanska-rovnako-je-zan-zodpovedny-aj-on-sam\/","url":"https:\/\/www.smedemokrati.sk\/ak-podla-ministra-tomasa-je-za-kratenie-prispevku-na-opatrovanie-zodpovedna-jana-zitnanska-rovnako-je-zan-zodpovedny-aj-on-sam\/","name":"Ak pod\u013ea ministra Tom\u00e1\u0161a je za kr\u00e1tenie pr\u00edspevku na opatrovanie zodpovedn\u00e1 Jana \u017dit\u0148ansk\u00e1, rovnako je za\u0148 zodpovedn\u00fd aj on s\u00e1m","isPartOf":{"@id":"https:\/\/www.smedemokrati.sk\/#website"},"primaryImageOfPage":{"@id":"https:\/\/www.smedemokrati.sk\/ak-podla-ministra-tomasa-je-za-kratenie-prispevku-na-opatrovanie-zodpovedna-jana-zitnanska-rovnako-je-zan-zodpovedny-aj-on-sam\/#primaryimage"},"image":{"@id":"https:\/\/www.smedemokrati.sk\/ak-podla-ministra-tomasa-je-za-kratenie-prispevku-na-opatrovanie-zodpovedna-jana-zitnanska-rovnako-je-zan-zodpovedny-aj-on-sam\/#primaryimage"},"thumbnailUrl":"https:\/\/www.smedemokrati.sk\/wp-content\/uploads\/2023\/04\/Zitnanska.jpg","datePublished":"2024-07-31T13:09:22+00:00","dateModified":"2024-08-07T15:45:08+00:00","breadcrumb":{"@id":"https:\/\/www.smedemokrati.sk\/ak-podla-ministra-tomasa-je-za-kratenie-prispevku-na-opatrovanie-zodpovedna-jana-zitnanska-rovnako-je-zan-zodpovedny-aj-on-sam\/#breadcrumb"},"inLanguage":"sv-SE","potentialAction":[{"@type":"ReadAction","target":["https:\/\/www.smedemokrati.sk\/ak-podla-ministra-tomasa-je-za-kratenie-prispevku-na-opatrovanie-zodpovedna-jana-zitnanska-rovnako-je-zan-zodpovedny-aj-on-sam\/"]}]},{"@type":"ImageObject","inLanguage":"sv-SE","@id":"https:\/\/www.smedemokrati.sk\/ak-podla-ministra-tomasa-je-za-kratenie-prispevku-na-opatrovanie-zodpovedna-jana-zitnanska-rovnako-je-zan-zodpovedny-aj-on-sam\/#primaryimage","url":"https:\/\/www.smedemokrati.sk\/wp-content\/uploads\/2023\/04\/Zitnanska.jpg","contentUrl":"https:\/\/www.smedemokrati.sk\/wp-content\/uploads\/2023\/04\/Zitnanska.jpg","width":1520,"height":1080},{"@type":"BreadcrumbList","@id":"https:\/\/www.smedemokrati.sk\/ak-podla-ministra-tomasa-je-za-kratenie-prispevku-na-opatrovanie-zodpovedna-jana-zitnanska-rovnako-je-zan-zodpovedny-aj-on-sam\/#breadcrumb","itemListElement":[{"@type":"ListItem","position":1,"name":"Domovsk\u00e1 str\u00e1nka","item":"https:\/\/www.smedemokrati.sk\/"},{"@type":"ListItem","position":2,"name":"Ak pod\u013ea ministra Tom\u00e1\u0161a je za kr\u00e1tenie pr\u00edspevku na opatrovanie zodpovedn\u00e1 Jana \u017dit\u0148ansk\u00e1, rovnako je za\u0148 zodpovedn\u00fd aj on s\u00e1m"}]},{"@type":"WebSite","@id":"https:\/\/www.smedemokrati.sk\/#website","url":"https:\/\/www.smedemokrati.sk\/","name":"Smedemokrati.sk","description":"Demokracia a slu\u0161nos\u0165 zv\u00ed\u0165az\u00ed","publisher":{"@id":"https:\/\/www.smedemokrati.sk\/#organization"},"potentialAction":[{"@type":"SearchAction","target":{"@type":"EntryPoint","urlTemplate":"https:\/\/www.smedemokrati.sk\/?s={search_term_string}"},"query-input":{"@type":"PropertyValueSpecification","valueRequired":true,"valueName":"search_term_string"}}],"inLanguage":"sv-SE"},{"@type":"Organization","@id":"https:\/\/www.smedemokrati.sk\/#organization","name":"Smedemokrati.sk","url":"https:\/\/www.smedemokrati.sk\/","logo":{"@type":"ImageObject","inLanguage":"sv-SE","@id":"https:\/\/www.smedemokrati.sk\/#\/schema\/logo\/image\/","url":"https:\/\/www.smedemokrati.sk\/wp-content\/uploads\/2023\/04\/ff.002.jpeg","contentUrl":"https:\/\/www.smedemokrati.sk\/wp-content\/uploads\/2023\/04\/ff.002.jpeg","width":640,"height":480,"caption":"Smedemokrati.sk"},"image":{"@id":"https:\/\/www.smedemokrati.sk\/#\/schema\/logo\/image\/"},"sameAs":["https:\/\/www.facebook.com\/smedemokrati2023"]},{"@type":"Person","@id":"https:\/\/www.smedemokrati.sk\/#\/schema\/person\/21f147c88d605aa7ded900e1e7c344ba","name":"miro.sopko","image":{"@type":"ImageObject","inLanguage":"sv-SE","@id":"https:\/\/secure.gravatar.com\/avatar\/267e4a36f704376c109afe3a78740c1f5dd8675a2180a908699e7863c9247606?s=96&d=mm&r=g","url":"https:\/\/secure.gravatar.com\/avatar\/267e4a36f704376c109afe3a78740c1f5dd8675a2180a908699e7863c9247606?s=96&d=mm&r=g","contentUrl":"https:\/\/secure.gravatar.com\/avatar\/267e4a36f704376c109afe3a78740c1f5dd8675a2180a908699e7863c9247606?s=96&d=mm&r=g","caption":"miro.sopko"},"url":"https:\/\/www.smedemokrati.sk\/sv\/author\/miro-sopko\/"}]}},"_links":{"self":[{"href":"https:\/\/www.smedemokrati.sk\/sv\/wp-json\/wp\/v2\/posts\/4755","targetHints":{"allow":["GET"]}}],"collection":[{"href":"https:\/\/www.smedemokrati.sk\/sv\/wp-json\/wp\/v2\/posts"}],"about":[{"href":"https:\/\/www.smedemokrati.sk\/sv\/wp-json\/wp\/v2\/types\/post"}],"author":[{"embeddable":true,"href":"https:\/\/www.smedemokrati.sk\/sv\/wp-json\/wp\/v2\/users\/13"}],"replies":[{"embeddable":true,"href":"https:\/\/www.smedemokrati.sk\/sv\/wp-json\/wp\/v2\/comments?post=4755"}],"version-history":[{"count":1,"href":"https:\/\/www.smedemokrati.sk\/sv\/wp-json\/wp\/v2\/posts\/4755\/revisions"}],"predecessor-version":[{"id":4756,"href":"https:\/\/www.smedemokrati.sk\/sv\/wp-json\/wp\/v2\/posts\/4755\/revisions\/4756"}],"wp:featuredmedia":[{"embeddable":true,"href":"https:\/\/www.smedemokrati.sk\/sv\/wp-json\/wp\/v2\/media\/666"}],"wp:attachment":[{"href":"https:\/\/www.smedemokrati.sk\/sv\/wp-json\/wp\/v2\/media?parent=4755"}],"wp:term":[{"taxonomy":"category","embeddable":true,"href":"https:\/\/www.smedemokrati.sk\/sv\/wp-json\/wp\/v2\/categories?post=4755"},{"taxonomy":"post_tag","embeddable":true,"href":"https:\/\/www.smedemokrati.sk\/sv\/wp-json\/wp\/v2\/tags?post=4755"}],"curies":[{"name":"wp","href":"https:\/\/api.w.org\/{rel}","templated":true}]}}