{"id":4719,"date":"2024-07-23T13:46:09","date_gmt":"2024-07-23T12:46:09","guid":{"rendered":"https:\/\/www.smedemokrati.sk\/?p=4719"},"modified":"2024-08-06T13:32:27","modified_gmt":"2024-08-06T12:32:27","slug":"kvoli-tarabovi-mozeme-prist-o-miliardy-vyzyvame-vladu-na-okamzite-rokovanie-a-nariadenie-krizoveho-riadenia","status":"publish","type":"post","link":"https:\/\/www.smedemokrati.sk\/sv\/kvoli-tarabovi-mozeme-prist-o-miliardy-vyzyvame-vladu-na-okamzite-rokovanie-a-nariadenie-krizoveho-riadenia\/","title":{"rendered":"Kv\u00f4li Tarabovi m\u00f4\u017eeme pr\u00eds\u0165 o miliardy, vyz\u00fdvame vl\u00e1du na okam\u017eit\u00e9 rokovanie a nariadenie kr\u00edzov\u00e9ho riadenia"},"content":{"rendered":"<div id=\"fb-root\"><\/div>\n\n<p><strong><em>Pre nekompetentnos\u0165 vl\u00e1dy pri Pl\u00e1ne obnovy m\u00f4\u017eeme pr\u00eds\u0165 a\u017e o 2 miliardy eur. Najviac probl\u00e9mov\u00fd je pod\u013ea samotn\u00e9ho \u00daradu vl\u00e1dy SR rezort \u017eivotn\u00e9ho prostredia pod veden\u00edm Tom\u00e1\u0161a Tarabu. Demokrati preto vyz\u00fdvaj\u00fa vl\u00e1du, aby okam\u017eite zasadla a vicepremi\u00e9ra Kmeca, aby si splnil svoju z\u00e1konn\u00fa povinnos\u0165 a podal n\u00e1vrh na kr\u00edzov\u00e9 riadenie Pl\u00e1nu obnovy na rezorte, ktor\u00e9 by prevzala N\u00e1rodn\u00e1 implementa\u010dn\u00e1 a koordina\u010dn\u00e1 autorita.&nbsp;<\/em><\/strong><\/p>\n\n\n\n<p>Nejedn\u00e1 sa o obavy opoz\u00edcie, ale ofici\u00e1lny materi\u00e1l \u00faradu vl\u00e1dy, pri\u010dom kr\u00e1tenie pl\u00e1nu obnovy o 2 mld. eur je re\u00e1lne zva\u017eovan\u00fdm scen\u00e1rom. Najv\u00e4\u010d\u0161\u00ed sklz eviduje podpredseda vl\u00e1dy Kmec pri reforme krajinn\u00e9ho pl\u00e1novania a pri v\u00fdkupoch pozemkov.&nbsp;<\/p>\n\n\n\n<p>Pod\u013ea b\u00fdval\u00e9ho \u0161t\u00e1tneho tajomn\u00edka rezortu \u017eivotn\u00e9ho prostredia Michala Ki\u010du, bola reforma krajinn\u00e9ho pl\u00e1novania riadne pripraven\u00e1, no pre Tarabovu ne\u010dinnos\u0165, bolo jeho prerokovanie prelo\u017een\u00e9 a\u017e na september:\u00a0<em>\u201eSchv\u00e1lenie reformy krajinn\u00e9ho pl\u00e1novania je m\u00ed\u013enikom Pl\u00e1nu obnovy. Z\u00e1kon bol pripraven\u00fd, no Taraba skoro rok nekonal, dokonca ozna\u010dil krajinn\u00e9 pl\u00e1novanie za tot\u00e1lny nezmysel. Potom predlo\u017eil z\u00e1kon v \u00faplne okresanej podobe, v ktorej ho v\u0161ak neakceptuje Eur\u00f3pska komisia. Odbor krajinn\u00e9ho pl\u00e1novania zru\u0161il a pred nieko\u013ek\u00fdmi t\u00fd\u017ed\u0148ami vyhodil v\u0161etk\u00fdch zamestnancov, ktor\u00ed boli schopn\u00ed reformu dokon\u010di\u0165. Rovnako aj odbor Pl\u00e1nu obnovy, ten je na rezorte doslova v trosk\u00e1ch. Ak si minister myslel, \u017ee sa na tieto pre\u0161\u013eapy bude Eur\u00f3pska komisia pozera\u0165 bez toho, aby zakro\u010dila, je na omyle,\u201d\u00a0<\/em>otv\u00e1ra t\u00e9mu Ki\u010da a pripom\u00edna \u010fal\u0161ie pre\u0161\u013eapy ministra Tarabu, ktor\u00e9 ved\u00fa k ohrozeniu \u010fal\u0161\u00edch platieb z Pl\u00e1nu obnovy.\u00a0<\/p>\n\n\n\n<p>Hovor\u00ed aj o zlyhan\u00ed pri z\u00e1kone o posudzovan\u00ed vplyvov na \u017eivotn\u00e9 prostredie, ktor\u00e9 aj pod\u013ea \u00daradu vl\u00e1dy SR nesp\u013a\u0148a podmienky stanoven\u00e9 E\u00da, \u010falej nie s\u00fa st\u00e1le vyrie\u0161en\u00e9 dot\u00e1cie pre obyvate\u013eov, ktor\u00ed s\u00fa postihnut\u00ed energetickou chudobou, Taraba svojvo\u013ene zru\u0161il invest\u00edciu do v\u00fdkupu pozemkov v chr\u00e1nen\u00fdch \u00fazemiach bez toho, aby dok\u00e1zal prezentova\u0165 Eur\u00f3pskej komisii ak\u00fako\u013evek n\u00e1hradu. A probl\u00e9mov\u00e1 je aj napr\u00edklad reforma obnovite\u013en\u00fdch zdrojov. Tu op\u00e4\u0165 \u00darad vl\u00e1dy SR hovor\u00ed, \u017ee pre negat\u00edvne person\u00e1lne zmeny na ministerstve, sa vo veci neurobilo absol\u00fatne ni\u010d.&nbsp;<\/p>\n\n\n\n<p><em>\u201eZ premianta Pl\u00e1nu obnovy sa dost\u00e1vame \u00faplne na chvost. Je neakceptovate\u013en\u00e9, aby ob\u010dania Slovenska pre neschopnos\u0165 vl\u00e1dy pri\u0161li o 2 mld. eur na \u0161koly, \u0161k\u00f4lky, \u010di nemocnice. Vl\u00e1da to m\u00e1 vo svojom vlastnom dokumente. Je to d\u00f4vod na okam\u017eit\u00e9 konanie premi\u00e9ra Fica, ktor\u00fd mus\u00ed ihne\u010f zvola\u0165 mimoriadne rokovanie vl\u00e1dy,\u201d\u00a0<\/em>upozor\u0148uje b\u00fdval\u00fd premi\u00e9r Eduard Heger, podpredseda strany Demokrati.<\/p>\n\n\n\n<p><em>\u201eTaraba je zodpovedn\u00fd a\u017e za osem me\u0161kaj\u00facich m\u00ed\u013enikov a jeden s mal\u00fdm ome\u0161kan\u00edm. Je to tak z\u00e1va\u017en\u00e1 situ\u00e1cia, \u017ee vyz\u00fdvame podpredsedu vl\u00e1dy Kmeca a N\u00e1rodn\u00fa koordina\u010dn\u00fa a implementa\u010dn\u00fa autoritu, aby predlo\u017eili vl\u00e1de n\u00e1vrh kr\u00edzov\u00fdch opatren\u00ed, preto\u017ee je preuk\u00e1zate\u013ene ohrozen\u00e1 realiz\u00e1cia reforiem a invest\u00edci\u00ed v lehote, \u00fa\u010dele a rozsahu ur\u010denom v Pl\u00e1ne obnovy. Kmec nem\u00e1 na v\u00fdber, je to jeho z\u00e1konn\u00e1 povinnos\u0165, inak bude za Tarabove zlyhanie zodpoveda\u0165 aj on,\u201d\u00a0<\/em>uzatv\u00e1ra Ki\u010da.<\/p>\n\n\n\n<figure class=\"wp-block-video\"><video height=\"480\" style=\"aspect-ratio: 852 \/ 480;\" width=\"852\" controls src=\"https:\/\/www.smedemokrati.sk\/wp-content\/uploads\/2024\/07\/kica-vyzyva-vladu.mp4\"><\/video><\/figure>\n","protected":false},"excerpt":{"rendered":"<p>Pre nekompetentnos\u0165 vl\u00e1dy pri Pl\u00e1ne obnovy m\u00f4\u017eeme pr\u00eds\u0165 a\u017e o 2 miliardy eur. Najviac probl\u00e9mov\u00fd je pod\u013ea samotn\u00e9ho \u00daradu vl\u00e1dy SR rezort \u017eivotn\u00e9ho prostredia pod veden\u00edm Tom\u00e1\u0161a Tarabu. Demokrati preto vyz\u00fdvaj\u00fa vl\u00e1du, aby okam\u017eite zasadla a vicepremi\u00e9ra Kmeca, aby si splnil svoju z\u00e1konn\u00fa povinnos\u0165 a podal n\u00e1vrh na kr\u00edzov\u00e9 riadenie Pl\u00e1nu obnovy na rezorte, ktor\u00e9 [&hellip;]<\/p>\n","protected":false},"author":13,"featured_media":4722,"comment_status":"closed","ping_status":"closed","sticky":false,"template":"","format":"standard","meta":{"_acf_changed":false,"ngg_post_thumbnail":0,"footnotes":""},"categories":[4],"tags":[],"class_list":["post-4719","post","type-post","status-publish","format-standard","has-post-thumbnail","hentry","category-tlacove-spravy"],"acf":[],"yoast_head":"<!-- This site is optimized with the Yoast SEO plugin v27.2 - https:\/\/yoast.com\/product\/yoast-seo-wordpress\/ -->\n<title>Kv\u00f4li Tarabovi m\u00f4\u017eeme pr\u00eds\u0165 o miliardy, vyz\u00fdvame vl\u00e1du na okam\u017eit\u00e9 rokovanie a nariadenie kr\u00edzov\u00e9ho riadenia<\/title>\n<meta name=\"robots\" content=\"index, follow, max-snippet:-1, max-image-preview:large, max-video-preview:-1\" \/>\n<link rel=\"canonical\" href=\"https:\/\/www.smedemokrati.sk\/sv\/kvoli-tarabovi-mozeme-prist-o-miliardy-vyzyvame-vladu-na-okamzite-rokovanie-a-nariadenie-krizoveho-riadenia\/\" \/>\n<meta property=\"og:locale\" content=\"sv_SE\" \/>\n<meta property=\"og:locale:alternate\" content=\"en_US\" \/>\n<meta property=\"og:locale:alternate\" content=\"cs_CZ\" \/>\n<meta property=\"og:locale:alternate\" content=\"hu_HU\" \/>\n<meta property=\"og:locale:alternate\" content=\"sk_SK\" \/>\n<meta property=\"og:type\" content=\"article\" \/>\n<meta property=\"og:title\" content=\"Kv\u00f4li Tarabovi m\u00f4\u017eeme pr\u00eds\u0165 o miliardy, vyz\u00fdvame vl\u00e1du na okam\u017eit\u00e9 rokovanie a nariadenie kr\u00edzov\u00e9ho riadenia\" \/>\n<meta property=\"og:description\" content=\"Pre nekompetentnos\u0165 vl\u00e1dy pri Pl\u00e1ne obnovy m\u00f4\u017eeme pr\u00eds\u0165 a\u017e o 2 miliardy eur. Najviac probl\u00e9mov\u00fd je pod\u013ea samotn\u00e9ho \u00daradu vl\u00e1dy SR rezort \u017eivotn\u00e9ho prostredia pod veden\u00edm Tom\u00e1\u0161a Tarabu. Demokrati preto vyz\u00fdvaj\u00fa vl\u00e1du, aby okam\u017eite zasadla a vicepremi\u00e9ra Kmeca, aby si splnil svoju z\u00e1konn\u00fa povinnos\u0165 a podal n\u00e1vrh na kr\u00edzov\u00e9 riadenie Pl\u00e1nu obnovy na rezorte, ktor\u00e9 [&hellip;]\" \/>\n<meta property=\"og:url\" content=\"https:\/\/www.smedemokrati.sk\/sv\/kvoli-tarabovi-mozeme-prist-o-miliardy-vyzyvame-vladu-na-okamzite-rokovanie-a-nariadenie-krizoveho-riadenia\/\" \/>\n<meta property=\"og:site_name\" content=\"Smedemokrati.sk\" \/>\n<meta property=\"article:publisher\" content=\"https:\/\/www.facebook.com\/smedemokrati2023\" \/>\n<meta property=\"article:published_time\" content=\"2024-07-23T12:46:09+00:00\" \/>\n<meta property=\"article:modified_time\" content=\"2024-08-06T12:32:27+00:00\" \/>\n<meta property=\"og:image\" content=\"https:\/\/www.smedemokrati.sk\/wp-content\/uploads\/2024\/07\/Kica-vyzyva-vladu.jpg\" \/>\n\t<meta property=\"og:image:width\" content=\"900\" \/>\n\t<meta property=\"og:image:height\" content=\"598\" \/>\n\t<meta property=\"og:image:type\" content=\"image\/jpeg\" \/>\n<meta name=\"author\" content=\"miro.sopko\" \/>\n<meta name=\"twitter:card\" content=\"summary_large_image\" \/>\n<meta name=\"twitter:label1\" content=\"Skriven av\" \/>\n\t<meta name=\"twitter:data1\" content=\"miro.sopko\" \/>\n\t<meta name=\"twitter:label2\" content=\"Ber\u00e4knad l\u00e4stid\" \/>\n\t<meta name=\"twitter:data2\" content=\"3 minuter\" \/>\n<script type=\"application\/ld+json\" class=\"yoast-schema-graph\">{\"@context\":\"https:\/\/schema.org\",\"@graph\":[{\"@type\":\"Article\",\"@id\":\"https:\/\/www.smedemokrati.sk\/kvoli-tarabovi-mozeme-prist-o-miliardy-vyzyvame-vladu-na-okamzite-rokovanie-a-nariadenie-krizoveho-riadenia\/#article\",\"isPartOf\":{\"@id\":\"https:\/\/www.smedemokrati.sk\/kvoli-tarabovi-mozeme-prist-o-miliardy-vyzyvame-vladu-na-okamzite-rokovanie-a-nariadenie-krizoveho-riadenia\/\"},\"author\":{\"name\":\"miro.sopko\",\"@id\":\"https:\/\/www.smedemokrati.sk\/#\/schema\/person\/21f147c88d605aa7ded900e1e7c344ba\"},\"headline\":\"Kv\u00f4li Tarabovi m\u00f4\u017eeme pr\u00eds\u0165 o miliardy, vyz\u00fdvame vl\u00e1du na okam\u017eit\u00e9 rokovanie a nariadenie kr\u00edzov\u00e9ho riadenia\",\"datePublished\":\"2024-07-23T12:46:09+00:00\",\"dateModified\":\"2024-08-06T12:32:27+00:00\",\"mainEntityOfPage\":{\"@id\":\"https:\/\/www.smedemokrati.sk\/kvoli-tarabovi-mozeme-prist-o-miliardy-vyzyvame-vladu-na-okamzite-rokovanie-a-nariadenie-krizoveho-riadenia\/\"},\"wordCount\":617,\"publisher\":{\"@id\":\"https:\/\/www.smedemokrati.sk\/#organization\"},\"image\":{\"@id\":\"https:\/\/www.smedemokrati.sk\/kvoli-tarabovi-mozeme-prist-o-miliardy-vyzyvame-vladu-na-okamzite-rokovanie-a-nariadenie-krizoveho-riadenia\/#primaryimage\"},\"thumbnailUrl\":\"https:\/\/www.smedemokrati.sk\/wp-content\/uploads\/2024\/07\/Kica-vyzyva-vladu.jpg\",\"articleSection\":[\"Tla\u010dov\u00e9 spr\u00e1vy\"],\"inLanguage\":\"sv-SE\"},{\"@type\":\"WebPage\",\"@id\":\"https:\/\/www.smedemokrati.sk\/kvoli-tarabovi-mozeme-prist-o-miliardy-vyzyvame-vladu-na-okamzite-rokovanie-a-nariadenie-krizoveho-riadenia\/\",\"url\":\"https:\/\/www.smedemokrati.sk\/kvoli-tarabovi-mozeme-prist-o-miliardy-vyzyvame-vladu-na-okamzite-rokovanie-a-nariadenie-krizoveho-riadenia\/\",\"name\":\"Kv\u00f4li Tarabovi m\u00f4\u017eeme pr\u00eds\u0165 o miliardy, vyz\u00fdvame vl\u00e1du na okam\u017eit\u00e9 rokovanie a nariadenie kr\u00edzov\u00e9ho riadenia\",\"isPartOf\":{\"@id\":\"https:\/\/www.smedemokrati.sk\/#website\"},\"primaryImageOfPage\":{\"@id\":\"https:\/\/www.smedemokrati.sk\/kvoli-tarabovi-mozeme-prist-o-miliardy-vyzyvame-vladu-na-okamzite-rokovanie-a-nariadenie-krizoveho-riadenia\/#primaryimage\"},\"image\":{\"@id\":\"https:\/\/www.smedemokrati.sk\/kvoli-tarabovi-mozeme-prist-o-miliardy-vyzyvame-vladu-na-okamzite-rokovanie-a-nariadenie-krizoveho-riadenia\/#primaryimage\"},\"thumbnailUrl\":\"https:\/\/www.smedemokrati.sk\/wp-content\/uploads\/2024\/07\/Kica-vyzyva-vladu.jpg\",\"datePublished\":\"2024-07-23T12:46:09+00:00\",\"dateModified\":\"2024-08-06T12:32:27+00:00\",\"breadcrumb\":{\"@id\":\"https:\/\/www.smedemokrati.sk\/kvoli-tarabovi-mozeme-prist-o-miliardy-vyzyvame-vladu-na-okamzite-rokovanie-a-nariadenie-krizoveho-riadenia\/#breadcrumb\"},\"inLanguage\":\"sv-SE\",\"potentialAction\":[{\"@type\":\"ReadAction\",\"target\":[\"https:\/\/www.smedemokrati.sk\/kvoli-tarabovi-mozeme-prist-o-miliardy-vyzyvame-vladu-na-okamzite-rokovanie-a-nariadenie-krizoveho-riadenia\/\"]}]},{\"@type\":\"ImageObject\",\"inLanguage\":\"sv-SE\",\"@id\":\"https:\/\/www.smedemokrati.sk\/kvoli-tarabovi-mozeme-prist-o-miliardy-vyzyvame-vladu-na-okamzite-rokovanie-a-nariadenie-krizoveho-riadenia\/#primaryimage\",\"url\":\"https:\/\/www.smedemokrati.sk\/wp-content\/uploads\/2024\/07\/Kica-vyzyva-vladu.jpg\",\"contentUrl\":\"https:\/\/www.smedemokrati.sk\/wp-content\/uploads\/2024\/07\/Kica-vyzyva-vladu.jpg\",\"width\":900,\"height\":598},{\"@type\":\"BreadcrumbList\",\"@id\":\"https:\/\/www.smedemokrati.sk\/kvoli-tarabovi-mozeme-prist-o-miliardy-vyzyvame-vladu-na-okamzite-rokovanie-a-nariadenie-krizoveho-riadenia\/#breadcrumb\",\"itemListElement\":[{\"@type\":\"ListItem\",\"position\":1,\"name\":\"Domovsk\u00e1 str\u00e1nka\",\"item\":\"https:\/\/www.smedemokrati.sk\/\"},{\"@type\":\"ListItem\",\"position\":2,\"name\":\"Kv\u00f4li Tarabovi m\u00f4\u017eeme pr\u00eds\u0165 o miliardy, vyz\u00fdvame vl\u00e1du na okam\u017eit\u00e9 rokovanie a nariadenie kr\u00edzov\u00e9ho riadenia\"}]},{\"@type\":\"WebSite\",\"@id\":\"https:\/\/www.smedemokrati.sk\/#website\",\"url\":\"https:\/\/www.smedemokrati.sk\/\",\"name\":\"Smedemokrati.sk\",\"description\":\"Demokracia a slu\u0161nos\u0165 zv\u00ed\u0165az\u00ed\",\"publisher\":{\"@id\":\"https:\/\/www.smedemokrati.sk\/#organization\"},\"potentialAction\":[{\"@type\":\"SearchAction\",\"target\":{\"@type\":\"EntryPoint\",\"urlTemplate\":\"https:\/\/www.smedemokrati.sk\/?s={search_term_string}\"},\"query-input\":{\"@type\":\"PropertyValueSpecification\",\"valueRequired\":true,\"valueName\":\"search_term_string\"}}],\"inLanguage\":\"sv-SE\"},{\"@type\":\"Organization\",\"@id\":\"https:\/\/www.smedemokrati.sk\/#organization\",\"name\":\"Smedemokrati.sk\",\"url\":\"https:\/\/www.smedemokrati.sk\/\",\"logo\":{\"@type\":\"ImageObject\",\"inLanguage\":\"sv-SE\",\"@id\":\"https:\/\/www.smedemokrati.sk\/#\/schema\/logo\/image\/\",\"url\":\"https:\/\/www.smedemokrati.sk\/wp-content\/uploads\/2023\/04\/ff.002.jpeg\",\"contentUrl\":\"https:\/\/www.smedemokrati.sk\/wp-content\/uploads\/2023\/04\/ff.002.jpeg\",\"width\":640,\"height\":480,\"caption\":\"Smedemokrati.sk\"},\"image\":{\"@id\":\"https:\/\/www.smedemokrati.sk\/#\/schema\/logo\/image\/\"},\"sameAs\":[\"https:\/\/www.facebook.com\/smedemokrati2023\"]},{\"@type\":\"Person\",\"@id\":\"https:\/\/www.smedemokrati.sk\/#\/schema\/person\/21f147c88d605aa7ded900e1e7c344ba\",\"name\":\"miro.sopko\",\"image\":{\"@type\":\"ImageObject\",\"inLanguage\":\"sv-SE\",\"@id\":\"https:\/\/secure.gravatar.com\/avatar\/267e4a36f704376c109afe3a78740c1f5dd8675a2180a908699e7863c9247606?s=96&d=mm&r=g\",\"url\":\"https:\/\/secure.gravatar.com\/avatar\/267e4a36f704376c109afe3a78740c1f5dd8675a2180a908699e7863c9247606?s=96&d=mm&r=g\",\"contentUrl\":\"https:\/\/secure.gravatar.com\/avatar\/267e4a36f704376c109afe3a78740c1f5dd8675a2180a908699e7863c9247606?s=96&d=mm&r=g\",\"caption\":\"miro.sopko\"},\"url\":\"https:\/\/www.smedemokrati.sk\/sv\/author\/miro-sopko\/\"}]}<\/script>\n<!-- \/ Yoast SEO plugin. -->","yoast_head_json":{"title":"Kv\u00f4li Tarabovi m\u00f4\u017eeme pr\u00eds\u0165 o miliardy, vyz\u00fdvame vl\u00e1du na okam\u017eit\u00e9 rokovanie a nariadenie kr\u00edzov\u00e9ho riadenia","robots":{"index":"index","follow":"follow","max-snippet":"max-snippet:-1","max-image-preview":"max-image-preview:large","max-video-preview":"max-video-preview:-1"},"canonical":"https:\/\/www.smedemokrati.sk\/sv\/kvoli-tarabovi-mozeme-prist-o-miliardy-vyzyvame-vladu-na-okamzite-rokovanie-a-nariadenie-krizoveho-riadenia\/","og_locale":"sv_SE","og_type":"article","og_title":"[:sk]Kv\u00f4li Tarabovi m\u00f4\u017eeme pr\u00eds\u0165 o miliardy, vyz\u00fdvame vl\u00e1du na okam\u017eit\u00e9 rokovanie a nariadenie kr\u00edzov\u00e9ho riadenia[:] - Smedemokrati.sk","og_description":"Pre nekompetentnos\u0165 vl\u00e1dy pri Pl\u00e1ne obnovy m\u00f4\u017eeme pr\u00eds\u0165 a\u017e o 2 miliardy eur. Najviac probl\u00e9mov\u00fd je pod\u013ea samotn\u00e9ho \u00daradu vl\u00e1dy SR rezort \u017eivotn\u00e9ho prostredia pod veden\u00edm Tom\u00e1\u0161a Tarabu. Demokrati preto vyz\u00fdvaj\u00fa vl\u00e1du, aby okam\u017eite zasadla a vicepremi\u00e9ra Kmeca, aby si splnil svoju z\u00e1konn\u00fa povinnos\u0165 a podal n\u00e1vrh na kr\u00edzov\u00e9 riadenie Pl\u00e1nu obnovy na rezorte, ktor\u00e9 [&hellip;]","og_url":"https:\/\/www.smedemokrati.sk\/sv\/kvoli-tarabovi-mozeme-prist-o-miliardy-vyzyvame-vladu-na-okamzite-rokovanie-a-nariadenie-krizoveho-riadenia\/","og_site_name":"Smedemokrati.sk","article_publisher":"https:\/\/www.facebook.com\/smedemokrati2023","article_published_time":"2024-07-23T12:46:09+00:00","article_modified_time":"2024-08-06T12:32:27+00:00","og_image":[{"width":900,"height":598,"url":"https:\/\/www.smedemokrati.sk\/wp-content\/uploads\/2024\/07\/Kica-vyzyva-vladu.jpg","type":"image\/jpeg"}],"author":"miro.sopko","twitter_card":"summary_large_image","twitter_misc":{"Skriven av":"miro.sopko","Ber\u00e4knad l\u00e4stid":"3 minuter"},"schema":{"@context":"https:\/\/schema.org","@graph":[{"@type":"Article","@id":"https:\/\/www.smedemokrati.sk\/kvoli-tarabovi-mozeme-prist-o-miliardy-vyzyvame-vladu-na-okamzite-rokovanie-a-nariadenie-krizoveho-riadenia\/#article","isPartOf":{"@id":"https:\/\/www.smedemokrati.sk\/kvoli-tarabovi-mozeme-prist-o-miliardy-vyzyvame-vladu-na-okamzite-rokovanie-a-nariadenie-krizoveho-riadenia\/"},"author":{"name":"miro.sopko","@id":"https:\/\/www.smedemokrati.sk\/#\/schema\/person\/21f147c88d605aa7ded900e1e7c344ba"},"headline":"Kv\u00f4li Tarabovi m\u00f4\u017eeme pr\u00eds\u0165 o miliardy, vyz\u00fdvame vl\u00e1du na okam\u017eit\u00e9 rokovanie a nariadenie kr\u00edzov\u00e9ho riadenia","datePublished":"2024-07-23T12:46:09+00:00","dateModified":"2024-08-06T12:32:27+00:00","mainEntityOfPage":{"@id":"https:\/\/www.smedemokrati.sk\/kvoli-tarabovi-mozeme-prist-o-miliardy-vyzyvame-vladu-na-okamzite-rokovanie-a-nariadenie-krizoveho-riadenia\/"},"wordCount":617,"publisher":{"@id":"https:\/\/www.smedemokrati.sk\/#organization"},"image":{"@id":"https:\/\/www.smedemokrati.sk\/kvoli-tarabovi-mozeme-prist-o-miliardy-vyzyvame-vladu-na-okamzite-rokovanie-a-nariadenie-krizoveho-riadenia\/#primaryimage"},"thumbnailUrl":"https:\/\/www.smedemokrati.sk\/wp-content\/uploads\/2024\/07\/Kica-vyzyva-vladu.jpg","articleSection":["Tla\u010dov\u00e9 spr\u00e1vy"],"inLanguage":"sv-SE"},{"@type":"WebPage","@id":"https:\/\/www.smedemokrati.sk\/kvoli-tarabovi-mozeme-prist-o-miliardy-vyzyvame-vladu-na-okamzite-rokovanie-a-nariadenie-krizoveho-riadenia\/","url":"https:\/\/www.smedemokrati.sk\/kvoli-tarabovi-mozeme-prist-o-miliardy-vyzyvame-vladu-na-okamzite-rokovanie-a-nariadenie-krizoveho-riadenia\/","name":"Kv\u00f4li Tarabovi m\u00f4\u017eeme pr\u00eds\u0165 o miliardy, vyz\u00fdvame vl\u00e1du na okam\u017eit\u00e9 rokovanie a nariadenie kr\u00edzov\u00e9ho riadenia","isPartOf":{"@id":"https:\/\/www.smedemokrati.sk\/#website"},"primaryImageOfPage":{"@id":"https:\/\/www.smedemokrati.sk\/kvoli-tarabovi-mozeme-prist-o-miliardy-vyzyvame-vladu-na-okamzite-rokovanie-a-nariadenie-krizoveho-riadenia\/#primaryimage"},"image":{"@id":"https:\/\/www.smedemokrati.sk\/kvoli-tarabovi-mozeme-prist-o-miliardy-vyzyvame-vladu-na-okamzite-rokovanie-a-nariadenie-krizoveho-riadenia\/#primaryimage"},"thumbnailUrl":"https:\/\/www.smedemokrati.sk\/wp-content\/uploads\/2024\/07\/Kica-vyzyva-vladu.jpg","datePublished":"2024-07-23T12:46:09+00:00","dateModified":"2024-08-06T12:32:27+00:00","breadcrumb":{"@id":"https:\/\/www.smedemokrati.sk\/kvoli-tarabovi-mozeme-prist-o-miliardy-vyzyvame-vladu-na-okamzite-rokovanie-a-nariadenie-krizoveho-riadenia\/#breadcrumb"},"inLanguage":"sv-SE","potentialAction":[{"@type":"ReadAction","target":["https:\/\/www.smedemokrati.sk\/kvoli-tarabovi-mozeme-prist-o-miliardy-vyzyvame-vladu-na-okamzite-rokovanie-a-nariadenie-krizoveho-riadenia\/"]}]},{"@type":"ImageObject","inLanguage":"sv-SE","@id":"https:\/\/www.smedemokrati.sk\/kvoli-tarabovi-mozeme-prist-o-miliardy-vyzyvame-vladu-na-okamzite-rokovanie-a-nariadenie-krizoveho-riadenia\/#primaryimage","url":"https:\/\/www.smedemokrati.sk\/wp-content\/uploads\/2024\/07\/Kica-vyzyva-vladu.jpg","contentUrl":"https:\/\/www.smedemokrati.sk\/wp-content\/uploads\/2024\/07\/Kica-vyzyva-vladu.jpg","width":900,"height":598},{"@type":"BreadcrumbList","@id":"https:\/\/www.smedemokrati.sk\/kvoli-tarabovi-mozeme-prist-o-miliardy-vyzyvame-vladu-na-okamzite-rokovanie-a-nariadenie-krizoveho-riadenia\/#breadcrumb","itemListElement":[{"@type":"ListItem","position":1,"name":"Domovsk\u00e1 str\u00e1nka","item":"https:\/\/www.smedemokrati.sk\/"},{"@type":"ListItem","position":2,"name":"Kv\u00f4li Tarabovi m\u00f4\u017eeme pr\u00eds\u0165 o miliardy, vyz\u00fdvame vl\u00e1du na okam\u017eit\u00e9 rokovanie a nariadenie kr\u00edzov\u00e9ho riadenia"}]},{"@type":"WebSite","@id":"https:\/\/www.smedemokrati.sk\/#website","url":"https:\/\/www.smedemokrati.sk\/","name":"Smedemokrati.sk","description":"Demokracia a slu\u0161nos\u0165 zv\u00ed\u0165az\u00ed","publisher":{"@id":"https:\/\/www.smedemokrati.sk\/#organization"},"potentialAction":[{"@type":"SearchAction","target":{"@type":"EntryPoint","urlTemplate":"https:\/\/www.smedemokrati.sk\/?s={search_term_string}"},"query-input":{"@type":"PropertyValueSpecification","valueRequired":true,"valueName":"search_term_string"}}],"inLanguage":"sv-SE"},{"@type":"Organization","@id":"https:\/\/www.smedemokrati.sk\/#organization","name":"Smedemokrati.sk","url":"https:\/\/www.smedemokrati.sk\/","logo":{"@type":"ImageObject","inLanguage":"sv-SE","@id":"https:\/\/www.smedemokrati.sk\/#\/schema\/logo\/image\/","url":"https:\/\/www.smedemokrati.sk\/wp-content\/uploads\/2023\/04\/ff.002.jpeg","contentUrl":"https:\/\/www.smedemokrati.sk\/wp-content\/uploads\/2023\/04\/ff.002.jpeg","width":640,"height":480,"caption":"Smedemokrati.sk"},"image":{"@id":"https:\/\/www.smedemokrati.sk\/#\/schema\/logo\/image\/"},"sameAs":["https:\/\/www.facebook.com\/smedemokrati2023"]},{"@type":"Person","@id":"https:\/\/www.smedemokrati.sk\/#\/schema\/person\/21f147c88d605aa7ded900e1e7c344ba","name":"miro.sopko","image":{"@type":"ImageObject","inLanguage":"sv-SE","@id":"https:\/\/secure.gravatar.com\/avatar\/267e4a36f704376c109afe3a78740c1f5dd8675a2180a908699e7863c9247606?s=96&d=mm&r=g","url":"https:\/\/secure.gravatar.com\/avatar\/267e4a36f704376c109afe3a78740c1f5dd8675a2180a908699e7863c9247606?s=96&d=mm&r=g","contentUrl":"https:\/\/secure.gravatar.com\/avatar\/267e4a36f704376c109afe3a78740c1f5dd8675a2180a908699e7863c9247606?s=96&d=mm&r=g","caption":"miro.sopko"},"url":"https:\/\/www.smedemokrati.sk\/sv\/author\/miro-sopko\/"}]}},"_links":{"self":[{"href":"https:\/\/www.smedemokrati.sk\/sv\/wp-json\/wp\/v2\/posts\/4719","targetHints":{"allow":["GET"]}}],"collection":[{"href":"https:\/\/www.smedemokrati.sk\/sv\/wp-json\/wp\/v2\/posts"}],"about":[{"href":"https:\/\/www.smedemokrati.sk\/sv\/wp-json\/wp\/v2\/types\/post"}],"author":[{"embeddable":true,"href":"https:\/\/www.smedemokrati.sk\/sv\/wp-json\/wp\/v2\/users\/13"}],"replies":[{"embeddable":true,"href":"https:\/\/www.smedemokrati.sk\/sv\/wp-json\/wp\/v2\/comments?post=4719"}],"version-history":[{"count":1,"href":"https:\/\/www.smedemokrati.sk\/sv\/wp-json\/wp\/v2\/posts\/4719\/revisions"}],"predecessor-version":[{"id":4723,"href":"https:\/\/www.smedemokrati.sk\/sv\/wp-json\/wp\/v2\/posts\/4719\/revisions\/4723"}],"wp:featuredmedia":[{"embeddable":true,"href":"https:\/\/www.smedemokrati.sk\/sv\/wp-json\/wp\/v2\/media\/4722"}],"wp:attachment":[{"href":"https:\/\/www.smedemokrati.sk\/sv\/wp-json\/wp\/v2\/media?parent=4719"}],"wp:term":[{"taxonomy":"category","embeddable":true,"href":"https:\/\/www.smedemokrati.sk\/sv\/wp-json\/wp\/v2\/categories?post=4719"},{"taxonomy":"post_tag","embeddable":true,"href":"https:\/\/www.smedemokrati.sk\/sv\/wp-json\/wp\/v2\/tags?post=4719"}],"curies":[{"name":"wp","href":"https:\/\/api.w.org\/{rel}","templated":true}]}}