{"id":4689,"date":"2024-07-17T13:53:06","date_gmt":"2024-07-17T12:53:06","guid":{"rendered":"https:\/\/www.smedemokrati.sk\/?p=4689"},"modified":"2024-07-23T13:47:25","modified_gmt":"2024-07-23T12:47:25","slug":"richard-rasi-opakovane-klame-predosla-vlada-nezrusila-narodny-plan-budovania-vodovod-a-kanalizacii","status":"publish","type":"post","link":"https:\/\/www.smedemokrati.sk\/sv\/richard-rasi-opakovane-klame-predosla-vlada-nezrusila-narodny-plan-budovania-vodovod-a-kanalizacii\/","title":{"rendered":"Richard Ra\u0161i opakovane klame, predo\u0161l\u00e1 vl\u00e1da nezru\u0161ila\u00a0n\u00e1rodn\u00fd pl\u00e1n budovania vodovod a kanaliz\u00e1ci\u00ed"},"content":{"rendered":"<div id=\"fb-root\"><\/div>\n\n<p><strong>Vl\u00e1dy pod veden\u00edm I. Matovi\u010da a n\u00e1sledne E. Hegera nezru\u0161ili pl\u00e1n budovania verejn\u00fdch vodovodov a kanaliz\u00e1ci\u00ed tak, ako to opakovane klamlivo tvrd\u00ed minister Richard Ra\u0161i. Michal Ki\u010da, environment\u00e1lny expert strany Demokrati hovor\u00ed, \u017ee bolo vyplaten\u00fdch takmer 224 mil. eur na \u00fa\u010dely obnovy kanaliz\u00e1ci\u00ed, \u010distiarn\u00ed odpadov\u00fdch v\u00f4d alebo vodovodov a navy\u0161e, prebiehalo \u010fal\u0161ie schva\u013eovanie projektov za vy\u0161e 96 mil. eur.<\/strong><\/p>\n\n\n\n<p>\u201eNerozumiem d\u00f4vodom komunik\u00e1cie ministra Ra\u0161iho, ale tie\u017e dnes prezidenta Pellegriniho, ktor\u00ed \u00fa\u010delovo a preuk\u00e1zate\u013ene klam\u00fa. Ve\u010f len od marca 2020 do j\u00fana 2022 sme podporili 202 projektov v sume 223,6 mili\u00f3na eur. \u010ealej sme schv\u00e1lili, \u017ee do roku 2027 p\u00f4jde na budovanie vodovodov a kanaliz\u00e1ci\u00ed 795 mili\u00f3nov eur a v procese bolo \u010fal\u0161ie schva\u013eovanie projektov za 96 mili\u00f3nov eur. Preto r\u00e1zne odmietam tieto tvrdenia a d\u00f4razne \u017eiadam vl\u00e1dnych predstavite\u013eov, aby nezav\u00e1dzali verejnos\u0165 podobn\u00fdmi tvrdeniami &#8221;, otv\u00e1ra t\u00e9mu b\u00fdval\u00fd \u0161t\u00e1tny tajomn\u00edk na ministerstve \u017eivotn\u00e9ho prostredia Michal Ki\u010da a prizvukuje, \u017ee vl\u00e1da v rokoch 2020 a\u017e 2023 nezru\u0161ila \u017eiaden pl\u00e1n budovania verejn\u00fdch vodovod a kanaliz\u00e1ci\u00ed. Naopak, prijali Pl\u00e1ny rozvoja verejn\u00fdch vodovodov a kanaliz\u00e1ci\u00ed na roky 2021 a\u017e 2027.&#8221;<\/p>\n\n\n\n<p>\u201eTieto klamstv\u00e1 s\u00fa o to drzej\u0161ie, \u017ee to bola pr\u00e1ve vl\u00e1da Petra Pellegriniho, ktor\u00e1 pod\u013ea \u0161t\u00fadie In\u0161tit\u00fatu environment\u00e1lnej politiky pri rozde\u013eovan\u00ed dot\u00e1ci\u00ed na tieto \u00fa\u010dely preuk\u00e1zate\u013ene uprednost\u0148ovala tak\u00e9 obce, ktor\u00fdch starostovia kandidovali za strany Smer a Most-H\u00edd, a to aj napriek tomu, \u017ee projekty nesp\u013a\u0148ali krit\u00e9ri\u00e1. Odpor\u00fa\u010dam preto obom p\u00e1nom, aby sa za\u010dali spr\u00e1va\u0165 zodpovedne a nevym\u00fd\u0161\u013eali si podobn\u00e9 malichernosti, ktor\u00e9 nie s\u00fa hodn\u00e9 ich funkci\u00ed&#8221;, uzatv\u00e1ra Ki\u010da.<\/p>\n\n\n\n<p>Strana Demokrati reaguje na tvrdenia Richarda Ra\u0161iho, ktor\u00fd v tla\u010dovej spr\u00e1ve d\u0148a 17. j\u00fala 2024 uviedol, \u017ee vl\u00e1da v roku 2020 zru\u0161ila n\u00e1rodn\u00fd pl\u00e1n budovania vodovodov a kanaliz\u00e1ci\u00ed a pod\u013ea ministra tak prakticky rezignovala na tieto, pre rozvoj regi\u00f3nov mimoriadne d\u00f4le\u017eit\u00e9 rie\u0161enia.<\/p>\n","protected":false},"excerpt":{"rendered":"<p>Vl\u00e1dy pod veden\u00edm I. Matovi\u010da a n\u00e1sledne E. Hegera nezru\u0161ili pl\u00e1n budovania verejn\u00fdch vodovodov a kanaliz\u00e1ci\u00ed tak, ako to opakovane klamlivo tvrd\u00ed minister Richard Ra\u0161i. Michal Ki\u010da, environment\u00e1lny expert strany Demokrati hovor\u00ed, \u017ee bolo vyplaten\u00fdch takmer 224 mil. eur na \u00fa\u010dely obnovy kanaliz\u00e1ci\u00ed, \u010distiarn\u00ed odpadov\u00fdch v\u00f4d alebo vodovodov a navy\u0161e, prebiehalo \u010fal\u0161ie schva\u013eovanie projektov za [&hellip;]<\/p>\n","protected":false},"author":13,"featured_media":4690,"comment_status":"closed","ping_status":"closed","sticky":false,"template":"","format":"standard","meta":{"_acf_changed":false,"ngg_post_thumbnail":0,"footnotes":""},"categories":[4],"tags":[],"class_list":["post-4689","post","type-post","status-publish","format-standard","has-post-thumbnail","hentry","category-tlacove-spravy"],"acf":[],"yoast_head":"<!-- This site is optimized with the Yoast SEO plugin v27.2 - https:\/\/yoast.com\/product\/yoast-seo-wordpress\/ -->\n<title>Richard Ra\u0161i opakovane klame, predo\u0161l\u00e1 vl\u00e1da nezru\u0161ila\u00a0n\u00e1rodn\u00fd pl\u00e1n budovania vodovod a kanaliz\u00e1ci\u00ed<\/title>\n<meta name=\"robots\" content=\"index, follow, max-snippet:-1, max-image-preview:large, max-video-preview:-1\" \/>\n<link rel=\"canonical\" href=\"https:\/\/www.smedemokrati.sk\/sv\/richard-rasi-opakovane-klame-predosla-vlada-nezrusila-narodny-plan-budovania-vodovod-a-kanalizacii\/\" \/>\n<meta property=\"og:locale\" content=\"sv_SE\" \/>\n<meta property=\"og:locale:alternate\" content=\"en_US\" \/>\n<meta property=\"og:locale:alternate\" content=\"cs_CZ\" \/>\n<meta property=\"og:locale:alternate\" content=\"hu_HU\" \/>\n<meta property=\"og:locale:alternate\" content=\"sk_SK\" \/>\n<meta property=\"og:type\" content=\"article\" \/>\n<meta property=\"og:title\" content=\"Richard Ra\u0161i opakovane klame, predo\u0161l\u00e1 vl\u00e1da nezru\u0161ila\u00a0n\u00e1rodn\u00fd pl\u00e1n budovania vodovod a kanaliz\u00e1ci\u00ed\" \/>\n<meta property=\"og:description\" content=\"Vl\u00e1dy pod veden\u00edm I. Matovi\u010da a n\u00e1sledne E. Hegera nezru\u0161ili pl\u00e1n budovania verejn\u00fdch vodovodov a kanaliz\u00e1ci\u00ed tak, ako to opakovane klamlivo tvrd\u00ed minister Richard Ra\u0161i. Michal Ki\u010da, environment\u00e1lny expert strany Demokrati hovor\u00ed, \u017ee bolo vyplaten\u00fdch takmer 224 mil. eur na \u00fa\u010dely obnovy kanaliz\u00e1ci\u00ed, \u010distiarn\u00ed odpadov\u00fdch v\u00f4d alebo vodovodov a navy\u0161e, prebiehalo \u010fal\u0161ie schva\u013eovanie projektov za [&hellip;]\" \/>\n<meta property=\"og:url\" content=\"https:\/\/www.smedemokrati.sk\/sv\/richard-rasi-opakovane-klame-predosla-vlada-nezrusila-narodny-plan-budovania-vodovod-a-kanalizacii\/\" \/>\n<meta property=\"og:site_name\" content=\"Smedemokrati.sk\" \/>\n<meta property=\"article:publisher\" content=\"https:\/\/www.facebook.com\/smedemokrati2023\" \/>\n<meta property=\"article:published_time\" content=\"2024-07-17T12:53:06+00:00\" \/>\n<meta property=\"article:modified_time\" content=\"2024-07-23T12:47:25+00:00\" \/>\n<meta property=\"og:image\" content=\"https:\/\/www.smedemokrati.sk\/wp-content\/uploads\/2024\/07\/Picsart_24-07-17_14-40-07-957.jpg\" \/>\n\t<meta property=\"og:image:width\" content=\"2169\" \/>\n\t<meta property=\"og:image:height\" content=\"1220\" \/>\n\t<meta property=\"og:image:type\" content=\"image\/jpeg\" \/>\n<meta name=\"author\" content=\"miro.sopko\" \/>\n<meta name=\"twitter:card\" content=\"summary_large_image\" \/>\n<meta name=\"twitter:label1\" content=\"Skriven av\" \/>\n\t<meta name=\"twitter:data1\" content=\"miro.sopko\" \/>\n\t<meta name=\"twitter:label2\" content=\"Ber\u00e4knad l\u00e4stid\" \/>\n\t<meta name=\"twitter:data2\" content=\"2 minuter\" \/>\n<script type=\"application\/ld+json\" class=\"yoast-schema-graph\">{\"@context\":\"https:\/\/schema.org\",\"@graph\":[{\"@type\":\"Article\",\"@id\":\"https:\/\/www.smedemokrati.sk\/richard-rasi-opakovane-klame-predosla-vlada-nezrusila-narodny-plan-budovania-vodovod-a-kanalizacii\/#article\",\"isPartOf\":{\"@id\":\"https:\/\/www.smedemokrati.sk\/richard-rasi-opakovane-klame-predosla-vlada-nezrusila-narodny-plan-budovania-vodovod-a-kanalizacii\/\"},\"author\":{\"name\":\"miro.sopko\",\"@id\":\"https:\/\/www.smedemokrati.sk\/#\/schema\/person\/21f147c88d605aa7ded900e1e7c344ba\"},\"headline\":\"Richard Ra\u0161i opakovane klame, predo\u0161l\u00e1 vl\u00e1da nezru\u0161ila\u00a0n\u00e1rodn\u00fd pl\u00e1n budovania vodovod a kanaliz\u00e1ci\u00ed\",\"datePublished\":\"2024-07-17T12:53:06+00:00\",\"dateModified\":\"2024-07-23T12:47:25+00:00\",\"mainEntityOfPage\":{\"@id\":\"https:\/\/www.smedemokrati.sk\/richard-rasi-opakovane-klame-predosla-vlada-nezrusila-narodny-plan-budovania-vodovod-a-kanalizacii\/\"},\"wordCount\":383,\"publisher\":{\"@id\":\"https:\/\/www.smedemokrati.sk\/#organization\"},\"image\":{\"@id\":\"https:\/\/www.smedemokrati.sk\/richard-rasi-opakovane-klame-predosla-vlada-nezrusila-narodny-plan-budovania-vodovod-a-kanalizacii\/#primaryimage\"},\"thumbnailUrl\":\"https:\/\/www.smedemokrati.sk\/wp-content\/uploads\/2024\/07\/Picsart_24-07-17_14-40-07-957.jpg\",\"articleSection\":[\"Tla\u010dov\u00e9 spr\u00e1vy\"],\"inLanguage\":\"sv-SE\"},{\"@type\":\"WebPage\",\"@id\":\"https:\/\/www.smedemokrati.sk\/richard-rasi-opakovane-klame-predosla-vlada-nezrusila-narodny-plan-budovania-vodovod-a-kanalizacii\/\",\"url\":\"https:\/\/www.smedemokrati.sk\/richard-rasi-opakovane-klame-predosla-vlada-nezrusila-narodny-plan-budovania-vodovod-a-kanalizacii\/\",\"name\":\"Richard Ra\u0161i opakovane klame, predo\u0161l\u00e1 vl\u00e1da nezru\u0161ila\u00a0n\u00e1rodn\u00fd pl\u00e1n budovania vodovod a kanaliz\u00e1ci\u00ed\",\"isPartOf\":{\"@id\":\"https:\/\/www.smedemokrati.sk\/#website\"},\"primaryImageOfPage\":{\"@id\":\"https:\/\/www.smedemokrati.sk\/richard-rasi-opakovane-klame-predosla-vlada-nezrusila-narodny-plan-budovania-vodovod-a-kanalizacii\/#primaryimage\"},\"image\":{\"@id\":\"https:\/\/www.smedemokrati.sk\/richard-rasi-opakovane-klame-predosla-vlada-nezrusila-narodny-plan-budovania-vodovod-a-kanalizacii\/#primaryimage\"},\"thumbnailUrl\":\"https:\/\/www.smedemokrati.sk\/wp-content\/uploads\/2024\/07\/Picsart_24-07-17_14-40-07-957.jpg\",\"datePublished\":\"2024-07-17T12:53:06+00:00\",\"dateModified\":\"2024-07-23T12:47:25+00:00\",\"breadcrumb\":{\"@id\":\"https:\/\/www.smedemokrati.sk\/richard-rasi-opakovane-klame-predosla-vlada-nezrusila-narodny-plan-budovania-vodovod-a-kanalizacii\/#breadcrumb\"},\"inLanguage\":\"sv-SE\",\"potentialAction\":[{\"@type\":\"ReadAction\",\"target\":[\"https:\/\/www.smedemokrati.sk\/richard-rasi-opakovane-klame-predosla-vlada-nezrusila-narodny-plan-budovania-vodovod-a-kanalizacii\/\"]}]},{\"@type\":\"ImageObject\",\"inLanguage\":\"sv-SE\",\"@id\":\"https:\/\/www.smedemokrati.sk\/richard-rasi-opakovane-klame-predosla-vlada-nezrusila-narodny-plan-budovania-vodovod-a-kanalizacii\/#primaryimage\",\"url\":\"https:\/\/www.smedemokrati.sk\/wp-content\/uploads\/2024\/07\/Picsart_24-07-17_14-40-07-957.jpg\",\"contentUrl\":\"https:\/\/www.smedemokrati.sk\/wp-content\/uploads\/2024\/07\/Picsart_24-07-17_14-40-07-957.jpg\",\"width\":2169,\"height\":1220,\"caption\":\"{\\\"remix_data\\\":[],\\\"remix_entry_point\\\":\\\"challenges\\\",\\\"source_tags\\\":[\\\"local\\\"],\\\"origin\\\":\\\"unknown\\\",\\\"total_draw_time\\\":0,\\\"total_draw_actions\\\":0,\\\"layers_used\\\":0,\\\"brushes_used\\\":0,\\\"photos_added\\\":0,\\\"total_editor_actions\\\":{},\\\"tools_used\\\":{\\\"effects\\\":2},\\\"is_sticker\\\":false,\\\"edited_since_last_sticker_save\\\":true,\\\"containsFTESticker\\\":false}\"},{\"@type\":\"BreadcrumbList\",\"@id\":\"https:\/\/www.smedemokrati.sk\/richard-rasi-opakovane-klame-predosla-vlada-nezrusila-narodny-plan-budovania-vodovod-a-kanalizacii\/#breadcrumb\",\"itemListElement\":[{\"@type\":\"ListItem\",\"position\":1,\"name\":\"Domovsk\u00e1 str\u00e1nka\",\"item\":\"https:\/\/www.smedemokrati.sk\/\"},{\"@type\":\"ListItem\",\"position\":2,\"name\":\"Richard Ra\u0161i opakovane klame, predo\u0161l\u00e1 vl\u00e1da nezru\u0161ila\u00a0n\u00e1rodn\u00fd pl\u00e1n budovania vodovod a kanaliz\u00e1ci\u00ed\"}]},{\"@type\":\"WebSite\",\"@id\":\"https:\/\/www.smedemokrati.sk\/#website\",\"url\":\"https:\/\/www.smedemokrati.sk\/\",\"name\":\"Smedemokrati.sk\",\"description\":\"Demokracia a slu\u0161nos\u0165 zv\u00ed\u0165az\u00ed\",\"publisher\":{\"@id\":\"https:\/\/www.smedemokrati.sk\/#organization\"},\"potentialAction\":[{\"@type\":\"SearchAction\",\"target\":{\"@type\":\"EntryPoint\",\"urlTemplate\":\"https:\/\/www.smedemokrati.sk\/?s={search_term_string}\"},\"query-input\":{\"@type\":\"PropertyValueSpecification\",\"valueRequired\":true,\"valueName\":\"search_term_string\"}}],\"inLanguage\":\"sv-SE\"},{\"@type\":\"Organization\",\"@id\":\"https:\/\/www.smedemokrati.sk\/#organization\",\"name\":\"Smedemokrati.sk\",\"url\":\"https:\/\/www.smedemokrati.sk\/\",\"logo\":{\"@type\":\"ImageObject\",\"inLanguage\":\"sv-SE\",\"@id\":\"https:\/\/www.smedemokrati.sk\/#\/schema\/logo\/image\/\",\"url\":\"https:\/\/www.smedemokrati.sk\/wp-content\/uploads\/2023\/04\/ff.002.jpeg\",\"contentUrl\":\"https:\/\/www.smedemokrati.sk\/wp-content\/uploads\/2023\/04\/ff.002.jpeg\",\"width\":640,\"height\":480,\"caption\":\"Smedemokrati.sk\"},\"image\":{\"@id\":\"https:\/\/www.smedemokrati.sk\/#\/schema\/logo\/image\/\"},\"sameAs\":[\"https:\/\/www.facebook.com\/smedemokrati2023\"]},{\"@type\":\"Person\",\"@id\":\"https:\/\/www.smedemokrati.sk\/#\/schema\/person\/21f147c88d605aa7ded900e1e7c344ba\",\"name\":\"miro.sopko\",\"image\":{\"@type\":\"ImageObject\",\"inLanguage\":\"sv-SE\",\"@id\":\"https:\/\/secure.gravatar.com\/avatar\/267e4a36f704376c109afe3a78740c1f5dd8675a2180a908699e7863c9247606?s=96&d=mm&r=g\",\"url\":\"https:\/\/secure.gravatar.com\/avatar\/267e4a36f704376c109afe3a78740c1f5dd8675a2180a908699e7863c9247606?s=96&d=mm&r=g\",\"contentUrl\":\"https:\/\/secure.gravatar.com\/avatar\/267e4a36f704376c109afe3a78740c1f5dd8675a2180a908699e7863c9247606?s=96&d=mm&r=g\",\"caption\":\"miro.sopko\"},\"url\":\"https:\/\/www.smedemokrati.sk\/sv\/author\/miro-sopko\/\"}]}<\/script>\n<!-- \/ Yoast SEO plugin. -->","yoast_head_json":{"title":"Richard Ra\u0161i opakovane klame, predo\u0161l\u00e1 vl\u00e1da nezru\u0161ila\u00a0n\u00e1rodn\u00fd pl\u00e1n budovania vodovod a kanaliz\u00e1ci\u00ed","robots":{"index":"index","follow":"follow","max-snippet":"max-snippet:-1","max-image-preview":"max-image-preview:large","max-video-preview":"max-video-preview:-1"},"canonical":"https:\/\/www.smedemokrati.sk\/sv\/richard-rasi-opakovane-klame-predosla-vlada-nezrusila-narodny-plan-budovania-vodovod-a-kanalizacii\/","og_locale":"sv_SE","og_type":"article","og_title":"[:sk]Richard Ra\u0161i opakovane klame, predo\u0161l\u00e1 vl\u00e1da nezru\u0161ila\u00a0n\u00e1rodn\u00fd pl\u00e1n budovania vodovod a kanaliz\u00e1ci\u00ed[:] - Smedemokrati.sk","og_description":"Vl\u00e1dy pod veden\u00edm I. Matovi\u010da a n\u00e1sledne E. Hegera nezru\u0161ili pl\u00e1n budovania verejn\u00fdch vodovodov a kanaliz\u00e1ci\u00ed tak, ako to opakovane klamlivo tvrd\u00ed minister Richard Ra\u0161i. Michal Ki\u010da, environment\u00e1lny expert strany Demokrati hovor\u00ed, \u017ee bolo vyplaten\u00fdch takmer 224 mil. eur na \u00fa\u010dely obnovy kanaliz\u00e1ci\u00ed, \u010distiarn\u00ed odpadov\u00fdch v\u00f4d alebo vodovodov a navy\u0161e, prebiehalo \u010fal\u0161ie schva\u013eovanie projektov za [&hellip;]","og_url":"https:\/\/www.smedemokrati.sk\/sv\/richard-rasi-opakovane-klame-predosla-vlada-nezrusila-narodny-plan-budovania-vodovod-a-kanalizacii\/","og_site_name":"Smedemokrati.sk","article_publisher":"https:\/\/www.facebook.com\/smedemokrati2023","article_published_time":"2024-07-17T12:53:06+00:00","article_modified_time":"2024-07-23T12:47:25+00:00","og_image":[{"width":2169,"height":1220,"url":"https:\/\/www.smedemokrati.sk\/wp-content\/uploads\/2024\/07\/Picsart_24-07-17_14-40-07-957.jpg","type":"image\/jpeg"}],"author":"miro.sopko","twitter_card":"summary_large_image","twitter_misc":{"Skriven av":"miro.sopko","Ber\u00e4knad l\u00e4stid":"2 minuter"},"schema":{"@context":"https:\/\/schema.org","@graph":[{"@type":"Article","@id":"https:\/\/www.smedemokrati.sk\/richard-rasi-opakovane-klame-predosla-vlada-nezrusila-narodny-plan-budovania-vodovod-a-kanalizacii\/#article","isPartOf":{"@id":"https:\/\/www.smedemokrati.sk\/richard-rasi-opakovane-klame-predosla-vlada-nezrusila-narodny-plan-budovania-vodovod-a-kanalizacii\/"},"author":{"name":"miro.sopko","@id":"https:\/\/www.smedemokrati.sk\/#\/schema\/person\/21f147c88d605aa7ded900e1e7c344ba"},"headline":"Richard Ra\u0161i opakovane klame, predo\u0161l\u00e1 vl\u00e1da nezru\u0161ila\u00a0n\u00e1rodn\u00fd pl\u00e1n budovania vodovod a kanaliz\u00e1ci\u00ed","datePublished":"2024-07-17T12:53:06+00:00","dateModified":"2024-07-23T12:47:25+00:00","mainEntityOfPage":{"@id":"https:\/\/www.smedemokrati.sk\/richard-rasi-opakovane-klame-predosla-vlada-nezrusila-narodny-plan-budovania-vodovod-a-kanalizacii\/"},"wordCount":383,"publisher":{"@id":"https:\/\/www.smedemokrati.sk\/#organization"},"image":{"@id":"https:\/\/www.smedemokrati.sk\/richard-rasi-opakovane-klame-predosla-vlada-nezrusila-narodny-plan-budovania-vodovod-a-kanalizacii\/#primaryimage"},"thumbnailUrl":"https:\/\/www.smedemokrati.sk\/wp-content\/uploads\/2024\/07\/Picsart_24-07-17_14-40-07-957.jpg","articleSection":["Tla\u010dov\u00e9 spr\u00e1vy"],"inLanguage":"sv-SE"},{"@type":"WebPage","@id":"https:\/\/www.smedemokrati.sk\/richard-rasi-opakovane-klame-predosla-vlada-nezrusila-narodny-plan-budovania-vodovod-a-kanalizacii\/","url":"https:\/\/www.smedemokrati.sk\/richard-rasi-opakovane-klame-predosla-vlada-nezrusila-narodny-plan-budovania-vodovod-a-kanalizacii\/","name":"Richard Ra\u0161i opakovane klame, predo\u0161l\u00e1 vl\u00e1da nezru\u0161ila\u00a0n\u00e1rodn\u00fd pl\u00e1n budovania vodovod a kanaliz\u00e1ci\u00ed","isPartOf":{"@id":"https:\/\/www.smedemokrati.sk\/#website"},"primaryImageOfPage":{"@id":"https:\/\/www.smedemokrati.sk\/richard-rasi-opakovane-klame-predosla-vlada-nezrusila-narodny-plan-budovania-vodovod-a-kanalizacii\/#primaryimage"},"image":{"@id":"https:\/\/www.smedemokrati.sk\/richard-rasi-opakovane-klame-predosla-vlada-nezrusila-narodny-plan-budovania-vodovod-a-kanalizacii\/#primaryimage"},"thumbnailUrl":"https:\/\/www.smedemokrati.sk\/wp-content\/uploads\/2024\/07\/Picsart_24-07-17_14-40-07-957.jpg","datePublished":"2024-07-17T12:53:06+00:00","dateModified":"2024-07-23T12:47:25+00:00","breadcrumb":{"@id":"https:\/\/www.smedemokrati.sk\/richard-rasi-opakovane-klame-predosla-vlada-nezrusila-narodny-plan-budovania-vodovod-a-kanalizacii\/#breadcrumb"},"inLanguage":"sv-SE","potentialAction":[{"@type":"ReadAction","target":["https:\/\/www.smedemokrati.sk\/richard-rasi-opakovane-klame-predosla-vlada-nezrusila-narodny-plan-budovania-vodovod-a-kanalizacii\/"]}]},{"@type":"ImageObject","inLanguage":"sv-SE","@id":"https:\/\/www.smedemokrati.sk\/richard-rasi-opakovane-klame-predosla-vlada-nezrusila-narodny-plan-budovania-vodovod-a-kanalizacii\/#primaryimage","url":"https:\/\/www.smedemokrati.sk\/wp-content\/uploads\/2024\/07\/Picsart_24-07-17_14-40-07-957.jpg","contentUrl":"https:\/\/www.smedemokrati.sk\/wp-content\/uploads\/2024\/07\/Picsart_24-07-17_14-40-07-957.jpg","width":2169,"height":1220,"caption":"{\"remix_data\":[],\"remix_entry_point\":\"challenges\",\"source_tags\":[\"local\"],\"origin\":\"unknown\",\"total_draw_time\":0,\"total_draw_actions\":0,\"layers_used\":0,\"brushes_used\":0,\"photos_added\":0,\"total_editor_actions\":{},\"tools_used\":{\"effects\":2},\"is_sticker\":false,\"edited_since_last_sticker_save\":true,\"containsFTESticker\":false}"},{"@type":"BreadcrumbList","@id":"https:\/\/www.smedemokrati.sk\/richard-rasi-opakovane-klame-predosla-vlada-nezrusila-narodny-plan-budovania-vodovod-a-kanalizacii\/#breadcrumb","itemListElement":[{"@type":"ListItem","position":1,"name":"Domovsk\u00e1 str\u00e1nka","item":"https:\/\/www.smedemokrati.sk\/"},{"@type":"ListItem","position":2,"name":"Richard Ra\u0161i opakovane klame, predo\u0161l\u00e1 vl\u00e1da nezru\u0161ila\u00a0n\u00e1rodn\u00fd pl\u00e1n budovania vodovod a kanaliz\u00e1ci\u00ed"}]},{"@type":"WebSite","@id":"https:\/\/www.smedemokrati.sk\/#website","url":"https:\/\/www.smedemokrati.sk\/","name":"Smedemokrati.sk","description":"Demokracia a slu\u0161nos\u0165 zv\u00ed\u0165az\u00ed","publisher":{"@id":"https:\/\/www.smedemokrati.sk\/#organization"},"potentialAction":[{"@type":"SearchAction","target":{"@type":"EntryPoint","urlTemplate":"https:\/\/www.smedemokrati.sk\/?s={search_term_string}"},"query-input":{"@type":"PropertyValueSpecification","valueRequired":true,"valueName":"search_term_string"}}],"inLanguage":"sv-SE"},{"@type":"Organization","@id":"https:\/\/www.smedemokrati.sk\/#organization","name":"Smedemokrati.sk","url":"https:\/\/www.smedemokrati.sk\/","logo":{"@type":"ImageObject","inLanguage":"sv-SE","@id":"https:\/\/www.smedemokrati.sk\/#\/schema\/logo\/image\/","url":"https:\/\/www.smedemokrati.sk\/wp-content\/uploads\/2023\/04\/ff.002.jpeg","contentUrl":"https:\/\/www.smedemokrati.sk\/wp-content\/uploads\/2023\/04\/ff.002.jpeg","width":640,"height":480,"caption":"Smedemokrati.sk"},"image":{"@id":"https:\/\/www.smedemokrati.sk\/#\/schema\/logo\/image\/"},"sameAs":["https:\/\/www.facebook.com\/smedemokrati2023"]},{"@type":"Person","@id":"https:\/\/www.smedemokrati.sk\/#\/schema\/person\/21f147c88d605aa7ded900e1e7c344ba","name":"miro.sopko","image":{"@type":"ImageObject","inLanguage":"sv-SE","@id":"https:\/\/secure.gravatar.com\/avatar\/267e4a36f704376c109afe3a78740c1f5dd8675a2180a908699e7863c9247606?s=96&d=mm&r=g","url":"https:\/\/secure.gravatar.com\/avatar\/267e4a36f704376c109afe3a78740c1f5dd8675a2180a908699e7863c9247606?s=96&d=mm&r=g","contentUrl":"https:\/\/secure.gravatar.com\/avatar\/267e4a36f704376c109afe3a78740c1f5dd8675a2180a908699e7863c9247606?s=96&d=mm&r=g","caption":"miro.sopko"},"url":"https:\/\/www.smedemokrati.sk\/sv\/author\/miro-sopko\/"}]}},"_links":{"self":[{"href":"https:\/\/www.smedemokrati.sk\/sv\/wp-json\/wp\/v2\/posts\/4689","targetHints":{"allow":["GET"]}}],"collection":[{"href":"https:\/\/www.smedemokrati.sk\/sv\/wp-json\/wp\/v2\/posts"}],"about":[{"href":"https:\/\/www.smedemokrati.sk\/sv\/wp-json\/wp\/v2\/types\/post"}],"author":[{"embeddable":true,"href":"https:\/\/www.smedemokrati.sk\/sv\/wp-json\/wp\/v2\/users\/13"}],"replies":[{"embeddable":true,"href":"https:\/\/www.smedemokrati.sk\/sv\/wp-json\/wp\/v2\/comments?post=4689"}],"version-history":[{"count":1,"href":"https:\/\/www.smedemokrati.sk\/sv\/wp-json\/wp\/v2\/posts\/4689\/revisions"}],"predecessor-version":[{"id":4691,"href":"https:\/\/www.smedemokrati.sk\/sv\/wp-json\/wp\/v2\/posts\/4689\/revisions\/4691"}],"wp:featuredmedia":[{"embeddable":true,"href":"https:\/\/www.smedemokrati.sk\/sv\/wp-json\/wp\/v2\/media\/4690"}],"wp:attachment":[{"href":"https:\/\/www.smedemokrati.sk\/sv\/wp-json\/wp\/v2\/media?parent=4689"}],"wp:term":[{"taxonomy":"category","embeddable":true,"href":"https:\/\/www.smedemokrati.sk\/sv\/wp-json\/wp\/v2\/categories?post=4689"},{"taxonomy":"post_tag","embeddable":true,"href":"https:\/\/www.smedemokrati.sk\/sv\/wp-json\/wp\/v2\/tags?post=4689"}],"curies":[{"name":"wp","href":"https:\/\/api.w.org\/{rel}","templated":true}]}}