{"id":4616,"date":"2024-07-02T15:09:34","date_gmt":"2024-07-02T14:09:34","guid":{"rendered":"https:\/\/www.smedemokrati.sk\/?p=4616"},"modified":"2024-07-09T17:02:32","modified_gmt":"2024-07-09T16:02:32","slug":"ministerstvo-vnutra-odpove","status":"publish","type":"post","link":"https:\/\/www.smedemokrati.sk\/sv\/ministerstvo-vnutra-odpove\/","title":{"rendered":"Ministerstvo vn\u00fatra odpovedalo, ktor\u00fdm rodinn\u00fdm pr\u00edslu\u0161n\u00edkom papal\u00e1\u0161ov sme sa nedobrovo\u013ene poskladali na v\u00fdlet do Nemecka"},"content":{"rendered":"<div id=\"fb-root\"><\/div>\n\n<p><strong>Poslal som jednoduch\u00e9 ot\u00e1zky, na ktor\u00e9 je v\u0161ak zjavne n\u00e1ro\u010dn\u00e9 odpoveda\u0165:<\/strong><\/p>\n\n\n\n<iframe src=\"https:\/\/www.facebook.com\/plugins\/video.php?href=https%3A%2F%2Fwww.facebook.com%2FJaroNadPublic%2Fvideos%2F349467741586463%2F&#038;width=600&#038;show_text=false&#038;appId=361313990972954&#038;height=1067\" width=\"600\" height=\"1067\" style=\"border:none;overflow:hidden\" scrolling=\"no\" frameborder=\"0\" allowfullscreen=\"true\" allow=\"autoplay; clipboard-write; encrypted-media; picture-in-picture; web-share\" allowFullScreen=\"true\"><\/iframe>\n","protected":false},"excerpt":{"rendered":"<p>Poslal som jednoduch\u00e9 ot\u00e1zky, na ktor\u00e9 je v\u0161ak zjavne n\u00e1ro\u010dn\u00e9 odpoveda\u0165:<\/p>\n","protected":false},"author":13,"featured_media":4617,"comment_status":"closed","ping_status":"closed","sticky":false,"template":"","format":"standard","meta":{"_acf_changed":false,"ngg_post_thumbnail":0,"footnotes":""},"categories":[6],"tags":[],"class_list":["post-4616","post","type-post","status-publish","format-standard","has-post-thumbnail","hentry","category-videa"],"acf":[],"yoast_head":"<!-- This site is optimized with the Yoast SEO plugin v27.2 - https:\/\/yoast.com\/product\/yoast-seo-wordpress\/ -->\n<title>Ministerstvo vn\u00fatra odpovedalo, ktor\u00fdm rodinn\u00fdm pr\u00edslu\u0161n\u00edkom papal\u00e1\u0161ov sme sa nedobrovo\u013ene poskladali na v\u00fdlet do Nemecka<\/title>\n<meta name=\"robots\" content=\"index, follow, max-snippet:-1, max-image-preview:large, max-video-preview:-1\" \/>\n<link rel=\"canonical\" href=\"https:\/\/www.smedemokrati.sk\/sv\/ministerstvo-vnutra-odpove\/\" \/>\n<meta property=\"og:locale\" content=\"sv_SE\" \/>\n<meta property=\"og:locale:alternate\" content=\"en_US\" \/>\n<meta property=\"og:locale:alternate\" content=\"cs_CZ\" \/>\n<meta property=\"og:locale:alternate\" content=\"hu_HU\" \/>\n<meta property=\"og:locale:alternate\" content=\"sk_SK\" \/>\n<meta property=\"og:type\" content=\"article\" \/>\n<meta property=\"og:title\" content=\"Ministerstvo vn\u00fatra odpovedalo, ktor\u00fdm rodinn\u00fdm pr\u00edslu\u0161n\u00edkom papal\u00e1\u0161ov sme sa nedobrovo\u013ene poskladali na v\u00fdlet do Nemecka\" \/>\n<meta property=\"og:description\" content=\"Poslal som jednoduch\u00e9 ot\u00e1zky, na ktor\u00e9 je v\u0161ak zjavne n\u00e1ro\u010dn\u00e9 odpoveda\u0165:\" \/>\n<meta property=\"og:url\" content=\"https:\/\/www.smedemokrati.sk\/sv\/ministerstvo-vnutra-odpove\/\" \/>\n<meta property=\"og:site_name\" content=\"Smedemokrati.sk\" \/>\n<meta property=\"article:publisher\" content=\"https:\/\/www.facebook.com\/smedemokrati2023\" \/>\n<meta property=\"article:published_time\" content=\"2024-07-02T14:09:34+00:00\" \/>\n<meta property=\"article:modified_time\" content=\"2024-07-09T16:02:32+00:00\" \/>\n<meta property=\"og:image\" content=\"https:\/\/www.smedemokrati.sk\/wp-content\/uploads\/2024\/07\/Nad-odpoved-papalasi.jpg\" \/>\n\t<meta property=\"og:image:width\" content=\"732\" \/>\n\t<meta property=\"og:image:height\" content=\"817\" \/>\n\t<meta property=\"og:image:type\" content=\"image\/jpeg\" \/>\n<meta name=\"author\" content=\"miro.sopko\" \/>\n<meta name=\"twitter:card\" content=\"summary_large_image\" \/>\n<meta name=\"twitter:label1\" content=\"Skriven av\" \/>\n\t<meta name=\"twitter:data1\" content=\"miro.sopko\" \/>\n\t<meta name=\"twitter:label2\" content=\"Ber\u00e4knad l\u00e4stid\" \/>\n\t<meta name=\"twitter:data2\" content=\"1 minut\" \/>\n<script type=\"application\/ld+json\" class=\"yoast-schema-graph\">{\"@context\":\"https:\/\/schema.org\",\"@graph\":[{\"@type\":\"Article\",\"@id\":\"https:\/\/www.smedemokrati.sk\/ministerstvo-vnutra-odpove\/#article\",\"isPartOf\":{\"@id\":\"https:\/\/www.smedemokrati.sk\/ministerstvo-vnutra-odpove\/\"},\"author\":{\"name\":\"miro.sopko\",\"@id\":\"https:\/\/www.smedemokrati.sk\/#\/schema\/person\/21f147c88d605aa7ded900e1e7c344ba\"},\"headline\":\"Ministerstvo vn\u00fatra odpovedalo, ktor\u00fdm rodinn\u00fdm pr\u00edslu\u0161n\u00edkom papal\u00e1\u0161ov sme sa nedobrovo\u013ene poskladali na v\u00fdlet do Nemecka\",\"datePublished\":\"2024-07-02T14:09:34+00:00\",\"dateModified\":\"2024-07-09T16:02:32+00:00\",\"mainEntityOfPage\":{\"@id\":\"https:\/\/www.smedemokrati.sk\/ministerstvo-vnutra-odpove\/\"},\"wordCount\":41,\"publisher\":{\"@id\":\"https:\/\/www.smedemokrati.sk\/#organization\"},\"image\":{\"@id\":\"https:\/\/www.smedemokrati.sk\/ministerstvo-vnutra-odpove\/#primaryimage\"},\"thumbnailUrl\":\"https:\/\/www.smedemokrati.sk\/wp-content\/uploads\/2024\/07\/Nad-odpoved-papalasi.jpg\",\"articleSection\":[\"Vide\u00e1\"],\"inLanguage\":\"sv-SE\"},{\"@type\":\"WebPage\",\"@id\":\"https:\/\/www.smedemokrati.sk\/ministerstvo-vnutra-odpove\/\",\"url\":\"https:\/\/www.smedemokrati.sk\/ministerstvo-vnutra-odpove\/\",\"name\":\"Ministerstvo vn\u00fatra odpovedalo, ktor\u00fdm rodinn\u00fdm pr\u00edslu\u0161n\u00edkom papal\u00e1\u0161ov sme sa nedobrovo\u013ene poskladali na v\u00fdlet do Nemecka\",\"isPartOf\":{\"@id\":\"https:\/\/www.smedemokrati.sk\/#website\"},\"primaryImageOfPage\":{\"@id\":\"https:\/\/www.smedemokrati.sk\/ministerstvo-vnutra-odpove\/#primaryimage\"},\"image\":{\"@id\":\"https:\/\/www.smedemokrati.sk\/ministerstvo-vnutra-odpove\/#primaryimage\"},\"thumbnailUrl\":\"https:\/\/www.smedemokrati.sk\/wp-content\/uploads\/2024\/07\/Nad-odpoved-papalasi.jpg\",\"datePublished\":\"2024-07-02T14:09:34+00:00\",\"dateModified\":\"2024-07-09T16:02:32+00:00\",\"breadcrumb\":{\"@id\":\"https:\/\/www.smedemokrati.sk\/ministerstvo-vnutra-odpove\/#breadcrumb\"},\"inLanguage\":\"sv-SE\",\"potentialAction\":[{\"@type\":\"ReadAction\",\"target\":[\"https:\/\/www.smedemokrati.sk\/ministerstvo-vnutra-odpove\/\"]}]},{\"@type\":\"ImageObject\",\"inLanguage\":\"sv-SE\",\"@id\":\"https:\/\/www.smedemokrati.sk\/ministerstvo-vnutra-odpove\/#primaryimage\",\"url\":\"https:\/\/www.smedemokrati.sk\/wp-content\/uploads\/2024\/07\/Nad-odpoved-papalasi.jpg\",\"contentUrl\":\"https:\/\/www.smedemokrati.sk\/wp-content\/uploads\/2024\/07\/Nad-odpoved-papalasi.jpg\",\"width\":732,\"height\":817},{\"@type\":\"BreadcrumbList\",\"@id\":\"https:\/\/www.smedemokrati.sk\/ministerstvo-vnutra-odpove\/#breadcrumb\",\"itemListElement\":[{\"@type\":\"ListItem\",\"position\":1,\"name\":\"Domovsk\u00e1 str\u00e1nka\",\"item\":\"https:\/\/www.smedemokrati.sk\/\"},{\"@type\":\"ListItem\",\"position\":2,\"name\":\"Ministerstvo vn\u00fatra odpovedalo, ktor\u00fdm rodinn\u00fdm pr\u00edslu\u0161n\u00edkom papal\u00e1\u0161ov sme sa nedobrovo\u013ene poskladali na v\u00fdlet do Nemecka\"}]},{\"@type\":\"WebSite\",\"@id\":\"https:\/\/www.smedemokrati.sk\/#website\",\"url\":\"https:\/\/www.smedemokrati.sk\/\",\"name\":\"Smedemokrati.sk\",\"description\":\"Demokracia a slu\u0161nos\u0165 zv\u00ed\u0165az\u00ed\",\"publisher\":{\"@id\":\"https:\/\/www.smedemokrati.sk\/#organization\"},\"potentialAction\":[{\"@type\":\"SearchAction\",\"target\":{\"@type\":\"EntryPoint\",\"urlTemplate\":\"https:\/\/www.smedemokrati.sk\/?s={search_term_string}\"},\"query-input\":{\"@type\":\"PropertyValueSpecification\",\"valueRequired\":true,\"valueName\":\"search_term_string\"}}],\"inLanguage\":\"sv-SE\"},{\"@type\":\"Organization\",\"@id\":\"https:\/\/www.smedemokrati.sk\/#organization\",\"name\":\"Smedemokrati.sk\",\"url\":\"https:\/\/www.smedemokrati.sk\/\",\"logo\":{\"@type\":\"ImageObject\",\"inLanguage\":\"sv-SE\",\"@id\":\"https:\/\/www.smedemokrati.sk\/#\/schema\/logo\/image\/\",\"url\":\"https:\/\/www.smedemokrati.sk\/wp-content\/uploads\/2023\/04\/ff.002.jpeg\",\"contentUrl\":\"https:\/\/www.smedemokrati.sk\/wp-content\/uploads\/2023\/04\/ff.002.jpeg\",\"width\":640,\"height\":480,\"caption\":\"Smedemokrati.sk\"},\"image\":{\"@id\":\"https:\/\/www.smedemokrati.sk\/#\/schema\/logo\/image\/\"},\"sameAs\":[\"https:\/\/www.facebook.com\/smedemokrati2023\"]},{\"@type\":\"Person\",\"@id\":\"https:\/\/www.smedemokrati.sk\/#\/schema\/person\/21f147c88d605aa7ded900e1e7c344ba\",\"name\":\"miro.sopko\",\"image\":{\"@type\":\"ImageObject\",\"inLanguage\":\"sv-SE\",\"@id\":\"https:\/\/secure.gravatar.com\/avatar\/267e4a36f704376c109afe3a78740c1f5dd8675a2180a908699e7863c9247606?s=96&d=mm&r=g\",\"url\":\"https:\/\/secure.gravatar.com\/avatar\/267e4a36f704376c109afe3a78740c1f5dd8675a2180a908699e7863c9247606?s=96&d=mm&r=g\",\"contentUrl\":\"https:\/\/secure.gravatar.com\/avatar\/267e4a36f704376c109afe3a78740c1f5dd8675a2180a908699e7863c9247606?s=96&d=mm&r=g\",\"caption\":\"miro.sopko\"},\"url\":\"https:\/\/www.smedemokrati.sk\/sv\/author\/miro-sopko\/\"}]}<\/script>\n<!-- \/ Yoast SEO plugin. -->","yoast_head_json":{"title":"Ministerstvo vn\u00fatra odpovedalo, ktor\u00fdm rodinn\u00fdm pr\u00edslu\u0161n\u00edkom papal\u00e1\u0161ov sme sa nedobrovo\u013ene poskladali na v\u00fdlet do Nemecka","robots":{"index":"index","follow":"follow","max-snippet":"max-snippet:-1","max-image-preview":"max-image-preview:large","max-video-preview":"max-video-preview:-1"},"canonical":"https:\/\/www.smedemokrati.sk\/sv\/ministerstvo-vnutra-odpove\/","og_locale":"sv_SE","og_type":"article","og_title":"[:sk]Ministerstvo vn\u00fatra odpovedalo, ktor\u00fdm rodinn\u00fdm pr\u00edslu\u0161n\u00edkom papal\u00e1\u0161ov sme sa nedobrovo\u013ene poskladali na v\u00fdlet do Nemecka[:] - Smedemokrati.sk","og_description":"Poslal som jednoduch\u00e9 ot\u00e1zky, na ktor\u00e9 je v\u0161ak zjavne n\u00e1ro\u010dn\u00e9 odpoveda\u0165:","og_url":"https:\/\/www.smedemokrati.sk\/sv\/ministerstvo-vnutra-odpove\/","og_site_name":"Smedemokrati.sk","article_publisher":"https:\/\/www.facebook.com\/smedemokrati2023","article_published_time":"2024-07-02T14:09:34+00:00","article_modified_time":"2024-07-09T16:02:32+00:00","og_image":[{"width":732,"height":817,"url":"https:\/\/www.smedemokrati.sk\/wp-content\/uploads\/2024\/07\/Nad-odpoved-papalasi.jpg","type":"image\/jpeg"}],"author":"miro.sopko","twitter_card":"summary_large_image","twitter_misc":{"Skriven av":"miro.sopko","Ber\u00e4knad l\u00e4stid":"1 minut"},"schema":{"@context":"https:\/\/schema.org","@graph":[{"@type":"Article","@id":"https:\/\/www.smedemokrati.sk\/ministerstvo-vnutra-odpove\/#article","isPartOf":{"@id":"https:\/\/www.smedemokrati.sk\/ministerstvo-vnutra-odpove\/"},"author":{"name":"miro.sopko","@id":"https:\/\/www.smedemokrati.sk\/#\/schema\/person\/21f147c88d605aa7ded900e1e7c344ba"},"headline":"Ministerstvo vn\u00fatra odpovedalo, ktor\u00fdm rodinn\u00fdm pr\u00edslu\u0161n\u00edkom papal\u00e1\u0161ov sme sa nedobrovo\u013ene poskladali na v\u00fdlet do Nemecka","datePublished":"2024-07-02T14:09:34+00:00","dateModified":"2024-07-09T16:02:32+00:00","mainEntityOfPage":{"@id":"https:\/\/www.smedemokrati.sk\/ministerstvo-vnutra-odpove\/"},"wordCount":41,"publisher":{"@id":"https:\/\/www.smedemokrati.sk\/#organization"},"image":{"@id":"https:\/\/www.smedemokrati.sk\/ministerstvo-vnutra-odpove\/#primaryimage"},"thumbnailUrl":"https:\/\/www.smedemokrati.sk\/wp-content\/uploads\/2024\/07\/Nad-odpoved-papalasi.jpg","articleSection":["Vide\u00e1"],"inLanguage":"sv-SE"},{"@type":"WebPage","@id":"https:\/\/www.smedemokrati.sk\/ministerstvo-vnutra-odpove\/","url":"https:\/\/www.smedemokrati.sk\/ministerstvo-vnutra-odpove\/","name":"Ministerstvo vn\u00fatra odpovedalo, ktor\u00fdm rodinn\u00fdm pr\u00edslu\u0161n\u00edkom papal\u00e1\u0161ov sme sa nedobrovo\u013ene poskladali na v\u00fdlet do Nemecka","isPartOf":{"@id":"https:\/\/www.smedemokrati.sk\/#website"},"primaryImageOfPage":{"@id":"https:\/\/www.smedemokrati.sk\/ministerstvo-vnutra-odpove\/#primaryimage"},"image":{"@id":"https:\/\/www.smedemokrati.sk\/ministerstvo-vnutra-odpove\/#primaryimage"},"thumbnailUrl":"https:\/\/www.smedemokrati.sk\/wp-content\/uploads\/2024\/07\/Nad-odpoved-papalasi.jpg","datePublished":"2024-07-02T14:09:34+00:00","dateModified":"2024-07-09T16:02:32+00:00","breadcrumb":{"@id":"https:\/\/www.smedemokrati.sk\/ministerstvo-vnutra-odpove\/#breadcrumb"},"inLanguage":"sv-SE","potentialAction":[{"@type":"ReadAction","target":["https:\/\/www.smedemokrati.sk\/ministerstvo-vnutra-odpove\/"]}]},{"@type":"ImageObject","inLanguage":"sv-SE","@id":"https:\/\/www.smedemokrati.sk\/ministerstvo-vnutra-odpove\/#primaryimage","url":"https:\/\/www.smedemokrati.sk\/wp-content\/uploads\/2024\/07\/Nad-odpoved-papalasi.jpg","contentUrl":"https:\/\/www.smedemokrati.sk\/wp-content\/uploads\/2024\/07\/Nad-odpoved-papalasi.jpg","width":732,"height":817},{"@type":"BreadcrumbList","@id":"https:\/\/www.smedemokrati.sk\/ministerstvo-vnutra-odpove\/#breadcrumb","itemListElement":[{"@type":"ListItem","position":1,"name":"Domovsk\u00e1 str\u00e1nka","item":"https:\/\/www.smedemokrati.sk\/"},{"@type":"ListItem","position":2,"name":"Ministerstvo vn\u00fatra odpovedalo, ktor\u00fdm rodinn\u00fdm pr\u00edslu\u0161n\u00edkom papal\u00e1\u0161ov sme sa nedobrovo\u013ene poskladali na v\u00fdlet do Nemecka"}]},{"@type":"WebSite","@id":"https:\/\/www.smedemokrati.sk\/#website","url":"https:\/\/www.smedemokrati.sk\/","name":"Smedemokrati.sk","description":"Demokracia a slu\u0161nos\u0165 zv\u00ed\u0165az\u00ed","publisher":{"@id":"https:\/\/www.smedemokrati.sk\/#organization"},"potentialAction":[{"@type":"SearchAction","target":{"@type":"EntryPoint","urlTemplate":"https:\/\/www.smedemokrati.sk\/?s={search_term_string}"},"query-input":{"@type":"PropertyValueSpecification","valueRequired":true,"valueName":"search_term_string"}}],"inLanguage":"sv-SE"},{"@type":"Organization","@id":"https:\/\/www.smedemokrati.sk\/#organization","name":"Smedemokrati.sk","url":"https:\/\/www.smedemokrati.sk\/","logo":{"@type":"ImageObject","inLanguage":"sv-SE","@id":"https:\/\/www.smedemokrati.sk\/#\/schema\/logo\/image\/","url":"https:\/\/www.smedemokrati.sk\/wp-content\/uploads\/2023\/04\/ff.002.jpeg","contentUrl":"https:\/\/www.smedemokrati.sk\/wp-content\/uploads\/2023\/04\/ff.002.jpeg","width":640,"height":480,"caption":"Smedemokrati.sk"},"image":{"@id":"https:\/\/www.smedemokrati.sk\/#\/schema\/logo\/image\/"},"sameAs":["https:\/\/www.facebook.com\/smedemokrati2023"]},{"@type":"Person","@id":"https:\/\/www.smedemokrati.sk\/#\/schema\/person\/21f147c88d605aa7ded900e1e7c344ba","name":"miro.sopko","image":{"@type":"ImageObject","inLanguage":"sv-SE","@id":"https:\/\/secure.gravatar.com\/avatar\/267e4a36f704376c109afe3a78740c1f5dd8675a2180a908699e7863c9247606?s=96&d=mm&r=g","url":"https:\/\/secure.gravatar.com\/avatar\/267e4a36f704376c109afe3a78740c1f5dd8675a2180a908699e7863c9247606?s=96&d=mm&r=g","contentUrl":"https:\/\/secure.gravatar.com\/avatar\/267e4a36f704376c109afe3a78740c1f5dd8675a2180a908699e7863c9247606?s=96&d=mm&r=g","caption":"miro.sopko"},"url":"https:\/\/www.smedemokrati.sk\/sv\/author\/miro-sopko\/"}]}},"_links":{"self":[{"href":"https:\/\/www.smedemokrati.sk\/sv\/wp-json\/wp\/v2\/posts\/4616","targetHints":{"allow":["GET"]}}],"collection":[{"href":"https:\/\/www.smedemokrati.sk\/sv\/wp-json\/wp\/v2\/posts"}],"about":[{"href":"https:\/\/www.smedemokrati.sk\/sv\/wp-json\/wp\/v2\/types\/post"}],"author":[{"embeddable":true,"href":"https:\/\/www.smedemokrati.sk\/sv\/wp-json\/wp\/v2\/users\/13"}],"replies":[{"embeddable":true,"href":"https:\/\/www.smedemokrati.sk\/sv\/wp-json\/wp\/v2\/comments?post=4616"}],"version-history":[{"count":1,"href":"https:\/\/www.smedemokrati.sk\/sv\/wp-json\/wp\/v2\/posts\/4616\/revisions"}],"predecessor-version":[{"id":4618,"href":"https:\/\/www.smedemokrati.sk\/sv\/wp-json\/wp\/v2\/posts\/4616\/revisions\/4618"}],"wp:featuredmedia":[{"embeddable":true,"href":"https:\/\/www.smedemokrati.sk\/sv\/wp-json\/wp\/v2\/media\/4617"}],"wp:attachment":[{"href":"https:\/\/www.smedemokrati.sk\/sv\/wp-json\/wp\/v2\/media?parent=4616"}],"wp:term":[{"taxonomy":"category","embeddable":true,"href":"https:\/\/www.smedemokrati.sk\/sv\/wp-json\/wp\/v2\/categories?post=4616"},{"taxonomy":"post_tag","embeddable":true,"href":"https:\/\/www.smedemokrati.sk\/sv\/wp-json\/wp\/v2\/tags?post=4616"}],"curies":[{"name":"wp","href":"https:\/\/api.w.org\/{rel}","templated":true}]}}