{"id":4612,"date":"2024-07-01T16:01:19","date_gmt":"2024-07-01T15:01:19","guid":{"rendered":"https:\/\/www.smedemokrati.sk\/?p=4612"},"modified":"2024-07-09T17:02:42","modified_gmt":"2024-07-09T16:02:42","slug":"vlada-ochromila-verejnopravne-medium-docasny-riaditel-bude-len-statista","status":"publish","type":"post","link":"https:\/\/www.smedemokrati.sk\/sv\/vlada-ochromila-verejnopravne-medium-docasny-riaditel-bude-len-statista\/","title":{"rendered":"Vl\u00e1da ochromila verejnopr\u00e1vne m\u00e9dium, do\u010dasn\u00fd riadite\u013e bude len \u0161tatista"},"content":{"rendered":"<div id=\"fb-root\"><\/div>\n\n<p><strong>Demokrati upozor\u0148uj\u00fa, \u017ee do\u010dasn\u00fd riadite\u013e STVR je bez v\u00fdznamn\u00fdch kompetenci\u00ed, \u010do doslova ochrom\u00ed cel\u00fa in\u0161tit\u00faciu. Hovoria tie\u017e, \u017ee nov\u00fd prezident pri prvej pr\u00edle\u017eitosti uk\u00e1zal, koho z\u00e1ujmy bude vo svojom \u00farade zastupova\u0165. <\/strong><\/p>\n\n\n\n<p>Pod\u013ea Demokratov sa Pellegrini nechal pri prvej mo\u017enej pr\u00edle\u017eitosti pritla\u010di\u0165 k m\u00faru a uk\u00e1zal, \u017ee bude presadzova\u0165 z\u00e1ujmy v\u00fdlu\u010dne koali\u010dn\u00fdch partnerov, nie verejnosti: &#8221;Pellegrini e\u0161te vo \u0161tvrtok s\u013e\u00fabil, \u017ee si z\u00e1kon o zru\u0161en\u00ed RTVS a vzniku STVR na\u0161tuduje a podp\u00ed\u0161e a\u017e na bud\u00faci t\u00fd\u017ede\u0148. Napokon sa s podpisom popon\u00e1h\u013eal, preto\u017ee ak by z\u00e1kon s platnos\u0165ou od 1. j\u00fala okam\u017eite nepodp\u00edsal, musel by ho u\u017e vetova\u0165.&#8221; Otv\u00e1ra t\u00e9mu b\u00fdval\u00fd poslanec a niekdaj\u0161\u00ed predseda v\u00fdboru NR SR pre kult\u00faru a m\u00e9di\u00e1 Kristi\u00e1n \u010cekovsk\u00fd.<\/p>\n\n\n\n<p>Z\u00e1rove\u0148 upozor\u0148uje, \u017ee tak z\u00e1va\u017en\u00e9 a n\u00e1hle zmeny, ktor\u00e9 pri\u0161li do platnosti bez riadnej person\u00e1lnej pripravenosti, bud\u00fa ma\u0165 za n\u00e1sledok ochromenie celej in\u0161tit\u00facie: &#8221;Do\u010dasn\u00fd riadite\u013e nebude m\u00f4c\u0165 podpisova\u0165 prakticky \u017eiadne v\u00fdrobn\u00e9 a autorsk\u00e9 zmluvy, alebo nakupova\u0165 programy. Bude oby\u010dajn\u00fdm \u0161tatistom, ktor\u00fd nebude ma\u0165 \u017eiadne relevantn\u00e9 kompetencie. Toto je babr\u00e1ctvo najhrub\u0161ieho zrna, na ktor\u00e9 sa posklad\u00e1me op\u00e4\u0165 raz my v\u0161etci.&#8221;<\/p>\n\n\n\n<p>Dorota Nvotov\u00e1 \u010dlenka predsedn\u00edctva a umelky\u0148a hovor\u00ed, \u017ee cie\u013eom z\u00e1kona je mocensky ovl\u00e1dnu\u0165 m\u00e9dium, aby sa stalo n\u00e1strojom propagandy vl\u00e1dnej koal\u00edcie: &#8221;\u017dijeme v dobe, kedy kon\u0161pir\u00e1tori vo vl\u00e1de a parlamente hovoria a sna\u017eia sa ur\u010dova\u0165 \u010do je pravda a \u010do nie. Oddnes bud\u00fa dokonca dosadzova\u0165 do najv\u00fdznamnej\u0161\u00edch funkci\u00ed, doteraz verejnopr\u00e1vnej in\u0161tit\u00facie, svojich spriatelen\u00fdch nasledovn\u00edkov, cez ktor\u00fdch bud\u00fa tla\u010di\u0165 n\u00e1zory, my\u0161lienky a &#8221;pravdy&#8221;,  ktor\u00e9 si za\u017eiada v\u00fdlu\u010dne t\u00e1to vl\u00e1da. A ke\u010f\u017ee vieme, koho pravidlami sa riadi Ficov kabinet, ob\u00e1vam sa, \u017ee za\u010dala \u010dierna \u00e9ra, kedy sa stane z pravdy lo\u017e a naopak.&#8221;<\/p>\n","protected":false},"excerpt":{"rendered":"<p>Demokrati upozor\u0148uj\u00fa, \u017ee do\u010dasn\u00fd riadite\u013e STVR je bez v\u00fdznamn\u00fdch kompetenci\u00ed, \u010do doslova ochrom\u00ed cel\u00fa in\u0161tit\u00faciu. Hovoria tie\u017e, \u017ee nov\u00fd prezident pri prvej pr\u00edle\u017eitosti uk\u00e1zal, koho z\u00e1ujmy bude vo svojom \u00farade zastupova\u0165. Pod\u013ea Demokratov sa Pellegrini nechal pri prvej mo\u017enej pr\u00edle\u017eitosti pritla\u010di\u0165 k m\u00faru a uk\u00e1zal, \u017ee bude presadzova\u0165 z\u00e1ujmy v\u00fdlu\u010dne koali\u010dn\u00fdch partnerov, nie verejnosti: &#8221;Pellegrini [&hellip;]<\/p>\n","protected":false},"author":13,"featured_media":3138,"comment_status":"closed","ping_status":"closed","sticky":false,"template":"","format":"standard","meta":{"_acf_changed":false,"ngg_post_thumbnail":0,"footnotes":""},"categories":[4],"tags":[],"class_list":["post-4612","post","type-post","status-publish","format-standard","has-post-thumbnail","hentry","category-tlacove-spravy"],"acf":[],"yoast_head":"<!-- This site is optimized with the Yoast SEO plugin v27.2 - https:\/\/yoast.com\/product\/yoast-seo-wordpress\/ -->\n<title>Vl\u00e1da ochromila verejnopr\u00e1vne m\u00e9dium, do\u010dasn\u00fd riadite\u013e bude len \u0161tatista<\/title>\n<meta name=\"robots\" content=\"index, follow, max-snippet:-1, max-image-preview:large, max-video-preview:-1\" \/>\n<link rel=\"canonical\" href=\"https:\/\/www.smedemokrati.sk\/sv\/vlada-ochromila-verejnopravne-medium-docasny-riaditel-bude-len-statista\/\" \/>\n<meta property=\"og:locale\" content=\"sv_SE\" \/>\n<meta property=\"og:locale:alternate\" content=\"en_US\" \/>\n<meta property=\"og:locale:alternate\" content=\"cs_CZ\" \/>\n<meta property=\"og:locale:alternate\" content=\"hu_HU\" \/>\n<meta property=\"og:locale:alternate\" content=\"sk_SK\" \/>\n<meta property=\"og:type\" content=\"article\" \/>\n<meta property=\"og:title\" content=\"Vl\u00e1da ochromila verejnopr\u00e1vne m\u00e9dium, do\u010dasn\u00fd riadite\u013e bude len \u0161tatista\" \/>\n<meta property=\"og:description\" content=\"Demokrati upozor\u0148uj\u00fa, \u017ee do\u010dasn\u00fd riadite\u013e STVR je bez v\u00fdznamn\u00fdch kompetenci\u00ed, \u010do doslova ochrom\u00ed cel\u00fa in\u0161tit\u00faciu. Hovoria tie\u017e, \u017ee nov\u00fd prezident pri prvej pr\u00edle\u017eitosti uk\u00e1zal, koho z\u00e1ujmy bude vo svojom \u00farade zastupova\u0165. Pod\u013ea Demokratov sa Pellegrini nechal pri prvej mo\u017enej pr\u00edle\u017eitosti pritla\u010di\u0165 k m\u00faru a uk\u00e1zal, \u017ee bude presadzova\u0165 z\u00e1ujmy v\u00fdlu\u010dne koali\u010dn\u00fdch partnerov, nie verejnosti: &#8221;Pellegrini [&hellip;]\" \/>\n<meta property=\"og:url\" content=\"https:\/\/www.smedemokrati.sk\/sv\/vlada-ochromila-verejnopravne-medium-docasny-riaditel-bude-len-statista\/\" \/>\n<meta property=\"og:site_name\" content=\"Smedemokrati.sk\" \/>\n<meta property=\"article:publisher\" content=\"https:\/\/www.facebook.com\/smedemokrati2023\" \/>\n<meta property=\"article:published_time\" content=\"2024-07-01T15:01:19+00:00\" \/>\n<meta property=\"article:modified_time\" content=\"2024-07-09T16:02:42+00:00\" \/>\n<meta property=\"og:image\" content=\"https:\/\/www.smedemokrati.sk\/wp-content\/uploads\/2024\/03\/rtvs-pomoc.jpg\" \/>\n\t<meta property=\"og:image:width\" content=\"666\" \/>\n\t<meta property=\"og:image:height\" content=\"444\" \/>\n\t<meta property=\"og:image:type\" content=\"image\/jpeg\" \/>\n<meta name=\"author\" content=\"miro.sopko\" \/>\n<meta name=\"twitter:card\" content=\"summary_large_image\" \/>\n<meta name=\"twitter:label1\" content=\"Skriven av\" \/>\n\t<meta name=\"twitter:data1\" content=\"miro.sopko\" \/>\n\t<meta name=\"twitter:label2\" content=\"Ber\u00e4knad l\u00e4stid\" \/>\n\t<meta name=\"twitter:data2\" content=\"2 minuter\" \/>\n<script type=\"application\/ld+json\" class=\"yoast-schema-graph\">{\"@context\":\"https:\/\/schema.org\",\"@graph\":[{\"@type\":\"Article\",\"@id\":\"https:\/\/www.smedemokrati.sk\/vlada-ochromila-verejnopravne-medium-docasny-riaditel-bude-len-statista\/#article\",\"isPartOf\":{\"@id\":\"https:\/\/www.smedemokrati.sk\/vlada-ochromila-verejnopravne-medium-docasny-riaditel-bude-len-statista\/\"},\"author\":{\"name\":\"miro.sopko\",\"@id\":\"https:\/\/www.smedemokrati.sk\/#\/schema\/person\/21f147c88d605aa7ded900e1e7c344ba\"},\"headline\":\"Vl\u00e1da ochromila verejnopr\u00e1vne m\u00e9dium, do\u010dasn\u00fd riadite\u013e bude len \u0161tatista\",\"datePublished\":\"2024-07-01T15:01:19+00:00\",\"dateModified\":\"2024-07-09T16:02:42+00:00\",\"mainEntityOfPage\":{\"@id\":\"https:\/\/www.smedemokrati.sk\/vlada-ochromila-verejnopravne-medium-docasny-riaditel-bude-len-statista\/\"},\"wordCount\":373,\"publisher\":{\"@id\":\"https:\/\/www.smedemokrati.sk\/#organization\"},\"image\":{\"@id\":\"https:\/\/www.smedemokrati.sk\/vlada-ochromila-verejnopravne-medium-docasny-riaditel-bude-len-statista\/#primaryimage\"},\"thumbnailUrl\":\"https:\/\/www.smedemokrati.sk\/wp-content\/uploads\/2024\/03\/rtvs-pomoc.jpg\",\"articleSection\":[\"Tla\u010dov\u00e9 spr\u00e1vy\"],\"inLanguage\":\"sv-SE\"},{\"@type\":\"WebPage\",\"@id\":\"https:\/\/www.smedemokrati.sk\/vlada-ochromila-verejnopravne-medium-docasny-riaditel-bude-len-statista\/\",\"url\":\"https:\/\/www.smedemokrati.sk\/vlada-ochromila-verejnopravne-medium-docasny-riaditel-bude-len-statista\/\",\"name\":\"Vl\u00e1da ochromila verejnopr\u00e1vne m\u00e9dium, do\u010dasn\u00fd riadite\u013e bude len \u0161tatista\",\"isPartOf\":{\"@id\":\"https:\/\/www.smedemokrati.sk\/#website\"},\"primaryImageOfPage\":{\"@id\":\"https:\/\/www.smedemokrati.sk\/vlada-ochromila-verejnopravne-medium-docasny-riaditel-bude-len-statista\/#primaryimage\"},\"image\":{\"@id\":\"https:\/\/www.smedemokrati.sk\/vlada-ochromila-verejnopravne-medium-docasny-riaditel-bude-len-statista\/#primaryimage\"},\"thumbnailUrl\":\"https:\/\/www.smedemokrati.sk\/wp-content\/uploads\/2024\/03\/rtvs-pomoc.jpg\",\"datePublished\":\"2024-07-01T15:01:19+00:00\",\"dateModified\":\"2024-07-09T16:02:42+00:00\",\"breadcrumb\":{\"@id\":\"https:\/\/www.smedemokrati.sk\/vlada-ochromila-verejnopravne-medium-docasny-riaditel-bude-len-statista\/#breadcrumb\"},\"inLanguage\":\"sv-SE\",\"potentialAction\":[{\"@type\":\"ReadAction\",\"target\":[\"https:\/\/www.smedemokrati.sk\/vlada-ochromila-verejnopravne-medium-docasny-riaditel-bude-len-statista\/\"]}]},{\"@type\":\"ImageObject\",\"inLanguage\":\"sv-SE\",\"@id\":\"https:\/\/www.smedemokrati.sk\/vlada-ochromila-verejnopravne-medium-docasny-riaditel-bude-len-statista\/#primaryimage\",\"url\":\"https:\/\/www.smedemokrati.sk\/wp-content\/uploads\/2024\/03\/rtvs-pomoc.jpg\",\"contentUrl\":\"https:\/\/www.smedemokrati.sk\/wp-content\/uploads\/2024\/03\/rtvs-pomoc.jpg\",\"width\":666,\"height\":444},{\"@type\":\"BreadcrumbList\",\"@id\":\"https:\/\/www.smedemokrati.sk\/vlada-ochromila-verejnopravne-medium-docasny-riaditel-bude-len-statista\/#breadcrumb\",\"itemListElement\":[{\"@type\":\"ListItem\",\"position\":1,\"name\":\"Domovsk\u00e1 str\u00e1nka\",\"item\":\"https:\/\/www.smedemokrati.sk\/\"},{\"@type\":\"ListItem\",\"position\":2,\"name\":\"Vl\u00e1da ochromila verejnopr\u00e1vne m\u00e9dium, do\u010dasn\u00fd riadite\u013e bude len \u0161tatista\"}]},{\"@type\":\"WebSite\",\"@id\":\"https:\/\/www.smedemokrati.sk\/#website\",\"url\":\"https:\/\/www.smedemokrati.sk\/\",\"name\":\"Smedemokrati.sk\",\"description\":\"Demokracia a slu\u0161nos\u0165 zv\u00ed\u0165az\u00ed\",\"publisher\":{\"@id\":\"https:\/\/www.smedemokrati.sk\/#organization\"},\"potentialAction\":[{\"@type\":\"SearchAction\",\"target\":{\"@type\":\"EntryPoint\",\"urlTemplate\":\"https:\/\/www.smedemokrati.sk\/?s={search_term_string}\"},\"query-input\":{\"@type\":\"PropertyValueSpecification\",\"valueRequired\":true,\"valueName\":\"search_term_string\"}}],\"inLanguage\":\"sv-SE\"},{\"@type\":\"Organization\",\"@id\":\"https:\/\/www.smedemokrati.sk\/#organization\",\"name\":\"Smedemokrati.sk\",\"url\":\"https:\/\/www.smedemokrati.sk\/\",\"logo\":{\"@type\":\"ImageObject\",\"inLanguage\":\"sv-SE\",\"@id\":\"https:\/\/www.smedemokrati.sk\/#\/schema\/logo\/image\/\",\"url\":\"https:\/\/www.smedemokrati.sk\/wp-content\/uploads\/2023\/04\/ff.002.jpeg\",\"contentUrl\":\"https:\/\/www.smedemokrati.sk\/wp-content\/uploads\/2023\/04\/ff.002.jpeg\",\"width\":640,\"height\":480,\"caption\":\"Smedemokrati.sk\"},\"image\":{\"@id\":\"https:\/\/www.smedemokrati.sk\/#\/schema\/logo\/image\/\"},\"sameAs\":[\"https:\/\/www.facebook.com\/smedemokrati2023\"]},{\"@type\":\"Person\",\"@id\":\"https:\/\/www.smedemokrati.sk\/#\/schema\/person\/21f147c88d605aa7ded900e1e7c344ba\",\"name\":\"miro.sopko\",\"image\":{\"@type\":\"ImageObject\",\"inLanguage\":\"sv-SE\",\"@id\":\"https:\/\/secure.gravatar.com\/avatar\/267e4a36f704376c109afe3a78740c1f5dd8675a2180a908699e7863c9247606?s=96&d=mm&r=g\",\"url\":\"https:\/\/secure.gravatar.com\/avatar\/267e4a36f704376c109afe3a78740c1f5dd8675a2180a908699e7863c9247606?s=96&d=mm&r=g\",\"contentUrl\":\"https:\/\/secure.gravatar.com\/avatar\/267e4a36f704376c109afe3a78740c1f5dd8675a2180a908699e7863c9247606?s=96&d=mm&r=g\",\"caption\":\"miro.sopko\"},\"url\":\"https:\/\/www.smedemokrati.sk\/sv\/author\/miro-sopko\/\"}]}<\/script>\n<!-- \/ Yoast SEO plugin. -->","yoast_head_json":{"title":"Vl\u00e1da ochromila verejnopr\u00e1vne m\u00e9dium, do\u010dasn\u00fd riadite\u013e bude len \u0161tatista","robots":{"index":"index","follow":"follow","max-snippet":"max-snippet:-1","max-image-preview":"max-image-preview:large","max-video-preview":"max-video-preview:-1"},"canonical":"https:\/\/www.smedemokrati.sk\/sv\/vlada-ochromila-verejnopravne-medium-docasny-riaditel-bude-len-statista\/","og_locale":"sv_SE","og_type":"article","og_title":"[:sk]Vl\u00e1da ochromila verejnopr\u00e1vne m\u00e9dium, do\u010dasn\u00fd riadite\u013e bude len \u0161tatista[:] - Smedemokrati.sk","og_description":"Demokrati upozor\u0148uj\u00fa, \u017ee do\u010dasn\u00fd riadite\u013e STVR je bez v\u00fdznamn\u00fdch kompetenci\u00ed, \u010do doslova ochrom\u00ed cel\u00fa in\u0161tit\u00faciu. Hovoria tie\u017e, \u017ee nov\u00fd prezident pri prvej pr\u00edle\u017eitosti uk\u00e1zal, koho z\u00e1ujmy bude vo svojom \u00farade zastupova\u0165. Pod\u013ea Demokratov sa Pellegrini nechal pri prvej mo\u017enej pr\u00edle\u017eitosti pritla\u010di\u0165 k m\u00faru a uk\u00e1zal, \u017ee bude presadzova\u0165 z\u00e1ujmy v\u00fdlu\u010dne koali\u010dn\u00fdch partnerov, nie verejnosti: &#8221;Pellegrini [&hellip;]","og_url":"https:\/\/www.smedemokrati.sk\/sv\/vlada-ochromila-verejnopravne-medium-docasny-riaditel-bude-len-statista\/","og_site_name":"Smedemokrati.sk","article_publisher":"https:\/\/www.facebook.com\/smedemokrati2023","article_published_time":"2024-07-01T15:01:19+00:00","article_modified_time":"2024-07-09T16:02:42+00:00","og_image":[{"width":666,"height":444,"url":"https:\/\/www.smedemokrati.sk\/wp-content\/uploads\/2024\/03\/rtvs-pomoc.jpg","type":"image\/jpeg"}],"author":"miro.sopko","twitter_card":"summary_large_image","twitter_misc":{"Skriven av":"miro.sopko","Ber\u00e4knad l\u00e4stid":"2 minuter"},"schema":{"@context":"https:\/\/schema.org","@graph":[{"@type":"Article","@id":"https:\/\/www.smedemokrati.sk\/vlada-ochromila-verejnopravne-medium-docasny-riaditel-bude-len-statista\/#article","isPartOf":{"@id":"https:\/\/www.smedemokrati.sk\/vlada-ochromila-verejnopravne-medium-docasny-riaditel-bude-len-statista\/"},"author":{"name":"miro.sopko","@id":"https:\/\/www.smedemokrati.sk\/#\/schema\/person\/21f147c88d605aa7ded900e1e7c344ba"},"headline":"Vl\u00e1da ochromila verejnopr\u00e1vne m\u00e9dium, do\u010dasn\u00fd riadite\u013e bude len \u0161tatista","datePublished":"2024-07-01T15:01:19+00:00","dateModified":"2024-07-09T16:02:42+00:00","mainEntityOfPage":{"@id":"https:\/\/www.smedemokrati.sk\/vlada-ochromila-verejnopravne-medium-docasny-riaditel-bude-len-statista\/"},"wordCount":373,"publisher":{"@id":"https:\/\/www.smedemokrati.sk\/#organization"},"image":{"@id":"https:\/\/www.smedemokrati.sk\/vlada-ochromila-verejnopravne-medium-docasny-riaditel-bude-len-statista\/#primaryimage"},"thumbnailUrl":"https:\/\/www.smedemokrati.sk\/wp-content\/uploads\/2024\/03\/rtvs-pomoc.jpg","articleSection":["Tla\u010dov\u00e9 spr\u00e1vy"],"inLanguage":"sv-SE"},{"@type":"WebPage","@id":"https:\/\/www.smedemokrati.sk\/vlada-ochromila-verejnopravne-medium-docasny-riaditel-bude-len-statista\/","url":"https:\/\/www.smedemokrati.sk\/vlada-ochromila-verejnopravne-medium-docasny-riaditel-bude-len-statista\/","name":"Vl\u00e1da ochromila verejnopr\u00e1vne m\u00e9dium, do\u010dasn\u00fd riadite\u013e bude len \u0161tatista","isPartOf":{"@id":"https:\/\/www.smedemokrati.sk\/#website"},"primaryImageOfPage":{"@id":"https:\/\/www.smedemokrati.sk\/vlada-ochromila-verejnopravne-medium-docasny-riaditel-bude-len-statista\/#primaryimage"},"image":{"@id":"https:\/\/www.smedemokrati.sk\/vlada-ochromila-verejnopravne-medium-docasny-riaditel-bude-len-statista\/#primaryimage"},"thumbnailUrl":"https:\/\/www.smedemokrati.sk\/wp-content\/uploads\/2024\/03\/rtvs-pomoc.jpg","datePublished":"2024-07-01T15:01:19+00:00","dateModified":"2024-07-09T16:02:42+00:00","breadcrumb":{"@id":"https:\/\/www.smedemokrati.sk\/vlada-ochromila-verejnopravne-medium-docasny-riaditel-bude-len-statista\/#breadcrumb"},"inLanguage":"sv-SE","potentialAction":[{"@type":"ReadAction","target":["https:\/\/www.smedemokrati.sk\/vlada-ochromila-verejnopravne-medium-docasny-riaditel-bude-len-statista\/"]}]},{"@type":"ImageObject","inLanguage":"sv-SE","@id":"https:\/\/www.smedemokrati.sk\/vlada-ochromila-verejnopravne-medium-docasny-riaditel-bude-len-statista\/#primaryimage","url":"https:\/\/www.smedemokrati.sk\/wp-content\/uploads\/2024\/03\/rtvs-pomoc.jpg","contentUrl":"https:\/\/www.smedemokrati.sk\/wp-content\/uploads\/2024\/03\/rtvs-pomoc.jpg","width":666,"height":444},{"@type":"BreadcrumbList","@id":"https:\/\/www.smedemokrati.sk\/vlada-ochromila-verejnopravne-medium-docasny-riaditel-bude-len-statista\/#breadcrumb","itemListElement":[{"@type":"ListItem","position":1,"name":"Domovsk\u00e1 str\u00e1nka","item":"https:\/\/www.smedemokrati.sk\/"},{"@type":"ListItem","position":2,"name":"Vl\u00e1da ochromila verejnopr\u00e1vne m\u00e9dium, do\u010dasn\u00fd riadite\u013e bude len \u0161tatista"}]},{"@type":"WebSite","@id":"https:\/\/www.smedemokrati.sk\/#website","url":"https:\/\/www.smedemokrati.sk\/","name":"Smedemokrati.sk","description":"Demokracia a slu\u0161nos\u0165 zv\u00ed\u0165az\u00ed","publisher":{"@id":"https:\/\/www.smedemokrati.sk\/#organization"},"potentialAction":[{"@type":"SearchAction","target":{"@type":"EntryPoint","urlTemplate":"https:\/\/www.smedemokrati.sk\/?s={search_term_string}"},"query-input":{"@type":"PropertyValueSpecification","valueRequired":true,"valueName":"search_term_string"}}],"inLanguage":"sv-SE"},{"@type":"Organization","@id":"https:\/\/www.smedemokrati.sk\/#organization","name":"Smedemokrati.sk","url":"https:\/\/www.smedemokrati.sk\/","logo":{"@type":"ImageObject","inLanguage":"sv-SE","@id":"https:\/\/www.smedemokrati.sk\/#\/schema\/logo\/image\/","url":"https:\/\/www.smedemokrati.sk\/wp-content\/uploads\/2023\/04\/ff.002.jpeg","contentUrl":"https:\/\/www.smedemokrati.sk\/wp-content\/uploads\/2023\/04\/ff.002.jpeg","width":640,"height":480,"caption":"Smedemokrati.sk"},"image":{"@id":"https:\/\/www.smedemokrati.sk\/#\/schema\/logo\/image\/"},"sameAs":["https:\/\/www.facebook.com\/smedemokrati2023"]},{"@type":"Person","@id":"https:\/\/www.smedemokrati.sk\/#\/schema\/person\/21f147c88d605aa7ded900e1e7c344ba","name":"miro.sopko","image":{"@type":"ImageObject","inLanguage":"sv-SE","@id":"https:\/\/secure.gravatar.com\/avatar\/267e4a36f704376c109afe3a78740c1f5dd8675a2180a908699e7863c9247606?s=96&d=mm&r=g","url":"https:\/\/secure.gravatar.com\/avatar\/267e4a36f704376c109afe3a78740c1f5dd8675a2180a908699e7863c9247606?s=96&d=mm&r=g","contentUrl":"https:\/\/secure.gravatar.com\/avatar\/267e4a36f704376c109afe3a78740c1f5dd8675a2180a908699e7863c9247606?s=96&d=mm&r=g","caption":"miro.sopko"},"url":"https:\/\/www.smedemokrati.sk\/sv\/author\/miro-sopko\/"}]}},"_links":{"self":[{"href":"https:\/\/www.smedemokrati.sk\/sv\/wp-json\/wp\/v2\/posts\/4612","targetHints":{"allow":["GET"]}}],"collection":[{"href":"https:\/\/www.smedemokrati.sk\/sv\/wp-json\/wp\/v2\/posts"}],"about":[{"href":"https:\/\/www.smedemokrati.sk\/sv\/wp-json\/wp\/v2\/types\/post"}],"author":[{"embeddable":true,"href":"https:\/\/www.smedemokrati.sk\/sv\/wp-json\/wp\/v2\/users\/13"}],"replies":[{"embeddable":true,"href":"https:\/\/www.smedemokrati.sk\/sv\/wp-json\/wp\/v2\/comments?post=4612"}],"version-history":[{"count":1,"href":"https:\/\/www.smedemokrati.sk\/sv\/wp-json\/wp\/v2\/posts\/4612\/revisions"}],"predecessor-version":[{"id":4613,"href":"https:\/\/www.smedemokrati.sk\/sv\/wp-json\/wp\/v2\/posts\/4612\/revisions\/4613"}],"wp:featuredmedia":[{"embeddable":true,"href":"https:\/\/www.smedemokrati.sk\/sv\/wp-json\/wp\/v2\/media\/3138"}],"wp:attachment":[{"href":"https:\/\/www.smedemokrati.sk\/sv\/wp-json\/wp\/v2\/media?parent=4612"}],"wp:term":[{"taxonomy":"category","embeddable":true,"href":"https:\/\/www.smedemokrati.sk\/sv\/wp-json\/wp\/v2\/categories?post=4612"},{"taxonomy":"post_tag","embeddable":true,"href":"https:\/\/www.smedemokrati.sk\/sv\/wp-json\/wp\/v2\/tags?post=4612"}],"curies":[{"name":"wp","href":"https:\/\/api.w.org\/{rel}","templated":true}]}}