{"id":4608,"date":"2024-07-01T14:07:33","date_gmt":"2024-07-01T13:07:33","guid":{"rendered":"https:\/\/www.smedemokrati.sk\/?p=4608"},"modified":"2024-07-09T17:02:48","modified_gmt":"2024-07-09T16:02:48","slug":"na-muranskej-planine-sa-chysta-velky-biznis-s-drevom","status":"publish","type":"post","link":"https:\/\/www.smedemokrati.sk\/sv\/na-muranskej-planine-sa-chysta-velky-biznis-s-drevom\/","title":{"rendered":"Na Mur\u00e1nskej planine sa chyst\u00e1 ve\u013ek\u00fd biznis s drevom"},"content":{"rendered":"<div id=\"fb-root\"><\/div>\n\n<p><strong>Strana Demokrati z\u00edskala na z\u00e1klade info\u017eiadosti inform\u00e1ciu o z\u00e1mere Spr\u00e1vy N\u00e1rodn\u00e9ho parku Mur\u00e1nska planina zada\u0165 z\u00e1kazku na spracovanie lyko\u017er\u00fatovej kalamity bez riadnej s\u00fa\u0165a\u017ee, len priamym rokovac\u00edm konan\u00edm. Hodnota z\u00e1kazky m\u00f4\u017ee dosiahnu\u0165 a\u017e 15 mil. eur. Ak by i\u0161la mimo verejn\u00e9ho obstar\u00e1vania, z\u00e1kazka by sa mohla predra\u017ei\u0165 a smerova\u0165 k spriaznen\u00fdm dod\u00e1vate\u013eom. Cena takto vy\u0165a\u017een\u00e9ho dreva m\u00f4\u017ee dosiahnu\u0165 a\u017e 30 mil. eur. Vo veci sa obraciame s podnetom na \u00darad pre verejn\u00e9 obstar\u00e1vanie.<\/strong><\/p>\n\n\n\n<p>Pr\u00edroda Mur\u00e1nskej planiny a verejn\u00e9 financie s\u00fa v ohrozen\u00ed. Doteraz sa mas\u00edvna \u0165a\u017eba pri spracovan\u00ed lyko\u017er\u00fatovej kalamity spom\u00ednala len vo vz\u0165ahu k LESOM SR, \u0161. p., a to mimo chr\u00e1nen\u00fdch \u00fazem\u00ed. Najnov\u0161ie sa v\u0161ak ukazuje, \u017ee k \u0165a\u017ebe m\u00e1 d\u00f4js\u0165 aj v N\u00e1rodnom parku Mur\u00e1nska planina, a to v A z\u00f3ne, teda v bez z\u00e1sahov\u00fdch \u00fazemiach a\u00a0 pr\u00edrodn\u00fdch rezerv\u00e1ci\u00e1ch:<em>\u00a0<strong>\u201e<\/strong>Nateraz je nahl\u00e1sen\u00fdch na spracovanie 120 000 kub\u00edkov dreva, ale pod\u013ea na\u0161ich odborn\u00fdch odhadov m\u00f4\u017ee\u00a0 \u00eds\u0165 o 300 \u010di dokonca 500 tis\u00edc kub\u00edkov. Je to obrovsk\u00e1 masa dreva, ktor\u00e1 by sa \u0165a\u017eila na relat\u00edvne malom \u00fazem\u00ed. Pr\u00edrode Mur\u00e1nskej planiny by sp\u00f4sobila nezvratn\u00e9 \u0161kody, boli by sme svedkami holorubov a vykosen\u00fdch p\u00e1sov v na\u0161ich najcennej\u0161\u00edch \u00fazemiach a n\u00e1sledne ohrozeniu regi\u00f3nu suchom a povod\u0148ami. \u0164a\u017eba by odpudila aj turistick\u00fd ruch.&#8221;<\/em>\u00a0Otv\u00e1ra t\u00e9mu environment\u00e1lny expert strany Demokrati Michal Ki\u010da.<\/p>\n\n\n\n<p>Spr\u00e1va N\u00e1rodn\u00e9ho parku Mur\u00e1nska planina naviac preverovala na \u00darade pre verejn\u00e9 obstar\u00e1vanie zadanie z\u00e1kazky na \u0165a\u017ebu bez riadnej s\u00fa\u0165a\u017ee. Hodnota z\u00e1kazky na \u0165a\u017eobn\u00e9 pr\u00e1ce m\u00f4\u017ee by\u0165 od 3,6 a\u017e do 15 mil. eur.:\u00a0<em><strong>\u201e<\/strong>Ob\u00eddenie riadnej s\u00fa\u0165a\u017ee m\u00f4\u017ee vies\u0165 k nehospod\u00e1rnemu nakladaniu s drevom a prihraniu tejto z\u00e1kazky spriaznen\u00fdm subjektom. Zisk z dreva a za pr\u00e1ce skon\u010d\u00ed u skupinky vyvolen\u00fdch a \u013eu\u010fom v regi\u00f3noch zostane len zni\u010den\u00e1 pr\u00edroda.&#8221;\u00a0<\/em>Hovor\u00ed Ki\u010da a dod\u00e1va, \u017ee teraz u\u017e je zrejm\u00e9, \u010do Taraba myslel pod finan\u010dnou sebesta\u010dnos\u0165ou n\u00e1rodn\u00fdch parkov. Odstrihol ich toti\u017e od verejn\u00fdch prostriedkov s \u00famyslom vyvola\u0165 ich z\u00e1vislos\u0165 na \u0165a\u017ebe dreva.<\/p>\n\n\n\n<p>Pripom\u00edname, \u017ee od n\u00e1stupu Tom\u00e1\u0161a Tarabu m\u00e1 n\u00e1rodn\u00fd park u\u017e \u0161tvrt\u00e9ho riadite\u013ea. Riadite\u013e Sedl\u00e1k napr\u00edklad uzavrel v rozpore s intern\u00fdmi smernicami zmluvu na predaj dreva s pre\u0161ovsk\u00fdm subjektom v hodnote viac a\u017e 3 mil. eur. Po na\u0161ich upozorneniach zmluva zru\u0161ili. Ob\u00e1vame sa, \u017ee pokusy o netransparentn\u00fd predaj dreva sa bud\u00fa opakova\u0165. Za vysokou fluktu\u00e1ciou riadite\u013eov m\u00f4\u017ee by\u0165 aj ich neochota podie\u013ea\u0165 sa na o\u010dividne sporn\u00fdch z\u00e1kazk\u00e1ch.<\/p>\n\n\n\n<p><em><strong>\u201e<\/strong>Verejnos\u0165 u\u017e m\u00e1 sk\u00fasenos\u0165, ke\u010f sa o na\u0161u pr\u00edrodu staraj\u00fa Dankovci. Najlep\u0161ie o tom vedia rozpr\u00e1va\u0165 Rev\u00fa\u010dania, ktor\u00fdm ostali o\u010di pre pla\u010d, ke\u010f videli, ak\u00fa sp\u00fa\u0161\u0165 urobili s miestnym Lesostavom. Chcem aj takto verejne po\u010fakova\u0165 Michalovi Ki\u010dovi, ako ne\u00fanavne informuje o v\u0161etk\u00fdch t\u00fdchto hr\u00f4zach, ktor\u00e9 sa dej\u00fa na ministerstve \u017eivotn\u00e9ho prostredia, respekt\u00edve, za rodinn\u00fdm stolom klanu Kuffovcov. V tvrdej pr\u00e1ci budeme na\u010falej pokra\u010dova\u0165.&#8221;\u00a0<\/em>Povedal podpredseda strany Demokrati Juraj \u0160eliga.\u00a0<\/p>\n\n\n\n<p><em><strong>\u201e<\/strong>Chcem zd\u00f4razni\u0165, \u017ee na\u0161e obavy o Mur\u00e1nsku planinu stup\u0148uje aj fakt, \u017ee brat Rudolfa Huliaka je konate\u013eom jedn\u00e9ho z najv\u00e4\u010d\u0161\u00edch spracovate\u013eov dreva na Slovensku, ktor\u00fd zrazu verejne hovor\u00ed pri \u0165a\u017ebe na Horehron\u00ed o astronomick\u00fdch 8 mili\u00f3noch kub\u00edkov dreva.&#8221;<\/em>\u00a0Uzatv\u00e1ra Michal Ki\u010da.<\/p>\n\n\n\n<p>Pre ob\u00eddenie riadnych s\u00fa\u0165a\u017e\u00ed zo strany LESOV SR, \u0161. p. a Spr\u00e1vy N\u00e1rodn\u00e9ho parku Mur\u00e1nska planina sa obr\u00e1time s podnetom na \u00darad pre verejn\u00e9 obstar\u00e1vanie, ke\u010f\u017ee nevid\u00edme d\u00f4vody, aby sa ne\u0161lo riadnou s\u00fa\u0165a\u017eou.<\/p>\n\n\n\n<p><\/p>\n\n\n\n<figure class=\"wp-block-embed is-type-video is-provider-youtube wp-block-embed-youtube wp-embed-aspect-16-9 wp-has-aspect-ratio\"><div class=\"wp-block-embed__wrapper\">\n<iframe title=\"Live: Mas\u00edvne rep\u00fa\u0161\u0165anie vo vodohospod\u00e1rskom podniku a drancovanie Mur\u00e1nskej planiny\" width=\"500\" height=\"281\" src=\"https:\/\/www.youtube.com\/embed\/UO1AkqgT-UQ?feature=oembed\" frameborder=\"0\" allow=\"accelerometer; autoplay; clipboard-write; encrypted-media; gyroscope; picture-in-picture; web-share\" referrerpolicy=\"strict-origin-when-cross-origin\" allowfullscreen><\/iframe>\n<\/div><\/figure>\n","protected":false},"excerpt":{"rendered":"<p>Strana Demokrati z\u00edskala na z\u00e1klade info\u017eiadosti inform\u00e1ciu o z\u00e1mere Spr\u00e1vy N\u00e1rodn\u00e9ho parku Mur\u00e1nska planina zada\u0165 z\u00e1kazku na spracovanie lyko\u017er\u00fatovej kalamity bez riadnej s\u00fa\u0165a\u017ee, len priamym rokovac\u00edm konan\u00edm. Hodnota z\u00e1kazky m\u00f4\u017ee dosiahnu\u0165 a\u017e 15 mil. eur. Ak by i\u0161la mimo verejn\u00e9ho obstar\u00e1vania, z\u00e1kazka by sa mohla predra\u017ei\u0165 a smerova\u0165 k spriaznen\u00fdm dod\u00e1vate\u013eom. Cena takto vy\u0165a\u017een\u00e9ho dreva [&hellip;]<\/p>\n","protected":false},"author":13,"featured_media":2526,"comment_status":"closed","ping_status":"closed","sticky":false,"template":"","format":"standard","meta":{"_acf_changed":false,"ngg_post_thumbnail":0,"footnotes":""},"categories":[4],"tags":[],"class_list":["post-4608","post","type-post","status-publish","format-standard","has-post-thumbnail","hentry","category-tlacove-spravy"],"acf":[],"yoast_head":"<!-- This site is optimized with the Yoast SEO plugin v27.2 - https:\/\/yoast.com\/product\/yoast-seo-wordpress\/ -->\n<title>Na Mur\u00e1nskej planine sa chyst\u00e1 ve\u013ek\u00fd biznis s drevom<\/title>\n<meta name=\"robots\" content=\"index, follow, max-snippet:-1, max-image-preview:large, max-video-preview:-1\" \/>\n<link rel=\"canonical\" href=\"https:\/\/www.smedemokrati.sk\/sv\/na-muranskej-planine-sa-chysta-velky-biznis-s-drevom\/\" \/>\n<meta property=\"og:locale\" content=\"sv_SE\" \/>\n<meta property=\"og:locale:alternate\" content=\"en_US\" \/>\n<meta property=\"og:locale:alternate\" content=\"cs_CZ\" \/>\n<meta property=\"og:locale:alternate\" content=\"hu_HU\" \/>\n<meta property=\"og:locale:alternate\" content=\"sk_SK\" \/>\n<meta property=\"og:type\" content=\"article\" \/>\n<meta property=\"og:title\" content=\"Na Mur\u00e1nskej planine sa chyst\u00e1 ve\u013ek\u00fd biznis s drevom\" \/>\n<meta property=\"og:description\" content=\"Strana Demokrati z\u00edskala na z\u00e1klade info\u017eiadosti inform\u00e1ciu o z\u00e1mere Spr\u00e1vy N\u00e1rodn\u00e9ho parku Mur\u00e1nska planina zada\u0165 z\u00e1kazku na spracovanie lyko\u017er\u00fatovej kalamity bez riadnej s\u00fa\u0165a\u017ee, len priamym rokovac\u00edm konan\u00edm. Hodnota z\u00e1kazky m\u00f4\u017ee dosiahnu\u0165 a\u017e 15 mil. eur. Ak by i\u0161la mimo verejn\u00e9ho obstar\u00e1vania, z\u00e1kazka by sa mohla predra\u017ei\u0165 a smerova\u0165 k spriaznen\u00fdm dod\u00e1vate\u013eom. Cena takto vy\u0165a\u017een\u00e9ho dreva [&hellip;]\" \/>\n<meta property=\"og:url\" content=\"https:\/\/www.smedemokrati.sk\/sv\/na-muranskej-planine-sa-chysta-velky-biznis-s-drevom\/\" \/>\n<meta property=\"og:site_name\" content=\"Smedemokrati.sk\" \/>\n<meta property=\"article:publisher\" content=\"https:\/\/www.facebook.com\/smedemokrati2023\" \/>\n<meta property=\"article:published_time\" content=\"2024-07-01T13:07:33+00:00\" \/>\n<meta property=\"article:modified_time\" content=\"2024-07-09T16:02:48+00:00\" \/>\n<meta property=\"og:image\" content=\"https:\/\/www.smedemokrati.sk\/wp-content\/uploads\/2024\/01\/kica-1.jpg\" \/>\n\t<meta property=\"og:image:width\" content=\"1897\" \/>\n\t<meta property=\"og:image:height\" content=\"1057\" \/>\n\t<meta property=\"og:image:type\" content=\"image\/jpeg\" \/>\n<meta name=\"author\" content=\"miro.sopko\" \/>\n<meta name=\"twitter:card\" content=\"summary_large_image\" \/>\n<meta name=\"twitter:label1\" content=\"Skriven av\" \/>\n\t<meta name=\"twitter:data1\" content=\"miro.sopko\" \/>\n\t<meta name=\"twitter:label2\" content=\"Ber\u00e4knad l\u00e4stid\" \/>\n\t<meta name=\"twitter:data2\" content=\"3 minuter\" \/>\n<script type=\"application\/ld+json\" class=\"yoast-schema-graph\">{\"@context\":\"https:\/\/schema.org\",\"@graph\":[{\"@type\":\"Article\",\"@id\":\"https:\/\/www.smedemokrati.sk\/na-muranskej-planine-sa-chysta-velky-biznis-s-drevom\/#article\",\"isPartOf\":{\"@id\":\"https:\/\/www.smedemokrati.sk\/na-muranskej-planine-sa-chysta-velky-biznis-s-drevom\/\"},\"author\":{\"name\":\"miro.sopko\",\"@id\":\"https:\/\/www.smedemokrati.sk\/#\/schema\/person\/21f147c88d605aa7ded900e1e7c344ba\"},\"headline\":\"Na Mur\u00e1nskej planine sa chyst\u00e1 ve\u013ek\u00fd biznis s drevom\",\"datePublished\":\"2024-07-01T13:07:33+00:00\",\"dateModified\":\"2024-07-09T16:02:48+00:00\",\"mainEntityOfPage\":{\"@id\":\"https:\/\/www.smedemokrati.sk\/na-muranskej-planine-sa-chysta-velky-biznis-s-drevom\/\"},\"wordCount\":711,\"publisher\":{\"@id\":\"https:\/\/www.smedemokrati.sk\/#organization\"},\"image\":{\"@id\":\"https:\/\/www.smedemokrati.sk\/na-muranskej-planine-sa-chysta-velky-biznis-s-drevom\/#primaryimage\"},\"thumbnailUrl\":\"https:\/\/www.smedemokrati.sk\/wp-content\/uploads\/2024\/01\/kica-1.jpg\",\"articleSection\":[\"Tla\u010dov\u00e9 spr\u00e1vy\"],\"inLanguage\":\"sv-SE\"},{\"@type\":\"WebPage\",\"@id\":\"https:\/\/www.smedemokrati.sk\/na-muranskej-planine-sa-chysta-velky-biznis-s-drevom\/\",\"url\":\"https:\/\/www.smedemokrati.sk\/na-muranskej-planine-sa-chysta-velky-biznis-s-drevom\/\",\"name\":\"Na Mur\u00e1nskej planine sa chyst\u00e1 ve\u013ek\u00fd biznis s drevom\",\"isPartOf\":{\"@id\":\"https:\/\/www.smedemokrati.sk\/#website\"},\"primaryImageOfPage\":{\"@id\":\"https:\/\/www.smedemokrati.sk\/na-muranskej-planine-sa-chysta-velky-biznis-s-drevom\/#primaryimage\"},\"image\":{\"@id\":\"https:\/\/www.smedemokrati.sk\/na-muranskej-planine-sa-chysta-velky-biznis-s-drevom\/#primaryimage\"},\"thumbnailUrl\":\"https:\/\/www.smedemokrati.sk\/wp-content\/uploads\/2024\/01\/kica-1.jpg\",\"datePublished\":\"2024-07-01T13:07:33+00:00\",\"dateModified\":\"2024-07-09T16:02:48+00:00\",\"breadcrumb\":{\"@id\":\"https:\/\/www.smedemokrati.sk\/na-muranskej-planine-sa-chysta-velky-biznis-s-drevom\/#breadcrumb\"},\"inLanguage\":\"sv-SE\",\"potentialAction\":[{\"@type\":\"ReadAction\",\"target\":[\"https:\/\/www.smedemokrati.sk\/na-muranskej-planine-sa-chysta-velky-biznis-s-drevom\/\"]}]},{\"@type\":\"ImageObject\",\"inLanguage\":\"sv-SE\",\"@id\":\"https:\/\/www.smedemokrati.sk\/na-muranskej-planine-sa-chysta-velky-biznis-s-drevom\/#primaryimage\",\"url\":\"https:\/\/www.smedemokrati.sk\/wp-content\/uploads\/2024\/01\/kica-1.jpg\",\"contentUrl\":\"https:\/\/www.smedemokrati.sk\/wp-content\/uploads\/2024\/01\/kica-1.jpg\",\"width\":1897,\"height\":1057},{\"@type\":\"BreadcrumbList\",\"@id\":\"https:\/\/www.smedemokrati.sk\/na-muranskej-planine-sa-chysta-velky-biznis-s-drevom\/#breadcrumb\",\"itemListElement\":[{\"@type\":\"ListItem\",\"position\":1,\"name\":\"Domovsk\u00e1 str\u00e1nka\",\"item\":\"https:\/\/www.smedemokrati.sk\/\"},{\"@type\":\"ListItem\",\"position\":2,\"name\":\"Na Mur\u00e1nskej planine sa chyst\u00e1 ve\u013ek\u00fd biznis s drevom\"}]},{\"@type\":\"WebSite\",\"@id\":\"https:\/\/www.smedemokrati.sk\/#website\",\"url\":\"https:\/\/www.smedemokrati.sk\/\",\"name\":\"Smedemokrati.sk\",\"description\":\"Demokracia a slu\u0161nos\u0165 zv\u00ed\u0165az\u00ed\",\"publisher\":{\"@id\":\"https:\/\/www.smedemokrati.sk\/#organization\"},\"potentialAction\":[{\"@type\":\"SearchAction\",\"target\":{\"@type\":\"EntryPoint\",\"urlTemplate\":\"https:\/\/www.smedemokrati.sk\/?s={search_term_string}\"},\"query-input\":{\"@type\":\"PropertyValueSpecification\",\"valueRequired\":true,\"valueName\":\"search_term_string\"}}],\"inLanguage\":\"sv-SE\"},{\"@type\":\"Organization\",\"@id\":\"https:\/\/www.smedemokrati.sk\/#organization\",\"name\":\"Smedemokrati.sk\",\"url\":\"https:\/\/www.smedemokrati.sk\/\",\"logo\":{\"@type\":\"ImageObject\",\"inLanguage\":\"sv-SE\",\"@id\":\"https:\/\/www.smedemokrati.sk\/#\/schema\/logo\/image\/\",\"url\":\"https:\/\/www.smedemokrati.sk\/wp-content\/uploads\/2023\/04\/ff.002.jpeg\",\"contentUrl\":\"https:\/\/www.smedemokrati.sk\/wp-content\/uploads\/2023\/04\/ff.002.jpeg\",\"width\":640,\"height\":480,\"caption\":\"Smedemokrati.sk\"},\"image\":{\"@id\":\"https:\/\/www.smedemokrati.sk\/#\/schema\/logo\/image\/\"},\"sameAs\":[\"https:\/\/www.facebook.com\/smedemokrati2023\"]},{\"@type\":\"Person\",\"@id\":\"https:\/\/www.smedemokrati.sk\/#\/schema\/person\/21f147c88d605aa7ded900e1e7c344ba\",\"name\":\"miro.sopko\",\"image\":{\"@type\":\"ImageObject\",\"inLanguage\":\"sv-SE\",\"@id\":\"https:\/\/secure.gravatar.com\/avatar\/267e4a36f704376c109afe3a78740c1f5dd8675a2180a908699e7863c9247606?s=96&d=mm&r=g\",\"url\":\"https:\/\/secure.gravatar.com\/avatar\/267e4a36f704376c109afe3a78740c1f5dd8675a2180a908699e7863c9247606?s=96&d=mm&r=g\",\"contentUrl\":\"https:\/\/secure.gravatar.com\/avatar\/267e4a36f704376c109afe3a78740c1f5dd8675a2180a908699e7863c9247606?s=96&d=mm&r=g\",\"caption\":\"miro.sopko\"},\"url\":\"https:\/\/www.smedemokrati.sk\/sv\/author\/miro-sopko\/\"}]}<\/script>\n<!-- \/ Yoast SEO plugin. -->","yoast_head_json":{"title":"Na Mur\u00e1nskej planine sa chyst\u00e1 ve\u013ek\u00fd biznis s drevom","robots":{"index":"index","follow":"follow","max-snippet":"max-snippet:-1","max-image-preview":"max-image-preview:large","max-video-preview":"max-video-preview:-1"},"canonical":"https:\/\/www.smedemokrati.sk\/sv\/na-muranskej-planine-sa-chysta-velky-biznis-s-drevom\/","og_locale":"sv_SE","og_type":"article","og_title":"[:sk]Na Mur\u00e1nskej planine sa chyst\u00e1 ve\u013ek\u00fd biznis s drevom[:] - Smedemokrati.sk","og_description":"Strana Demokrati z\u00edskala na z\u00e1klade info\u017eiadosti inform\u00e1ciu o z\u00e1mere Spr\u00e1vy N\u00e1rodn\u00e9ho parku Mur\u00e1nska planina zada\u0165 z\u00e1kazku na spracovanie lyko\u017er\u00fatovej kalamity bez riadnej s\u00fa\u0165a\u017ee, len priamym rokovac\u00edm konan\u00edm. Hodnota z\u00e1kazky m\u00f4\u017ee dosiahnu\u0165 a\u017e 15 mil. eur. Ak by i\u0161la mimo verejn\u00e9ho obstar\u00e1vania, z\u00e1kazka by sa mohla predra\u017ei\u0165 a smerova\u0165 k spriaznen\u00fdm dod\u00e1vate\u013eom. Cena takto vy\u0165a\u017een\u00e9ho dreva [&hellip;]","og_url":"https:\/\/www.smedemokrati.sk\/sv\/na-muranskej-planine-sa-chysta-velky-biznis-s-drevom\/","og_site_name":"Smedemokrati.sk","article_publisher":"https:\/\/www.facebook.com\/smedemokrati2023","article_published_time":"2024-07-01T13:07:33+00:00","article_modified_time":"2024-07-09T16:02:48+00:00","og_image":[{"width":1897,"height":1057,"url":"https:\/\/www.smedemokrati.sk\/wp-content\/uploads\/2024\/01\/kica-1.jpg","type":"image\/jpeg"}],"author":"miro.sopko","twitter_card":"summary_large_image","twitter_misc":{"Skriven av":"miro.sopko","Ber\u00e4knad l\u00e4stid":"3 minuter"},"schema":{"@context":"https:\/\/schema.org","@graph":[{"@type":"Article","@id":"https:\/\/www.smedemokrati.sk\/na-muranskej-planine-sa-chysta-velky-biznis-s-drevom\/#article","isPartOf":{"@id":"https:\/\/www.smedemokrati.sk\/na-muranskej-planine-sa-chysta-velky-biznis-s-drevom\/"},"author":{"name":"miro.sopko","@id":"https:\/\/www.smedemokrati.sk\/#\/schema\/person\/21f147c88d605aa7ded900e1e7c344ba"},"headline":"Na Mur\u00e1nskej planine sa chyst\u00e1 ve\u013ek\u00fd biznis s drevom","datePublished":"2024-07-01T13:07:33+00:00","dateModified":"2024-07-09T16:02:48+00:00","mainEntityOfPage":{"@id":"https:\/\/www.smedemokrati.sk\/na-muranskej-planine-sa-chysta-velky-biznis-s-drevom\/"},"wordCount":711,"publisher":{"@id":"https:\/\/www.smedemokrati.sk\/#organization"},"image":{"@id":"https:\/\/www.smedemokrati.sk\/na-muranskej-planine-sa-chysta-velky-biznis-s-drevom\/#primaryimage"},"thumbnailUrl":"https:\/\/www.smedemokrati.sk\/wp-content\/uploads\/2024\/01\/kica-1.jpg","articleSection":["Tla\u010dov\u00e9 spr\u00e1vy"],"inLanguage":"sv-SE"},{"@type":"WebPage","@id":"https:\/\/www.smedemokrati.sk\/na-muranskej-planine-sa-chysta-velky-biznis-s-drevom\/","url":"https:\/\/www.smedemokrati.sk\/na-muranskej-planine-sa-chysta-velky-biznis-s-drevom\/","name":"Na Mur\u00e1nskej planine sa chyst\u00e1 ve\u013ek\u00fd biznis s drevom","isPartOf":{"@id":"https:\/\/www.smedemokrati.sk\/#website"},"primaryImageOfPage":{"@id":"https:\/\/www.smedemokrati.sk\/na-muranskej-planine-sa-chysta-velky-biznis-s-drevom\/#primaryimage"},"image":{"@id":"https:\/\/www.smedemokrati.sk\/na-muranskej-planine-sa-chysta-velky-biznis-s-drevom\/#primaryimage"},"thumbnailUrl":"https:\/\/www.smedemokrati.sk\/wp-content\/uploads\/2024\/01\/kica-1.jpg","datePublished":"2024-07-01T13:07:33+00:00","dateModified":"2024-07-09T16:02:48+00:00","breadcrumb":{"@id":"https:\/\/www.smedemokrati.sk\/na-muranskej-planine-sa-chysta-velky-biznis-s-drevom\/#breadcrumb"},"inLanguage":"sv-SE","potentialAction":[{"@type":"ReadAction","target":["https:\/\/www.smedemokrati.sk\/na-muranskej-planine-sa-chysta-velky-biznis-s-drevom\/"]}]},{"@type":"ImageObject","inLanguage":"sv-SE","@id":"https:\/\/www.smedemokrati.sk\/na-muranskej-planine-sa-chysta-velky-biznis-s-drevom\/#primaryimage","url":"https:\/\/www.smedemokrati.sk\/wp-content\/uploads\/2024\/01\/kica-1.jpg","contentUrl":"https:\/\/www.smedemokrati.sk\/wp-content\/uploads\/2024\/01\/kica-1.jpg","width":1897,"height":1057},{"@type":"BreadcrumbList","@id":"https:\/\/www.smedemokrati.sk\/na-muranskej-planine-sa-chysta-velky-biznis-s-drevom\/#breadcrumb","itemListElement":[{"@type":"ListItem","position":1,"name":"Domovsk\u00e1 str\u00e1nka","item":"https:\/\/www.smedemokrati.sk\/"},{"@type":"ListItem","position":2,"name":"Na Mur\u00e1nskej planine sa chyst\u00e1 ve\u013ek\u00fd biznis s drevom"}]},{"@type":"WebSite","@id":"https:\/\/www.smedemokrati.sk\/#website","url":"https:\/\/www.smedemokrati.sk\/","name":"Smedemokrati.sk","description":"Demokracia a slu\u0161nos\u0165 zv\u00ed\u0165az\u00ed","publisher":{"@id":"https:\/\/www.smedemokrati.sk\/#organization"},"potentialAction":[{"@type":"SearchAction","target":{"@type":"EntryPoint","urlTemplate":"https:\/\/www.smedemokrati.sk\/?s={search_term_string}"},"query-input":{"@type":"PropertyValueSpecification","valueRequired":true,"valueName":"search_term_string"}}],"inLanguage":"sv-SE"},{"@type":"Organization","@id":"https:\/\/www.smedemokrati.sk\/#organization","name":"Smedemokrati.sk","url":"https:\/\/www.smedemokrati.sk\/","logo":{"@type":"ImageObject","inLanguage":"sv-SE","@id":"https:\/\/www.smedemokrati.sk\/#\/schema\/logo\/image\/","url":"https:\/\/www.smedemokrati.sk\/wp-content\/uploads\/2023\/04\/ff.002.jpeg","contentUrl":"https:\/\/www.smedemokrati.sk\/wp-content\/uploads\/2023\/04\/ff.002.jpeg","width":640,"height":480,"caption":"Smedemokrati.sk"},"image":{"@id":"https:\/\/www.smedemokrati.sk\/#\/schema\/logo\/image\/"},"sameAs":["https:\/\/www.facebook.com\/smedemokrati2023"]},{"@type":"Person","@id":"https:\/\/www.smedemokrati.sk\/#\/schema\/person\/21f147c88d605aa7ded900e1e7c344ba","name":"miro.sopko","image":{"@type":"ImageObject","inLanguage":"sv-SE","@id":"https:\/\/secure.gravatar.com\/avatar\/267e4a36f704376c109afe3a78740c1f5dd8675a2180a908699e7863c9247606?s=96&d=mm&r=g","url":"https:\/\/secure.gravatar.com\/avatar\/267e4a36f704376c109afe3a78740c1f5dd8675a2180a908699e7863c9247606?s=96&d=mm&r=g","contentUrl":"https:\/\/secure.gravatar.com\/avatar\/267e4a36f704376c109afe3a78740c1f5dd8675a2180a908699e7863c9247606?s=96&d=mm&r=g","caption":"miro.sopko"},"url":"https:\/\/www.smedemokrati.sk\/sv\/author\/miro-sopko\/"}]}},"_links":{"self":[{"href":"https:\/\/www.smedemokrati.sk\/sv\/wp-json\/wp\/v2\/posts\/4608","targetHints":{"allow":["GET"]}}],"collection":[{"href":"https:\/\/www.smedemokrati.sk\/sv\/wp-json\/wp\/v2\/posts"}],"about":[{"href":"https:\/\/www.smedemokrati.sk\/sv\/wp-json\/wp\/v2\/types\/post"}],"author":[{"embeddable":true,"href":"https:\/\/www.smedemokrati.sk\/sv\/wp-json\/wp\/v2\/users\/13"}],"replies":[{"embeddable":true,"href":"https:\/\/www.smedemokrati.sk\/sv\/wp-json\/wp\/v2\/comments?post=4608"}],"version-history":[{"count":1,"href":"https:\/\/www.smedemokrati.sk\/sv\/wp-json\/wp\/v2\/posts\/4608\/revisions"}],"predecessor-version":[{"id":4609,"href":"https:\/\/www.smedemokrati.sk\/sv\/wp-json\/wp\/v2\/posts\/4608\/revisions\/4609"}],"wp:featuredmedia":[{"embeddable":true,"href":"https:\/\/www.smedemokrati.sk\/sv\/wp-json\/wp\/v2\/media\/2526"}],"wp:attachment":[{"href":"https:\/\/www.smedemokrati.sk\/sv\/wp-json\/wp\/v2\/media?parent=4608"}],"wp:term":[{"taxonomy":"category","embeddable":true,"href":"https:\/\/www.smedemokrati.sk\/sv\/wp-json\/wp\/v2\/categories?post=4608"},{"taxonomy":"post_tag","embeddable":true,"href":"https:\/\/www.smedemokrati.sk\/sv\/wp-json\/wp\/v2\/tags?post=4608"}],"curies":[{"name":"wp","href":"https:\/\/api.w.org\/{rel}","templated":true}]}}