{"id":4529,"date":"2024-06-14T11:51:53","date_gmt":"2024-06-14T10:51:53","guid":{"rendered":"https:\/\/www.smedemokrati.sk\/?p=4529"},"modified":"2024-06-29T15:47:45","modified_gmt":"2024-06-29T14:47:45","slug":"citia-sa-kuffovci-v-tanape-ako-na-koni","status":"publish","type":"post","link":"https:\/\/www.smedemokrati.sk\/sv\/citia-sa-kuffovci-v-tanape-ako-na-koni\/","title":{"rendered":"C\u00edtia sa Kuffovci v TANAPe ako na koni?"},"content":{"rendered":"<div id=\"fb-root\"><\/div>\n\n<p><strong>Z\u00e1mer klanu Kuffovcov osedla\u0165 kone v na\u0161om najstar\u0161om n\u00e1rodnom parku u\u017e m\u00e1 konkr\u00e9tne kont\u00fary, ktor\u00e9 v\u0161ak tradi\u010dne rezignuj\u00fa na ochranu pr\u00edrody. Pod\u013ea na\u0161ich inform\u00e1ci\u00ed sa mal \u0160tefan Kuffa pok\u00fasi\u0165 priamo zasiahnu\u0165 do nez\u00e1visl\u00e9ho odborn\u00e9ho stanoviska v tejto veci, \u010do by bolo neakceptovate\u013en\u00e9 zneu\u017e\u00edvanie kompetenci\u00ed \u0161t\u00e1tneho tajomn\u00edka a&nbsp;poru\u0161en\u00edm z\u00e1kona. Vo veci pod\u00e1vame podnet.<\/strong><\/p>\n\n\n\n<p>Trasy, cez ktor\u00e9 by mala by\u0165 umo\u017enen\u00e1 jazda na koni so z\u00e1prahom, sa nach\u00e1dzaj\u00fa v cenn\u00fdch pr\u00edrodn\u00fdch rezerv\u00e1ci\u00e1ch, ktor\u00fdch preva\u017en\u00fa \u010das\u0165 spravuje TANAP. Ak by sa potvrdili na\u0161e inform\u00e1cie o priamom zasahovan\u00ed do odborn\u00e9ho stanoviska, i\u0161lo by o&nbsp;bezprecedentn\u00fd z\u00e1sah do fungovania ochrany pr\u00edrody na Slovensku, ktor\u00fd spochyb\u0148uje jej samotn\u00e9 z\u00e1klady. Z&nbsp;d\u00f4vodu zasahovania do odborn\u00e9ho stanoviska existuje obava, \u017ee negat\u00edvne dopady tejto aktivity na \u017eivotn\u00e9 prostredie neboli pos\u00faden\u00e9 nestranne.&nbsp;<\/p>\n\n\n\n<p>Vyvol\u00e1va to objekt\u00edvne obavy, \u017ee tak\u00e1to situ\u00e1cia sa&nbsp;m\u00f4\u017ee opakova\u0165 aj v&nbsp;in\u00fdch, z\u00e1va\u017enej\u0161\u00edch pr\u00edpadoch. V uplynul\u00fdch t\u00fd\u017ed\u0148och sme informovali, \u017ee brat \u0161t\u00e1tneho tajomn\u00edka Filipa Kuffu a z\u00e1rove\u0148 syn druh\u00e9ho \u0161t\u00e1tneho tajomn\u00edka \u0160tefana Kuffu, Gregor Kuffa, sa z\u00fa\u010dastnil rokovania na Okresnom \u00farade Pre\u0161ov k n\u00e1v\u0161tevn\u00e9mu poriadku. Na tomto rokovan\u00ed objekt\u00edvne nemal \u010do robi\u0165. Dokonca sme cez infoz\u00e1kon zistili, \u017ee na tomto stretnut\u00ed vystupoval za ministerstvo \u017eivotn\u00e9ho prostredia, \u010do je mimoriadne podozriv\u00e9, lebo okrem rodinn\u00fdch v\u00e4zieb nem\u00e1 s rezortom ni\u010d spolo\u010dn\u00e9. Pr\u00e1ve on sa dlhodobo prezentuje svojou amb\u00edciou umo\u017eni\u0165 jazdu na ko\u0148och vo Vysok\u00fdch Tatr\u00e1ch.<\/p>\n\n\n\n<p>Dnes u\u017e je na stole konkr\u00e9tny n\u00e1vrh, ktor\u00fd vyhradzuje lokality a&nbsp;ur\u010duje podmienky, za ktor\u00fdch by mala by\u0165 jazda na koni v&nbsp;TANAP-e povolen\u00e1. Dostalo sa n\u00e1m aj p\u00f4vodn\u00e9 znenie odborn\u00e9ho stanoviska Spr\u00e1vy TANAP-u s rukou dop\u00edsan\u00fdmi pripomienkami, ktor\u00e9 mal pod\u013ea na\u0161ich zdrojov koncipova\u0165 pr\u00e1ve \u0160tefan Kuffa. N\u00e1sledne bola odoslan\u00e1 na Okresn\u00fd \u00farad Pre\u0161ov v\u00fdrazne okresan\u00e1 fin\u00e1lna verzia, ktor\u00e1 p\u00f4vodn\u00fd n\u00e1vrh stanoviska Spr\u00e1vy TANAP-u pozmenila.<\/p>\n\n\n\n<p><em>\u201eZasahovanie do odborn\u00fdch stanov\u00edsk tak\u00fdmto sp\u00f4sobom je nepr\u00edstupn\u00e9 a nem\u00f4\u017ee si to dovoli\u0165 nikto, ani \u0161t\u00e1tny tajomn\u00edk. Je to rovnak\u00fd princ\u00edp, ako keby minister vn\u00fatra zasahoval do pr\u00e1ce vy\u0161etrovate\u013eov a\u00a0pripomienkoval im rozhodnutia v\u00a0trestnom konan\u00ed. U\u017e z tohto poh\u013eadu je jasn\u00e9, \u017ee pre Kuffovcov je mimoriadne d\u00f4le\u017eit\u00e9 presadi\u0165 tento z\u00e1mer a \u010do viac, hlavne aby bol \u010do najviac napasovan\u00fd do ich predst\u00e1v. Ak sa toto podozrenie potvrd\u00ed, tak to pova\u017eujem doslova za zneu\u017e\u00edvanie funkcie,\u201d\u00a0<\/em>vysvet\u013euje Michal Ki\u010da, expert strany Demokrati na \u017eivotn\u00e9 prostredie a \u010dlen predsedn\u00edctva.<\/p>\n\n\n\n<p>Teraz s\u00fa to kone v&nbsp;Tatr\u00e1ch. Do ak\u00fdch odborn\u00fdch stanov\u00edsk bude klan Kuffovcov<\/p>\n\n\n\n<p>zasahova\u0165 nabud\u00face? \u0164a\u017eba v&nbsp;n\u00e1rodn\u00fdch parkoch? Developersk\u00e1 v\u00fdstavba? T\u00fdmto krokom je bezprecedentne spochybnen\u00fd cel\u00fd syst\u00e9m ochrany pr\u00edrody na Slovensku a&nbsp;vyd\u00e1vanie stanov\u00edsk ako tak\u00e9. Nebude u\u017e existova\u0165 garancia, \u010di odborn\u00e9 stanovisko v&nbsp;citlivej veci nevzniklo po tlaku vedenia rezortu. Snahy o&nbsp;to m\u00e1me jednozna\u010dne preuk\u00e1zan\u00e9. Posudzovanie vplyvov na \u017eivotn\u00e9 prostredie, hodnotenie projektov pod\u013ea eur\u00f3pskej legislat\u00edvy, v\u0161ade tam sa m\u00f4\u017ee najnov\u0161ie jedna\u0165 o&nbsp;individu\u00e1lny z\u00e1mer tla\u010den\u00fd veden\u00edm rezortu na \u00fakor ochrany \u017eivotn\u00e9ho prostredia.<\/p>\n\n\n\n<p>Rovnako je neakceptovate\u013en\u00e1 pozn\u00e1mka pisate\u013ea&nbsp;\u201ez\u00e1rove\u0148 v&nbsp;zis\u0165ovac\u00edch konaniach \u017eiadame odstr\u00e1ni\u0165 v\u0161etok byrokratick\u00fd balast v&nbsp;takom rozsahu, aby svojim rozsahom nepresahoval viac ako form\u00e1t jednej A4-ky\u201c. Tento absurdn\u00fd a&nbsp;nebezpe\u010dn\u00fd pokyn ukazuje sa, \u017ee klan Kuffovcov vn\u00edma cel\u00e9 posudzovanie vplyvov len ako stroj na automatick\u00e9 povolenia invest\u00edci\u00ed bez oh\u013eadu na ich dopad na \u017eivotn\u00e9 prostredie a&nbsp;zdravie ob\u010danov.<\/p>\n\n\n\n<p>Ide o&nbsp;\u010fal\u0161\u00ed d\u00f4kaz neakceptovate\u013en\u00e9ho zneu\u017e\u00edvania postavenia a riadenia n\u00e1rodn\u00e9ho parku sp\u00f4sobom, ako by sa jednalo o&nbsp;rodinn\u00fa firmu Kuffovcov.&nbsp;Demokrati sa obr\u00e1tia na V\u00fdbor pre nezlu\u010dite\u013enos\u0165 funkci\u00ed s&nbsp;podnetom na podozrenie z&nbsp;poru\u0161enia \u00fastavn\u00e9ho z\u00e1kona v&nbsp;prospech rodinn\u00e9ho pr\u00edslu\u0161n\u00edka. Vyz\u00fdvame v\u0161etk\u00fdch odborn\u00fdch zamestnancov ochrany pr\u00edrody na Slovensku, aby odmietli ak\u00e9ko\u013evek pokyny k&nbsp;obsahu odborn\u00fdch stanov\u00edsk a&nbsp;zasahovanie do ich pr\u00e1ce a&nbsp;postavenia. Vo v\u0161etk\u00fdch takto zisten\u00fdch pr\u00edpadoch budeme kona\u0165.<\/p>\n\n\n\n<p>Pod\u013ea z\u00edskan\u00fdch materi\u00e1lov by konsk\u00e9 trasy mali vyzera\u0165 takto:<\/p>\n\n\n\n<p>1. Tatranska Javorina &#8211; Hor\u00e1re\u0148 pod Mur\u00e1\u0148om, jazda na konci a jazda so z\u00e1prahov\u00fdm vozidlom, celoro\u010dne;<\/p>\n\n\n\n<p>2. Popradsk\u00e9 pleso &#8211; Mengusovsk\u00e1 dolina &#8211; Popradsk\u00e9 pleso, jazda na konci a jazda so z\u00e1prahov\u00fdm vozidlom, celoro\u010dne;<\/p>\n\n\n\n<p>3. Podbansk\u00e9 &#8211; K\u00f4prov\u00e1 dolina &#8211; Kme\u0165ov vodop\u00e1d, jazda na konci a jazda so z\u00e1prahov\u00fdm vozidlom, celoro\u010dne;<\/p>\n\n\n\n<p>4. Podbansk\u00e9 &#8211; Tich\u00e1 dolina &#8211; Liptovsk\u00fd Ko\u0161iar, jazda na konci a jazda so z\u00e1prahov\u00fdm vozidlom, celoro\u010dne;<\/p>\n\n\n\n<p>5. Zverovka (R\u00e1zcestie Zverovka) &#8211; Roh\u00e1\u010dska dolina &#8211; \u0164atliakova chata, jazda na koni, celoro\u010dne;<\/p>\n\n\n\n<p>6. Zverovka (R\u00e1zcestie Zverovka) &#8211; L\u00e1tan\u00e1 dolina &#8211; R\u00e1zcestie L\u00e1tan\u00e1 dolina, jazda na koni, celoro\u010dne.<\/p>\n\n\n\n<p>Trasy by sa mali vyhradi\u0165 u\u017e na roky 2024-2025. Pod\u013ea pozn\u00e1mok z p\u00f4vodn\u00e9ho<\/p>\n\n\n\n<p>stanoviska vypadol napr\u00edklad z\u00e1kaz nap\u00e1jania a pohybu kon\u00ed v tatransk\u00fdch potokoch, nahlasovanie jazdy bude mo\u017en\u00e9 aj hodinu pred jej vykonan\u00edm, namiesto p\u00f4vodn\u00fdch dvoch dn\u00ed.\u00a0<em>\u201ePripomienok, ktor\u00e9 si chcel \u0160tefan Kuffa uplatni\u0165, bolo podstatne viac, napr\u00edklad nelimitova\u0165 po\u010det kon\u00ed a j\u00e1zd, zru\u0161i\u0165 povinnos\u0165 vakov na trus a pod., je preto ot\u00e1zne, \u010di stanovisko, ktor\u00e9 bolo doru\u010den\u00e9 na Okresn\u00fd \u00farad Pre\u0161ov, je ozaj fin\u00e1lna verzia alebo si Kuffovci presadia e\u0161te viac benevolentn\u00fdch \u00fastupkov vo\u010di ochrane pr\u00edrody,\u201d<\/em>\u00a0dod\u00e1va Ki\u010da.<\/p>\n\n\n\n<p><strong>V pr\u00edlohe priklad\u00e1me p\u00f4vodn\u00e9 znenie odborn\u00e9ho stanoviska s rukou p\u00edsan\u00fdmi pozn\u00e1mkami:<\/strong><\/p>\n\n\n\nngg_shortcode_0_placeholder\n","protected":false},"excerpt":{"rendered":"<p>Z\u00e1mer klanu Kuffovcov osedla\u0165 kone v na\u0161om najstar\u0161om n\u00e1rodnom parku u\u017e m\u00e1 konkr\u00e9tne kont\u00fary, ktor\u00e9 v\u0161ak tradi\u010dne rezignuj\u00fa na ochranu pr\u00edrody. Pod\u013ea na\u0161ich inform\u00e1ci\u00ed sa mal \u0160tefan Kuffa pok\u00fasi\u0165 priamo zasiahnu\u0165 do nez\u00e1visl\u00e9ho odborn\u00e9ho stanoviska v tejto veci, \u010do by bolo neakceptovate\u013en\u00e9 zneu\u017e\u00edvanie kompetenci\u00ed \u0161t\u00e1tneho tajomn\u00edka a&nbsp;poru\u0161en\u00edm z\u00e1kona. Vo veci pod\u00e1vame podnet. Trasy, cez ktor\u00e9 [&hellip;]<\/p>\n","protected":false},"author":13,"featured_media":2486,"comment_status":"closed","ping_status":"closed","sticky":false,"template":"","format":"standard","meta":{"_acf_changed":false,"ngg_post_thumbnail":0,"footnotes":""},"categories":[4],"tags":[],"class_list":["post-4529","post","type-post","status-publish","format-standard","has-post-thumbnail","hentry","category-tlacove-spravy"],"acf":[],"yoast_head":"<!-- This site is optimized with the Yoast SEO plugin v27.2 - https:\/\/yoast.com\/product\/yoast-seo-wordpress\/ -->\n<title>C\u00edtia sa Kuffovci v TANAPe ako na koni?<\/title>\n<meta name=\"robots\" content=\"index, follow, max-snippet:-1, max-image-preview:large, max-video-preview:-1\" \/>\n<link rel=\"canonical\" href=\"https:\/\/www.smedemokrati.sk\/sv\/citia-sa-kuffovci-v-tanape-ako-na-koni\/\" \/>\n<meta property=\"og:locale\" content=\"sv_SE\" \/>\n<meta property=\"og:locale:alternate\" content=\"en_US\" \/>\n<meta property=\"og:locale:alternate\" content=\"cs_CZ\" \/>\n<meta property=\"og:locale:alternate\" content=\"hu_HU\" \/>\n<meta property=\"og:locale:alternate\" content=\"sk_SK\" \/>\n<meta property=\"og:type\" content=\"article\" \/>\n<meta property=\"og:title\" content=\"C\u00edtia sa Kuffovci v TANAPe ako na koni?\" \/>\n<meta property=\"og:description\" content=\"Z\u00e1mer klanu Kuffovcov osedla\u0165 kone v na\u0161om najstar\u0161om n\u00e1rodnom parku u\u017e m\u00e1 konkr\u00e9tne kont\u00fary, ktor\u00e9 v\u0161ak tradi\u010dne rezignuj\u00fa na ochranu pr\u00edrody. Pod\u013ea na\u0161ich inform\u00e1ci\u00ed sa mal \u0160tefan Kuffa pok\u00fasi\u0165 priamo zasiahnu\u0165 do nez\u00e1visl\u00e9ho odborn\u00e9ho stanoviska v tejto veci, \u010do by bolo neakceptovate\u013en\u00e9 zneu\u017e\u00edvanie kompetenci\u00ed \u0161t\u00e1tneho tajomn\u00edka a&nbsp;poru\u0161en\u00edm z\u00e1kona. Vo veci pod\u00e1vame podnet. Trasy, cez ktor\u00e9 [&hellip;]\" \/>\n<meta property=\"og:url\" content=\"https:\/\/www.smedemokrati.sk\/sv\/citia-sa-kuffovci-v-tanape-ako-na-koni\/\" \/>\n<meta property=\"og:site_name\" content=\"Smedemokrati.sk\" \/>\n<meta property=\"article:publisher\" content=\"https:\/\/www.facebook.com\/smedemokrati2023\" \/>\n<meta property=\"article:published_time\" content=\"2024-06-14T10:51:53+00:00\" \/>\n<meta property=\"article:modified_time\" content=\"2024-06-29T14:47:45+00:00\" \/>\n<meta property=\"og:image\" content=\"https:\/\/www.smedemokrati.sk\/wp-content\/uploads\/2024\/01\/Kica.jpg\" \/>\n\t<meta property=\"og:image:width\" content=\"1901\" \/>\n\t<meta property=\"og:image:height\" content=\"1066\" \/>\n\t<meta property=\"og:image:type\" content=\"image\/jpeg\" \/>\n<meta name=\"author\" content=\"miro.sopko\" \/>\n<meta name=\"twitter:card\" content=\"summary_large_image\" \/>\n<meta name=\"twitter:label1\" content=\"Skriven av\" \/>\n\t<meta name=\"twitter:data1\" content=\"miro.sopko\" \/>\n<script type=\"application\/ld+json\" class=\"yoast-schema-graph\">{\"@context\":\"https:\/\/schema.org\",\"@graph\":[{\"@type\":\"Article\",\"@id\":\"https:\/\/www.smedemokrati.sk\/citia-sa-kuffovci-v-tanape-ako-na-koni\/#article\",\"isPartOf\":{\"@id\":\"https:\/\/www.smedemokrati.sk\/citia-sa-kuffovci-v-tanape-ako-na-koni\/\"},\"author\":{\"name\":\"miro.sopko\",\"@id\":\"https:\/\/www.smedemokrati.sk\/#\/schema\/person\/21f147c88d605aa7ded900e1e7c344ba\"},\"headline\":\"C\u00edtia sa Kuffovci v TANAPe ako na koni?\",\"datePublished\":\"2024-06-14T10:51:53+00:00\",\"dateModified\":\"2024-06-29T14:47:45+00:00\",\"mainEntityOfPage\":{\"@id\":\"https:\/\/www.smedemokrati.sk\/citia-sa-kuffovci-v-tanape-ako-na-koni\/\"},\"wordCount\":1103,\"publisher\":{\"@id\":\"https:\/\/www.smedemokrati.sk\/#organization\"},\"image\":{\"@id\":\"https:\/\/www.smedemokrati.sk\/citia-sa-kuffovci-v-tanape-ako-na-koni\/#primaryimage\"},\"thumbnailUrl\":\"https:\/\/www.smedemokrati.sk\/wp-content\/uploads\/2024\/01\/Kica.jpg\",\"articleSection\":[\"Tla\u010dov\u00e9 spr\u00e1vy\"],\"inLanguage\":\"sv-SE\"},{\"@type\":\"WebPage\",\"@id\":\"https:\/\/www.smedemokrati.sk\/citia-sa-kuffovci-v-tanape-ako-na-koni\/\",\"url\":\"https:\/\/www.smedemokrati.sk\/citia-sa-kuffovci-v-tanape-ako-na-koni\/\",\"name\":\"C\u00edtia sa Kuffovci v TANAPe ako na koni?\",\"isPartOf\":{\"@id\":\"https:\/\/www.smedemokrati.sk\/#website\"},\"primaryImageOfPage\":{\"@id\":\"https:\/\/www.smedemokrati.sk\/citia-sa-kuffovci-v-tanape-ako-na-koni\/#primaryimage\"},\"image\":{\"@id\":\"https:\/\/www.smedemokrati.sk\/citia-sa-kuffovci-v-tanape-ako-na-koni\/#primaryimage\"},\"thumbnailUrl\":\"https:\/\/www.smedemokrati.sk\/wp-content\/uploads\/2024\/01\/Kica.jpg\",\"datePublished\":\"2024-06-14T10:51:53+00:00\",\"dateModified\":\"2024-06-29T14:47:45+00:00\",\"breadcrumb\":{\"@id\":\"https:\/\/www.smedemokrati.sk\/citia-sa-kuffovci-v-tanape-ako-na-koni\/#breadcrumb\"},\"inLanguage\":\"sv-SE\",\"potentialAction\":[{\"@type\":\"ReadAction\",\"target\":[\"https:\/\/www.smedemokrati.sk\/citia-sa-kuffovci-v-tanape-ako-na-koni\/\"]}]},{\"@type\":\"ImageObject\",\"inLanguage\":\"sv-SE\",\"@id\":\"https:\/\/www.smedemokrati.sk\/citia-sa-kuffovci-v-tanape-ako-na-koni\/#primaryimage\",\"url\":\"https:\/\/www.smedemokrati.sk\/wp-content\/uploads\/2024\/01\/Kica.jpg\",\"contentUrl\":\"https:\/\/www.smedemokrati.sk\/wp-content\/uploads\/2024\/01\/Kica.jpg\",\"width\":1901,\"height\":1066},{\"@type\":\"BreadcrumbList\",\"@id\":\"https:\/\/www.smedemokrati.sk\/citia-sa-kuffovci-v-tanape-ako-na-koni\/#breadcrumb\",\"itemListElement\":[{\"@type\":\"ListItem\",\"position\":1,\"name\":\"Domovsk\u00e1 str\u00e1nka\",\"item\":\"https:\/\/www.smedemokrati.sk\/\"},{\"@type\":\"ListItem\",\"position\":2,\"name\":\"C\u00edtia sa Kuffovci v TANAPe ako na koni?\"}]},{\"@type\":\"WebSite\",\"@id\":\"https:\/\/www.smedemokrati.sk\/#website\",\"url\":\"https:\/\/www.smedemokrati.sk\/\",\"name\":\"Smedemokrati.sk\",\"description\":\"Demokracia a slu\u0161nos\u0165 zv\u00ed\u0165az\u00ed\",\"publisher\":{\"@id\":\"https:\/\/www.smedemokrati.sk\/#organization\"},\"potentialAction\":[{\"@type\":\"SearchAction\",\"target\":{\"@type\":\"EntryPoint\",\"urlTemplate\":\"https:\/\/www.smedemokrati.sk\/?s={search_term_string}\"},\"query-input\":{\"@type\":\"PropertyValueSpecification\",\"valueRequired\":true,\"valueName\":\"search_term_string\"}}],\"inLanguage\":\"sv-SE\"},{\"@type\":\"Organization\",\"@id\":\"https:\/\/www.smedemokrati.sk\/#organization\",\"name\":\"Smedemokrati.sk\",\"url\":\"https:\/\/www.smedemokrati.sk\/\",\"logo\":{\"@type\":\"ImageObject\",\"inLanguage\":\"sv-SE\",\"@id\":\"https:\/\/www.smedemokrati.sk\/#\/schema\/logo\/image\/\",\"url\":\"https:\/\/www.smedemokrati.sk\/wp-content\/uploads\/2023\/04\/ff.002.jpeg\",\"contentUrl\":\"https:\/\/www.smedemokrati.sk\/wp-content\/uploads\/2023\/04\/ff.002.jpeg\",\"width\":640,\"height\":480,\"caption\":\"Smedemokrati.sk\"},\"image\":{\"@id\":\"https:\/\/www.smedemokrati.sk\/#\/schema\/logo\/image\/\"},\"sameAs\":[\"https:\/\/www.facebook.com\/smedemokrati2023\"]},{\"@type\":\"Person\",\"@id\":\"https:\/\/www.smedemokrati.sk\/#\/schema\/person\/21f147c88d605aa7ded900e1e7c344ba\",\"name\":\"miro.sopko\",\"image\":{\"@type\":\"ImageObject\",\"inLanguage\":\"sv-SE\",\"@id\":\"https:\/\/secure.gravatar.com\/avatar\/267e4a36f704376c109afe3a78740c1f5dd8675a2180a908699e7863c9247606?s=96&d=mm&r=g\",\"url\":\"https:\/\/secure.gravatar.com\/avatar\/267e4a36f704376c109afe3a78740c1f5dd8675a2180a908699e7863c9247606?s=96&d=mm&r=g\",\"contentUrl\":\"https:\/\/secure.gravatar.com\/avatar\/267e4a36f704376c109afe3a78740c1f5dd8675a2180a908699e7863c9247606?s=96&d=mm&r=g\",\"caption\":\"miro.sopko\"},\"url\":\"https:\/\/www.smedemokrati.sk\/sv\/author\/miro-sopko\/\"}]}<\/script>\n<!-- \/ Yoast SEO plugin. -->","yoast_head_json":{"title":"C\u00edtia sa Kuffovci v TANAPe ako na koni?","robots":{"index":"index","follow":"follow","max-snippet":"max-snippet:-1","max-image-preview":"max-image-preview:large","max-video-preview":"max-video-preview:-1"},"canonical":"https:\/\/www.smedemokrati.sk\/sv\/citia-sa-kuffovci-v-tanape-ako-na-koni\/","og_locale":"sv_SE","og_type":"article","og_title":"[:sk]C\u00edtia sa Kuffovci v TANAPe ako na koni?[:] - Smedemokrati.sk","og_description":"Z\u00e1mer klanu Kuffovcov osedla\u0165 kone v na\u0161om najstar\u0161om n\u00e1rodnom parku u\u017e m\u00e1 konkr\u00e9tne kont\u00fary, ktor\u00e9 v\u0161ak tradi\u010dne rezignuj\u00fa na ochranu pr\u00edrody. Pod\u013ea na\u0161ich inform\u00e1ci\u00ed sa mal \u0160tefan Kuffa pok\u00fasi\u0165 priamo zasiahnu\u0165 do nez\u00e1visl\u00e9ho odborn\u00e9ho stanoviska v tejto veci, \u010do by bolo neakceptovate\u013en\u00e9 zneu\u017e\u00edvanie kompetenci\u00ed \u0161t\u00e1tneho tajomn\u00edka a&nbsp;poru\u0161en\u00edm z\u00e1kona. Vo veci pod\u00e1vame podnet. Trasy, cez ktor\u00e9 [&hellip;]","og_url":"https:\/\/www.smedemokrati.sk\/sv\/citia-sa-kuffovci-v-tanape-ako-na-koni\/","og_site_name":"Smedemokrati.sk","article_publisher":"https:\/\/www.facebook.com\/smedemokrati2023","article_published_time":"2024-06-14T10:51:53+00:00","article_modified_time":"2024-06-29T14:47:45+00:00","og_image":[{"width":1901,"height":1066,"url":"https:\/\/www.smedemokrati.sk\/wp-content\/uploads\/2024\/01\/Kica.jpg","type":"image\/jpeg"}],"author":"miro.sopko","twitter_card":"summary_large_image","twitter_misc":{"Skriven av":"miro.sopko"},"schema":{"@context":"https:\/\/schema.org","@graph":[{"@type":"Article","@id":"https:\/\/www.smedemokrati.sk\/citia-sa-kuffovci-v-tanape-ako-na-koni\/#article","isPartOf":{"@id":"https:\/\/www.smedemokrati.sk\/citia-sa-kuffovci-v-tanape-ako-na-koni\/"},"author":{"name":"miro.sopko","@id":"https:\/\/www.smedemokrati.sk\/#\/schema\/person\/21f147c88d605aa7ded900e1e7c344ba"},"headline":"C\u00edtia sa Kuffovci v TANAPe ako na koni?","datePublished":"2024-06-14T10:51:53+00:00","dateModified":"2024-06-29T14:47:45+00:00","mainEntityOfPage":{"@id":"https:\/\/www.smedemokrati.sk\/citia-sa-kuffovci-v-tanape-ako-na-koni\/"},"wordCount":1103,"publisher":{"@id":"https:\/\/www.smedemokrati.sk\/#organization"},"image":{"@id":"https:\/\/www.smedemokrati.sk\/citia-sa-kuffovci-v-tanape-ako-na-koni\/#primaryimage"},"thumbnailUrl":"https:\/\/www.smedemokrati.sk\/wp-content\/uploads\/2024\/01\/Kica.jpg","articleSection":["Tla\u010dov\u00e9 spr\u00e1vy"],"inLanguage":"sv-SE"},{"@type":"WebPage","@id":"https:\/\/www.smedemokrati.sk\/citia-sa-kuffovci-v-tanape-ako-na-koni\/","url":"https:\/\/www.smedemokrati.sk\/citia-sa-kuffovci-v-tanape-ako-na-koni\/","name":"C\u00edtia sa Kuffovci v TANAPe ako na koni?","isPartOf":{"@id":"https:\/\/www.smedemokrati.sk\/#website"},"primaryImageOfPage":{"@id":"https:\/\/www.smedemokrati.sk\/citia-sa-kuffovci-v-tanape-ako-na-koni\/#primaryimage"},"image":{"@id":"https:\/\/www.smedemokrati.sk\/citia-sa-kuffovci-v-tanape-ako-na-koni\/#primaryimage"},"thumbnailUrl":"https:\/\/www.smedemokrati.sk\/wp-content\/uploads\/2024\/01\/Kica.jpg","datePublished":"2024-06-14T10:51:53+00:00","dateModified":"2024-06-29T14:47:45+00:00","breadcrumb":{"@id":"https:\/\/www.smedemokrati.sk\/citia-sa-kuffovci-v-tanape-ako-na-koni\/#breadcrumb"},"inLanguage":"sv-SE","potentialAction":[{"@type":"ReadAction","target":["https:\/\/www.smedemokrati.sk\/citia-sa-kuffovci-v-tanape-ako-na-koni\/"]}]},{"@type":"ImageObject","inLanguage":"sv-SE","@id":"https:\/\/www.smedemokrati.sk\/citia-sa-kuffovci-v-tanape-ako-na-koni\/#primaryimage","url":"https:\/\/www.smedemokrati.sk\/wp-content\/uploads\/2024\/01\/Kica.jpg","contentUrl":"https:\/\/www.smedemokrati.sk\/wp-content\/uploads\/2024\/01\/Kica.jpg","width":1901,"height":1066},{"@type":"BreadcrumbList","@id":"https:\/\/www.smedemokrati.sk\/citia-sa-kuffovci-v-tanape-ako-na-koni\/#breadcrumb","itemListElement":[{"@type":"ListItem","position":1,"name":"Domovsk\u00e1 str\u00e1nka","item":"https:\/\/www.smedemokrati.sk\/"},{"@type":"ListItem","position":2,"name":"C\u00edtia sa Kuffovci v TANAPe ako na koni?"}]},{"@type":"WebSite","@id":"https:\/\/www.smedemokrati.sk\/#website","url":"https:\/\/www.smedemokrati.sk\/","name":"Smedemokrati.sk","description":"Demokracia a slu\u0161nos\u0165 zv\u00ed\u0165az\u00ed","publisher":{"@id":"https:\/\/www.smedemokrati.sk\/#organization"},"potentialAction":[{"@type":"SearchAction","target":{"@type":"EntryPoint","urlTemplate":"https:\/\/www.smedemokrati.sk\/?s={search_term_string}"},"query-input":{"@type":"PropertyValueSpecification","valueRequired":true,"valueName":"search_term_string"}}],"inLanguage":"sv-SE"},{"@type":"Organization","@id":"https:\/\/www.smedemokrati.sk\/#organization","name":"Smedemokrati.sk","url":"https:\/\/www.smedemokrati.sk\/","logo":{"@type":"ImageObject","inLanguage":"sv-SE","@id":"https:\/\/www.smedemokrati.sk\/#\/schema\/logo\/image\/","url":"https:\/\/www.smedemokrati.sk\/wp-content\/uploads\/2023\/04\/ff.002.jpeg","contentUrl":"https:\/\/www.smedemokrati.sk\/wp-content\/uploads\/2023\/04\/ff.002.jpeg","width":640,"height":480,"caption":"Smedemokrati.sk"},"image":{"@id":"https:\/\/www.smedemokrati.sk\/#\/schema\/logo\/image\/"},"sameAs":["https:\/\/www.facebook.com\/smedemokrati2023"]},{"@type":"Person","@id":"https:\/\/www.smedemokrati.sk\/#\/schema\/person\/21f147c88d605aa7ded900e1e7c344ba","name":"miro.sopko","image":{"@type":"ImageObject","inLanguage":"sv-SE","@id":"https:\/\/secure.gravatar.com\/avatar\/267e4a36f704376c109afe3a78740c1f5dd8675a2180a908699e7863c9247606?s=96&d=mm&r=g","url":"https:\/\/secure.gravatar.com\/avatar\/267e4a36f704376c109afe3a78740c1f5dd8675a2180a908699e7863c9247606?s=96&d=mm&r=g","contentUrl":"https:\/\/secure.gravatar.com\/avatar\/267e4a36f704376c109afe3a78740c1f5dd8675a2180a908699e7863c9247606?s=96&d=mm&r=g","caption":"miro.sopko"},"url":"https:\/\/www.smedemokrati.sk\/sv\/author\/miro-sopko\/"}]}},"_links":{"self":[{"href":"https:\/\/www.smedemokrati.sk\/sv\/wp-json\/wp\/v2\/posts\/4529","targetHints":{"allow":["GET"]}}],"collection":[{"href":"https:\/\/www.smedemokrati.sk\/sv\/wp-json\/wp\/v2\/posts"}],"about":[{"href":"https:\/\/www.smedemokrati.sk\/sv\/wp-json\/wp\/v2\/types\/post"}],"author":[{"embeddable":true,"href":"https:\/\/www.smedemokrati.sk\/sv\/wp-json\/wp\/v2\/users\/13"}],"replies":[{"embeddable":true,"href":"https:\/\/www.smedemokrati.sk\/sv\/wp-json\/wp\/v2\/comments?post=4529"}],"version-history":[{"count":8,"href":"https:\/\/www.smedemokrati.sk\/sv\/wp-json\/wp\/v2\/posts\/4529\/revisions"}],"predecessor-version":[{"id":4542,"href":"https:\/\/www.smedemokrati.sk\/sv\/wp-json\/wp\/v2\/posts\/4529\/revisions\/4542"}],"wp:featuredmedia":[{"embeddable":true,"href":"https:\/\/www.smedemokrati.sk\/sv\/wp-json\/wp\/v2\/media\/2486"}],"wp:attachment":[{"href":"https:\/\/www.smedemokrati.sk\/sv\/wp-json\/wp\/v2\/media?parent=4529"}],"wp:term":[{"taxonomy":"category","embeddable":true,"href":"https:\/\/www.smedemokrati.sk\/sv\/wp-json\/wp\/v2\/categories?post=4529"},{"taxonomy":"post_tag","embeddable":true,"href":"https:\/\/www.smedemokrati.sk\/sv\/wp-json\/wp\/v2\/tags?post=4529"}],"curies":[{"name":"wp","href":"https:\/\/api.w.org\/{rel}","templated":true}]}}