{"id":436,"date":"2023-04-13T13:50:54","date_gmt":"2023-04-13T13:50:54","guid":{"rendered":"https:\/\/www.smedemokrati.sk\/?p=436"},"modified":"2023-04-13T13:52:58","modified_gmt":"2023-04-13T13:52:58","slug":"kazimir-je-vinny-vyzyvame-ho-na-odstupenie","status":"publish","type":"post","link":"https:\/\/www.smedemokrati.sk\/sv\/kazimir-je-vinny-vyzyvame-ho-na-odstupenie\/","title":{"rendered":"Ka\u017eim\u00edr je vinn\u00fd, vyz\u00fdvame ho na odst\u00fapenie"},"content":{"rendered":"<div id=\"fb-root\"><\/div>\n\n<p>Sudca \u0160pecializovan\u00e9ho trestn\u00e9ho s\u00fadu rozhodol, \u017ee guvern\u00e9r N\u00e1rodnej banky Slovenska a b\u00fdval\u00fd smer\u00e1cky minister financi\u00ed Peter Ka\u017eim\u00edr je vinn\u00fd z podpl\u00e1cania \u010fal\u0161ieho nominanta b\u00fdvalej vl\u00e1dy Franti\u0161ka Imreczeho, ktor\u00fd riadil Finan\u010dn\u00fa spr\u00e1vu.<\/p>\n\n\n\n<p>Je na \u010dase, aby vo funkci\u00e1ch skon\u010dili \u013eudia ods\u00faden\u00ed za korupciu.<strong> Slovensko si zasl\u00fa\u017ei by\u0165 o\u010disten\u00e9 od nominantov Smeru, ktor\u00ed poru\u0161uj\u00fa z\u00e1kladn\u00e9 princ\u00edpy verejnej slu\u017eby zalo\u017eenej na slu\u0161nosti a odbornosti. <\/strong>Peter Ka\u017eim\u00edr n\u00e1m dos\u0165 dlho robil hanbu na medzin\u00e1rodnom f\u00f3re ako obvinen\u00fd. Teraz bol s\u00fadom uznan\u00fd za vinn\u00e9ho. <strong>Vyz\u00fdvame ho preto, aby sa k tomuto rozhodnutiu postavil \u010delom a, hoci nie je pr\u00e1voplatn\u00e9, okam\u017eite odst\u00fapil.<\/strong><\/p>\n\n\n\n<p>Sp\u00e1jame demokratick\u00e9 sily, aby aj po vo\u013eb\u00e1ch na Slovensku vl\u00e1dla spravodlivos\u0165 a org\u00e1ny \u010dinn\u00e9 v trestnom konan\u00ed mali rozviazan\u00e9 ruky. <strong>Chceme zabr\u00e1ni\u0165 n\u00e1vratu Smeru a Hlasu, \u010do by znamenalo, \u017ee \u013eudia, ako Ka\u017eim\u00edr a Imrecze by chceli unika\u0165 pred spravodlivos\u0165ou.<\/strong><\/p>\n","protected":false},"excerpt":{"rendered":"<p>Sudca \u0160pecializovan\u00e9ho trestn\u00e9ho s\u00fadu rozhodol, \u017ee guvern\u00e9r N\u00e1rodnej banky Slovenska a b\u00fdval\u00fd smer\u00e1cky minister financi\u00ed Peter Ka\u017eim\u00edr je vinn\u00fd z podpl\u00e1cania \u010fal\u0161ieho nominanta b\u00fdvalej vl\u00e1dy Franti\u0161ka Imreczeho, ktor\u00fd riadil Finan\u010dn\u00fa spr\u00e1vu. Je na \u010dase, aby vo funkci\u00e1ch skon\u010dili \u013eudia ods\u00faden\u00ed za korupciu. Slovensko si zasl\u00fa\u017ei by\u0165 o\u010disten\u00e9 od nominantov Smeru, ktor\u00ed poru\u0161uj\u00fa z\u00e1kladn\u00e9 princ\u00edpy verejnej [&hellip;]<\/p>\n","protected":false},"author":1,"featured_media":437,"comment_status":"closed","ping_status":"closed","sticky":false,"template":"","format":"standard","meta":{"_acf_changed":false,"ngg_post_thumbnail":0,"footnotes":""},"categories":[4],"tags":[],"class_list":["post-436","post","type-post","status-publish","format-standard","has-post-thumbnail","hentry","category-tlacove-spravy"],"acf":[],"yoast_head":"<!-- This site is optimized with the Yoast SEO plugin v27.2 - https:\/\/yoast.com\/product\/yoast-seo-wordpress\/ -->\n<title>Ka\u017eim\u00edr je vinn\u00fd, vyz\u00fdvame ho na odst\u00fapenie - Smedemokrati.sk<\/title>\n<meta name=\"robots\" content=\"index, follow, max-snippet:-1, max-image-preview:large, max-video-preview:-1\" \/>\n<link rel=\"canonical\" href=\"https:\/\/www.smedemokrati.sk\/sv\/kazimir-je-vinny-vyzyvame-ho-na-odstupenie\/\" \/>\n<meta property=\"og:locale\" content=\"sv_SE\" \/>\n<meta property=\"og:locale:alternate\" content=\"en_US\" \/>\n<meta property=\"og:locale:alternate\" content=\"cs_CZ\" \/>\n<meta property=\"og:locale:alternate\" content=\"hu_HU\" \/>\n<meta property=\"og:locale:alternate\" content=\"sk_SK\" \/>\n<meta property=\"og:type\" content=\"article\" \/>\n<meta property=\"og:title\" content=\"Ka\u017eim\u00edr je vinn\u00fd, vyz\u00fdvame ho na odst\u00fapenie - Smedemokrati.sk\" \/>\n<meta property=\"og:description\" content=\"Sudca \u0160pecializovan\u00e9ho trestn\u00e9ho s\u00fadu rozhodol, \u017ee guvern\u00e9r N\u00e1rodnej banky Slovenska a b\u00fdval\u00fd smer\u00e1cky minister financi\u00ed Peter Ka\u017eim\u00edr je vinn\u00fd z podpl\u00e1cania \u010fal\u0161ieho nominanta b\u00fdvalej vl\u00e1dy Franti\u0161ka Imreczeho, ktor\u00fd riadil Finan\u010dn\u00fa spr\u00e1vu. Je na \u010dase, aby vo funkci\u00e1ch skon\u010dili \u013eudia ods\u00faden\u00ed za korupciu. Slovensko si zasl\u00fa\u017ei by\u0165 o\u010disten\u00e9 od nominantov Smeru, ktor\u00ed poru\u0161uj\u00fa z\u00e1kladn\u00e9 princ\u00edpy verejnej [&hellip;]\" \/>\n<meta property=\"og:url\" content=\"https:\/\/www.smedemokrati.sk\/sv\/kazimir-je-vinny-vyzyvame-ho-na-odstupenie\/\" \/>\n<meta property=\"og:site_name\" content=\"Smedemokrati.sk\" \/>\n<meta property=\"article:publisher\" content=\"https:\/\/www.facebook.com\/smedemokrati2023\" \/>\n<meta property=\"article:published_time\" content=\"2023-04-13T13:50:54+00:00\" \/>\n<meta property=\"article:modified_time\" content=\"2023-04-13T13:52:58+00:00\" \/>\n<meta property=\"og:image\" content=\"https:\/\/www.smedemokrati.sk\/wp-content\/uploads\/2023\/04\/vvv.001.jpeg\" \/>\n\t<meta property=\"og:image:width\" content=\"640\" \/>\n\t<meta property=\"og:image:height\" content=\"480\" \/>\n\t<meta property=\"og:image:type\" content=\"image\/jpeg\" \/>\n<meta name=\"author\" content=\"admin\" \/>\n<meta name=\"twitter:card\" content=\"summary_large_image\" \/>\n<meta name=\"twitter:label1\" content=\"Skriven av\" \/>\n\t<meta name=\"twitter:data1\" content=\"admin\" \/>\n\t<meta name=\"twitter:label2\" content=\"Ber\u00e4knad l\u00e4stid\" \/>\n\t<meta name=\"twitter:data2\" content=\"1 minut\" \/>\n<script type=\"application\/ld+json\" class=\"yoast-schema-graph\">{\"@context\":\"https:\/\/schema.org\",\"@graph\":[{\"@type\":\"Article\",\"@id\":\"https:\/\/www.smedemokrati.sk\/kazimir-je-vinny-vyzyvame-ho-na-odstupenie\/#article\",\"isPartOf\":{\"@id\":\"https:\/\/www.smedemokrati.sk\/kazimir-je-vinny-vyzyvame-ho-na-odstupenie\/\"},\"author\":{\"name\":\"admin\",\"@id\":\"https:\/\/www.smedemokrati.sk\/#\/schema\/person\/dee9d51e8f3108fd58bc46fcc124934d\"},\"headline\":\"Ka\u017eim\u00edr je vinn\u00fd, vyz\u00fdvame ho na odst\u00fapenie\",\"datePublished\":\"2023-04-13T13:50:54+00:00\",\"dateModified\":\"2023-04-13T13:52:58+00:00\",\"mainEntityOfPage\":{\"@id\":\"https:\/\/www.smedemokrati.sk\/kazimir-je-vinny-vyzyvame-ho-na-odstupenie\/\"},\"wordCount\":195,\"publisher\":{\"@id\":\"https:\/\/www.smedemokrati.sk\/#organization\"},\"image\":{\"@id\":\"https:\/\/www.smedemokrati.sk\/kazimir-je-vinny-vyzyvame-ho-na-odstupenie\/#primaryimage\"},\"thumbnailUrl\":\"https:\/\/www.smedemokrati.sk\/wp-content\/uploads\/2023\/04\/vvv.001.jpeg\",\"articleSection\":[\"Tla\u010dov\u00e9 spr\u00e1vy\"],\"inLanguage\":\"sv-SE\"},{\"@type\":\"WebPage\",\"@id\":\"https:\/\/www.smedemokrati.sk\/kazimir-je-vinny-vyzyvame-ho-na-odstupenie\/\",\"url\":\"https:\/\/www.smedemokrati.sk\/kazimir-je-vinny-vyzyvame-ho-na-odstupenie\/\",\"name\":\"Ka\u017eim\u00edr je vinn\u00fd, vyz\u00fdvame ho na odst\u00fapenie - Smedemokrati.sk\",\"isPartOf\":{\"@id\":\"https:\/\/www.smedemokrati.sk\/#website\"},\"primaryImageOfPage\":{\"@id\":\"https:\/\/www.smedemokrati.sk\/kazimir-je-vinny-vyzyvame-ho-na-odstupenie\/#primaryimage\"},\"image\":{\"@id\":\"https:\/\/www.smedemokrati.sk\/kazimir-je-vinny-vyzyvame-ho-na-odstupenie\/#primaryimage\"},\"thumbnailUrl\":\"https:\/\/www.smedemokrati.sk\/wp-content\/uploads\/2023\/04\/vvv.001.jpeg\",\"datePublished\":\"2023-04-13T13:50:54+00:00\",\"dateModified\":\"2023-04-13T13:52:58+00:00\",\"breadcrumb\":{\"@id\":\"https:\/\/www.smedemokrati.sk\/kazimir-je-vinny-vyzyvame-ho-na-odstupenie\/#breadcrumb\"},\"inLanguage\":\"sv-SE\",\"potentialAction\":[{\"@type\":\"ReadAction\",\"target\":[\"https:\/\/www.smedemokrati.sk\/kazimir-je-vinny-vyzyvame-ho-na-odstupenie\/\"]}]},{\"@type\":\"ImageObject\",\"inLanguage\":\"sv-SE\",\"@id\":\"https:\/\/www.smedemokrati.sk\/kazimir-je-vinny-vyzyvame-ho-na-odstupenie\/#primaryimage\",\"url\":\"https:\/\/www.smedemokrati.sk\/wp-content\/uploads\/2023\/04\/vvv.001.jpeg\",\"contentUrl\":\"https:\/\/www.smedemokrati.sk\/wp-content\/uploads\/2023\/04\/vvv.001.jpeg\",\"width\":640,\"height\":480},{\"@type\":\"BreadcrumbList\",\"@id\":\"https:\/\/www.smedemokrati.sk\/kazimir-je-vinny-vyzyvame-ho-na-odstupenie\/#breadcrumb\",\"itemListElement\":[{\"@type\":\"ListItem\",\"position\":1,\"name\":\"Domovsk\u00e1 str\u00e1nka\",\"item\":\"https:\/\/www.smedemokrati.sk\/\"},{\"@type\":\"ListItem\",\"position\":2,\"name\":\"Ka\u017eim\u00edr je vinn\u00fd, vyz\u00fdvame ho na odst\u00fapenie\"}]},{\"@type\":\"WebSite\",\"@id\":\"https:\/\/www.smedemokrati.sk\/#website\",\"url\":\"https:\/\/www.smedemokrati.sk\/\",\"name\":\"Smedemokrati.sk\",\"description\":\"Demokracia a slu\u0161nos\u0165 zv\u00ed\u0165az\u00ed\",\"publisher\":{\"@id\":\"https:\/\/www.smedemokrati.sk\/#organization\"},\"potentialAction\":[{\"@type\":\"SearchAction\",\"target\":{\"@type\":\"EntryPoint\",\"urlTemplate\":\"https:\/\/www.smedemokrati.sk\/?s={search_term_string}\"},\"query-input\":{\"@type\":\"PropertyValueSpecification\",\"valueRequired\":true,\"valueName\":\"search_term_string\"}}],\"inLanguage\":\"sv-SE\"},{\"@type\":\"Organization\",\"@id\":\"https:\/\/www.smedemokrati.sk\/#organization\",\"name\":\"Smedemokrati.sk\",\"url\":\"https:\/\/www.smedemokrati.sk\/\",\"logo\":{\"@type\":\"ImageObject\",\"inLanguage\":\"sv-SE\",\"@id\":\"https:\/\/www.smedemokrati.sk\/#\/schema\/logo\/image\/\",\"url\":\"https:\/\/www.smedemokrati.sk\/wp-content\/uploads\/2023\/04\/ff.002.jpeg\",\"contentUrl\":\"https:\/\/www.smedemokrati.sk\/wp-content\/uploads\/2023\/04\/ff.002.jpeg\",\"width\":640,\"height\":480,\"caption\":\"Smedemokrati.sk\"},\"image\":{\"@id\":\"https:\/\/www.smedemokrati.sk\/#\/schema\/logo\/image\/\"},\"sameAs\":[\"https:\/\/www.facebook.com\/smedemokrati2023\"]},{\"@type\":\"Person\",\"@id\":\"https:\/\/www.smedemokrati.sk\/#\/schema\/person\/dee9d51e8f3108fd58bc46fcc124934d\",\"name\":\"admin\",\"image\":{\"@type\":\"ImageObject\",\"inLanguage\":\"sv-SE\",\"@id\":\"https:\/\/secure.gravatar.com\/avatar\/d6862d2a795ca0130d2a9b58ff4226e06bc79aa7240e35cbed810a10d01485d3?s=96&d=mm&r=g\",\"url\":\"https:\/\/secure.gravatar.com\/avatar\/d6862d2a795ca0130d2a9b58ff4226e06bc79aa7240e35cbed810a10d01485d3?s=96&d=mm&r=g\",\"contentUrl\":\"https:\/\/secure.gravatar.com\/avatar\/d6862d2a795ca0130d2a9b58ff4226e06bc79aa7240e35cbed810a10d01485d3?s=96&d=mm&r=g\",\"caption\":\"admin\"},\"sameAs\":[\"https:\/\/www.smedemokrati.sk\"],\"url\":\"https:\/\/www.smedemokrati.sk\/sv\/author\/admin\/\"}]}<\/script>\n<!-- \/ Yoast SEO plugin. -->","yoast_head_json":{"title":"Ka\u017eim\u00edr je vinn\u00fd, vyz\u00fdvame ho na odst\u00fapenie - Smedemokrati.sk","robots":{"index":"index","follow":"follow","max-snippet":"max-snippet:-1","max-image-preview":"max-image-preview:large","max-video-preview":"max-video-preview:-1"},"canonical":"https:\/\/www.smedemokrati.sk\/sv\/kazimir-je-vinny-vyzyvame-ho-na-odstupenie\/","og_locale":"sv_SE","og_type":"article","og_title":"Ka\u017eim\u00edr je vinn\u00fd, vyz\u00fdvame ho na odst\u00fapenie - Smedemokrati.sk","og_description":"Sudca \u0160pecializovan\u00e9ho trestn\u00e9ho s\u00fadu rozhodol, \u017ee guvern\u00e9r N\u00e1rodnej banky Slovenska a b\u00fdval\u00fd smer\u00e1cky minister financi\u00ed Peter Ka\u017eim\u00edr je vinn\u00fd z podpl\u00e1cania \u010fal\u0161ieho nominanta b\u00fdvalej vl\u00e1dy Franti\u0161ka Imreczeho, ktor\u00fd riadil Finan\u010dn\u00fa spr\u00e1vu. Je na \u010dase, aby vo funkci\u00e1ch skon\u010dili \u013eudia ods\u00faden\u00ed za korupciu. Slovensko si zasl\u00fa\u017ei by\u0165 o\u010disten\u00e9 od nominantov Smeru, ktor\u00ed poru\u0161uj\u00fa z\u00e1kladn\u00e9 princ\u00edpy verejnej [&hellip;]","og_url":"https:\/\/www.smedemokrati.sk\/sv\/kazimir-je-vinny-vyzyvame-ho-na-odstupenie\/","og_site_name":"Smedemokrati.sk","article_publisher":"https:\/\/www.facebook.com\/smedemokrati2023","article_published_time":"2023-04-13T13:50:54+00:00","article_modified_time":"2023-04-13T13:52:58+00:00","og_image":[{"width":640,"height":480,"url":"https:\/\/www.smedemokrati.sk\/wp-content\/uploads\/2023\/04\/vvv.001.jpeg","type":"image\/jpeg"}],"author":"admin","twitter_card":"summary_large_image","twitter_misc":{"Skriven av":"admin","Ber\u00e4knad l\u00e4stid":"1 minut"},"schema":{"@context":"https:\/\/schema.org","@graph":[{"@type":"Article","@id":"https:\/\/www.smedemokrati.sk\/kazimir-je-vinny-vyzyvame-ho-na-odstupenie\/#article","isPartOf":{"@id":"https:\/\/www.smedemokrati.sk\/kazimir-je-vinny-vyzyvame-ho-na-odstupenie\/"},"author":{"name":"admin","@id":"https:\/\/www.smedemokrati.sk\/#\/schema\/person\/dee9d51e8f3108fd58bc46fcc124934d"},"headline":"Ka\u017eim\u00edr je vinn\u00fd, vyz\u00fdvame ho na odst\u00fapenie","datePublished":"2023-04-13T13:50:54+00:00","dateModified":"2023-04-13T13:52:58+00:00","mainEntityOfPage":{"@id":"https:\/\/www.smedemokrati.sk\/kazimir-je-vinny-vyzyvame-ho-na-odstupenie\/"},"wordCount":195,"publisher":{"@id":"https:\/\/www.smedemokrati.sk\/#organization"},"image":{"@id":"https:\/\/www.smedemokrati.sk\/kazimir-je-vinny-vyzyvame-ho-na-odstupenie\/#primaryimage"},"thumbnailUrl":"https:\/\/www.smedemokrati.sk\/wp-content\/uploads\/2023\/04\/vvv.001.jpeg","articleSection":["Tla\u010dov\u00e9 spr\u00e1vy"],"inLanguage":"sv-SE"},{"@type":"WebPage","@id":"https:\/\/www.smedemokrati.sk\/kazimir-je-vinny-vyzyvame-ho-na-odstupenie\/","url":"https:\/\/www.smedemokrati.sk\/kazimir-je-vinny-vyzyvame-ho-na-odstupenie\/","name":"Ka\u017eim\u00edr je vinn\u00fd, vyz\u00fdvame ho na odst\u00fapenie - Smedemokrati.sk","isPartOf":{"@id":"https:\/\/www.smedemokrati.sk\/#website"},"primaryImageOfPage":{"@id":"https:\/\/www.smedemokrati.sk\/kazimir-je-vinny-vyzyvame-ho-na-odstupenie\/#primaryimage"},"image":{"@id":"https:\/\/www.smedemokrati.sk\/kazimir-je-vinny-vyzyvame-ho-na-odstupenie\/#primaryimage"},"thumbnailUrl":"https:\/\/www.smedemokrati.sk\/wp-content\/uploads\/2023\/04\/vvv.001.jpeg","datePublished":"2023-04-13T13:50:54+00:00","dateModified":"2023-04-13T13:52:58+00:00","breadcrumb":{"@id":"https:\/\/www.smedemokrati.sk\/kazimir-je-vinny-vyzyvame-ho-na-odstupenie\/#breadcrumb"},"inLanguage":"sv-SE","potentialAction":[{"@type":"ReadAction","target":["https:\/\/www.smedemokrati.sk\/kazimir-je-vinny-vyzyvame-ho-na-odstupenie\/"]}]},{"@type":"ImageObject","inLanguage":"sv-SE","@id":"https:\/\/www.smedemokrati.sk\/kazimir-je-vinny-vyzyvame-ho-na-odstupenie\/#primaryimage","url":"https:\/\/www.smedemokrati.sk\/wp-content\/uploads\/2023\/04\/vvv.001.jpeg","contentUrl":"https:\/\/www.smedemokrati.sk\/wp-content\/uploads\/2023\/04\/vvv.001.jpeg","width":640,"height":480},{"@type":"BreadcrumbList","@id":"https:\/\/www.smedemokrati.sk\/kazimir-je-vinny-vyzyvame-ho-na-odstupenie\/#breadcrumb","itemListElement":[{"@type":"ListItem","position":1,"name":"Domovsk\u00e1 str\u00e1nka","item":"https:\/\/www.smedemokrati.sk\/"},{"@type":"ListItem","position":2,"name":"Ka\u017eim\u00edr je vinn\u00fd, vyz\u00fdvame ho na odst\u00fapenie"}]},{"@type":"WebSite","@id":"https:\/\/www.smedemokrati.sk\/#website","url":"https:\/\/www.smedemokrati.sk\/","name":"Smedemokrati.sk","description":"Demokracia a slu\u0161nos\u0165 zv\u00ed\u0165az\u00ed","publisher":{"@id":"https:\/\/www.smedemokrati.sk\/#organization"},"potentialAction":[{"@type":"SearchAction","target":{"@type":"EntryPoint","urlTemplate":"https:\/\/www.smedemokrati.sk\/?s={search_term_string}"},"query-input":{"@type":"PropertyValueSpecification","valueRequired":true,"valueName":"search_term_string"}}],"inLanguage":"sv-SE"},{"@type":"Organization","@id":"https:\/\/www.smedemokrati.sk\/#organization","name":"Smedemokrati.sk","url":"https:\/\/www.smedemokrati.sk\/","logo":{"@type":"ImageObject","inLanguage":"sv-SE","@id":"https:\/\/www.smedemokrati.sk\/#\/schema\/logo\/image\/","url":"https:\/\/www.smedemokrati.sk\/wp-content\/uploads\/2023\/04\/ff.002.jpeg","contentUrl":"https:\/\/www.smedemokrati.sk\/wp-content\/uploads\/2023\/04\/ff.002.jpeg","width":640,"height":480,"caption":"Smedemokrati.sk"},"image":{"@id":"https:\/\/www.smedemokrati.sk\/#\/schema\/logo\/image\/"},"sameAs":["https:\/\/www.facebook.com\/smedemokrati2023"]},{"@type":"Person","@id":"https:\/\/www.smedemokrati.sk\/#\/schema\/person\/dee9d51e8f3108fd58bc46fcc124934d","name":"admin","image":{"@type":"ImageObject","inLanguage":"sv-SE","@id":"https:\/\/secure.gravatar.com\/avatar\/d6862d2a795ca0130d2a9b58ff4226e06bc79aa7240e35cbed810a10d01485d3?s=96&d=mm&r=g","url":"https:\/\/secure.gravatar.com\/avatar\/d6862d2a795ca0130d2a9b58ff4226e06bc79aa7240e35cbed810a10d01485d3?s=96&d=mm&r=g","contentUrl":"https:\/\/secure.gravatar.com\/avatar\/d6862d2a795ca0130d2a9b58ff4226e06bc79aa7240e35cbed810a10d01485d3?s=96&d=mm&r=g","caption":"admin"},"sameAs":["https:\/\/www.smedemokrati.sk"],"url":"https:\/\/www.smedemokrati.sk\/sv\/author\/admin\/"}]}},"_links":{"self":[{"href":"https:\/\/www.smedemokrati.sk\/sv\/wp-json\/wp\/v2\/posts\/436","targetHints":{"allow":["GET"]}}],"collection":[{"href":"https:\/\/www.smedemokrati.sk\/sv\/wp-json\/wp\/v2\/posts"}],"about":[{"href":"https:\/\/www.smedemokrati.sk\/sv\/wp-json\/wp\/v2\/types\/post"}],"author":[{"embeddable":true,"href":"https:\/\/www.smedemokrati.sk\/sv\/wp-json\/wp\/v2\/users\/1"}],"replies":[{"embeddable":true,"href":"https:\/\/www.smedemokrati.sk\/sv\/wp-json\/wp\/v2\/comments?post=436"}],"version-history":[{"count":0,"href":"https:\/\/www.smedemokrati.sk\/sv\/wp-json\/wp\/v2\/posts\/436\/revisions"}],"wp:featuredmedia":[{"embeddable":true,"href":"https:\/\/www.smedemokrati.sk\/sv\/wp-json\/wp\/v2\/media\/437"}],"wp:attachment":[{"href":"https:\/\/www.smedemokrati.sk\/sv\/wp-json\/wp\/v2\/media?parent=436"}],"wp:term":[{"taxonomy":"category","embeddable":true,"href":"https:\/\/www.smedemokrati.sk\/sv\/wp-json\/wp\/v2\/categories?post=436"},{"taxonomy":"post_tag","embeddable":true,"href":"https:\/\/www.smedemokrati.sk\/sv\/wp-json\/wp\/v2\/tags?post=436"}],"curies":[{"name":"wp","href":"https:\/\/api.w.org\/{rel}","templated":true}]}}