{"id":4339,"date":"2024-06-05T08:46:37","date_gmt":"2024-06-05T07:46:37","guid":{"rendered":"https:\/\/www.smedemokrati.sk\/?p=4339"},"modified":"2024-06-14T06:27:45","modified_gmt":"2024-06-14T05:27:45","slug":"zistenie-demokratov-viac-ako-4-mld-eur-pre-vsetkych-obetuju-pre-osobny-zisk-z-nicenia-prirody","status":"publish","type":"post","link":"https:\/\/www.smedemokrati.sk\/sv\/zistenie-demokratov-viac-ako-4-mld-eur-pre-vsetkych-obetuju-pre-osobny-zisk-z-nicenia-prirody\/","title":{"rendered":"Zistenie Demokratov: Viac ako 4 miliardy eur pre v\u0161etk\u00fdch obetuj\u00fa pre osobn\u00fd zisk z ni\u010denia pr\u00edrody"},"content":{"rendered":"<div id=\"fb-root\"><\/div>\n\n<p><strong>Pl\u00e1n obnovy u\u017e viac nie je naj\u00faspe\u0161nej\u0161\u00ed projekt Slovenska, v\u010faka vl\u00e1dnej koal\u00edcii sa z neho st\u00e1va fra\u0161ka a na tieto eur\u00f3pske zdroje m\u00f4\u017eu ob\u010dania zabudn\u00fa\u0165. Demokrati zverej\u0148uj\u00fa intern\u00fa komunik\u00e1ciu medzi \u00daradom vl\u00e1dy SR a Ministerstvom \u017eivotn\u00e9ho prostredia SR, z ktorej jednozna\u010dne vypl\u00fdva, \u017ee z\u00e1mer Tarabu a Kuffu oklie\u0161\u0165ova\u0165 n\u00e1rodn\u00e9 parky a zni\u017eova\u0165 ich ochranu cez tzv. pr\u00edrodn\u00e9 parky v\u00e1\u017ene ohrozuje reformu n\u00e1rodn\u00fdch parkov pl\u00e1nu obnovy.&nbsp;<\/strong><\/p>\n\n\n\n<p>N\u00e1rodn\u00e1 implementa\u010dn\u00e1 a koordina\u010dn\u00e1 autorita (NIKA) pod podpredsedom vl\u00e1dy Petrom Kmecom upozor\u0148uje Tarabovo ministerstvo, \u017ee ich z\u00e1mery sp\u00f4sobia ohrozenie viac ako 4 mld. eur z pl\u00e1nu obnovy. A to len preto, aby jednotlivci dostali svoju finan\u010dn\u00fa odplatu za \u0165a\u017ebu dreva v na\u0161ich najcennej\u0161\u00edch chr\u00e1nen\u00fdch \u00fazemiach.<\/p>\n\n\n\n<p>\u201e<em>Zru\u0161enie N\u00e1rodn\u00fdch parkov a zn\u00ed\u017eenie stup\u0148a ochrany pr\u00edrody na ich \u00fazem\u00ed by bolo v priamom rozpore s reformou &#8230; pl\u00e1nu obnovy \u2013 reforma ochrany pr\u00edrody&nbsp;a predstavuje zvr\u00e1tenie splnen\u00fdch cie\u013eov a implement\u00e1cie m\u00ed\u013enika reformy ochrany pr\u00edrody a vysok\u00e9 riziko uplatnenia sankci\u00ed zo strany E\u00da. Tieto sankcie m\u00f4\u017eu ohrozi\u0165 \u010derpanie \u010fal\u0161\u00edch prostriedkov mechanizmu obnovy a odolnosti E\u00da celkovo.<\/em>&#8221; Toto je cit\u00e1cia z internej komunik\u00e1cie medzi \u00daradom vl\u00e1dy SR a Ministerstvom \u017eivotn\u00e9ho prostredia SR, ktor\u00fa z\u00edskali Demokrati.&nbsp;<\/p>\n\n\n\n<p>M\u00e1me to \u010dierne na bielom, ru\u0161enie n\u00e1rodn\u00fdch parkov a nahr\u00e1dzanie ich lacnou verziou v podobe pr\u00edrodn\u00fdch parkov s ni\u017e\u0161ou ochranou, si vyberie svoju da\u0148. V tomto konkr\u00e9tnom pr\u00edpade ju vieme rovno aj vy\u010d\u00edsli\u0165 a 4,3 miliardy eur, ktor\u00e9 sme mali z\u00edska\u0165 za zost\u00e1vaj\u00face platby pl\u00e1nu obnovy, m\u00f4\u017ee prepadn\u00fa\u0165. \u201e<em>Za t\u00fato sumu sme mohli stava\u0165 \u0161koly, nemocnice, rekon\u0161truova\u0165 budovy \u010di rodinn\u00e9 domy, av\u0161ak vl\u00e1da sa rozhodla, \u017ee miesto verejn\u00e9ho z\u00e1ujmu a ochrany pr\u00edrody, z ktorej by mal \u00fa\u017eitok ka\u017ed\u00fd ob\u010dan, uprednostn\u00ed z\u00e1ujem jednotlivcov, ktor\u00ed v\u010faka zn\u00ed\u017eeniu stup\u0148u ochrany, bud\u00fa m\u00f4c\u0165 nanovo \u0165a\u017ei\u0165 drevo na \u00fazem\u00ed n\u00e1rodn\u00fdch parkov, aby si zarobili r\u00e1dovo p\u00e1r mili\u00f3nov eur do ich va\u010dku,<\/em>&#8221; hovor\u00ed Michal Ki\u010da, expert na \u017eivotn\u00e9 prostredie a \u010dlen predsedn\u00edctva strany Demokrati.<\/p>\n\n\n\n<p>Reformou n\u00e1rodn\u00fdch parkov sme sa zaviazali chr\u00e1ni\u0165 na\u0161e vz\u00e1cne biotopy a hlavne zastavi\u0165 mas\u00edvne v\u00fdruby lesov, ktor\u00e9 by mali by\u0165 na\u0161ou n\u00e1rodnou hrdos\u0165ou. Paradoxne, hlavne predstavitelia SNS to vidia inak a absol\u00fatne rezignuj\u00fa na ochranu pr\u00edrody, ktor\u00fa v\u00f4bec nevn\u00edmaj\u00fa v kontexte n\u00e1\u0161ho n\u00e1rodn\u00e9ho dedi\u010dstva. Dnes u\u017e vieme, \u017ee pod\u013ea ich pl\u00e1nov maj\u00fa takto prakticky zanikn\u00fa\u0165 minim\u00e1lne dva n\u00e1rodn\u00e9 parky, a to Poloniny a Mal\u00e1 Fatra. Na \u010dasti ich \u00fazemia chc\u00fa vyhl\u00e1si\u0165 tzv. pr\u00edrodn\u00e9 parky s ni\u017e\u0161\u00edm stup\u0148om ochrany, ktor\u00fd umo\u017en\u00ed roz\u0161\u00edrenie komer\u010dnej \u0165a\u017eby dreva.&nbsp;<\/p>\n\n\n\n<p>\u201e<em>Pokia\u013e na d\u00f4sledky z\u00e1merov Tarabovho rezortu explicitne upozor\u0148uje t\u00edm podpredsedu vl\u00e1dy pre pl\u00e1n obnovy Kmeca, jedn\u00e1 sa o mimoriadne z\u00e1va\u017en\u00fd sign\u00e1l. Tak\u00e9to stanovisk\u00e1 toti\u017e nevznikaj\u00fa bez poznania situ\u00e1cie v Eur\u00f3pskej komisii. Pova\u017eujem za \u0161okuj\u00face, \u017ee Tarabov rezort ich ignoruje a je pripraven\u00fd obetova\u0165 viac ako 4 mld. eur len preto, aby \u00fazkej skupine \u0165a\u017eiarov a developerov umo\u017enil benefitova\u0165 na \u00fakor najcennej\u0161\u00edch \u00fazem\u00ed v na\u0161ej pr\u00edrode. Netr\u00e1pi ich, \u017ee pr\u00eddeme o peniaze pre na\u0161ich ob\u010danov a u\u017e v\u00f4bec ich netr\u00e1pia n\u00e1sledky klimatick\u00fdch zmien, pred ktor\u00fdmi by n\u00e1m pr\u00edroda poskytla \u00fato\u010disko<\/em>&#8221;, uzatv\u00e1ra Jaroslav Na\u010f predseda strany Demokrati.<\/p>\n\n\n\n<div data-wp-interactive=\"core\/file\" class=\"wp-block-file\"><object data-wp-bind--hidden=\"!state.hasPdfPreview\" hidden class=\"wp-block-file__embed\" data=\"https:\/\/www.smedemokrati.sk\/wp-content\/uploads\/2024\/06\/240529_NIKA_Infoziadost_M_Kica-anon_-003.pdf\" type=\"application\/pdf\" style=\"width:100%;height:600px\" aria-label=\"Inb\u00e4ddning av 240529_NIKA_Infoziadost_M_Kica-anon_-003.\"><\/object><a id=\"wp-block-file--media-9b17bf56-2982-4cfb-920b-ae09dc285d3a\" href=\"https:\/\/www.smedemokrati.sk\/wp-content\/uploads\/2024\/06\/240529_NIKA_Infoziadost_M_Kica-anon_-003.pdf\">240529_NIKA_Infoziadost_M_Kica-anon_-003<\/a><a href=\"https:\/\/www.smedemokrati.sk\/wp-content\/uploads\/2024\/06\/240529_NIKA_Infoziadost_M_Kica-anon_-003.pdf\" class=\"wp-block-file__button wp-element-button\" download aria-describedby=\"wp-block-file--media-9b17bf56-2982-4cfb-920b-ae09dc285d3a\">Stiahnu\u0165<\/a><\/div>\n\n\n\n<figure class=\"wp-block-video\"><video height=\"1080\" style=\"aspect-ratio: 1920 \/ 1080;\" width=\"1920\" controls src=\"https:\/\/www.smedemokrati.sk\/wp-content\/uploads\/2024\/06\/IMG_0263.mov\"><\/video><\/figure>\n","protected":false},"excerpt":{"rendered":"<p>Pl\u00e1n obnovy u\u017e viac nie je naj\u00faspe\u0161nej\u0161\u00ed projekt Slovenska, v\u010faka vl\u00e1dnej koal\u00edcii sa z neho st\u00e1va fra\u0161ka a na tieto eur\u00f3pske zdroje m\u00f4\u017eu ob\u010dania zabudn\u00fa\u0165. Demokrati zverej\u0148uj\u00fa intern\u00fa komunik\u00e1ciu medzi \u00daradom vl\u00e1dy SR a Ministerstvom \u017eivotn\u00e9ho prostredia SR, z ktorej jednozna\u010dne vypl\u00fdva, \u017ee z\u00e1mer Tarabu a Kuffu oklie\u0161\u0165ova\u0165 n\u00e1rodn\u00e9 parky a zni\u017eova\u0165 ich ochranu cez [&hellip;]<\/p>\n","protected":false},"author":13,"featured_media":4340,"comment_status":"closed","ping_status":"closed","sticky":false,"template":"","format":"standard","meta":{"_acf_changed":false,"ngg_post_thumbnail":0,"footnotes":""},"categories":[4],"tags":[],"class_list":["post-4339","post","type-post","status-publish","format-standard","has-post-thumbnail","hentry","category-tlacove-spravy"],"acf":[],"yoast_head":"<!-- This site is optimized with the Yoast SEO plugin v27.2 - https:\/\/yoast.com\/product\/yoast-seo-wordpress\/ -->\n<title>Zistenie Demokratov: Viac ako 4 miliardy eur pre v\u0161etk\u00fdch obetuj\u00fa pre osobn\u00fd zisk z ni\u010denia pr\u00edrody<\/title>\n<meta name=\"robots\" content=\"index, follow, max-snippet:-1, max-image-preview:large, max-video-preview:-1\" \/>\n<link rel=\"canonical\" href=\"https:\/\/www.smedemokrati.sk\/sv\/zistenie-demokratov-viac-ako-4-mld-eur-pre-vsetkych-obetuju-pre-osobny-zisk-z-nicenia-prirody\/\" \/>\n<meta property=\"og:locale\" content=\"sv_SE\" \/>\n<meta property=\"og:locale:alternate\" content=\"en_US\" \/>\n<meta property=\"og:locale:alternate\" content=\"cs_CZ\" \/>\n<meta property=\"og:locale:alternate\" content=\"hu_HU\" \/>\n<meta property=\"og:locale:alternate\" content=\"sk_SK\" \/>\n<meta property=\"og:type\" content=\"article\" \/>\n<meta property=\"og:title\" content=\"Zistenie Demokratov: Viac ako 4 miliardy eur pre v\u0161etk\u00fdch obetuj\u00fa pre osobn\u00fd zisk z ni\u010denia pr\u00edrody\" \/>\n<meta property=\"og:description\" content=\"Pl\u00e1n obnovy u\u017e viac nie je naj\u00faspe\u0161nej\u0161\u00ed projekt Slovenska, v\u010faka vl\u00e1dnej koal\u00edcii sa z neho st\u00e1va fra\u0161ka a na tieto eur\u00f3pske zdroje m\u00f4\u017eu ob\u010dania zabudn\u00fa\u0165. Demokrati zverej\u0148uj\u00fa intern\u00fa komunik\u00e1ciu medzi \u00daradom vl\u00e1dy SR a Ministerstvom \u017eivotn\u00e9ho prostredia SR, z ktorej jednozna\u010dne vypl\u00fdva, \u017ee z\u00e1mer Tarabu a Kuffu oklie\u0161\u0165ova\u0165 n\u00e1rodn\u00e9 parky a zni\u017eova\u0165 ich ochranu cez [&hellip;]\" \/>\n<meta property=\"og:url\" content=\"https:\/\/www.smedemokrati.sk\/sv\/zistenie-demokratov-viac-ako-4-mld-eur-pre-vsetkych-obetuju-pre-osobny-zisk-z-nicenia-prirody\/\" \/>\n<meta property=\"og:site_name\" content=\"Smedemokrati.sk\" \/>\n<meta property=\"article:publisher\" content=\"https:\/\/www.facebook.com\/smedemokrati2023\" \/>\n<meta property=\"article:published_time\" content=\"2024-06-05T07:46:37+00:00\" \/>\n<meta property=\"article:modified_time\" content=\"2024-06-14T05:27:45+00:00\" \/>\n<meta property=\"og:image\" content=\"https:\/\/www.smedemokrati.sk\/wp-content\/uploads\/2024\/06\/kica-miliardy.jpg\" \/>\n\t<meta property=\"og:image:width\" content=\"2025\" \/>\n\t<meta property=\"og:image:height\" content=\"1179\" \/>\n\t<meta property=\"og:image:type\" content=\"image\/jpeg\" \/>\n<meta name=\"author\" content=\"miro.sopko\" \/>\n<meta name=\"twitter:card\" content=\"summary_large_image\" \/>\n<meta name=\"twitter:label1\" content=\"Skriven av\" \/>\n\t<meta name=\"twitter:data1\" content=\"miro.sopko\" \/>\n\t<meta name=\"twitter:label2\" content=\"Ber\u00e4knad l\u00e4stid\" \/>\n\t<meta name=\"twitter:data2\" content=\"3 minuter\" \/>\n<script type=\"application\/ld+json\" class=\"yoast-schema-graph\">{\"@context\":\"https:\/\/schema.org\",\"@graph\":[{\"@type\":\"Article\",\"@id\":\"https:\/\/www.smedemokrati.sk\/zistenie-demokratov-viac-ako-4-mld-eur-pre-vsetkych-obetuju-pre-osobny-zisk-z-nicenia-prirody\/#article\",\"isPartOf\":{\"@id\":\"https:\/\/www.smedemokrati.sk\/zistenie-demokratov-viac-ako-4-mld-eur-pre-vsetkych-obetuju-pre-osobny-zisk-z-nicenia-prirody\/\"},\"author\":{\"name\":\"miro.sopko\",\"@id\":\"https:\/\/www.smedemokrati.sk\/#\/schema\/person\/21f147c88d605aa7ded900e1e7c344ba\"},\"headline\":\"Zistenie Demokratov: Viac ako 4 miliardy eur pre v\u0161etk\u00fdch obetuj\u00fa pre osobn\u00fd zisk z ni\u010denia pr\u00edrody\",\"datePublished\":\"2024-06-05T07:46:37+00:00\",\"dateModified\":\"2024-06-14T05:27:45+00:00\",\"mainEntityOfPage\":{\"@id\":\"https:\/\/www.smedemokrati.sk\/zistenie-demokratov-viac-ako-4-mld-eur-pre-vsetkych-obetuju-pre-osobny-zisk-z-nicenia-prirody\/\"},\"wordCount\":670,\"publisher\":{\"@id\":\"https:\/\/www.smedemokrati.sk\/#organization\"},\"image\":{\"@id\":\"https:\/\/www.smedemokrati.sk\/zistenie-demokratov-viac-ako-4-mld-eur-pre-vsetkych-obetuju-pre-osobny-zisk-z-nicenia-prirody\/#primaryimage\"},\"thumbnailUrl\":\"https:\/\/www.smedemokrati.sk\/wp-content\/uploads\/2024\/06\/kica-miliardy.jpg\",\"articleSection\":[\"Tla\u010dov\u00e9 spr\u00e1vy\"],\"inLanguage\":\"sv-SE\"},{\"@type\":\"WebPage\",\"@id\":\"https:\/\/www.smedemokrati.sk\/zistenie-demokratov-viac-ako-4-mld-eur-pre-vsetkych-obetuju-pre-osobny-zisk-z-nicenia-prirody\/\",\"url\":\"https:\/\/www.smedemokrati.sk\/zistenie-demokratov-viac-ako-4-mld-eur-pre-vsetkych-obetuju-pre-osobny-zisk-z-nicenia-prirody\/\",\"name\":\"Zistenie Demokratov: Viac ako 4 miliardy eur pre v\u0161etk\u00fdch obetuj\u00fa pre osobn\u00fd zisk z ni\u010denia pr\u00edrody\",\"isPartOf\":{\"@id\":\"https:\/\/www.smedemokrati.sk\/#website\"},\"primaryImageOfPage\":{\"@id\":\"https:\/\/www.smedemokrati.sk\/zistenie-demokratov-viac-ako-4-mld-eur-pre-vsetkych-obetuju-pre-osobny-zisk-z-nicenia-prirody\/#primaryimage\"},\"image\":{\"@id\":\"https:\/\/www.smedemokrati.sk\/zistenie-demokratov-viac-ako-4-mld-eur-pre-vsetkych-obetuju-pre-osobny-zisk-z-nicenia-prirody\/#primaryimage\"},\"thumbnailUrl\":\"https:\/\/www.smedemokrati.sk\/wp-content\/uploads\/2024\/06\/kica-miliardy.jpg\",\"datePublished\":\"2024-06-05T07:46:37+00:00\",\"dateModified\":\"2024-06-14T05:27:45+00:00\",\"breadcrumb\":{\"@id\":\"https:\/\/www.smedemokrati.sk\/zistenie-demokratov-viac-ako-4-mld-eur-pre-vsetkych-obetuju-pre-osobny-zisk-z-nicenia-prirody\/#breadcrumb\"},\"inLanguage\":\"sv-SE\",\"potentialAction\":[{\"@type\":\"ReadAction\",\"target\":[\"https:\/\/www.smedemokrati.sk\/zistenie-demokratov-viac-ako-4-mld-eur-pre-vsetkych-obetuju-pre-osobny-zisk-z-nicenia-prirody\/\"]}]},{\"@type\":\"ImageObject\",\"inLanguage\":\"sv-SE\",\"@id\":\"https:\/\/www.smedemokrati.sk\/zistenie-demokratov-viac-ako-4-mld-eur-pre-vsetkych-obetuju-pre-osobny-zisk-z-nicenia-prirody\/#primaryimage\",\"url\":\"https:\/\/www.smedemokrati.sk\/wp-content\/uploads\/2024\/06\/kica-miliardy.jpg\",\"contentUrl\":\"https:\/\/www.smedemokrati.sk\/wp-content\/uploads\/2024\/06\/kica-miliardy.jpg\",\"width\":2025,\"height\":1179},{\"@type\":\"BreadcrumbList\",\"@id\":\"https:\/\/www.smedemokrati.sk\/zistenie-demokratov-viac-ako-4-mld-eur-pre-vsetkych-obetuju-pre-osobny-zisk-z-nicenia-prirody\/#breadcrumb\",\"itemListElement\":[{\"@type\":\"ListItem\",\"position\":1,\"name\":\"Domovsk\u00e1 str\u00e1nka\",\"item\":\"https:\/\/www.smedemokrati.sk\/\"},{\"@type\":\"ListItem\",\"position\":2,\"name\":\"Zistenie Demokratov: Viac ako 4 miliardy eur pre v\u0161etk\u00fdch obetuj\u00fa pre osobn\u00fd zisk z ni\u010denia pr\u00edrody\"}]},{\"@type\":\"WebSite\",\"@id\":\"https:\/\/www.smedemokrati.sk\/#website\",\"url\":\"https:\/\/www.smedemokrati.sk\/\",\"name\":\"Smedemokrati.sk\",\"description\":\"Demokracia a slu\u0161nos\u0165 zv\u00ed\u0165az\u00ed\",\"publisher\":{\"@id\":\"https:\/\/www.smedemokrati.sk\/#organization\"},\"potentialAction\":[{\"@type\":\"SearchAction\",\"target\":{\"@type\":\"EntryPoint\",\"urlTemplate\":\"https:\/\/www.smedemokrati.sk\/?s={search_term_string}\"},\"query-input\":{\"@type\":\"PropertyValueSpecification\",\"valueRequired\":true,\"valueName\":\"search_term_string\"}}],\"inLanguage\":\"sv-SE\"},{\"@type\":\"Organization\",\"@id\":\"https:\/\/www.smedemokrati.sk\/#organization\",\"name\":\"Smedemokrati.sk\",\"url\":\"https:\/\/www.smedemokrati.sk\/\",\"logo\":{\"@type\":\"ImageObject\",\"inLanguage\":\"sv-SE\",\"@id\":\"https:\/\/www.smedemokrati.sk\/#\/schema\/logo\/image\/\",\"url\":\"https:\/\/www.smedemokrati.sk\/wp-content\/uploads\/2023\/04\/ff.002.jpeg\",\"contentUrl\":\"https:\/\/www.smedemokrati.sk\/wp-content\/uploads\/2023\/04\/ff.002.jpeg\",\"width\":640,\"height\":480,\"caption\":\"Smedemokrati.sk\"},\"image\":{\"@id\":\"https:\/\/www.smedemokrati.sk\/#\/schema\/logo\/image\/\"},\"sameAs\":[\"https:\/\/www.facebook.com\/smedemokrati2023\"]},{\"@type\":\"Person\",\"@id\":\"https:\/\/www.smedemokrati.sk\/#\/schema\/person\/21f147c88d605aa7ded900e1e7c344ba\",\"name\":\"miro.sopko\",\"image\":{\"@type\":\"ImageObject\",\"inLanguage\":\"sv-SE\",\"@id\":\"https:\/\/secure.gravatar.com\/avatar\/267e4a36f704376c109afe3a78740c1f5dd8675a2180a908699e7863c9247606?s=96&d=mm&r=g\",\"url\":\"https:\/\/secure.gravatar.com\/avatar\/267e4a36f704376c109afe3a78740c1f5dd8675a2180a908699e7863c9247606?s=96&d=mm&r=g\",\"contentUrl\":\"https:\/\/secure.gravatar.com\/avatar\/267e4a36f704376c109afe3a78740c1f5dd8675a2180a908699e7863c9247606?s=96&d=mm&r=g\",\"caption\":\"miro.sopko\"},\"url\":\"https:\/\/www.smedemokrati.sk\/sv\/author\/miro-sopko\/\"}]}<\/script>\n<!-- \/ Yoast SEO plugin. -->","yoast_head_json":{"title":"Zistenie Demokratov: Viac ako 4 miliardy eur pre v\u0161etk\u00fdch obetuj\u00fa pre osobn\u00fd zisk z ni\u010denia pr\u00edrody","robots":{"index":"index","follow":"follow","max-snippet":"max-snippet:-1","max-image-preview":"max-image-preview:large","max-video-preview":"max-video-preview:-1"},"canonical":"https:\/\/www.smedemokrati.sk\/sv\/zistenie-demokratov-viac-ako-4-mld-eur-pre-vsetkych-obetuju-pre-osobny-zisk-z-nicenia-prirody\/","og_locale":"sv_SE","og_type":"article","og_title":"[:sk]Zistenie Demokratov: Viac ako 4 miliardy eur pre v\u0161etk\u00fdch obetuj\u00fa pre osobn\u00fd zisk z ni\u010denia pr\u00edrody[:] - Smedemokrati.sk","og_description":"Pl\u00e1n obnovy u\u017e viac nie je naj\u00faspe\u0161nej\u0161\u00ed projekt Slovenska, v\u010faka vl\u00e1dnej koal\u00edcii sa z neho st\u00e1va fra\u0161ka a na tieto eur\u00f3pske zdroje m\u00f4\u017eu ob\u010dania zabudn\u00fa\u0165. Demokrati zverej\u0148uj\u00fa intern\u00fa komunik\u00e1ciu medzi \u00daradom vl\u00e1dy SR a Ministerstvom \u017eivotn\u00e9ho prostredia SR, z ktorej jednozna\u010dne vypl\u00fdva, \u017ee z\u00e1mer Tarabu a Kuffu oklie\u0161\u0165ova\u0165 n\u00e1rodn\u00e9 parky a zni\u017eova\u0165 ich ochranu cez [&hellip;]","og_url":"https:\/\/www.smedemokrati.sk\/sv\/zistenie-demokratov-viac-ako-4-mld-eur-pre-vsetkych-obetuju-pre-osobny-zisk-z-nicenia-prirody\/","og_site_name":"Smedemokrati.sk","article_publisher":"https:\/\/www.facebook.com\/smedemokrati2023","article_published_time":"2024-06-05T07:46:37+00:00","article_modified_time":"2024-06-14T05:27:45+00:00","og_image":[{"width":2025,"height":1179,"url":"https:\/\/www.smedemokrati.sk\/wp-content\/uploads\/2024\/06\/kica-miliardy.jpg","type":"image\/jpeg"}],"author":"miro.sopko","twitter_card":"summary_large_image","twitter_misc":{"Skriven av":"miro.sopko","Ber\u00e4knad l\u00e4stid":"3 minuter"},"schema":{"@context":"https:\/\/schema.org","@graph":[{"@type":"Article","@id":"https:\/\/www.smedemokrati.sk\/zistenie-demokratov-viac-ako-4-mld-eur-pre-vsetkych-obetuju-pre-osobny-zisk-z-nicenia-prirody\/#article","isPartOf":{"@id":"https:\/\/www.smedemokrati.sk\/zistenie-demokratov-viac-ako-4-mld-eur-pre-vsetkych-obetuju-pre-osobny-zisk-z-nicenia-prirody\/"},"author":{"name":"miro.sopko","@id":"https:\/\/www.smedemokrati.sk\/#\/schema\/person\/21f147c88d605aa7ded900e1e7c344ba"},"headline":"Zistenie Demokratov: Viac ako 4 miliardy eur pre v\u0161etk\u00fdch obetuj\u00fa pre osobn\u00fd zisk z ni\u010denia pr\u00edrody","datePublished":"2024-06-05T07:46:37+00:00","dateModified":"2024-06-14T05:27:45+00:00","mainEntityOfPage":{"@id":"https:\/\/www.smedemokrati.sk\/zistenie-demokratov-viac-ako-4-mld-eur-pre-vsetkych-obetuju-pre-osobny-zisk-z-nicenia-prirody\/"},"wordCount":670,"publisher":{"@id":"https:\/\/www.smedemokrati.sk\/#organization"},"image":{"@id":"https:\/\/www.smedemokrati.sk\/zistenie-demokratov-viac-ako-4-mld-eur-pre-vsetkych-obetuju-pre-osobny-zisk-z-nicenia-prirody\/#primaryimage"},"thumbnailUrl":"https:\/\/www.smedemokrati.sk\/wp-content\/uploads\/2024\/06\/kica-miliardy.jpg","articleSection":["Tla\u010dov\u00e9 spr\u00e1vy"],"inLanguage":"sv-SE"},{"@type":"WebPage","@id":"https:\/\/www.smedemokrati.sk\/zistenie-demokratov-viac-ako-4-mld-eur-pre-vsetkych-obetuju-pre-osobny-zisk-z-nicenia-prirody\/","url":"https:\/\/www.smedemokrati.sk\/zistenie-demokratov-viac-ako-4-mld-eur-pre-vsetkych-obetuju-pre-osobny-zisk-z-nicenia-prirody\/","name":"Zistenie Demokratov: Viac ako 4 miliardy eur pre v\u0161etk\u00fdch obetuj\u00fa pre osobn\u00fd zisk z ni\u010denia pr\u00edrody","isPartOf":{"@id":"https:\/\/www.smedemokrati.sk\/#website"},"primaryImageOfPage":{"@id":"https:\/\/www.smedemokrati.sk\/zistenie-demokratov-viac-ako-4-mld-eur-pre-vsetkych-obetuju-pre-osobny-zisk-z-nicenia-prirody\/#primaryimage"},"image":{"@id":"https:\/\/www.smedemokrati.sk\/zistenie-demokratov-viac-ako-4-mld-eur-pre-vsetkych-obetuju-pre-osobny-zisk-z-nicenia-prirody\/#primaryimage"},"thumbnailUrl":"https:\/\/www.smedemokrati.sk\/wp-content\/uploads\/2024\/06\/kica-miliardy.jpg","datePublished":"2024-06-05T07:46:37+00:00","dateModified":"2024-06-14T05:27:45+00:00","breadcrumb":{"@id":"https:\/\/www.smedemokrati.sk\/zistenie-demokratov-viac-ako-4-mld-eur-pre-vsetkych-obetuju-pre-osobny-zisk-z-nicenia-prirody\/#breadcrumb"},"inLanguage":"sv-SE","potentialAction":[{"@type":"ReadAction","target":["https:\/\/www.smedemokrati.sk\/zistenie-demokratov-viac-ako-4-mld-eur-pre-vsetkych-obetuju-pre-osobny-zisk-z-nicenia-prirody\/"]}]},{"@type":"ImageObject","inLanguage":"sv-SE","@id":"https:\/\/www.smedemokrati.sk\/zistenie-demokratov-viac-ako-4-mld-eur-pre-vsetkych-obetuju-pre-osobny-zisk-z-nicenia-prirody\/#primaryimage","url":"https:\/\/www.smedemokrati.sk\/wp-content\/uploads\/2024\/06\/kica-miliardy.jpg","contentUrl":"https:\/\/www.smedemokrati.sk\/wp-content\/uploads\/2024\/06\/kica-miliardy.jpg","width":2025,"height":1179},{"@type":"BreadcrumbList","@id":"https:\/\/www.smedemokrati.sk\/zistenie-demokratov-viac-ako-4-mld-eur-pre-vsetkych-obetuju-pre-osobny-zisk-z-nicenia-prirody\/#breadcrumb","itemListElement":[{"@type":"ListItem","position":1,"name":"Domovsk\u00e1 str\u00e1nka","item":"https:\/\/www.smedemokrati.sk\/"},{"@type":"ListItem","position":2,"name":"Zistenie Demokratov: Viac ako 4 miliardy eur pre v\u0161etk\u00fdch obetuj\u00fa pre osobn\u00fd zisk z ni\u010denia pr\u00edrody"}]},{"@type":"WebSite","@id":"https:\/\/www.smedemokrati.sk\/#website","url":"https:\/\/www.smedemokrati.sk\/","name":"Smedemokrati.sk","description":"Demokracia a slu\u0161nos\u0165 zv\u00ed\u0165az\u00ed","publisher":{"@id":"https:\/\/www.smedemokrati.sk\/#organization"},"potentialAction":[{"@type":"SearchAction","target":{"@type":"EntryPoint","urlTemplate":"https:\/\/www.smedemokrati.sk\/?s={search_term_string}"},"query-input":{"@type":"PropertyValueSpecification","valueRequired":true,"valueName":"search_term_string"}}],"inLanguage":"sv-SE"},{"@type":"Organization","@id":"https:\/\/www.smedemokrati.sk\/#organization","name":"Smedemokrati.sk","url":"https:\/\/www.smedemokrati.sk\/","logo":{"@type":"ImageObject","inLanguage":"sv-SE","@id":"https:\/\/www.smedemokrati.sk\/#\/schema\/logo\/image\/","url":"https:\/\/www.smedemokrati.sk\/wp-content\/uploads\/2023\/04\/ff.002.jpeg","contentUrl":"https:\/\/www.smedemokrati.sk\/wp-content\/uploads\/2023\/04\/ff.002.jpeg","width":640,"height":480,"caption":"Smedemokrati.sk"},"image":{"@id":"https:\/\/www.smedemokrati.sk\/#\/schema\/logo\/image\/"},"sameAs":["https:\/\/www.facebook.com\/smedemokrati2023"]},{"@type":"Person","@id":"https:\/\/www.smedemokrati.sk\/#\/schema\/person\/21f147c88d605aa7ded900e1e7c344ba","name":"miro.sopko","image":{"@type":"ImageObject","inLanguage":"sv-SE","@id":"https:\/\/secure.gravatar.com\/avatar\/267e4a36f704376c109afe3a78740c1f5dd8675a2180a908699e7863c9247606?s=96&d=mm&r=g","url":"https:\/\/secure.gravatar.com\/avatar\/267e4a36f704376c109afe3a78740c1f5dd8675a2180a908699e7863c9247606?s=96&d=mm&r=g","contentUrl":"https:\/\/secure.gravatar.com\/avatar\/267e4a36f704376c109afe3a78740c1f5dd8675a2180a908699e7863c9247606?s=96&d=mm&r=g","caption":"miro.sopko"},"url":"https:\/\/www.smedemokrati.sk\/sv\/author\/miro-sopko\/"}]}},"_links":{"self":[{"href":"https:\/\/www.smedemokrati.sk\/sv\/wp-json\/wp\/v2\/posts\/4339","targetHints":{"allow":["GET"]}}],"collection":[{"href":"https:\/\/www.smedemokrati.sk\/sv\/wp-json\/wp\/v2\/posts"}],"about":[{"href":"https:\/\/www.smedemokrati.sk\/sv\/wp-json\/wp\/v2\/types\/post"}],"author":[{"embeddable":true,"href":"https:\/\/www.smedemokrati.sk\/sv\/wp-json\/wp\/v2\/users\/13"}],"replies":[{"embeddable":true,"href":"https:\/\/www.smedemokrati.sk\/sv\/wp-json\/wp\/v2\/comments?post=4339"}],"version-history":[{"count":3,"href":"https:\/\/www.smedemokrati.sk\/sv\/wp-json\/wp\/v2\/posts\/4339\/revisions"}],"predecessor-version":[{"id":4346,"href":"https:\/\/www.smedemokrati.sk\/sv\/wp-json\/wp\/v2\/posts\/4339\/revisions\/4346"}],"wp:featuredmedia":[{"embeddable":true,"href":"https:\/\/www.smedemokrati.sk\/sv\/wp-json\/wp\/v2\/media\/4340"}],"wp:attachment":[{"href":"https:\/\/www.smedemokrati.sk\/sv\/wp-json\/wp\/v2\/media?parent=4339"}],"wp:term":[{"taxonomy":"category","embeddable":true,"href":"https:\/\/www.smedemokrati.sk\/sv\/wp-json\/wp\/v2\/categories?post=4339"},{"taxonomy":"post_tag","embeddable":true,"href":"https:\/\/www.smedemokrati.sk\/sv\/wp-json\/wp\/v2\/tags?post=4339"}],"curies":[{"name":"wp","href":"https:\/\/api.w.org\/{rel}","templated":true}]}}