{"id":4327,"date":"2024-06-04T14:37:01","date_gmt":"2024-06-04T13:37:01","guid":{"rendered":"https:\/\/www.smedemokrati.sk\/?p=4327"},"modified":"2024-06-14T06:27:38","modified_gmt":"2024-06-14T05:27:38","slug":"stefan-hamran-usvedcil-z-klamstiev-roberta-kalinaka-a-matusa-sutaj-estoka","status":"publish","type":"post","link":"https:\/\/www.smedemokrati.sk\/sv\/stefan-hamran-usvedcil-z-klamstiev-roberta-kalinaka-a-matusa-sutaj-estoka\/","title":{"rendered":"\u0160tefan Hamran usved\u010dil z klamstiev R\u00f3berta Kali\u0148\u00e1ka a Mat\u00fa\u0161a \u0160utaj E\u0161toka"},"content":{"rendered":"<div id=\"fb-root\"><\/div>\n\n<p><strong>\u00darad na ochranu \u00fastavn\u00fdch \u010dinite\u013eov spad\u00e1 priamo pod ministra vn\u00fatra, nie policajn\u00e9ho prezidenta. Reaguje \u0160tefan Hamran na obvinenia Roberta Kali\u0148\u00e1ka, ktor\u00fd tvrd\u00ed, \u017ee za zl\u00fa pripravenos\u0165ou pr\u00edslu\u0161n\u00edkov \u00daradu na ochranu \u00fastavn\u00fdch \u010dinite\u013eov, m\u00f4\u017ee pr\u00e1ve b\u00fdval\u00fd \u0161\u00e9f pol\u00edcie Hamran. Hamran tie\u017e reaguje na v\u00fdroky o informa\u010dn\u00fdch syst\u00e9moch Slovenskej informa\u010dnej slu\u017eby, Vojensk\u00e9ho spravodajstva a datab\u00e1z policajn\u00e9ho zboru, tie pod\u013ea Kali\u0148\u00e1ka neboli prepojen\u00e9 a preto do\u0161lo k zlyhaniu.<\/strong><\/p>\n\n\n\n<p>\u0160tefan Hamran reaguje na op\u00e4tovn\u00e9 klamstv\u00e1 R\u00f3berta Kali\u0148\u00e1ka, ktor\u00fd hovor\u00ed, \u017ee za zl\u00fa pripravenos\u0165 ochrancov, vr\u00e1tane t\u00fdch, ktor\u00ed zodpovedali za bezpe\u010dnos\u0165 premi\u00e9ra Fica zodpoved\u00e1 pr\u00e1ve ex\u0161\u00e9f pol\u00edcie \u0160tefan Hamran.\u00a0<em><em><em>\u201e<\/em><\/em>V organiza\u010dnej \u0161trukt\u00fare ministerstva vn\u00fatra je jasne a nepopierate\u013ene nap\u00edsan\u00e9, \u017ee \u00darad na ochranu \u00fastavn\u00fdch \u010dinite\u013eov spad\u00e1 priamo pod ministra vn\u00fatra. \u017diadneho policajn\u00e9ho prezidenta. A \u010duduj sa svete, kto bol najdlh\u0161ie vo funkcii ministra vn\u00fatra?\u00a0<\/em><strong><em>P\u00e1n R\u00f3bert Kali\u0148\u00e1k, cel\u00fdch 10 rokov. Ten p\u00e1n Kali\u0148\u00e1k, ktor\u00fd namiesto toho, aby so svojimi kolegami z koal\u00edcie vyvodili zodpovednos\u0165 za to, \u017ee tu m\u00e1me premi\u00e9ra s priestrelmi, h\u013eadaj\u00fa vinn\u00edka v\u0161ade mo\u017ene.<\/em><\/strong><em>\u201d<\/em>\u00a0Otv\u00e1ra t\u00e9mu \u0160tefan Hamran.\u00a0<\/p>\n\n\n\n<p>\u010ealej pokra\u010duje, \u017ee zastupuj\u00faci premi\u00e9r minim\u00e1lne zav\u00e1dza aj v tom, \u017ee datab\u00e1zy jednotliv\u00fdch spravodajsk\u00fdch a policajn\u00fdch zlo\u017eiek neboli prepojen\u00e9 a preto do\u0161lo k obrovsk\u00e9mu bezpe\u010dnostn\u00e9mu zlyhaniu.\u00a0<em><em><em>\u201e<\/em><\/em>Tie datab\u00e1zy v zmysle z\u00e1kona ani prepojen\u00e9 nem\u00f4\u017eu by\u0165. Syst\u00e9m je nastaven\u00fd jasne, ak nejak\u00e1 zlo\u017eka potrebuje na svoju \u010dinnos\u0165 ist\u00e9 inform\u00e1cie, \u0161tandardn\u00fdm sp\u00f4sobom si o tieto inform\u00e1cie po\u017eiada. Inform\u00e1cie jednotliv\u00fdch slu\u017eieb nefunguj\u00fa ako supermarket, \u017ee si tam ktoko\u013evek m\u00f4\u017ee pr\u00eds\u0165 a zobra\u0165 si \u010do chce. To v\u0161ak neznamen\u00e1, \u017ee tie zlo\u017eky nespolupracuj\u00fa. Naopak spolupracuj\u00fa. Syst\u00e9m zdie\u013eania inform\u00e1ci\u00ed z datab\u00e1z ministerstva vn\u00fatra je v princ\u00edpe rovnak\u00fd, ako bol aj za Roberta Kali\u0148\u00e1ka aj Denisy Sakovej.\u201d\u00a0 h<\/em>ovor\u00ed \u0160tefan Hamran.<\/p>\n\n\n\n<p>Na t\u00e9mu reaguje aj b\u00fdval\u00fd minister obrany Jaroslav Na\u010f a vyzdvihuje spolupr\u00e1cu Vojensk\u00e9ho spravodajstva s \u010fal\u0161\u00edmi zlo\u017ekami:\u00a0<em><em><em>\u201e<\/em><\/em><\/em><strong><em>Ak p\u00e1n Kali\u0148\u00e1k dnes tvrd\u00ed, \u017ee zlo\u017eky medzi sebou nekomunikuj\u00fa, mus\u00ed h\u013eada\u0165 probl\u00e9m vo vlastn\u00fdch radoch a vyvodi\u0165 tam zodpovednos\u0165. Vl\u00e1dnu od okt\u00f3bra.<\/em><\/strong><em>\u00a0Mo\u017eno by bolo dobr\u00e9 za\u010da\u0165 t\u00fdm, \u017ee prestan\u00fa d\u00e1va\u0165 stran\u00edkov na vysoko\u0161pecializovan\u00e9 miesta a najm\u00e4 tak\u00e9, na ktor\u00fdch sa rozhoduje o na\u0161ej bezpe\u010dnosti. Ja chcem naopak, oceni\u0165 spolupr\u00e1cu predo\u0161l\u00fdch veden\u00ed slu\u017eieb a pol\u00edcie, ktor\u00e1 fungovala na vysokej profesion\u00e1lnej \u00farovni. Nikdy sme nenarazili na to, \u017eeby niektor\u00e1 zo zlo\u017eiek nebola s\u00fa\u010dinn\u00e1.\u201d\u00a0<\/em><\/p>\n\n\n\n<p><em><em><em>\u201e<\/em><\/em>Od \u00fatoku na predsedu vl\u00e1dy Roberta Fica sme svedkami neust\u00e1lej propagandy zo strany Roberta Kali\u0148\u00e1ka a Mat\u00fa\u0161a \u0160utaj E\u0161toka. Miesto toho, aby nabrali odvahu a najm\u00e4 p\u00e1n \u0160utaj E\u0161tok vyvodil a prijal politick\u00fa zodpovednos\u0165 za zlyhania pri \u00fatoku na predsedu vl\u00e1dy sa rozhodol, \u017ee on bude \u0161\u00edri\u0165 kon\u0161pir\u00e1cie, dookola \u00fato\u010di\u0165 na politick\u00fdch oponentov, m\u00e9di\u00e1 a v\u0161etk\u00fdch, ktor\u00ed volaj\u00fa po vyvoden\u00ed zodpovednosti.\u00a0<\/em><strong><em>Snaha vytvori\u0165 vo verejnosti dojem, \u017ee ka\u017ed\u00fd, kto kritizuje vl\u00e1dnu moc je rovnak\u00fd ako \u00fato\u010dn\u00edk, ktor\u00fd vystrelil na premi\u00e9ra je zvr\u00e1ten\u00e1.\u00a0<\/em><\/strong><em>Je \u00faplne prirodzen\u00e9, \u017ee \u013eudia maj\u00fa in\u00fd n\u00e1zor na kroky vl\u00e1dy. V\u0161etci maj\u00fa pr\u00e1vo kritizova\u0165 vl\u00e1du a vl\u00e1da m\u00e1 povinnos\u0165 tak\u00fato kritiku znies\u0165. Samozrejme, n\u00e1silie je nepr\u00edpustn\u00e9 a neprijate\u013en\u00e9! Z\u00e1rove\u0148 v\u0161ak odmietame zastra\u0161ovanie a propagandu, ktor\u00fa \u0161\u00edria R\u00f3bert Kali\u0148\u00e1k a Mat\u00fa\u0161 \u0160utaj E\u0161tok.&#8221;\u00a0<\/em>uzatv\u00e1ra podpredseda strany Juraj \u0160eliga<em>.\u00a0<\/em><\/p>\n\n\n\n<iframe src=\"https:\/\/www.facebook.com\/plugins\/video.php?href=https%3A%2F%2Fwww.facebook.com%2Fsmedemokrati2023%2Fvideos%2F342881291912563%2F&#038;width=600&#038;show_text=false&#038;appId=361313990972954&#038;height=338\" width=\"600\" height=\"338\" style=\"border:none;overflow:hidden\" scrolling=\"no\" frameborder=\"0\" allowfullscreen=\"true\" allow=\"autoplay; clipboard-write; encrypted-media; picture-in-picture; web-share\" allowFullScreen=\"true\"><\/iframe>\n","protected":false},"excerpt":{"rendered":"<p>\u00darad na ochranu \u00fastavn\u00fdch \u010dinite\u013eov spad\u00e1 priamo pod ministra vn\u00fatra, nie policajn\u00e9ho prezidenta. Reaguje \u0160tefan Hamran na obvinenia Roberta Kali\u0148\u00e1ka, ktor\u00fd tvrd\u00ed, \u017ee za zl\u00fa pripravenos\u0165ou pr\u00edslu\u0161n\u00edkov \u00daradu na ochranu \u00fastavn\u00fdch \u010dinite\u013eov, m\u00f4\u017ee pr\u00e1ve b\u00fdval\u00fd \u0161\u00e9f pol\u00edcie Hamran. Hamran tie\u017e reaguje na v\u00fdroky o informa\u010dn\u00fdch syst\u00e9moch Slovenskej informa\u010dnej slu\u017eby, Vojensk\u00e9ho spravodajstva a datab\u00e1z policajn\u00e9ho zboru, [&hellip;]<\/p>\n","protected":false},"author":13,"featured_media":4328,"comment_status":"closed","ping_status":"closed","sticky":false,"template":"","format":"standard","meta":{"_acf_changed":false,"ngg_post_thumbnail":0,"footnotes":""},"categories":[4],"tags":[],"class_list":["post-4327","post","type-post","status-publish","format-standard","has-post-thumbnail","hentry","category-tlacove-spravy"],"acf":[],"yoast_head":"<!-- This site is optimized with the Yoast SEO plugin v27.2 - https:\/\/yoast.com\/product\/yoast-seo-wordpress\/ -->\n<title>\u0160tefan Hamran usved\u010dil z klamstiev R\u00f3berta Kali\u0148\u00e1ka a Mat\u00fa\u0161a \u0160utaj E\u0161toka<\/title>\n<meta name=\"robots\" content=\"index, follow, max-snippet:-1, max-image-preview:large, max-video-preview:-1\" \/>\n<link rel=\"canonical\" href=\"https:\/\/www.smedemokrati.sk\/sv\/stefan-hamran-usvedcil-z-klamstiev-roberta-kalinaka-a-matusa-sutaj-estoka\/\" \/>\n<meta property=\"og:locale\" content=\"sv_SE\" \/>\n<meta property=\"og:locale:alternate\" content=\"en_US\" \/>\n<meta property=\"og:locale:alternate\" content=\"cs_CZ\" \/>\n<meta property=\"og:locale:alternate\" content=\"hu_HU\" \/>\n<meta property=\"og:locale:alternate\" content=\"sk_SK\" \/>\n<meta property=\"og:type\" content=\"article\" \/>\n<meta property=\"og:title\" content=\"\u0160tefan Hamran usved\u010dil z klamstiev R\u00f3berta Kali\u0148\u00e1ka a Mat\u00fa\u0161a \u0160utaj E\u0161toka\" \/>\n<meta property=\"og:description\" content=\"\u00darad na ochranu \u00fastavn\u00fdch \u010dinite\u013eov spad\u00e1 priamo pod ministra vn\u00fatra, nie policajn\u00e9ho prezidenta. Reaguje \u0160tefan Hamran na obvinenia Roberta Kali\u0148\u00e1ka, ktor\u00fd tvrd\u00ed, \u017ee za zl\u00fa pripravenos\u0165ou pr\u00edslu\u0161n\u00edkov \u00daradu na ochranu \u00fastavn\u00fdch \u010dinite\u013eov, m\u00f4\u017ee pr\u00e1ve b\u00fdval\u00fd \u0161\u00e9f pol\u00edcie Hamran. Hamran tie\u017e reaguje na v\u00fdroky o informa\u010dn\u00fdch syst\u00e9moch Slovenskej informa\u010dnej slu\u017eby, Vojensk\u00e9ho spravodajstva a datab\u00e1z policajn\u00e9ho zboru, [&hellip;]\" \/>\n<meta property=\"og:url\" content=\"https:\/\/www.smedemokrati.sk\/sv\/stefan-hamran-usvedcil-z-klamstiev-roberta-kalinaka-a-matusa-sutaj-estoka\/\" \/>\n<meta property=\"og:site_name\" content=\"Smedemokrati.sk\" \/>\n<meta property=\"article:publisher\" content=\"https:\/\/www.facebook.com\/smedemokrati2023\" \/>\n<meta property=\"article:published_time\" content=\"2024-06-04T13:37:01+00:00\" \/>\n<meta property=\"article:modified_time\" content=\"2024-06-14T05:27:38+00:00\" \/>\n<meta property=\"og:image\" content=\"https:\/\/www.smedemokrati.sk\/wp-content\/uploads\/2024\/06\/hamran-kalinak.jpg\" \/>\n\t<meta property=\"og:image:width\" content=\"1785\" \/>\n\t<meta property=\"og:image:height\" content=\"1023\" \/>\n\t<meta property=\"og:image:type\" content=\"image\/jpeg\" \/>\n<meta name=\"author\" content=\"miro.sopko\" \/>\n<meta name=\"twitter:card\" content=\"summary_large_image\" \/>\n<meta name=\"twitter:label1\" content=\"Skriven av\" \/>\n\t<meta name=\"twitter:data1\" content=\"miro.sopko\" \/>\n\t<meta name=\"twitter:label2\" content=\"Ber\u00e4knad l\u00e4stid\" \/>\n\t<meta name=\"twitter:data2\" content=\"3 minuter\" \/>\n<script type=\"application\/ld+json\" class=\"yoast-schema-graph\">{\"@context\":\"https:\/\/schema.org\",\"@graph\":[{\"@type\":\"Article\",\"@id\":\"https:\/\/www.smedemokrati.sk\/stefan-hamran-usvedcil-z-klamstiev-roberta-kalinaka-a-matusa-sutaj-estoka\/#article\",\"isPartOf\":{\"@id\":\"https:\/\/www.smedemokrati.sk\/stefan-hamran-usvedcil-z-klamstiev-roberta-kalinaka-a-matusa-sutaj-estoka\/\"},\"author\":{\"name\":\"miro.sopko\",\"@id\":\"https:\/\/www.smedemokrati.sk\/#\/schema\/person\/21f147c88d605aa7ded900e1e7c344ba\"},\"headline\":\"\u0160tefan Hamran usved\u010dil z klamstiev R\u00f3berta Kali\u0148\u00e1ka a Mat\u00fa\u0161a \u0160utaj E\u0161toka\",\"datePublished\":\"2024-06-04T13:37:01+00:00\",\"dateModified\":\"2024-06-14T05:27:38+00:00\",\"mainEntityOfPage\":{\"@id\":\"https:\/\/www.smedemokrati.sk\/stefan-hamran-usvedcil-z-klamstiev-roberta-kalinaka-a-matusa-sutaj-estoka\/\"},\"wordCount\":677,\"publisher\":{\"@id\":\"https:\/\/www.smedemokrati.sk\/#organization\"},\"image\":{\"@id\":\"https:\/\/www.smedemokrati.sk\/stefan-hamran-usvedcil-z-klamstiev-roberta-kalinaka-a-matusa-sutaj-estoka\/#primaryimage\"},\"thumbnailUrl\":\"https:\/\/www.smedemokrati.sk\/wp-content\/uploads\/2024\/06\/hamran-kalinak.jpg\",\"articleSection\":[\"Tla\u010dov\u00e9 spr\u00e1vy\"],\"inLanguage\":\"sv-SE\"},{\"@type\":\"WebPage\",\"@id\":\"https:\/\/www.smedemokrati.sk\/stefan-hamran-usvedcil-z-klamstiev-roberta-kalinaka-a-matusa-sutaj-estoka\/\",\"url\":\"https:\/\/www.smedemokrati.sk\/stefan-hamran-usvedcil-z-klamstiev-roberta-kalinaka-a-matusa-sutaj-estoka\/\",\"name\":\"\u0160tefan Hamran usved\u010dil z klamstiev R\u00f3berta Kali\u0148\u00e1ka a Mat\u00fa\u0161a \u0160utaj E\u0161toka\",\"isPartOf\":{\"@id\":\"https:\/\/www.smedemokrati.sk\/#website\"},\"primaryImageOfPage\":{\"@id\":\"https:\/\/www.smedemokrati.sk\/stefan-hamran-usvedcil-z-klamstiev-roberta-kalinaka-a-matusa-sutaj-estoka\/#primaryimage\"},\"image\":{\"@id\":\"https:\/\/www.smedemokrati.sk\/stefan-hamran-usvedcil-z-klamstiev-roberta-kalinaka-a-matusa-sutaj-estoka\/#primaryimage\"},\"thumbnailUrl\":\"https:\/\/www.smedemokrati.sk\/wp-content\/uploads\/2024\/06\/hamran-kalinak.jpg\",\"datePublished\":\"2024-06-04T13:37:01+00:00\",\"dateModified\":\"2024-06-14T05:27:38+00:00\",\"breadcrumb\":{\"@id\":\"https:\/\/www.smedemokrati.sk\/stefan-hamran-usvedcil-z-klamstiev-roberta-kalinaka-a-matusa-sutaj-estoka\/#breadcrumb\"},\"inLanguage\":\"sv-SE\",\"potentialAction\":[{\"@type\":\"ReadAction\",\"target\":[\"https:\/\/www.smedemokrati.sk\/stefan-hamran-usvedcil-z-klamstiev-roberta-kalinaka-a-matusa-sutaj-estoka\/\"]}]},{\"@type\":\"ImageObject\",\"inLanguage\":\"sv-SE\",\"@id\":\"https:\/\/www.smedemokrati.sk\/stefan-hamran-usvedcil-z-klamstiev-roberta-kalinaka-a-matusa-sutaj-estoka\/#primaryimage\",\"url\":\"https:\/\/www.smedemokrati.sk\/wp-content\/uploads\/2024\/06\/hamran-kalinak.jpg\",\"contentUrl\":\"https:\/\/www.smedemokrati.sk\/wp-content\/uploads\/2024\/06\/hamran-kalinak.jpg\",\"width\":1785,\"height\":1023},{\"@type\":\"BreadcrumbList\",\"@id\":\"https:\/\/www.smedemokrati.sk\/stefan-hamran-usvedcil-z-klamstiev-roberta-kalinaka-a-matusa-sutaj-estoka\/#breadcrumb\",\"itemListElement\":[{\"@type\":\"ListItem\",\"position\":1,\"name\":\"Domovsk\u00e1 str\u00e1nka\",\"item\":\"https:\/\/www.smedemokrati.sk\/\"},{\"@type\":\"ListItem\",\"position\":2,\"name\":\"\u0160tefan Hamran usved\u010dil z klamstiev R\u00f3berta Kali\u0148\u00e1ka a Mat\u00fa\u0161a \u0160utaj E\u0161toka\"}]},{\"@type\":\"WebSite\",\"@id\":\"https:\/\/www.smedemokrati.sk\/#website\",\"url\":\"https:\/\/www.smedemokrati.sk\/\",\"name\":\"Smedemokrati.sk\",\"description\":\"Demokracia a slu\u0161nos\u0165 zv\u00ed\u0165az\u00ed\",\"publisher\":{\"@id\":\"https:\/\/www.smedemokrati.sk\/#organization\"},\"potentialAction\":[{\"@type\":\"SearchAction\",\"target\":{\"@type\":\"EntryPoint\",\"urlTemplate\":\"https:\/\/www.smedemokrati.sk\/?s={search_term_string}\"},\"query-input\":{\"@type\":\"PropertyValueSpecification\",\"valueRequired\":true,\"valueName\":\"search_term_string\"}}],\"inLanguage\":\"sv-SE\"},{\"@type\":\"Organization\",\"@id\":\"https:\/\/www.smedemokrati.sk\/#organization\",\"name\":\"Smedemokrati.sk\",\"url\":\"https:\/\/www.smedemokrati.sk\/\",\"logo\":{\"@type\":\"ImageObject\",\"inLanguage\":\"sv-SE\",\"@id\":\"https:\/\/www.smedemokrati.sk\/#\/schema\/logo\/image\/\",\"url\":\"https:\/\/www.smedemokrati.sk\/wp-content\/uploads\/2023\/04\/ff.002.jpeg\",\"contentUrl\":\"https:\/\/www.smedemokrati.sk\/wp-content\/uploads\/2023\/04\/ff.002.jpeg\",\"width\":640,\"height\":480,\"caption\":\"Smedemokrati.sk\"},\"image\":{\"@id\":\"https:\/\/www.smedemokrati.sk\/#\/schema\/logo\/image\/\"},\"sameAs\":[\"https:\/\/www.facebook.com\/smedemokrati2023\"]},{\"@type\":\"Person\",\"@id\":\"https:\/\/www.smedemokrati.sk\/#\/schema\/person\/21f147c88d605aa7ded900e1e7c344ba\",\"name\":\"miro.sopko\",\"image\":{\"@type\":\"ImageObject\",\"inLanguage\":\"sv-SE\",\"@id\":\"https:\/\/secure.gravatar.com\/avatar\/267e4a36f704376c109afe3a78740c1f5dd8675a2180a908699e7863c9247606?s=96&d=mm&r=g\",\"url\":\"https:\/\/secure.gravatar.com\/avatar\/267e4a36f704376c109afe3a78740c1f5dd8675a2180a908699e7863c9247606?s=96&d=mm&r=g\",\"contentUrl\":\"https:\/\/secure.gravatar.com\/avatar\/267e4a36f704376c109afe3a78740c1f5dd8675a2180a908699e7863c9247606?s=96&d=mm&r=g\",\"caption\":\"miro.sopko\"},\"url\":\"https:\/\/www.smedemokrati.sk\/sv\/author\/miro-sopko\/\"}]}<\/script>\n<!-- \/ Yoast SEO plugin. -->","yoast_head_json":{"title":"\u0160tefan Hamran usved\u010dil z klamstiev R\u00f3berta Kali\u0148\u00e1ka a Mat\u00fa\u0161a \u0160utaj E\u0161toka","robots":{"index":"index","follow":"follow","max-snippet":"max-snippet:-1","max-image-preview":"max-image-preview:large","max-video-preview":"max-video-preview:-1"},"canonical":"https:\/\/www.smedemokrati.sk\/sv\/stefan-hamran-usvedcil-z-klamstiev-roberta-kalinaka-a-matusa-sutaj-estoka\/","og_locale":"sv_SE","og_type":"article","og_title":"[:sk]\u0160tefan Hamran usved\u010dil z klamstiev R\u00f3berta Kali\u0148\u00e1ka a Mat\u00fa\u0161a \u0160utaj E\u0161toka[:] - Smedemokrati.sk","og_description":"\u00darad na ochranu \u00fastavn\u00fdch \u010dinite\u013eov spad\u00e1 priamo pod ministra vn\u00fatra, nie policajn\u00e9ho prezidenta. Reaguje \u0160tefan Hamran na obvinenia Roberta Kali\u0148\u00e1ka, ktor\u00fd tvrd\u00ed, \u017ee za zl\u00fa pripravenos\u0165ou pr\u00edslu\u0161n\u00edkov \u00daradu na ochranu \u00fastavn\u00fdch \u010dinite\u013eov, m\u00f4\u017ee pr\u00e1ve b\u00fdval\u00fd \u0161\u00e9f pol\u00edcie Hamran. Hamran tie\u017e reaguje na v\u00fdroky o informa\u010dn\u00fdch syst\u00e9moch Slovenskej informa\u010dnej slu\u017eby, Vojensk\u00e9ho spravodajstva a datab\u00e1z policajn\u00e9ho zboru, [&hellip;]","og_url":"https:\/\/www.smedemokrati.sk\/sv\/stefan-hamran-usvedcil-z-klamstiev-roberta-kalinaka-a-matusa-sutaj-estoka\/","og_site_name":"Smedemokrati.sk","article_publisher":"https:\/\/www.facebook.com\/smedemokrati2023","article_published_time":"2024-06-04T13:37:01+00:00","article_modified_time":"2024-06-14T05:27:38+00:00","og_image":[{"width":1785,"height":1023,"url":"https:\/\/www.smedemokrati.sk\/wp-content\/uploads\/2024\/06\/hamran-kalinak.jpg","type":"image\/jpeg"}],"author":"miro.sopko","twitter_card":"summary_large_image","twitter_misc":{"Skriven av":"miro.sopko","Ber\u00e4knad l\u00e4stid":"3 minuter"},"schema":{"@context":"https:\/\/schema.org","@graph":[{"@type":"Article","@id":"https:\/\/www.smedemokrati.sk\/stefan-hamran-usvedcil-z-klamstiev-roberta-kalinaka-a-matusa-sutaj-estoka\/#article","isPartOf":{"@id":"https:\/\/www.smedemokrati.sk\/stefan-hamran-usvedcil-z-klamstiev-roberta-kalinaka-a-matusa-sutaj-estoka\/"},"author":{"name":"miro.sopko","@id":"https:\/\/www.smedemokrati.sk\/#\/schema\/person\/21f147c88d605aa7ded900e1e7c344ba"},"headline":"\u0160tefan Hamran usved\u010dil z klamstiev R\u00f3berta Kali\u0148\u00e1ka a Mat\u00fa\u0161a \u0160utaj E\u0161toka","datePublished":"2024-06-04T13:37:01+00:00","dateModified":"2024-06-14T05:27:38+00:00","mainEntityOfPage":{"@id":"https:\/\/www.smedemokrati.sk\/stefan-hamran-usvedcil-z-klamstiev-roberta-kalinaka-a-matusa-sutaj-estoka\/"},"wordCount":677,"publisher":{"@id":"https:\/\/www.smedemokrati.sk\/#organization"},"image":{"@id":"https:\/\/www.smedemokrati.sk\/stefan-hamran-usvedcil-z-klamstiev-roberta-kalinaka-a-matusa-sutaj-estoka\/#primaryimage"},"thumbnailUrl":"https:\/\/www.smedemokrati.sk\/wp-content\/uploads\/2024\/06\/hamran-kalinak.jpg","articleSection":["Tla\u010dov\u00e9 spr\u00e1vy"],"inLanguage":"sv-SE"},{"@type":"WebPage","@id":"https:\/\/www.smedemokrati.sk\/stefan-hamran-usvedcil-z-klamstiev-roberta-kalinaka-a-matusa-sutaj-estoka\/","url":"https:\/\/www.smedemokrati.sk\/stefan-hamran-usvedcil-z-klamstiev-roberta-kalinaka-a-matusa-sutaj-estoka\/","name":"\u0160tefan Hamran usved\u010dil z klamstiev R\u00f3berta Kali\u0148\u00e1ka a Mat\u00fa\u0161a \u0160utaj E\u0161toka","isPartOf":{"@id":"https:\/\/www.smedemokrati.sk\/#website"},"primaryImageOfPage":{"@id":"https:\/\/www.smedemokrati.sk\/stefan-hamran-usvedcil-z-klamstiev-roberta-kalinaka-a-matusa-sutaj-estoka\/#primaryimage"},"image":{"@id":"https:\/\/www.smedemokrati.sk\/stefan-hamran-usvedcil-z-klamstiev-roberta-kalinaka-a-matusa-sutaj-estoka\/#primaryimage"},"thumbnailUrl":"https:\/\/www.smedemokrati.sk\/wp-content\/uploads\/2024\/06\/hamran-kalinak.jpg","datePublished":"2024-06-04T13:37:01+00:00","dateModified":"2024-06-14T05:27:38+00:00","breadcrumb":{"@id":"https:\/\/www.smedemokrati.sk\/stefan-hamran-usvedcil-z-klamstiev-roberta-kalinaka-a-matusa-sutaj-estoka\/#breadcrumb"},"inLanguage":"sv-SE","potentialAction":[{"@type":"ReadAction","target":["https:\/\/www.smedemokrati.sk\/stefan-hamran-usvedcil-z-klamstiev-roberta-kalinaka-a-matusa-sutaj-estoka\/"]}]},{"@type":"ImageObject","inLanguage":"sv-SE","@id":"https:\/\/www.smedemokrati.sk\/stefan-hamran-usvedcil-z-klamstiev-roberta-kalinaka-a-matusa-sutaj-estoka\/#primaryimage","url":"https:\/\/www.smedemokrati.sk\/wp-content\/uploads\/2024\/06\/hamran-kalinak.jpg","contentUrl":"https:\/\/www.smedemokrati.sk\/wp-content\/uploads\/2024\/06\/hamran-kalinak.jpg","width":1785,"height":1023},{"@type":"BreadcrumbList","@id":"https:\/\/www.smedemokrati.sk\/stefan-hamran-usvedcil-z-klamstiev-roberta-kalinaka-a-matusa-sutaj-estoka\/#breadcrumb","itemListElement":[{"@type":"ListItem","position":1,"name":"Domovsk\u00e1 str\u00e1nka","item":"https:\/\/www.smedemokrati.sk\/"},{"@type":"ListItem","position":2,"name":"\u0160tefan Hamran usved\u010dil z klamstiev R\u00f3berta Kali\u0148\u00e1ka a Mat\u00fa\u0161a \u0160utaj E\u0161toka"}]},{"@type":"WebSite","@id":"https:\/\/www.smedemokrati.sk\/#website","url":"https:\/\/www.smedemokrati.sk\/","name":"Smedemokrati.sk","description":"Demokracia a slu\u0161nos\u0165 zv\u00ed\u0165az\u00ed","publisher":{"@id":"https:\/\/www.smedemokrati.sk\/#organization"},"potentialAction":[{"@type":"SearchAction","target":{"@type":"EntryPoint","urlTemplate":"https:\/\/www.smedemokrati.sk\/?s={search_term_string}"},"query-input":{"@type":"PropertyValueSpecification","valueRequired":true,"valueName":"search_term_string"}}],"inLanguage":"sv-SE"},{"@type":"Organization","@id":"https:\/\/www.smedemokrati.sk\/#organization","name":"Smedemokrati.sk","url":"https:\/\/www.smedemokrati.sk\/","logo":{"@type":"ImageObject","inLanguage":"sv-SE","@id":"https:\/\/www.smedemokrati.sk\/#\/schema\/logo\/image\/","url":"https:\/\/www.smedemokrati.sk\/wp-content\/uploads\/2023\/04\/ff.002.jpeg","contentUrl":"https:\/\/www.smedemokrati.sk\/wp-content\/uploads\/2023\/04\/ff.002.jpeg","width":640,"height":480,"caption":"Smedemokrati.sk"},"image":{"@id":"https:\/\/www.smedemokrati.sk\/#\/schema\/logo\/image\/"},"sameAs":["https:\/\/www.facebook.com\/smedemokrati2023"]},{"@type":"Person","@id":"https:\/\/www.smedemokrati.sk\/#\/schema\/person\/21f147c88d605aa7ded900e1e7c344ba","name":"miro.sopko","image":{"@type":"ImageObject","inLanguage":"sv-SE","@id":"https:\/\/secure.gravatar.com\/avatar\/267e4a36f704376c109afe3a78740c1f5dd8675a2180a908699e7863c9247606?s=96&d=mm&r=g","url":"https:\/\/secure.gravatar.com\/avatar\/267e4a36f704376c109afe3a78740c1f5dd8675a2180a908699e7863c9247606?s=96&d=mm&r=g","contentUrl":"https:\/\/secure.gravatar.com\/avatar\/267e4a36f704376c109afe3a78740c1f5dd8675a2180a908699e7863c9247606?s=96&d=mm&r=g","caption":"miro.sopko"},"url":"https:\/\/www.smedemokrati.sk\/sv\/author\/miro-sopko\/"}]}},"_links":{"self":[{"href":"https:\/\/www.smedemokrati.sk\/sv\/wp-json\/wp\/v2\/posts\/4327","targetHints":{"allow":["GET"]}}],"collection":[{"href":"https:\/\/www.smedemokrati.sk\/sv\/wp-json\/wp\/v2\/posts"}],"about":[{"href":"https:\/\/www.smedemokrati.sk\/sv\/wp-json\/wp\/v2\/types\/post"}],"author":[{"embeddable":true,"href":"https:\/\/www.smedemokrati.sk\/sv\/wp-json\/wp\/v2\/users\/13"}],"replies":[{"embeddable":true,"href":"https:\/\/www.smedemokrati.sk\/sv\/wp-json\/wp\/v2\/comments?post=4327"}],"version-history":[{"count":1,"href":"https:\/\/www.smedemokrati.sk\/sv\/wp-json\/wp\/v2\/posts\/4327\/revisions"}],"predecessor-version":[{"id":4329,"href":"https:\/\/www.smedemokrati.sk\/sv\/wp-json\/wp\/v2\/posts\/4327\/revisions\/4329"}],"wp:featuredmedia":[{"embeddable":true,"href":"https:\/\/www.smedemokrati.sk\/sv\/wp-json\/wp\/v2\/media\/4328"}],"wp:attachment":[{"href":"https:\/\/www.smedemokrati.sk\/sv\/wp-json\/wp\/v2\/media?parent=4327"}],"wp:term":[{"taxonomy":"category","embeddable":true,"href":"https:\/\/www.smedemokrati.sk\/sv\/wp-json\/wp\/v2\/categories?post=4327"},{"taxonomy":"post_tag","embeddable":true,"href":"https:\/\/www.smedemokrati.sk\/sv\/wp-json\/wp\/v2\/tags?post=4327"}],"curies":[{"name":"wp","href":"https:\/\/api.w.org\/{rel}","templated":true}]}}