{"id":4285,"date":"2024-06-03T11:54:59","date_gmt":"2024-06-03T10:54:59","guid":{"rendered":"https:\/\/www.smedemokrati.sk\/?p=4285"},"modified":"2024-06-14T06:27:31","modified_gmt":"2024-06-14T05:27:31","slug":"demokrati-a-piratska-strana-podpisali-memorandum-o-spolupraci","status":"publish","type":"post","link":"https:\/\/www.smedemokrati.sk\/sv\/demokrati-a-piratska-strana-podpisali-memorandum-o-spolupraci\/","title":{"rendered":"Demokrati a Pir\u00e1tska strana podp\u00edsali memorandum o spolupr\u00e1ci"},"content":{"rendered":"<div id=\"fb-root\"><\/div>\n\n<p><strong>Pir\u00e1tska strana minul\u00fd t\u00fd\u017ede\u0148 odst\u00fapila z eurovolieb v prospech Demokratov, dnes podp\u00edsali memorandum o spolupr\u00e1ci. T\u00fdka\u0165 sa bude najm\u00e4 oblasti p\u00f4dohospod\u00e1rstva, komun\u00e1lnej politiky a t\u00e9me eur\u00f3pskeho prokur\u00e1tora.<\/strong><\/p>\n\n\n\n<p><em><em><em>\u201e<\/em><\/em>Uvedomujem si zodpovednos\u0165, ktor\u00fa n\u00e1m gestom odst\u00fapenia z eurovolieb odovzdali kolegovia z Pir\u00e1tskej strany. D\u00f4veruj\u00fa na\u0161im osobnostiam z kandid\u00e1tky, na\u0161li sme prieniky v programe a dnes tu stoj\u00edme pre to, aby sme uk\u00e1zali verejnosti, \u017ee spolupracova\u0165 chceme a vieme. Na\u0161e aktivity nekon\u010dia d\u0148om eur\u00f3pskych volieb. Vzh\u013eadom na aktu\u00e1lnu situ\u00e1ciu na prokurat\u00fare, spolo\u010dne vn\u00edmame potrebu posilni\u0165 spravodlivos\u0165 a \u00darad eur\u00f3pskeho prokur\u00e1tora aj na Slovensku.\u201c&nbsp;<\/em>Otv\u00e1ra t\u00e9mu predseda Demokratov Jaroslav Na\u010f a hovor\u00ed o troch priorit\u00e1ch do nadch\u00e1dzaj\u00faceho obdobia.&nbsp;<\/p>\n\n\n\n<p>Strany bud\u00fa spolupracova\u0165 v oblasti p\u00f4dohospod\u00e1rstva, \u010falej v oblasti komun\u00e1lnej politiky, kde bud\u00fa presadzova\u0165 zachovanie verejn\u00e9ho z\u00e1ujmu a bud\u00fa sa usilova\u0165 o spolupr\u00e1cu poslancov miestnych a mestsk\u00fdch zastupite\u013estiev, starostov a prim\u00e1torov. Strany sa tie\u017e dohodli, \u017ee v pr\u00edpade zvolenia do Eur\u00f3pskeho parlamentu bud\u00fa poslanci za Demokratov presadzova\u0165 k\u013e\u00fa\u010dov\u00e9 body programu Pir\u00e1tskej strany, a to najm\u00e4 v oblasti roz\u0161\u00edrenia pr\u00e1vomoc\u00ed pre \u00darad eur\u00f3pskeho prokur\u00e1tora.&nbsp;<\/p>\n\n\n\n<p><em><em><em>\u201e<\/em><\/em>Strana Demokrati ako jedin\u00e1 reflektovala na na\u0161u ponuku spolupr\u00e1ce. V\u00e1\u017eim si slov\u00e1 predsedu Jaroslava Na\u010fa, ktor\u00fd deklaroval, \u017ee bud\u00fa v pr\u00edpade zvolenia presadzova\u0165 t\u00e9my, ktor\u00e9 s\u00fa pre n\u00e1s ako stranu a na\u0161ich voli\u010dov z\u00e1sadn\u00e9. Chcem vyzdvihn\u00fa\u0165 potrebu posilnenia \u00daradu eur\u00f3pskeho prokur\u00e1tora, preto\u017ee sama dobre viem o situ\u00e1cii napr\u00edklad na P\u00f4dohospod\u00e1rskej platobnej agent\u00fare, ktor\u00e1 potrebuje nez\u00e1visl\u00e9 a nepolitick\u00e9 konania.\u201c<\/em>&nbsp;Uzavrela Zuzana \u0160ubov\u00e1, predsedn\u00ed\u010dka Pir\u00e1tskej strany.<\/p>\n\n\n\n<iframe src=\"https:\/\/www.facebook.com\/plugins\/video.php?href=https%3A%2F%2Fwww.facebook.com%2Fsmedemokrati2023%2Fvideos%2F777096467865662%2F&#038;width=600&#038;show_text=false&#038;appId=361313990972954&#038;height=338\" width=\"600\" height=\"338\" style=\"border:none;overflow:hidden\" scrolling=\"no\" frameborder=\"0\" allowfullscreen=\"true\" allow=\"autoplay; clipboard-write; encrypted-media; picture-in-picture; web-share\" allowFullScreen=\"true\"><\/iframe>\n","protected":false},"excerpt":{"rendered":"<p>Pir\u00e1tska strana minul\u00fd t\u00fd\u017ede\u0148 odst\u00fapila z eurovolieb v prospech Demokratov, dnes podp\u00edsali memorandum o spolupr\u00e1ci. T\u00fdka\u0165 sa bude najm\u00e4 oblasti p\u00f4dohospod\u00e1rstva, komun\u00e1lnej politiky a t\u00e9me eur\u00f3pskeho prokur\u00e1tora. \u201eUvedomujem si zodpovednos\u0165, ktor\u00fa n\u00e1m gestom odst\u00fapenia z eurovolieb odovzdali kolegovia z Pir\u00e1tskej strany. D\u00f4veruj\u00fa na\u0161im osobnostiam z kandid\u00e1tky, na\u0161li sme prieniky v programe a dnes tu stoj\u00edme [&hellip;]<\/p>\n","protected":false},"author":13,"featured_media":4287,"comment_status":"closed","ping_status":"closed","sticky":false,"template":"","format":"standard","meta":{"_acf_changed":false,"ngg_post_thumbnail":0,"footnotes":""},"categories":[4],"tags":[],"class_list":["post-4285","post","type-post","status-publish","format-standard","has-post-thumbnail","hentry","category-tlacove-spravy"],"acf":[],"yoast_head":"<!-- This site is optimized with the Yoast SEO plugin v27.2 - https:\/\/yoast.com\/product\/yoast-seo-wordpress\/ -->\n<title>Demokrati a Pir\u00e1tska strana podp\u00edsali memorandum o spolupr\u00e1ci<\/title>\n<meta name=\"robots\" content=\"index, follow, max-snippet:-1, max-image-preview:large, max-video-preview:-1\" \/>\n<link rel=\"canonical\" href=\"https:\/\/www.smedemokrati.sk\/sv\/demokrati-a-piratska-strana-podpisali-memorandum-o-spolupraci\/\" \/>\n<meta property=\"og:locale\" content=\"sv_SE\" \/>\n<meta property=\"og:locale:alternate\" content=\"en_US\" \/>\n<meta property=\"og:locale:alternate\" content=\"cs_CZ\" \/>\n<meta property=\"og:locale:alternate\" content=\"hu_HU\" \/>\n<meta property=\"og:locale:alternate\" content=\"sk_SK\" \/>\n<meta property=\"og:type\" content=\"article\" \/>\n<meta property=\"og:title\" content=\"Demokrati a Pir\u00e1tska strana podp\u00edsali memorandum o spolupr\u00e1ci\" \/>\n<meta property=\"og:description\" content=\"Pir\u00e1tska strana minul\u00fd t\u00fd\u017ede\u0148 odst\u00fapila z eurovolieb v prospech Demokratov, dnes podp\u00edsali memorandum o spolupr\u00e1ci. T\u00fdka\u0165 sa bude najm\u00e4 oblasti p\u00f4dohospod\u00e1rstva, komun\u00e1lnej politiky a t\u00e9me eur\u00f3pskeho prokur\u00e1tora. \u201eUvedomujem si zodpovednos\u0165, ktor\u00fa n\u00e1m gestom odst\u00fapenia z eurovolieb odovzdali kolegovia z Pir\u00e1tskej strany. D\u00f4veruj\u00fa na\u0161im osobnostiam z kandid\u00e1tky, na\u0161li sme prieniky v programe a dnes tu stoj\u00edme [&hellip;]\" \/>\n<meta property=\"og:url\" content=\"https:\/\/www.smedemokrati.sk\/sv\/demokrati-a-piratska-strana-podpisali-memorandum-o-spolupraci\/\" \/>\n<meta property=\"og:site_name\" content=\"Smedemokrati.sk\" \/>\n<meta property=\"article:publisher\" content=\"https:\/\/www.facebook.com\/smedemokrati2023\" \/>\n<meta property=\"article:published_time\" content=\"2024-06-03T10:54:59+00:00\" \/>\n<meta property=\"article:modified_time\" content=\"2024-06-14T05:27:31+00:00\" \/>\n<meta property=\"og:image\" content=\"https:\/\/www.smedemokrati.sk\/wp-content\/uploads\/2024\/06\/nad-subova-e1717412451306.jpg\" \/>\n\t<meta property=\"og:image:width\" content=\"900\" \/>\n\t<meta property=\"og:image:height\" content=\"970\" \/>\n\t<meta property=\"og:image:type\" content=\"image\/jpeg\" \/>\n<meta name=\"author\" content=\"miro.sopko\" \/>\n<meta name=\"twitter:card\" content=\"summary_large_image\" \/>\n<meta name=\"twitter:label1\" content=\"Skriven av\" \/>\n\t<meta name=\"twitter:data1\" content=\"miro.sopko\" \/>\n\t<meta name=\"twitter:label2\" content=\"Ber\u00e4knad l\u00e4stid\" \/>\n\t<meta name=\"twitter:data2\" content=\"2 minuter\" \/>\n<script type=\"application\/ld+json\" class=\"yoast-schema-graph\">{\"@context\":\"https:\/\/schema.org\",\"@graph\":[{\"@type\":\"Article\",\"@id\":\"https:\/\/www.smedemokrati.sk\/demokrati-a-piratska-strana-podpisali-memorandum-o-spolupraci\/#article\",\"isPartOf\":{\"@id\":\"https:\/\/www.smedemokrati.sk\/demokrati-a-piratska-strana-podpisali-memorandum-o-spolupraci\/\"},\"author\":{\"name\":\"miro.sopko\",\"@id\":\"https:\/\/www.smedemokrati.sk\/#\/schema\/person\/21f147c88d605aa7ded900e1e7c344ba\"},\"headline\":\"Demokrati a Pir\u00e1tska strana podp\u00edsali memorandum o spolupr\u00e1ci\",\"datePublished\":\"2024-06-03T10:54:59+00:00\",\"dateModified\":\"2024-06-14T05:27:31+00:00\",\"mainEntityOfPage\":{\"@id\":\"https:\/\/www.smedemokrati.sk\/demokrati-a-piratska-strana-podpisali-memorandum-o-spolupraci\/\"},\"wordCount\":324,\"publisher\":{\"@id\":\"https:\/\/www.smedemokrati.sk\/#organization\"},\"image\":{\"@id\":\"https:\/\/www.smedemokrati.sk\/demokrati-a-piratska-strana-podpisali-memorandum-o-spolupraci\/#primaryimage\"},\"thumbnailUrl\":\"https:\/\/www.smedemokrati.sk\/wp-content\/uploads\/2024\/06\/nad-subova-e1717412451306.jpg\",\"articleSection\":[\"Tla\u010dov\u00e9 spr\u00e1vy\"],\"inLanguage\":\"sv-SE\"},{\"@type\":\"WebPage\",\"@id\":\"https:\/\/www.smedemokrati.sk\/demokrati-a-piratska-strana-podpisali-memorandum-o-spolupraci\/\",\"url\":\"https:\/\/www.smedemokrati.sk\/demokrati-a-piratska-strana-podpisali-memorandum-o-spolupraci\/\",\"name\":\"Demokrati a Pir\u00e1tska strana podp\u00edsali memorandum o spolupr\u00e1ci\",\"isPartOf\":{\"@id\":\"https:\/\/www.smedemokrati.sk\/#website\"},\"primaryImageOfPage\":{\"@id\":\"https:\/\/www.smedemokrati.sk\/demokrati-a-piratska-strana-podpisali-memorandum-o-spolupraci\/#primaryimage\"},\"image\":{\"@id\":\"https:\/\/www.smedemokrati.sk\/demokrati-a-piratska-strana-podpisali-memorandum-o-spolupraci\/#primaryimage\"},\"thumbnailUrl\":\"https:\/\/www.smedemokrati.sk\/wp-content\/uploads\/2024\/06\/nad-subova-e1717412451306.jpg\",\"datePublished\":\"2024-06-03T10:54:59+00:00\",\"dateModified\":\"2024-06-14T05:27:31+00:00\",\"breadcrumb\":{\"@id\":\"https:\/\/www.smedemokrati.sk\/demokrati-a-piratska-strana-podpisali-memorandum-o-spolupraci\/#breadcrumb\"},\"inLanguage\":\"sv-SE\",\"potentialAction\":[{\"@type\":\"ReadAction\",\"target\":[\"https:\/\/www.smedemokrati.sk\/demokrati-a-piratska-strana-podpisali-memorandum-o-spolupraci\/\"]}]},{\"@type\":\"ImageObject\",\"inLanguage\":\"sv-SE\",\"@id\":\"https:\/\/www.smedemokrati.sk\/demokrati-a-piratska-strana-podpisali-memorandum-o-spolupraci\/#primaryimage\",\"url\":\"https:\/\/www.smedemokrati.sk\/wp-content\/uploads\/2024\/06\/nad-subova-e1717412451306.jpg\",\"contentUrl\":\"https:\/\/www.smedemokrati.sk\/wp-content\/uploads\/2024\/06\/nad-subova-e1717412451306.jpg\",\"width\":900,\"height\":970},{\"@type\":\"BreadcrumbList\",\"@id\":\"https:\/\/www.smedemokrati.sk\/demokrati-a-piratska-strana-podpisali-memorandum-o-spolupraci\/#breadcrumb\",\"itemListElement\":[{\"@type\":\"ListItem\",\"position\":1,\"name\":\"Domovsk\u00e1 str\u00e1nka\",\"item\":\"https:\/\/www.smedemokrati.sk\/\"},{\"@type\":\"ListItem\",\"position\":2,\"name\":\"Demokrati a Pir\u00e1tska strana podp\u00edsali memorandum o spolupr\u00e1ci\"}]},{\"@type\":\"WebSite\",\"@id\":\"https:\/\/www.smedemokrati.sk\/#website\",\"url\":\"https:\/\/www.smedemokrati.sk\/\",\"name\":\"Smedemokrati.sk\",\"description\":\"Demokracia a slu\u0161nos\u0165 zv\u00ed\u0165az\u00ed\",\"publisher\":{\"@id\":\"https:\/\/www.smedemokrati.sk\/#organization\"},\"potentialAction\":[{\"@type\":\"SearchAction\",\"target\":{\"@type\":\"EntryPoint\",\"urlTemplate\":\"https:\/\/www.smedemokrati.sk\/?s={search_term_string}\"},\"query-input\":{\"@type\":\"PropertyValueSpecification\",\"valueRequired\":true,\"valueName\":\"search_term_string\"}}],\"inLanguage\":\"sv-SE\"},{\"@type\":\"Organization\",\"@id\":\"https:\/\/www.smedemokrati.sk\/#organization\",\"name\":\"Smedemokrati.sk\",\"url\":\"https:\/\/www.smedemokrati.sk\/\",\"logo\":{\"@type\":\"ImageObject\",\"inLanguage\":\"sv-SE\",\"@id\":\"https:\/\/www.smedemokrati.sk\/#\/schema\/logo\/image\/\",\"url\":\"https:\/\/www.smedemokrati.sk\/wp-content\/uploads\/2023\/04\/ff.002.jpeg\",\"contentUrl\":\"https:\/\/www.smedemokrati.sk\/wp-content\/uploads\/2023\/04\/ff.002.jpeg\",\"width\":640,\"height\":480,\"caption\":\"Smedemokrati.sk\"},\"image\":{\"@id\":\"https:\/\/www.smedemokrati.sk\/#\/schema\/logo\/image\/\"},\"sameAs\":[\"https:\/\/www.facebook.com\/smedemokrati2023\"]},{\"@type\":\"Person\",\"@id\":\"https:\/\/www.smedemokrati.sk\/#\/schema\/person\/21f147c88d605aa7ded900e1e7c344ba\",\"name\":\"miro.sopko\",\"image\":{\"@type\":\"ImageObject\",\"inLanguage\":\"sv-SE\",\"@id\":\"https:\/\/secure.gravatar.com\/avatar\/267e4a36f704376c109afe3a78740c1f5dd8675a2180a908699e7863c9247606?s=96&d=mm&r=g\",\"url\":\"https:\/\/secure.gravatar.com\/avatar\/267e4a36f704376c109afe3a78740c1f5dd8675a2180a908699e7863c9247606?s=96&d=mm&r=g\",\"contentUrl\":\"https:\/\/secure.gravatar.com\/avatar\/267e4a36f704376c109afe3a78740c1f5dd8675a2180a908699e7863c9247606?s=96&d=mm&r=g\",\"caption\":\"miro.sopko\"},\"url\":\"https:\/\/www.smedemokrati.sk\/sv\/author\/miro-sopko\/\"}]}<\/script>\n<!-- \/ Yoast SEO plugin. -->","yoast_head_json":{"title":"Demokrati a Pir\u00e1tska strana podp\u00edsali memorandum o spolupr\u00e1ci","robots":{"index":"index","follow":"follow","max-snippet":"max-snippet:-1","max-image-preview":"max-image-preview:large","max-video-preview":"max-video-preview:-1"},"canonical":"https:\/\/www.smedemokrati.sk\/sv\/demokrati-a-piratska-strana-podpisali-memorandum-o-spolupraci\/","og_locale":"sv_SE","og_type":"article","og_title":"[:sk]Demokrati a Pir\u00e1tska strana podp\u00edsali memorandum o spolupr\u00e1ci[:] - Smedemokrati.sk","og_description":"Pir\u00e1tska strana minul\u00fd t\u00fd\u017ede\u0148 odst\u00fapila z eurovolieb v prospech Demokratov, dnes podp\u00edsali memorandum o spolupr\u00e1ci. T\u00fdka\u0165 sa bude najm\u00e4 oblasti p\u00f4dohospod\u00e1rstva, komun\u00e1lnej politiky a t\u00e9me eur\u00f3pskeho prokur\u00e1tora. \u201eUvedomujem si zodpovednos\u0165, ktor\u00fa n\u00e1m gestom odst\u00fapenia z eurovolieb odovzdali kolegovia z Pir\u00e1tskej strany. D\u00f4veruj\u00fa na\u0161im osobnostiam z kandid\u00e1tky, na\u0161li sme prieniky v programe a dnes tu stoj\u00edme [&hellip;]","og_url":"https:\/\/www.smedemokrati.sk\/sv\/demokrati-a-piratska-strana-podpisali-memorandum-o-spolupraci\/","og_site_name":"Smedemokrati.sk","article_publisher":"https:\/\/www.facebook.com\/smedemokrati2023","article_published_time":"2024-06-03T10:54:59+00:00","article_modified_time":"2024-06-14T05:27:31+00:00","og_image":[{"width":900,"height":970,"url":"https:\/\/www.smedemokrati.sk\/wp-content\/uploads\/2024\/06\/nad-subova-e1717412451306.jpg","type":"image\/jpeg"}],"author":"miro.sopko","twitter_card":"summary_large_image","twitter_misc":{"Skriven av":"miro.sopko","Ber\u00e4knad l\u00e4stid":"2 minuter"},"schema":{"@context":"https:\/\/schema.org","@graph":[{"@type":"Article","@id":"https:\/\/www.smedemokrati.sk\/demokrati-a-piratska-strana-podpisali-memorandum-o-spolupraci\/#article","isPartOf":{"@id":"https:\/\/www.smedemokrati.sk\/demokrati-a-piratska-strana-podpisali-memorandum-o-spolupraci\/"},"author":{"name":"miro.sopko","@id":"https:\/\/www.smedemokrati.sk\/#\/schema\/person\/21f147c88d605aa7ded900e1e7c344ba"},"headline":"Demokrati a Pir\u00e1tska strana podp\u00edsali memorandum o spolupr\u00e1ci","datePublished":"2024-06-03T10:54:59+00:00","dateModified":"2024-06-14T05:27:31+00:00","mainEntityOfPage":{"@id":"https:\/\/www.smedemokrati.sk\/demokrati-a-piratska-strana-podpisali-memorandum-o-spolupraci\/"},"wordCount":324,"publisher":{"@id":"https:\/\/www.smedemokrati.sk\/#organization"},"image":{"@id":"https:\/\/www.smedemokrati.sk\/demokrati-a-piratska-strana-podpisali-memorandum-o-spolupraci\/#primaryimage"},"thumbnailUrl":"https:\/\/www.smedemokrati.sk\/wp-content\/uploads\/2024\/06\/nad-subova-e1717412451306.jpg","articleSection":["Tla\u010dov\u00e9 spr\u00e1vy"],"inLanguage":"sv-SE"},{"@type":"WebPage","@id":"https:\/\/www.smedemokrati.sk\/demokrati-a-piratska-strana-podpisali-memorandum-o-spolupraci\/","url":"https:\/\/www.smedemokrati.sk\/demokrati-a-piratska-strana-podpisali-memorandum-o-spolupraci\/","name":"Demokrati a Pir\u00e1tska strana podp\u00edsali memorandum o spolupr\u00e1ci","isPartOf":{"@id":"https:\/\/www.smedemokrati.sk\/#website"},"primaryImageOfPage":{"@id":"https:\/\/www.smedemokrati.sk\/demokrati-a-piratska-strana-podpisali-memorandum-o-spolupraci\/#primaryimage"},"image":{"@id":"https:\/\/www.smedemokrati.sk\/demokrati-a-piratska-strana-podpisali-memorandum-o-spolupraci\/#primaryimage"},"thumbnailUrl":"https:\/\/www.smedemokrati.sk\/wp-content\/uploads\/2024\/06\/nad-subova-e1717412451306.jpg","datePublished":"2024-06-03T10:54:59+00:00","dateModified":"2024-06-14T05:27:31+00:00","breadcrumb":{"@id":"https:\/\/www.smedemokrati.sk\/demokrati-a-piratska-strana-podpisali-memorandum-o-spolupraci\/#breadcrumb"},"inLanguage":"sv-SE","potentialAction":[{"@type":"ReadAction","target":["https:\/\/www.smedemokrati.sk\/demokrati-a-piratska-strana-podpisali-memorandum-o-spolupraci\/"]}]},{"@type":"ImageObject","inLanguage":"sv-SE","@id":"https:\/\/www.smedemokrati.sk\/demokrati-a-piratska-strana-podpisali-memorandum-o-spolupraci\/#primaryimage","url":"https:\/\/www.smedemokrati.sk\/wp-content\/uploads\/2024\/06\/nad-subova-e1717412451306.jpg","contentUrl":"https:\/\/www.smedemokrati.sk\/wp-content\/uploads\/2024\/06\/nad-subova-e1717412451306.jpg","width":900,"height":970},{"@type":"BreadcrumbList","@id":"https:\/\/www.smedemokrati.sk\/demokrati-a-piratska-strana-podpisali-memorandum-o-spolupraci\/#breadcrumb","itemListElement":[{"@type":"ListItem","position":1,"name":"Domovsk\u00e1 str\u00e1nka","item":"https:\/\/www.smedemokrati.sk\/"},{"@type":"ListItem","position":2,"name":"Demokrati a Pir\u00e1tska strana podp\u00edsali memorandum o spolupr\u00e1ci"}]},{"@type":"WebSite","@id":"https:\/\/www.smedemokrati.sk\/#website","url":"https:\/\/www.smedemokrati.sk\/","name":"Smedemokrati.sk","description":"Demokracia a slu\u0161nos\u0165 zv\u00ed\u0165az\u00ed","publisher":{"@id":"https:\/\/www.smedemokrati.sk\/#organization"},"potentialAction":[{"@type":"SearchAction","target":{"@type":"EntryPoint","urlTemplate":"https:\/\/www.smedemokrati.sk\/?s={search_term_string}"},"query-input":{"@type":"PropertyValueSpecification","valueRequired":true,"valueName":"search_term_string"}}],"inLanguage":"sv-SE"},{"@type":"Organization","@id":"https:\/\/www.smedemokrati.sk\/#organization","name":"Smedemokrati.sk","url":"https:\/\/www.smedemokrati.sk\/","logo":{"@type":"ImageObject","inLanguage":"sv-SE","@id":"https:\/\/www.smedemokrati.sk\/#\/schema\/logo\/image\/","url":"https:\/\/www.smedemokrati.sk\/wp-content\/uploads\/2023\/04\/ff.002.jpeg","contentUrl":"https:\/\/www.smedemokrati.sk\/wp-content\/uploads\/2023\/04\/ff.002.jpeg","width":640,"height":480,"caption":"Smedemokrati.sk"},"image":{"@id":"https:\/\/www.smedemokrati.sk\/#\/schema\/logo\/image\/"},"sameAs":["https:\/\/www.facebook.com\/smedemokrati2023"]},{"@type":"Person","@id":"https:\/\/www.smedemokrati.sk\/#\/schema\/person\/21f147c88d605aa7ded900e1e7c344ba","name":"miro.sopko","image":{"@type":"ImageObject","inLanguage":"sv-SE","@id":"https:\/\/secure.gravatar.com\/avatar\/267e4a36f704376c109afe3a78740c1f5dd8675a2180a908699e7863c9247606?s=96&d=mm&r=g","url":"https:\/\/secure.gravatar.com\/avatar\/267e4a36f704376c109afe3a78740c1f5dd8675a2180a908699e7863c9247606?s=96&d=mm&r=g","contentUrl":"https:\/\/secure.gravatar.com\/avatar\/267e4a36f704376c109afe3a78740c1f5dd8675a2180a908699e7863c9247606?s=96&d=mm&r=g","caption":"miro.sopko"},"url":"https:\/\/www.smedemokrati.sk\/sv\/author\/miro-sopko\/"}]}},"_links":{"self":[{"href":"https:\/\/www.smedemokrati.sk\/sv\/wp-json\/wp\/v2\/posts\/4285","targetHints":{"allow":["GET"]}}],"collection":[{"href":"https:\/\/www.smedemokrati.sk\/sv\/wp-json\/wp\/v2\/posts"}],"about":[{"href":"https:\/\/www.smedemokrati.sk\/sv\/wp-json\/wp\/v2\/types\/post"}],"author":[{"embeddable":true,"href":"https:\/\/www.smedemokrati.sk\/sv\/wp-json\/wp\/v2\/users\/13"}],"replies":[{"embeddable":true,"href":"https:\/\/www.smedemokrati.sk\/sv\/wp-json\/wp\/v2\/comments?post=4285"}],"version-history":[{"count":2,"href":"https:\/\/www.smedemokrati.sk\/sv\/wp-json\/wp\/v2\/posts\/4285\/revisions"}],"predecessor-version":[{"id":4290,"href":"https:\/\/www.smedemokrati.sk\/sv\/wp-json\/wp\/v2\/posts\/4285\/revisions\/4290"}],"wp:featuredmedia":[{"embeddable":true,"href":"https:\/\/www.smedemokrati.sk\/sv\/wp-json\/wp\/v2\/media\/4287"}],"wp:attachment":[{"href":"https:\/\/www.smedemokrati.sk\/sv\/wp-json\/wp\/v2\/media?parent=4285"}],"wp:term":[{"taxonomy":"category","embeddable":true,"href":"https:\/\/www.smedemokrati.sk\/sv\/wp-json\/wp\/v2\/categories?post=4285"},{"taxonomy":"post_tag","embeddable":true,"href":"https:\/\/www.smedemokrati.sk\/sv\/wp-json\/wp\/v2\/tags?post=4285"}],"curies":[{"name":"wp","href":"https:\/\/api.w.org\/{rel}","templated":true}]}}