{"id":4147,"date":"2024-05-15T12:36:30","date_gmt":"2024-05-15T11:36:30","guid":{"rendered":"https:\/\/www.smedemokrati.sk\/?p=4147"},"modified":"2024-05-24T11:19:19","modified_gmt":"2024-05-24T10:19:19","slug":"posledna-sanca-vziat-zilinku-na-zodpovednost-pani-prezidentka-podajte-disciplinarny-navrh-na-generalneho-prokuratora-zilinku-je-to-naozaj-posledna-sanca","status":"publish","type":"post","link":"https:\/\/www.smedemokrati.sk\/sv\/posledna-sanca-vziat-zilinku-na-zodpovednost-pani-prezidentka-podajte-disciplinarny-navrh-na-generalneho-prokuratora-zilinku-je-to-naozaj-posledna-sanca\/","title":{"rendered":"Posledn\u00e1 \u0161anca vzia\u0165 \u017dilinku na zodpovednos\u0165. Pani prezidentka podajte disciplin\u00e1rny n\u00e1vrh na gener\u00e1lneho prokur\u00e1tora \u017dilinku, je to naozaj posledn\u00e1 \u0161anca"},"content":{"rendered":"<div id=\"fb-root\"><\/div>\n\n<p><strong>Presne takto o mesiac do prezidentsk\u00e9ho pal\u00e1ca nast\u00fapi nov\u00fd prezident Peter Pellegrini. S n\u00edm pr\u00edde ve\u013ea zmien, vr\u00e1tane beztrestnosti pre mnoh\u00fdch, vr\u00e1tane gener\u00e1lneho prokur\u00e1tora \u017dilinku. Pr\u00e1ve preto pod\u00e1va Juraj \u0160eliga, u\u017e opakovane prezidentke \u010caputovej podnet, aby e\u0161te podala disciplin\u00e1rny n\u00e1vrh na gener\u00e1lneho prokur\u00e1tora \u017dilinka.<\/strong><\/p>\n\n\n\n<p><em>\u201ePresne o mesiac do prezidentsk\u00e9ho pal\u00e1ca nast\u00fapi nov\u00fd prezident. Pr\u00edde s n\u00edm ve\u013ea zmien, ob\u00e1vam sa, \u017ee nebud\u00fa pozit\u00edvne. Pre mnoh\u00fdch bude jeho n\u00e1stup znamena\u0165 absol\u00fatnu beztrestnos\u0165. To plat\u00ed aj o gener\u00e1lnom prokur\u00e1torovi \u017dilinkovi. Peter Pellegrini sa nikdy nedotkne Maro\u0161a \u017dilinku a nikdy na neho nepod\u00e1 disciplin\u00e1rny n\u00e1vrh.\u201c\u00a0<\/em>hovor\u00ed Juraj \u0160eliga, podpredseda strany Demokrati.<\/p>\n\n\n\n<p><em>\u201ePr\u00e1ve preto, ke\u010f\u017ee je posledn\u00fd mesiac do konca funk\u010dn\u00e9ho obdobia prezidentky \u010caputovej, apelujem na pani prezidentku ako ob\u010dan, aby zv\u00e1\u017eila podanie disciplin\u00e1rneho n\u00e1vrhu na gener\u00e1lneho prokur\u00e1tora \u017dilinku. Prezidentke som doru\u010dil opakovane disciplin\u00e1rne podnety za konkr\u00e9tne skutky, za ktor\u00e9 by mal nies\u0165 \u017dilinka zodpovednos\u0165, paragraf 363, kon\u0161pir\u00e1cie a mohol by som pokra\u010dova\u0165. Dnes doru\u010dujem posledn\u00fd.\u201c\u00a0<\/em>vysvet\u013euje \u0160eliga.<\/p>\n\n\n\n<p><em>\u201eOpakujem, dnes je to posledn\u00e1 \u0161anca, kedy mo\u017eno zobra\u0165 gener\u00e1lneho prokur\u00e1tora na zodpovednos\u0165, po n\u00e1stupe Petra Pellegriniho u\u017e nebude. Mysl\u00edm, \u017ee ka\u017ed\u00fd verejn\u00fd funkcion\u00e1r by mal vedie\u0165, \u017ee nie je nedotknute\u013en\u00fd, vr\u00e1tane Maro\u0161a \u017dilinku. Ver\u00edm, \u017ee prezidentka bude kona\u0165.\u201c<\/em>\u00a0dod\u00e1va Juraj \u0160eliga, podpredseda strany Demokrati.<\/p>\n\n\n\n<iframe src=\"https:\/\/www.facebook.com\/plugins\/video.php?href=https%3A%2F%2Fwww.facebook.com%2FJurajSeligaPravnik%2Fvideos%2F1004293881325882%2F&#038;width=600&#038;show_text=false&#038;appId=361313990972954&#038;height=1067\" width=\"600\" height=\"1067\" style=\"border:none;overflow:hidden\" scrolling=\"no\" frameborder=\"0\" allowfullscreen=\"true\" allow=\"autoplay; clipboard-write; encrypted-media; picture-in-picture; web-share\" allowFullScreen=\"true\"><\/iframe>\n","protected":false},"excerpt":{"rendered":"<p>Presne takto o mesiac do prezidentsk\u00e9ho pal\u00e1ca nast\u00fapi nov\u00fd prezident Peter Pellegrini. S n\u00edm pr\u00edde ve\u013ea zmien, vr\u00e1tane beztrestnosti pre mnoh\u00fdch, vr\u00e1tane gener\u00e1lneho prokur\u00e1tora \u017dilinku. Pr\u00e1ve preto pod\u00e1va Juraj \u0160eliga, u\u017e opakovane prezidentke \u010caputovej podnet, aby e\u0161te podala disciplin\u00e1rny n\u00e1vrh na gener\u00e1lneho prokur\u00e1tora \u017dilinka. \u201ePresne o mesiac do prezidentsk\u00e9ho pal\u00e1ca nast\u00fapi nov\u00fd prezident. Pr\u00edde s [&hellip;]<\/p>\n","protected":false},"author":13,"featured_media":3073,"comment_status":"closed","ping_status":"closed","sticky":false,"template":"","format":"standard","meta":{"_acf_changed":false,"ngg_post_thumbnail":0,"footnotes":""},"categories":[4],"tags":[],"class_list":["post-4147","post","type-post","status-publish","format-standard","has-post-thumbnail","hentry","category-tlacove-spravy"],"acf":[],"yoast_head":"<!-- This site is optimized with the Yoast SEO plugin v27.2 - https:\/\/yoast.com\/product\/yoast-seo-wordpress\/ -->\n<title>Posledn\u00e1 \u0161anca vzia\u0165 \u017dilinku na zodpovednos\u0165. Pani prezidentka podajte disciplin\u00e1rny n\u00e1vrh na gener\u00e1lneho prokur\u00e1tora \u017dilinku, je to naozaj posledn\u00e1 \u0161anca<\/title>\n<meta name=\"robots\" content=\"index, follow, max-snippet:-1, max-image-preview:large, max-video-preview:-1\" \/>\n<link rel=\"canonical\" href=\"https:\/\/www.smedemokrati.sk\/sv\/posledna-sanca-vziat-zilinku-na-zodpovednost-pani-prezidentka-podajte-disciplinarny-navrh-na-generalneho-prokuratora-zilinku-je-to-naozaj-posledna-sanca\/\" \/>\n<meta property=\"og:locale\" content=\"sv_SE\" \/>\n<meta property=\"og:locale:alternate\" content=\"en_US\" \/>\n<meta property=\"og:locale:alternate\" content=\"cs_CZ\" \/>\n<meta property=\"og:locale:alternate\" content=\"hu_HU\" \/>\n<meta property=\"og:locale:alternate\" content=\"sk_SK\" \/>\n<meta property=\"og:type\" content=\"article\" \/>\n<meta property=\"og:title\" content=\"Posledn\u00e1 \u0161anca vzia\u0165 \u017dilinku na zodpovednos\u0165. Pani prezidentka podajte disciplin\u00e1rny n\u00e1vrh na gener\u00e1lneho prokur\u00e1tora \u017dilinku, je to naozaj posledn\u00e1 \u0161anca\" \/>\n<meta property=\"og:description\" content=\"Presne takto o mesiac do prezidentsk\u00e9ho pal\u00e1ca nast\u00fapi nov\u00fd prezident Peter Pellegrini. S n\u00edm pr\u00edde ve\u013ea zmien, vr\u00e1tane beztrestnosti pre mnoh\u00fdch, vr\u00e1tane gener\u00e1lneho prokur\u00e1tora \u017dilinku. Pr\u00e1ve preto pod\u00e1va Juraj \u0160eliga, u\u017e opakovane prezidentke \u010caputovej podnet, aby e\u0161te podala disciplin\u00e1rny n\u00e1vrh na gener\u00e1lneho prokur\u00e1tora \u017dilinka. \u201ePresne o mesiac do prezidentsk\u00e9ho pal\u00e1ca nast\u00fapi nov\u00fd prezident. Pr\u00edde s [&hellip;]\" \/>\n<meta property=\"og:url\" content=\"https:\/\/www.smedemokrati.sk\/sv\/posledna-sanca-vziat-zilinku-na-zodpovednost-pani-prezidentka-podajte-disciplinarny-navrh-na-generalneho-prokuratora-zilinku-je-to-naozaj-posledna-sanca\/\" \/>\n<meta property=\"og:site_name\" content=\"Smedemokrati.sk\" \/>\n<meta property=\"article:publisher\" content=\"https:\/\/www.facebook.com\/smedemokrati2023\" \/>\n<meta property=\"article:published_time\" content=\"2024-05-15T11:36:30+00:00\" \/>\n<meta property=\"article:modified_time\" content=\"2024-05-24T10:19:19+00:00\" \/>\n<meta property=\"og:image\" content=\"https:\/\/www.smedemokrati.sk\/wp-content\/uploads\/2024\/03\/Seliga_TS.jpg\" \/>\n\t<meta property=\"og:image:width\" content=\"552\" \/>\n\t<meta property=\"og:image:height\" content=\"368\" \/>\n\t<meta property=\"og:image:type\" content=\"image\/jpeg\" \/>\n<meta name=\"author\" content=\"miro.sopko\" \/>\n<meta name=\"twitter:card\" content=\"summary_large_image\" \/>\n<meta name=\"twitter:label1\" content=\"Skriven av\" \/>\n\t<meta name=\"twitter:data1\" content=\"miro.sopko\" \/>\n\t<meta name=\"twitter:label2\" content=\"Ber\u00e4knad l\u00e4stid\" \/>\n\t<meta name=\"twitter:data2\" content=\"2 minuter\" \/>\n<script type=\"application\/ld+json\" class=\"yoast-schema-graph\">{\"@context\":\"https:\/\/schema.org\",\"@graph\":[{\"@type\":\"Article\",\"@id\":\"https:\/\/www.smedemokrati.sk\/posledna-sanca-vziat-zilinku-na-zodpovednost-pani-prezidentka-podajte-disciplinarny-navrh-na-generalneho-prokuratora-zilinku-je-to-naozaj-posledna-sanca\/#article\",\"isPartOf\":{\"@id\":\"https:\/\/www.smedemokrati.sk\/posledna-sanca-vziat-zilinku-na-zodpovednost-pani-prezidentka-podajte-disciplinarny-navrh-na-generalneho-prokuratora-zilinku-je-to-naozaj-posledna-sanca\/\"},\"author\":{\"name\":\"miro.sopko\",\"@id\":\"https:\/\/www.smedemokrati.sk\/#\/schema\/person\/21f147c88d605aa7ded900e1e7c344ba\"},\"headline\":\"Posledn\u00e1 \u0161anca vzia\u0165 \u017dilinku na zodpovednos\u0165. Pani prezidentka podajte disciplin\u00e1rny n\u00e1vrh na gener\u00e1lneho prokur\u00e1tora \u017dilinku, je to naozaj posledn\u00e1 \u0161anca\",\"datePublished\":\"2024-05-15T11:36:30+00:00\",\"dateModified\":\"2024-05-24T10:19:19+00:00\",\"mainEntityOfPage\":{\"@id\":\"https:\/\/www.smedemokrati.sk\/posledna-sanca-vziat-zilinku-na-zodpovednost-pani-prezidentka-podajte-disciplinarny-navrh-na-generalneho-prokuratora-zilinku-je-to-naozaj-posledna-sanca\/\"},\"wordCount\":288,\"publisher\":{\"@id\":\"https:\/\/www.smedemokrati.sk\/#organization\"},\"image\":{\"@id\":\"https:\/\/www.smedemokrati.sk\/posledna-sanca-vziat-zilinku-na-zodpovednost-pani-prezidentka-podajte-disciplinarny-navrh-na-generalneho-prokuratora-zilinku-je-to-naozaj-posledna-sanca\/#primaryimage\"},\"thumbnailUrl\":\"https:\/\/www.smedemokrati.sk\/wp-content\/uploads\/2024\/03\/Seliga_TS.jpg\",\"articleSection\":[\"Tla\u010dov\u00e9 spr\u00e1vy\"],\"inLanguage\":\"sv-SE\"},{\"@type\":\"WebPage\",\"@id\":\"https:\/\/www.smedemokrati.sk\/posledna-sanca-vziat-zilinku-na-zodpovednost-pani-prezidentka-podajte-disciplinarny-navrh-na-generalneho-prokuratora-zilinku-je-to-naozaj-posledna-sanca\/\",\"url\":\"https:\/\/www.smedemokrati.sk\/posledna-sanca-vziat-zilinku-na-zodpovednost-pani-prezidentka-podajte-disciplinarny-navrh-na-generalneho-prokuratora-zilinku-je-to-naozaj-posledna-sanca\/\",\"name\":\"Posledn\u00e1 \u0161anca vzia\u0165 \u017dilinku na zodpovednos\u0165. Pani prezidentka podajte disciplin\u00e1rny n\u00e1vrh na gener\u00e1lneho prokur\u00e1tora \u017dilinku, je to naozaj posledn\u00e1 \u0161anca\",\"isPartOf\":{\"@id\":\"https:\/\/www.smedemokrati.sk\/#website\"},\"primaryImageOfPage\":{\"@id\":\"https:\/\/www.smedemokrati.sk\/posledna-sanca-vziat-zilinku-na-zodpovednost-pani-prezidentka-podajte-disciplinarny-navrh-na-generalneho-prokuratora-zilinku-je-to-naozaj-posledna-sanca\/#primaryimage\"},\"image\":{\"@id\":\"https:\/\/www.smedemokrati.sk\/posledna-sanca-vziat-zilinku-na-zodpovednost-pani-prezidentka-podajte-disciplinarny-navrh-na-generalneho-prokuratora-zilinku-je-to-naozaj-posledna-sanca\/#primaryimage\"},\"thumbnailUrl\":\"https:\/\/www.smedemokrati.sk\/wp-content\/uploads\/2024\/03\/Seliga_TS.jpg\",\"datePublished\":\"2024-05-15T11:36:30+00:00\",\"dateModified\":\"2024-05-24T10:19:19+00:00\",\"breadcrumb\":{\"@id\":\"https:\/\/www.smedemokrati.sk\/posledna-sanca-vziat-zilinku-na-zodpovednost-pani-prezidentka-podajte-disciplinarny-navrh-na-generalneho-prokuratora-zilinku-je-to-naozaj-posledna-sanca\/#breadcrumb\"},\"inLanguage\":\"sv-SE\",\"potentialAction\":[{\"@type\":\"ReadAction\",\"target\":[\"https:\/\/www.smedemokrati.sk\/posledna-sanca-vziat-zilinku-na-zodpovednost-pani-prezidentka-podajte-disciplinarny-navrh-na-generalneho-prokuratora-zilinku-je-to-naozaj-posledna-sanca\/\"]}]},{\"@type\":\"ImageObject\",\"inLanguage\":\"sv-SE\",\"@id\":\"https:\/\/www.smedemokrati.sk\/posledna-sanca-vziat-zilinku-na-zodpovednost-pani-prezidentka-podajte-disciplinarny-navrh-na-generalneho-prokuratora-zilinku-je-to-naozaj-posledna-sanca\/#primaryimage\",\"url\":\"https:\/\/www.smedemokrati.sk\/wp-content\/uploads\/2024\/03\/Seliga_TS.jpg\",\"contentUrl\":\"https:\/\/www.smedemokrati.sk\/wp-content\/uploads\/2024\/03\/Seliga_TS.jpg\",\"width\":552,\"height\":368},{\"@type\":\"BreadcrumbList\",\"@id\":\"https:\/\/www.smedemokrati.sk\/posledna-sanca-vziat-zilinku-na-zodpovednost-pani-prezidentka-podajte-disciplinarny-navrh-na-generalneho-prokuratora-zilinku-je-to-naozaj-posledna-sanca\/#breadcrumb\",\"itemListElement\":[{\"@type\":\"ListItem\",\"position\":1,\"name\":\"Domovsk\u00e1 str\u00e1nka\",\"item\":\"https:\/\/www.smedemokrati.sk\/\"},{\"@type\":\"ListItem\",\"position\":2,\"name\":\"Posledn\u00e1 \u0161anca vzia\u0165 \u017dilinku na zodpovednos\u0165. Pani prezidentka podajte disciplin\u00e1rny n\u00e1vrh na gener\u00e1lneho prokur\u00e1tora \u017dilinku, je to naozaj posledn\u00e1 \u0161anca\"}]},{\"@type\":\"WebSite\",\"@id\":\"https:\/\/www.smedemokrati.sk\/#website\",\"url\":\"https:\/\/www.smedemokrati.sk\/\",\"name\":\"Smedemokrati.sk\",\"description\":\"Demokracia a slu\u0161nos\u0165 zv\u00ed\u0165az\u00ed\",\"publisher\":{\"@id\":\"https:\/\/www.smedemokrati.sk\/#organization\"},\"potentialAction\":[{\"@type\":\"SearchAction\",\"target\":{\"@type\":\"EntryPoint\",\"urlTemplate\":\"https:\/\/www.smedemokrati.sk\/?s={search_term_string}\"},\"query-input\":{\"@type\":\"PropertyValueSpecification\",\"valueRequired\":true,\"valueName\":\"search_term_string\"}}],\"inLanguage\":\"sv-SE\"},{\"@type\":\"Organization\",\"@id\":\"https:\/\/www.smedemokrati.sk\/#organization\",\"name\":\"Smedemokrati.sk\",\"url\":\"https:\/\/www.smedemokrati.sk\/\",\"logo\":{\"@type\":\"ImageObject\",\"inLanguage\":\"sv-SE\",\"@id\":\"https:\/\/www.smedemokrati.sk\/#\/schema\/logo\/image\/\",\"url\":\"https:\/\/www.smedemokrati.sk\/wp-content\/uploads\/2023\/04\/ff.002.jpeg\",\"contentUrl\":\"https:\/\/www.smedemokrati.sk\/wp-content\/uploads\/2023\/04\/ff.002.jpeg\",\"width\":640,\"height\":480,\"caption\":\"Smedemokrati.sk\"},\"image\":{\"@id\":\"https:\/\/www.smedemokrati.sk\/#\/schema\/logo\/image\/\"},\"sameAs\":[\"https:\/\/www.facebook.com\/smedemokrati2023\"]},{\"@type\":\"Person\",\"@id\":\"https:\/\/www.smedemokrati.sk\/#\/schema\/person\/21f147c88d605aa7ded900e1e7c344ba\",\"name\":\"miro.sopko\",\"image\":{\"@type\":\"ImageObject\",\"inLanguage\":\"sv-SE\",\"@id\":\"https:\/\/secure.gravatar.com\/avatar\/267e4a36f704376c109afe3a78740c1f5dd8675a2180a908699e7863c9247606?s=96&d=mm&r=g\",\"url\":\"https:\/\/secure.gravatar.com\/avatar\/267e4a36f704376c109afe3a78740c1f5dd8675a2180a908699e7863c9247606?s=96&d=mm&r=g\",\"contentUrl\":\"https:\/\/secure.gravatar.com\/avatar\/267e4a36f704376c109afe3a78740c1f5dd8675a2180a908699e7863c9247606?s=96&d=mm&r=g\",\"caption\":\"miro.sopko\"},\"url\":\"https:\/\/www.smedemokrati.sk\/sv\/author\/miro-sopko\/\"}]}<\/script>\n<!-- \/ Yoast SEO plugin. -->","yoast_head_json":{"title":"Posledn\u00e1 \u0161anca vzia\u0165 \u017dilinku na zodpovednos\u0165. Pani prezidentka podajte disciplin\u00e1rny n\u00e1vrh na gener\u00e1lneho prokur\u00e1tora \u017dilinku, je to naozaj posledn\u00e1 \u0161anca","robots":{"index":"index","follow":"follow","max-snippet":"max-snippet:-1","max-image-preview":"max-image-preview:large","max-video-preview":"max-video-preview:-1"},"canonical":"https:\/\/www.smedemokrati.sk\/sv\/posledna-sanca-vziat-zilinku-na-zodpovednost-pani-prezidentka-podajte-disciplinarny-navrh-na-generalneho-prokuratora-zilinku-je-to-naozaj-posledna-sanca\/","og_locale":"sv_SE","og_type":"article","og_title":"[:sk]Posledn\u00e1 \u0161anca vzia\u0165 \u017dilinku na zodpovednos\u0165. Pani prezidentka podajte disciplin\u00e1rny n\u00e1vrh na gener\u00e1lneho prokur\u00e1tora \u017dilinku, je to naozaj posledn\u00e1 \u0161anca[:] - Smedemokrati.sk","og_description":"Presne takto o mesiac do prezidentsk\u00e9ho pal\u00e1ca nast\u00fapi nov\u00fd prezident Peter Pellegrini. S n\u00edm pr\u00edde ve\u013ea zmien, vr\u00e1tane beztrestnosti pre mnoh\u00fdch, vr\u00e1tane gener\u00e1lneho prokur\u00e1tora \u017dilinku. Pr\u00e1ve preto pod\u00e1va Juraj \u0160eliga, u\u017e opakovane prezidentke \u010caputovej podnet, aby e\u0161te podala disciplin\u00e1rny n\u00e1vrh na gener\u00e1lneho prokur\u00e1tora \u017dilinka. \u201ePresne o mesiac do prezidentsk\u00e9ho pal\u00e1ca nast\u00fapi nov\u00fd prezident. Pr\u00edde s [&hellip;]","og_url":"https:\/\/www.smedemokrati.sk\/sv\/posledna-sanca-vziat-zilinku-na-zodpovednost-pani-prezidentka-podajte-disciplinarny-navrh-na-generalneho-prokuratora-zilinku-je-to-naozaj-posledna-sanca\/","og_site_name":"Smedemokrati.sk","article_publisher":"https:\/\/www.facebook.com\/smedemokrati2023","article_published_time":"2024-05-15T11:36:30+00:00","article_modified_time":"2024-05-24T10:19:19+00:00","og_image":[{"width":552,"height":368,"url":"https:\/\/www.smedemokrati.sk\/wp-content\/uploads\/2024\/03\/Seliga_TS.jpg","type":"image\/jpeg"}],"author":"miro.sopko","twitter_card":"summary_large_image","twitter_misc":{"Skriven av":"miro.sopko","Ber\u00e4knad l\u00e4stid":"2 minuter"},"schema":{"@context":"https:\/\/schema.org","@graph":[{"@type":"Article","@id":"https:\/\/www.smedemokrati.sk\/posledna-sanca-vziat-zilinku-na-zodpovednost-pani-prezidentka-podajte-disciplinarny-navrh-na-generalneho-prokuratora-zilinku-je-to-naozaj-posledna-sanca\/#article","isPartOf":{"@id":"https:\/\/www.smedemokrati.sk\/posledna-sanca-vziat-zilinku-na-zodpovednost-pani-prezidentka-podajte-disciplinarny-navrh-na-generalneho-prokuratora-zilinku-je-to-naozaj-posledna-sanca\/"},"author":{"name":"miro.sopko","@id":"https:\/\/www.smedemokrati.sk\/#\/schema\/person\/21f147c88d605aa7ded900e1e7c344ba"},"headline":"Posledn\u00e1 \u0161anca vzia\u0165 \u017dilinku na zodpovednos\u0165. Pani prezidentka podajte disciplin\u00e1rny n\u00e1vrh na gener\u00e1lneho prokur\u00e1tora \u017dilinku, je to naozaj posledn\u00e1 \u0161anca","datePublished":"2024-05-15T11:36:30+00:00","dateModified":"2024-05-24T10:19:19+00:00","mainEntityOfPage":{"@id":"https:\/\/www.smedemokrati.sk\/posledna-sanca-vziat-zilinku-na-zodpovednost-pani-prezidentka-podajte-disciplinarny-navrh-na-generalneho-prokuratora-zilinku-je-to-naozaj-posledna-sanca\/"},"wordCount":288,"publisher":{"@id":"https:\/\/www.smedemokrati.sk\/#organization"},"image":{"@id":"https:\/\/www.smedemokrati.sk\/posledna-sanca-vziat-zilinku-na-zodpovednost-pani-prezidentka-podajte-disciplinarny-navrh-na-generalneho-prokuratora-zilinku-je-to-naozaj-posledna-sanca\/#primaryimage"},"thumbnailUrl":"https:\/\/www.smedemokrati.sk\/wp-content\/uploads\/2024\/03\/Seliga_TS.jpg","articleSection":["Tla\u010dov\u00e9 spr\u00e1vy"],"inLanguage":"sv-SE"},{"@type":"WebPage","@id":"https:\/\/www.smedemokrati.sk\/posledna-sanca-vziat-zilinku-na-zodpovednost-pani-prezidentka-podajte-disciplinarny-navrh-na-generalneho-prokuratora-zilinku-je-to-naozaj-posledna-sanca\/","url":"https:\/\/www.smedemokrati.sk\/posledna-sanca-vziat-zilinku-na-zodpovednost-pani-prezidentka-podajte-disciplinarny-navrh-na-generalneho-prokuratora-zilinku-je-to-naozaj-posledna-sanca\/","name":"Posledn\u00e1 \u0161anca vzia\u0165 \u017dilinku na zodpovednos\u0165. Pani prezidentka podajte disciplin\u00e1rny n\u00e1vrh na gener\u00e1lneho prokur\u00e1tora \u017dilinku, je to naozaj posledn\u00e1 \u0161anca","isPartOf":{"@id":"https:\/\/www.smedemokrati.sk\/#website"},"primaryImageOfPage":{"@id":"https:\/\/www.smedemokrati.sk\/posledna-sanca-vziat-zilinku-na-zodpovednost-pani-prezidentka-podajte-disciplinarny-navrh-na-generalneho-prokuratora-zilinku-je-to-naozaj-posledna-sanca\/#primaryimage"},"image":{"@id":"https:\/\/www.smedemokrati.sk\/posledna-sanca-vziat-zilinku-na-zodpovednost-pani-prezidentka-podajte-disciplinarny-navrh-na-generalneho-prokuratora-zilinku-je-to-naozaj-posledna-sanca\/#primaryimage"},"thumbnailUrl":"https:\/\/www.smedemokrati.sk\/wp-content\/uploads\/2024\/03\/Seliga_TS.jpg","datePublished":"2024-05-15T11:36:30+00:00","dateModified":"2024-05-24T10:19:19+00:00","breadcrumb":{"@id":"https:\/\/www.smedemokrati.sk\/posledna-sanca-vziat-zilinku-na-zodpovednost-pani-prezidentka-podajte-disciplinarny-navrh-na-generalneho-prokuratora-zilinku-je-to-naozaj-posledna-sanca\/#breadcrumb"},"inLanguage":"sv-SE","potentialAction":[{"@type":"ReadAction","target":["https:\/\/www.smedemokrati.sk\/posledna-sanca-vziat-zilinku-na-zodpovednost-pani-prezidentka-podajte-disciplinarny-navrh-na-generalneho-prokuratora-zilinku-je-to-naozaj-posledna-sanca\/"]}]},{"@type":"ImageObject","inLanguage":"sv-SE","@id":"https:\/\/www.smedemokrati.sk\/posledna-sanca-vziat-zilinku-na-zodpovednost-pani-prezidentka-podajte-disciplinarny-navrh-na-generalneho-prokuratora-zilinku-je-to-naozaj-posledna-sanca\/#primaryimage","url":"https:\/\/www.smedemokrati.sk\/wp-content\/uploads\/2024\/03\/Seliga_TS.jpg","contentUrl":"https:\/\/www.smedemokrati.sk\/wp-content\/uploads\/2024\/03\/Seliga_TS.jpg","width":552,"height":368},{"@type":"BreadcrumbList","@id":"https:\/\/www.smedemokrati.sk\/posledna-sanca-vziat-zilinku-na-zodpovednost-pani-prezidentka-podajte-disciplinarny-navrh-na-generalneho-prokuratora-zilinku-je-to-naozaj-posledna-sanca\/#breadcrumb","itemListElement":[{"@type":"ListItem","position":1,"name":"Domovsk\u00e1 str\u00e1nka","item":"https:\/\/www.smedemokrati.sk\/"},{"@type":"ListItem","position":2,"name":"Posledn\u00e1 \u0161anca vzia\u0165 \u017dilinku na zodpovednos\u0165. Pani prezidentka podajte disciplin\u00e1rny n\u00e1vrh na gener\u00e1lneho prokur\u00e1tora \u017dilinku, je to naozaj posledn\u00e1 \u0161anca"}]},{"@type":"WebSite","@id":"https:\/\/www.smedemokrati.sk\/#website","url":"https:\/\/www.smedemokrati.sk\/","name":"Smedemokrati.sk","description":"Demokracia a slu\u0161nos\u0165 zv\u00ed\u0165az\u00ed","publisher":{"@id":"https:\/\/www.smedemokrati.sk\/#organization"},"potentialAction":[{"@type":"SearchAction","target":{"@type":"EntryPoint","urlTemplate":"https:\/\/www.smedemokrati.sk\/?s={search_term_string}"},"query-input":{"@type":"PropertyValueSpecification","valueRequired":true,"valueName":"search_term_string"}}],"inLanguage":"sv-SE"},{"@type":"Organization","@id":"https:\/\/www.smedemokrati.sk\/#organization","name":"Smedemokrati.sk","url":"https:\/\/www.smedemokrati.sk\/","logo":{"@type":"ImageObject","inLanguage":"sv-SE","@id":"https:\/\/www.smedemokrati.sk\/#\/schema\/logo\/image\/","url":"https:\/\/www.smedemokrati.sk\/wp-content\/uploads\/2023\/04\/ff.002.jpeg","contentUrl":"https:\/\/www.smedemokrati.sk\/wp-content\/uploads\/2023\/04\/ff.002.jpeg","width":640,"height":480,"caption":"Smedemokrati.sk"},"image":{"@id":"https:\/\/www.smedemokrati.sk\/#\/schema\/logo\/image\/"},"sameAs":["https:\/\/www.facebook.com\/smedemokrati2023"]},{"@type":"Person","@id":"https:\/\/www.smedemokrati.sk\/#\/schema\/person\/21f147c88d605aa7ded900e1e7c344ba","name":"miro.sopko","image":{"@type":"ImageObject","inLanguage":"sv-SE","@id":"https:\/\/secure.gravatar.com\/avatar\/267e4a36f704376c109afe3a78740c1f5dd8675a2180a908699e7863c9247606?s=96&d=mm&r=g","url":"https:\/\/secure.gravatar.com\/avatar\/267e4a36f704376c109afe3a78740c1f5dd8675a2180a908699e7863c9247606?s=96&d=mm&r=g","contentUrl":"https:\/\/secure.gravatar.com\/avatar\/267e4a36f704376c109afe3a78740c1f5dd8675a2180a908699e7863c9247606?s=96&d=mm&r=g","caption":"miro.sopko"},"url":"https:\/\/www.smedemokrati.sk\/sv\/author\/miro-sopko\/"}]}},"_links":{"self":[{"href":"https:\/\/www.smedemokrati.sk\/sv\/wp-json\/wp\/v2\/posts\/4147","targetHints":{"allow":["GET"]}}],"collection":[{"href":"https:\/\/www.smedemokrati.sk\/sv\/wp-json\/wp\/v2\/posts"}],"about":[{"href":"https:\/\/www.smedemokrati.sk\/sv\/wp-json\/wp\/v2\/types\/post"}],"author":[{"embeddable":true,"href":"https:\/\/www.smedemokrati.sk\/sv\/wp-json\/wp\/v2\/users\/13"}],"replies":[{"embeddable":true,"href":"https:\/\/www.smedemokrati.sk\/sv\/wp-json\/wp\/v2\/comments?post=4147"}],"version-history":[{"count":2,"href":"https:\/\/www.smedemokrati.sk\/sv\/wp-json\/wp\/v2\/posts\/4147\/revisions"}],"predecessor-version":[{"id":4149,"href":"https:\/\/www.smedemokrati.sk\/sv\/wp-json\/wp\/v2\/posts\/4147\/revisions\/4149"}],"wp:featuredmedia":[{"embeddable":true,"href":"https:\/\/www.smedemokrati.sk\/sv\/wp-json\/wp\/v2\/media\/3073"}],"wp:attachment":[{"href":"https:\/\/www.smedemokrati.sk\/sv\/wp-json\/wp\/v2\/media?parent=4147"}],"wp:term":[{"taxonomy":"category","embeddable":true,"href":"https:\/\/www.smedemokrati.sk\/sv\/wp-json\/wp\/v2\/categories?post=4147"},{"taxonomy":"post_tag","embeddable":true,"href":"https:\/\/www.smedemokrati.sk\/sv\/wp-json\/wp\/v2\/tags?post=4147"}],"curies":[{"name":"wp","href":"https:\/\/api.w.org\/{rel}","templated":true}]}}