{"id":4136,"date":"2024-05-13T15:58:22","date_gmt":"2024-05-13T14:58:22","guid":{"rendered":"https:\/\/www.smedemokrati.sk\/?p=4136"},"modified":"2024-05-24T11:19:13","modified_gmt":"2024-05-24T10:19:13","slug":"ohradzujeme-sa-voci-sutaj-estokovi-nemame-stedru-sestru-ale-ani-pofiderne-financovanie","status":"publish","type":"post","link":"https:\/\/www.smedemokrati.sk\/sv\/ohradzujeme-sa-voci-sutaj-estokovi-nemame-stedru-sestru-ale-ani-pofiderne-financovanie\/","title":{"rendered":"Ohradzujeme sa vo\u010di \u0160utaj E\u0161tokovi: nem\u00e1me \u0161tedr\u00fa sestru, ale ani pofid\u00e9rne financovanie"},"content":{"rendered":"<div id=\"fb-root\"><\/div>\n\n<p><strong>Strana Demokrati sa ohradzuje vo\u010di tvrdeniam ministra vn\u00fatra Mat\u00fa\u0161a \u0160utaj E\u0161toka, ktor\u00fdmi spochyb\u0148uje transparentnos\u0165 financovania strany. Z\u00e1rove\u0148 ho vyz\u00fdva na otvoren\u00fa diskusiu, kde z\u00e1stupcovia strany nemaj\u00fa probl\u00e9m otvorene hovori\u0165 o pr\u00edspevkoch od \u010dlenov a sympatizantov.<\/strong><\/p>\n\n\n\n<p>Demokrati reaguj\u00fa na status ministra, ktor\u00fd hovor\u00ed, \u017ee novin\u00e1ri a mimovl\u00e1dne organiz\u00e1cie sa pod\u013ea \u0160utaj E\u0161toka nedostato\u010dne venuj\u00fa financovaniu kampane mimoparlamentnej strany: <em><em>\u201e<\/em>Tento \u00fatok pri\u0161iel ako blesk z jasn\u00e9ho neba a jeho pozadie mi nie je jasn\u00e9. No poviem to takto. Nem\u00e1me \u0161tedr\u00fa sestru, ale ani pofid\u00e9rne financovanie. Riadne sme odovzdali v\u00fdro\u010dn\u00fa spr\u00e1vu na ministerstvo vn\u00fatra a na\u0161u \u00fa\u010dtovn\u00fa z\u00e1vierku odobrila nez\u00e1visl\u00e1 audit\u00f3rka. Na v\u0161etkom m\u00e1me pe\u010diatku, \u017ee je v poriadku, preto si vypros\u00edm, aby sa minister strany, ktor\u00e1 je presl\u00e1ven\u00e1 nezn\u00e1mymi darcami, vyjadroval k n\u00e1\u0161mu financovaniu.<\/em>\u201d Otvoril t\u00e9mu predseda Demokratov Jaroslav Na\u010f a pod\u010diarkol, \u017ee strana funguje s transparentn\u00fdch a dohladate\u013en\u00fdch pr\u00edspevkov \u010dlenov a sympatizantov.\u00a0<\/p>\n\n\n\n<p>Podpredseda strany a expert na pr\u00e1vo Juraj \u0160eliga vyz\u00fdva ministra E\u0161toka na diskusiu: <em><em>\u201e<\/em>P\u00e1n E\u0161tok, ak v\u00e1s tr\u00e1pi na\u0161e financovanie, po\u010fme sa o tom bavi\u0165. Poz\u00fdvam v\u00e1s do diskusie, kde v\u00e1m v\u0161etko pred verejnos\u0165ou r\u00e1d vysvetl\u00edm a dolo\u017e\u00edm. Pre\u010do tento v\u00fdstrel do tmy, nebodaj m\u00e1te nejak\u00e9 intern\u00e9 prieskumy a vid\u00edte, \u017ee Demokrati rast\u00fa, preto n\u00e1s potrebujete o\u010dierni\u0165?\u201d<\/em>\u00a0Uzatv\u00e1ra \u0160eliga a hovor\u00ed, \u017ee ak \u0160utaj E\u0161tok pozvanie prijme, rovnako ver\u00ed, \u017ee minister poskytne komplexn\u00e9 odpovede k financovaniu Hlasu, zvl\u00e1\u0161\u0165 k prezidentskej kampani Petra Pellegriniho.\u00a0<\/p>\n\n\n\n<iframe src=\"https:\/\/www.facebook.com\/plugins\/video.php?href=https%3A%2F%2Fwww.facebook.com%2Fsmedemokrati2023%2Fvideos%2F405211932326722%2F&#038;width=600&#038;show_text=false&#038;appId=361313990972954&#038;height=1067\" width=\"600\" height=\"1067\" style=\"border:none;overflow:hidden\" scrolling=\"no\" frameborder=\"0\" allowfullscreen=\"true\" allow=\"autoplay; clipboard-write; encrypted-media; picture-in-picture; web-share\" allowFullScreen=\"true\"><\/iframe>\n","protected":false},"excerpt":{"rendered":"<p>Strana Demokrati sa ohradzuje vo\u010di tvrdeniam ministra vn\u00fatra Mat\u00fa\u0161a \u0160utaj E\u0161toka, ktor\u00fdmi spochyb\u0148uje transparentnos\u0165 financovania strany. Z\u00e1rove\u0148 ho vyz\u00fdva na otvoren\u00fa diskusiu, kde z\u00e1stupcovia strany nemaj\u00fa probl\u00e9m otvorene hovori\u0165 o pr\u00edspevkoch od \u010dlenov a sympatizantov. Demokrati reaguj\u00fa na status ministra, ktor\u00fd hovor\u00ed, \u017ee novin\u00e1ri a mimovl\u00e1dne organiz\u00e1cie sa pod\u013ea \u0160utaj E\u0161toka nedostato\u010dne venuj\u00fa financovaniu kampane [&hellip;]<\/p>\n","protected":false},"author":13,"featured_media":4137,"comment_status":"closed","ping_status":"closed","sticky":false,"template":"","format":"standard","meta":{"_acf_changed":false,"ngg_post_thumbnail":0,"footnotes":""},"categories":[4],"tags":[],"class_list":["post-4136","post","type-post","status-publish","format-standard","has-post-thumbnail","hentry","category-tlacove-spravy"],"acf":[],"yoast_head":"<!-- This site is optimized with the Yoast SEO plugin v27.2 - https:\/\/yoast.com\/product\/yoast-seo-wordpress\/ -->\n<title>Ohradzujeme sa vo\u010di \u0160utaj E\u0161tokovi: nem\u00e1me \u0161tedr\u00fa sestru, ale ani pofid\u00e9rne financovanie<\/title>\n<meta name=\"robots\" content=\"index, follow, max-snippet:-1, max-image-preview:large, max-video-preview:-1\" \/>\n<link rel=\"canonical\" href=\"https:\/\/www.smedemokrati.sk\/sv\/ohradzujeme-sa-voci-sutaj-estokovi-nemame-stedru-sestru-ale-ani-pofiderne-financovanie\/\" \/>\n<meta property=\"og:locale\" content=\"sv_SE\" \/>\n<meta property=\"og:locale:alternate\" content=\"en_US\" \/>\n<meta property=\"og:locale:alternate\" content=\"cs_CZ\" \/>\n<meta property=\"og:locale:alternate\" content=\"hu_HU\" \/>\n<meta property=\"og:locale:alternate\" content=\"sk_SK\" \/>\n<meta property=\"og:type\" content=\"article\" \/>\n<meta property=\"og:title\" content=\"Ohradzujeme sa vo\u010di \u0160utaj E\u0161tokovi: nem\u00e1me \u0161tedr\u00fa sestru, ale ani pofid\u00e9rne financovanie\" \/>\n<meta property=\"og:description\" content=\"Strana Demokrati sa ohradzuje vo\u010di tvrdeniam ministra vn\u00fatra Mat\u00fa\u0161a \u0160utaj E\u0161toka, ktor\u00fdmi spochyb\u0148uje transparentnos\u0165 financovania strany. Z\u00e1rove\u0148 ho vyz\u00fdva na otvoren\u00fa diskusiu, kde z\u00e1stupcovia strany nemaj\u00fa probl\u00e9m otvorene hovori\u0165 o pr\u00edspevkoch od \u010dlenov a sympatizantov. Demokrati reaguj\u00fa na status ministra, ktor\u00fd hovor\u00ed, \u017ee novin\u00e1ri a mimovl\u00e1dne organiz\u00e1cie sa pod\u013ea \u0160utaj E\u0161toka nedostato\u010dne venuj\u00fa financovaniu kampane [&hellip;]\" \/>\n<meta property=\"og:url\" content=\"https:\/\/www.smedemokrati.sk\/sv\/ohradzujeme-sa-voci-sutaj-estokovi-nemame-stedru-sestru-ale-ani-pofiderne-financovanie\/\" \/>\n<meta property=\"og:site_name\" content=\"Smedemokrati.sk\" \/>\n<meta property=\"article:publisher\" content=\"https:\/\/www.facebook.com\/smedemokrati2023\" \/>\n<meta property=\"article:published_time\" content=\"2024-05-13T14:58:22+00:00\" \/>\n<meta property=\"article:modified_time\" content=\"2024-05-24T10:19:13+00:00\" \/>\n<meta property=\"og:image\" content=\"https:\/\/www.smedemokrati.sk\/wp-content\/uploads\/2024\/05\/sutaj-estok-minister.jpg\" \/>\n\t<meta property=\"og:image:width\" content=\"960\" \/>\n\t<meta property=\"og:image:height\" content=\"540\" \/>\n\t<meta property=\"og:image:type\" content=\"image\/jpeg\" \/>\n<meta name=\"author\" content=\"miro.sopko\" \/>\n<meta name=\"twitter:card\" content=\"summary_large_image\" \/>\n<meta name=\"twitter:label1\" content=\"Skriven av\" \/>\n\t<meta name=\"twitter:data1\" content=\"miro.sopko\" \/>\n\t<meta name=\"twitter:label2\" content=\"Ber\u00e4knad l\u00e4stid\" \/>\n\t<meta name=\"twitter:data2\" content=\"2 minuter\" \/>\n<script type=\"application\/ld+json\" class=\"yoast-schema-graph\">{\"@context\":\"https:\/\/schema.org\",\"@graph\":[{\"@type\":\"Article\",\"@id\":\"https:\/\/www.smedemokrati.sk\/ohradzujeme-sa-voci-sutaj-estokovi-nemame-stedru-sestru-ale-ani-pofiderne-financovanie\/#article\",\"isPartOf\":{\"@id\":\"https:\/\/www.smedemokrati.sk\/ohradzujeme-sa-voci-sutaj-estokovi-nemame-stedru-sestru-ale-ani-pofiderne-financovanie\/\"},\"author\":{\"name\":\"miro.sopko\",\"@id\":\"https:\/\/www.smedemokrati.sk\/#\/schema\/person\/21f147c88d605aa7ded900e1e7c344ba\"},\"headline\":\"Ohradzujeme sa vo\u010di \u0160utaj E\u0161tokovi: nem\u00e1me \u0161tedr\u00fa sestru, ale ani pofid\u00e9rne financovanie\",\"datePublished\":\"2024-05-13T14:58:22+00:00\",\"dateModified\":\"2024-05-24T10:19:13+00:00\",\"mainEntityOfPage\":{\"@id\":\"https:\/\/www.smedemokrati.sk\/ohradzujeme-sa-voci-sutaj-estokovi-nemame-stedru-sestru-ale-ani-pofiderne-financovanie\/\"},\"wordCount\":309,\"publisher\":{\"@id\":\"https:\/\/www.smedemokrati.sk\/#organization\"},\"image\":{\"@id\":\"https:\/\/www.smedemokrati.sk\/ohradzujeme-sa-voci-sutaj-estokovi-nemame-stedru-sestru-ale-ani-pofiderne-financovanie\/#primaryimage\"},\"thumbnailUrl\":\"https:\/\/www.smedemokrati.sk\/wp-content\/uploads\/2024\/05\/sutaj-estok-minister.jpg\",\"articleSection\":[\"Tla\u010dov\u00e9 spr\u00e1vy\"],\"inLanguage\":\"sv-SE\"},{\"@type\":\"WebPage\",\"@id\":\"https:\/\/www.smedemokrati.sk\/ohradzujeme-sa-voci-sutaj-estokovi-nemame-stedru-sestru-ale-ani-pofiderne-financovanie\/\",\"url\":\"https:\/\/www.smedemokrati.sk\/ohradzujeme-sa-voci-sutaj-estokovi-nemame-stedru-sestru-ale-ani-pofiderne-financovanie\/\",\"name\":\"Ohradzujeme sa vo\u010di \u0160utaj E\u0161tokovi: nem\u00e1me \u0161tedr\u00fa sestru, ale ani pofid\u00e9rne financovanie\",\"isPartOf\":{\"@id\":\"https:\/\/www.smedemokrati.sk\/#website\"},\"primaryImageOfPage\":{\"@id\":\"https:\/\/www.smedemokrati.sk\/ohradzujeme-sa-voci-sutaj-estokovi-nemame-stedru-sestru-ale-ani-pofiderne-financovanie\/#primaryimage\"},\"image\":{\"@id\":\"https:\/\/www.smedemokrati.sk\/ohradzujeme-sa-voci-sutaj-estokovi-nemame-stedru-sestru-ale-ani-pofiderne-financovanie\/#primaryimage\"},\"thumbnailUrl\":\"https:\/\/www.smedemokrati.sk\/wp-content\/uploads\/2024\/05\/sutaj-estok-minister.jpg\",\"datePublished\":\"2024-05-13T14:58:22+00:00\",\"dateModified\":\"2024-05-24T10:19:13+00:00\",\"breadcrumb\":{\"@id\":\"https:\/\/www.smedemokrati.sk\/ohradzujeme-sa-voci-sutaj-estokovi-nemame-stedru-sestru-ale-ani-pofiderne-financovanie\/#breadcrumb\"},\"inLanguage\":\"sv-SE\",\"potentialAction\":[{\"@type\":\"ReadAction\",\"target\":[\"https:\/\/www.smedemokrati.sk\/ohradzujeme-sa-voci-sutaj-estokovi-nemame-stedru-sestru-ale-ani-pofiderne-financovanie\/\"]}]},{\"@type\":\"ImageObject\",\"inLanguage\":\"sv-SE\",\"@id\":\"https:\/\/www.smedemokrati.sk\/ohradzujeme-sa-voci-sutaj-estokovi-nemame-stedru-sestru-ale-ani-pofiderne-financovanie\/#primaryimage\",\"url\":\"https:\/\/www.smedemokrati.sk\/wp-content\/uploads\/2024\/05\/sutaj-estok-minister.jpg\",\"contentUrl\":\"https:\/\/www.smedemokrati.sk\/wp-content\/uploads\/2024\/05\/sutaj-estok-minister.jpg\",\"width\":960,\"height\":540},{\"@type\":\"BreadcrumbList\",\"@id\":\"https:\/\/www.smedemokrati.sk\/ohradzujeme-sa-voci-sutaj-estokovi-nemame-stedru-sestru-ale-ani-pofiderne-financovanie\/#breadcrumb\",\"itemListElement\":[{\"@type\":\"ListItem\",\"position\":1,\"name\":\"Domovsk\u00e1 str\u00e1nka\",\"item\":\"https:\/\/www.smedemokrati.sk\/\"},{\"@type\":\"ListItem\",\"position\":2,\"name\":\"Ohradzujeme sa vo\u010di \u0160utaj E\u0161tokovi: nem\u00e1me \u0161tedr\u00fa sestru, ale ani pofid\u00e9rne financovanie\"}]},{\"@type\":\"WebSite\",\"@id\":\"https:\/\/www.smedemokrati.sk\/#website\",\"url\":\"https:\/\/www.smedemokrati.sk\/\",\"name\":\"Smedemokrati.sk\",\"description\":\"Demokracia a slu\u0161nos\u0165 zv\u00ed\u0165az\u00ed\",\"publisher\":{\"@id\":\"https:\/\/www.smedemokrati.sk\/#organization\"},\"potentialAction\":[{\"@type\":\"SearchAction\",\"target\":{\"@type\":\"EntryPoint\",\"urlTemplate\":\"https:\/\/www.smedemokrati.sk\/?s={search_term_string}\"},\"query-input\":{\"@type\":\"PropertyValueSpecification\",\"valueRequired\":true,\"valueName\":\"search_term_string\"}}],\"inLanguage\":\"sv-SE\"},{\"@type\":\"Organization\",\"@id\":\"https:\/\/www.smedemokrati.sk\/#organization\",\"name\":\"Smedemokrati.sk\",\"url\":\"https:\/\/www.smedemokrati.sk\/\",\"logo\":{\"@type\":\"ImageObject\",\"inLanguage\":\"sv-SE\",\"@id\":\"https:\/\/www.smedemokrati.sk\/#\/schema\/logo\/image\/\",\"url\":\"https:\/\/www.smedemokrati.sk\/wp-content\/uploads\/2023\/04\/ff.002.jpeg\",\"contentUrl\":\"https:\/\/www.smedemokrati.sk\/wp-content\/uploads\/2023\/04\/ff.002.jpeg\",\"width\":640,\"height\":480,\"caption\":\"Smedemokrati.sk\"},\"image\":{\"@id\":\"https:\/\/www.smedemokrati.sk\/#\/schema\/logo\/image\/\"},\"sameAs\":[\"https:\/\/www.facebook.com\/smedemokrati2023\"]},{\"@type\":\"Person\",\"@id\":\"https:\/\/www.smedemokrati.sk\/#\/schema\/person\/21f147c88d605aa7ded900e1e7c344ba\",\"name\":\"miro.sopko\",\"image\":{\"@type\":\"ImageObject\",\"inLanguage\":\"sv-SE\",\"@id\":\"https:\/\/secure.gravatar.com\/avatar\/267e4a36f704376c109afe3a78740c1f5dd8675a2180a908699e7863c9247606?s=96&d=mm&r=g\",\"url\":\"https:\/\/secure.gravatar.com\/avatar\/267e4a36f704376c109afe3a78740c1f5dd8675a2180a908699e7863c9247606?s=96&d=mm&r=g\",\"contentUrl\":\"https:\/\/secure.gravatar.com\/avatar\/267e4a36f704376c109afe3a78740c1f5dd8675a2180a908699e7863c9247606?s=96&d=mm&r=g\",\"caption\":\"miro.sopko\"},\"url\":\"https:\/\/www.smedemokrati.sk\/sv\/author\/miro-sopko\/\"}]}<\/script>\n<!-- \/ Yoast SEO plugin. -->","yoast_head_json":{"title":"Ohradzujeme sa vo\u010di \u0160utaj E\u0161tokovi: nem\u00e1me \u0161tedr\u00fa sestru, ale ani pofid\u00e9rne financovanie","robots":{"index":"index","follow":"follow","max-snippet":"max-snippet:-1","max-image-preview":"max-image-preview:large","max-video-preview":"max-video-preview:-1"},"canonical":"https:\/\/www.smedemokrati.sk\/sv\/ohradzujeme-sa-voci-sutaj-estokovi-nemame-stedru-sestru-ale-ani-pofiderne-financovanie\/","og_locale":"sv_SE","og_type":"article","og_title":"[:sk]Ohradzujeme sa vo\u010di \u0160utaj E\u0161tokovi: nem\u00e1me \u0161tedr\u00fa sestru, ale ani pofid\u00e9rne financovanie[:] - Smedemokrati.sk","og_description":"Strana Demokrati sa ohradzuje vo\u010di tvrdeniam ministra vn\u00fatra Mat\u00fa\u0161a \u0160utaj E\u0161toka, ktor\u00fdmi spochyb\u0148uje transparentnos\u0165 financovania strany. Z\u00e1rove\u0148 ho vyz\u00fdva na otvoren\u00fa diskusiu, kde z\u00e1stupcovia strany nemaj\u00fa probl\u00e9m otvorene hovori\u0165 o pr\u00edspevkoch od \u010dlenov a sympatizantov. Demokrati reaguj\u00fa na status ministra, ktor\u00fd hovor\u00ed, \u017ee novin\u00e1ri a mimovl\u00e1dne organiz\u00e1cie sa pod\u013ea \u0160utaj E\u0161toka nedostato\u010dne venuj\u00fa financovaniu kampane [&hellip;]","og_url":"https:\/\/www.smedemokrati.sk\/sv\/ohradzujeme-sa-voci-sutaj-estokovi-nemame-stedru-sestru-ale-ani-pofiderne-financovanie\/","og_site_name":"Smedemokrati.sk","article_publisher":"https:\/\/www.facebook.com\/smedemokrati2023","article_published_time":"2024-05-13T14:58:22+00:00","article_modified_time":"2024-05-24T10:19:13+00:00","og_image":[{"width":960,"height":540,"url":"https:\/\/www.smedemokrati.sk\/wp-content\/uploads\/2024\/05\/sutaj-estok-minister.jpg","type":"image\/jpeg"}],"author":"miro.sopko","twitter_card":"summary_large_image","twitter_misc":{"Skriven av":"miro.sopko","Ber\u00e4knad l\u00e4stid":"2 minuter"},"schema":{"@context":"https:\/\/schema.org","@graph":[{"@type":"Article","@id":"https:\/\/www.smedemokrati.sk\/ohradzujeme-sa-voci-sutaj-estokovi-nemame-stedru-sestru-ale-ani-pofiderne-financovanie\/#article","isPartOf":{"@id":"https:\/\/www.smedemokrati.sk\/ohradzujeme-sa-voci-sutaj-estokovi-nemame-stedru-sestru-ale-ani-pofiderne-financovanie\/"},"author":{"name":"miro.sopko","@id":"https:\/\/www.smedemokrati.sk\/#\/schema\/person\/21f147c88d605aa7ded900e1e7c344ba"},"headline":"Ohradzujeme sa vo\u010di \u0160utaj E\u0161tokovi: nem\u00e1me \u0161tedr\u00fa sestru, ale ani pofid\u00e9rne financovanie","datePublished":"2024-05-13T14:58:22+00:00","dateModified":"2024-05-24T10:19:13+00:00","mainEntityOfPage":{"@id":"https:\/\/www.smedemokrati.sk\/ohradzujeme-sa-voci-sutaj-estokovi-nemame-stedru-sestru-ale-ani-pofiderne-financovanie\/"},"wordCount":309,"publisher":{"@id":"https:\/\/www.smedemokrati.sk\/#organization"},"image":{"@id":"https:\/\/www.smedemokrati.sk\/ohradzujeme-sa-voci-sutaj-estokovi-nemame-stedru-sestru-ale-ani-pofiderne-financovanie\/#primaryimage"},"thumbnailUrl":"https:\/\/www.smedemokrati.sk\/wp-content\/uploads\/2024\/05\/sutaj-estok-minister.jpg","articleSection":["Tla\u010dov\u00e9 spr\u00e1vy"],"inLanguage":"sv-SE"},{"@type":"WebPage","@id":"https:\/\/www.smedemokrati.sk\/ohradzujeme-sa-voci-sutaj-estokovi-nemame-stedru-sestru-ale-ani-pofiderne-financovanie\/","url":"https:\/\/www.smedemokrati.sk\/ohradzujeme-sa-voci-sutaj-estokovi-nemame-stedru-sestru-ale-ani-pofiderne-financovanie\/","name":"Ohradzujeme sa vo\u010di \u0160utaj E\u0161tokovi: nem\u00e1me \u0161tedr\u00fa sestru, ale ani pofid\u00e9rne financovanie","isPartOf":{"@id":"https:\/\/www.smedemokrati.sk\/#website"},"primaryImageOfPage":{"@id":"https:\/\/www.smedemokrati.sk\/ohradzujeme-sa-voci-sutaj-estokovi-nemame-stedru-sestru-ale-ani-pofiderne-financovanie\/#primaryimage"},"image":{"@id":"https:\/\/www.smedemokrati.sk\/ohradzujeme-sa-voci-sutaj-estokovi-nemame-stedru-sestru-ale-ani-pofiderne-financovanie\/#primaryimage"},"thumbnailUrl":"https:\/\/www.smedemokrati.sk\/wp-content\/uploads\/2024\/05\/sutaj-estok-minister.jpg","datePublished":"2024-05-13T14:58:22+00:00","dateModified":"2024-05-24T10:19:13+00:00","breadcrumb":{"@id":"https:\/\/www.smedemokrati.sk\/ohradzujeme-sa-voci-sutaj-estokovi-nemame-stedru-sestru-ale-ani-pofiderne-financovanie\/#breadcrumb"},"inLanguage":"sv-SE","potentialAction":[{"@type":"ReadAction","target":["https:\/\/www.smedemokrati.sk\/ohradzujeme-sa-voci-sutaj-estokovi-nemame-stedru-sestru-ale-ani-pofiderne-financovanie\/"]}]},{"@type":"ImageObject","inLanguage":"sv-SE","@id":"https:\/\/www.smedemokrati.sk\/ohradzujeme-sa-voci-sutaj-estokovi-nemame-stedru-sestru-ale-ani-pofiderne-financovanie\/#primaryimage","url":"https:\/\/www.smedemokrati.sk\/wp-content\/uploads\/2024\/05\/sutaj-estok-minister.jpg","contentUrl":"https:\/\/www.smedemokrati.sk\/wp-content\/uploads\/2024\/05\/sutaj-estok-minister.jpg","width":960,"height":540},{"@type":"BreadcrumbList","@id":"https:\/\/www.smedemokrati.sk\/ohradzujeme-sa-voci-sutaj-estokovi-nemame-stedru-sestru-ale-ani-pofiderne-financovanie\/#breadcrumb","itemListElement":[{"@type":"ListItem","position":1,"name":"Domovsk\u00e1 str\u00e1nka","item":"https:\/\/www.smedemokrati.sk\/"},{"@type":"ListItem","position":2,"name":"Ohradzujeme sa vo\u010di \u0160utaj E\u0161tokovi: nem\u00e1me \u0161tedr\u00fa sestru, ale ani pofid\u00e9rne financovanie"}]},{"@type":"WebSite","@id":"https:\/\/www.smedemokrati.sk\/#website","url":"https:\/\/www.smedemokrati.sk\/","name":"Smedemokrati.sk","description":"Demokracia a slu\u0161nos\u0165 zv\u00ed\u0165az\u00ed","publisher":{"@id":"https:\/\/www.smedemokrati.sk\/#organization"},"potentialAction":[{"@type":"SearchAction","target":{"@type":"EntryPoint","urlTemplate":"https:\/\/www.smedemokrati.sk\/?s={search_term_string}"},"query-input":{"@type":"PropertyValueSpecification","valueRequired":true,"valueName":"search_term_string"}}],"inLanguage":"sv-SE"},{"@type":"Organization","@id":"https:\/\/www.smedemokrati.sk\/#organization","name":"Smedemokrati.sk","url":"https:\/\/www.smedemokrati.sk\/","logo":{"@type":"ImageObject","inLanguage":"sv-SE","@id":"https:\/\/www.smedemokrati.sk\/#\/schema\/logo\/image\/","url":"https:\/\/www.smedemokrati.sk\/wp-content\/uploads\/2023\/04\/ff.002.jpeg","contentUrl":"https:\/\/www.smedemokrati.sk\/wp-content\/uploads\/2023\/04\/ff.002.jpeg","width":640,"height":480,"caption":"Smedemokrati.sk"},"image":{"@id":"https:\/\/www.smedemokrati.sk\/#\/schema\/logo\/image\/"},"sameAs":["https:\/\/www.facebook.com\/smedemokrati2023"]},{"@type":"Person","@id":"https:\/\/www.smedemokrati.sk\/#\/schema\/person\/21f147c88d605aa7ded900e1e7c344ba","name":"miro.sopko","image":{"@type":"ImageObject","inLanguage":"sv-SE","@id":"https:\/\/secure.gravatar.com\/avatar\/267e4a36f704376c109afe3a78740c1f5dd8675a2180a908699e7863c9247606?s=96&d=mm&r=g","url":"https:\/\/secure.gravatar.com\/avatar\/267e4a36f704376c109afe3a78740c1f5dd8675a2180a908699e7863c9247606?s=96&d=mm&r=g","contentUrl":"https:\/\/secure.gravatar.com\/avatar\/267e4a36f704376c109afe3a78740c1f5dd8675a2180a908699e7863c9247606?s=96&d=mm&r=g","caption":"miro.sopko"},"url":"https:\/\/www.smedemokrati.sk\/sv\/author\/miro-sopko\/"}]}},"_links":{"self":[{"href":"https:\/\/www.smedemokrati.sk\/sv\/wp-json\/wp\/v2\/posts\/4136","targetHints":{"allow":["GET"]}}],"collection":[{"href":"https:\/\/www.smedemokrati.sk\/sv\/wp-json\/wp\/v2\/posts"}],"about":[{"href":"https:\/\/www.smedemokrati.sk\/sv\/wp-json\/wp\/v2\/types\/post"}],"author":[{"embeddable":true,"href":"https:\/\/www.smedemokrati.sk\/sv\/wp-json\/wp\/v2\/users\/13"}],"replies":[{"embeddable":true,"href":"https:\/\/www.smedemokrati.sk\/sv\/wp-json\/wp\/v2\/comments?post=4136"}],"version-history":[{"count":1,"href":"https:\/\/www.smedemokrati.sk\/sv\/wp-json\/wp\/v2\/posts\/4136\/revisions"}],"predecessor-version":[{"id":4138,"href":"https:\/\/www.smedemokrati.sk\/sv\/wp-json\/wp\/v2\/posts\/4136\/revisions\/4138"}],"wp:featuredmedia":[{"embeddable":true,"href":"https:\/\/www.smedemokrati.sk\/sv\/wp-json\/wp\/v2\/media\/4137"}],"wp:attachment":[{"href":"https:\/\/www.smedemokrati.sk\/sv\/wp-json\/wp\/v2\/media?parent=4136"}],"wp:term":[{"taxonomy":"category","embeddable":true,"href":"https:\/\/www.smedemokrati.sk\/sv\/wp-json\/wp\/v2\/categories?post=4136"},{"taxonomy":"post_tag","embeddable":true,"href":"https:\/\/www.smedemokrati.sk\/sv\/wp-json\/wp\/v2\/tags?post=4136"}],"curies":[{"name":"wp","href":"https:\/\/api.w.org\/{rel}","templated":true}]}}