{"id":4120,"date":"2024-05-10T11:59:20","date_gmt":"2024-05-10T10:59:20","guid":{"rendered":"https:\/\/www.smedemokrati.sk\/?p=4120"},"modified":"2024-05-10T11:59:21","modified_gmt":"2024-05-10T10:59:21","slug":"demokrati-kedy-bude-zvolana-bezpecnostna-rada-je-podla-fica-1-543-hlaseni-na-skolach-malo","status":"publish","type":"post","link":"https:\/\/www.smedemokrati.sk\/sv\/demokrati-kedy-bude-zvolana-bezpecnostna-rada-je-podla-fica-1-543-hlaseni-na-skolach-malo\/","title":{"rendered":"Kedy bude zvolan\u00e1 bezpe\u010dnostn\u00e1 rada, je pod\u013ea Fica 1 543 hl\u00e1sen\u00ed na \u0161kol\u00e1ch m\u00e1lo?\u00a0"},"content":{"rendered":"<div id=\"fb-root\"><\/div>\n\n<p><strong>Strana Demokrati po\u010dkala 48 hod\u00edn na vyjadrenie premi\u00e9ra Fica k bombov\u00fdm hrozb\u00e1m na \u0161kol\u00e1ch a tie\u017e na kroky opoz\u00edcie na zvolanie branno-bezpe\u010dnostn\u00e9ho v\u00fdboru, v\u00fdboru SIS \u010di v\u00fdboru na&nbsp;kontrolu \u010dinnost\u00ed Vojensk\u00e9ho spravodajstva. Ni\u010d z toho nepri\u0161lo, preto sa strana p\u00fdta \u010di premi\u00e9r ml\u010d\u00ed, lebo vyhr\u00e1\u017eky maj\u00fa rusk\u00fa koncovku, alebo je to cielen\u00e1 aktivita priamo vl\u00e1dy SR, ktor\u00e1 pod touto z\u00e1mienkou pr\u00edjme z\u00e1kon na \u010fal\u0161ie \u0161ikanovanie verejnosti alebo odovzd\u00e1 e\u0161te v\u00e4\u010d\u0161ie kompetencie samotnej vl\u00e1de?<\/strong><\/p>\n\n\n\n<p>Pod\u013ea experta na pr\u00e1vo a spravodlivos\u0165 Juraja \u0160eligu je nemyslite\u013en\u00e9, aby sa k tak z\u00e1va\u017en\u00e9mu bezpe\u010dnostn\u00e9mu riziku dva dni nevyjadril premi\u00e9r krajiny a opoz\u00edcia nevyu\u017eila v\u0161etky n\u00e1stroje na to, aby vyvinula tlak na okam\u017eit\u00e9 rie\u0161enia a z\u00edskanie relevantn\u00fdch odpoved\u00ed, na upokojnenie verejnosti:\u00a0<em>\u201cPre Roberta Fica je v\u00e4\u010d\u0161\u00edm rizikom Tomanovej pes ako stovky tis\u00edc det\u00ed. \u010cakali sme dva dni, no p\u00e1n premi\u00e9r sa neur\u00e1\u010dil ani na jedno jedin\u00e9 slovo,\u201d<\/em>\u00a0otv\u00e1ra t\u00e9mu \u0160eliga a nazna\u010duje, pre\u010do premi\u00e9r ml\u010d\u00ed a minister vn\u00fatra \u0160utaj Etok sa zmohol na jednu jedin\u00fa vetu:\u00a0<em><em><em>\u201e<\/em><\/em>\u00daplne otvorene sa p\u00fdtam, pre\u010do tak v\u00e1hate? Preto\u017ee v\u00fdhra\u017en\u00fd email mal rusk\u00fa koncovku? Preto\u017ee je podozrenie, \u017ee za t\u00fdm boli Rusi? Nechcete verejnosti poveda\u0165, \u017ee V\u00e1\u0161 vzor Putin spolo\u010dne so svojim re\u017eimom mohol by\u0165 za \u00fatokmi na Slovensko?! Alebo ml\u010d\u00edte a pripravujete legislat\u00edvu, ktor\u00e1 obmedz\u00ed pr\u00e1va ob\u010danov a toto pou\u017eijete ako v\u00fdhovorku?\u201d<\/em><\/p>\n\n\n\n<p>Podpredseda Demokratov \u0160eliga tie\u017e kritizuje opoz\u00edciu a hovor\u00ed, \u017ee pod\u013ea neho nevyu\u017e\u00edva v\u0161etky n\u00e1stroje na potrebn\u00fa konfront\u00e1ciu vl\u00e1dy:\u00a0<em><em><em>\u201e<\/em><\/em>Kde je teraz parlamentn\u00e1 opoz\u00edcia? Pre\u010do neboli zvolan\u00e9 kontroln\u00e9 v\u00fdbory na kontrolu SIS, kontrolu Vojensk\u00e9ho spravodajstva alebo branno-bezpe\u010dnostn\u00fd v\u00fdbor? Teraz je \u010das aktivizova\u0165 v\u0161etky bezpe\u010dnostn\u00e9 zlo\u017eky, informova\u0165 a upokoji\u0165 verejnos\u0165. Teraz je \u010das na bezpe\u010dnostn\u00fa radu \u0161t\u00e1tu. Vyz\u00fdvam V\u00e1s, zvolajte bezpe\u010dnostn\u00fa radu \u0161t\u00e1tu a konajte.\u201d<\/em>\u00a0Uzatv\u00e1ra \u0160eliga a na z\u00e1ver sa prihov\u00e1ra aj bezpe\u010dnostn\u00e1 analyti\u010dka Monika Podhor\u00e1ny Masarikov\u00e1, ktor\u00e1 hovor\u00ed, \u017ee nie mimovl\u00e1dne organiz\u00e1cie, ktor\u00e9 robia z\u00e1slu\u017en\u00fa \u010dinnos\u0165 pre na\u0161u spolo\u010dnos\u0165, ale pr\u00e1ve ne\u010dinnos\u0165 vl\u00e1dy pri t\u00fdchto skuto\u010dn\u00fdch hrozb\u00e1ch predstavuj\u00fa skuto\u010dn\u00e9 bezpe\u010dnostn\u00e9 riziko.<\/p>\n","protected":false},"excerpt":{"rendered":"<p>Strana Demokrati po\u010dkala 48 hod\u00edn na vyjadrenie premi\u00e9ra Fica k bombov\u00fdm hrozb\u00e1m na \u0161kol\u00e1ch a tie\u017e na kroky opoz\u00edcie na zvolanie branno-bezpe\u010dnostn\u00e9ho v\u00fdboru, v\u00fdboru SIS \u010di v\u00fdboru na&nbsp;kontrolu \u010dinnost\u00ed Vojensk\u00e9ho spravodajstva. Ni\u010d z toho nepri\u0161lo, preto sa strana p\u00fdta \u010di premi\u00e9r ml\u010d\u00ed, lebo vyhr\u00e1\u017eky maj\u00fa rusk\u00fa koncovku, alebo je to cielen\u00e1 aktivita priamo vl\u00e1dy SR, [&hellip;]<\/p>\n","protected":false},"author":13,"featured_media":3414,"comment_status":"closed","ping_status":"closed","sticky":false,"template":"","format":"standard","meta":{"_acf_changed":false,"ngg_post_thumbnail":0,"footnotes":""},"categories":[4],"tags":[],"class_list":["post-4120","post","type-post","status-publish","format-standard","has-post-thumbnail","hentry","category-tlacove-spravy"],"acf":[],"yoast_head":"<!-- This site is optimized with the Yoast SEO plugin v27.2 - https:\/\/yoast.com\/product\/yoast-seo-wordpress\/ -->\n<title>Kedy bude zvolan\u00e1 bezpe\u010dnostn\u00e1 rada, je pod\u013ea Fica 1 543 hl\u00e1sen\u00ed na \u0161kol\u00e1ch m\u00e1lo?\u00a0<\/title>\n<meta name=\"robots\" content=\"index, follow, max-snippet:-1, max-image-preview:large, max-video-preview:-1\" \/>\n<link rel=\"canonical\" href=\"https:\/\/www.smedemokrati.sk\/sv\/demokrati-kedy-bude-zvolana-bezpecnostna-rada-je-podla-fica-1-543-hlaseni-na-skolach-malo\/\" \/>\n<meta property=\"og:locale\" content=\"sv_SE\" \/>\n<meta property=\"og:locale:alternate\" content=\"en_US\" \/>\n<meta property=\"og:locale:alternate\" content=\"cs_CZ\" \/>\n<meta property=\"og:locale:alternate\" content=\"hu_HU\" \/>\n<meta property=\"og:locale:alternate\" content=\"sk_SK\" \/>\n<meta property=\"og:type\" content=\"article\" \/>\n<meta property=\"og:title\" content=\"Kedy bude zvolan\u00e1 bezpe\u010dnostn\u00e1 rada, je pod\u013ea Fica 1 543 hl\u00e1sen\u00ed na \u0161kol\u00e1ch m\u00e1lo?\u00a0\" \/>\n<meta property=\"og:description\" content=\"Strana Demokrati po\u010dkala 48 hod\u00edn na vyjadrenie premi\u00e9ra Fica k bombov\u00fdm hrozb\u00e1m na \u0161kol\u00e1ch a tie\u017e na kroky opoz\u00edcie na zvolanie branno-bezpe\u010dnostn\u00e9ho v\u00fdboru, v\u00fdboru SIS \u010di v\u00fdboru na&nbsp;kontrolu \u010dinnost\u00ed Vojensk\u00e9ho spravodajstva. Ni\u010d z toho nepri\u0161lo, preto sa strana p\u00fdta \u010di premi\u00e9r ml\u010d\u00ed, lebo vyhr\u00e1\u017eky maj\u00fa rusk\u00fa koncovku, alebo je to cielen\u00e1 aktivita priamo vl\u00e1dy SR, [&hellip;]\" \/>\n<meta property=\"og:url\" content=\"https:\/\/www.smedemokrati.sk\/sv\/demokrati-kedy-bude-zvolana-bezpecnostna-rada-je-podla-fica-1-543-hlaseni-na-skolach-malo\/\" \/>\n<meta property=\"og:site_name\" content=\"Smedemokrati.sk\" \/>\n<meta property=\"article:publisher\" content=\"https:\/\/www.facebook.com\/smedemokrati2023\" \/>\n<meta property=\"article:published_time\" content=\"2024-05-10T10:59:20+00:00\" \/>\n<meta property=\"article:modified_time\" content=\"2024-05-10T10:59:21+00:00\" \/>\n<meta property=\"og:image\" content=\"https:\/\/www.smedemokrati.sk\/wp-content\/uploads\/2024\/04\/Seliga-vyzva.jpg\" \/>\n\t<meta property=\"og:image:width\" content=\"1104\" \/>\n\t<meta property=\"og:image:height\" content=\"737\" \/>\n\t<meta property=\"og:image:type\" content=\"image\/jpeg\" \/>\n<meta name=\"author\" content=\"miro.sopko\" \/>\n<meta name=\"twitter:card\" content=\"summary_large_image\" \/>\n<meta name=\"twitter:label1\" content=\"Skriven av\" \/>\n\t<meta name=\"twitter:data1\" content=\"miro.sopko\" \/>\n\t<meta name=\"twitter:label2\" content=\"Ber\u00e4knad l\u00e4stid\" \/>\n\t<meta name=\"twitter:data2\" content=\"2 minuter\" \/>\n<script type=\"application\/ld+json\" class=\"yoast-schema-graph\">{\"@context\":\"https:\/\/schema.org\",\"@graph\":[{\"@type\":\"Article\",\"@id\":\"https:\/\/www.smedemokrati.sk\/demokrati-kedy-bude-zvolana-bezpecnostna-rada-je-podla-fica-1-543-hlaseni-na-skolach-malo\/#article\",\"isPartOf\":{\"@id\":\"https:\/\/www.smedemokrati.sk\/demokrati-kedy-bude-zvolana-bezpecnostna-rada-je-podla-fica-1-543-hlaseni-na-skolach-malo\/\"},\"author\":{\"name\":\"miro.sopko\",\"@id\":\"https:\/\/www.smedemokrati.sk\/#\/schema\/person\/21f147c88d605aa7ded900e1e7c344ba\"},\"headline\":\"Kedy bude zvolan\u00e1 bezpe\u010dnostn\u00e1 rada, je pod\u013ea Fica 1 543 hl\u00e1sen\u00ed na \u0161kol\u00e1ch m\u00e1lo?\u00a0\",\"datePublished\":\"2024-05-10T10:59:20+00:00\",\"dateModified\":\"2024-05-10T10:59:21+00:00\",\"mainEntityOfPage\":{\"@id\":\"https:\/\/www.smedemokrati.sk\/demokrati-kedy-bude-zvolana-bezpecnostna-rada-je-podla-fica-1-543-hlaseni-na-skolach-malo\/\"},\"wordCount\":444,\"publisher\":{\"@id\":\"https:\/\/www.smedemokrati.sk\/#organization\"},\"image\":{\"@id\":\"https:\/\/www.smedemokrati.sk\/demokrati-kedy-bude-zvolana-bezpecnostna-rada-je-podla-fica-1-543-hlaseni-na-skolach-malo\/#primaryimage\"},\"thumbnailUrl\":\"https:\/\/www.smedemokrati.sk\/wp-content\/uploads\/2024\/04\/Seliga-vyzva.jpg\",\"articleSection\":[\"Tla\u010dov\u00e9 spr\u00e1vy\"],\"inLanguage\":\"sv-SE\"},{\"@type\":\"WebPage\",\"@id\":\"https:\/\/www.smedemokrati.sk\/demokrati-kedy-bude-zvolana-bezpecnostna-rada-je-podla-fica-1-543-hlaseni-na-skolach-malo\/\",\"url\":\"https:\/\/www.smedemokrati.sk\/demokrati-kedy-bude-zvolana-bezpecnostna-rada-je-podla-fica-1-543-hlaseni-na-skolach-malo\/\",\"name\":\"Kedy bude zvolan\u00e1 bezpe\u010dnostn\u00e1 rada, je pod\u013ea Fica 1 543 hl\u00e1sen\u00ed na \u0161kol\u00e1ch m\u00e1lo?\u00a0\",\"isPartOf\":{\"@id\":\"https:\/\/www.smedemokrati.sk\/#website\"},\"primaryImageOfPage\":{\"@id\":\"https:\/\/www.smedemokrati.sk\/demokrati-kedy-bude-zvolana-bezpecnostna-rada-je-podla-fica-1-543-hlaseni-na-skolach-malo\/#primaryimage\"},\"image\":{\"@id\":\"https:\/\/www.smedemokrati.sk\/demokrati-kedy-bude-zvolana-bezpecnostna-rada-je-podla-fica-1-543-hlaseni-na-skolach-malo\/#primaryimage\"},\"thumbnailUrl\":\"https:\/\/www.smedemokrati.sk\/wp-content\/uploads\/2024\/04\/Seliga-vyzva.jpg\",\"datePublished\":\"2024-05-10T10:59:20+00:00\",\"dateModified\":\"2024-05-10T10:59:21+00:00\",\"breadcrumb\":{\"@id\":\"https:\/\/www.smedemokrati.sk\/demokrati-kedy-bude-zvolana-bezpecnostna-rada-je-podla-fica-1-543-hlaseni-na-skolach-malo\/#breadcrumb\"},\"inLanguage\":\"sv-SE\",\"potentialAction\":[{\"@type\":\"ReadAction\",\"target\":[\"https:\/\/www.smedemokrati.sk\/demokrati-kedy-bude-zvolana-bezpecnostna-rada-je-podla-fica-1-543-hlaseni-na-skolach-malo\/\"]}]},{\"@type\":\"ImageObject\",\"inLanguage\":\"sv-SE\",\"@id\":\"https:\/\/www.smedemokrati.sk\/demokrati-kedy-bude-zvolana-bezpecnostna-rada-je-podla-fica-1-543-hlaseni-na-skolach-malo\/#primaryimage\",\"url\":\"https:\/\/www.smedemokrati.sk\/wp-content\/uploads\/2024\/04\/Seliga-vyzva.jpg\",\"contentUrl\":\"https:\/\/www.smedemokrati.sk\/wp-content\/uploads\/2024\/04\/Seliga-vyzva.jpg\",\"width\":1104,\"height\":737},{\"@type\":\"BreadcrumbList\",\"@id\":\"https:\/\/www.smedemokrati.sk\/demokrati-kedy-bude-zvolana-bezpecnostna-rada-je-podla-fica-1-543-hlaseni-na-skolach-malo\/#breadcrumb\",\"itemListElement\":[{\"@type\":\"ListItem\",\"position\":1,\"name\":\"Domovsk\u00e1 str\u00e1nka\",\"item\":\"https:\/\/www.smedemokrati.sk\/\"},{\"@type\":\"ListItem\",\"position\":2,\"name\":\"Kedy bude zvolan\u00e1 bezpe\u010dnostn\u00e1 rada, je pod\u013ea Fica 1 543 hl\u00e1sen\u00ed na \u0161kol\u00e1ch m\u00e1lo?\u00a0\"}]},{\"@type\":\"WebSite\",\"@id\":\"https:\/\/www.smedemokrati.sk\/#website\",\"url\":\"https:\/\/www.smedemokrati.sk\/\",\"name\":\"Smedemokrati.sk\",\"description\":\"Demokracia a slu\u0161nos\u0165 zv\u00ed\u0165az\u00ed\",\"publisher\":{\"@id\":\"https:\/\/www.smedemokrati.sk\/#organization\"},\"potentialAction\":[{\"@type\":\"SearchAction\",\"target\":{\"@type\":\"EntryPoint\",\"urlTemplate\":\"https:\/\/www.smedemokrati.sk\/?s={search_term_string}\"},\"query-input\":{\"@type\":\"PropertyValueSpecification\",\"valueRequired\":true,\"valueName\":\"search_term_string\"}}],\"inLanguage\":\"sv-SE\"},{\"@type\":\"Organization\",\"@id\":\"https:\/\/www.smedemokrati.sk\/#organization\",\"name\":\"Smedemokrati.sk\",\"url\":\"https:\/\/www.smedemokrati.sk\/\",\"logo\":{\"@type\":\"ImageObject\",\"inLanguage\":\"sv-SE\",\"@id\":\"https:\/\/www.smedemokrati.sk\/#\/schema\/logo\/image\/\",\"url\":\"https:\/\/www.smedemokrati.sk\/wp-content\/uploads\/2023\/04\/ff.002.jpeg\",\"contentUrl\":\"https:\/\/www.smedemokrati.sk\/wp-content\/uploads\/2023\/04\/ff.002.jpeg\",\"width\":640,\"height\":480,\"caption\":\"Smedemokrati.sk\"},\"image\":{\"@id\":\"https:\/\/www.smedemokrati.sk\/#\/schema\/logo\/image\/\"},\"sameAs\":[\"https:\/\/www.facebook.com\/smedemokrati2023\"]},{\"@type\":\"Person\",\"@id\":\"https:\/\/www.smedemokrati.sk\/#\/schema\/person\/21f147c88d605aa7ded900e1e7c344ba\",\"name\":\"miro.sopko\",\"image\":{\"@type\":\"ImageObject\",\"inLanguage\":\"sv-SE\",\"@id\":\"https:\/\/secure.gravatar.com\/avatar\/267e4a36f704376c109afe3a78740c1f5dd8675a2180a908699e7863c9247606?s=96&d=mm&r=g\",\"url\":\"https:\/\/secure.gravatar.com\/avatar\/267e4a36f704376c109afe3a78740c1f5dd8675a2180a908699e7863c9247606?s=96&d=mm&r=g\",\"contentUrl\":\"https:\/\/secure.gravatar.com\/avatar\/267e4a36f704376c109afe3a78740c1f5dd8675a2180a908699e7863c9247606?s=96&d=mm&r=g\",\"caption\":\"miro.sopko\"},\"url\":\"https:\/\/www.smedemokrati.sk\/sv\/author\/miro-sopko\/\"}]}<\/script>\n<!-- \/ Yoast SEO plugin. -->","yoast_head_json":{"title":"Kedy bude zvolan\u00e1 bezpe\u010dnostn\u00e1 rada, je pod\u013ea Fica 1 543 hl\u00e1sen\u00ed na \u0161kol\u00e1ch m\u00e1lo?\u00a0","robots":{"index":"index","follow":"follow","max-snippet":"max-snippet:-1","max-image-preview":"max-image-preview:large","max-video-preview":"max-video-preview:-1"},"canonical":"https:\/\/www.smedemokrati.sk\/sv\/demokrati-kedy-bude-zvolana-bezpecnostna-rada-je-podla-fica-1-543-hlaseni-na-skolach-malo\/","og_locale":"sv_SE","og_type":"article","og_title":"[:sk]Kedy bude zvolan\u00e1 bezpe\u010dnostn\u00e1 rada, je pod\u013ea Fica 1 543 hl\u00e1sen\u00ed na \u0161kol\u00e1ch m\u00e1lo?\u00a0[:] - Smedemokrati.sk","og_description":"Strana Demokrati po\u010dkala 48 hod\u00edn na vyjadrenie premi\u00e9ra Fica k bombov\u00fdm hrozb\u00e1m na \u0161kol\u00e1ch a tie\u017e na kroky opoz\u00edcie na zvolanie branno-bezpe\u010dnostn\u00e9ho v\u00fdboru, v\u00fdboru SIS \u010di v\u00fdboru na&nbsp;kontrolu \u010dinnost\u00ed Vojensk\u00e9ho spravodajstva. Ni\u010d z toho nepri\u0161lo, preto sa strana p\u00fdta \u010di premi\u00e9r ml\u010d\u00ed, lebo vyhr\u00e1\u017eky maj\u00fa rusk\u00fa koncovku, alebo je to cielen\u00e1 aktivita priamo vl\u00e1dy SR, [&hellip;]","og_url":"https:\/\/www.smedemokrati.sk\/sv\/demokrati-kedy-bude-zvolana-bezpecnostna-rada-je-podla-fica-1-543-hlaseni-na-skolach-malo\/","og_site_name":"Smedemokrati.sk","article_publisher":"https:\/\/www.facebook.com\/smedemokrati2023","article_published_time":"2024-05-10T10:59:20+00:00","article_modified_time":"2024-05-10T10:59:21+00:00","og_image":[{"width":1104,"height":737,"url":"https:\/\/www.smedemokrati.sk\/wp-content\/uploads\/2024\/04\/Seliga-vyzva.jpg","type":"image\/jpeg"}],"author":"miro.sopko","twitter_card":"summary_large_image","twitter_misc":{"Skriven av":"miro.sopko","Ber\u00e4knad l\u00e4stid":"2 minuter"},"schema":{"@context":"https:\/\/schema.org","@graph":[{"@type":"Article","@id":"https:\/\/www.smedemokrati.sk\/demokrati-kedy-bude-zvolana-bezpecnostna-rada-je-podla-fica-1-543-hlaseni-na-skolach-malo\/#article","isPartOf":{"@id":"https:\/\/www.smedemokrati.sk\/demokrati-kedy-bude-zvolana-bezpecnostna-rada-je-podla-fica-1-543-hlaseni-na-skolach-malo\/"},"author":{"name":"miro.sopko","@id":"https:\/\/www.smedemokrati.sk\/#\/schema\/person\/21f147c88d605aa7ded900e1e7c344ba"},"headline":"Kedy bude zvolan\u00e1 bezpe\u010dnostn\u00e1 rada, je pod\u013ea Fica 1 543 hl\u00e1sen\u00ed na \u0161kol\u00e1ch m\u00e1lo?\u00a0","datePublished":"2024-05-10T10:59:20+00:00","dateModified":"2024-05-10T10:59:21+00:00","mainEntityOfPage":{"@id":"https:\/\/www.smedemokrati.sk\/demokrati-kedy-bude-zvolana-bezpecnostna-rada-je-podla-fica-1-543-hlaseni-na-skolach-malo\/"},"wordCount":444,"publisher":{"@id":"https:\/\/www.smedemokrati.sk\/#organization"},"image":{"@id":"https:\/\/www.smedemokrati.sk\/demokrati-kedy-bude-zvolana-bezpecnostna-rada-je-podla-fica-1-543-hlaseni-na-skolach-malo\/#primaryimage"},"thumbnailUrl":"https:\/\/www.smedemokrati.sk\/wp-content\/uploads\/2024\/04\/Seliga-vyzva.jpg","articleSection":["Tla\u010dov\u00e9 spr\u00e1vy"],"inLanguage":"sv-SE"},{"@type":"WebPage","@id":"https:\/\/www.smedemokrati.sk\/demokrati-kedy-bude-zvolana-bezpecnostna-rada-je-podla-fica-1-543-hlaseni-na-skolach-malo\/","url":"https:\/\/www.smedemokrati.sk\/demokrati-kedy-bude-zvolana-bezpecnostna-rada-je-podla-fica-1-543-hlaseni-na-skolach-malo\/","name":"Kedy bude zvolan\u00e1 bezpe\u010dnostn\u00e1 rada, je pod\u013ea Fica 1 543 hl\u00e1sen\u00ed na \u0161kol\u00e1ch m\u00e1lo?\u00a0","isPartOf":{"@id":"https:\/\/www.smedemokrati.sk\/#website"},"primaryImageOfPage":{"@id":"https:\/\/www.smedemokrati.sk\/demokrati-kedy-bude-zvolana-bezpecnostna-rada-je-podla-fica-1-543-hlaseni-na-skolach-malo\/#primaryimage"},"image":{"@id":"https:\/\/www.smedemokrati.sk\/demokrati-kedy-bude-zvolana-bezpecnostna-rada-je-podla-fica-1-543-hlaseni-na-skolach-malo\/#primaryimage"},"thumbnailUrl":"https:\/\/www.smedemokrati.sk\/wp-content\/uploads\/2024\/04\/Seliga-vyzva.jpg","datePublished":"2024-05-10T10:59:20+00:00","dateModified":"2024-05-10T10:59:21+00:00","breadcrumb":{"@id":"https:\/\/www.smedemokrati.sk\/demokrati-kedy-bude-zvolana-bezpecnostna-rada-je-podla-fica-1-543-hlaseni-na-skolach-malo\/#breadcrumb"},"inLanguage":"sv-SE","potentialAction":[{"@type":"ReadAction","target":["https:\/\/www.smedemokrati.sk\/demokrati-kedy-bude-zvolana-bezpecnostna-rada-je-podla-fica-1-543-hlaseni-na-skolach-malo\/"]}]},{"@type":"ImageObject","inLanguage":"sv-SE","@id":"https:\/\/www.smedemokrati.sk\/demokrati-kedy-bude-zvolana-bezpecnostna-rada-je-podla-fica-1-543-hlaseni-na-skolach-malo\/#primaryimage","url":"https:\/\/www.smedemokrati.sk\/wp-content\/uploads\/2024\/04\/Seliga-vyzva.jpg","contentUrl":"https:\/\/www.smedemokrati.sk\/wp-content\/uploads\/2024\/04\/Seliga-vyzva.jpg","width":1104,"height":737},{"@type":"BreadcrumbList","@id":"https:\/\/www.smedemokrati.sk\/demokrati-kedy-bude-zvolana-bezpecnostna-rada-je-podla-fica-1-543-hlaseni-na-skolach-malo\/#breadcrumb","itemListElement":[{"@type":"ListItem","position":1,"name":"Domovsk\u00e1 str\u00e1nka","item":"https:\/\/www.smedemokrati.sk\/"},{"@type":"ListItem","position":2,"name":"Kedy bude zvolan\u00e1 bezpe\u010dnostn\u00e1 rada, je pod\u013ea Fica 1 543 hl\u00e1sen\u00ed na \u0161kol\u00e1ch m\u00e1lo?\u00a0"}]},{"@type":"WebSite","@id":"https:\/\/www.smedemokrati.sk\/#website","url":"https:\/\/www.smedemokrati.sk\/","name":"Smedemokrati.sk","description":"Demokracia a slu\u0161nos\u0165 zv\u00ed\u0165az\u00ed","publisher":{"@id":"https:\/\/www.smedemokrati.sk\/#organization"},"potentialAction":[{"@type":"SearchAction","target":{"@type":"EntryPoint","urlTemplate":"https:\/\/www.smedemokrati.sk\/?s={search_term_string}"},"query-input":{"@type":"PropertyValueSpecification","valueRequired":true,"valueName":"search_term_string"}}],"inLanguage":"sv-SE"},{"@type":"Organization","@id":"https:\/\/www.smedemokrati.sk\/#organization","name":"Smedemokrati.sk","url":"https:\/\/www.smedemokrati.sk\/","logo":{"@type":"ImageObject","inLanguage":"sv-SE","@id":"https:\/\/www.smedemokrati.sk\/#\/schema\/logo\/image\/","url":"https:\/\/www.smedemokrati.sk\/wp-content\/uploads\/2023\/04\/ff.002.jpeg","contentUrl":"https:\/\/www.smedemokrati.sk\/wp-content\/uploads\/2023\/04\/ff.002.jpeg","width":640,"height":480,"caption":"Smedemokrati.sk"},"image":{"@id":"https:\/\/www.smedemokrati.sk\/#\/schema\/logo\/image\/"},"sameAs":["https:\/\/www.facebook.com\/smedemokrati2023"]},{"@type":"Person","@id":"https:\/\/www.smedemokrati.sk\/#\/schema\/person\/21f147c88d605aa7ded900e1e7c344ba","name":"miro.sopko","image":{"@type":"ImageObject","inLanguage":"sv-SE","@id":"https:\/\/secure.gravatar.com\/avatar\/267e4a36f704376c109afe3a78740c1f5dd8675a2180a908699e7863c9247606?s=96&d=mm&r=g","url":"https:\/\/secure.gravatar.com\/avatar\/267e4a36f704376c109afe3a78740c1f5dd8675a2180a908699e7863c9247606?s=96&d=mm&r=g","contentUrl":"https:\/\/secure.gravatar.com\/avatar\/267e4a36f704376c109afe3a78740c1f5dd8675a2180a908699e7863c9247606?s=96&d=mm&r=g","caption":"miro.sopko"},"url":"https:\/\/www.smedemokrati.sk\/sv\/author\/miro-sopko\/"}]}},"_links":{"self":[{"href":"https:\/\/www.smedemokrati.sk\/sv\/wp-json\/wp\/v2\/posts\/4120","targetHints":{"allow":["GET"]}}],"collection":[{"href":"https:\/\/www.smedemokrati.sk\/sv\/wp-json\/wp\/v2\/posts"}],"about":[{"href":"https:\/\/www.smedemokrati.sk\/sv\/wp-json\/wp\/v2\/types\/post"}],"author":[{"embeddable":true,"href":"https:\/\/www.smedemokrati.sk\/sv\/wp-json\/wp\/v2\/users\/13"}],"replies":[{"embeddable":true,"href":"https:\/\/www.smedemokrati.sk\/sv\/wp-json\/wp\/v2\/comments?post=4120"}],"version-history":[{"count":1,"href":"https:\/\/www.smedemokrati.sk\/sv\/wp-json\/wp\/v2\/posts\/4120\/revisions"}],"predecessor-version":[{"id":4121,"href":"https:\/\/www.smedemokrati.sk\/sv\/wp-json\/wp\/v2\/posts\/4120\/revisions\/4121"}],"wp:featuredmedia":[{"embeddable":true,"href":"https:\/\/www.smedemokrati.sk\/sv\/wp-json\/wp\/v2\/media\/3414"}],"wp:attachment":[{"href":"https:\/\/www.smedemokrati.sk\/sv\/wp-json\/wp\/v2\/media?parent=4120"}],"wp:term":[{"taxonomy":"category","embeddable":true,"href":"https:\/\/www.smedemokrati.sk\/sv\/wp-json\/wp\/v2\/categories?post=4120"},{"taxonomy":"post_tag","embeddable":true,"href":"https:\/\/www.smedemokrati.sk\/sv\/wp-json\/wp\/v2\/tags?post=4120"}],"curies":[{"name":"wp","href":"https:\/\/api.w.org\/{rel}","templated":true}]}}