{"id":4076,"date":"2024-05-07T13:45:00","date_gmt":"2024-05-07T12:45:00","guid":{"rendered":"https:\/\/www.smedemokrati.sk\/?p=4076"},"modified":"2024-05-07T14:05:08","modified_gmt":"2024-05-07T13:05:08","slug":"machalova-oslava-narodenin-zorganizovana-zo-dna-na-den-ziadost-o-priestory-na-konferenciu-o-normalizacii-rtvs-je-bez-odpovede","status":"publish","type":"post","link":"https:\/\/www.smedemokrati.sk\/sv\/machalova-oslava-narodenin-zorganizovana-zo-dna-na-den-ziadost-o-priestory-na-konferenciu-o-normalizacii-rtvs-je-bez-odpovede\/","title":{"rendered":"Machalova oslava naroden\u00edn zorganizovan\u00e1 zo d\u0148a na de\u0148, \u017eiados\u0165 o priestory na konferenciu o normaliz\u00e1ci\u00ed RTVS je bez odpovede"},"content":{"rendered":"<div id=\"fb-root\"><\/div>\n\n<p><strong>D\u0148a 24. apr\u00edla 2024 poslala strana Demokrati ofici\u00e1lnu \u017eiados\u0165 Ministerstvu kult\u00fary SR na pren\u00e1jom priestorov v ka\u0161tieli v Budmericiach. Ide o tie ist\u00e9 priestory, ktor\u00e9 si od ministerstva prenajal gener\u00e1lny tajomn\u00edk slu\u017eobn\u00e9ho \u00faradu Machala, za 100 eur na dva dni, za \u00fa\u010delom oslavy svojich 50. naroden\u00edn. \u0160imkovi\u010dovej rezort sa v\u0161ak s odpove\u010fou na ofici\u00e1lnu \u017eiados\u0165 nepon\u00e1h\u013ea, konferencia na t\u00e9mu&nbsp;\u201cSnaha o legislat\u00edvnu normaliz\u00e1ciu v RTVS\u201d&nbsp;sa pod\u013ea \u017eiadosti mala kona\u0165 dnes 7. m\u00e1ja. Demokrati do dne\u0161n\u00e9ho d\u0148a nemaj\u00fa z ministerstva odpove\u010f.&nbsp;<\/strong><\/p>\n\n\n\n<p><em>\u201cIde o k\u013e\u00fa\u010dov\u00fa t\u00e9mu, chceme organizova\u0165 konferenciu s odbornou ale aj laickou verejnos\u0165ou. Je mi \u013e\u00fato, no ke\u010f ministerstvo nem\u00e1 z\u00e1ujem korektne diskutova\u0165 o pripravovan\u00fdch zmen\u00e1ch, Demokrati rezort radi zast\u00fapia. Je zar\u00e1\u017eaj\u00face, \u017ee \u0160imkovi\u010dovej \u010dlovek s nieko\u013eko tis\u00edcov\u00fdm platom dostane super cenu a v\u0161etko je bez probl\u00e9mu zorganizovan\u00e9, no ke\u010f to ist\u00e9 \u017eiada be\u017en\u00fd ob\u010dan nastane ticho a u\u017e to nejde zo d\u0148a na de\u0148 vybavi\u0165,\u201d<\/em>\u00a0okomentoval ne\u010dinnos\u0165 rezortu podpredseda Demokratov Juraj \u0160eliga a doplnil, \u017ee na vybaven\u00ed \u017eiadosti bud\u00fa trva\u0165 aj na\u010falej. Z\u00e1rove\u0148 ocenil snahu zamestnankyne rezortu, s ktorou sa \u0160eliga telefonicky spojil a dostal pr\u00eds\u013eub k prevereniu situ\u00e1cie.\u00a0<\/p>\n\n\n\n<iframe src=\"https:\/\/www.facebook.com\/plugins\/video.php?href=https%3A%2F%2Fwww.facebook.com%2Fsmedemokrati2023%2Fvideos%2F740549324906470%2F&#038;width=600&#038;show_text=false&#038;appId=361313990972954&#038;height=1067\" width=\"600\" height=\"1067\" style=\"border:none;overflow:hidden\" scrolling=\"no\" frameborder=\"0\" allowfullscreen=\"true\" allow=\"autoplay; clipboard-write; encrypted-media; picture-in-picture; web-share\" allowFullScreen=\"true\"><\/iframe>\n","protected":false},"excerpt":{"rendered":"<p>D\u0148a 24. apr\u00edla 2024 poslala strana Demokrati ofici\u00e1lnu \u017eiados\u0165 Ministerstvu kult\u00fary SR na pren\u00e1jom priestorov v ka\u0161tieli v Budmericiach. Ide o tie ist\u00e9 priestory, ktor\u00e9 si od ministerstva prenajal gener\u00e1lny tajomn\u00edk slu\u017eobn\u00e9ho \u00faradu Machala, za 100 eur na dva dni, za \u00fa\u010delom oslavy svojich 50. naroden\u00edn. \u0160imkovi\u010dovej rezort sa v\u0161ak s odpove\u010fou na ofici\u00e1lnu \u017eiados\u0165 [&hellip;]<\/p>\n","protected":false},"author":13,"featured_media":4077,"comment_status":"closed","ping_status":"closed","sticky":false,"template":"","format":"standard","meta":{"_acf_changed":false,"ngg_post_thumbnail":0,"footnotes":""},"categories":[4],"tags":[],"class_list":["post-4076","post","type-post","status-publish","format-standard","has-post-thumbnail","hentry","category-tlacove-spravy"],"acf":[],"yoast_head":"<!-- This site is optimized with the Yoast SEO plugin v27.2 - https:\/\/yoast.com\/product\/yoast-seo-wordpress\/ -->\n<title>Machalova oslava naroden\u00edn zorganizovan\u00e1 zo d\u0148a na de\u0148, \u017eiados\u0165 o priestory na konferenciu o normaliz\u00e1ci\u00ed RTVS je bez odpovede<\/title>\n<meta name=\"robots\" content=\"index, follow, max-snippet:-1, max-image-preview:large, max-video-preview:-1\" \/>\n<link rel=\"canonical\" href=\"https:\/\/www.smedemokrati.sk\/sv\/machalova-oslava-narodenin-zorganizovana-zo-dna-na-den-ziadost-o-priestory-na-konferenciu-o-normalizacii-rtvs-je-bez-odpovede\/\" \/>\n<meta property=\"og:locale\" content=\"sv_SE\" \/>\n<meta property=\"og:locale:alternate\" content=\"en_US\" \/>\n<meta property=\"og:locale:alternate\" content=\"cs_CZ\" \/>\n<meta property=\"og:locale:alternate\" content=\"hu_HU\" \/>\n<meta property=\"og:locale:alternate\" content=\"sk_SK\" \/>\n<meta property=\"og:type\" content=\"article\" \/>\n<meta property=\"og:title\" content=\"Machalova oslava naroden\u00edn zorganizovan\u00e1 zo d\u0148a na de\u0148, \u017eiados\u0165 o priestory na konferenciu o normaliz\u00e1ci\u00ed RTVS je bez odpovede\" \/>\n<meta property=\"og:description\" content=\"D\u0148a 24. apr\u00edla 2024 poslala strana Demokrati ofici\u00e1lnu \u017eiados\u0165 Ministerstvu kult\u00fary SR na pren\u00e1jom priestorov v ka\u0161tieli v Budmericiach. Ide o tie ist\u00e9 priestory, ktor\u00e9 si od ministerstva prenajal gener\u00e1lny tajomn\u00edk slu\u017eobn\u00e9ho \u00faradu Machala, za 100 eur na dva dni, za \u00fa\u010delom oslavy svojich 50. naroden\u00edn. \u0160imkovi\u010dovej rezort sa v\u0161ak s odpove\u010fou na ofici\u00e1lnu \u017eiados\u0165 [&hellip;]\" \/>\n<meta property=\"og:url\" content=\"https:\/\/www.smedemokrati.sk\/sv\/machalova-oslava-narodenin-zorganizovana-zo-dna-na-den-ziadost-o-priestory-na-konferenciu-o-normalizacii-rtvs-je-bez-odpovede\/\" \/>\n<meta property=\"og:site_name\" content=\"Smedemokrati.sk\" \/>\n<meta property=\"article:publisher\" content=\"https:\/\/www.facebook.com\/smedemokrati2023\" \/>\n<meta property=\"article:published_time\" content=\"2024-05-07T12:45:00+00:00\" \/>\n<meta property=\"article:modified_time\" content=\"2024-05-07T13:05:08+00:00\" \/>\n<meta property=\"og:image\" content=\"https:\/\/www.smedemokrati.sk\/wp-content\/uploads\/2024\/05\/machala.webp\" \/>\n\t<meta property=\"og:image:width\" content=\"960\" \/>\n\t<meta property=\"og:image:height\" content=\"540\" \/>\n\t<meta property=\"og:image:type\" content=\"image\/webp\" \/>\n<meta name=\"author\" content=\"miro.sopko\" \/>\n<meta name=\"twitter:card\" content=\"summary_large_image\" \/>\n<meta name=\"twitter:label1\" content=\"Skriven av\" \/>\n\t<meta name=\"twitter:data1\" content=\"miro.sopko\" \/>\n\t<meta name=\"twitter:label2\" content=\"Ber\u00e4knad l\u00e4stid\" \/>\n\t<meta name=\"twitter:data2\" content=\"1 minut\" \/>\n<script type=\"application\/ld+json\" class=\"yoast-schema-graph\">{\"@context\":\"https:\/\/schema.org\",\"@graph\":[{\"@type\":\"Article\",\"@id\":\"https:\/\/www.smedemokrati.sk\/machalova-oslava-narodenin-zorganizovana-zo-dna-na-den-ziadost-o-priestory-na-konferenciu-o-normalizacii-rtvs-je-bez-odpovede\/#article\",\"isPartOf\":{\"@id\":\"https:\/\/www.smedemokrati.sk\/machalova-oslava-narodenin-zorganizovana-zo-dna-na-den-ziadost-o-priestory-na-konferenciu-o-normalizacii-rtvs-je-bez-odpovede\/\"},\"author\":{\"name\":\"miro.sopko\",\"@id\":\"https:\/\/www.smedemokrati.sk\/#\/schema\/person\/21f147c88d605aa7ded900e1e7c344ba\"},\"headline\":\"Machalova oslava naroden\u00edn zorganizovan\u00e1 zo d\u0148a na de\u0148, \u017eiados\u0165 o priestory na konferenciu o normaliz\u00e1ci\u00ed RTVS je bez odpovede\",\"datePublished\":\"2024-05-07T12:45:00+00:00\",\"dateModified\":\"2024-05-07T13:05:08+00:00\",\"mainEntityOfPage\":{\"@id\":\"https:\/\/www.smedemokrati.sk\/machalova-oslava-narodenin-zorganizovana-zo-dna-na-den-ziadost-o-priestory-na-konferenciu-o-normalizacii-rtvs-je-bez-odpovede\/\"},\"wordCount\":252,\"publisher\":{\"@id\":\"https:\/\/www.smedemokrati.sk\/#organization\"},\"image\":{\"@id\":\"https:\/\/www.smedemokrati.sk\/machalova-oslava-narodenin-zorganizovana-zo-dna-na-den-ziadost-o-priestory-na-konferenciu-o-normalizacii-rtvs-je-bez-odpovede\/#primaryimage\"},\"thumbnailUrl\":\"https:\/\/www.smedemokrati.sk\/wp-content\/uploads\/2024\/05\/machala.webp\",\"articleSection\":[\"Tla\u010dov\u00e9 spr\u00e1vy\"],\"inLanguage\":\"sv-SE\"},{\"@type\":\"WebPage\",\"@id\":\"https:\/\/www.smedemokrati.sk\/machalova-oslava-narodenin-zorganizovana-zo-dna-na-den-ziadost-o-priestory-na-konferenciu-o-normalizacii-rtvs-je-bez-odpovede\/\",\"url\":\"https:\/\/www.smedemokrati.sk\/machalova-oslava-narodenin-zorganizovana-zo-dna-na-den-ziadost-o-priestory-na-konferenciu-o-normalizacii-rtvs-je-bez-odpovede\/\",\"name\":\"Machalova oslava naroden\u00edn zorganizovan\u00e1 zo d\u0148a na de\u0148, \u017eiados\u0165 o priestory na konferenciu o normaliz\u00e1ci\u00ed RTVS je bez odpovede\",\"isPartOf\":{\"@id\":\"https:\/\/www.smedemokrati.sk\/#website\"},\"primaryImageOfPage\":{\"@id\":\"https:\/\/www.smedemokrati.sk\/machalova-oslava-narodenin-zorganizovana-zo-dna-na-den-ziadost-o-priestory-na-konferenciu-o-normalizacii-rtvs-je-bez-odpovede\/#primaryimage\"},\"image\":{\"@id\":\"https:\/\/www.smedemokrati.sk\/machalova-oslava-narodenin-zorganizovana-zo-dna-na-den-ziadost-o-priestory-na-konferenciu-o-normalizacii-rtvs-je-bez-odpovede\/#primaryimage\"},\"thumbnailUrl\":\"https:\/\/www.smedemokrati.sk\/wp-content\/uploads\/2024\/05\/machala.webp\",\"datePublished\":\"2024-05-07T12:45:00+00:00\",\"dateModified\":\"2024-05-07T13:05:08+00:00\",\"breadcrumb\":{\"@id\":\"https:\/\/www.smedemokrati.sk\/machalova-oslava-narodenin-zorganizovana-zo-dna-na-den-ziadost-o-priestory-na-konferenciu-o-normalizacii-rtvs-je-bez-odpovede\/#breadcrumb\"},\"inLanguage\":\"sv-SE\",\"potentialAction\":[{\"@type\":\"ReadAction\",\"target\":[\"https:\/\/www.smedemokrati.sk\/machalova-oslava-narodenin-zorganizovana-zo-dna-na-den-ziadost-o-priestory-na-konferenciu-o-normalizacii-rtvs-je-bez-odpovede\/\"]}]},{\"@type\":\"ImageObject\",\"inLanguage\":\"sv-SE\",\"@id\":\"https:\/\/www.smedemokrati.sk\/machalova-oslava-narodenin-zorganizovana-zo-dna-na-den-ziadost-o-priestory-na-konferenciu-o-normalizacii-rtvs-je-bez-odpovede\/#primaryimage\",\"url\":\"https:\/\/www.smedemokrati.sk\/wp-content\/uploads\/2024\/05\/machala.webp\",\"contentUrl\":\"https:\/\/www.smedemokrati.sk\/wp-content\/uploads\/2024\/05\/machala.webp\",\"width\":960,\"height\":540},{\"@type\":\"BreadcrumbList\",\"@id\":\"https:\/\/www.smedemokrati.sk\/machalova-oslava-narodenin-zorganizovana-zo-dna-na-den-ziadost-o-priestory-na-konferenciu-o-normalizacii-rtvs-je-bez-odpovede\/#breadcrumb\",\"itemListElement\":[{\"@type\":\"ListItem\",\"position\":1,\"name\":\"Domovsk\u00e1 str\u00e1nka\",\"item\":\"https:\/\/www.smedemokrati.sk\/\"},{\"@type\":\"ListItem\",\"position\":2,\"name\":\"Machalova oslava naroden\u00edn zorganizovan\u00e1 zo d\u0148a na de\u0148, \u017eiados\u0165 o priestory na konferenciu o normaliz\u00e1ci\u00ed RTVS je bez odpovede\"}]},{\"@type\":\"WebSite\",\"@id\":\"https:\/\/www.smedemokrati.sk\/#website\",\"url\":\"https:\/\/www.smedemokrati.sk\/\",\"name\":\"Smedemokrati.sk\",\"description\":\"Demokracia a slu\u0161nos\u0165 zv\u00ed\u0165az\u00ed\",\"publisher\":{\"@id\":\"https:\/\/www.smedemokrati.sk\/#organization\"},\"potentialAction\":[{\"@type\":\"SearchAction\",\"target\":{\"@type\":\"EntryPoint\",\"urlTemplate\":\"https:\/\/www.smedemokrati.sk\/?s={search_term_string}\"},\"query-input\":{\"@type\":\"PropertyValueSpecification\",\"valueRequired\":true,\"valueName\":\"search_term_string\"}}],\"inLanguage\":\"sv-SE\"},{\"@type\":\"Organization\",\"@id\":\"https:\/\/www.smedemokrati.sk\/#organization\",\"name\":\"Smedemokrati.sk\",\"url\":\"https:\/\/www.smedemokrati.sk\/\",\"logo\":{\"@type\":\"ImageObject\",\"inLanguage\":\"sv-SE\",\"@id\":\"https:\/\/www.smedemokrati.sk\/#\/schema\/logo\/image\/\",\"url\":\"https:\/\/www.smedemokrati.sk\/wp-content\/uploads\/2023\/04\/ff.002.jpeg\",\"contentUrl\":\"https:\/\/www.smedemokrati.sk\/wp-content\/uploads\/2023\/04\/ff.002.jpeg\",\"width\":640,\"height\":480,\"caption\":\"Smedemokrati.sk\"},\"image\":{\"@id\":\"https:\/\/www.smedemokrati.sk\/#\/schema\/logo\/image\/\"},\"sameAs\":[\"https:\/\/www.facebook.com\/smedemokrati2023\"]},{\"@type\":\"Person\",\"@id\":\"https:\/\/www.smedemokrati.sk\/#\/schema\/person\/21f147c88d605aa7ded900e1e7c344ba\",\"name\":\"miro.sopko\",\"image\":{\"@type\":\"ImageObject\",\"inLanguage\":\"sv-SE\",\"@id\":\"https:\/\/secure.gravatar.com\/avatar\/267e4a36f704376c109afe3a78740c1f5dd8675a2180a908699e7863c9247606?s=96&d=mm&r=g\",\"url\":\"https:\/\/secure.gravatar.com\/avatar\/267e4a36f704376c109afe3a78740c1f5dd8675a2180a908699e7863c9247606?s=96&d=mm&r=g\",\"contentUrl\":\"https:\/\/secure.gravatar.com\/avatar\/267e4a36f704376c109afe3a78740c1f5dd8675a2180a908699e7863c9247606?s=96&d=mm&r=g\",\"caption\":\"miro.sopko\"},\"url\":\"https:\/\/www.smedemokrati.sk\/sv\/author\/miro-sopko\/\"}]}<\/script>\n<!-- \/ Yoast SEO plugin. -->","yoast_head_json":{"title":"Machalova oslava naroden\u00edn zorganizovan\u00e1 zo d\u0148a na de\u0148, \u017eiados\u0165 o priestory na konferenciu o normaliz\u00e1ci\u00ed RTVS je bez odpovede","robots":{"index":"index","follow":"follow","max-snippet":"max-snippet:-1","max-image-preview":"max-image-preview:large","max-video-preview":"max-video-preview:-1"},"canonical":"https:\/\/www.smedemokrati.sk\/sv\/machalova-oslava-narodenin-zorganizovana-zo-dna-na-den-ziadost-o-priestory-na-konferenciu-o-normalizacii-rtvs-je-bez-odpovede\/","og_locale":"sv_SE","og_type":"article","og_title":"[:sk]Machalova oslava naroden\u00edn zorganizovan\u00e1 zo d\u0148a na de\u0148, \u017eiados\u0165 o priestory na konferenciu o normaliz\u00e1ci\u00ed RTVS je bez odpovede[:] - Smedemokrati.sk","og_description":"D\u0148a 24. apr\u00edla 2024 poslala strana Demokrati ofici\u00e1lnu \u017eiados\u0165 Ministerstvu kult\u00fary SR na pren\u00e1jom priestorov v ka\u0161tieli v Budmericiach. Ide o tie ist\u00e9 priestory, ktor\u00e9 si od ministerstva prenajal gener\u00e1lny tajomn\u00edk slu\u017eobn\u00e9ho \u00faradu Machala, za 100 eur na dva dni, za \u00fa\u010delom oslavy svojich 50. naroden\u00edn. \u0160imkovi\u010dovej rezort sa v\u0161ak s odpove\u010fou na ofici\u00e1lnu \u017eiados\u0165 [&hellip;]","og_url":"https:\/\/www.smedemokrati.sk\/sv\/machalova-oslava-narodenin-zorganizovana-zo-dna-na-den-ziadost-o-priestory-na-konferenciu-o-normalizacii-rtvs-je-bez-odpovede\/","og_site_name":"Smedemokrati.sk","article_publisher":"https:\/\/www.facebook.com\/smedemokrati2023","article_published_time":"2024-05-07T12:45:00+00:00","article_modified_time":"2024-05-07T13:05:08+00:00","og_image":[{"width":960,"height":540,"url":"https:\/\/www.smedemokrati.sk\/wp-content\/uploads\/2024\/05\/machala.webp","type":"image\/webp"}],"author":"miro.sopko","twitter_card":"summary_large_image","twitter_misc":{"Skriven av":"miro.sopko","Ber\u00e4knad l\u00e4stid":"1 minut"},"schema":{"@context":"https:\/\/schema.org","@graph":[{"@type":"Article","@id":"https:\/\/www.smedemokrati.sk\/machalova-oslava-narodenin-zorganizovana-zo-dna-na-den-ziadost-o-priestory-na-konferenciu-o-normalizacii-rtvs-je-bez-odpovede\/#article","isPartOf":{"@id":"https:\/\/www.smedemokrati.sk\/machalova-oslava-narodenin-zorganizovana-zo-dna-na-den-ziadost-o-priestory-na-konferenciu-o-normalizacii-rtvs-je-bez-odpovede\/"},"author":{"name":"miro.sopko","@id":"https:\/\/www.smedemokrati.sk\/#\/schema\/person\/21f147c88d605aa7ded900e1e7c344ba"},"headline":"Machalova oslava naroden\u00edn zorganizovan\u00e1 zo d\u0148a na de\u0148, \u017eiados\u0165 o priestory na konferenciu o normaliz\u00e1ci\u00ed RTVS je bez odpovede","datePublished":"2024-05-07T12:45:00+00:00","dateModified":"2024-05-07T13:05:08+00:00","mainEntityOfPage":{"@id":"https:\/\/www.smedemokrati.sk\/machalova-oslava-narodenin-zorganizovana-zo-dna-na-den-ziadost-o-priestory-na-konferenciu-o-normalizacii-rtvs-je-bez-odpovede\/"},"wordCount":252,"publisher":{"@id":"https:\/\/www.smedemokrati.sk\/#organization"},"image":{"@id":"https:\/\/www.smedemokrati.sk\/machalova-oslava-narodenin-zorganizovana-zo-dna-na-den-ziadost-o-priestory-na-konferenciu-o-normalizacii-rtvs-je-bez-odpovede\/#primaryimage"},"thumbnailUrl":"https:\/\/www.smedemokrati.sk\/wp-content\/uploads\/2024\/05\/machala.webp","articleSection":["Tla\u010dov\u00e9 spr\u00e1vy"],"inLanguage":"sv-SE"},{"@type":"WebPage","@id":"https:\/\/www.smedemokrati.sk\/machalova-oslava-narodenin-zorganizovana-zo-dna-na-den-ziadost-o-priestory-na-konferenciu-o-normalizacii-rtvs-je-bez-odpovede\/","url":"https:\/\/www.smedemokrati.sk\/machalova-oslava-narodenin-zorganizovana-zo-dna-na-den-ziadost-o-priestory-na-konferenciu-o-normalizacii-rtvs-je-bez-odpovede\/","name":"Machalova oslava naroden\u00edn zorganizovan\u00e1 zo d\u0148a na de\u0148, \u017eiados\u0165 o priestory na konferenciu o normaliz\u00e1ci\u00ed RTVS je bez odpovede","isPartOf":{"@id":"https:\/\/www.smedemokrati.sk\/#website"},"primaryImageOfPage":{"@id":"https:\/\/www.smedemokrati.sk\/machalova-oslava-narodenin-zorganizovana-zo-dna-na-den-ziadost-o-priestory-na-konferenciu-o-normalizacii-rtvs-je-bez-odpovede\/#primaryimage"},"image":{"@id":"https:\/\/www.smedemokrati.sk\/machalova-oslava-narodenin-zorganizovana-zo-dna-na-den-ziadost-o-priestory-na-konferenciu-o-normalizacii-rtvs-je-bez-odpovede\/#primaryimage"},"thumbnailUrl":"https:\/\/www.smedemokrati.sk\/wp-content\/uploads\/2024\/05\/machala.webp","datePublished":"2024-05-07T12:45:00+00:00","dateModified":"2024-05-07T13:05:08+00:00","breadcrumb":{"@id":"https:\/\/www.smedemokrati.sk\/machalova-oslava-narodenin-zorganizovana-zo-dna-na-den-ziadost-o-priestory-na-konferenciu-o-normalizacii-rtvs-je-bez-odpovede\/#breadcrumb"},"inLanguage":"sv-SE","potentialAction":[{"@type":"ReadAction","target":["https:\/\/www.smedemokrati.sk\/machalova-oslava-narodenin-zorganizovana-zo-dna-na-den-ziadost-o-priestory-na-konferenciu-o-normalizacii-rtvs-je-bez-odpovede\/"]}]},{"@type":"ImageObject","inLanguage":"sv-SE","@id":"https:\/\/www.smedemokrati.sk\/machalova-oslava-narodenin-zorganizovana-zo-dna-na-den-ziadost-o-priestory-na-konferenciu-o-normalizacii-rtvs-je-bez-odpovede\/#primaryimage","url":"https:\/\/www.smedemokrati.sk\/wp-content\/uploads\/2024\/05\/machala.webp","contentUrl":"https:\/\/www.smedemokrati.sk\/wp-content\/uploads\/2024\/05\/machala.webp","width":960,"height":540},{"@type":"BreadcrumbList","@id":"https:\/\/www.smedemokrati.sk\/machalova-oslava-narodenin-zorganizovana-zo-dna-na-den-ziadost-o-priestory-na-konferenciu-o-normalizacii-rtvs-je-bez-odpovede\/#breadcrumb","itemListElement":[{"@type":"ListItem","position":1,"name":"Domovsk\u00e1 str\u00e1nka","item":"https:\/\/www.smedemokrati.sk\/"},{"@type":"ListItem","position":2,"name":"Machalova oslava naroden\u00edn zorganizovan\u00e1 zo d\u0148a na de\u0148, \u017eiados\u0165 o priestory na konferenciu o normaliz\u00e1ci\u00ed RTVS je bez odpovede"}]},{"@type":"WebSite","@id":"https:\/\/www.smedemokrati.sk\/#website","url":"https:\/\/www.smedemokrati.sk\/","name":"Smedemokrati.sk","description":"Demokracia a slu\u0161nos\u0165 zv\u00ed\u0165az\u00ed","publisher":{"@id":"https:\/\/www.smedemokrati.sk\/#organization"},"potentialAction":[{"@type":"SearchAction","target":{"@type":"EntryPoint","urlTemplate":"https:\/\/www.smedemokrati.sk\/?s={search_term_string}"},"query-input":{"@type":"PropertyValueSpecification","valueRequired":true,"valueName":"search_term_string"}}],"inLanguage":"sv-SE"},{"@type":"Organization","@id":"https:\/\/www.smedemokrati.sk\/#organization","name":"Smedemokrati.sk","url":"https:\/\/www.smedemokrati.sk\/","logo":{"@type":"ImageObject","inLanguage":"sv-SE","@id":"https:\/\/www.smedemokrati.sk\/#\/schema\/logo\/image\/","url":"https:\/\/www.smedemokrati.sk\/wp-content\/uploads\/2023\/04\/ff.002.jpeg","contentUrl":"https:\/\/www.smedemokrati.sk\/wp-content\/uploads\/2023\/04\/ff.002.jpeg","width":640,"height":480,"caption":"Smedemokrati.sk"},"image":{"@id":"https:\/\/www.smedemokrati.sk\/#\/schema\/logo\/image\/"},"sameAs":["https:\/\/www.facebook.com\/smedemokrati2023"]},{"@type":"Person","@id":"https:\/\/www.smedemokrati.sk\/#\/schema\/person\/21f147c88d605aa7ded900e1e7c344ba","name":"miro.sopko","image":{"@type":"ImageObject","inLanguage":"sv-SE","@id":"https:\/\/secure.gravatar.com\/avatar\/267e4a36f704376c109afe3a78740c1f5dd8675a2180a908699e7863c9247606?s=96&d=mm&r=g","url":"https:\/\/secure.gravatar.com\/avatar\/267e4a36f704376c109afe3a78740c1f5dd8675a2180a908699e7863c9247606?s=96&d=mm&r=g","contentUrl":"https:\/\/secure.gravatar.com\/avatar\/267e4a36f704376c109afe3a78740c1f5dd8675a2180a908699e7863c9247606?s=96&d=mm&r=g","caption":"miro.sopko"},"url":"https:\/\/www.smedemokrati.sk\/sv\/author\/miro-sopko\/"}]}},"_links":{"self":[{"href":"https:\/\/www.smedemokrati.sk\/sv\/wp-json\/wp\/v2\/posts\/4076","targetHints":{"allow":["GET"]}}],"collection":[{"href":"https:\/\/www.smedemokrati.sk\/sv\/wp-json\/wp\/v2\/posts"}],"about":[{"href":"https:\/\/www.smedemokrati.sk\/sv\/wp-json\/wp\/v2\/types\/post"}],"author":[{"embeddable":true,"href":"https:\/\/www.smedemokrati.sk\/sv\/wp-json\/wp\/v2\/users\/13"}],"replies":[{"embeddable":true,"href":"https:\/\/www.smedemokrati.sk\/sv\/wp-json\/wp\/v2\/comments?post=4076"}],"version-history":[{"count":2,"href":"https:\/\/www.smedemokrati.sk\/sv\/wp-json\/wp\/v2\/posts\/4076\/revisions"}],"predecessor-version":[{"id":4079,"href":"https:\/\/www.smedemokrati.sk\/sv\/wp-json\/wp\/v2\/posts\/4076\/revisions\/4079"}],"wp:featuredmedia":[{"embeddable":true,"href":"https:\/\/www.smedemokrati.sk\/sv\/wp-json\/wp\/v2\/media\/4077"}],"wp:attachment":[{"href":"https:\/\/www.smedemokrati.sk\/sv\/wp-json\/wp\/v2\/media?parent=4076"}],"wp:term":[{"taxonomy":"category","embeddable":true,"href":"https:\/\/www.smedemokrati.sk\/sv\/wp-json\/wp\/v2\/categories?post=4076"},{"taxonomy":"post_tag","embeddable":true,"href":"https:\/\/www.smedemokrati.sk\/sv\/wp-json\/wp\/v2\/tags?post=4076"}],"curies":[{"name":"wp","href":"https:\/\/api.w.org\/{rel}","templated":true}]}}