{"id":4051,"date":"2024-05-03T17:22:08","date_gmt":"2024-05-03T16:22:08","guid":{"rendered":"https:\/\/www.smedemokrati.sk\/?p=4051"},"modified":"2024-05-07T13:50:55","modified_gmt":"2024-05-07T12:50:55","slug":"hrozi-ze-obcania-slovenska-sa-zobudia-do-krajiny-kde-ma-klucove-media-pod-kontrolou-vlada","status":"publish","type":"post","link":"https:\/\/www.smedemokrati.sk\/sv\/hrozi-ze-obcania-slovenska-sa-zobudia-do-krajiny-kde-ma-klucove-media-pod-kontrolou-vlada\/","title":{"rendered":"Hroz\u00ed, \u017ee ob\u010dania Slovenska sa zobudia do krajiny, kde m\u00e1 k\u013e\u00fa\u010dov\u00e9 m\u00e9di\u00e1 pod kontrolou vl\u00e1da"},"content":{"rendered":"<div id=\"fb-root\"><\/div>\n\n<p><strong>Vl\u00e1da Roberta Fica \u0165ah\u00e1 Slovensko do neslobody a pr\u00edstup ob\u010danov Slovenska k nez\u00e1visl\u00fdm inform\u00e1ci\u00e1m sa postupne obmedzuje. Dokazuje to najnov\u0161\u00ed rebr\u00ed\u010dek slobody tla\u010de, v ktorom sa Slovensko v\u00fdrazne prepadlo, a to na 29. miesto. V medzin\u00e1rodnom hodnoten\u00ed n\u00e1s predbehli tak\u00e9 krajiny ako Trinitad a Tobago, \u010di Jamaica a postupne sa bl\u00ed\u017eime k Ma\u010farsku. Naopak, Po\u013esko, ktor\u00e9 ostatn\u00e9 roky upadalo sa u\u017e op\u00e4\u0165 \u0165ah\u00e1 v rebr\u00ed\u010dku dopredu.&nbsp;<\/strong><\/p>\n\n\n\n<p><em>\u201eSmerujeme k tomu, \u017ee jedn\u00e9ho r\u00e1na sa \u013eudia zobudia do krajiny, kde m\u00e1 k\u013e\u00fa\u010dov\u00e9 m\u00e9di\u00e1 pod kontrolou vl\u00e1da. T\u00e1 bude cenzurova\u0165 inform\u00e1cie, ktor\u00e9 sa k ob\u010danom Slovenska dostan\u00fa, toto mus\u00edme zastavi\u0165,\u201c&nbsp;<\/em>varuje b\u00fdval\u00fd predseda V\u00fdboru NR SR pre kult\u00faru a m\u00e9di\u00e1 Kristi\u00e1n \u010cekovsk\u00fd.&nbsp;<\/p>\n\n\n\n<p>Pod\u013ea organiz\u00e1cie Report\u00e9ri bez hran\u00edc s\u00fa k\u013e\u00fa\u010dov\u00e9 m\u00e9di\u00e1 na Slovensku v ohrozen\u00ed najm\u00e4 preto, \u017ee: predstavitelia vl\u00e1dy \u00fato\u010dia na kritick\u00e9 m\u00e9di\u00e1 a odmietaj\u00fa odpoveda\u0165 na ich ot\u00e1zky, novin\u00e1ri a najm\u00e4 novin\u00e1rky s\u00fa verb\u00e1lne nap\u00e1dan\u00ed, najsledovanej\u0161ia TV Mark\u00edza je vystaven\u00e1 politick\u00e9mu tlaku, finan\u010dn\u00e1 skupina Penta vlastn\u00ed dva najv\u00e4\u010d\u0161ie slovensk\u00e9 bulv\u00e1rne denn\u00edky &#8211; Nov\u00fd \u010cas a Plus 1 de\u0148 a verejnopr\u00e1vnej RTVS zobrala vl\u00e1da z rozpo\u010dtu pribli\u017ene 50 mili\u00f3nov eur. Pl\u00e1novan\u00e9 zmeny na spolitizovanie RTVS e\u0161te neboli s\u00fa\u010das\u0165ou hodnotenia, tak\u017ee v bud\u00facom roku hroz\u00ed e\u0161te v\u00fdraznej\u0161\u00ed prepad v rebr\u00ed\u010dku.<\/p>\n\n\n\n<p>Toto je vizitka Roberta Fica a &#8221;ba\u010dovania&#8221; Slovenskej n\u00e1rodnej strany na ministerstve kult\u00fary. Predstavite\u013eov vl\u00e1dy, ale najm\u00e4 premi\u00e9ra, ministerku \u0160imkovi\u010dov\u00fa a jej prav\u00fa ruku p. Machalu \u017eiadame, aby okam\u017eite zastavili \u00fatoky vo\u010di novin\u00e1rom. Za\u010dali odpoveda\u0165 na novin\u00e1rske ot\u00e1zky, chodili do telev\u00edznych diskusi\u00ed, naopak prestali nav\u0161tevova\u0165 dezinforma\u010dn\u00e9 m\u00e9di\u00e1, \u0161\u00edri\u0165 kon\u0161pir\u00e1cie a prestali presadzova\u0165 z\u00e1kony, ktor\u00fdmi \u0165ahaj\u00fa Slovensko smerom k Orb\u00e1novi a Putinovi.<\/p>\n\n\n\n<p>Po\u010das predch\u00e1dzaj\u00facej vl\u00e1dy Eduarda Hegera si Slovensko v\u00fdrazne polep\u0161ilo a v celosvetovom rebr\u00ed\u010dku obsadilo 17. prie\u010dku.\u00a0<em>\u201eSom hrd\u00fd na to, \u017ee za na\u0161ej vl\u00e1dy mali novin\u00e1ri slobodu kl\u00e1s\u0165 ak\u00e9ko\u013evek ot\u00e1zky, koali\u010dn\u00ed politici chodili do rel\u00e1ci\u00ed diskutova\u0165, novin\u00e1ri neboli prenasledovan\u00ed pol\u00edciou a novin\u00e1ri sa nemuseli c\u00edti\u0165 ohrozen\u00ed pre \u00fatoky vl\u00e1dnych predstavite\u013eov. Modern\u00fdmi z\u00e1konmi sme posilnili ochranu novin\u00e1rov a zlep\u0161ili fungovanie RTVS. Dnes sa deje presn\u00fd opak,\u201c<\/em> uzavrel Heger.\u00a0<\/p>\n\n\n\n<p>V strane Demokrati zlu nikdy neust\u00fapime. Za slobodu tla\u010de a pr\u00edstup \u013eud\u00ed k inform\u00e1ci\u00e1m budeme bojova\u0165 nielen na Slovensku, ale aj v Bruseli. Pr\u00e1ve z\u00e1kony z E\u00da m\u00f4\u017eu nielen zastavi\u0165 rozklad pr\u00e1vneho \u0161t\u00e1tu na Slovensku, ale aj ochr\u00e1ni\u0165 pr\u00edstup ob\u010danov Slovenska k inform\u00e1ci\u00e1m.<\/p>\n","protected":false},"excerpt":{"rendered":"<p>Vl\u00e1da Roberta Fica \u0165ah\u00e1 Slovensko do neslobody a pr\u00edstup ob\u010danov Slovenska k nez\u00e1visl\u00fdm inform\u00e1ci\u00e1m sa postupne obmedzuje. Dokazuje to najnov\u0161\u00ed rebr\u00ed\u010dek slobody tla\u010de, v ktorom sa Slovensko v\u00fdrazne prepadlo, a to na 29. miesto. V medzin\u00e1rodnom hodnoten\u00ed n\u00e1s predbehli tak\u00e9 krajiny ako Trinitad a Tobago, \u010di Jamaica a postupne sa bl\u00ed\u017eime k Ma\u010farsku. Naopak, Po\u013esko, [&hellip;]<\/p>\n","protected":false},"author":13,"featured_media":4052,"comment_status":"closed","ping_status":"closed","sticky":false,"template":"","format":"standard","meta":{"_acf_changed":false,"ngg_post_thumbnail":0,"footnotes":""},"categories":[4],"tags":[],"class_list":["post-4051","post","type-post","status-publish","format-standard","has-post-thumbnail","hentry","category-tlacove-spravy"],"acf":[],"yoast_head":"<!-- This site is optimized with the Yoast SEO plugin v27.2 - https:\/\/yoast.com\/product\/yoast-seo-wordpress\/ -->\n<title>Hroz\u00ed, \u017ee ob\u010dania Slovenska sa zobudia do krajiny, kde m\u00e1 k\u013e\u00fa\u010dov\u00e9 m\u00e9di\u00e1 pod kontrolou vl\u00e1da<\/title>\n<meta name=\"robots\" content=\"index, follow, max-snippet:-1, max-image-preview:large, max-video-preview:-1\" \/>\n<link rel=\"canonical\" href=\"https:\/\/www.smedemokrati.sk\/sv\/hrozi-ze-obcania-slovenska-sa-zobudia-do-krajiny-kde-ma-klucove-media-pod-kontrolou-vlada\/\" \/>\n<meta property=\"og:locale\" content=\"sv_SE\" \/>\n<meta property=\"og:locale:alternate\" content=\"en_US\" \/>\n<meta property=\"og:locale:alternate\" content=\"cs_CZ\" \/>\n<meta property=\"og:locale:alternate\" content=\"hu_HU\" \/>\n<meta property=\"og:locale:alternate\" content=\"sk_SK\" \/>\n<meta property=\"og:type\" content=\"article\" \/>\n<meta property=\"og:title\" content=\"Hroz\u00ed, \u017ee ob\u010dania Slovenska sa zobudia do krajiny, kde m\u00e1 k\u013e\u00fa\u010dov\u00e9 m\u00e9di\u00e1 pod kontrolou vl\u00e1da\" \/>\n<meta property=\"og:description\" content=\"Vl\u00e1da Roberta Fica \u0165ah\u00e1 Slovensko do neslobody a pr\u00edstup ob\u010danov Slovenska k nez\u00e1visl\u00fdm inform\u00e1ci\u00e1m sa postupne obmedzuje. Dokazuje to najnov\u0161\u00ed rebr\u00ed\u010dek slobody tla\u010de, v ktorom sa Slovensko v\u00fdrazne prepadlo, a to na 29. miesto. V medzin\u00e1rodnom hodnoten\u00ed n\u00e1s predbehli tak\u00e9 krajiny ako Trinitad a Tobago, \u010di Jamaica a postupne sa bl\u00ed\u017eime k Ma\u010farsku. Naopak, Po\u013esko, [&hellip;]\" \/>\n<meta property=\"og:url\" content=\"https:\/\/www.smedemokrati.sk\/sv\/hrozi-ze-obcania-slovenska-sa-zobudia-do-krajiny-kde-ma-klucove-media-pod-kontrolou-vlada\/\" \/>\n<meta property=\"og:site_name\" content=\"Smedemokrati.sk\" \/>\n<meta property=\"article:publisher\" content=\"https:\/\/www.facebook.com\/smedemokrati2023\" \/>\n<meta property=\"article:published_time\" content=\"2024-05-03T16:22:08+00:00\" \/>\n<meta property=\"article:modified_time\" content=\"2024-05-07T12:50:55+00:00\" \/>\n<meta property=\"og:image\" content=\"https:\/\/www.smedemokrati.sk\/wp-content\/uploads\/2024\/05\/rebricek.jpg\" \/>\n\t<meta property=\"og:image:width\" content=\"1080\" \/>\n\t<meta property=\"og:image:height\" content=\"1440\" \/>\n\t<meta property=\"og:image:type\" content=\"image\/jpeg\" \/>\n<meta name=\"author\" content=\"miro.sopko\" \/>\n<meta name=\"twitter:card\" content=\"summary_large_image\" \/>\n<meta name=\"twitter:label1\" content=\"Skriven av\" \/>\n\t<meta name=\"twitter:data1\" content=\"miro.sopko\" \/>\n\t<meta name=\"twitter:label2\" content=\"Ber\u00e4knad l\u00e4stid\" \/>\n\t<meta name=\"twitter:data2\" content=\"2 minuter\" \/>\n<script type=\"application\/ld+json\" class=\"yoast-schema-graph\">{\"@context\":\"https:\/\/schema.org\",\"@graph\":[{\"@type\":\"Article\",\"@id\":\"https:\/\/www.smedemokrati.sk\/hrozi-ze-obcania-slovenska-sa-zobudia-do-krajiny-kde-ma-klucove-media-pod-kontrolou-vlada\/#article\",\"isPartOf\":{\"@id\":\"https:\/\/www.smedemokrati.sk\/hrozi-ze-obcania-slovenska-sa-zobudia-do-krajiny-kde-ma-klucove-media-pod-kontrolou-vlada\/\"},\"author\":{\"name\":\"miro.sopko\",\"@id\":\"https:\/\/www.smedemokrati.sk\/#\/schema\/person\/21f147c88d605aa7ded900e1e7c344ba\"},\"headline\":\"Hroz\u00ed, \u017ee ob\u010dania Slovenska sa zobudia do krajiny, kde m\u00e1 k\u013e\u00fa\u010dov\u00e9 m\u00e9di\u00e1 pod kontrolou vl\u00e1da\",\"datePublished\":\"2024-05-03T16:22:08+00:00\",\"dateModified\":\"2024-05-07T12:50:55+00:00\",\"mainEntityOfPage\":{\"@id\":\"https:\/\/www.smedemokrati.sk\/hrozi-ze-obcania-slovenska-sa-zobudia-do-krajiny-kde-ma-klucove-media-pod-kontrolou-vlada\/\"},\"wordCount\":515,\"publisher\":{\"@id\":\"https:\/\/www.smedemokrati.sk\/#organization\"},\"image\":{\"@id\":\"https:\/\/www.smedemokrati.sk\/hrozi-ze-obcania-slovenska-sa-zobudia-do-krajiny-kde-ma-klucove-media-pod-kontrolou-vlada\/#primaryimage\"},\"thumbnailUrl\":\"https:\/\/www.smedemokrati.sk\/wp-content\/uploads\/2024\/05\/rebricek.jpg\",\"articleSection\":[\"Tla\u010dov\u00e9 spr\u00e1vy\"],\"inLanguage\":\"sv-SE\"},{\"@type\":\"WebPage\",\"@id\":\"https:\/\/www.smedemokrati.sk\/hrozi-ze-obcania-slovenska-sa-zobudia-do-krajiny-kde-ma-klucove-media-pod-kontrolou-vlada\/\",\"url\":\"https:\/\/www.smedemokrati.sk\/hrozi-ze-obcania-slovenska-sa-zobudia-do-krajiny-kde-ma-klucove-media-pod-kontrolou-vlada\/\",\"name\":\"Hroz\u00ed, \u017ee ob\u010dania Slovenska sa zobudia do krajiny, kde m\u00e1 k\u013e\u00fa\u010dov\u00e9 m\u00e9di\u00e1 pod kontrolou vl\u00e1da\",\"isPartOf\":{\"@id\":\"https:\/\/www.smedemokrati.sk\/#website\"},\"primaryImageOfPage\":{\"@id\":\"https:\/\/www.smedemokrati.sk\/hrozi-ze-obcania-slovenska-sa-zobudia-do-krajiny-kde-ma-klucove-media-pod-kontrolou-vlada\/#primaryimage\"},\"image\":{\"@id\":\"https:\/\/www.smedemokrati.sk\/hrozi-ze-obcania-slovenska-sa-zobudia-do-krajiny-kde-ma-klucove-media-pod-kontrolou-vlada\/#primaryimage\"},\"thumbnailUrl\":\"https:\/\/www.smedemokrati.sk\/wp-content\/uploads\/2024\/05\/rebricek.jpg\",\"datePublished\":\"2024-05-03T16:22:08+00:00\",\"dateModified\":\"2024-05-07T12:50:55+00:00\",\"breadcrumb\":{\"@id\":\"https:\/\/www.smedemokrati.sk\/hrozi-ze-obcania-slovenska-sa-zobudia-do-krajiny-kde-ma-klucove-media-pod-kontrolou-vlada\/#breadcrumb\"},\"inLanguage\":\"sv-SE\",\"potentialAction\":[{\"@type\":\"ReadAction\",\"target\":[\"https:\/\/www.smedemokrati.sk\/hrozi-ze-obcania-slovenska-sa-zobudia-do-krajiny-kde-ma-klucove-media-pod-kontrolou-vlada\/\"]}]},{\"@type\":\"ImageObject\",\"inLanguage\":\"sv-SE\",\"@id\":\"https:\/\/www.smedemokrati.sk\/hrozi-ze-obcania-slovenska-sa-zobudia-do-krajiny-kde-ma-klucove-media-pod-kontrolou-vlada\/#primaryimage\",\"url\":\"https:\/\/www.smedemokrati.sk\/wp-content\/uploads\/2024\/05\/rebricek.jpg\",\"contentUrl\":\"https:\/\/www.smedemokrati.sk\/wp-content\/uploads\/2024\/05\/rebricek.jpg\",\"width\":1080,\"height\":1440},{\"@type\":\"BreadcrumbList\",\"@id\":\"https:\/\/www.smedemokrati.sk\/hrozi-ze-obcania-slovenska-sa-zobudia-do-krajiny-kde-ma-klucove-media-pod-kontrolou-vlada\/#breadcrumb\",\"itemListElement\":[{\"@type\":\"ListItem\",\"position\":1,\"name\":\"Domovsk\u00e1 str\u00e1nka\",\"item\":\"https:\/\/www.smedemokrati.sk\/\"},{\"@type\":\"ListItem\",\"position\":2,\"name\":\"Hroz\u00ed, \u017ee ob\u010dania Slovenska sa zobudia do krajiny, kde m\u00e1 k\u013e\u00fa\u010dov\u00e9 m\u00e9di\u00e1 pod kontrolou vl\u00e1da\"}]},{\"@type\":\"WebSite\",\"@id\":\"https:\/\/www.smedemokrati.sk\/#website\",\"url\":\"https:\/\/www.smedemokrati.sk\/\",\"name\":\"Smedemokrati.sk\",\"description\":\"Demokracia a slu\u0161nos\u0165 zv\u00ed\u0165az\u00ed\",\"publisher\":{\"@id\":\"https:\/\/www.smedemokrati.sk\/#organization\"},\"potentialAction\":[{\"@type\":\"SearchAction\",\"target\":{\"@type\":\"EntryPoint\",\"urlTemplate\":\"https:\/\/www.smedemokrati.sk\/?s={search_term_string}\"},\"query-input\":{\"@type\":\"PropertyValueSpecification\",\"valueRequired\":true,\"valueName\":\"search_term_string\"}}],\"inLanguage\":\"sv-SE\"},{\"@type\":\"Organization\",\"@id\":\"https:\/\/www.smedemokrati.sk\/#organization\",\"name\":\"Smedemokrati.sk\",\"url\":\"https:\/\/www.smedemokrati.sk\/\",\"logo\":{\"@type\":\"ImageObject\",\"inLanguage\":\"sv-SE\",\"@id\":\"https:\/\/www.smedemokrati.sk\/#\/schema\/logo\/image\/\",\"url\":\"https:\/\/www.smedemokrati.sk\/wp-content\/uploads\/2023\/04\/ff.002.jpeg\",\"contentUrl\":\"https:\/\/www.smedemokrati.sk\/wp-content\/uploads\/2023\/04\/ff.002.jpeg\",\"width\":640,\"height\":480,\"caption\":\"Smedemokrati.sk\"},\"image\":{\"@id\":\"https:\/\/www.smedemokrati.sk\/#\/schema\/logo\/image\/\"},\"sameAs\":[\"https:\/\/www.facebook.com\/smedemokrati2023\"]},{\"@type\":\"Person\",\"@id\":\"https:\/\/www.smedemokrati.sk\/#\/schema\/person\/21f147c88d605aa7ded900e1e7c344ba\",\"name\":\"miro.sopko\",\"image\":{\"@type\":\"ImageObject\",\"inLanguage\":\"sv-SE\",\"@id\":\"https:\/\/secure.gravatar.com\/avatar\/267e4a36f704376c109afe3a78740c1f5dd8675a2180a908699e7863c9247606?s=96&d=mm&r=g\",\"url\":\"https:\/\/secure.gravatar.com\/avatar\/267e4a36f704376c109afe3a78740c1f5dd8675a2180a908699e7863c9247606?s=96&d=mm&r=g\",\"contentUrl\":\"https:\/\/secure.gravatar.com\/avatar\/267e4a36f704376c109afe3a78740c1f5dd8675a2180a908699e7863c9247606?s=96&d=mm&r=g\",\"caption\":\"miro.sopko\"},\"url\":\"https:\/\/www.smedemokrati.sk\/sv\/author\/miro-sopko\/\"}]}<\/script>\n<!-- \/ Yoast SEO plugin. -->","yoast_head_json":{"title":"Hroz\u00ed, \u017ee ob\u010dania Slovenska sa zobudia do krajiny, kde m\u00e1 k\u013e\u00fa\u010dov\u00e9 m\u00e9di\u00e1 pod kontrolou vl\u00e1da","robots":{"index":"index","follow":"follow","max-snippet":"max-snippet:-1","max-image-preview":"max-image-preview:large","max-video-preview":"max-video-preview:-1"},"canonical":"https:\/\/www.smedemokrati.sk\/sv\/hrozi-ze-obcania-slovenska-sa-zobudia-do-krajiny-kde-ma-klucove-media-pod-kontrolou-vlada\/","og_locale":"sv_SE","og_type":"article","og_title":"[:sk]Hroz\u00ed, \u017ee ob\u010dania Slovenska sa zobudia do krajiny, kde m\u00e1 k\u013e\u00fa\u010dov\u00e9 m\u00e9di\u00e1 pod kontrolou vl\u00e1da[:] - Smedemokrati.sk","og_description":"Vl\u00e1da Roberta Fica \u0165ah\u00e1 Slovensko do neslobody a pr\u00edstup ob\u010danov Slovenska k nez\u00e1visl\u00fdm inform\u00e1ci\u00e1m sa postupne obmedzuje. Dokazuje to najnov\u0161\u00ed rebr\u00ed\u010dek slobody tla\u010de, v ktorom sa Slovensko v\u00fdrazne prepadlo, a to na 29. miesto. V medzin\u00e1rodnom hodnoten\u00ed n\u00e1s predbehli tak\u00e9 krajiny ako Trinitad a Tobago, \u010di Jamaica a postupne sa bl\u00ed\u017eime k Ma\u010farsku. Naopak, Po\u013esko, [&hellip;]","og_url":"https:\/\/www.smedemokrati.sk\/sv\/hrozi-ze-obcania-slovenska-sa-zobudia-do-krajiny-kde-ma-klucove-media-pod-kontrolou-vlada\/","og_site_name":"Smedemokrati.sk","article_publisher":"https:\/\/www.facebook.com\/smedemokrati2023","article_published_time":"2024-05-03T16:22:08+00:00","article_modified_time":"2024-05-07T12:50:55+00:00","og_image":[{"width":1080,"height":1440,"url":"https:\/\/www.smedemokrati.sk\/wp-content\/uploads\/2024\/05\/rebricek.jpg","type":"image\/jpeg"}],"author":"miro.sopko","twitter_card":"summary_large_image","twitter_misc":{"Skriven av":"miro.sopko","Ber\u00e4knad l\u00e4stid":"2 minuter"},"schema":{"@context":"https:\/\/schema.org","@graph":[{"@type":"Article","@id":"https:\/\/www.smedemokrati.sk\/hrozi-ze-obcania-slovenska-sa-zobudia-do-krajiny-kde-ma-klucove-media-pod-kontrolou-vlada\/#article","isPartOf":{"@id":"https:\/\/www.smedemokrati.sk\/hrozi-ze-obcania-slovenska-sa-zobudia-do-krajiny-kde-ma-klucove-media-pod-kontrolou-vlada\/"},"author":{"name":"miro.sopko","@id":"https:\/\/www.smedemokrati.sk\/#\/schema\/person\/21f147c88d605aa7ded900e1e7c344ba"},"headline":"Hroz\u00ed, \u017ee ob\u010dania Slovenska sa zobudia do krajiny, kde m\u00e1 k\u013e\u00fa\u010dov\u00e9 m\u00e9di\u00e1 pod kontrolou vl\u00e1da","datePublished":"2024-05-03T16:22:08+00:00","dateModified":"2024-05-07T12:50:55+00:00","mainEntityOfPage":{"@id":"https:\/\/www.smedemokrati.sk\/hrozi-ze-obcania-slovenska-sa-zobudia-do-krajiny-kde-ma-klucove-media-pod-kontrolou-vlada\/"},"wordCount":515,"publisher":{"@id":"https:\/\/www.smedemokrati.sk\/#organization"},"image":{"@id":"https:\/\/www.smedemokrati.sk\/hrozi-ze-obcania-slovenska-sa-zobudia-do-krajiny-kde-ma-klucove-media-pod-kontrolou-vlada\/#primaryimage"},"thumbnailUrl":"https:\/\/www.smedemokrati.sk\/wp-content\/uploads\/2024\/05\/rebricek.jpg","articleSection":["Tla\u010dov\u00e9 spr\u00e1vy"],"inLanguage":"sv-SE"},{"@type":"WebPage","@id":"https:\/\/www.smedemokrati.sk\/hrozi-ze-obcania-slovenska-sa-zobudia-do-krajiny-kde-ma-klucove-media-pod-kontrolou-vlada\/","url":"https:\/\/www.smedemokrati.sk\/hrozi-ze-obcania-slovenska-sa-zobudia-do-krajiny-kde-ma-klucove-media-pod-kontrolou-vlada\/","name":"Hroz\u00ed, \u017ee ob\u010dania Slovenska sa zobudia do krajiny, kde m\u00e1 k\u013e\u00fa\u010dov\u00e9 m\u00e9di\u00e1 pod kontrolou vl\u00e1da","isPartOf":{"@id":"https:\/\/www.smedemokrati.sk\/#website"},"primaryImageOfPage":{"@id":"https:\/\/www.smedemokrati.sk\/hrozi-ze-obcania-slovenska-sa-zobudia-do-krajiny-kde-ma-klucove-media-pod-kontrolou-vlada\/#primaryimage"},"image":{"@id":"https:\/\/www.smedemokrati.sk\/hrozi-ze-obcania-slovenska-sa-zobudia-do-krajiny-kde-ma-klucove-media-pod-kontrolou-vlada\/#primaryimage"},"thumbnailUrl":"https:\/\/www.smedemokrati.sk\/wp-content\/uploads\/2024\/05\/rebricek.jpg","datePublished":"2024-05-03T16:22:08+00:00","dateModified":"2024-05-07T12:50:55+00:00","breadcrumb":{"@id":"https:\/\/www.smedemokrati.sk\/hrozi-ze-obcania-slovenska-sa-zobudia-do-krajiny-kde-ma-klucove-media-pod-kontrolou-vlada\/#breadcrumb"},"inLanguage":"sv-SE","potentialAction":[{"@type":"ReadAction","target":["https:\/\/www.smedemokrati.sk\/hrozi-ze-obcania-slovenska-sa-zobudia-do-krajiny-kde-ma-klucove-media-pod-kontrolou-vlada\/"]}]},{"@type":"ImageObject","inLanguage":"sv-SE","@id":"https:\/\/www.smedemokrati.sk\/hrozi-ze-obcania-slovenska-sa-zobudia-do-krajiny-kde-ma-klucove-media-pod-kontrolou-vlada\/#primaryimage","url":"https:\/\/www.smedemokrati.sk\/wp-content\/uploads\/2024\/05\/rebricek.jpg","contentUrl":"https:\/\/www.smedemokrati.sk\/wp-content\/uploads\/2024\/05\/rebricek.jpg","width":1080,"height":1440},{"@type":"BreadcrumbList","@id":"https:\/\/www.smedemokrati.sk\/hrozi-ze-obcania-slovenska-sa-zobudia-do-krajiny-kde-ma-klucove-media-pod-kontrolou-vlada\/#breadcrumb","itemListElement":[{"@type":"ListItem","position":1,"name":"Domovsk\u00e1 str\u00e1nka","item":"https:\/\/www.smedemokrati.sk\/"},{"@type":"ListItem","position":2,"name":"Hroz\u00ed, \u017ee ob\u010dania Slovenska sa zobudia do krajiny, kde m\u00e1 k\u013e\u00fa\u010dov\u00e9 m\u00e9di\u00e1 pod kontrolou vl\u00e1da"}]},{"@type":"WebSite","@id":"https:\/\/www.smedemokrati.sk\/#website","url":"https:\/\/www.smedemokrati.sk\/","name":"Smedemokrati.sk","description":"Demokracia a slu\u0161nos\u0165 zv\u00ed\u0165az\u00ed","publisher":{"@id":"https:\/\/www.smedemokrati.sk\/#organization"},"potentialAction":[{"@type":"SearchAction","target":{"@type":"EntryPoint","urlTemplate":"https:\/\/www.smedemokrati.sk\/?s={search_term_string}"},"query-input":{"@type":"PropertyValueSpecification","valueRequired":true,"valueName":"search_term_string"}}],"inLanguage":"sv-SE"},{"@type":"Organization","@id":"https:\/\/www.smedemokrati.sk\/#organization","name":"Smedemokrati.sk","url":"https:\/\/www.smedemokrati.sk\/","logo":{"@type":"ImageObject","inLanguage":"sv-SE","@id":"https:\/\/www.smedemokrati.sk\/#\/schema\/logo\/image\/","url":"https:\/\/www.smedemokrati.sk\/wp-content\/uploads\/2023\/04\/ff.002.jpeg","contentUrl":"https:\/\/www.smedemokrati.sk\/wp-content\/uploads\/2023\/04\/ff.002.jpeg","width":640,"height":480,"caption":"Smedemokrati.sk"},"image":{"@id":"https:\/\/www.smedemokrati.sk\/#\/schema\/logo\/image\/"},"sameAs":["https:\/\/www.facebook.com\/smedemokrati2023"]},{"@type":"Person","@id":"https:\/\/www.smedemokrati.sk\/#\/schema\/person\/21f147c88d605aa7ded900e1e7c344ba","name":"miro.sopko","image":{"@type":"ImageObject","inLanguage":"sv-SE","@id":"https:\/\/secure.gravatar.com\/avatar\/267e4a36f704376c109afe3a78740c1f5dd8675a2180a908699e7863c9247606?s=96&d=mm&r=g","url":"https:\/\/secure.gravatar.com\/avatar\/267e4a36f704376c109afe3a78740c1f5dd8675a2180a908699e7863c9247606?s=96&d=mm&r=g","contentUrl":"https:\/\/secure.gravatar.com\/avatar\/267e4a36f704376c109afe3a78740c1f5dd8675a2180a908699e7863c9247606?s=96&d=mm&r=g","caption":"miro.sopko"},"url":"https:\/\/www.smedemokrati.sk\/sv\/author\/miro-sopko\/"}]}},"_links":{"self":[{"href":"https:\/\/www.smedemokrati.sk\/sv\/wp-json\/wp\/v2\/posts\/4051","targetHints":{"allow":["GET"]}}],"collection":[{"href":"https:\/\/www.smedemokrati.sk\/sv\/wp-json\/wp\/v2\/posts"}],"about":[{"href":"https:\/\/www.smedemokrati.sk\/sv\/wp-json\/wp\/v2\/types\/post"}],"author":[{"embeddable":true,"href":"https:\/\/www.smedemokrati.sk\/sv\/wp-json\/wp\/v2\/users\/13"}],"replies":[{"embeddable":true,"href":"https:\/\/www.smedemokrati.sk\/sv\/wp-json\/wp\/v2\/comments?post=4051"}],"version-history":[{"count":1,"href":"https:\/\/www.smedemokrati.sk\/sv\/wp-json\/wp\/v2\/posts\/4051\/revisions"}],"predecessor-version":[{"id":4053,"href":"https:\/\/www.smedemokrati.sk\/sv\/wp-json\/wp\/v2\/posts\/4051\/revisions\/4053"}],"wp:featuredmedia":[{"embeddable":true,"href":"https:\/\/www.smedemokrati.sk\/sv\/wp-json\/wp\/v2\/media\/4052"}],"wp:attachment":[{"href":"https:\/\/www.smedemokrati.sk\/sv\/wp-json\/wp\/v2\/media?parent=4051"}],"wp:term":[{"taxonomy":"category","embeddable":true,"href":"https:\/\/www.smedemokrati.sk\/sv\/wp-json\/wp\/v2\/categories?post=4051"},{"taxonomy":"post_tag","embeddable":true,"href":"https:\/\/www.smedemokrati.sk\/sv\/wp-json\/wp\/v2\/tags?post=4051"}],"curies":[{"name":"wp","href":"https:\/\/api.w.org\/{rel}","templated":true}]}}