{"id":4041,"date":"2024-05-02T13:20:55","date_gmt":"2024-05-02T12:20:55","guid":{"rendered":"https:\/\/www.smedemokrati.sk\/?p=4041"},"modified":"2024-05-07T13:51:05","modified_gmt":"2024-05-07T12:51:05","slug":"skutocny-plan-roberta-fica-s-ii-pilierom-kradez","status":"publish","type":"post","link":"https:\/\/www.smedemokrati.sk\/sv\/skutocny-plan-roberta-fica-s-ii-pilierom-kradez\/","title":{"rendered":"Skuto\u010dn\u00fd pl\u00e1n Roberta Fica s II. pilierom? Kr\u00e1de\u017e!"},"content":{"rendered":"<div id=\"fb-root\"><\/div>\n\n<p><strong>Premi\u00e9r Robert Fico chce znovu okradn\u00fa\u0165 \u013eud\u00ed o\u00a0d\u00f4chodkov\u00e9 \u00faspory a\u00a0zn\u00ed\u017ei\u0165 im tak ich bud\u00face d\u00f4chodky o\u00a0stovky eur. Fico tieto svoje kroky maskuje za investovanie do slovensk\u00fdch dia\u013enic a\u00a0\u010fal\u0161\u00edch projektov, skuto\u010dnos\u0165 je v\u0161ak in\u00e1, chce vytiahnu\u0165 peniaze z\u00a0II. piliera, aby mal na rozhadzovanie, ke\u010f\u017ee norm\u00e1lne konsolidova\u0165 verejn\u00e9 financie nevie. Strana Demokrati upozor\u0148uje, \u017ee v\u00a0minulosti kroky Roberta Fica s\u00a0II. pilierom st\u00e1li da\u0148ov\u00fdch poplatn\u00edkov a\u00a0najm\u00e4 sporite\u013eov u\u017e 18. mili\u00e1rd eur. Dia\u013eni\u010dn\u00e9 dlhopisy alebo dlhopisy pre \u013eud\u00ed s\u00fa preto z tohto poh\u013eadu ekonomick\u00fd nezmysel, ktor\u00fd zaplatia ob\u010dania.<\/strong><\/p>\n\n\n\n<p><em>\u201e<strong>Pros\u00edm, nenale\u0165me Robertovi Ficovi a\u00a0odolajme tomuto zlodejovi bud\u00facich d\u00f4chodkov, ktor\u00fd si op\u00e4\u0165 br\u00fasi zuby na miliardy eur na \u00fa\u010dtoch ob\u010danov Slovenskej republiky. Druh\u00fd pilier nepotrebuje \u010fal\u0161ie z\u00e1sahy, potrebuje stabilitu a pokoj. Pokoj pred cynick\u00fdmi, diletantsk\u00fdmi a ideologick\u00fdmi z\u00e1sahmi nekompetentn\u00fdch politikov,<\/strong>\u201c<\/em> povedal expremi\u00e9r Eduard Heger.<\/p>\n\n\n\n<p>Expremi\u00e9r Heger povedal, \u017ee Fico svojimi neodborn\u00fdmi z\u00e1sahmi pripravil \u013eud\u00ed o\u00a018 mili\u00e1rd z\u00a0ich d\u00f4chodkov\u00fdch \u00faspor. <em>\u201eZ\u00e1sahy, ktor\u00e9 urobili Ficove vl\u00e1dy v\u00a0minulej dek\u00e1de obrali teraj\u0161\u00edch aj bud\u00facich d\u00f4chodcov, teda n\u00e1s v\u0161etk\u00fdch o\u00a0vy\u0161e 18 mili\u00e1rd eur. Je to suma, ktor\u00e1 pokryje d\u00f4chodky v\u0161etk\u00fdch 1,2 mili\u00f3na d\u00f4chodcov na 2 roky,\u201c<\/em> povedal Heger.<\/p>\n\n\n\n<p>Pl\u00e1n Roberta Fica so \u0161t\u00e1tnym dlhopismi nie je ni\u010d in\u00e9 ako p\u00f4\u017ei\u010dka \u0161t\u00e1tu. Vl\u00e1da si chce po\u017ei\u010da\u0165 peniaze od oby\u010dajn\u00fdch \u013eud\u00ed, lebo jej trhy ned\u00f4veruj\u00fa a\u00a0zvy\u0161uj\u00fa rizikov\u00fa prir\u00e1\u017eku na vl\u00e1dne p\u00f4\u017ei\u010dky. \u201e<em>Z\u00e1ujmom vl\u00e1dy mus\u00ed by\u0165, aby mala zo \u0161t\u00e1tnych dlhopisov \u010do najni\u017e\u0161\u00ed \u00farok, naopak z\u00e1ujmom sporite\u013ea je, aby mu d\u00f4chodkov\u00e9 spolo\u010dnosti zabezpe\u010dili z\u00a0jeho pe\u0148az\u00ed \u010do najvy\u0161\u0161\u00ed v\u00fdnos.\u00a0<strong>Dia\u013eni\u010dn\u00e9 dlhopisy alebo dlhopisy pre \u013eud\u00ed s\u00fa preto z\u00a0tohto poh\u013eadu ekonomick\u00fd nezmysel<\/strong>,\u201c<\/em> povedal b\u00fdval\u00fd \u0161t\u00e1tny tajomn\u00edk ministerstva financi\u00ed \u013dubo\u0161 Jan\u010d\u00edk. Preto je pod\u013ea neho spr\u00e1vne, ak d\u00f4chodkov\u00e9 spolo\u010dnosti investuj\u00fa peniaze sporite\u013eov tam kde im prin\u00e1\u0161aj\u00fa najvy\u0161\u0161\u00ed v\u00fdnos pri re\u0161pektovan\u00ed bezpe\u010dnosti t\u00fdchto invest\u00edci\u00ed, preto je \u00faplne jedno v ktorej \u010dasti sveta s\u00fa investovan\u00e9, \u010di u\u017e je to v\u00a0Amerike, Nemecku alebo vo Franc\u00fazsku.<\/p>\n\n\n\n<p><em>\u201e<strong>Ak sa pozrieme do hist\u00f3rie, v\u017edy ke\u010f bol pri moci Robert Fico a\u00a0pribl\u00ed\u017eil sa k\u00a0druh\u00e9mu pilieru sp\u00f4sobil sporite\u013eom ve\u013ek\u00e9 \u0161kody. Ak sa pozrieme na d\u00e1ta, vid\u00edme, \u017ee druh\u00fd pilier je v\u00fdnosn\u00fd. Re\u010di Roberta Fica alebo p\u00e1na Ondru\u0161a o\u00a0nev\u00fdnosnosti druh\u00e9ho piliera s\u00fa klamstvo. Dlhodob\u00e1 v\u00fdnosnos\u0165 druh\u00e9ho piliera sa bl\u00ed\u017ei k\u00a010% ro\u010dne. Jedin\u00fd, kto oslabuje druh\u00fd pilier a\u00a0kradne \u013eu\u010fom peniaze je Robert Fico a\u00a0jeho neodborn\u00e9 z\u00e1sahy. Jeho s\u00fa\u010dasn\u00e9 re\u010di o\u00a0\u0161t\u00e1tnych dlhopisoch s\u00fa \u00faplne smie\u0161ne. Preto\u017ee, ak by sa mali zavies\u0165 a\u00a0ich v\u00fdnos bude napr\u00edklad 4% alebo 5%, tak potom sa da\u0148ov\u00ed poplatn\u00edci Slovenskej republiky musia p\u00fdta\u0165, \u010do je to za katastrof\u00e1lneho hospod\u00e1ra ten Fico, \u017ee my ako da\u0148ov\u00ed poplatn\u00edci budeme musie\u0165 plati\u0165 tak\u00e9 drah\u00e9 \u00faroky. Preto\u017ee \u00e1no, na konci d\u0148a tento v\u00fdnos z\u00a0Ficov\u00fdch dlhopisov zaplatia v\u0161etci ob\u010dania. A\u00a0je prejavom zl\u00e9ho hospod\u00e1ra, ak si po\u017ei\u010diava v\u00a0mene \u0161t\u00e1tu za tak drah\u00e9 \u00faroky.<\/strong>\u201c <\/em>vysvet\u013euje poslanec Eur\u00f3pskeho parlamentu\u00a0Jozef Mih\u00e1l, ktor\u00fd kandiduje za stranu Demokrati. \u00a0\u00a0<\/p>\n\n\n\n<p><em>\u201e<strong>Ak Fico hovor\u00ed, \u017ee \u013eudia by si mohli spori\u0165 aj na slovensk\u00fdch projektoch, tak chceme poveda\u0165, \u017ee ja ako sporite\u013e, ktor\u00fd si spor\u00ed v\u00a0druhom pilieri sa m\u00f4\u017eem vyka\u0161la\u0165 na Ficove dlhopisy, ke\u010f je tu ponuka pri indexov\u00fdch alebo akciov\u00fdch fondoch, kde je ziskovos\u0165 r\u00e1dovo vy\u0161\u0161ia. Napr\u00edklad dnes indexov\u00fd fond vyn\u00e1\u0161a priemerne 9%. Ak Fico chce zobra\u0165 mo\u017enos\u0165 alebo oklie\u0161ti\u0165 mo\u017enos\u0165 slobodne sa rozhodn\u00fa\u0165, kde maj\u00fa ob\u010dania svoje \u00faspory investova\u0165, to je naozaj vlastizrada, to je po\u0161kodzovanie z\u00e1ujmov ob\u010danov Slovenska.<\/strong>\u201c<\/em> hovor\u00ed Jozef Mih\u00e1l<\/p>\n\n\n\n<p><em>\u201ePozor v\u00e1\u017een\u00ed ob\u010dania, Fico u\u017e kon\u00e1, preto\u017ee zn\u00ed\u017eili pr\u00edspevky do druh\u00e9ho piliera na 4%. Fico u\u017e takto asi \u00bc bud\u00faceho d\u00f4chodku \u013eu\u010fom berie, jednoduch\u00fdm z\u00e1sahom. Obraciam sa na takmer 2 mili\u00f3ny sporite\u013eov, mnoh\u00ed aj voli\u010di Smeru, nenechajte si zobra\u0165 d\u00f4chodky.\u00a0<strong>Preto\u017ee Fico sa znova chyst\u00e1 kradn\u00fa\u0165 \u00faspory sporite\u013eov z\u00a0druh\u00e9ho piliera.<\/strong>\u00a0To, \u010do predv\u00e1dza Robert Fico je toti\u017e klamstvo a\u00a0my na to budeme upozor\u0148ova\u0165, preto\u017ee to s\u00fa va\u0161e peniaze!\u201c <\/em>dod\u00e1va Jozef Mih\u00e1l, kandid\u00e1t strany Demokrati do Eur\u00f3pskeho parlamentu. \u00a0<\/p>\n\n\n\n<p>Tom\u00e1\u0161 Merav\u00fd, kandid\u00e1t Demokratov do eurovolieb povedal, \u017ee neodborn\u00e9 z\u00e1sahy Fica a\u00a0spol. znamenaj\u00fa, \u017ee \u013eudia bud\u00fa ma\u0165 d\u00f4chodky o\u00a0stovky eur mesa\u010dne ni\u017e\u0161ie. <em>\u201eAk si dnes mlad\u00fd 25-ro\u010dn\u00fd \u010dlovek s\u00a0priemernou mzdou za\u010dne spori\u0165 v\u00a0druhom pilieri, jeho v\u00fdsledn\u00fd, kombinovan\u00fd d\u00f4chodok z\u00a0oboch pilierov m\u00f4\u017ee dosiahnu\u0165 1368 eur, ale ak ostane len v\u00a01. pilieri, bude ma\u0165 d\u00f4chodok len 766 eur. Ak by nebolo politick\u00fdch z\u00e1sahov do 2. piliera od roku 2005, v\u00fd\u0161ka d\u00f4chodku mohla by\u0165 a\u017e 2073 eur mesa\u010dne,\u201c <\/em>povedal Merav\u00fd.<\/p>\n\n\n\n<iframe src=\"https:\/\/www.facebook.com\/plugins\/video.php?href=https%3A%2F%2Fwww.facebook.com%2Fsmedemokrati2023%2Fvideos%2F350263274270594%2F&#038;width=600&#038;show_text=false&#038;appId=361313990972954&#038;height=338\" width=\"600\" height=\"338\" style=\"border:none;overflow:hidden\" scrolling=\"no\" frameborder=\"0\" allowfullscreen=\"true\" allow=\"autoplay; clipboard-write; encrypted-media; picture-in-picture; web-share\" allowFullScreen=\"true\"><\/iframe>\n","protected":false},"excerpt":{"rendered":"<p>Premi\u00e9r Robert Fico chce znovu okradn\u00fa\u0165 \u013eud\u00ed o\u00a0d\u00f4chodkov\u00e9 \u00faspory a\u00a0zn\u00ed\u017ei\u0165 im tak ich bud\u00face d\u00f4chodky o\u00a0stovky eur. Fico tieto svoje kroky maskuje za investovanie do slovensk\u00fdch dia\u013enic a\u00a0\u010fal\u0161\u00edch projektov, skuto\u010dnos\u0165 je v\u0161ak in\u00e1, chce vytiahnu\u0165 peniaze z\u00a0II. piliera, aby mal na rozhadzovanie, ke\u010f\u017ee norm\u00e1lne konsolidova\u0165 verejn\u00e9 financie nevie. Strana Demokrati upozor\u0148uje, \u017ee v\u00a0minulosti kroky Roberta [&hellip;]<\/p>\n","protected":false},"author":13,"featured_media":1355,"comment_status":"closed","ping_status":"closed","sticky":false,"template":"","format":"standard","meta":{"_acf_changed":false,"ngg_post_thumbnail":0,"footnotes":""},"categories":[4],"tags":[],"class_list":["post-4041","post","type-post","status-publish","format-standard","has-post-thumbnail","hentry","category-tlacove-spravy"],"acf":[],"yoast_head":"<!-- This site is optimized with the Yoast SEO plugin v27.2 - https:\/\/yoast.com\/product\/yoast-seo-wordpress\/ -->\n<title>Skuto\u010dn\u00fd pl\u00e1n Roberta Fica s II. pilierom? Kr\u00e1de\u017e!<\/title>\n<meta name=\"robots\" content=\"index, follow, max-snippet:-1, max-image-preview:large, max-video-preview:-1\" \/>\n<link rel=\"canonical\" href=\"https:\/\/www.smedemokrati.sk\/sv\/skutocny-plan-roberta-fica-s-ii-pilierom-kradez\/\" \/>\n<meta property=\"og:locale\" content=\"sv_SE\" \/>\n<meta property=\"og:locale:alternate\" content=\"en_US\" \/>\n<meta property=\"og:locale:alternate\" content=\"cs_CZ\" \/>\n<meta property=\"og:locale:alternate\" content=\"hu_HU\" \/>\n<meta property=\"og:locale:alternate\" content=\"sk_SK\" \/>\n<meta property=\"og:type\" content=\"article\" \/>\n<meta property=\"og:title\" content=\"Skuto\u010dn\u00fd pl\u00e1n Roberta Fica s II. pilierom? Kr\u00e1de\u017e!\" \/>\n<meta property=\"og:description\" content=\"Premi\u00e9r Robert Fico chce znovu okradn\u00fa\u0165 \u013eud\u00ed o\u00a0d\u00f4chodkov\u00e9 \u00faspory a\u00a0zn\u00ed\u017ei\u0165 im tak ich bud\u00face d\u00f4chodky o\u00a0stovky eur. Fico tieto svoje kroky maskuje za investovanie do slovensk\u00fdch dia\u013enic a\u00a0\u010fal\u0161\u00edch projektov, skuto\u010dnos\u0165 je v\u0161ak in\u00e1, chce vytiahnu\u0165 peniaze z\u00a0II. piliera, aby mal na rozhadzovanie, ke\u010f\u017ee norm\u00e1lne konsolidova\u0165 verejn\u00e9 financie nevie. Strana Demokrati upozor\u0148uje, \u017ee v\u00a0minulosti kroky Roberta [&hellip;]\" \/>\n<meta property=\"og:url\" content=\"https:\/\/www.smedemokrati.sk\/sv\/skutocny-plan-roberta-fica-s-ii-pilierom-kradez\/\" \/>\n<meta property=\"og:site_name\" content=\"Smedemokrati.sk\" \/>\n<meta property=\"article:publisher\" content=\"https:\/\/www.facebook.com\/smedemokrati2023\" \/>\n<meta property=\"article:published_time\" content=\"2024-05-02T12:20:55+00:00\" \/>\n<meta property=\"article:modified_time\" content=\"2024-05-07T12:51:05+00:00\" \/>\n<meta property=\"og:image\" content=\"https:\/\/www.smedemokrati.sk\/wp-content\/uploads\/2023\/06\/fico.jpg\" \/>\n\t<meta property=\"og:image:width\" content=\"1920\" \/>\n\t<meta property=\"og:image:height\" content=\"1080\" \/>\n\t<meta property=\"og:image:type\" content=\"image\/jpeg\" \/>\n<meta name=\"author\" content=\"miro.sopko\" \/>\n<meta name=\"twitter:card\" content=\"summary_large_image\" \/>\n<meta name=\"twitter:label1\" content=\"Skriven av\" \/>\n\t<meta name=\"twitter:data1\" content=\"miro.sopko\" \/>\n\t<meta name=\"twitter:label2\" content=\"Ber\u00e4knad l\u00e4stid\" \/>\n\t<meta name=\"twitter:data2\" content=\"4 minuter\" \/>\n<script type=\"application\/ld+json\" class=\"yoast-schema-graph\">{\"@context\":\"https:\/\/schema.org\",\"@graph\":[{\"@type\":\"Article\",\"@id\":\"https:\/\/www.smedemokrati.sk\/skutocny-plan-roberta-fica-s-ii-pilierom-kradez\/#article\",\"isPartOf\":{\"@id\":\"https:\/\/www.smedemokrati.sk\/skutocny-plan-roberta-fica-s-ii-pilierom-kradez\/\"},\"author\":{\"name\":\"miro.sopko\",\"@id\":\"https:\/\/www.smedemokrati.sk\/#\/schema\/person\/21f147c88d605aa7ded900e1e7c344ba\"},\"headline\":\"Skuto\u010dn\u00fd pl\u00e1n Roberta Fica s II. pilierom? Kr\u00e1de\u017e!\",\"datePublished\":\"2024-05-02T12:20:55+00:00\",\"dateModified\":\"2024-05-07T12:51:05+00:00\",\"mainEntityOfPage\":{\"@id\":\"https:\/\/www.smedemokrati.sk\/skutocny-plan-roberta-fica-s-ii-pilierom-kradez\/\"},\"wordCount\":923,\"publisher\":{\"@id\":\"https:\/\/www.smedemokrati.sk\/#organization\"},\"image\":{\"@id\":\"https:\/\/www.smedemokrati.sk\/skutocny-plan-roberta-fica-s-ii-pilierom-kradez\/#primaryimage\"},\"thumbnailUrl\":\"https:\/\/www.smedemokrati.sk\/wp-content\/uploads\/2023\/06\/fico.jpg\",\"articleSection\":[\"Tla\u010dov\u00e9 spr\u00e1vy\"],\"inLanguage\":\"sv-SE\"},{\"@type\":\"WebPage\",\"@id\":\"https:\/\/www.smedemokrati.sk\/skutocny-plan-roberta-fica-s-ii-pilierom-kradez\/\",\"url\":\"https:\/\/www.smedemokrati.sk\/skutocny-plan-roberta-fica-s-ii-pilierom-kradez\/\",\"name\":\"Skuto\u010dn\u00fd pl\u00e1n Roberta Fica s II. pilierom? Kr\u00e1de\u017e!\",\"isPartOf\":{\"@id\":\"https:\/\/www.smedemokrati.sk\/#website\"},\"primaryImageOfPage\":{\"@id\":\"https:\/\/www.smedemokrati.sk\/skutocny-plan-roberta-fica-s-ii-pilierom-kradez\/#primaryimage\"},\"image\":{\"@id\":\"https:\/\/www.smedemokrati.sk\/skutocny-plan-roberta-fica-s-ii-pilierom-kradez\/#primaryimage\"},\"thumbnailUrl\":\"https:\/\/www.smedemokrati.sk\/wp-content\/uploads\/2023\/06\/fico.jpg\",\"datePublished\":\"2024-05-02T12:20:55+00:00\",\"dateModified\":\"2024-05-07T12:51:05+00:00\",\"breadcrumb\":{\"@id\":\"https:\/\/www.smedemokrati.sk\/skutocny-plan-roberta-fica-s-ii-pilierom-kradez\/#breadcrumb\"},\"inLanguage\":\"sv-SE\",\"potentialAction\":[{\"@type\":\"ReadAction\",\"target\":[\"https:\/\/www.smedemokrati.sk\/skutocny-plan-roberta-fica-s-ii-pilierom-kradez\/\"]}]},{\"@type\":\"ImageObject\",\"inLanguage\":\"sv-SE\",\"@id\":\"https:\/\/www.smedemokrati.sk\/skutocny-plan-roberta-fica-s-ii-pilierom-kradez\/#primaryimage\",\"url\":\"https:\/\/www.smedemokrati.sk\/wp-content\/uploads\/2023\/06\/fico.jpg\",\"contentUrl\":\"https:\/\/www.smedemokrati.sk\/wp-content\/uploads\/2023\/06\/fico.jpg\",\"width\":1920,\"height\":1080},{\"@type\":\"BreadcrumbList\",\"@id\":\"https:\/\/www.smedemokrati.sk\/skutocny-plan-roberta-fica-s-ii-pilierom-kradez\/#breadcrumb\",\"itemListElement\":[{\"@type\":\"ListItem\",\"position\":1,\"name\":\"Domovsk\u00e1 str\u00e1nka\",\"item\":\"https:\/\/www.smedemokrati.sk\/\"},{\"@type\":\"ListItem\",\"position\":2,\"name\":\"Skuto\u010dn\u00fd pl\u00e1n Roberta Fica s II. pilierom? Kr\u00e1de\u017e!\"}]},{\"@type\":\"WebSite\",\"@id\":\"https:\/\/www.smedemokrati.sk\/#website\",\"url\":\"https:\/\/www.smedemokrati.sk\/\",\"name\":\"Smedemokrati.sk\",\"description\":\"Demokracia a slu\u0161nos\u0165 zv\u00ed\u0165az\u00ed\",\"publisher\":{\"@id\":\"https:\/\/www.smedemokrati.sk\/#organization\"},\"potentialAction\":[{\"@type\":\"SearchAction\",\"target\":{\"@type\":\"EntryPoint\",\"urlTemplate\":\"https:\/\/www.smedemokrati.sk\/?s={search_term_string}\"},\"query-input\":{\"@type\":\"PropertyValueSpecification\",\"valueRequired\":true,\"valueName\":\"search_term_string\"}}],\"inLanguage\":\"sv-SE\"},{\"@type\":\"Organization\",\"@id\":\"https:\/\/www.smedemokrati.sk\/#organization\",\"name\":\"Smedemokrati.sk\",\"url\":\"https:\/\/www.smedemokrati.sk\/\",\"logo\":{\"@type\":\"ImageObject\",\"inLanguage\":\"sv-SE\",\"@id\":\"https:\/\/www.smedemokrati.sk\/#\/schema\/logo\/image\/\",\"url\":\"https:\/\/www.smedemokrati.sk\/wp-content\/uploads\/2023\/04\/ff.002.jpeg\",\"contentUrl\":\"https:\/\/www.smedemokrati.sk\/wp-content\/uploads\/2023\/04\/ff.002.jpeg\",\"width\":640,\"height\":480,\"caption\":\"Smedemokrati.sk\"},\"image\":{\"@id\":\"https:\/\/www.smedemokrati.sk\/#\/schema\/logo\/image\/\"},\"sameAs\":[\"https:\/\/www.facebook.com\/smedemokrati2023\"]},{\"@type\":\"Person\",\"@id\":\"https:\/\/www.smedemokrati.sk\/#\/schema\/person\/21f147c88d605aa7ded900e1e7c344ba\",\"name\":\"miro.sopko\",\"image\":{\"@type\":\"ImageObject\",\"inLanguage\":\"sv-SE\",\"@id\":\"https:\/\/secure.gravatar.com\/avatar\/267e4a36f704376c109afe3a78740c1f5dd8675a2180a908699e7863c9247606?s=96&d=mm&r=g\",\"url\":\"https:\/\/secure.gravatar.com\/avatar\/267e4a36f704376c109afe3a78740c1f5dd8675a2180a908699e7863c9247606?s=96&d=mm&r=g\",\"contentUrl\":\"https:\/\/secure.gravatar.com\/avatar\/267e4a36f704376c109afe3a78740c1f5dd8675a2180a908699e7863c9247606?s=96&d=mm&r=g\",\"caption\":\"miro.sopko\"},\"url\":\"https:\/\/www.smedemokrati.sk\/sv\/author\/miro-sopko\/\"}]}<\/script>\n<!-- \/ Yoast SEO plugin. -->","yoast_head_json":{"title":"Skuto\u010dn\u00fd pl\u00e1n Roberta Fica s II. pilierom? Kr\u00e1de\u017e!","robots":{"index":"index","follow":"follow","max-snippet":"max-snippet:-1","max-image-preview":"max-image-preview:large","max-video-preview":"max-video-preview:-1"},"canonical":"https:\/\/www.smedemokrati.sk\/sv\/skutocny-plan-roberta-fica-s-ii-pilierom-kradez\/","og_locale":"sv_SE","og_type":"article","og_title":"[:sk]Skuto\u010dn\u00fd pl\u00e1n Roberta Fica s II. pilierom? Kr\u00e1de\u017e![:] - Smedemokrati.sk","og_description":"Premi\u00e9r Robert Fico chce znovu okradn\u00fa\u0165 \u013eud\u00ed o\u00a0d\u00f4chodkov\u00e9 \u00faspory a\u00a0zn\u00ed\u017ei\u0165 im tak ich bud\u00face d\u00f4chodky o\u00a0stovky eur. Fico tieto svoje kroky maskuje za investovanie do slovensk\u00fdch dia\u013enic a\u00a0\u010fal\u0161\u00edch projektov, skuto\u010dnos\u0165 je v\u0161ak in\u00e1, chce vytiahnu\u0165 peniaze z\u00a0II. piliera, aby mal na rozhadzovanie, ke\u010f\u017ee norm\u00e1lne konsolidova\u0165 verejn\u00e9 financie nevie. Strana Demokrati upozor\u0148uje, \u017ee v\u00a0minulosti kroky Roberta [&hellip;]","og_url":"https:\/\/www.smedemokrati.sk\/sv\/skutocny-plan-roberta-fica-s-ii-pilierom-kradez\/","og_site_name":"Smedemokrati.sk","article_publisher":"https:\/\/www.facebook.com\/smedemokrati2023","article_published_time":"2024-05-02T12:20:55+00:00","article_modified_time":"2024-05-07T12:51:05+00:00","og_image":[{"width":1920,"height":1080,"url":"https:\/\/www.smedemokrati.sk\/wp-content\/uploads\/2023\/06\/fico.jpg","type":"image\/jpeg"}],"author":"miro.sopko","twitter_card":"summary_large_image","twitter_misc":{"Skriven av":"miro.sopko","Ber\u00e4knad l\u00e4stid":"4 minuter"},"schema":{"@context":"https:\/\/schema.org","@graph":[{"@type":"Article","@id":"https:\/\/www.smedemokrati.sk\/skutocny-plan-roberta-fica-s-ii-pilierom-kradez\/#article","isPartOf":{"@id":"https:\/\/www.smedemokrati.sk\/skutocny-plan-roberta-fica-s-ii-pilierom-kradez\/"},"author":{"name":"miro.sopko","@id":"https:\/\/www.smedemokrati.sk\/#\/schema\/person\/21f147c88d605aa7ded900e1e7c344ba"},"headline":"Skuto\u010dn\u00fd pl\u00e1n Roberta Fica s II. pilierom? Kr\u00e1de\u017e!","datePublished":"2024-05-02T12:20:55+00:00","dateModified":"2024-05-07T12:51:05+00:00","mainEntityOfPage":{"@id":"https:\/\/www.smedemokrati.sk\/skutocny-plan-roberta-fica-s-ii-pilierom-kradez\/"},"wordCount":923,"publisher":{"@id":"https:\/\/www.smedemokrati.sk\/#organization"},"image":{"@id":"https:\/\/www.smedemokrati.sk\/skutocny-plan-roberta-fica-s-ii-pilierom-kradez\/#primaryimage"},"thumbnailUrl":"https:\/\/www.smedemokrati.sk\/wp-content\/uploads\/2023\/06\/fico.jpg","articleSection":["Tla\u010dov\u00e9 spr\u00e1vy"],"inLanguage":"sv-SE"},{"@type":"WebPage","@id":"https:\/\/www.smedemokrati.sk\/skutocny-plan-roberta-fica-s-ii-pilierom-kradez\/","url":"https:\/\/www.smedemokrati.sk\/skutocny-plan-roberta-fica-s-ii-pilierom-kradez\/","name":"Skuto\u010dn\u00fd pl\u00e1n Roberta Fica s II. pilierom? Kr\u00e1de\u017e!","isPartOf":{"@id":"https:\/\/www.smedemokrati.sk\/#website"},"primaryImageOfPage":{"@id":"https:\/\/www.smedemokrati.sk\/skutocny-plan-roberta-fica-s-ii-pilierom-kradez\/#primaryimage"},"image":{"@id":"https:\/\/www.smedemokrati.sk\/skutocny-plan-roberta-fica-s-ii-pilierom-kradez\/#primaryimage"},"thumbnailUrl":"https:\/\/www.smedemokrati.sk\/wp-content\/uploads\/2023\/06\/fico.jpg","datePublished":"2024-05-02T12:20:55+00:00","dateModified":"2024-05-07T12:51:05+00:00","breadcrumb":{"@id":"https:\/\/www.smedemokrati.sk\/skutocny-plan-roberta-fica-s-ii-pilierom-kradez\/#breadcrumb"},"inLanguage":"sv-SE","potentialAction":[{"@type":"ReadAction","target":["https:\/\/www.smedemokrati.sk\/skutocny-plan-roberta-fica-s-ii-pilierom-kradez\/"]}]},{"@type":"ImageObject","inLanguage":"sv-SE","@id":"https:\/\/www.smedemokrati.sk\/skutocny-plan-roberta-fica-s-ii-pilierom-kradez\/#primaryimage","url":"https:\/\/www.smedemokrati.sk\/wp-content\/uploads\/2023\/06\/fico.jpg","contentUrl":"https:\/\/www.smedemokrati.sk\/wp-content\/uploads\/2023\/06\/fico.jpg","width":1920,"height":1080},{"@type":"BreadcrumbList","@id":"https:\/\/www.smedemokrati.sk\/skutocny-plan-roberta-fica-s-ii-pilierom-kradez\/#breadcrumb","itemListElement":[{"@type":"ListItem","position":1,"name":"Domovsk\u00e1 str\u00e1nka","item":"https:\/\/www.smedemokrati.sk\/"},{"@type":"ListItem","position":2,"name":"Skuto\u010dn\u00fd pl\u00e1n Roberta Fica s II. pilierom? Kr\u00e1de\u017e!"}]},{"@type":"WebSite","@id":"https:\/\/www.smedemokrati.sk\/#website","url":"https:\/\/www.smedemokrati.sk\/","name":"Smedemokrati.sk","description":"Demokracia a slu\u0161nos\u0165 zv\u00ed\u0165az\u00ed","publisher":{"@id":"https:\/\/www.smedemokrati.sk\/#organization"},"potentialAction":[{"@type":"SearchAction","target":{"@type":"EntryPoint","urlTemplate":"https:\/\/www.smedemokrati.sk\/?s={search_term_string}"},"query-input":{"@type":"PropertyValueSpecification","valueRequired":true,"valueName":"search_term_string"}}],"inLanguage":"sv-SE"},{"@type":"Organization","@id":"https:\/\/www.smedemokrati.sk\/#organization","name":"Smedemokrati.sk","url":"https:\/\/www.smedemokrati.sk\/","logo":{"@type":"ImageObject","inLanguage":"sv-SE","@id":"https:\/\/www.smedemokrati.sk\/#\/schema\/logo\/image\/","url":"https:\/\/www.smedemokrati.sk\/wp-content\/uploads\/2023\/04\/ff.002.jpeg","contentUrl":"https:\/\/www.smedemokrati.sk\/wp-content\/uploads\/2023\/04\/ff.002.jpeg","width":640,"height":480,"caption":"Smedemokrati.sk"},"image":{"@id":"https:\/\/www.smedemokrati.sk\/#\/schema\/logo\/image\/"},"sameAs":["https:\/\/www.facebook.com\/smedemokrati2023"]},{"@type":"Person","@id":"https:\/\/www.smedemokrati.sk\/#\/schema\/person\/21f147c88d605aa7ded900e1e7c344ba","name":"miro.sopko","image":{"@type":"ImageObject","inLanguage":"sv-SE","@id":"https:\/\/secure.gravatar.com\/avatar\/267e4a36f704376c109afe3a78740c1f5dd8675a2180a908699e7863c9247606?s=96&d=mm&r=g","url":"https:\/\/secure.gravatar.com\/avatar\/267e4a36f704376c109afe3a78740c1f5dd8675a2180a908699e7863c9247606?s=96&d=mm&r=g","contentUrl":"https:\/\/secure.gravatar.com\/avatar\/267e4a36f704376c109afe3a78740c1f5dd8675a2180a908699e7863c9247606?s=96&d=mm&r=g","caption":"miro.sopko"},"url":"https:\/\/www.smedemokrati.sk\/sv\/author\/miro-sopko\/"}]}},"_links":{"self":[{"href":"https:\/\/www.smedemokrati.sk\/sv\/wp-json\/wp\/v2\/posts\/4041","targetHints":{"allow":["GET"]}}],"collection":[{"href":"https:\/\/www.smedemokrati.sk\/sv\/wp-json\/wp\/v2\/posts"}],"about":[{"href":"https:\/\/www.smedemokrati.sk\/sv\/wp-json\/wp\/v2\/types\/post"}],"author":[{"embeddable":true,"href":"https:\/\/www.smedemokrati.sk\/sv\/wp-json\/wp\/v2\/users\/13"}],"replies":[{"embeddable":true,"href":"https:\/\/www.smedemokrati.sk\/sv\/wp-json\/wp\/v2\/comments?post=4041"}],"version-history":[{"count":1,"href":"https:\/\/www.smedemokrati.sk\/sv\/wp-json\/wp\/v2\/posts\/4041\/revisions"}],"predecessor-version":[{"id":4042,"href":"https:\/\/www.smedemokrati.sk\/sv\/wp-json\/wp\/v2\/posts\/4041\/revisions\/4042"}],"wp:featuredmedia":[{"embeddable":true,"href":"https:\/\/www.smedemokrati.sk\/sv\/wp-json\/wp\/v2\/media\/1355"}],"wp:attachment":[{"href":"https:\/\/www.smedemokrati.sk\/sv\/wp-json\/wp\/v2\/media?parent=4041"}],"wp:term":[{"taxonomy":"category","embeddable":true,"href":"https:\/\/www.smedemokrati.sk\/sv\/wp-json\/wp\/v2\/categories?post=4041"},{"taxonomy":"post_tag","embeddable":true,"href":"https:\/\/www.smedemokrati.sk\/sv\/wp-json\/wp\/v2\/tags?post=4041"}],"curies":[{"name":"wp","href":"https:\/\/api.w.org\/{rel}","templated":true}]}}