{"id":4028,"date":"2024-05-01T12:20:55","date_gmt":"2024-05-01T11:20:55","guid":{"rendered":"https:\/\/www.smedemokrati.sk\/?p=4028"},"modified":"2024-05-07T13:51:25","modified_gmt":"2024-05-07T12:51:25","slug":"vlada-roberta-fica-opat-zradza-zaujmy-slovenska","status":"publish","type":"post","link":"https:\/\/www.smedemokrati.sk\/sv\/vlada-roberta-fica-opat-zradza-zaujmy-slovenska\/","title":{"rendered":"Vl\u00e1da Roberta Fica op\u00e4\u0165 zr\u00e1dza z\u00e1ujmy Slovenska"},"content":{"rendered":"<div id=\"fb-root\"><\/div>\n\n<p>Vl\u00e1da Roberta Fica op\u00e4\u0165 nepochopite\u013ene zr\u00e1dza Slovensko, spojencov a na\u0161ich najbli\u017e\u0161\u00edch partnerov. Poskytnutie ochrany prorusk\u00e9mu akt\u00e9rovi Ar\u0165omovi Mar\u010devsk\u00e9mu, ktor\u00fd sa sna\u017eil ovplyv\u0148ova\u0165 eurovo\u013eby a z Ukrajiny odi\u0161iel pre vy\u0161etrovanie jeho spolupr\u00e1ce s&nbsp;Moskvou je v\u00fdsmechom n\u00e1\u0161mu najbli\u017e\u0161iemu partnerovi \u010ceskej republike. Hovor\u00ed v&nbsp;kontexte aktu\u00e1lnych inform\u00e1ci\u00ed strana Demokrati.<\/p>\n\n\n\n<p><em>\u201e<strong>Ob\u00e1vam sa, \u017ee toto je \u010fal\u0161\u00ed jasn\u00fd a nespochybnite\u013en\u00fd d\u00f4kaz, \u017ee slovensk\u00e1 vl\u00e1da je rusk\u00fdm kolaborantom, ktor\u00e1 kon\u00e1 v rozpore s n\u00e1rodn\u00fdmi z\u00e1ujmami a z\u00e1ujmami ostatn\u00fdch spojeneck\u00fdch kraj\u00edn. Nesmieme sa potom \u010dudova\u0165, \u017ee s nami nikto, opakujem nikto, nechce zdie\u013ea\u0165 citliv\u00e9 spravodajsk\u00e9 inform\u00e1cie. Pre\u010do by to robili, ke\u010f to v\u0161etko je na konci d\u0148a vyu\u017eit\u00e9 v prospech Ruska?<\/strong>\u201c<\/em> hovor\u00ed predseda strany Demokrati Jaroslav Na\u010f.<\/p>\n\n\n\n<p><em>\u201e<strong>Vyz\u00fdvam Roberta Fica aby sa nezahr\u00e1val s na\u0161ou bezpe\u010dnostnou, vz\u0165ahmi so zahrani\u010d\u00edm a reput\u00e1ciou na\u0161ej krajiny. V\u0161etci o\u010dak\u00e1vame jasn\u00e9 vysvetlenie, pre\u010do bola poskytnut\u00e1 ochrana \u010dloveku, ktor\u00fd je podozriv\u00fd z\u00a0ovplyv\u0148ovania volieb do Eur\u00f3pskeho parlamentu v\u00a0prospech Ruska. Bola to odmena za rozhovor pre mlad\u00e9ho Erika Kali\u0148\u00e1ka vo Voice of Europe? \u010cesk\u00e1 republika tomuto \u010dloveku zmraz\u00ed majetok a\u00a0zarad\u00ed ho na sank\u010dn\u00fd zoznam a\u00a0my ho ideme chr\u00e1ni\u0165? Pre\u010do? Je to nepochopite\u013en\u00e9. Slovensko m\u00e1 spolupracova\u0165 s\u00a0na\u0161imi partnermi v\u00a0E\u00da a\u00a0NATO a\u00a0nie s\u00a0Moskvou!<\/strong>\u201c<\/em> uzatv\u00e1ra Jaroslav Na\u010f, predseda strany Demokrati a\u00a0b\u00fdval\u00fd minister obrany Slovenskej republiky.<\/p>\n\n\n\n<p><em>\u201e<strong>Sl\u00e1vime 20. v\u00fdro\u010die vstupu Slovenska do E\u00da a\u00a0toto je na\u0161a odpove\u010f? Ochrana \u013eud\u00ed, ktor\u00ed akt\u00edvne chc\u00fa ovplyv\u0148ova\u0165 vo\u013eby do Eur\u00f3pskeho parlamentu a\u00a0\u0161kodi\u0165 Slovensku a\u00a0Eur\u00f3pskej \u00fanii? Pomoc Moskve, ktor\u00e1 \u00fato\u010d\u00ed na \u00faniu je v\u00fdsmechom 20. ro\u010dn\u00e9ho \u00faspe\u0161n\u00e9ho pr\u00edbehu n\u00e1\u0161ho \u010dlenstva v\u00a0Eur\u00f3pskej \u00fanii.<\/strong>\u201c <\/em>Hovor\u00ed na margo medializovan\u00fdch inform\u00e1ci\u00ed Juraj \u0160eliga, podpredseda strany Demokrati.\u00a0<\/p>\n","protected":false},"excerpt":{"rendered":"<p>Vl\u00e1da Roberta Fica op\u00e4\u0165 nepochopite\u013ene zr\u00e1dza Slovensko, spojencov a na\u0161ich najbli\u017e\u0161\u00edch partnerov. Poskytnutie ochrany prorusk\u00e9mu akt\u00e9rovi Ar\u0165omovi Mar\u010devsk\u00e9mu, ktor\u00fd sa sna\u017eil ovplyv\u0148ova\u0165 eurovo\u013eby a z Ukrajiny odi\u0161iel pre vy\u0161etrovanie jeho spolupr\u00e1ce s&nbsp;Moskvou je v\u00fdsmechom n\u00e1\u0161mu najbli\u017e\u0161iemu partnerovi \u010ceskej republike. Hovor\u00ed v&nbsp;kontexte aktu\u00e1lnych inform\u00e1ci\u00ed strana Demokrati. \u201eOb\u00e1vam sa, \u017ee toto je \u010fal\u0161\u00ed jasn\u00fd a nespochybnite\u013en\u00fd d\u00f4kaz, [&hellip;]<\/p>\n","protected":false},"author":13,"featured_media":4029,"comment_status":"closed","ping_status":"closed","sticky":false,"template":"","format":"standard","meta":{"_acf_changed":false,"ngg_post_thumbnail":0,"footnotes":""},"categories":[4],"tags":[],"class_list":["post-4028","post","type-post","status-publish","format-standard","has-post-thumbnail","hentry","category-tlacove-spravy"],"acf":[],"yoast_head":"<!-- This site is optimized with the Yoast SEO plugin v27.2 - https:\/\/yoast.com\/product\/yoast-seo-wordpress\/ -->\n<title>Vl\u00e1da Roberta Fica op\u00e4\u0165 zr\u00e1dza z\u00e1ujmy Slovenska<\/title>\n<meta name=\"robots\" content=\"index, follow, max-snippet:-1, max-image-preview:large, max-video-preview:-1\" \/>\n<link rel=\"canonical\" href=\"https:\/\/www.smedemokrati.sk\/sv\/vlada-roberta-fica-opat-zradza-zaujmy-slovenska\/\" \/>\n<meta property=\"og:locale\" content=\"sv_SE\" \/>\n<meta property=\"og:locale:alternate\" content=\"en_US\" \/>\n<meta property=\"og:locale:alternate\" content=\"cs_CZ\" \/>\n<meta property=\"og:locale:alternate\" content=\"hu_HU\" \/>\n<meta property=\"og:locale:alternate\" content=\"sk_SK\" \/>\n<meta property=\"og:type\" content=\"article\" \/>\n<meta property=\"og:title\" content=\"Vl\u00e1da Roberta Fica op\u00e4\u0165 zr\u00e1dza z\u00e1ujmy Slovenska\" \/>\n<meta property=\"og:description\" content=\"Vl\u00e1da Roberta Fica op\u00e4\u0165 nepochopite\u013ene zr\u00e1dza Slovensko, spojencov a na\u0161ich najbli\u017e\u0161\u00edch partnerov. Poskytnutie ochrany prorusk\u00e9mu akt\u00e9rovi Ar\u0165omovi Mar\u010devsk\u00e9mu, ktor\u00fd sa sna\u017eil ovplyv\u0148ova\u0165 eurovo\u013eby a z Ukrajiny odi\u0161iel pre vy\u0161etrovanie jeho spolupr\u00e1ce s&nbsp;Moskvou je v\u00fdsmechom n\u00e1\u0161mu najbli\u017e\u0161iemu partnerovi \u010ceskej republike. Hovor\u00ed v&nbsp;kontexte aktu\u00e1lnych inform\u00e1ci\u00ed strana Demokrati. \u201eOb\u00e1vam sa, \u017ee toto je \u010fal\u0161\u00ed jasn\u00fd a nespochybnite\u013en\u00fd d\u00f4kaz, [&hellip;]\" \/>\n<meta property=\"og:url\" content=\"https:\/\/www.smedemokrati.sk\/sv\/vlada-roberta-fica-opat-zradza-zaujmy-slovenska\/\" \/>\n<meta property=\"og:site_name\" content=\"Smedemokrati.sk\" \/>\n<meta property=\"article:publisher\" content=\"https:\/\/www.facebook.com\/smedemokrati2023\" \/>\n<meta property=\"article:published_time\" content=\"2024-05-01T11:20:55+00:00\" \/>\n<meta property=\"article:modified_time\" content=\"2024-05-07T12:51:25+00:00\" \/>\n<meta property=\"og:image\" content=\"https:\/\/www.smedemokrati.sk\/wp-content\/uploads\/2024\/05\/Kalinak.jpg\" \/>\n\t<meta property=\"og:image:width\" content=\"1813\" \/>\n\t<meta property=\"og:image:height\" content=\"879\" \/>\n\t<meta property=\"og:image:type\" content=\"image\/jpeg\" \/>\n<meta name=\"author\" content=\"miro.sopko\" \/>\n<meta name=\"twitter:card\" content=\"summary_large_image\" \/>\n<meta name=\"twitter:label1\" content=\"Skriven av\" \/>\n\t<meta name=\"twitter:data1\" content=\"miro.sopko\" \/>\n\t<meta name=\"twitter:label2\" content=\"Ber\u00e4knad l\u00e4stid\" \/>\n\t<meta name=\"twitter:data2\" content=\"2 minuter\" \/>\n<script type=\"application\/ld+json\" class=\"yoast-schema-graph\">{\"@context\":\"https:\/\/schema.org\",\"@graph\":[{\"@type\":\"Article\",\"@id\":\"https:\/\/www.smedemokrati.sk\/vlada-roberta-fica-opat-zradza-zaujmy-slovenska\/#article\",\"isPartOf\":{\"@id\":\"https:\/\/www.smedemokrati.sk\/vlada-roberta-fica-opat-zradza-zaujmy-slovenska\/\"},\"author\":{\"name\":\"miro.sopko\",\"@id\":\"https:\/\/www.smedemokrati.sk\/#\/schema\/person\/21f147c88d605aa7ded900e1e7c344ba\"},\"headline\":\"Vl\u00e1da Roberta Fica op\u00e4\u0165 zr\u00e1dza z\u00e1ujmy Slovenska\",\"datePublished\":\"2024-05-01T11:20:55+00:00\",\"dateModified\":\"2024-05-07T12:51:25+00:00\",\"mainEntityOfPage\":{\"@id\":\"https:\/\/www.smedemokrati.sk\/vlada-roberta-fica-opat-zradza-zaujmy-slovenska\/\"},\"wordCount\":356,\"publisher\":{\"@id\":\"https:\/\/www.smedemokrati.sk\/#organization\"},\"image\":{\"@id\":\"https:\/\/www.smedemokrati.sk\/vlada-roberta-fica-opat-zradza-zaujmy-slovenska\/#primaryimage\"},\"thumbnailUrl\":\"https:\/\/www.smedemokrati.sk\/wp-content\/uploads\/2024\/05\/Kalinak.jpg\",\"articleSection\":[\"Tla\u010dov\u00e9 spr\u00e1vy\"],\"inLanguage\":\"sv-SE\"},{\"@type\":\"WebPage\",\"@id\":\"https:\/\/www.smedemokrati.sk\/vlada-roberta-fica-opat-zradza-zaujmy-slovenska\/\",\"url\":\"https:\/\/www.smedemokrati.sk\/vlada-roberta-fica-opat-zradza-zaujmy-slovenska\/\",\"name\":\"Vl\u00e1da Roberta Fica op\u00e4\u0165 zr\u00e1dza z\u00e1ujmy Slovenska\",\"isPartOf\":{\"@id\":\"https:\/\/www.smedemokrati.sk\/#website\"},\"primaryImageOfPage\":{\"@id\":\"https:\/\/www.smedemokrati.sk\/vlada-roberta-fica-opat-zradza-zaujmy-slovenska\/#primaryimage\"},\"image\":{\"@id\":\"https:\/\/www.smedemokrati.sk\/vlada-roberta-fica-opat-zradza-zaujmy-slovenska\/#primaryimage\"},\"thumbnailUrl\":\"https:\/\/www.smedemokrati.sk\/wp-content\/uploads\/2024\/05\/Kalinak.jpg\",\"datePublished\":\"2024-05-01T11:20:55+00:00\",\"dateModified\":\"2024-05-07T12:51:25+00:00\",\"breadcrumb\":{\"@id\":\"https:\/\/www.smedemokrati.sk\/vlada-roberta-fica-opat-zradza-zaujmy-slovenska\/#breadcrumb\"},\"inLanguage\":\"sv-SE\",\"potentialAction\":[{\"@type\":\"ReadAction\",\"target\":[\"https:\/\/www.smedemokrati.sk\/vlada-roberta-fica-opat-zradza-zaujmy-slovenska\/\"]}]},{\"@type\":\"ImageObject\",\"inLanguage\":\"sv-SE\",\"@id\":\"https:\/\/www.smedemokrati.sk\/vlada-roberta-fica-opat-zradza-zaujmy-slovenska\/#primaryimage\",\"url\":\"https:\/\/www.smedemokrati.sk\/wp-content\/uploads\/2024\/05\/Kalinak.jpg\",\"contentUrl\":\"https:\/\/www.smedemokrati.sk\/wp-content\/uploads\/2024\/05\/Kalinak.jpg\",\"width\":1813,\"height\":879},{\"@type\":\"BreadcrumbList\",\"@id\":\"https:\/\/www.smedemokrati.sk\/vlada-roberta-fica-opat-zradza-zaujmy-slovenska\/#breadcrumb\",\"itemListElement\":[{\"@type\":\"ListItem\",\"position\":1,\"name\":\"Domovsk\u00e1 str\u00e1nka\",\"item\":\"https:\/\/www.smedemokrati.sk\/\"},{\"@type\":\"ListItem\",\"position\":2,\"name\":\"Vl\u00e1da Roberta Fica op\u00e4\u0165 zr\u00e1dza z\u00e1ujmy Slovenska\"}]},{\"@type\":\"WebSite\",\"@id\":\"https:\/\/www.smedemokrati.sk\/#website\",\"url\":\"https:\/\/www.smedemokrati.sk\/\",\"name\":\"Smedemokrati.sk\",\"description\":\"Demokracia a slu\u0161nos\u0165 zv\u00ed\u0165az\u00ed\",\"publisher\":{\"@id\":\"https:\/\/www.smedemokrati.sk\/#organization\"},\"potentialAction\":[{\"@type\":\"SearchAction\",\"target\":{\"@type\":\"EntryPoint\",\"urlTemplate\":\"https:\/\/www.smedemokrati.sk\/?s={search_term_string}\"},\"query-input\":{\"@type\":\"PropertyValueSpecification\",\"valueRequired\":true,\"valueName\":\"search_term_string\"}}],\"inLanguage\":\"sv-SE\"},{\"@type\":\"Organization\",\"@id\":\"https:\/\/www.smedemokrati.sk\/#organization\",\"name\":\"Smedemokrati.sk\",\"url\":\"https:\/\/www.smedemokrati.sk\/\",\"logo\":{\"@type\":\"ImageObject\",\"inLanguage\":\"sv-SE\",\"@id\":\"https:\/\/www.smedemokrati.sk\/#\/schema\/logo\/image\/\",\"url\":\"https:\/\/www.smedemokrati.sk\/wp-content\/uploads\/2023\/04\/ff.002.jpeg\",\"contentUrl\":\"https:\/\/www.smedemokrati.sk\/wp-content\/uploads\/2023\/04\/ff.002.jpeg\",\"width\":640,\"height\":480,\"caption\":\"Smedemokrati.sk\"},\"image\":{\"@id\":\"https:\/\/www.smedemokrati.sk\/#\/schema\/logo\/image\/\"},\"sameAs\":[\"https:\/\/www.facebook.com\/smedemokrati2023\"]},{\"@type\":\"Person\",\"@id\":\"https:\/\/www.smedemokrati.sk\/#\/schema\/person\/21f147c88d605aa7ded900e1e7c344ba\",\"name\":\"miro.sopko\",\"image\":{\"@type\":\"ImageObject\",\"inLanguage\":\"sv-SE\",\"@id\":\"https:\/\/secure.gravatar.com\/avatar\/267e4a36f704376c109afe3a78740c1f5dd8675a2180a908699e7863c9247606?s=96&d=mm&r=g\",\"url\":\"https:\/\/secure.gravatar.com\/avatar\/267e4a36f704376c109afe3a78740c1f5dd8675a2180a908699e7863c9247606?s=96&d=mm&r=g\",\"contentUrl\":\"https:\/\/secure.gravatar.com\/avatar\/267e4a36f704376c109afe3a78740c1f5dd8675a2180a908699e7863c9247606?s=96&d=mm&r=g\",\"caption\":\"miro.sopko\"},\"url\":\"https:\/\/www.smedemokrati.sk\/sv\/author\/miro-sopko\/\"}]}<\/script>\n<!-- \/ Yoast SEO plugin. -->","yoast_head_json":{"title":"Vl\u00e1da Roberta Fica op\u00e4\u0165 zr\u00e1dza z\u00e1ujmy Slovenska","robots":{"index":"index","follow":"follow","max-snippet":"max-snippet:-1","max-image-preview":"max-image-preview:large","max-video-preview":"max-video-preview:-1"},"canonical":"https:\/\/www.smedemokrati.sk\/sv\/vlada-roberta-fica-opat-zradza-zaujmy-slovenska\/","og_locale":"sv_SE","og_type":"article","og_title":"[:sk]Vl\u00e1da Roberta Fica op\u00e4\u0165 zr\u00e1dza z\u00e1ujmy Slovenska[:] - Smedemokrati.sk","og_description":"Vl\u00e1da Roberta Fica op\u00e4\u0165 nepochopite\u013ene zr\u00e1dza Slovensko, spojencov a na\u0161ich najbli\u017e\u0161\u00edch partnerov. Poskytnutie ochrany prorusk\u00e9mu akt\u00e9rovi Ar\u0165omovi Mar\u010devsk\u00e9mu, ktor\u00fd sa sna\u017eil ovplyv\u0148ova\u0165 eurovo\u013eby a z Ukrajiny odi\u0161iel pre vy\u0161etrovanie jeho spolupr\u00e1ce s&nbsp;Moskvou je v\u00fdsmechom n\u00e1\u0161mu najbli\u017e\u0161iemu partnerovi \u010ceskej republike. Hovor\u00ed v&nbsp;kontexte aktu\u00e1lnych inform\u00e1ci\u00ed strana Demokrati. \u201eOb\u00e1vam sa, \u017ee toto je \u010fal\u0161\u00ed jasn\u00fd a nespochybnite\u013en\u00fd d\u00f4kaz, [&hellip;]","og_url":"https:\/\/www.smedemokrati.sk\/sv\/vlada-roberta-fica-opat-zradza-zaujmy-slovenska\/","og_site_name":"Smedemokrati.sk","article_publisher":"https:\/\/www.facebook.com\/smedemokrati2023","article_published_time":"2024-05-01T11:20:55+00:00","article_modified_time":"2024-05-07T12:51:25+00:00","og_image":[{"width":1813,"height":879,"url":"https:\/\/www.smedemokrati.sk\/wp-content\/uploads\/2024\/05\/Kalinak.jpg","type":"image\/jpeg"}],"author":"miro.sopko","twitter_card":"summary_large_image","twitter_misc":{"Skriven av":"miro.sopko","Ber\u00e4knad l\u00e4stid":"2 minuter"},"schema":{"@context":"https:\/\/schema.org","@graph":[{"@type":"Article","@id":"https:\/\/www.smedemokrati.sk\/vlada-roberta-fica-opat-zradza-zaujmy-slovenska\/#article","isPartOf":{"@id":"https:\/\/www.smedemokrati.sk\/vlada-roberta-fica-opat-zradza-zaujmy-slovenska\/"},"author":{"name":"miro.sopko","@id":"https:\/\/www.smedemokrati.sk\/#\/schema\/person\/21f147c88d605aa7ded900e1e7c344ba"},"headline":"Vl\u00e1da Roberta Fica op\u00e4\u0165 zr\u00e1dza z\u00e1ujmy Slovenska","datePublished":"2024-05-01T11:20:55+00:00","dateModified":"2024-05-07T12:51:25+00:00","mainEntityOfPage":{"@id":"https:\/\/www.smedemokrati.sk\/vlada-roberta-fica-opat-zradza-zaujmy-slovenska\/"},"wordCount":356,"publisher":{"@id":"https:\/\/www.smedemokrati.sk\/#organization"},"image":{"@id":"https:\/\/www.smedemokrati.sk\/vlada-roberta-fica-opat-zradza-zaujmy-slovenska\/#primaryimage"},"thumbnailUrl":"https:\/\/www.smedemokrati.sk\/wp-content\/uploads\/2024\/05\/Kalinak.jpg","articleSection":["Tla\u010dov\u00e9 spr\u00e1vy"],"inLanguage":"sv-SE"},{"@type":"WebPage","@id":"https:\/\/www.smedemokrati.sk\/vlada-roberta-fica-opat-zradza-zaujmy-slovenska\/","url":"https:\/\/www.smedemokrati.sk\/vlada-roberta-fica-opat-zradza-zaujmy-slovenska\/","name":"Vl\u00e1da Roberta Fica op\u00e4\u0165 zr\u00e1dza z\u00e1ujmy Slovenska","isPartOf":{"@id":"https:\/\/www.smedemokrati.sk\/#website"},"primaryImageOfPage":{"@id":"https:\/\/www.smedemokrati.sk\/vlada-roberta-fica-opat-zradza-zaujmy-slovenska\/#primaryimage"},"image":{"@id":"https:\/\/www.smedemokrati.sk\/vlada-roberta-fica-opat-zradza-zaujmy-slovenska\/#primaryimage"},"thumbnailUrl":"https:\/\/www.smedemokrati.sk\/wp-content\/uploads\/2024\/05\/Kalinak.jpg","datePublished":"2024-05-01T11:20:55+00:00","dateModified":"2024-05-07T12:51:25+00:00","breadcrumb":{"@id":"https:\/\/www.smedemokrati.sk\/vlada-roberta-fica-opat-zradza-zaujmy-slovenska\/#breadcrumb"},"inLanguage":"sv-SE","potentialAction":[{"@type":"ReadAction","target":["https:\/\/www.smedemokrati.sk\/vlada-roberta-fica-opat-zradza-zaujmy-slovenska\/"]}]},{"@type":"ImageObject","inLanguage":"sv-SE","@id":"https:\/\/www.smedemokrati.sk\/vlada-roberta-fica-opat-zradza-zaujmy-slovenska\/#primaryimage","url":"https:\/\/www.smedemokrati.sk\/wp-content\/uploads\/2024\/05\/Kalinak.jpg","contentUrl":"https:\/\/www.smedemokrati.sk\/wp-content\/uploads\/2024\/05\/Kalinak.jpg","width":1813,"height":879},{"@type":"BreadcrumbList","@id":"https:\/\/www.smedemokrati.sk\/vlada-roberta-fica-opat-zradza-zaujmy-slovenska\/#breadcrumb","itemListElement":[{"@type":"ListItem","position":1,"name":"Domovsk\u00e1 str\u00e1nka","item":"https:\/\/www.smedemokrati.sk\/"},{"@type":"ListItem","position":2,"name":"Vl\u00e1da Roberta Fica op\u00e4\u0165 zr\u00e1dza z\u00e1ujmy Slovenska"}]},{"@type":"WebSite","@id":"https:\/\/www.smedemokrati.sk\/#website","url":"https:\/\/www.smedemokrati.sk\/","name":"Smedemokrati.sk","description":"Demokracia a slu\u0161nos\u0165 zv\u00ed\u0165az\u00ed","publisher":{"@id":"https:\/\/www.smedemokrati.sk\/#organization"},"potentialAction":[{"@type":"SearchAction","target":{"@type":"EntryPoint","urlTemplate":"https:\/\/www.smedemokrati.sk\/?s={search_term_string}"},"query-input":{"@type":"PropertyValueSpecification","valueRequired":true,"valueName":"search_term_string"}}],"inLanguage":"sv-SE"},{"@type":"Organization","@id":"https:\/\/www.smedemokrati.sk\/#organization","name":"Smedemokrati.sk","url":"https:\/\/www.smedemokrati.sk\/","logo":{"@type":"ImageObject","inLanguage":"sv-SE","@id":"https:\/\/www.smedemokrati.sk\/#\/schema\/logo\/image\/","url":"https:\/\/www.smedemokrati.sk\/wp-content\/uploads\/2023\/04\/ff.002.jpeg","contentUrl":"https:\/\/www.smedemokrati.sk\/wp-content\/uploads\/2023\/04\/ff.002.jpeg","width":640,"height":480,"caption":"Smedemokrati.sk"},"image":{"@id":"https:\/\/www.smedemokrati.sk\/#\/schema\/logo\/image\/"},"sameAs":["https:\/\/www.facebook.com\/smedemokrati2023"]},{"@type":"Person","@id":"https:\/\/www.smedemokrati.sk\/#\/schema\/person\/21f147c88d605aa7ded900e1e7c344ba","name":"miro.sopko","image":{"@type":"ImageObject","inLanguage":"sv-SE","@id":"https:\/\/secure.gravatar.com\/avatar\/267e4a36f704376c109afe3a78740c1f5dd8675a2180a908699e7863c9247606?s=96&d=mm&r=g","url":"https:\/\/secure.gravatar.com\/avatar\/267e4a36f704376c109afe3a78740c1f5dd8675a2180a908699e7863c9247606?s=96&d=mm&r=g","contentUrl":"https:\/\/secure.gravatar.com\/avatar\/267e4a36f704376c109afe3a78740c1f5dd8675a2180a908699e7863c9247606?s=96&d=mm&r=g","caption":"miro.sopko"},"url":"https:\/\/www.smedemokrati.sk\/sv\/author\/miro-sopko\/"}]}},"_links":{"self":[{"href":"https:\/\/www.smedemokrati.sk\/sv\/wp-json\/wp\/v2\/posts\/4028","targetHints":{"allow":["GET"]}}],"collection":[{"href":"https:\/\/www.smedemokrati.sk\/sv\/wp-json\/wp\/v2\/posts"}],"about":[{"href":"https:\/\/www.smedemokrati.sk\/sv\/wp-json\/wp\/v2\/types\/post"}],"author":[{"embeddable":true,"href":"https:\/\/www.smedemokrati.sk\/sv\/wp-json\/wp\/v2\/users\/13"}],"replies":[{"embeddable":true,"href":"https:\/\/www.smedemokrati.sk\/sv\/wp-json\/wp\/v2\/comments?post=4028"}],"version-history":[{"count":1,"href":"https:\/\/www.smedemokrati.sk\/sv\/wp-json\/wp\/v2\/posts\/4028\/revisions"}],"predecessor-version":[{"id":4030,"href":"https:\/\/www.smedemokrati.sk\/sv\/wp-json\/wp\/v2\/posts\/4028\/revisions\/4030"}],"wp:featuredmedia":[{"embeddable":true,"href":"https:\/\/www.smedemokrati.sk\/sv\/wp-json\/wp\/v2\/media\/4029"}],"wp:attachment":[{"href":"https:\/\/www.smedemokrati.sk\/sv\/wp-json\/wp\/v2\/media?parent=4028"}],"wp:term":[{"taxonomy":"category","embeddable":true,"href":"https:\/\/www.smedemokrati.sk\/sv\/wp-json\/wp\/v2\/categories?post=4028"},{"taxonomy":"post_tag","embeddable":true,"href":"https:\/\/www.smedemokrati.sk\/sv\/wp-json\/wp\/v2\/tags?post=4028"}],"curies":[{"name":"wp","href":"https:\/\/api.w.org\/{rel}","templated":true}]}}