{"id":4025,"date":"2024-05-01T10:38:16","date_gmt":"2024-05-01T09:38:16","guid":{"rendered":"https:\/\/www.smedemokrati.sk\/?p=4025"},"modified":"2024-05-02T13:21:35","modified_gmt":"2024-05-02T12:21:35","slug":"clenstvo-slovenska-v-eu-je-nasim-zivotnym-zaujmom","status":"publish","type":"post","link":"https:\/\/www.smedemokrati.sk\/sv\/clenstvo-slovenska-v-eu-je-nasim-zivotnym-zaujmom\/","title":{"rendered":"\u010clenstvo Slovenska v\u00a0E\u00da je na\u0161im \u017eivotn\u00fdm z\u00e1ujmom"},"content":{"rendered":"<div id=\"fb-root\"><\/div>\n\n<p><strong>Alternat\u00edva vo\u010di Eur\u00f3pskej \u00fanii neexistuje. Je to \u00faspe\u0161n\u00fd projekt, z ktor\u00e9ho ako krajina v\u00fdrazne profitujeme. Pri pr\u00edle\u017eitosti 20. v\u00fdro\u010dia vstupu Slovenska do E\u00da Demokrati v\u0161ak upozor\u0148uj\u00fa, \u017ee ak s\u00fa\u010dasn\u00e1 vl\u00e1da neprestane so svojimi \u0161kodliv\u00fdmi rozhodnutiami, budeme \u010deli\u0165 ekonomickej a reputa\u010dnej katastrofe.<\/strong><\/p>\n\n\n\n<p><em><strong>\u201e<\/strong>\u010clenstvo Slovenska v\u00a0Eur\u00f3pskej \u00fanii je \u00faspe\u0161n\u00fdm projektom. U\u017e 20 rokov je to n\u00e1\u0161 \u017eivotn\u00fd priestor, ktor\u00fd nem\u00e1 \u017eiadnu alternat\u00edvu, bodka. V\u0161etky hlasy a\u00a0kroky, ktor\u00e9 oslabuj\u00fa na\u0161e \u010dlenstvo alebo n\u00e1s \u0165ahaj\u00fa mimo Eur\u00f3psku \u00faniu s\u00fa proti na\u0161im z\u00e1ujmom a\u00a0proti tomu, z \u010doho na\u0161i ob\u010dania benefituj\u00fa.<strong>\u201c<\/strong><\/em><strong>\u00a0<\/strong>Hovor\u00ed Jaroslav Na\u010f, predseda strany Demokrati a\u00a0b\u00fdval\u00fd minister obrany SR.<\/p>\n\n\n\n<p><strong><em>\u201eNesmieme v\u0161ak zaspa\u0165 na vavr\u00ednoch. Slovensko a\u00a0cel\u00e1 E\u00da \u010del\u00ed bezprecedentn\u00fdm \u00fatokom, z\u00a0vn\u00fatra s\u00fa to populisti a\u00a0extr\u00e9misti, ktor\u00ed chc\u00fa \u00faniu rozlo\u017ei\u0165. Miesto spolupr\u00e1ce, h\u013eadania a\u00a0budovania mostov st\u00e1le vytv\u00e1raj\u00fa nap\u00e4tie a\u00a0konflikt medzi jednotliv\u00fdmi \u0161t\u00e1tmi. \u00dania vznikla na my\u0161lienke mieru a\u00a0spolupr\u00e1ce, a\u00a0to m\u00e1me podporova\u0165. Nie rozb\u00edja\u0165. Hlavn\u00e1 my\u0161lienka Eur\u00f3pskej \u00fanie je slobodn\u00fd pohyb os\u00f4b, tovaru a\u00a0slu\u017eieb, to v\u0161etko za \u00fa\u010delom spolupr\u00e1ce. Brusel nesmie bra\u0165 \u0161t\u00e1tom ich v\u00fdsostn\u00e9 pr\u00e1vomoci, preto\u017ee to potom vytv\u00e1ra nap\u00e4tie a\u00a0oslabuje cel\u00fd eur\u00f3psky projekt.\u201c<\/em>\u00a0<\/strong>Vysvet\u013euje Jaroslav Na\u010f.<\/p>\n\n\n\n<p><em><strong>\u201e<\/strong>A z\u00a0vonku na n\u00e1s \u00fato\u010d\u00ed Rusko, \u010c\u00edna a\u00a0\u010fal\u0161ie krajiny, ktor\u00fdch z\u00e1ujmom je oslabi\u0165 Eur\u00f3psku \u00faniu. Hybridn\u00e9 \u00fatoky, obchodn\u00e1 vojna, snaha oslabi\u0165 demokratick\u00e9 in\u0161tit\u00facie, snaha ovl\u00e1dnu\u0165 m\u00e9di\u00e1 a\u00a0v neposlednom rade, agres\u00edvny \u00fatok na Ukrajinu, to v\u0161etko je snaha za\u00fato\u010di\u0165 a\u00a0zmeni\u0165 n\u00e1\u0161 pokojn\u00fd eur\u00f3psky sp\u00f4sob \u017eivota.\u00a0<strong>Ak sa \u00fania nebude br\u00e1ni\u0165, akt\u00edvne a\u00a0sebavedomo, tak m\u00f4\u017eeme o\u00a0n\u00e1\u0161 pokoj a\u00a0mier pr\u00eds\u0165. V\u0161etci t\u00ed, ktor\u00ed n\u00e1m chce zobra\u0165 tieto hodnoty musia vedie\u0165, \u017ee nebudeme pas\u00edvni, naopak, \u017ee neust\u00fapime a\u00a0na\u0161u slobodu, demokraciu budeme spolo\u010dne br\u00e1ni\u0165.\u201c<\/strong><\/em><strong>\u00a0<\/strong>hovor\u00ed predseda strany Demokrati Jaroslav Na\u010f.<\/p>\n\n\n\n<p>Pri pr\u00edle\u017eitosti 20. v\u00fdro\u010dia vstup Slovenska do Eur\u00f3pskej \u00fanie je v\u0161ak pod\u013ea expremi\u00e9ra Eduarda Hegera d\u00f4le\u017eit\u00e9 otvorene hovori\u0165 aj o zhor\u0161en\u00fdch vz\u0165ahoch s na\u0161imi k\u013e\u00fa\u010dov\u00fdmi partnermi. Tie s\u00fa pod\u013ea Hegera najhor\u0161ie za cel\u00e9 obdobie n\u00e1\u0161ho \u010dlenstva v \u0161trukt\u00farach a je na mieste ot\u00e1zka, do kedy m\u00f4\u017eu ostatn\u00e9 \u010dlensk\u00e9 krajiny tolerova\u0165 konanie slovenskej vl\u00e1dy a\u00a0jej predsedu Roberta Fica: <em><em><strong>\u201e<\/strong><\/em>Som v pravidelnom kontakte s najvy\u0161\u0161\u00edmi predstavite\u013emi Eur\u00f3pskej \u00fanie a poviem to takto, bu\u010f zatiahne ru\u010dn\u00fa brdu Robert Fico, alebo to urob\u00ed Eur\u00f3pska komisia. V tom druhom pr\u00edpade to bude ale bolie\u0165 ka\u017ed\u00e9ho ob\u010dana Slovenskej republiky. V tomto programovacom obdob\u00ed, dost\u00e1vame 13 mili\u00e1rd v eurofondoch, 6 mili\u00e1rd z Pl\u00e1nu obnovy a 6 mili\u00e1rd n\u00e1m d\u00e1va Eur\u00f3pska \u00fania cez P\u00f4dohospod\u00e1rsku platobn\u00fa agent\u00faru na farm\u00e1rov. Je preto pochopite\u013en\u00e9, \u017ee \u010dlensk\u00e9 krajiny, ktor\u00e9 n\u00e1m takto prispievaj\u00fa, chc\u00fa svoje financie ochr\u00e1ni\u0165.\u00a0<strong>Vl\u00e1da Roberta Fica by sa mala spam\u00e4ta\u0165 a\u00a0presta\u0165 robi\u0165 Slovensku hanbu a\u00a0oslabova\u0165 na\u0161e \u010dlenstvo v\u00a0Eur\u00f3pskej \u00fanii.<\/strong>\u201d<\/em><\/p>\n\n\n\n<p>V tomto kontexte sa k t\u00e9me prip\u00e1ja aj podpredseda strany Juraj \u0160eliga, ktor\u00fd hovor\u00ed, \u017ee spravodlivos\u0165 a vymo\u017eite\u013enos\u0165 pr\u00e1va s\u00fa z\u00e1kladn\u00e9 prvky na ktor\u00fdch Eur\u00f3pska \u00fania stoj\u00ed. <em>\u201eBez spravodlivosti, bez ochrany pr\u00e1vneho \u0161t\u00e1tu, bez toho, aby z\u00e1kon platil pre v\u0161etk\u00fdch rovnako v\u00a0celej 27-ke sa Eur\u00f3pska \u00fania zr\u00fati. Nikto nechce, aby sa peniaze rozkr\u00e1dali, naopak v\u0161etci chceme, aby peniaze, ktor\u00e9 prich\u00e1dzaj\u00fa aj z\u00a0Eur\u00f3pskej \u00fanie boli vyu\u017e\u00edvan\u00e9 efekt\u00edvne a\u00a0v\u00a0prospech na\u0161ich ob\u010danov. Preto tak\u00fd tlak na funguj\u00facu prokurat\u00faru, s\u00fady a\u00a0pol\u00edciu. Preto tak\u00fd z\u00e1ujem o\u00a0slobodn\u00e9 m\u00e9di\u00e1, ktor\u00e9 nie s\u00fa pod \u00fatokom vl\u00e1dy. Ak Slovensko neprestane robi\u0165 kroky, ktor\u00e9 oslabuj\u00fa spravodlivos\u0165 a slobodu, tak pr\u00eddeme o\u00a0peniaze z\u00a0eurofondov. Pre\u010do? Preto\u017ee nemeck\u00fd alebo holandsk\u00fd da\u0148ov\u00fd poplatn\u00edk chce ma\u0165 istotu, \u017ee jeho peniaze, ktor\u00e9 k\u00a0n\u00e1m posiela prostredn\u00edctvom eur\u00f3pskych pe\u0148az\u00ed nebud\u00fa rozkradnut\u00e9. A\u00a0to garantuj\u00fa nez\u00e1visl\u00e9 s\u00fady, prokurat\u00fara a\u00a0pol\u00edcia. Sledova\u0165 to pom\u00e1haj\u00fa slobodn\u00e9 m\u00e9dia a\u00a0ob\u010dianska spolo\u010dnos\u0165.\u00a0<strong>Preto aj pri 20. v\u00fdro\u010d\u00ed vstupu Slovenska do Eur\u00f3pskej \u00fanie vyz\u00fdvam vl\u00e1du, aby prestala \u00fato\u010di\u0165 na nez\u00e1visl\u00e9 s\u00fady, slu\u0161n\u00fdch prokur\u00e1torov a\u00a0policajtov a\u00a0nechala m\u00e9di\u00e1 v\u00a0pokoji pracova\u0165. My chceme by\u0165 v\u00a0Eur\u00f3pskej \u00fanii a\u00a0nechceme by\u0165 op\u00e4\u0165 \u010dierna diera Eur\u00f3py,<\/strong>\u201c<\/em> uzatv\u00e1ra Juraj \u0160eliga, podpredseda strany Demokrati.\u00a0<\/p>\n\n\n\n<iframe src=\"https:\/\/www.facebook.com\/plugins\/video.php?href=https%3A%2F%2Fwww.facebook.com%2Fsmedemokrati2023%2Fvideos%2F952975712947826%2F&#038;width=600&#038;show_text=false&#038;appId=361313990972954&#038;height=1067\" width=\"600\" height=\"1067\" style=\"border:none;overflow:hidden\" scrolling=\"no\" frameborder=\"0\" allowfullscreen=\"true\" allow=\"autoplay; clipboard-write; encrypted-media; picture-in-picture; web-share\" allowFullScreen=\"true\"><\/iframe>\n","protected":false},"excerpt":{"rendered":"<p>Alternat\u00edva vo\u010di Eur\u00f3pskej \u00fanii neexistuje. Je to \u00faspe\u0161n\u00fd projekt, z ktor\u00e9ho ako krajina v\u00fdrazne profitujeme. Pri pr\u00edle\u017eitosti 20. v\u00fdro\u010dia vstupu Slovenska do E\u00da Demokrati v\u0161ak upozor\u0148uj\u00fa, \u017ee ak s\u00fa\u010dasn\u00e1 vl\u00e1da neprestane so svojimi \u0161kodliv\u00fdmi rozhodnutiami, budeme \u010deli\u0165 ekonomickej a reputa\u010dnej katastrofe. \u201e\u010clenstvo Slovenska v\u00a0Eur\u00f3pskej \u00fanii je \u00faspe\u0161n\u00fdm projektom. U\u017e 20 rokov je to n\u00e1\u0161 \u017eivotn\u00fd [&hellip;]<\/p>\n","protected":false},"author":13,"featured_media":3007,"comment_status":"closed","ping_status":"closed","sticky":false,"template":"","format":"standard","meta":{"_acf_changed":false,"ngg_post_thumbnail":0,"footnotes":""},"categories":[4],"tags":[],"class_list":["post-4025","post","type-post","status-publish","format-standard","has-post-thumbnail","hentry","category-tlacove-spravy"],"acf":[],"yoast_head":"<!-- This site is optimized with the Yoast SEO plugin v27.2 - https:\/\/yoast.com\/product\/yoast-seo-wordpress\/ -->\n<title>\u010clenstvo Slovenska v\u00a0E\u00da je na\u0161im \u017eivotn\u00fdm z\u00e1ujmom<\/title>\n<meta name=\"robots\" content=\"index, follow, max-snippet:-1, max-image-preview:large, max-video-preview:-1\" \/>\n<link rel=\"canonical\" href=\"https:\/\/www.smedemokrati.sk\/sv\/clenstvo-slovenska-v-eu-je-nasim-zivotnym-zaujmom\/\" \/>\n<meta property=\"og:locale\" content=\"sv_SE\" \/>\n<meta property=\"og:locale:alternate\" content=\"en_US\" \/>\n<meta property=\"og:locale:alternate\" content=\"cs_CZ\" \/>\n<meta property=\"og:locale:alternate\" content=\"hu_HU\" \/>\n<meta property=\"og:locale:alternate\" content=\"sk_SK\" \/>\n<meta property=\"og:type\" content=\"article\" \/>\n<meta property=\"og:title\" content=\"\u010clenstvo Slovenska v\u00a0E\u00da je na\u0161im \u017eivotn\u00fdm z\u00e1ujmom\" \/>\n<meta property=\"og:description\" content=\"Alternat\u00edva vo\u010di Eur\u00f3pskej \u00fanii neexistuje. Je to \u00faspe\u0161n\u00fd projekt, z ktor\u00e9ho ako krajina v\u00fdrazne profitujeme. Pri pr\u00edle\u017eitosti 20. v\u00fdro\u010dia vstupu Slovenska do E\u00da Demokrati v\u0161ak upozor\u0148uj\u00fa, \u017ee ak s\u00fa\u010dasn\u00e1 vl\u00e1da neprestane so svojimi \u0161kodliv\u00fdmi rozhodnutiami, budeme \u010deli\u0165 ekonomickej a reputa\u010dnej katastrofe. \u201e\u010clenstvo Slovenska v\u00a0Eur\u00f3pskej \u00fanii je \u00faspe\u0161n\u00fdm projektom. U\u017e 20 rokov je to n\u00e1\u0161 \u017eivotn\u00fd [&hellip;]\" \/>\n<meta property=\"og:url\" content=\"https:\/\/www.smedemokrati.sk\/sv\/clenstvo-slovenska-v-eu-je-nasim-zivotnym-zaujmom\/\" \/>\n<meta property=\"og:site_name\" content=\"Smedemokrati.sk\" \/>\n<meta property=\"article:publisher\" content=\"https:\/\/www.facebook.com\/smedemokrati2023\" \/>\n<meta property=\"article:published_time\" content=\"2024-05-01T09:38:16+00:00\" \/>\n<meta property=\"article:modified_time\" content=\"2024-05-02T12:21:35+00:00\" \/>\n<meta property=\"og:image\" content=\"https:\/\/www.smedemokrati.sk\/wp-content\/uploads\/2024\/03\/kandidati-eurovolby-2024-e1709982631461.jpg\" \/>\n\t<meta property=\"og:image:width\" content=\"1200\" \/>\n\t<meta property=\"og:image:height\" content=\"590\" \/>\n\t<meta property=\"og:image:type\" content=\"image\/jpeg\" \/>\n<meta name=\"author\" content=\"miro.sopko\" \/>\n<meta name=\"twitter:card\" content=\"summary_large_image\" \/>\n<meta name=\"twitter:label1\" content=\"Skriven av\" \/>\n\t<meta name=\"twitter:data1\" content=\"miro.sopko\" \/>\n\t<meta name=\"twitter:label2\" content=\"Ber\u00e4knad l\u00e4stid\" \/>\n\t<meta name=\"twitter:data2\" content=\"4 minuter\" \/>\n<script type=\"application\/ld+json\" class=\"yoast-schema-graph\">{\"@context\":\"https:\/\/schema.org\",\"@graph\":[{\"@type\":\"Article\",\"@id\":\"https:\/\/www.smedemokrati.sk\/clenstvo-slovenska-v-eu-je-nasim-zivotnym-zaujmom\/#article\",\"isPartOf\":{\"@id\":\"https:\/\/www.smedemokrati.sk\/clenstvo-slovenska-v-eu-je-nasim-zivotnym-zaujmom\/\"},\"author\":{\"name\":\"miro.sopko\",\"@id\":\"https:\/\/www.smedemokrati.sk\/#\/schema\/person\/21f147c88d605aa7ded900e1e7c344ba\"},\"headline\":\"\u010clenstvo Slovenska v\u00a0E\u00da je na\u0161im \u017eivotn\u00fdm z\u00e1ujmom\",\"datePublished\":\"2024-05-01T09:38:16+00:00\",\"dateModified\":\"2024-05-02T12:21:35+00:00\",\"mainEntityOfPage\":{\"@id\":\"https:\/\/www.smedemokrati.sk\/clenstvo-slovenska-v-eu-je-nasim-zivotnym-zaujmom\/\"},\"wordCount\":831,\"publisher\":{\"@id\":\"https:\/\/www.smedemokrati.sk\/#organization\"},\"image\":{\"@id\":\"https:\/\/www.smedemokrati.sk\/clenstvo-slovenska-v-eu-je-nasim-zivotnym-zaujmom\/#primaryimage\"},\"thumbnailUrl\":\"https:\/\/www.smedemokrati.sk\/wp-content\/uploads\/2024\/03\/kandidati-eurovolby-2024-e1709982631461.jpg\",\"articleSection\":[\"Tla\u010dov\u00e9 spr\u00e1vy\"],\"inLanguage\":\"sv-SE\"},{\"@type\":\"WebPage\",\"@id\":\"https:\/\/www.smedemokrati.sk\/clenstvo-slovenska-v-eu-je-nasim-zivotnym-zaujmom\/\",\"url\":\"https:\/\/www.smedemokrati.sk\/clenstvo-slovenska-v-eu-je-nasim-zivotnym-zaujmom\/\",\"name\":\"\u010clenstvo Slovenska v\u00a0E\u00da je na\u0161im \u017eivotn\u00fdm z\u00e1ujmom\",\"isPartOf\":{\"@id\":\"https:\/\/www.smedemokrati.sk\/#website\"},\"primaryImageOfPage\":{\"@id\":\"https:\/\/www.smedemokrati.sk\/clenstvo-slovenska-v-eu-je-nasim-zivotnym-zaujmom\/#primaryimage\"},\"image\":{\"@id\":\"https:\/\/www.smedemokrati.sk\/clenstvo-slovenska-v-eu-je-nasim-zivotnym-zaujmom\/#primaryimage\"},\"thumbnailUrl\":\"https:\/\/www.smedemokrati.sk\/wp-content\/uploads\/2024\/03\/kandidati-eurovolby-2024-e1709982631461.jpg\",\"datePublished\":\"2024-05-01T09:38:16+00:00\",\"dateModified\":\"2024-05-02T12:21:35+00:00\",\"breadcrumb\":{\"@id\":\"https:\/\/www.smedemokrati.sk\/clenstvo-slovenska-v-eu-je-nasim-zivotnym-zaujmom\/#breadcrumb\"},\"inLanguage\":\"sv-SE\",\"potentialAction\":[{\"@type\":\"ReadAction\",\"target\":[\"https:\/\/www.smedemokrati.sk\/clenstvo-slovenska-v-eu-je-nasim-zivotnym-zaujmom\/\"]}]},{\"@type\":\"ImageObject\",\"inLanguage\":\"sv-SE\",\"@id\":\"https:\/\/www.smedemokrati.sk\/clenstvo-slovenska-v-eu-je-nasim-zivotnym-zaujmom\/#primaryimage\",\"url\":\"https:\/\/www.smedemokrati.sk\/wp-content\/uploads\/2024\/03\/kandidati-eurovolby-2024-e1709982631461.jpg\",\"contentUrl\":\"https:\/\/www.smedemokrati.sk\/wp-content\/uploads\/2024\/03\/kandidati-eurovolby-2024-e1709982631461.jpg\",\"width\":1200,\"height\":590},{\"@type\":\"BreadcrumbList\",\"@id\":\"https:\/\/www.smedemokrati.sk\/clenstvo-slovenska-v-eu-je-nasim-zivotnym-zaujmom\/#breadcrumb\",\"itemListElement\":[{\"@type\":\"ListItem\",\"position\":1,\"name\":\"Domovsk\u00e1 str\u00e1nka\",\"item\":\"https:\/\/www.smedemokrati.sk\/\"},{\"@type\":\"ListItem\",\"position\":2,\"name\":\"\u010clenstvo Slovenska v\u00a0E\u00da je na\u0161im \u017eivotn\u00fdm z\u00e1ujmom\"}]},{\"@type\":\"WebSite\",\"@id\":\"https:\/\/www.smedemokrati.sk\/#website\",\"url\":\"https:\/\/www.smedemokrati.sk\/\",\"name\":\"Smedemokrati.sk\",\"description\":\"Demokracia a slu\u0161nos\u0165 zv\u00ed\u0165az\u00ed\",\"publisher\":{\"@id\":\"https:\/\/www.smedemokrati.sk\/#organization\"},\"potentialAction\":[{\"@type\":\"SearchAction\",\"target\":{\"@type\":\"EntryPoint\",\"urlTemplate\":\"https:\/\/www.smedemokrati.sk\/?s={search_term_string}\"},\"query-input\":{\"@type\":\"PropertyValueSpecification\",\"valueRequired\":true,\"valueName\":\"search_term_string\"}}],\"inLanguage\":\"sv-SE\"},{\"@type\":\"Organization\",\"@id\":\"https:\/\/www.smedemokrati.sk\/#organization\",\"name\":\"Smedemokrati.sk\",\"url\":\"https:\/\/www.smedemokrati.sk\/\",\"logo\":{\"@type\":\"ImageObject\",\"inLanguage\":\"sv-SE\",\"@id\":\"https:\/\/www.smedemokrati.sk\/#\/schema\/logo\/image\/\",\"url\":\"https:\/\/www.smedemokrati.sk\/wp-content\/uploads\/2023\/04\/ff.002.jpeg\",\"contentUrl\":\"https:\/\/www.smedemokrati.sk\/wp-content\/uploads\/2023\/04\/ff.002.jpeg\",\"width\":640,\"height\":480,\"caption\":\"Smedemokrati.sk\"},\"image\":{\"@id\":\"https:\/\/www.smedemokrati.sk\/#\/schema\/logo\/image\/\"},\"sameAs\":[\"https:\/\/www.facebook.com\/smedemokrati2023\"]},{\"@type\":\"Person\",\"@id\":\"https:\/\/www.smedemokrati.sk\/#\/schema\/person\/21f147c88d605aa7ded900e1e7c344ba\",\"name\":\"miro.sopko\",\"image\":{\"@type\":\"ImageObject\",\"inLanguage\":\"sv-SE\",\"@id\":\"https:\/\/secure.gravatar.com\/avatar\/267e4a36f704376c109afe3a78740c1f5dd8675a2180a908699e7863c9247606?s=96&d=mm&r=g\",\"url\":\"https:\/\/secure.gravatar.com\/avatar\/267e4a36f704376c109afe3a78740c1f5dd8675a2180a908699e7863c9247606?s=96&d=mm&r=g\",\"contentUrl\":\"https:\/\/secure.gravatar.com\/avatar\/267e4a36f704376c109afe3a78740c1f5dd8675a2180a908699e7863c9247606?s=96&d=mm&r=g\",\"caption\":\"miro.sopko\"},\"url\":\"https:\/\/www.smedemokrati.sk\/sv\/author\/miro-sopko\/\"}]}<\/script>\n<!-- \/ Yoast SEO plugin. -->","yoast_head_json":{"title":"\u010clenstvo Slovenska v\u00a0E\u00da je na\u0161im \u017eivotn\u00fdm z\u00e1ujmom","robots":{"index":"index","follow":"follow","max-snippet":"max-snippet:-1","max-image-preview":"max-image-preview:large","max-video-preview":"max-video-preview:-1"},"canonical":"https:\/\/www.smedemokrati.sk\/sv\/clenstvo-slovenska-v-eu-je-nasim-zivotnym-zaujmom\/","og_locale":"sv_SE","og_type":"article","og_title":"[:sk]\u010clenstvo Slovenska v\u00a0E\u00da je na\u0161im \u017eivotn\u00fdm z\u00e1ujmom[:] - Smedemokrati.sk","og_description":"Alternat\u00edva vo\u010di Eur\u00f3pskej \u00fanii neexistuje. Je to \u00faspe\u0161n\u00fd projekt, z ktor\u00e9ho ako krajina v\u00fdrazne profitujeme. Pri pr\u00edle\u017eitosti 20. v\u00fdro\u010dia vstupu Slovenska do E\u00da Demokrati v\u0161ak upozor\u0148uj\u00fa, \u017ee ak s\u00fa\u010dasn\u00e1 vl\u00e1da neprestane so svojimi \u0161kodliv\u00fdmi rozhodnutiami, budeme \u010deli\u0165 ekonomickej a reputa\u010dnej katastrofe. \u201e\u010clenstvo Slovenska v\u00a0Eur\u00f3pskej \u00fanii je \u00faspe\u0161n\u00fdm projektom. U\u017e 20 rokov je to n\u00e1\u0161 \u017eivotn\u00fd [&hellip;]","og_url":"https:\/\/www.smedemokrati.sk\/sv\/clenstvo-slovenska-v-eu-je-nasim-zivotnym-zaujmom\/","og_site_name":"Smedemokrati.sk","article_publisher":"https:\/\/www.facebook.com\/smedemokrati2023","article_published_time":"2024-05-01T09:38:16+00:00","article_modified_time":"2024-05-02T12:21:35+00:00","og_image":[{"width":1200,"height":590,"url":"https:\/\/www.smedemokrati.sk\/wp-content\/uploads\/2024\/03\/kandidati-eurovolby-2024-e1709982631461.jpg","type":"image\/jpeg"}],"author":"miro.sopko","twitter_card":"summary_large_image","twitter_misc":{"Skriven av":"miro.sopko","Ber\u00e4knad l\u00e4stid":"4 minuter"},"schema":{"@context":"https:\/\/schema.org","@graph":[{"@type":"Article","@id":"https:\/\/www.smedemokrati.sk\/clenstvo-slovenska-v-eu-je-nasim-zivotnym-zaujmom\/#article","isPartOf":{"@id":"https:\/\/www.smedemokrati.sk\/clenstvo-slovenska-v-eu-je-nasim-zivotnym-zaujmom\/"},"author":{"name":"miro.sopko","@id":"https:\/\/www.smedemokrati.sk\/#\/schema\/person\/21f147c88d605aa7ded900e1e7c344ba"},"headline":"\u010clenstvo Slovenska v\u00a0E\u00da je na\u0161im \u017eivotn\u00fdm z\u00e1ujmom","datePublished":"2024-05-01T09:38:16+00:00","dateModified":"2024-05-02T12:21:35+00:00","mainEntityOfPage":{"@id":"https:\/\/www.smedemokrati.sk\/clenstvo-slovenska-v-eu-je-nasim-zivotnym-zaujmom\/"},"wordCount":831,"publisher":{"@id":"https:\/\/www.smedemokrati.sk\/#organization"},"image":{"@id":"https:\/\/www.smedemokrati.sk\/clenstvo-slovenska-v-eu-je-nasim-zivotnym-zaujmom\/#primaryimage"},"thumbnailUrl":"https:\/\/www.smedemokrati.sk\/wp-content\/uploads\/2024\/03\/kandidati-eurovolby-2024-e1709982631461.jpg","articleSection":["Tla\u010dov\u00e9 spr\u00e1vy"],"inLanguage":"sv-SE"},{"@type":"WebPage","@id":"https:\/\/www.smedemokrati.sk\/clenstvo-slovenska-v-eu-je-nasim-zivotnym-zaujmom\/","url":"https:\/\/www.smedemokrati.sk\/clenstvo-slovenska-v-eu-je-nasim-zivotnym-zaujmom\/","name":"\u010clenstvo Slovenska v\u00a0E\u00da je na\u0161im \u017eivotn\u00fdm z\u00e1ujmom","isPartOf":{"@id":"https:\/\/www.smedemokrati.sk\/#website"},"primaryImageOfPage":{"@id":"https:\/\/www.smedemokrati.sk\/clenstvo-slovenska-v-eu-je-nasim-zivotnym-zaujmom\/#primaryimage"},"image":{"@id":"https:\/\/www.smedemokrati.sk\/clenstvo-slovenska-v-eu-je-nasim-zivotnym-zaujmom\/#primaryimage"},"thumbnailUrl":"https:\/\/www.smedemokrati.sk\/wp-content\/uploads\/2024\/03\/kandidati-eurovolby-2024-e1709982631461.jpg","datePublished":"2024-05-01T09:38:16+00:00","dateModified":"2024-05-02T12:21:35+00:00","breadcrumb":{"@id":"https:\/\/www.smedemokrati.sk\/clenstvo-slovenska-v-eu-je-nasim-zivotnym-zaujmom\/#breadcrumb"},"inLanguage":"sv-SE","potentialAction":[{"@type":"ReadAction","target":["https:\/\/www.smedemokrati.sk\/clenstvo-slovenska-v-eu-je-nasim-zivotnym-zaujmom\/"]}]},{"@type":"ImageObject","inLanguage":"sv-SE","@id":"https:\/\/www.smedemokrati.sk\/clenstvo-slovenska-v-eu-je-nasim-zivotnym-zaujmom\/#primaryimage","url":"https:\/\/www.smedemokrati.sk\/wp-content\/uploads\/2024\/03\/kandidati-eurovolby-2024-e1709982631461.jpg","contentUrl":"https:\/\/www.smedemokrati.sk\/wp-content\/uploads\/2024\/03\/kandidati-eurovolby-2024-e1709982631461.jpg","width":1200,"height":590},{"@type":"BreadcrumbList","@id":"https:\/\/www.smedemokrati.sk\/clenstvo-slovenska-v-eu-je-nasim-zivotnym-zaujmom\/#breadcrumb","itemListElement":[{"@type":"ListItem","position":1,"name":"Domovsk\u00e1 str\u00e1nka","item":"https:\/\/www.smedemokrati.sk\/"},{"@type":"ListItem","position":2,"name":"\u010clenstvo Slovenska v\u00a0E\u00da je na\u0161im \u017eivotn\u00fdm z\u00e1ujmom"}]},{"@type":"WebSite","@id":"https:\/\/www.smedemokrati.sk\/#website","url":"https:\/\/www.smedemokrati.sk\/","name":"Smedemokrati.sk","description":"Demokracia a slu\u0161nos\u0165 zv\u00ed\u0165az\u00ed","publisher":{"@id":"https:\/\/www.smedemokrati.sk\/#organization"},"potentialAction":[{"@type":"SearchAction","target":{"@type":"EntryPoint","urlTemplate":"https:\/\/www.smedemokrati.sk\/?s={search_term_string}"},"query-input":{"@type":"PropertyValueSpecification","valueRequired":true,"valueName":"search_term_string"}}],"inLanguage":"sv-SE"},{"@type":"Organization","@id":"https:\/\/www.smedemokrati.sk\/#organization","name":"Smedemokrati.sk","url":"https:\/\/www.smedemokrati.sk\/","logo":{"@type":"ImageObject","inLanguage":"sv-SE","@id":"https:\/\/www.smedemokrati.sk\/#\/schema\/logo\/image\/","url":"https:\/\/www.smedemokrati.sk\/wp-content\/uploads\/2023\/04\/ff.002.jpeg","contentUrl":"https:\/\/www.smedemokrati.sk\/wp-content\/uploads\/2023\/04\/ff.002.jpeg","width":640,"height":480,"caption":"Smedemokrati.sk"},"image":{"@id":"https:\/\/www.smedemokrati.sk\/#\/schema\/logo\/image\/"},"sameAs":["https:\/\/www.facebook.com\/smedemokrati2023"]},{"@type":"Person","@id":"https:\/\/www.smedemokrati.sk\/#\/schema\/person\/21f147c88d605aa7ded900e1e7c344ba","name":"miro.sopko","image":{"@type":"ImageObject","inLanguage":"sv-SE","@id":"https:\/\/secure.gravatar.com\/avatar\/267e4a36f704376c109afe3a78740c1f5dd8675a2180a908699e7863c9247606?s=96&d=mm&r=g","url":"https:\/\/secure.gravatar.com\/avatar\/267e4a36f704376c109afe3a78740c1f5dd8675a2180a908699e7863c9247606?s=96&d=mm&r=g","contentUrl":"https:\/\/secure.gravatar.com\/avatar\/267e4a36f704376c109afe3a78740c1f5dd8675a2180a908699e7863c9247606?s=96&d=mm&r=g","caption":"miro.sopko"},"url":"https:\/\/www.smedemokrati.sk\/sv\/author\/miro-sopko\/"}]}},"_links":{"self":[{"href":"https:\/\/www.smedemokrati.sk\/sv\/wp-json\/wp\/v2\/posts\/4025","targetHints":{"allow":["GET"]}}],"collection":[{"href":"https:\/\/www.smedemokrati.sk\/sv\/wp-json\/wp\/v2\/posts"}],"about":[{"href":"https:\/\/www.smedemokrati.sk\/sv\/wp-json\/wp\/v2\/types\/post"}],"author":[{"embeddable":true,"href":"https:\/\/www.smedemokrati.sk\/sv\/wp-json\/wp\/v2\/users\/13"}],"replies":[{"embeddable":true,"href":"https:\/\/www.smedemokrati.sk\/sv\/wp-json\/wp\/v2\/comments?post=4025"}],"version-history":[{"count":1,"href":"https:\/\/www.smedemokrati.sk\/sv\/wp-json\/wp\/v2\/posts\/4025\/revisions"}],"predecessor-version":[{"id":4026,"href":"https:\/\/www.smedemokrati.sk\/sv\/wp-json\/wp\/v2\/posts\/4025\/revisions\/4026"}],"wp:featuredmedia":[{"embeddable":true,"href":"https:\/\/www.smedemokrati.sk\/sv\/wp-json\/wp\/v2\/media\/3007"}],"wp:attachment":[{"href":"https:\/\/www.smedemokrati.sk\/sv\/wp-json\/wp\/v2\/media?parent=4025"}],"wp:term":[{"taxonomy":"category","embeddable":true,"href":"https:\/\/www.smedemokrati.sk\/sv\/wp-json\/wp\/v2\/categories?post=4025"},{"taxonomy":"post_tag","embeddable":true,"href":"https:\/\/www.smedemokrati.sk\/sv\/wp-json\/wp\/v2\/tags?post=4025"}],"curies":[{"name":"wp","href":"https:\/\/api.w.org\/{rel}","templated":true}]}}