{"id":3945,"date":"2024-04-24T14:19:27","date_gmt":"2024-04-24T13:19:27","guid":{"rendered":"https:\/\/www.smedemokrati.sk\/?p=3945"},"modified":"2024-05-01T12:21:19","modified_gmt":"2024-05-01T11:21:19","slug":"demokrati-ziadaju-prezidentku-o-vetovanie-zakona-o-mimoriadnych-opatreniach-pre-strategicke-investicie","status":"publish","type":"post","link":"https:\/\/www.smedemokrati.sk\/sv\/demokrati-ziadaju-prezidentku-o-vetovanie-zakona-o-mimoriadnych-opatreniach-pre-strategicke-investicie\/","title":{"rendered":"Demokrati \u017eiadaj\u00fa prezidentku o vetovanie z\u00e1kona o mimoriadnych opatreniach pre strategick\u00e9 invest\u00edcie"},"content":{"rendered":"<div id=\"fb-root\"><\/div>\n\n<p><strong>Strana Demokrati \u017eiada prezidentku Zuzanu \u010caputov\u00fa o vetovanie schv\u00e1len\u00e9ho z\u00e1kona o mimoriadnych opatreniach pre strategick\u00e9 invest\u00edcie. Ak by z\u00e1kon v schv\u00e1lenej podobe nadobudol \u00fa\u010dinnos\u0165, nezvratne by zasiahol do z\u00e1kladn\u00fdch pr\u00e1v obyvate\u013eov a ochrany \u017eivotn\u00e9ho prostredia.<\/strong><\/p>\n\n\n\n<p><em><em><em>\u201e<\/em><\/em>Od predstavenia n\u00e1vrhu z\u00e1kona sme upozor\u0148ovali na jeho obrovsk\u00e9 rizik\u00e1 a zjavn\u00fd rozpor s \u00dastavou SR. Hoci podporujeme ur\u00fdchlenie v\u00fdstavby najm\u00e4 dopravnej infra\u0161trukt\u00fary, nem\u00f4\u017ee sa tak dia\u0165 \u201cbagrom\u201d a na \u00fakor obyvate\u013eov Slovenska. Preto sa s na\u0161imi v\u00fdhradami, ktor\u00e9 neboli vypo\u010dut\u00e9, obraciame na pani prezidentku a \u017eiadame ju, aby uplatnila svoje pr\u00e1vo a z\u00e1kon vr\u00e1tila parlamentu na \u010fal\u0161ie prerokovanie,\u201d<\/em>\u00a0uv\u00e1dza Michal Ki\u010da, \u010dlen predsedn\u00edctva strany Demokrati a expert na pr\u00e1vo \u017eivotn\u00e9ho prostredia.<\/p>\n\n\n\n<p>Z\u00e1kon sa v priebehu legislat\u00edvneho procesu e\u0161te zhor\u0161il. A ak\u00fdch invest\u00edci\u00ed sa bude t\u00fdka\u0165? Nielen dia\u013enic a \u017eelezn\u00edc eur\u00f3pskeho v\u00fdznamu, ale skoro v\u0161etk\u00fdch ciest a vlastne akejko\u013evek invest\u00edcie, ktor\u00fa si zmysl\u00ed \u0161t\u00e1t.\u00a0<em><em><em>\u201e<\/em><\/em>Aj nezmyselnej r\u00fdchlostnej cesty cez N\u00e1rodn\u00fd park N\u00edzke Tatry, ktor\u00fa chce pretla\u010di\u0165 za ak\u00fako\u013evek cenu minister dopravy R\u00e1\u017e. No pokojne to m\u00f4\u017eu by\u0165 aj zbyto\u010dn\u00e9 a megalomansk\u00e9 priehrady, napr\u00edklad t\u00e1 v Slatinke, o ktor\u00fdch opakovanie rozpr\u00e1va minister \u017eivotn\u00e9ho prostredia Taraba. Ten m\u00e1 ur\u010dite z\u00e1lusk aj na spa\u013eovne, o ktor\u00fdch ned\u00e1vno vyhl\u00e1sil, \u017ee ich m\u00e1 stava\u0165 \u0161t\u00e1t,\u201d\u00a0<\/em>dop\u013a\u0148a Michal Ki\u010da.<\/p>\n\n\n\n<p>Z\u00e1kon je nevyv\u00e1\u017een\u00fd v prospech investorov. Ich \u0161tatut\u00e1ri bud\u00fa investorov u\u017e vopred zbaven\u00ed akejko\u013evek zodpovednosti za \u0161kodu, ktor\u00fa m\u00f4\u017eu sp\u00f4sobi\u0165 pri pretl\u00e1\u010dan\u00ed invest\u00edcie \u0161t\u00e1tu alebo tret\u00edm osob\u00e1m, vr\u00e1tane tej trestnopr\u00e1vnej. Tak\u00e9to ustanovenie nem\u00e1 obdobu. Strategick\u00e1 invest\u00edcia bude pod\u013ea Demokratov brut\u00e1lnym mocensk\u00fdm z\u00e1sahom. Investor bude m\u00f4c\u0165 okam\u017eite vstupova\u0165 na pozemky, z\u00edska predkupn\u00e9 pr\u00e1vo, m\u00f4\u017ee vyvlast\u0148ova\u0165 a n\u00e1sledne vyprat\u00e1va\u0165 \u013eud\u00ed v ich obydliach aj bez rozhodnutia s\u00fadu. To v\u0161etko expresne len s n\u00e1rokom na tabu\u013ekov\u00fa n\u00e1hradu.&nbsp;<\/p>\n\n\n\n<p>Mnoh\u00e9 z navrhovan\u00fdch opatren\u00ed u\u017e \u00dastavn\u00fd s\u00fad SR v minulosti ozna\u010dil za proti\u00fastavn\u00e9, \u010do zjavne nere\u0161pektuje vl\u00e1da Roberta Fica. Dopady tak\u00fdchto invest\u00edci\u00ed na \u017eivotn\u00e9 prostredie a zdravie obyvate\u013eov sa bud\u00fa po schv\u00e1len\u00ed sk\u00fama\u0165 len na papieri. Povo\u013eovacie konania bud\u00fa ma\u0165 jedin\u00fd \u00fa\u010del &#8211; \u010do najskor\u0161iu v\u00fdstavbu za ak\u00fako\u013evek cenu.\u00a0<em><em><em>\u201e<\/em><\/em>Ver\u00edme, \u017ee pani prezidentka sa s t\u00fdmito v\u00fdhradami obozn\u00e1mi a zastane sa verejn\u00e9ho z\u00e1ujmu,\u201d<\/em>\u00a0uzavrel Michal Ki\u010da.<\/p>\n","protected":false},"excerpt":{"rendered":"<p>Strana Demokrati \u017eiada prezidentku Zuzanu \u010caputov\u00fa o vetovanie schv\u00e1len\u00e9ho z\u00e1kona o mimoriadnych opatreniach pre strategick\u00e9 invest\u00edcie. Ak by z\u00e1kon v schv\u00e1lenej podobe nadobudol \u00fa\u010dinnos\u0165, nezvratne by zasiahol do z\u00e1kladn\u00fdch pr\u00e1v obyvate\u013eov a ochrany \u017eivotn\u00e9ho prostredia. \u201eOd predstavenia n\u00e1vrhu z\u00e1kona sme upozor\u0148ovali na jeho obrovsk\u00e9 rizik\u00e1 a zjavn\u00fd rozpor s \u00dastavou SR. Hoci podporujeme ur\u00fdchlenie v\u00fdstavby [&hellip;]<\/p>\n","protected":false},"author":13,"featured_media":2486,"comment_status":"closed","ping_status":"closed","sticky":false,"template":"","format":"standard","meta":{"_acf_changed":false,"ngg_post_thumbnail":0,"footnotes":""},"categories":[4],"tags":[],"class_list":["post-3945","post","type-post","status-publish","format-standard","has-post-thumbnail","hentry","category-tlacove-spravy"],"acf":[],"yoast_head":"<!-- This site is optimized with the Yoast SEO plugin v27.2 - https:\/\/yoast.com\/product\/yoast-seo-wordpress\/ -->\n<title>Demokrati \u017eiadaj\u00fa prezidentku o vetovanie z\u00e1kona o mimoriadnych opatreniach pre strategick\u00e9 invest\u00edcie<\/title>\n<meta name=\"robots\" content=\"index, follow, max-snippet:-1, max-image-preview:large, max-video-preview:-1\" \/>\n<link rel=\"canonical\" href=\"https:\/\/www.smedemokrati.sk\/sv\/demokrati-ziadaju-prezidentku-o-vetovanie-zakona-o-mimoriadnych-opatreniach-pre-strategicke-investicie\/\" \/>\n<meta property=\"og:locale\" content=\"sv_SE\" \/>\n<meta property=\"og:locale:alternate\" content=\"en_US\" \/>\n<meta property=\"og:locale:alternate\" content=\"cs_CZ\" \/>\n<meta property=\"og:locale:alternate\" content=\"hu_HU\" \/>\n<meta property=\"og:locale:alternate\" content=\"sk_SK\" \/>\n<meta property=\"og:type\" content=\"article\" \/>\n<meta property=\"og:title\" content=\"Demokrati \u017eiadaj\u00fa prezidentku o vetovanie z\u00e1kona o mimoriadnych opatreniach pre strategick\u00e9 invest\u00edcie\" \/>\n<meta property=\"og:description\" content=\"Strana Demokrati \u017eiada prezidentku Zuzanu \u010caputov\u00fa o vetovanie schv\u00e1len\u00e9ho z\u00e1kona o mimoriadnych opatreniach pre strategick\u00e9 invest\u00edcie. Ak by z\u00e1kon v schv\u00e1lenej podobe nadobudol \u00fa\u010dinnos\u0165, nezvratne by zasiahol do z\u00e1kladn\u00fdch pr\u00e1v obyvate\u013eov a ochrany \u017eivotn\u00e9ho prostredia. \u201eOd predstavenia n\u00e1vrhu z\u00e1kona sme upozor\u0148ovali na jeho obrovsk\u00e9 rizik\u00e1 a zjavn\u00fd rozpor s \u00dastavou SR. Hoci podporujeme ur\u00fdchlenie v\u00fdstavby [&hellip;]\" \/>\n<meta property=\"og:url\" content=\"https:\/\/www.smedemokrati.sk\/sv\/demokrati-ziadaju-prezidentku-o-vetovanie-zakona-o-mimoriadnych-opatreniach-pre-strategicke-investicie\/\" \/>\n<meta property=\"og:site_name\" content=\"Smedemokrati.sk\" \/>\n<meta property=\"article:publisher\" content=\"https:\/\/www.facebook.com\/smedemokrati2023\" \/>\n<meta property=\"article:published_time\" content=\"2024-04-24T13:19:27+00:00\" \/>\n<meta property=\"article:modified_time\" content=\"2024-05-01T11:21:19+00:00\" \/>\n<meta property=\"og:image\" content=\"https:\/\/www.smedemokrati.sk\/wp-content\/uploads\/2024\/01\/Kica.jpg\" \/>\n\t<meta property=\"og:image:width\" content=\"1901\" \/>\n\t<meta property=\"og:image:height\" content=\"1066\" \/>\n\t<meta property=\"og:image:type\" content=\"image\/jpeg\" \/>\n<meta name=\"author\" content=\"miro.sopko\" \/>\n<meta name=\"twitter:card\" content=\"summary_large_image\" \/>\n<meta name=\"twitter:label1\" content=\"Skriven av\" \/>\n\t<meta name=\"twitter:data1\" content=\"miro.sopko\" \/>\n\t<meta name=\"twitter:label2\" content=\"Ber\u00e4knad l\u00e4stid\" \/>\n\t<meta name=\"twitter:data2\" content=\"2 minuter\" \/>\n<script type=\"application\/ld+json\" class=\"yoast-schema-graph\">{\"@context\":\"https:\/\/schema.org\",\"@graph\":[{\"@type\":\"Article\",\"@id\":\"https:\/\/www.smedemokrati.sk\/demokrati-ziadaju-prezidentku-o-vetovanie-zakona-o-mimoriadnych-opatreniach-pre-strategicke-investicie\/#article\",\"isPartOf\":{\"@id\":\"https:\/\/www.smedemokrati.sk\/demokrati-ziadaju-prezidentku-o-vetovanie-zakona-o-mimoriadnych-opatreniach-pre-strategicke-investicie\/\"},\"author\":{\"name\":\"miro.sopko\",\"@id\":\"https:\/\/www.smedemokrati.sk\/#\/schema\/person\/21f147c88d605aa7ded900e1e7c344ba\"},\"headline\":\"Demokrati \u017eiadaj\u00fa prezidentku o vetovanie z\u00e1kona o mimoriadnych opatreniach pre strategick\u00e9 invest\u00edcie\",\"datePublished\":\"2024-04-24T13:19:27+00:00\",\"dateModified\":\"2024-05-01T11:21:19+00:00\",\"mainEntityOfPage\":{\"@id\":\"https:\/\/www.smedemokrati.sk\/demokrati-ziadaju-prezidentku-o-vetovanie-zakona-o-mimoriadnych-opatreniach-pre-strategicke-investicie\/\"},\"wordCount\":479,\"publisher\":{\"@id\":\"https:\/\/www.smedemokrati.sk\/#organization\"},\"image\":{\"@id\":\"https:\/\/www.smedemokrati.sk\/demokrati-ziadaju-prezidentku-o-vetovanie-zakona-o-mimoriadnych-opatreniach-pre-strategicke-investicie\/#primaryimage\"},\"thumbnailUrl\":\"https:\/\/www.smedemokrati.sk\/wp-content\/uploads\/2024\/01\/Kica.jpg\",\"articleSection\":[\"Tla\u010dov\u00e9 spr\u00e1vy\"],\"inLanguage\":\"sv-SE\"},{\"@type\":\"WebPage\",\"@id\":\"https:\/\/www.smedemokrati.sk\/demokrati-ziadaju-prezidentku-o-vetovanie-zakona-o-mimoriadnych-opatreniach-pre-strategicke-investicie\/\",\"url\":\"https:\/\/www.smedemokrati.sk\/demokrati-ziadaju-prezidentku-o-vetovanie-zakona-o-mimoriadnych-opatreniach-pre-strategicke-investicie\/\",\"name\":\"Demokrati \u017eiadaj\u00fa prezidentku o vetovanie z\u00e1kona o mimoriadnych opatreniach pre strategick\u00e9 invest\u00edcie\",\"isPartOf\":{\"@id\":\"https:\/\/www.smedemokrati.sk\/#website\"},\"primaryImageOfPage\":{\"@id\":\"https:\/\/www.smedemokrati.sk\/demokrati-ziadaju-prezidentku-o-vetovanie-zakona-o-mimoriadnych-opatreniach-pre-strategicke-investicie\/#primaryimage\"},\"image\":{\"@id\":\"https:\/\/www.smedemokrati.sk\/demokrati-ziadaju-prezidentku-o-vetovanie-zakona-o-mimoriadnych-opatreniach-pre-strategicke-investicie\/#primaryimage\"},\"thumbnailUrl\":\"https:\/\/www.smedemokrati.sk\/wp-content\/uploads\/2024\/01\/Kica.jpg\",\"datePublished\":\"2024-04-24T13:19:27+00:00\",\"dateModified\":\"2024-05-01T11:21:19+00:00\",\"breadcrumb\":{\"@id\":\"https:\/\/www.smedemokrati.sk\/demokrati-ziadaju-prezidentku-o-vetovanie-zakona-o-mimoriadnych-opatreniach-pre-strategicke-investicie\/#breadcrumb\"},\"inLanguage\":\"sv-SE\",\"potentialAction\":[{\"@type\":\"ReadAction\",\"target\":[\"https:\/\/www.smedemokrati.sk\/demokrati-ziadaju-prezidentku-o-vetovanie-zakona-o-mimoriadnych-opatreniach-pre-strategicke-investicie\/\"]}]},{\"@type\":\"ImageObject\",\"inLanguage\":\"sv-SE\",\"@id\":\"https:\/\/www.smedemokrati.sk\/demokrati-ziadaju-prezidentku-o-vetovanie-zakona-o-mimoriadnych-opatreniach-pre-strategicke-investicie\/#primaryimage\",\"url\":\"https:\/\/www.smedemokrati.sk\/wp-content\/uploads\/2024\/01\/Kica.jpg\",\"contentUrl\":\"https:\/\/www.smedemokrati.sk\/wp-content\/uploads\/2024\/01\/Kica.jpg\",\"width\":1901,\"height\":1066},{\"@type\":\"BreadcrumbList\",\"@id\":\"https:\/\/www.smedemokrati.sk\/demokrati-ziadaju-prezidentku-o-vetovanie-zakona-o-mimoriadnych-opatreniach-pre-strategicke-investicie\/#breadcrumb\",\"itemListElement\":[{\"@type\":\"ListItem\",\"position\":1,\"name\":\"Domovsk\u00e1 str\u00e1nka\",\"item\":\"https:\/\/www.smedemokrati.sk\/\"},{\"@type\":\"ListItem\",\"position\":2,\"name\":\"Demokrati \u017eiadaj\u00fa prezidentku o vetovanie z\u00e1kona o mimoriadnych opatreniach pre strategick\u00e9 invest\u00edcie\"}]},{\"@type\":\"WebSite\",\"@id\":\"https:\/\/www.smedemokrati.sk\/#website\",\"url\":\"https:\/\/www.smedemokrati.sk\/\",\"name\":\"Smedemokrati.sk\",\"description\":\"Demokracia a slu\u0161nos\u0165 zv\u00ed\u0165az\u00ed\",\"publisher\":{\"@id\":\"https:\/\/www.smedemokrati.sk\/#organization\"},\"potentialAction\":[{\"@type\":\"SearchAction\",\"target\":{\"@type\":\"EntryPoint\",\"urlTemplate\":\"https:\/\/www.smedemokrati.sk\/?s={search_term_string}\"},\"query-input\":{\"@type\":\"PropertyValueSpecification\",\"valueRequired\":true,\"valueName\":\"search_term_string\"}}],\"inLanguage\":\"sv-SE\"},{\"@type\":\"Organization\",\"@id\":\"https:\/\/www.smedemokrati.sk\/#organization\",\"name\":\"Smedemokrati.sk\",\"url\":\"https:\/\/www.smedemokrati.sk\/\",\"logo\":{\"@type\":\"ImageObject\",\"inLanguage\":\"sv-SE\",\"@id\":\"https:\/\/www.smedemokrati.sk\/#\/schema\/logo\/image\/\",\"url\":\"https:\/\/www.smedemokrati.sk\/wp-content\/uploads\/2023\/04\/ff.002.jpeg\",\"contentUrl\":\"https:\/\/www.smedemokrati.sk\/wp-content\/uploads\/2023\/04\/ff.002.jpeg\",\"width\":640,\"height\":480,\"caption\":\"Smedemokrati.sk\"},\"image\":{\"@id\":\"https:\/\/www.smedemokrati.sk\/#\/schema\/logo\/image\/\"},\"sameAs\":[\"https:\/\/www.facebook.com\/smedemokrati2023\"]},{\"@type\":\"Person\",\"@id\":\"https:\/\/www.smedemokrati.sk\/#\/schema\/person\/21f147c88d605aa7ded900e1e7c344ba\",\"name\":\"miro.sopko\",\"image\":{\"@type\":\"ImageObject\",\"inLanguage\":\"sv-SE\",\"@id\":\"https:\/\/secure.gravatar.com\/avatar\/267e4a36f704376c109afe3a78740c1f5dd8675a2180a908699e7863c9247606?s=96&d=mm&r=g\",\"url\":\"https:\/\/secure.gravatar.com\/avatar\/267e4a36f704376c109afe3a78740c1f5dd8675a2180a908699e7863c9247606?s=96&d=mm&r=g\",\"contentUrl\":\"https:\/\/secure.gravatar.com\/avatar\/267e4a36f704376c109afe3a78740c1f5dd8675a2180a908699e7863c9247606?s=96&d=mm&r=g\",\"caption\":\"miro.sopko\"},\"url\":\"https:\/\/www.smedemokrati.sk\/sv\/author\/miro-sopko\/\"}]}<\/script>\n<!-- \/ Yoast SEO plugin. -->","yoast_head_json":{"title":"Demokrati \u017eiadaj\u00fa prezidentku o vetovanie z\u00e1kona o mimoriadnych opatreniach pre strategick\u00e9 invest\u00edcie","robots":{"index":"index","follow":"follow","max-snippet":"max-snippet:-1","max-image-preview":"max-image-preview:large","max-video-preview":"max-video-preview:-1"},"canonical":"https:\/\/www.smedemokrati.sk\/sv\/demokrati-ziadaju-prezidentku-o-vetovanie-zakona-o-mimoriadnych-opatreniach-pre-strategicke-investicie\/","og_locale":"sv_SE","og_type":"article","og_title":"[:sk]Demokrati \u017eiadaj\u00fa prezidentku o vetovanie z\u00e1kona o mimoriadnych opatreniach pre strategick\u00e9 invest\u00edcie[:] - Smedemokrati.sk","og_description":"Strana Demokrati \u017eiada prezidentku Zuzanu \u010caputov\u00fa o vetovanie schv\u00e1len\u00e9ho z\u00e1kona o mimoriadnych opatreniach pre strategick\u00e9 invest\u00edcie. Ak by z\u00e1kon v schv\u00e1lenej podobe nadobudol \u00fa\u010dinnos\u0165, nezvratne by zasiahol do z\u00e1kladn\u00fdch pr\u00e1v obyvate\u013eov a ochrany \u017eivotn\u00e9ho prostredia. \u201eOd predstavenia n\u00e1vrhu z\u00e1kona sme upozor\u0148ovali na jeho obrovsk\u00e9 rizik\u00e1 a zjavn\u00fd rozpor s \u00dastavou SR. Hoci podporujeme ur\u00fdchlenie v\u00fdstavby [&hellip;]","og_url":"https:\/\/www.smedemokrati.sk\/sv\/demokrati-ziadaju-prezidentku-o-vetovanie-zakona-o-mimoriadnych-opatreniach-pre-strategicke-investicie\/","og_site_name":"Smedemokrati.sk","article_publisher":"https:\/\/www.facebook.com\/smedemokrati2023","article_published_time":"2024-04-24T13:19:27+00:00","article_modified_time":"2024-05-01T11:21:19+00:00","og_image":[{"width":1901,"height":1066,"url":"https:\/\/www.smedemokrati.sk\/wp-content\/uploads\/2024\/01\/Kica.jpg","type":"image\/jpeg"}],"author":"miro.sopko","twitter_card":"summary_large_image","twitter_misc":{"Skriven av":"miro.sopko","Ber\u00e4knad l\u00e4stid":"2 minuter"},"schema":{"@context":"https:\/\/schema.org","@graph":[{"@type":"Article","@id":"https:\/\/www.smedemokrati.sk\/demokrati-ziadaju-prezidentku-o-vetovanie-zakona-o-mimoriadnych-opatreniach-pre-strategicke-investicie\/#article","isPartOf":{"@id":"https:\/\/www.smedemokrati.sk\/demokrati-ziadaju-prezidentku-o-vetovanie-zakona-o-mimoriadnych-opatreniach-pre-strategicke-investicie\/"},"author":{"name":"miro.sopko","@id":"https:\/\/www.smedemokrati.sk\/#\/schema\/person\/21f147c88d605aa7ded900e1e7c344ba"},"headline":"Demokrati \u017eiadaj\u00fa prezidentku o vetovanie z\u00e1kona o mimoriadnych opatreniach pre strategick\u00e9 invest\u00edcie","datePublished":"2024-04-24T13:19:27+00:00","dateModified":"2024-05-01T11:21:19+00:00","mainEntityOfPage":{"@id":"https:\/\/www.smedemokrati.sk\/demokrati-ziadaju-prezidentku-o-vetovanie-zakona-o-mimoriadnych-opatreniach-pre-strategicke-investicie\/"},"wordCount":479,"publisher":{"@id":"https:\/\/www.smedemokrati.sk\/#organization"},"image":{"@id":"https:\/\/www.smedemokrati.sk\/demokrati-ziadaju-prezidentku-o-vetovanie-zakona-o-mimoriadnych-opatreniach-pre-strategicke-investicie\/#primaryimage"},"thumbnailUrl":"https:\/\/www.smedemokrati.sk\/wp-content\/uploads\/2024\/01\/Kica.jpg","articleSection":["Tla\u010dov\u00e9 spr\u00e1vy"],"inLanguage":"sv-SE"},{"@type":"WebPage","@id":"https:\/\/www.smedemokrati.sk\/demokrati-ziadaju-prezidentku-o-vetovanie-zakona-o-mimoriadnych-opatreniach-pre-strategicke-investicie\/","url":"https:\/\/www.smedemokrati.sk\/demokrati-ziadaju-prezidentku-o-vetovanie-zakona-o-mimoriadnych-opatreniach-pre-strategicke-investicie\/","name":"Demokrati \u017eiadaj\u00fa prezidentku o vetovanie z\u00e1kona o mimoriadnych opatreniach pre strategick\u00e9 invest\u00edcie","isPartOf":{"@id":"https:\/\/www.smedemokrati.sk\/#website"},"primaryImageOfPage":{"@id":"https:\/\/www.smedemokrati.sk\/demokrati-ziadaju-prezidentku-o-vetovanie-zakona-o-mimoriadnych-opatreniach-pre-strategicke-investicie\/#primaryimage"},"image":{"@id":"https:\/\/www.smedemokrati.sk\/demokrati-ziadaju-prezidentku-o-vetovanie-zakona-o-mimoriadnych-opatreniach-pre-strategicke-investicie\/#primaryimage"},"thumbnailUrl":"https:\/\/www.smedemokrati.sk\/wp-content\/uploads\/2024\/01\/Kica.jpg","datePublished":"2024-04-24T13:19:27+00:00","dateModified":"2024-05-01T11:21:19+00:00","breadcrumb":{"@id":"https:\/\/www.smedemokrati.sk\/demokrati-ziadaju-prezidentku-o-vetovanie-zakona-o-mimoriadnych-opatreniach-pre-strategicke-investicie\/#breadcrumb"},"inLanguage":"sv-SE","potentialAction":[{"@type":"ReadAction","target":["https:\/\/www.smedemokrati.sk\/demokrati-ziadaju-prezidentku-o-vetovanie-zakona-o-mimoriadnych-opatreniach-pre-strategicke-investicie\/"]}]},{"@type":"ImageObject","inLanguage":"sv-SE","@id":"https:\/\/www.smedemokrati.sk\/demokrati-ziadaju-prezidentku-o-vetovanie-zakona-o-mimoriadnych-opatreniach-pre-strategicke-investicie\/#primaryimage","url":"https:\/\/www.smedemokrati.sk\/wp-content\/uploads\/2024\/01\/Kica.jpg","contentUrl":"https:\/\/www.smedemokrati.sk\/wp-content\/uploads\/2024\/01\/Kica.jpg","width":1901,"height":1066},{"@type":"BreadcrumbList","@id":"https:\/\/www.smedemokrati.sk\/demokrati-ziadaju-prezidentku-o-vetovanie-zakona-o-mimoriadnych-opatreniach-pre-strategicke-investicie\/#breadcrumb","itemListElement":[{"@type":"ListItem","position":1,"name":"Domovsk\u00e1 str\u00e1nka","item":"https:\/\/www.smedemokrati.sk\/"},{"@type":"ListItem","position":2,"name":"Demokrati \u017eiadaj\u00fa prezidentku o vetovanie z\u00e1kona o mimoriadnych opatreniach pre strategick\u00e9 invest\u00edcie"}]},{"@type":"WebSite","@id":"https:\/\/www.smedemokrati.sk\/#website","url":"https:\/\/www.smedemokrati.sk\/","name":"Smedemokrati.sk","description":"Demokracia a slu\u0161nos\u0165 zv\u00ed\u0165az\u00ed","publisher":{"@id":"https:\/\/www.smedemokrati.sk\/#organization"},"potentialAction":[{"@type":"SearchAction","target":{"@type":"EntryPoint","urlTemplate":"https:\/\/www.smedemokrati.sk\/?s={search_term_string}"},"query-input":{"@type":"PropertyValueSpecification","valueRequired":true,"valueName":"search_term_string"}}],"inLanguage":"sv-SE"},{"@type":"Organization","@id":"https:\/\/www.smedemokrati.sk\/#organization","name":"Smedemokrati.sk","url":"https:\/\/www.smedemokrati.sk\/","logo":{"@type":"ImageObject","inLanguage":"sv-SE","@id":"https:\/\/www.smedemokrati.sk\/#\/schema\/logo\/image\/","url":"https:\/\/www.smedemokrati.sk\/wp-content\/uploads\/2023\/04\/ff.002.jpeg","contentUrl":"https:\/\/www.smedemokrati.sk\/wp-content\/uploads\/2023\/04\/ff.002.jpeg","width":640,"height":480,"caption":"Smedemokrati.sk"},"image":{"@id":"https:\/\/www.smedemokrati.sk\/#\/schema\/logo\/image\/"},"sameAs":["https:\/\/www.facebook.com\/smedemokrati2023"]},{"@type":"Person","@id":"https:\/\/www.smedemokrati.sk\/#\/schema\/person\/21f147c88d605aa7ded900e1e7c344ba","name":"miro.sopko","image":{"@type":"ImageObject","inLanguage":"sv-SE","@id":"https:\/\/secure.gravatar.com\/avatar\/267e4a36f704376c109afe3a78740c1f5dd8675a2180a908699e7863c9247606?s=96&d=mm&r=g","url":"https:\/\/secure.gravatar.com\/avatar\/267e4a36f704376c109afe3a78740c1f5dd8675a2180a908699e7863c9247606?s=96&d=mm&r=g","contentUrl":"https:\/\/secure.gravatar.com\/avatar\/267e4a36f704376c109afe3a78740c1f5dd8675a2180a908699e7863c9247606?s=96&d=mm&r=g","caption":"miro.sopko"},"url":"https:\/\/www.smedemokrati.sk\/sv\/author\/miro-sopko\/"}]}},"_links":{"self":[{"href":"https:\/\/www.smedemokrati.sk\/sv\/wp-json\/wp\/v2\/posts\/3945","targetHints":{"allow":["GET"]}}],"collection":[{"href":"https:\/\/www.smedemokrati.sk\/sv\/wp-json\/wp\/v2\/posts"}],"about":[{"href":"https:\/\/www.smedemokrati.sk\/sv\/wp-json\/wp\/v2\/types\/post"}],"author":[{"embeddable":true,"href":"https:\/\/www.smedemokrati.sk\/sv\/wp-json\/wp\/v2\/users\/13"}],"replies":[{"embeddable":true,"href":"https:\/\/www.smedemokrati.sk\/sv\/wp-json\/wp\/v2\/comments?post=3945"}],"version-history":[{"count":1,"href":"https:\/\/www.smedemokrati.sk\/sv\/wp-json\/wp\/v2\/posts\/3945\/revisions"}],"predecessor-version":[{"id":3947,"href":"https:\/\/www.smedemokrati.sk\/sv\/wp-json\/wp\/v2\/posts\/3945\/revisions\/3947"}],"wp:featuredmedia":[{"embeddable":true,"href":"https:\/\/www.smedemokrati.sk\/sv\/wp-json\/wp\/v2\/media\/2486"}],"wp:attachment":[{"href":"https:\/\/www.smedemokrati.sk\/sv\/wp-json\/wp\/v2\/media?parent=3945"}],"wp:term":[{"taxonomy":"category","embeddable":true,"href":"https:\/\/www.smedemokrati.sk\/sv\/wp-json\/wp\/v2\/categories?post=3945"},{"taxonomy":"post_tag","embeddable":true,"href":"https:\/\/www.smedemokrati.sk\/sv\/wp-json\/wp\/v2\/tags?post=3945"}],"curies":[{"name":"wp","href":"https:\/\/api.w.org\/{rel}","templated":true}]}}