{"id":3926,"date":"2024-04-23T15:28:54","date_gmt":"2024-04-23T14:28:54","guid":{"rendered":"https:\/\/www.smedemokrati.sk\/?p=3926"},"modified":"2024-04-29T11:59:05","modified_gmt":"2024-04-29T10:59:05","slug":"snaha-o-ovladnutie-rtvs-pokracuje-simkovicova-porusuje-legislativne-pravidla","status":"publish","type":"post","link":"https:\/\/www.smedemokrati.sk\/sv\/snaha-o-ovladnutie-rtvs-pokracuje-simkovicova-porusuje-legislativne-pravidla\/","title":{"rendered":"Snaha o ovl\u00e1dnutie RTVS pokra\u010duje, \u0160imkovi\u010dov\u00e1 poru\u0161uje legislat\u00edvne pravidl\u00e1"},"content":{"rendered":"<div id=\"fb-root\"><\/div>\n\n<p><strong>Legislat\u00edvna rada vl\u00e1dy odobrila n\u00e1vrh z\u00e1kona o Slovenskej telev\u00edzii a rozhlase. Ministerka kult\u00fary Martina \u0160imkovi\u010dov\u00e1 a minister spravodlivosti Boris Susko, ktor\u00fd predsed\u00e1 aj Legislat\u00edvnej rade, poru\u0161ili z\u00e1v\u00e4zn\u00e9 legislat\u00edvne pravidl\u00e1 vl\u00e1dy, predkladate\u013eov hromadn\u00fdch pripomienok neobozn\u00e1mili s ich vyhodnoten\u00edm.<\/strong><\/p>\n\n\n\n<p><em>\u201eVo svojej praxi, a to som u\u017e predkladal na Legislat\u00edvnu radu vl\u00e1dy desiatky materi\u00e1lov, som sa s tak\u00fdmto ignorovan\u00edm pravidiel e\u0161te nestretol,\u201c<\/em> kon\u0161tatuje Michal Ki\u010da. Upozor\u0148uje, \u017ee nielen Demokrati, ale aj ob\u010dianska verejnos\u0165 predlo\u017eili viacer\u00e9 hromadn\u00e9 pripomienky v snahe dom\u00f4c\u0165 sa \u00fapravy n\u00e1vrhu z\u00e1kona. <em>\u201eAj ke\u010f im ministerka \u0160imkovi\u010dov\u00e1 nemusela vyhovie\u0165, jej povinnos\u0165ou bolo obozn\u00e1mi\u0165 n\u00e1s s ich vyhodnoten\u00edm. Neurobila to. Predkladatelia uviedli, \u017ee vyhodnotenie bude s\u00fa\u010das\u0165ou materi\u00e1lu, ktor\u00fd predlo\u017eia na rokovanie Legislat\u00edvnej rady. Ani to sa nestalo,\u201c<\/em> dod\u00e1va Michal Ki\u010da. <\/p>\n\n\n\n<p>Ministerka \u0160imkovi\u010dov\u00e1 tak poru\u0161uje pravidl\u00e1 vl\u00e1dy o tvorbe pr\u00e1vnych predpisov, ktor\u00e9 s\u00fa pre predkladate\u013ea z\u00e1v\u00e4zn\u00e9. S\u00fa\u010das\u0165ou n\u00e1vrhu z\u00e1kona predlo\u017een\u00e9ho na rokovanie Legislat\u00edvnej rady toti\u017e mus\u00ed by\u0165 aj vyhl\u00e1senie predkladate\u013ea o rozporoch a vyhodnotenie pripomienok. Tento nedostatok br\u00e1ni leg\u00e1lnemu pokra\u010dovaniu schva\u013eovania n\u00e1vrhu z\u00e1kona. B\u00fdval\u00fd predseda V\u00fdboru pre kult\u00faru a m\u00e9di\u00e1 NR SR Kristi\u00e1n \u010cekovsk\u00fd je r\u00e1d, \u017ee pod tlakom Demokratov sa z n\u00e1vrhu z\u00e1kona stratilo nieko\u013eko \u0161ialenost\u00ed, ako napr\u00edklad programov\u00e1 rada, ktor\u00e1 mala sl\u00fa\u017ei\u0165 ako cenzorsk\u00fd org\u00e1n. Ani z\u010faleka to ale nesta\u010d\u00ed. <em>\u201ePodstata z\u00e1kona zost\u00e1va rovnak\u00e1. RTVS ru\u0161ia len preto, aby odvolali s\u00fa\u010dasn\u00e9ho riadite\u013ea a cel\u00fa in\u0161tit\u00faciu politicky ovl\u00e1dli. Napriek funk\u010dn\u00fdm obdobiam odvolaj\u00fa cel\u00fd kontroln\u00fd org\u00e1n \u2013 Radu RTVS \u2013 a \u010dlenov navolia nanovo,\u201c <\/em>upozor\u0148uje Kristi\u00e1n \u010cekovsk\u00fd. Pod\u013ea n\u00e1vrhu z\u00e1kona by z deviatich \u010dlenov potom \u0161tyroch priamo nominovala ministerka \u0160imkovi\u010dov\u00e1 a zvy\u0161n\u00fdch piatich n\u00e1sledne parlament. Nadpolovi\u010dn\u00e1 v\u00e4\u010d\u0161ina \u010dlenov Rady by potom zvolila nov\u00e9ho riadite\u013ea. Opov\u00e1\u017elivos\u0165 a arogancia aktu\u00e1lnej vl\u00e1dy a ministerky \u0160imkovi\u010dovej sa prejavuje nielen pri RTVS. Reformova\u0165 chc\u00fa aj Fond na podporu umenia, preto\u017ee vraj sl\u00fa\u017ei len \u201ebratislavsk\u00fdm umelcom.\u201c <\/p>\n\n\n\n<p>\u010clenka Demokratov Dorota Nvotov\u00e1 upozor\u0148uje, \u017ee si vl\u00e1da op\u00e4\u0165 len vym\u00fd\u0161\u013ea \u010d\u00edsla a prekr\u00faca fakty, aby rovnako, ako RTVS ovl\u00e1dli aj t\u00fato in\u0161tit\u00faciu: <em>\u201e\u00daspe\u0161nos\u0165 podpory projektov je na \u00farovni 55 a\u017e 60 percent v ka\u017edom kraji. Fond podporuje mnoho r\u00f4znorod\u00fdch podujat\u00ed na celom Slovensku, nie len bratislavsk\u00fa liber\u00e1lnu kaviare\u0148,\u201c<\/em> hovor\u00ed Dorota Nvotov\u00e1. <em>\u201eO kvalite projektov mus\u00ed rozhodova\u0165 odborn\u00e1 komisia zlo\u017een\u00e1 zo stoviek \u010dlenov a nie p\u00e1r nominantov ministerky s pochybn\u00fdm vkusom,\u201c<\/em> uzavrela Nvotov\u00e1. <\/p>\n","protected":false},"excerpt":{"rendered":"<p>Legislat\u00edvna rada vl\u00e1dy odobrila n\u00e1vrh z\u00e1kona o Slovenskej telev\u00edzii a rozhlase. Ministerka kult\u00fary Martina \u0160imkovi\u010dov\u00e1 a minister spravodlivosti Boris Susko, ktor\u00fd predsed\u00e1 aj Legislat\u00edvnej rade, poru\u0161ili z\u00e1v\u00e4zn\u00e9 legislat\u00edvne pravidl\u00e1 vl\u00e1dy, predkladate\u013eov hromadn\u00fdch pripomienok neobozn\u00e1mili s ich vyhodnoten\u00edm. \u201eVo svojej praxi, a to som u\u017e predkladal na Legislat\u00edvnu radu vl\u00e1dy desiatky materi\u00e1lov, som sa s tak\u00fdmto [&hellip;]<\/p>\n","protected":false},"author":13,"featured_media":3927,"comment_status":"closed","ping_status":"closed","sticky":false,"template":"","format":"standard","meta":{"_acf_changed":false,"ngg_post_thumbnail":0,"footnotes":""},"categories":[4],"tags":[],"class_list":["post-3926","post","type-post","status-publish","format-standard","has-post-thumbnail","hentry","category-tlacove-spravy"],"acf":[],"yoast_head":"<!-- This site is optimized with the Yoast SEO plugin v27.2 - https:\/\/yoast.com\/product\/yoast-seo-wordpress\/ -->\n<title>Snaha o ovl\u00e1dnutie RTVS pokra\u010duje, \u0160imkovi\u010dov\u00e1 poru\u0161uje legislat\u00edvne pravidl\u00e1<\/title>\n<meta name=\"robots\" content=\"index, follow, max-snippet:-1, max-image-preview:large, max-video-preview:-1\" \/>\n<link rel=\"canonical\" href=\"https:\/\/www.smedemokrati.sk\/sv\/snaha-o-ovladnutie-rtvs-pokracuje-simkovicova-porusuje-legislativne-pravidla\/\" \/>\n<meta property=\"og:locale\" content=\"sv_SE\" \/>\n<meta property=\"og:locale:alternate\" content=\"en_US\" \/>\n<meta property=\"og:locale:alternate\" content=\"cs_CZ\" \/>\n<meta property=\"og:locale:alternate\" content=\"hu_HU\" \/>\n<meta property=\"og:locale:alternate\" content=\"sk_SK\" \/>\n<meta property=\"og:type\" content=\"article\" \/>\n<meta property=\"og:title\" content=\"Snaha o ovl\u00e1dnutie RTVS pokra\u010duje, \u0160imkovi\u010dov\u00e1 poru\u0161uje legislat\u00edvne pravidl\u00e1\" \/>\n<meta property=\"og:description\" content=\"Legislat\u00edvna rada vl\u00e1dy odobrila n\u00e1vrh z\u00e1kona o Slovenskej telev\u00edzii a rozhlase. Ministerka kult\u00fary Martina \u0160imkovi\u010dov\u00e1 a minister spravodlivosti Boris Susko, ktor\u00fd predsed\u00e1 aj Legislat\u00edvnej rade, poru\u0161ili z\u00e1v\u00e4zn\u00e9 legislat\u00edvne pravidl\u00e1 vl\u00e1dy, predkladate\u013eov hromadn\u00fdch pripomienok neobozn\u00e1mili s ich vyhodnoten\u00edm. \u201eVo svojej praxi, a to som u\u017e predkladal na Legislat\u00edvnu radu vl\u00e1dy desiatky materi\u00e1lov, som sa s tak\u00fdmto [&hellip;]\" \/>\n<meta property=\"og:url\" content=\"https:\/\/www.smedemokrati.sk\/sv\/snaha-o-ovladnutie-rtvs-pokracuje-simkovicova-porusuje-legislativne-pravidla\/\" \/>\n<meta property=\"og:site_name\" content=\"Smedemokrati.sk\" \/>\n<meta property=\"article:publisher\" content=\"https:\/\/www.facebook.com\/smedemokrati2023\" \/>\n<meta property=\"article:published_time\" content=\"2024-04-23T14:28:54+00:00\" \/>\n<meta property=\"article:modified_time\" content=\"2024-04-29T10:59:05+00:00\" \/>\n<meta property=\"og:image\" content=\"https:\/\/www.smedemokrati.sk\/wp-content\/uploads\/2024\/04\/FB_IMG_1713882130618.jpg\" \/>\n\t<meta property=\"og:image:width\" content=\"1280\" \/>\n\t<meta property=\"og:image:height\" content=\"960\" \/>\n\t<meta property=\"og:image:type\" content=\"image\/jpeg\" \/>\n<meta name=\"author\" content=\"miro.sopko\" \/>\n<meta name=\"twitter:card\" content=\"summary_large_image\" \/>\n<meta name=\"twitter:label1\" content=\"Skriven av\" \/>\n\t<meta name=\"twitter:data1\" content=\"miro.sopko\" \/>\n\t<meta name=\"twitter:label2\" content=\"Ber\u00e4knad l\u00e4stid\" \/>\n\t<meta name=\"twitter:data2\" content=\"2 minuter\" \/>\n<script type=\"application\/ld+json\" class=\"yoast-schema-graph\">{\"@context\":\"https:\/\/schema.org\",\"@graph\":[{\"@type\":\"Article\",\"@id\":\"https:\/\/www.smedemokrati.sk\/snaha-o-ovladnutie-rtvs-pokracuje-simkovicova-porusuje-legislativne-pravidla\/#article\",\"isPartOf\":{\"@id\":\"https:\/\/www.smedemokrati.sk\/snaha-o-ovladnutie-rtvs-pokracuje-simkovicova-porusuje-legislativne-pravidla\/\"},\"author\":{\"name\":\"miro.sopko\",\"@id\":\"https:\/\/www.smedemokrati.sk\/#\/schema\/person\/21f147c88d605aa7ded900e1e7c344ba\"},\"headline\":\"Snaha o ovl\u00e1dnutie RTVS pokra\u010duje, \u0160imkovi\u010dov\u00e1 poru\u0161uje legislat\u00edvne pravidl\u00e1\",\"datePublished\":\"2024-04-23T14:28:54+00:00\",\"dateModified\":\"2024-04-29T10:59:05+00:00\",\"mainEntityOfPage\":{\"@id\":\"https:\/\/www.smedemokrati.sk\/snaha-o-ovladnutie-rtvs-pokracuje-simkovicova-porusuje-legislativne-pravidla\/\"},\"wordCount\":498,\"publisher\":{\"@id\":\"https:\/\/www.smedemokrati.sk\/#organization\"},\"image\":{\"@id\":\"https:\/\/www.smedemokrati.sk\/snaha-o-ovladnutie-rtvs-pokracuje-simkovicova-porusuje-legislativne-pravidla\/#primaryimage\"},\"thumbnailUrl\":\"https:\/\/www.smedemokrati.sk\/wp-content\/uploads\/2024\/04\/FB_IMG_1713882130618.jpg\",\"articleSection\":[\"Tla\u010dov\u00e9 spr\u00e1vy\"],\"inLanguage\":\"sv-SE\"},{\"@type\":\"WebPage\",\"@id\":\"https:\/\/www.smedemokrati.sk\/snaha-o-ovladnutie-rtvs-pokracuje-simkovicova-porusuje-legislativne-pravidla\/\",\"url\":\"https:\/\/www.smedemokrati.sk\/snaha-o-ovladnutie-rtvs-pokracuje-simkovicova-porusuje-legislativne-pravidla\/\",\"name\":\"Snaha o ovl\u00e1dnutie RTVS pokra\u010duje, \u0160imkovi\u010dov\u00e1 poru\u0161uje legislat\u00edvne pravidl\u00e1\",\"isPartOf\":{\"@id\":\"https:\/\/www.smedemokrati.sk\/#website\"},\"primaryImageOfPage\":{\"@id\":\"https:\/\/www.smedemokrati.sk\/snaha-o-ovladnutie-rtvs-pokracuje-simkovicova-porusuje-legislativne-pravidla\/#primaryimage\"},\"image\":{\"@id\":\"https:\/\/www.smedemokrati.sk\/snaha-o-ovladnutie-rtvs-pokracuje-simkovicova-porusuje-legislativne-pravidla\/#primaryimage\"},\"thumbnailUrl\":\"https:\/\/www.smedemokrati.sk\/wp-content\/uploads\/2024\/04\/FB_IMG_1713882130618.jpg\",\"datePublished\":\"2024-04-23T14:28:54+00:00\",\"dateModified\":\"2024-04-29T10:59:05+00:00\",\"breadcrumb\":{\"@id\":\"https:\/\/www.smedemokrati.sk\/snaha-o-ovladnutie-rtvs-pokracuje-simkovicova-porusuje-legislativne-pravidla\/#breadcrumb\"},\"inLanguage\":\"sv-SE\",\"potentialAction\":[{\"@type\":\"ReadAction\",\"target\":[\"https:\/\/www.smedemokrati.sk\/snaha-o-ovladnutie-rtvs-pokracuje-simkovicova-porusuje-legislativne-pravidla\/\"]}]},{\"@type\":\"ImageObject\",\"inLanguage\":\"sv-SE\",\"@id\":\"https:\/\/www.smedemokrati.sk\/snaha-o-ovladnutie-rtvs-pokracuje-simkovicova-porusuje-legislativne-pravidla\/#primaryimage\",\"url\":\"https:\/\/www.smedemokrati.sk\/wp-content\/uploads\/2024\/04\/FB_IMG_1713882130618.jpg\",\"contentUrl\":\"https:\/\/www.smedemokrati.sk\/wp-content\/uploads\/2024\/04\/FB_IMG_1713882130618.jpg\",\"width\":1280,\"height\":960},{\"@type\":\"BreadcrumbList\",\"@id\":\"https:\/\/www.smedemokrati.sk\/snaha-o-ovladnutie-rtvs-pokracuje-simkovicova-porusuje-legislativne-pravidla\/#breadcrumb\",\"itemListElement\":[{\"@type\":\"ListItem\",\"position\":1,\"name\":\"Domovsk\u00e1 str\u00e1nka\",\"item\":\"https:\/\/www.smedemokrati.sk\/\"},{\"@type\":\"ListItem\",\"position\":2,\"name\":\"Snaha o ovl\u00e1dnutie RTVS pokra\u010duje, \u0160imkovi\u010dov\u00e1 poru\u0161uje legislat\u00edvne pravidl\u00e1\"}]},{\"@type\":\"WebSite\",\"@id\":\"https:\/\/www.smedemokrati.sk\/#website\",\"url\":\"https:\/\/www.smedemokrati.sk\/\",\"name\":\"Smedemokrati.sk\",\"description\":\"Demokracia a slu\u0161nos\u0165 zv\u00ed\u0165az\u00ed\",\"publisher\":{\"@id\":\"https:\/\/www.smedemokrati.sk\/#organization\"},\"potentialAction\":[{\"@type\":\"SearchAction\",\"target\":{\"@type\":\"EntryPoint\",\"urlTemplate\":\"https:\/\/www.smedemokrati.sk\/?s={search_term_string}\"},\"query-input\":{\"@type\":\"PropertyValueSpecification\",\"valueRequired\":true,\"valueName\":\"search_term_string\"}}],\"inLanguage\":\"sv-SE\"},{\"@type\":\"Organization\",\"@id\":\"https:\/\/www.smedemokrati.sk\/#organization\",\"name\":\"Smedemokrati.sk\",\"url\":\"https:\/\/www.smedemokrati.sk\/\",\"logo\":{\"@type\":\"ImageObject\",\"inLanguage\":\"sv-SE\",\"@id\":\"https:\/\/www.smedemokrati.sk\/#\/schema\/logo\/image\/\",\"url\":\"https:\/\/www.smedemokrati.sk\/wp-content\/uploads\/2023\/04\/ff.002.jpeg\",\"contentUrl\":\"https:\/\/www.smedemokrati.sk\/wp-content\/uploads\/2023\/04\/ff.002.jpeg\",\"width\":640,\"height\":480,\"caption\":\"Smedemokrati.sk\"},\"image\":{\"@id\":\"https:\/\/www.smedemokrati.sk\/#\/schema\/logo\/image\/\"},\"sameAs\":[\"https:\/\/www.facebook.com\/smedemokrati2023\"]},{\"@type\":\"Person\",\"@id\":\"https:\/\/www.smedemokrati.sk\/#\/schema\/person\/21f147c88d605aa7ded900e1e7c344ba\",\"name\":\"miro.sopko\",\"image\":{\"@type\":\"ImageObject\",\"inLanguage\":\"sv-SE\",\"@id\":\"https:\/\/secure.gravatar.com\/avatar\/267e4a36f704376c109afe3a78740c1f5dd8675a2180a908699e7863c9247606?s=96&d=mm&r=g\",\"url\":\"https:\/\/secure.gravatar.com\/avatar\/267e4a36f704376c109afe3a78740c1f5dd8675a2180a908699e7863c9247606?s=96&d=mm&r=g\",\"contentUrl\":\"https:\/\/secure.gravatar.com\/avatar\/267e4a36f704376c109afe3a78740c1f5dd8675a2180a908699e7863c9247606?s=96&d=mm&r=g\",\"caption\":\"miro.sopko\"},\"url\":\"https:\/\/www.smedemokrati.sk\/sv\/author\/miro-sopko\/\"}]}<\/script>\n<!-- \/ Yoast SEO plugin. -->","yoast_head_json":{"title":"Snaha o ovl\u00e1dnutie RTVS pokra\u010duje, \u0160imkovi\u010dov\u00e1 poru\u0161uje legislat\u00edvne pravidl\u00e1","robots":{"index":"index","follow":"follow","max-snippet":"max-snippet:-1","max-image-preview":"max-image-preview:large","max-video-preview":"max-video-preview:-1"},"canonical":"https:\/\/www.smedemokrati.sk\/sv\/snaha-o-ovladnutie-rtvs-pokracuje-simkovicova-porusuje-legislativne-pravidla\/","og_locale":"sv_SE","og_type":"article","og_title":"[:sk]Snaha o ovl\u00e1dnutie RTVS pokra\u010duje, \u0160imkovi\u010dov\u00e1 poru\u0161uje legislat\u00edvne pravidl\u00e1[:] - Smedemokrati.sk","og_description":"Legislat\u00edvna rada vl\u00e1dy odobrila n\u00e1vrh z\u00e1kona o Slovenskej telev\u00edzii a rozhlase. Ministerka kult\u00fary Martina \u0160imkovi\u010dov\u00e1 a minister spravodlivosti Boris Susko, ktor\u00fd predsed\u00e1 aj Legislat\u00edvnej rade, poru\u0161ili z\u00e1v\u00e4zn\u00e9 legislat\u00edvne pravidl\u00e1 vl\u00e1dy, predkladate\u013eov hromadn\u00fdch pripomienok neobozn\u00e1mili s ich vyhodnoten\u00edm. \u201eVo svojej praxi, a to som u\u017e predkladal na Legislat\u00edvnu radu vl\u00e1dy desiatky materi\u00e1lov, som sa s tak\u00fdmto [&hellip;]","og_url":"https:\/\/www.smedemokrati.sk\/sv\/snaha-o-ovladnutie-rtvs-pokracuje-simkovicova-porusuje-legislativne-pravidla\/","og_site_name":"Smedemokrati.sk","article_publisher":"https:\/\/www.facebook.com\/smedemokrati2023","article_published_time":"2024-04-23T14:28:54+00:00","article_modified_time":"2024-04-29T10:59:05+00:00","og_image":[{"width":1280,"height":960,"url":"https:\/\/www.smedemokrati.sk\/wp-content\/uploads\/2024\/04\/FB_IMG_1713882130618.jpg","type":"image\/jpeg"}],"author":"miro.sopko","twitter_card":"summary_large_image","twitter_misc":{"Skriven av":"miro.sopko","Ber\u00e4knad l\u00e4stid":"2 minuter"},"schema":{"@context":"https:\/\/schema.org","@graph":[{"@type":"Article","@id":"https:\/\/www.smedemokrati.sk\/snaha-o-ovladnutie-rtvs-pokracuje-simkovicova-porusuje-legislativne-pravidla\/#article","isPartOf":{"@id":"https:\/\/www.smedemokrati.sk\/snaha-o-ovladnutie-rtvs-pokracuje-simkovicova-porusuje-legislativne-pravidla\/"},"author":{"name":"miro.sopko","@id":"https:\/\/www.smedemokrati.sk\/#\/schema\/person\/21f147c88d605aa7ded900e1e7c344ba"},"headline":"Snaha o ovl\u00e1dnutie RTVS pokra\u010duje, \u0160imkovi\u010dov\u00e1 poru\u0161uje legislat\u00edvne pravidl\u00e1","datePublished":"2024-04-23T14:28:54+00:00","dateModified":"2024-04-29T10:59:05+00:00","mainEntityOfPage":{"@id":"https:\/\/www.smedemokrati.sk\/snaha-o-ovladnutie-rtvs-pokracuje-simkovicova-porusuje-legislativne-pravidla\/"},"wordCount":498,"publisher":{"@id":"https:\/\/www.smedemokrati.sk\/#organization"},"image":{"@id":"https:\/\/www.smedemokrati.sk\/snaha-o-ovladnutie-rtvs-pokracuje-simkovicova-porusuje-legislativne-pravidla\/#primaryimage"},"thumbnailUrl":"https:\/\/www.smedemokrati.sk\/wp-content\/uploads\/2024\/04\/FB_IMG_1713882130618.jpg","articleSection":["Tla\u010dov\u00e9 spr\u00e1vy"],"inLanguage":"sv-SE"},{"@type":"WebPage","@id":"https:\/\/www.smedemokrati.sk\/snaha-o-ovladnutie-rtvs-pokracuje-simkovicova-porusuje-legislativne-pravidla\/","url":"https:\/\/www.smedemokrati.sk\/snaha-o-ovladnutie-rtvs-pokracuje-simkovicova-porusuje-legislativne-pravidla\/","name":"Snaha o ovl\u00e1dnutie RTVS pokra\u010duje, \u0160imkovi\u010dov\u00e1 poru\u0161uje legislat\u00edvne pravidl\u00e1","isPartOf":{"@id":"https:\/\/www.smedemokrati.sk\/#website"},"primaryImageOfPage":{"@id":"https:\/\/www.smedemokrati.sk\/snaha-o-ovladnutie-rtvs-pokracuje-simkovicova-porusuje-legislativne-pravidla\/#primaryimage"},"image":{"@id":"https:\/\/www.smedemokrati.sk\/snaha-o-ovladnutie-rtvs-pokracuje-simkovicova-porusuje-legislativne-pravidla\/#primaryimage"},"thumbnailUrl":"https:\/\/www.smedemokrati.sk\/wp-content\/uploads\/2024\/04\/FB_IMG_1713882130618.jpg","datePublished":"2024-04-23T14:28:54+00:00","dateModified":"2024-04-29T10:59:05+00:00","breadcrumb":{"@id":"https:\/\/www.smedemokrati.sk\/snaha-o-ovladnutie-rtvs-pokracuje-simkovicova-porusuje-legislativne-pravidla\/#breadcrumb"},"inLanguage":"sv-SE","potentialAction":[{"@type":"ReadAction","target":["https:\/\/www.smedemokrati.sk\/snaha-o-ovladnutie-rtvs-pokracuje-simkovicova-porusuje-legislativne-pravidla\/"]}]},{"@type":"ImageObject","inLanguage":"sv-SE","@id":"https:\/\/www.smedemokrati.sk\/snaha-o-ovladnutie-rtvs-pokracuje-simkovicova-porusuje-legislativne-pravidla\/#primaryimage","url":"https:\/\/www.smedemokrati.sk\/wp-content\/uploads\/2024\/04\/FB_IMG_1713882130618.jpg","contentUrl":"https:\/\/www.smedemokrati.sk\/wp-content\/uploads\/2024\/04\/FB_IMG_1713882130618.jpg","width":1280,"height":960},{"@type":"BreadcrumbList","@id":"https:\/\/www.smedemokrati.sk\/snaha-o-ovladnutie-rtvs-pokracuje-simkovicova-porusuje-legislativne-pravidla\/#breadcrumb","itemListElement":[{"@type":"ListItem","position":1,"name":"Domovsk\u00e1 str\u00e1nka","item":"https:\/\/www.smedemokrati.sk\/"},{"@type":"ListItem","position":2,"name":"Snaha o ovl\u00e1dnutie RTVS pokra\u010duje, \u0160imkovi\u010dov\u00e1 poru\u0161uje legislat\u00edvne pravidl\u00e1"}]},{"@type":"WebSite","@id":"https:\/\/www.smedemokrati.sk\/#website","url":"https:\/\/www.smedemokrati.sk\/","name":"Smedemokrati.sk","description":"Demokracia a slu\u0161nos\u0165 zv\u00ed\u0165az\u00ed","publisher":{"@id":"https:\/\/www.smedemokrati.sk\/#organization"},"potentialAction":[{"@type":"SearchAction","target":{"@type":"EntryPoint","urlTemplate":"https:\/\/www.smedemokrati.sk\/?s={search_term_string}"},"query-input":{"@type":"PropertyValueSpecification","valueRequired":true,"valueName":"search_term_string"}}],"inLanguage":"sv-SE"},{"@type":"Organization","@id":"https:\/\/www.smedemokrati.sk\/#organization","name":"Smedemokrati.sk","url":"https:\/\/www.smedemokrati.sk\/","logo":{"@type":"ImageObject","inLanguage":"sv-SE","@id":"https:\/\/www.smedemokrati.sk\/#\/schema\/logo\/image\/","url":"https:\/\/www.smedemokrati.sk\/wp-content\/uploads\/2023\/04\/ff.002.jpeg","contentUrl":"https:\/\/www.smedemokrati.sk\/wp-content\/uploads\/2023\/04\/ff.002.jpeg","width":640,"height":480,"caption":"Smedemokrati.sk"},"image":{"@id":"https:\/\/www.smedemokrati.sk\/#\/schema\/logo\/image\/"},"sameAs":["https:\/\/www.facebook.com\/smedemokrati2023"]},{"@type":"Person","@id":"https:\/\/www.smedemokrati.sk\/#\/schema\/person\/21f147c88d605aa7ded900e1e7c344ba","name":"miro.sopko","image":{"@type":"ImageObject","inLanguage":"sv-SE","@id":"https:\/\/secure.gravatar.com\/avatar\/267e4a36f704376c109afe3a78740c1f5dd8675a2180a908699e7863c9247606?s=96&d=mm&r=g","url":"https:\/\/secure.gravatar.com\/avatar\/267e4a36f704376c109afe3a78740c1f5dd8675a2180a908699e7863c9247606?s=96&d=mm&r=g","contentUrl":"https:\/\/secure.gravatar.com\/avatar\/267e4a36f704376c109afe3a78740c1f5dd8675a2180a908699e7863c9247606?s=96&d=mm&r=g","caption":"miro.sopko"},"url":"https:\/\/www.smedemokrati.sk\/sv\/author\/miro-sopko\/"}]}},"_links":{"self":[{"href":"https:\/\/www.smedemokrati.sk\/sv\/wp-json\/wp\/v2\/posts\/3926","targetHints":{"allow":["GET"]}}],"collection":[{"href":"https:\/\/www.smedemokrati.sk\/sv\/wp-json\/wp\/v2\/posts"}],"about":[{"href":"https:\/\/www.smedemokrati.sk\/sv\/wp-json\/wp\/v2\/types\/post"}],"author":[{"embeddable":true,"href":"https:\/\/www.smedemokrati.sk\/sv\/wp-json\/wp\/v2\/users\/13"}],"replies":[{"embeddable":true,"href":"https:\/\/www.smedemokrati.sk\/sv\/wp-json\/wp\/v2\/comments?post=3926"}],"version-history":[{"count":2,"href":"https:\/\/www.smedemokrati.sk\/sv\/wp-json\/wp\/v2\/posts\/3926\/revisions"}],"predecessor-version":[{"id":3997,"href":"https:\/\/www.smedemokrati.sk\/sv\/wp-json\/wp\/v2\/posts\/3926\/revisions\/3997"}],"wp:featuredmedia":[{"embeddable":true,"href":"https:\/\/www.smedemokrati.sk\/sv\/wp-json\/wp\/v2\/media\/3927"}],"wp:attachment":[{"href":"https:\/\/www.smedemokrati.sk\/sv\/wp-json\/wp\/v2\/media?parent=3926"}],"wp:term":[{"taxonomy":"category","embeddable":true,"href":"https:\/\/www.smedemokrati.sk\/sv\/wp-json\/wp\/v2\/categories?post=3926"},{"taxonomy":"post_tag","embeddable":true,"href":"https:\/\/www.smedemokrati.sk\/sv\/wp-json\/wp\/v2\/tags?post=3926"}],"curies":[{"name":"wp","href":"https:\/\/api.w.org\/{rel}","templated":true}]}}