{"id":3922,"date":"2024-04-23T13:52:55","date_gmt":"2024-04-23T12:52:55","guid":{"rendered":"https:\/\/www.smedemokrati.sk\/?p=3922"},"modified":"2024-04-24T14:18:21","modified_gmt":"2024-04-24T13:18:21","slug":"utok-na-narodne-parky-taraba-znizil-prispevky-na-ich-beznu-prevadzku-o-80","status":"publish","type":"post","link":"https:\/\/www.smedemokrati.sk\/sv\/utok-na-narodne-parky-taraba-znizil-prispevky-na-ich-beznu-prevadzku-o-80\/","title":{"rendered":"\u00datok na n\u00e1rodn\u00e9 parky, Taraba zn\u00ed\u017eil pr\u00edspevky na ich be\u017en\u00fa prev\u00e1dzku o 80%"},"content":{"rendered":"<div id=\"fb-root\"><\/div>\n\n<p><strong>Pod\u013ea environment\u00e1lneho experta Michala Ki\u010du na Tarabov pokyn pr\u00eddu n\u00e1rodn\u00e9 parky o pr\u00edspevky zo \u0161t\u00e1tneho rozpo\u010dtu, ktor\u00e9 mali pokr\u00fdva\u0165 ich be\u017en\u00fa prev\u00e1dzku. Z p\u00f4vodn\u00fdch 3,3 mili\u00f3nov eur, tak pod\u013ea rozhodnutia ministra \u017eivotn\u00e9ho prostredia p\u00f4jde na \u010dinnos\u0165 n\u00e1rodn\u00fdch parkov o takmer 80% menej financii. V praxi to bude znamena\u0165, \u017ee treb\u00e1rs Tatransk\u00fd n\u00e1rodn\u00fd park dostane presne nula eur. Demokrati d\u00e1vaj\u00fa podnet na pre\u0161etrenie.&nbsp;<\/strong><\/p>\n\n\n\n<p><em><em><em>\u201e<\/em><\/em>Predklad\u00e1m d\u00f4kazy, \u017ee Taraba a rodina Kuffovcov a Rudolf Huliak systematicky likviduj\u00fa slovensk\u00fa pr\u00edrodu. Po prep\u00fa\u0161\u0165an\u00ed odborn\u00fdch zamestnancov a vedenia in\u0161tit\u00faci\u00ed dnes sledujeme finan\u010dn\u00fa likvid\u00e1ciu najcennej\u0161ej \u010dasti na\u0161ej pr\u00edrody. Minister Taraba zn\u00ed\u017eil pr\u00edspevky na fungovanie n\u00e1rodn\u00fdch parkov v priemere o 80%, Tatransk\u00fd n\u00e1rodn\u00fd park tak od \u0161t\u00e1tu dostane na svoju \u010dinnos\u0165 presne nulu,\u201d<\/em>\u00a0otv\u00e1ra t\u00e9mu \u010dlen predsedn\u00edctva strany Demokrati Michal Ki\u010da a dod\u00e1va, \u017ee toto sekanie financi\u00ed nem\u00e1 na Slovensku obdobu a pripom\u00edna, \u017ee Taraba rozd\u00e1va \u00falohy vedeniu n\u00e1rodn\u00fdch parkov, no na druhej strane im \u0161t\u00e1t na plnenie t\u00fdchto \u00faloh nezabezpe\u010d\u00ed dostatok prostriedkov.<\/p>\n\n\n\n<p><em><em><em>\u201e<\/em><\/em>Tak\u00fdmto postupom poru\u0161uj\u00fa z\u00e1kon o rozpo\u010dtov\u00fdch pravidl\u00e1ch verejnej spr\u00e1vy a my pod\u00e1vame podnet na pre\u0161etrenie,\u201d<\/em>\u00a0dod\u00e1va Ki\u010da a uzatv\u00e1ra, \u017ee ministerstvo dostalo z Vodohospod\u00e1rskeho podniku na konci roka vy\u0161e 3 mili\u00f3ny eur, aby dofinancovalo svoje pr\u00edspevkov\u00e9 organiz\u00e1cie, vr\u00e1tane n\u00e1rodn\u00fdch parkov, preto v\u00fdhovorka o nedostatku financi\u00ed neobstoj\u00ed. Taraba ide aj proti ned\u00e1vnym odpor\u00fa\u010daniam OECD posilni\u0165 financovanie n\u00e1rodn\u00fdch parkov a rovnako aj proti z\u00e1v\u00e4zkom z pl\u00e1nu obnovy. Avizuje ich zru\u0161enie aj z environment\u00e1lneho fondu a nevyp\u00edsal ani \u017eiadne v\u00fdzvy na ich financovanie z eurofondov. V\u00fdsledkom tohto smrtiaceho kokteilu bude mas\u00edvne zvy\u0161ovanie \u0165a\u017eby, bezbreh\u00e9 ustupovanie developerom a person\u00e1lny masaker medzi odborn\u00fdmi zamestnancami. Taktie\u017e avizovan\u00e9 hromadn\u00e9 prep\u00fa\u0161\u0165anie 80 zamestnancov n\u00e1rodn\u00e9 parky paralyzuje, rovnako je v rozpore so z\u00e1konom a bude znamena\u0165 jedin\u00e9, \u0161\u00edrenie strachu. navy\u0161e, pri reforme n\u00e1rodn\u00fdch parkov vl\u00e1da Eduarda Hegera garantovala, \u017ee nikoho neprepust\u00ed, naproti tomu, t\u00ed, ktor\u00ed reformu najviac kritizovali, id\u00fa vo ve\u013ekom prep\u00fa\u0161\u0165a\u0165.<\/p>\n\n\n\n<p>Jaroslav Na\u010f, predseda strany Demokrati, \u017ee zlovl\u00e1da Roberta Fica nepochybne za\u010dala s likvid\u00e1ciou pr\u00edrody:\u00a0<em><em><em>\u201e<\/em><\/em>Kto to kedy videl, aby sa priamym \u00fatokom ministra likvidovali n\u00e1rodn\u00e9 parky? Z\u00e1rove\u0148, kto to kedy videl aby sa drevo z n\u00e1rodn\u00fdch parkov pred\u00e1valo do rak\u00faskych p\u00edl? Pr\u00edstup tejto bandy v praxi znamen\u00e1, \u017ee mo\u017eno ke\u010f sa p\u00f4jdete v nede\u013eu prejs\u0165 po turistick\u00fdch chodn\u00edkoch, \u017eiadne tam u\u017e nebud\u00fa, preto\u017ee Taraba rozhodol, \u017ee jednoducho na ne ned\u00e1 peniaze. Ako dlho sa budeme pozera\u0165 na to, ako minister \u017eivotn\u00e9ho prostredia likviduje \u017eivotn\u00e9 prostredie?\u201d<\/em><\/p>\n\n\n\n<p>Ni\u017e\u0161ie posielam preh\u013ead okresan\u00fdch financi\u00ed pre n\u00e1rodn\u00e9 parky:<\/p>\n\n\n\n<p>Tatransk\u00fd n\u00e1rodn\u00fd park: z <strong>616259 <\/strong>eur na\u00a0<strong>0 <\/strong>eur<\/p>\n\n\n\n<p>NP Mal\u00e1 Fatra: z <strong>263499 <\/strong>eur na <strong>39251eur<\/strong><\/p>\n\n\n\n<p>NP Ve\u013ek\u00e1 Fatra: z <strong>352004 <\/strong>eur na <strong>384534 <\/strong>eur<\/p>\n\n\n\n<p>NP Mur\u00e1nska planina: z <strong>207114 <\/strong>eur na <strong>29201 <\/strong>eur<\/p>\n\n\n\n<p>NP N\u00edzke Tatry: z <strong>631288 <\/strong>eur na <strong>44701 <\/strong>eur<\/p>\n\n\n\n<p>Pieninsk\u00fd NP:\u00a0 z <strong>177114 <\/strong>eur na <strong>39201 <\/strong>eur<\/p>\n\n\n\n<p>NP Slovensk\u00fd raj: z <strong>353631 <\/strong>eur na <strong>54201 <\/strong>eur<\/p>\n\n\n\n<p>NP Slovensk\u00fd kras: z <strong>224745 <\/strong>eur na <strong>32201 <\/strong>eur<\/p>\n\n\n\n<p>NP Poloniny: z <strong>293088 <\/strong>eur na <strong>78402 <\/strong>eur<\/p>\n\n\n\n<iframe src=\"https:\/\/www.facebook.com\/plugins\/video.php?href=https%3A%2F%2Fwww.facebook.com%2Fsmedemokrati2023%2Fvideos%2F284237751403773%2F&#038;width=600&#038;show_text=false&#038;height=338&#038;appId\" width=\"600\" height=\"338\" style=\"border:none;overflow:hidden\" scrolling=\"no\" frameborder=\"0\" allowfullscreen=\"true\" allow=\"autoplay; clipboard-write; encrypted-media; picture-in-picture; web-share\" allowFullScreen=\"true\"><\/iframe>\n","protected":false},"excerpt":{"rendered":"<p>Pod\u013ea environment\u00e1lneho experta Michala Ki\u010du na Tarabov pokyn pr\u00eddu n\u00e1rodn\u00e9 parky o pr\u00edspevky zo \u0161t\u00e1tneho rozpo\u010dtu, ktor\u00e9 mali pokr\u00fdva\u0165 ich be\u017en\u00fa prev\u00e1dzku. Z p\u00f4vodn\u00fdch 3,3 mili\u00f3nov eur, tak pod\u013ea rozhodnutia ministra \u017eivotn\u00e9ho prostredia p\u00f4jde na \u010dinnos\u0165 n\u00e1rodn\u00fdch parkov o takmer 80% menej financii. V praxi to bude znamena\u0165, \u017ee treb\u00e1rs Tatransk\u00fd n\u00e1rodn\u00fd park dostane presne [&hellip;]<\/p>\n","protected":false},"author":13,"featured_media":3923,"comment_status":"closed","ping_status":"closed","sticky":false,"template":"","format":"standard","meta":{"_acf_changed":false,"ngg_post_thumbnail":0,"footnotes":""},"categories":[4],"tags":[],"class_list":["post-3922","post","type-post","status-publish","format-standard","has-post-thumbnail","hentry","category-tlacove-spravy"],"acf":[],"yoast_head":"<!-- This site is optimized with the Yoast SEO plugin v27.2 - https:\/\/yoast.com\/product\/yoast-seo-wordpress\/ -->\n<title>\u00datok na n\u00e1rodn\u00e9 parky, Taraba zn\u00ed\u017eil pr\u00edspevky na ich be\u017en\u00fa prev\u00e1dzku o 80%<\/title>\n<meta name=\"robots\" content=\"index, follow, max-snippet:-1, max-image-preview:large, max-video-preview:-1\" \/>\n<link rel=\"canonical\" href=\"https:\/\/www.smedemokrati.sk\/sv\/utok-na-narodne-parky-taraba-znizil-prispevky-na-ich-beznu-prevadzku-o-80\/\" \/>\n<meta property=\"og:locale\" content=\"sv_SE\" \/>\n<meta property=\"og:locale:alternate\" content=\"en_US\" \/>\n<meta property=\"og:locale:alternate\" content=\"cs_CZ\" \/>\n<meta property=\"og:locale:alternate\" content=\"hu_HU\" \/>\n<meta property=\"og:locale:alternate\" content=\"sk_SK\" \/>\n<meta property=\"og:type\" content=\"article\" \/>\n<meta property=\"og:title\" content=\"\u00datok na n\u00e1rodn\u00e9 parky, Taraba zn\u00ed\u017eil pr\u00edspevky na ich be\u017en\u00fa prev\u00e1dzku o 80%\" \/>\n<meta property=\"og:description\" content=\"Pod\u013ea environment\u00e1lneho experta Michala Ki\u010du na Tarabov pokyn pr\u00eddu n\u00e1rodn\u00e9 parky o pr\u00edspevky zo \u0161t\u00e1tneho rozpo\u010dtu, ktor\u00e9 mali pokr\u00fdva\u0165 ich be\u017en\u00fa prev\u00e1dzku. Z p\u00f4vodn\u00fdch 3,3 mili\u00f3nov eur, tak pod\u013ea rozhodnutia ministra \u017eivotn\u00e9ho prostredia p\u00f4jde na \u010dinnos\u0165 n\u00e1rodn\u00fdch parkov o takmer 80% menej financii. V praxi to bude znamena\u0165, \u017ee treb\u00e1rs Tatransk\u00fd n\u00e1rodn\u00fd park dostane presne [&hellip;]\" \/>\n<meta property=\"og:url\" content=\"https:\/\/www.smedemokrati.sk\/sv\/utok-na-narodne-parky-taraba-znizil-prispevky-na-ich-beznu-prevadzku-o-80\/\" \/>\n<meta property=\"og:site_name\" content=\"Smedemokrati.sk\" \/>\n<meta property=\"article:publisher\" content=\"https:\/\/www.facebook.com\/smedemokrati2023\" \/>\n<meta property=\"article:published_time\" content=\"2024-04-23T12:52:55+00:00\" \/>\n<meta property=\"article:modified_time\" content=\"2024-04-24T13:18:21+00:00\" \/>\n<meta property=\"og:image\" content=\"https:\/\/www.smedemokrati.sk\/wp-content\/uploads\/2024\/04\/np-bez-penazi-scaled.jpg\" \/>\n\t<meta property=\"og:image:width\" content=\"2560\" \/>\n\t<meta property=\"og:image:height\" content=\"1439\" \/>\n\t<meta property=\"og:image:type\" content=\"image\/jpeg\" \/>\n<meta name=\"author\" content=\"miro.sopko\" \/>\n<meta name=\"twitter:card\" content=\"summary_large_image\" \/>\n<meta name=\"twitter:label1\" content=\"Skriven av\" \/>\n\t<meta name=\"twitter:data1\" content=\"miro.sopko\" \/>\n\t<meta name=\"twitter:label2\" content=\"Ber\u00e4knad l\u00e4stid\" \/>\n\t<meta name=\"twitter:data2\" content=\"3 minuter\" \/>\n<script type=\"application\/ld+json\" class=\"yoast-schema-graph\">{\"@context\":\"https:\/\/schema.org\",\"@graph\":[{\"@type\":\"Article\",\"@id\":\"https:\/\/www.smedemokrati.sk\/utok-na-narodne-parky-taraba-znizil-prispevky-na-ich-beznu-prevadzku-o-80\/#article\",\"isPartOf\":{\"@id\":\"https:\/\/www.smedemokrati.sk\/utok-na-narodne-parky-taraba-znizil-prispevky-na-ich-beznu-prevadzku-o-80\/\"},\"author\":{\"name\":\"miro.sopko\",\"@id\":\"https:\/\/www.smedemokrati.sk\/#\/schema\/person\/21f147c88d605aa7ded900e1e7c344ba\"},\"headline\":\"\u00datok na n\u00e1rodn\u00e9 parky, Taraba zn\u00ed\u017eil pr\u00edspevky na ich be\u017en\u00fa prev\u00e1dzku o 80%\",\"datePublished\":\"2024-04-23T12:52:55+00:00\",\"dateModified\":\"2024-04-24T13:18:21+00:00\",\"mainEntityOfPage\":{\"@id\":\"https:\/\/www.smedemokrati.sk\/utok-na-narodne-parky-taraba-znizil-prispevky-na-ich-beznu-prevadzku-o-80\/\"},\"wordCount\":593,\"publisher\":{\"@id\":\"https:\/\/www.smedemokrati.sk\/#organization\"},\"image\":{\"@id\":\"https:\/\/www.smedemokrati.sk\/utok-na-narodne-parky-taraba-znizil-prispevky-na-ich-beznu-prevadzku-o-80\/#primaryimage\"},\"thumbnailUrl\":\"https:\/\/www.smedemokrati.sk\/wp-content\/uploads\/2024\/04\/np-bez-penazi-scaled.jpg\",\"articleSection\":[\"Tla\u010dov\u00e9 spr\u00e1vy\"],\"inLanguage\":\"sv-SE\"},{\"@type\":\"WebPage\",\"@id\":\"https:\/\/www.smedemokrati.sk\/utok-na-narodne-parky-taraba-znizil-prispevky-na-ich-beznu-prevadzku-o-80\/\",\"url\":\"https:\/\/www.smedemokrati.sk\/utok-na-narodne-parky-taraba-znizil-prispevky-na-ich-beznu-prevadzku-o-80\/\",\"name\":\"\u00datok na n\u00e1rodn\u00e9 parky, Taraba zn\u00ed\u017eil pr\u00edspevky na ich be\u017en\u00fa prev\u00e1dzku o 80%\",\"isPartOf\":{\"@id\":\"https:\/\/www.smedemokrati.sk\/#website\"},\"primaryImageOfPage\":{\"@id\":\"https:\/\/www.smedemokrati.sk\/utok-na-narodne-parky-taraba-znizil-prispevky-na-ich-beznu-prevadzku-o-80\/#primaryimage\"},\"image\":{\"@id\":\"https:\/\/www.smedemokrati.sk\/utok-na-narodne-parky-taraba-znizil-prispevky-na-ich-beznu-prevadzku-o-80\/#primaryimage\"},\"thumbnailUrl\":\"https:\/\/www.smedemokrati.sk\/wp-content\/uploads\/2024\/04\/np-bez-penazi-scaled.jpg\",\"datePublished\":\"2024-04-23T12:52:55+00:00\",\"dateModified\":\"2024-04-24T13:18:21+00:00\",\"breadcrumb\":{\"@id\":\"https:\/\/www.smedemokrati.sk\/utok-na-narodne-parky-taraba-znizil-prispevky-na-ich-beznu-prevadzku-o-80\/#breadcrumb\"},\"inLanguage\":\"sv-SE\",\"potentialAction\":[{\"@type\":\"ReadAction\",\"target\":[\"https:\/\/www.smedemokrati.sk\/utok-na-narodne-parky-taraba-znizil-prispevky-na-ich-beznu-prevadzku-o-80\/\"]}]},{\"@type\":\"ImageObject\",\"inLanguage\":\"sv-SE\",\"@id\":\"https:\/\/www.smedemokrati.sk\/utok-na-narodne-parky-taraba-znizil-prispevky-na-ich-beznu-prevadzku-o-80\/#primaryimage\",\"url\":\"https:\/\/www.smedemokrati.sk\/wp-content\/uploads\/2024\/04\/np-bez-penazi-scaled.jpg\",\"contentUrl\":\"https:\/\/www.smedemokrati.sk\/wp-content\/uploads\/2024\/04\/np-bez-penazi-scaled.jpg\",\"width\":2560,\"height\":1439},{\"@type\":\"BreadcrumbList\",\"@id\":\"https:\/\/www.smedemokrati.sk\/utok-na-narodne-parky-taraba-znizil-prispevky-na-ich-beznu-prevadzku-o-80\/#breadcrumb\",\"itemListElement\":[{\"@type\":\"ListItem\",\"position\":1,\"name\":\"Domovsk\u00e1 str\u00e1nka\",\"item\":\"https:\/\/www.smedemokrati.sk\/\"},{\"@type\":\"ListItem\",\"position\":2,\"name\":\"\u00datok na n\u00e1rodn\u00e9 parky, Taraba zn\u00ed\u017eil pr\u00edspevky na ich be\u017en\u00fa prev\u00e1dzku o 80%\"}]},{\"@type\":\"WebSite\",\"@id\":\"https:\/\/www.smedemokrati.sk\/#website\",\"url\":\"https:\/\/www.smedemokrati.sk\/\",\"name\":\"Smedemokrati.sk\",\"description\":\"Demokracia a slu\u0161nos\u0165 zv\u00ed\u0165az\u00ed\",\"publisher\":{\"@id\":\"https:\/\/www.smedemokrati.sk\/#organization\"},\"potentialAction\":[{\"@type\":\"SearchAction\",\"target\":{\"@type\":\"EntryPoint\",\"urlTemplate\":\"https:\/\/www.smedemokrati.sk\/?s={search_term_string}\"},\"query-input\":{\"@type\":\"PropertyValueSpecification\",\"valueRequired\":true,\"valueName\":\"search_term_string\"}}],\"inLanguage\":\"sv-SE\"},{\"@type\":\"Organization\",\"@id\":\"https:\/\/www.smedemokrati.sk\/#organization\",\"name\":\"Smedemokrati.sk\",\"url\":\"https:\/\/www.smedemokrati.sk\/\",\"logo\":{\"@type\":\"ImageObject\",\"inLanguage\":\"sv-SE\",\"@id\":\"https:\/\/www.smedemokrati.sk\/#\/schema\/logo\/image\/\",\"url\":\"https:\/\/www.smedemokrati.sk\/wp-content\/uploads\/2023\/04\/ff.002.jpeg\",\"contentUrl\":\"https:\/\/www.smedemokrati.sk\/wp-content\/uploads\/2023\/04\/ff.002.jpeg\",\"width\":640,\"height\":480,\"caption\":\"Smedemokrati.sk\"},\"image\":{\"@id\":\"https:\/\/www.smedemokrati.sk\/#\/schema\/logo\/image\/\"},\"sameAs\":[\"https:\/\/www.facebook.com\/smedemokrati2023\"]},{\"@type\":\"Person\",\"@id\":\"https:\/\/www.smedemokrati.sk\/#\/schema\/person\/21f147c88d605aa7ded900e1e7c344ba\",\"name\":\"miro.sopko\",\"image\":{\"@type\":\"ImageObject\",\"inLanguage\":\"sv-SE\",\"@id\":\"https:\/\/secure.gravatar.com\/avatar\/267e4a36f704376c109afe3a78740c1f5dd8675a2180a908699e7863c9247606?s=96&d=mm&r=g\",\"url\":\"https:\/\/secure.gravatar.com\/avatar\/267e4a36f704376c109afe3a78740c1f5dd8675a2180a908699e7863c9247606?s=96&d=mm&r=g\",\"contentUrl\":\"https:\/\/secure.gravatar.com\/avatar\/267e4a36f704376c109afe3a78740c1f5dd8675a2180a908699e7863c9247606?s=96&d=mm&r=g\",\"caption\":\"miro.sopko\"},\"url\":\"https:\/\/www.smedemokrati.sk\/sv\/author\/miro-sopko\/\"}]}<\/script>\n<!-- \/ Yoast SEO plugin. -->","yoast_head_json":{"title":"\u00datok na n\u00e1rodn\u00e9 parky, Taraba zn\u00ed\u017eil pr\u00edspevky na ich be\u017en\u00fa prev\u00e1dzku o 80%","robots":{"index":"index","follow":"follow","max-snippet":"max-snippet:-1","max-image-preview":"max-image-preview:large","max-video-preview":"max-video-preview:-1"},"canonical":"https:\/\/www.smedemokrati.sk\/sv\/utok-na-narodne-parky-taraba-znizil-prispevky-na-ich-beznu-prevadzku-o-80\/","og_locale":"sv_SE","og_type":"article","og_title":"[:sk]\u00datok na n\u00e1rodn\u00e9 parky, Taraba zn\u00ed\u017eil pr\u00edspevky na ich be\u017en\u00fa prev\u00e1dzku o 80%[:] - Smedemokrati.sk","og_description":"Pod\u013ea environment\u00e1lneho experta Michala Ki\u010du na Tarabov pokyn pr\u00eddu n\u00e1rodn\u00e9 parky o pr\u00edspevky zo \u0161t\u00e1tneho rozpo\u010dtu, ktor\u00e9 mali pokr\u00fdva\u0165 ich be\u017en\u00fa prev\u00e1dzku. Z p\u00f4vodn\u00fdch 3,3 mili\u00f3nov eur, tak pod\u013ea rozhodnutia ministra \u017eivotn\u00e9ho prostredia p\u00f4jde na \u010dinnos\u0165 n\u00e1rodn\u00fdch parkov o takmer 80% menej financii. V praxi to bude znamena\u0165, \u017ee treb\u00e1rs Tatransk\u00fd n\u00e1rodn\u00fd park dostane presne [&hellip;]","og_url":"https:\/\/www.smedemokrati.sk\/sv\/utok-na-narodne-parky-taraba-znizil-prispevky-na-ich-beznu-prevadzku-o-80\/","og_site_name":"Smedemokrati.sk","article_publisher":"https:\/\/www.facebook.com\/smedemokrati2023","article_published_time":"2024-04-23T12:52:55+00:00","article_modified_time":"2024-04-24T13:18:21+00:00","og_image":[{"width":2560,"height":1439,"url":"https:\/\/www.smedemokrati.sk\/wp-content\/uploads\/2024\/04\/np-bez-penazi-scaled.jpg","type":"image\/jpeg"}],"author":"miro.sopko","twitter_card":"summary_large_image","twitter_misc":{"Skriven av":"miro.sopko","Ber\u00e4knad l\u00e4stid":"3 minuter"},"schema":{"@context":"https:\/\/schema.org","@graph":[{"@type":"Article","@id":"https:\/\/www.smedemokrati.sk\/utok-na-narodne-parky-taraba-znizil-prispevky-na-ich-beznu-prevadzku-o-80\/#article","isPartOf":{"@id":"https:\/\/www.smedemokrati.sk\/utok-na-narodne-parky-taraba-znizil-prispevky-na-ich-beznu-prevadzku-o-80\/"},"author":{"name":"miro.sopko","@id":"https:\/\/www.smedemokrati.sk\/#\/schema\/person\/21f147c88d605aa7ded900e1e7c344ba"},"headline":"\u00datok na n\u00e1rodn\u00e9 parky, Taraba zn\u00ed\u017eil pr\u00edspevky na ich be\u017en\u00fa prev\u00e1dzku o 80%","datePublished":"2024-04-23T12:52:55+00:00","dateModified":"2024-04-24T13:18:21+00:00","mainEntityOfPage":{"@id":"https:\/\/www.smedemokrati.sk\/utok-na-narodne-parky-taraba-znizil-prispevky-na-ich-beznu-prevadzku-o-80\/"},"wordCount":593,"publisher":{"@id":"https:\/\/www.smedemokrati.sk\/#organization"},"image":{"@id":"https:\/\/www.smedemokrati.sk\/utok-na-narodne-parky-taraba-znizil-prispevky-na-ich-beznu-prevadzku-o-80\/#primaryimage"},"thumbnailUrl":"https:\/\/www.smedemokrati.sk\/wp-content\/uploads\/2024\/04\/np-bez-penazi-scaled.jpg","articleSection":["Tla\u010dov\u00e9 spr\u00e1vy"],"inLanguage":"sv-SE"},{"@type":"WebPage","@id":"https:\/\/www.smedemokrati.sk\/utok-na-narodne-parky-taraba-znizil-prispevky-na-ich-beznu-prevadzku-o-80\/","url":"https:\/\/www.smedemokrati.sk\/utok-na-narodne-parky-taraba-znizil-prispevky-na-ich-beznu-prevadzku-o-80\/","name":"\u00datok na n\u00e1rodn\u00e9 parky, Taraba zn\u00ed\u017eil pr\u00edspevky na ich be\u017en\u00fa prev\u00e1dzku o 80%","isPartOf":{"@id":"https:\/\/www.smedemokrati.sk\/#website"},"primaryImageOfPage":{"@id":"https:\/\/www.smedemokrati.sk\/utok-na-narodne-parky-taraba-znizil-prispevky-na-ich-beznu-prevadzku-o-80\/#primaryimage"},"image":{"@id":"https:\/\/www.smedemokrati.sk\/utok-na-narodne-parky-taraba-znizil-prispevky-na-ich-beznu-prevadzku-o-80\/#primaryimage"},"thumbnailUrl":"https:\/\/www.smedemokrati.sk\/wp-content\/uploads\/2024\/04\/np-bez-penazi-scaled.jpg","datePublished":"2024-04-23T12:52:55+00:00","dateModified":"2024-04-24T13:18:21+00:00","breadcrumb":{"@id":"https:\/\/www.smedemokrati.sk\/utok-na-narodne-parky-taraba-znizil-prispevky-na-ich-beznu-prevadzku-o-80\/#breadcrumb"},"inLanguage":"sv-SE","potentialAction":[{"@type":"ReadAction","target":["https:\/\/www.smedemokrati.sk\/utok-na-narodne-parky-taraba-znizil-prispevky-na-ich-beznu-prevadzku-o-80\/"]}]},{"@type":"ImageObject","inLanguage":"sv-SE","@id":"https:\/\/www.smedemokrati.sk\/utok-na-narodne-parky-taraba-znizil-prispevky-na-ich-beznu-prevadzku-o-80\/#primaryimage","url":"https:\/\/www.smedemokrati.sk\/wp-content\/uploads\/2024\/04\/np-bez-penazi-scaled.jpg","contentUrl":"https:\/\/www.smedemokrati.sk\/wp-content\/uploads\/2024\/04\/np-bez-penazi-scaled.jpg","width":2560,"height":1439},{"@type":"BreadcrumbList","@id":"https:\/\/www.smedemokrati.sk\/utok-na-narodne-parky-taraba-znizil-prispevky-na-ich-beznu-prevadzku-o-80\/#breadcrumb","itemListElement":[{"@type":"ListItem","position":1,"name":"Domovsk\u00e1 str\u00e1nka","item":"https:\/\/www.smedemokrati.sk\/"},{"@type":"ListItem","position":2,"name":"\u00datok na n\u00e1rodn\u00e9 parky, Taraba zn\u00ed\u017eil pr\u00edspevky na ich be\u017en\u00fa prev\u00e1dzku o 80%"}]},{"@type":"WebSite","@id":"https:\/\/www.smedemokrati.sk\/#website","url":"https:\/\/www.smedemokrati.sk\/","name":"Smedemokrati.sk","description":"Demokracia a slu\u0161nos\u0165 zv\u00ed\u0165az\u00ed","publisher":{"@id":"https:\/\/www.smedemokrati.sk\/#organization"},"potentialAction":[{"@type":"SearchAction","target":{"@type":"EntryPoint","urlTemplate":"https:\/\/www.smedemokrati.sk\/?s={search_term_string}"},"query-input":{"@type":"PropertyValueSpecification","valueRequired":true,"valueName":"search_term_string"}}],"inLanguage":"sv-SE"},{"@type":"Organization","@id":"https:\/\/www.smedemokrati.sk\/#organization","name":"Smedemokrati.sk","url":"https:\/\/www.smedemokrati.sk\/","logo":{"@type":"ImageObject","inLanguage":"sv-SE","@id":"https:\/\/www.smedemokrati.sk\/#\/schema\/logo\/image\/","url":"https:\/\/www.smedemokrati.sk\/wp-content\/uploads\/2023\/04\/ff.002.jpeg","contentUrl":"https:\/\/www.smedemokrati.sk\/wp-content\/uploads\/2023\/04\/ff.002.jpeg","width":640,"height":480,"caption":"Smedemokrati.sk"},"image":{"@id":"https:\/\/www.smedemokrati.sk\/#\/schema\/logo\/image\/"},"sameAs":["https:\/\/www.facebook.com\/smedemokrati2023"]},{"@type":"Person","@id":"https:\/\/www.smedemokrati.sk\/#\/schema\/person\/21f147c88d605aa7ded900e1e7c344ba","name":"miro.sopko","image":{"@type":"ImageObject","inLanguage":"sv-SE","@id":"https:\/\/secure.gravatar.com\/avatar\/267e4a36f704376c109afe3a78740c1f5dd8675a2180a908699e7863c9247606?s=96&d=mm&r=g","url":"https:\/\/secure.gravatar.com\/avatar\/267e4a36f704376c109afe3a78740c1f5dd8675a2180a908699e7863c9247606?s=96&d=mm&r=g","contentUrl":"https:\/\/secure.gravatar.com\/avatar\/267e4a36f704376c109afe3a78740c1f5dd8675a2180a908699e7863c9247606?s=96&d=mm&r=g","caption":"miro.sopko"},"url":"https:\/\/www.smedemokrati.sk\/sv\/author\/miro-sopko\/"}]}},"_links":{"self":[{"href":"https:\/\/www.smedemokrati.sk\/sv\/wp-json\/wp\/v2\/posts\/3922","targetHints":{"allow":["GET"]}}],"collection":[{"href":"https:\/\/www.smedemokrati.sk\/sv\/wp-json\/wp\/v2\/posts"}],"about":[{"href":"https:\/\/www.smedemokrati.sk\/sv\/wp-json\/wp\/v2\/types\/post"}],"author":[{"embeddable":true,"href":"https:\/\/www.smedemokrati.sk\/sv\/wp-json\/wp\/v2\/users\/13"}],"replies":[{"embeddable":true,"href":"https:\/\/www.smedemokrati.sk\/sv\/wp-json\/wp\/v2\/comments?post=3922"}],"version-history":[{"count":2,"href":"https:\/\/www.smedemokrati.sk\/sv\/wp-json\/wp\/v2\/posts\/3922\/revisions"}],"predecessor-version":[{"id":3946,"href":"https:\/\/www.smedemokrati.sk\/sv\/wp-json\/wp\/v2\/posts\/3922\/revisions\/3946"}],"wp:featuredmedia":[{"embeddable":true,"href":"https:\/\/www.smedemokrati.sk\/sv\/wp-json\/wp\/v2\/media\/3923"}],"wp:attachment":[{"href":"https:\/\/www.smedemokrati.sk\/sv\/wp-json\/wp\/v2\/media?parent=3922"}],"wp:term":[{"taxonomy":"category","embeddable":true,"href":"https:\/\/www.smedemokrati.sk\/sv\/wp-json\/wp\/v2\/categories?post=3922"},{"taxonomy":"post_tag","embeddable":true,"href":"https:\/\/www.smedemokrati.sk\/sv\/wp-json\/wp\/v2\/tags?post=3922"}],"curies":[{"name":"wp","href":"https:\/\/api.w.org\/{rel}","templated":true}]}}