{"id":3756,"date":"2024-04-15T12:27:53","date_gmt":"2024-04-15T11:27:53","guid":{"rendered":"https:\/\/www.smedemokrati.sk\/?p=3756"},"modified":"2024-04-22T10:25:02","modified_gmt":"2024-04-22T09:25:02","slug":"projekt-exministra-nada-je-pred-dokoncenim-takto-vyzera-prva-rezortna-materska-skolka-na-slovensku","status":"publish","type":"post","link":"https:\/\/www.smedemokrati.sk\/sv\/projekt-exministra-nada-je-pred-dokoncenim-takto-vyzera-prva-rezortna-materska-skolka-na-slovensku\/","title":{"rendered":"Projekt exministra Na\u010fa je pred dokon\u010den\u00edm: takto vyzer\u00e1 prv\u00e1 rezortn\u00e1 matersk\u00e1 \u0161k\u00f4lka\u00a0na Slovensku"},"content":{"rendered":"<div id=\"fb-root\"><\/div>\n\n<p><strong>Projekt, ktor\u00fd inicioval a realizoval b\u00fdval\u00fd minister obrany &#8211; v\u00fdstavba \u0161k\u00f4lky pre deti zamestnancov rezortu v priestoroch ministerstva obrany v Bratislave je pred dokon\u010den\u00edm. Jaroslav Na\u010f hovor\u00ed, \u017ee ide o prv\u00fa lastovi\u010dku, ktor\u00e1 by mohla by\u0165 in\u0161pir\u00e1ciou \u010fal\u0161\u00edm rezortom.<\/strong><\/p>\n\n\n\n<p>Predseda Demokratov ozna\u010duje projekt, ktor\u00fd je aktu\u00e1lne pred dokon\u010den\u00edm za formu efekt\u00edvnej pomoci zamestnancom rezortu a Ozbrojen\u00fdch s\u00edl SR:&nbsp;<em><em><em>\u201e<\/em><\/em>Ako otec troch det\u00ed viem, ak\u00e9 n\u00e1ro\u010dn\u00e9 je to jednak s kapacitami \u0161k\u00f4lok a po \u010fal\u0161ie, ak\u00e9 komplikovan\u00e9 s\u00fa ra\u0148aj\u0161ie doslova logistick\u00e9 oper\u00e1cie rodi\u010dov, aby boli v\u0161ade v\u0161etci na \u010das. Ak sme mohli pom\u00f4c\u0165 aspo\u0148 malej \u010dasti zamestnancov, nesmierne ma to te\u0161\u00ed. \u0160k\u00f4lka bude, navy\u0161e, s pridanou hodnotou, preto\u017ee moj\u00edm z\u00e1merom bolo, aby u\u010debn\u00e9 osnovy boli prepojen\u00e9 s praktickou v\u00fdu\u010dbou s \u010fal\u0161\u00edmi s\u00fa\u010das\u0165ami rezortu, spomeniem vojensk\u00e9 lesy, Dukla Bansk\u00e1 Bystrica a podobne. Ver\u00edm, \u017ee s\u00fa\u010dasn\u00e9 vedenie zachov\u00e1 tento koncept,\u201d<\/em>&nbsp;povedal Na\u010f a po\u010fakoval Eduardovi Hegerovi, ktor\u00fd v tom \u010dase podporil projekt ako predseda vl\u00e1dy.&nbsp;<\/p>\n\n\n\n<p>Matersk\u00e1 \u0161k\u00f4lka&nbsp;poskytne u\u017e onedlho kapacity pre 60 det\u00ed. Vybudovan\u00e1 je z montovan\u00fdch modulov zo syst\u00e9mu oce\u013eov\u00fdch profilov, pri\u010dom bude zaraden\u00e1 do energetickej triedy A0 a bude sp\u013a\u0148a\u0165 v\u0161etky modern\u00e9 ekologick\u00e9 trendy. Okrem toho, v\u010faka realizovan\u00e9mu technick\u00e9mu rie\u0161eniu bude v pr\u00edpade potreby mo\u017en\u00e9 ve\u013emi r\u00fdchlo a efekt\u00edvne roz\u0161\u00edri\u0165 kapacity M\u0160 doplnen\u00edm \u010fal\u0161\u00edch stavebn\u00fdch modulov. Projekt je spolufinancovan\u00fd zo zdrojov Eur\u00f3pskej \u00fanie.<\/p>\n\n\n\n<p><\/p>\n\n\n\nngg_shortcode_0_placeholder\n","protected":false},"excerpt":{"rendered":"<p>Projekt, ktor\u00fd inicioval a realizoval b\u00fdval\u00fd minister obrany &#8211; v\u00fdstavba \u0161k\u00f4lky pre deti zamestnancov rezortu v priestoroch ministerstva obrany v Bratislave je pred dokon\u010den\u00edm. Jaroslav Na\u010f hovor\u00ed, \u017ee ide o prv\u00fa lastovi\u010dku, ktor\u00e1 by mohla by\u0165 in\u0161pir\u00e1ciou \u010fal\u0161\u00edm rezortom. Predseda Demokratov ozna\u010duje projekt, ktor\u00fd je aktu\u00e1lne pred dokon\u010den\u00edm za formu efekt\u00edvnej pomoci zamestnancom rezortu a [&hellip;]<\/p>\n","protected":false},"author":13,"featured_media":3757,"comment_status":"closed","ping_status":"closed","sticky":false,"template":"","format":"standard","meta":{"_acf_changed":false,"ngg_post_thumbnail":0,"footnotes":""},"categories":[4],"tags":[],"class_list":["post-3756","post","type-post","status-publish","format-standard","has-post-thumbnail","hentry","category-tlacove-spravy"],"acf":[],"yoast_head":"<!-- This site is optimized with the Yoast SEO plugin v27.2 - https:\/\/yoast.com\/product\/yoast-seo-wordpress\/ -->\n<title>Projekt exministra Na\u010fa je pred dokon\u010den\u00edm: takto vyzer\u00e1 prv\u00e1 rezortn\u00e1 matersk\u00e1 \u0161k\u00f4lka\u00a0na Slovensku - Smedemokrati.sk<\/title>\n<meta name=\"robots\" content=\"index, follow, max-snippet:-1, max-image-preview:large, max-video-preview:-1\" \/>\n<link rel=\"canonical\" href=\"https:\/\/www.smedemokrati.sk\/sv\/projekt-exministra-nada-je-pred-dokoncenim-takto-vyzera-prva-rezortna-materska-skolka-na-slovensku\/\" \/>\n<meta property=\"og:locale\" content=\"sv_SE\" \/>\n<meta property=\"og:locale:alternate\" content=\"en_US\" \/>\n<meta property=\"og:locale:alternate\" content=\"cs_CZ\" \/>\n<meta property=\"og:locale:alternate\" content=\"hu_HU\" \/>\n<meta property=\"og:locale:alternate\" content=\"sk_SK\" \/>\n<meta property=\"og:type\" content=\"article\" \/>\n<meta property=\"og:title\" content=\"Projekt exministra Na\u010fa je pred dokon\u010den\u00edm: takto vyzer\u00e1 prv\u00e1 rezortn\u00e1 matersk\u00e1 \u0161k\u00f4lka\u00a0na Slovensku - Smedemokrati.sk\" \/>\n<meta property=\"og:description\" content=\"Projekt, ktor\u00fd inicioval a realizoval b\u00fdval\u00fd minister obrany &#8211; v\u00fdstavba \u0161k\u00f4lky pre deti zamestnancov rezortu v priestoroch ministerstva obrany v Bratislave je pred dokon\u010den\u00edm. Jaroslav Na\u010f hovor\u00ed, \u017ee ide o prv\u00fa lastovi\u010dku, ktor\u00e1 by mohla by\u0165 in\u0161pir\u00e1ciou \u010fal\u0161\u00edm rezortom. Predseda Demokratov ozna\u010duje projekt, ktor\u00fd je aktu\u00e1lne pred dokon\u010den\u00edm za formu efekt\u00edvnej pomoci zamestnancom rezortu a [&hellip;]\" \/>\n<meta property=\"og:url\" content=\"https:\/\/www.smedemokrati.sk\/sv\/projekt-exministra-nada-je-pred-dokoncenim-takto-vyzera-prva-rezortna-materska-skolka-na-slovensku\/\" \/>\n<meta property=\"og:site_name\" content=\"Smedemokrati.sk\" \/>\n<meta property=\"article:publisher\" content=\"https:\/\/www.facebook.com\/smedemokrati2023\" \/>\n<meta property=\"article:published_time\" content=\"2024-04-15T11:27:53+00:00\" \/>\n<meta property=\"article:modified_time\" content=\"2024-04-22T09:25:02+00:00\" \/>\n<meta property=\"og:image\" content=\"https:\/\/www.smedemokrati.sk\/wp-content\/uploads\/2024\/04\/IMG_2942.jpg\" \/>\n\t<meta property=\"og:image:width\" content=\"1024\" \/>\n\t<meta property=\"og:image:height\" content=\"768\" \/>\n\t<meta property=\"og:image:type\" content=\"image\/jpeg\" \/>\n<meta name=\"author\" content=\"miro.sopko\" \/>\n<meta name=\"twitter:card\" content=\"summary_large_image\" \/>\n<meta name=\"twitter:label1\" content=\"Skriven av\" \/>\n\t<meta name=\"twitter:data1\" content=\"miro.sopko\" \/>\n\t<meta name=\"twitter:label2\" content=\"Ber\u00e4knad l\u00e4stid\" \/>\n\t<meta name=\"twitter:data2\" content=\"2 minuter\" \/>\n<script type=\"application\/ld+json\" class=\"yoast-schema-graph\">{\"@context\":\"https:\/\/schema.org\",\"@graph\":[{\"@type\":\"Article\",\"@id\":\"https:\/\/www.smedemokrati.sk\/projekt-exministra-nada-je-pred-dokoncenim-takto-vyzera-prva-rezortna-materska-skolka-na-slovensku\/#article\",\"isPartOf\":{\"@id\":\"https:\/\/www.smedemokrati.sk\/projekt-exministra-nada-je-pred-dokoncenim-takto-vyzera-prva-rezortna-materska-skolka-na-slovensku\/\"},\"author\":{\"name\":\"miro.sopko\",\"@id\":\"https:\/\/www.smedemokrati.sk\/#\/schema\/person\/21f147c88d605aa7ded900e1e7c344ba\"},\"headline\":\"Projekt exministra Na\u010fa je pred dokon\u010den\u00edm: takto vyzer\u00e1 prv\u00e1 rezortn\u00e1 matersk\u00e1 \u0161k\u00f4lka\u00a0na Slovensku\",\"datePublished\":\"2024-04-15T11:27:53+00:00\",\"dateModified\":\"2024-04-22T09:25:02+00:00\",\"mainEntityOfPage\":{\"@id\":\"https:\/\/www.smedemokrati.sk\/projekt-exministra-nada-je-pred-dokoncenim-takto-vyzera-prva-rezortna-materska-skolka-na-slovensku\/\"},\"wordCount\":310,\"publisher\":{\"@id\":\"https:\/\/www.smedemokrati.sk\/#organization\"},\"image\":{\"@id\":\"https:\/\/www.smedemokrati.sk\/projekt-exministra-nada-je-pred-dokoncenim-takto-vyzera-prva-rezortna-materska-skolka-na-slovensku\/#primaryimage\"},\"thumbnailUrl\":\"https:\/\/www.smedemokrati.sk\/wp-content\/uploads\/2024\/04\/IMG_2942.jpg\",\"articleSection\":[\"Tla\u010dov\u00e9 spr\u00e1vy\"],\"inLanguage\":\"sv-SE\"},{\"@type\":\"WebPage\",\"@id\":\"https:\/\/www.smedemokrati.sk\/projekt-exministra-nada-je-pred-dokoncenim-takto-vyzera-prva-rezortna-materska-skolka-na-slovensku\/\",\"url\":\"https:\/\/www.smedemokrati.sk\/projekt-exministra-nada-je-pred-dokoncenim-takto-vyzera-prva-rezortna-materska-skolka-na-slovensku\/\",\"name\":\"Projekt exministra Na\u010fa je pred dokon\u010den\u00edm: takto vyzer\u00e1 prv\u00e1 rezortn\u00e1 matersk\u00e1 \u0161k\u00f4lka\u00a0na Slovensku - Smedemokrati.sk\",\"isPartOf\":{\"@id\":\"https:\/\/www.smedemokrati.sk\/#website\"},\"primaryImageOfPage\":{\"@id\":\"https:\/\/www.smedemokrati.sk\/projekt-exministra-nada-je-pred-dokoncenim-takto-vyzera-prva-rezortna-materska-skolka-na-slovensku\/#primaryimage\"},\"image\":{\"@id\":\"https:\/\/www.smedemokrati.sk\/projekt-exministra-nada-je-pred-dokoncenim-takto-vyzera-prva-rezortna-materska-skolka-na-slovensku\/#primaryimage\"},\"thumbnailUrl\":\"https:\/\/www.smedemokrati.sk\/wp-content\/uploads\/2024\/04\/IMG_2942.jpg\",\"datePublished\":\"2024-04-15T11:27:53+00:00\",\"dateModified\":\"2024-04-22T09:25:02+00:00\",\"breadcrumb\":{\"@id\":\"https:\/\/www.smedemokrati.sk\/projekt-exministra-nada-je-pred-dokoncenim-takto-vyzera-prva-rezortna-materska-skolka-na-slovensku\/#breadcrumb\"},\"inLanguage\":\"sv-SE\",\"potentialAction\":[{\"@type\":\"ReadAction\",\"target\":[\"https:\/\/www.smedemokrati.sk\/projekt-exministra-nada-je-pred-dokoncenim-takto-vyzera-prva-rezortna-materska-skolka-na-slovensku\/\"]}]},{\"@type\":\"ImageObject\",\"inLanguage\":\"sv-SE\",\"@id\":\"https:\/\/www.smedemokrati.sk\/projekt-exministra-nada-je-pred-dokoncenim-takto-vyzera-prva-rezortna-materska-skolka-na-slovensku\/#primaryimage\",\"url\":\"https:\/\/www.smedemokrati.sk\/wp-content\/uploads\/2024\/04\/IMG_2942.jpg\",\"contentUrl\":\"https:\/\/www.smedemokrati.sk\/wp-content\/uploads\/2024\/04\/IMG_2942.jpg\",\"width\":1024,\"height\":768},{\"@type\":\"BreadcrumbList\",\"@id\":\"https:\/\/www.smedemokrati.sk\/projekt-exministra-nada-je-pred-dokoncenim-takto-vyzera-prva-rezortna-materska-skolka-na-slovensku\/#breadcrumb\",\"itemListElement\":[{\"@type\":\"ListItem\",\"position\":1,\"name\":\"Domovsk\u00e1 str\u00e1nka\",\"item\":\"https:\/\/www.smedemokrati.sk\/\"},{\"@type\":\"ListItem\",\"position\":2,\"name\":\"Projekt exministra Na\u010fa je pred dokon\u010den\u00edm: takto vyzer\u00e1 prv\u00e1 rezortn\u00e1 matersk\u00e1 \u0161k\u00f4lka\u00a0na Slovensku\"}]},{\"@type\":\"WebSite\",\"@id\":\"https:\/\/www.smedemokrati.sk\/#website\",\"url\":\"https:\/\/www.smedemokrati.sk\/\",\"name\":\"Smedemokrati.sk\",\"description\":\"Demokracia a slu\u0161nos\u0165 zv\u00ed\u0165az\u00ed\",\"publisher\":{\"@id\":\"https:\/\/www.smedemokrati.sk\/#organization\"},\"potentialAction\":[{\"@type\":\"SearchAction\",\"target\":{\"@type\":\"EntryPoint\",\"urlTemplate\":\"https:\/\/www.smedemokrati.sk\/?s={search_term_string}\"},\"query-input\":{\"@type\":\"PropertyValueSpecification\",\"valueRequired\":true,\"valueName\":\"search_term_string\"}}],\"inLanguage\":\"sv-SE\"},{\"@type\":\"Organization\",\"@id\":\"https:\/\/www.smedemokrati.sk\/#organization\",\"name\":\"Smedemokrati.sk\",\"url\":\"https:\/\/www.smedemokrati.sk\/\",\"logo\":{\"@type\":\"ImageObject\",\"inLanguage\":\"sv-SE\",\"@id\":\"https:\/\/www.smedemokrati.sk\/#\/schema\/logo\/image\/\",\"url\":\"https:\/\/www.smedemokrati.sk\/wp-content\/uploads\/2023\/04\/ff.002.jpeg\",\"contentUrl\":\"https:\/\/www.smedemokrati.sk\/wp-content\/uploads\/2023\/04\/ff.002.jpeg\",\"width\":640,\"height\":480,\"caption\":\"Smedemokrati.sk\"},\"image\":{\"@id\":\"https:\/\/www.smedemokrati.sk\/#\/schema\/logo\/image\/\"},\"sameAs\":[\"https:\/\/www.facebook.com\/smedemokrati2023\"]},{\"@type\":\"Person\",\"@id\":\"https:\/\/www.smedemokrati.sk\/#\/schema\/person\/21f147c88d605aa7ded900e1e7c344ba\",\"name\":\"miro.sopko\",\"image\":{\"@type\":\"ImageObject\",\"inLanguage\":\"sv-SE\",\"@id\":\"https:\/\/secure.gravatar.com\/avatar\/267e4a36f704376c109afe3a78740c1f5dd8675a2180a908699e7863c9247606?s=96&d=mm&r=g\",\"url\":\"https:\/\/secure.gravatar.com\/avatar\/267e4a36f704376c109afe3a78740c1f5dd8675a2180a908699e7863c9247606?s=96&d=mm&r=g\",\"contentUrl\":\"https:\/\/secure.gravatar.com\/avatar\/267e4a36f704376c109afe3a78740c1f5dd8675a2180a908699e7863c9247606?s=96&d=mm&r=g\",\"caption\":\"miro.sopko\"},\"url\":\"https:\/\/www.smedemokrati.sk\/sv\/author\/miro-sopko\/\"}]}<\/script>\n<!-- \/ Yoast SEO plugin. -->","yoast_head_json":{"title":"Projekt exministra Na\u010fa je pred dokon\u010den\u00edm: takto vyzer\u00e1 prv\u00e1 rezortn\u00e1 matersk\u00e1 \u0161k\u00f4lka\u00a0na Slovensku - Smedemokrati.sk","robots":{"index":"index","follow":"follow","max-snippet":"max-snippet:-1","max-image-preview":"max-image-preview:large","max-video-preview":"max-video-preview:-1"},"canonical":"https:\/\/www.smedemokrati.sk\/sv\/projekt-exministra-nada-je-pred-dokoncenim-takto-vyzera-prva-rezortna-materska-skolka-na-slovensku\/","og_locale":"sv_SE","og_type":"article","og_title":"Projekt exministra Na\u010fa je pred dokon\u010den\u00edm: takto vyzer\u00e1 prv\u00e1 rezortn\u00e1 matersk\u00e1 \u0161k\u00f4lka\u00a0na Slovensku - Smedemokrati.sk","og_description":"Projekt, ktor\u00fd inicioval a realizoval b\u00fdval\u00fd minister obrany &#8211; v\u00fdstavba \u0161k\u00f4lky pre deti zamestnancov rezortu v priestoroch ministerstva obrany v Bratislave je pred dokon\u010den\u00edm. Jaroslav Na\u010f hovor\u00ed, \u017ee ide o prv\u00fa lastovi\u010dku, ktor\u00e1 by mohla by\u0165 in\u0161pir\u00e1ciou \u010fal\u0161\u00edm rezortom. Predseda Demokratov ozna\u010duje projekt, ktor\u00fd je aktu\u00e1lne pred dokon\u010den\u00edm za formu efekt\u00edvnej pomoci zamestnancom rezortu a [&hellip;]","og_url":"https:\/\/www.smedemokrati.sk\/sv\/projekt-exministra-nada-je-pred-dokoncenim-takto-vyzera-prva-rezortna-materska-skolka-na-slovensku\/","og_site_name":"Smedemokrati.sk","article_publisher":"https:\/\/www.facebook.com\/smedemokrati2023","article_published_time":"2024-04-15T11:27:53+00:00","article_modified_time":"2024-04-22T09:25:02+00:00","og_image":[{"width":1024,"height":768,"url":"https:\/\/www.smedemokrati.sk\/wp-content\/uploads\/2024\/04\/IMG_2942.jpg","type":"image\/jpeg"}],"author":"miro.sopko","twitter_card":"summary_large_image","twitter_misc":{"Skriven av":"miro.sopko","Ber\u00e4knad l\u00e4stid":"2 minuter"},"schema":{"@context":"https:\/\/schema.org","@graph":[{"@type":"Article","@id":"https:\/\/www.smedemokrati.sk\/projekt-exministra-nada-je-pred-dokoncenim-takto-vyzera-prva-rezortna-materska-skolka-na-slovensku\/#article","isPartOf":{"@id":"https:\/\/www.smedemokrati.sk\/projekt-exministra-nada-je-pred-dokoncenim-takto-vyzera-prva-rezortna-materska-skolka-na-slovensku\/"},"author":{"name":"miro.sopko","@id":"https:\/\/www.smedemokrati.sk\/#\/schema\/person\/21f147c88d605aa7ded900e1e7c344ba"},"headline":"Projekt exministra Na\u010fa je pred dokon\u010den\u00edm: takto vyzer\u00e1 prv\u00e1 rezortn\u00e1 matersk\u00e1 \u0161k\u00f4lka\u00a0na Slovensku","datePublished":"2024-04-15T11:27:53+00:00","dateModified":"2024-04-22T09:25:02+00:00","mainEntityOfPage":{"@id":"https:\/\/www.smedemokrati.sk\/projekt-exministra-nada-je-pred-dokoncenim-takto-vyzera-prva-rezortna-materska-skolka-na-slovensku\/"},"wordCount":310,"publisher":{"@id":"https:\/\/www.smedemokrati.sk\/#organization"},"image":{"@id":"https:\/\/www.smedemokrati.sk\/projekt-exministra-nada-je-pred-dokoncenim-takto-vyzera-prva-rezortna-materska-skolka-na-slovensku\/#primaryimage"},"thumbnailUrl":"https:\/\/www.smedemokrati.sk\/wp-content\/uploads\/2024\/04\/IMG_2942.jpg","articleSection":["Tla\u010dov\u00e9 spr\u00e1vy"],"inLanguage":"sv-SE"},{"@type":"WebPage","@id":"https:\/\/www.smedemokrati.sk\/projekt-exministra-nada-je-pred-dokoncenim-takto-vyzera-prva-rezortna-materska-skolka-na-slovensku\/","url":"https:\/\/www.smedemokrati.sk\/projekt-exministra-nada-je-pred-dokoncenim-takto-vyzera-prva-rezortna-materska-skolka-na-slovensku\/","name":"Projekt exministra Na\u010fa je pred dokon\u010den\u00edm: takto vyzer\u00e1 prv\u00e1 rezortn\u00e1 matersk\u00e1 \u0161k\u00f4lka\u00a0na Slovensku - Smedemokrati.sk","isPartOf":{"@id":"https:\/\/www.smedemokrati.sk\/#website"},"primaryImageOfPage":{"@id":"https:\/\/www.smedemokrati.sk\/projekt-exministra-nada-je-pred-dokoncenim-takto-vyzera-prva-rezortna-materska-skolka-na-slovensku\/#primaryimage"},"image":{"@id":"https:\/\/www.smedemokrati.sk\/projekt-exministra-nada-je-pred-dokoncenim-takto-vyzera-prva-rezortna-materska-skolka-na-slovensku\/#primaryimage"},"thumbnailUrl":"https:\/\/www.smedemokrati.sk\/wp-content\/uploads\/2024\/04\/IMG_2942.jpg","datePublished":"2024-04-15T11:27:53+00:00","dateModified":"2024-04-22T09:25:02+00:00","breadcrumb":{"@id":"https:\/\/www.smedemokrati.sk\/projekt-exministra-nada-je-pred-dokoncenim-takto-vyzera-prva-rezortna-materska-skolka-na-slovensku\/#breadcrumb"},"inLanguage":"sv-SE","potentialAction":[{"@type":"ReadAction","target":["https:\/\/www.smedemokrati.sk\/projekt-exministra-nada-je-pred-dokoncenim-takto-vyzera-prva-rezortna-materska-skolka-na-slovensku\/"]}]},{"@type":"ImageObject","inLanguage":"sv-SE","@id":"https:\/\/www.smedemokrati.sk\/projekt-exministra-nada-je-pred-dokoncenim-takto-vyzera-prva-rezortna-materska-skolka-na-slovensku\/#primaryimage","url":"https:\/\/www.smedemokrati.sk\/wp-content\/uploads\/2024\/04\/IMG_2942.jpg","contentUrl":"https:\/\/www.smedemokrati.sk\/wp-content\/uploads\/2024\/04\/IMG_2942.jpg","width":1024,"height":768},{"@type":"BreadcrumbList","@id":"https:\/\/www.smedemokrati.sk\/projekt-exministra-nada-je-pred-dokoncenim-takto-vyzera-prva-rezortna-materska-skolka-na-slovensku\/#breadcrumb","itemListElement":[{"@type":"ListItem","position":1,"name":"Domovsk\u00e1 str\u00e1nka","item":"https:\/\/www.smedemokrati.sk\/"},{"@type":"ListItem","position":2,"name":"Projekt exministra Na\u010fa je pred dokon\u010den\u00edm: takto vyzer\u00e1 prv\u00e1 rezortn\u00e1 matersk\u00e1 \u0161k\u00f4lka\u00a0na Slovensku"}]},{"@type":"WebSite","@id":"https:\/\/www.smedemokrati.sk\/#website","url":"https:\/\/www.smedemokrati.sk\/","name":"Smedemokrati.sk","description":"Demokracia a slu\u0161nos\u0165 zv\u00ed\u0165az\u00ed","publisher":{"@id":"https:\/\/www.smedemokrati.sk\/#organization"},"potentialAction":[{"@type":"SearchAction","target":{"@type":"EntryPoint","urlTemplate":"https:\/\/www.smedemokrati.sk\/?s={search_term_string}"},"query-input":{"@type":"PropertyValueSpecification","valueRequired":true,"valueName":"search_term_string"}}],"inLanguage":"sv-SE"},{"@type":"Organization","@id":"https:\/\/www.smedemokrati.sk\/#organization","name":"Smedemokrati.sk","url":"https:\/\/www.smedemokrati.sk\/","logo":{"@type":"ImageObject","inLanguage":"sv-SE","@id":"https:\/\/www.smedemokrati.sk\/#\/schema\/logo\/image\/","url":"https:\/\/www.smedemokrati.sk\/wp-content\/uploads\/2023\/04\/ff.002.jpeg","contentUrl":"https:\/\/www.smedemokrati.sk\/wp-content\/uploads\/2023\/04\/ff.002.jpeg","width":640,"height":480,"caption":"Smedemokrati.sk"},"image":{"@id":"https:\/\/www.smedemokrati.sk\/#\/schema\/logo\/image\/"},"sameAs":["https:\/\/www.facebook.com\/smedemokrati2023"]},{"@type":"Person","@id":"https:\/\/www.smedemokrati.sk\/#\/schema\/person\/21f147c88d605aa7ded900e1e7c344ba","name":"miro.sopko","image":{"@type":"ImageObject","inLanguage":"sv-SE","@id":"https:\/\/secure.gravatar.com\/avatar\/267e4a36f704376c109afe3a78740c1f5dd8675a2180a908699e7863c9247606?s=96&d=mm&r=g","url":"https:\/\/secure.gravatar.com\/avatar\/267e4a36f704376c109afe3a78740c1f5dd8675a2180a908699e7863c9247606?s=96&d=mm&r=g","contentUrl":"https:\/\/secure.gravatar.com\/avatar\/267e4a36f704376c109afe3a78740c1f5dd8675a2180a908699e7863c9247606?s=96&d=mm&r=g","caption":"miro.sopko"},"url":"https:\/\/www.smedemokrati.sk\/sv\/author\/miro-sopko\/"}]}},"_links":{"self":[{"href":"https:\/\/www.smedemokrati.sk\/sv\/wp-json\/wp\/v2\/posts\/3756","targetHints":{"allow":["GET"]}}],"collection":[{"href":"https:\/\/www.smedemokrati.sk\/sv\/wp-json\/wp\/v2\/posts"}],"about":[{"href":"https:\/\/www.smedemokrati.sk\/sv\/wp-json\/wp\/v2\/types\/post"}],"author":[{"embeddable":true,"href":"https:\/\/www.smedemokrati.sk\/sv\/wp-json\/wp\/v2\/users\/13"}],"replies":[{"embeddable":true,"href":"https:\/\/www.smedemokrati.sk\/sv\/wp-json\/wp\/v2\/comments?post=3756"}],"version-history":[{"count":5,"href":"https:\/\/www.smedemokrati.sk\/sv\/wp-json\/wp\/v2\/posts\/3756\/revisions"}],"predecessor-version":[{"id":3810,"href":"https:\/\/www.smedemokrati.sk\/sv\/wp-json\/wp\/v2\/posts\/3756\/revisions\/3810"}],"wp:featuredmedia":[{"embeddable":true,"href":"https:\/\/www.smedemokrati.sk\/sv\/wp-json\/wp\/v2\/media\/3757"}],"wp:attachment":[{"href":"https:\/\/www.smedemokrati.sk\/sv\/wp-json\/wp\/v2\/media?parent=3756"}],"wp:term":[{"taxonomy":"category","embeddable":true,"href":"https:\/\/www.smedemokrati.sk\/sv\/wp-json\/wp\/v2\/categories?post=3756"},{"taxonomy":"post_tag","embeddable":true,"href":"https:\/\/www.smedemokrati.sk\/sv\/wp-json\/wp\/v2\/tags?post=3756"}],"curies":[{"name":"wp","href":"https:\/\/api.w.org\/{rel}","templated":true}]}}