{"id":3608,"date":"2024-04-10T10:49:25","date_gmt":"2024-04-10T09:49:25","guid":{"rendered":"https:\/\/www.smedemokrati.sk\/?p=3608"},"modified":"2024-04-16T18:42:19","modified_gmt":"2024-04-16T17:42:19","slug":"neustupime","status":"publish","type":"post","link":"https:\/\/www.smedemokrati.sk\/sv\/neustupime\/","title":{"rendered":"Neust\u00fapime"},"content":{"rendered":"<div id=\"fb-root\"><\/div>\n\n<p><strong>Demokrati od\u0161tartovali kampa\u0148 do Eur\u00f3pskeho parlamentu. Slogany z billboardov, ktor\u00e9 zaujali cel\u00e9 Slovensko, s\u00fa cielen\u00fdm mementom, \u017ee ak si zvol\u00edme do eur\u00f3pskeho zast\u00fapenia prorusk\u00fdch prisluhova\u010dov a extr\u00e9mistov, cel\u00fd svet bude Slovensko pozna\u0165 ako t\u00fdch, ktor\u00ed hovoria, \u017ee \u201eE\u00da a NATO nepotrebujeme\u201d, \u201eSkutok sa nestal\u201d, \u201eBez Ruska nepre\u017eijeme\u201d.\u00a0<\/strong><\/p>\n\n\n\n<p>Strana pod veden\u00edm Jaroslava Na\u010fa hovor\u00ed, \u017ee demokratick\u00e9 spektrum prehralo u\u017e dve politick\u00e9 s\u00fa\u0165a\u017ee a je na \u010dase r\u00e1zne zakro\u010di\u0165:\u00a0<em><em><em>\u201e<\/em><\/em>Proti zlu sa v rukavi\u010dk\u00e1ch nevyhr\u00e1va, je na \u010dase vybra\u0165 zo skrine boxersk\u00e9 rukavice. Pozn\u00e1te n\u00e1s a viete, \u017ee sa neboj\u00edme poveda\u0165 pravdu, nech je akoko\u013evek tvrd\u00e1. \u00c1no, zad\u00e1vate\u013emi tejto reklamy s\u00fa Demokrati, no autormi t\u00fdchto \u0161kandal\u00f3znych sloganov s\u00fa Fico, Danko, Pellegrini a ak ste ich zbadali a pob\u00farili v\u00e1s, je to spr\u00e1vne. Aj n\u00e1s pob\u00farili u\u017e v \u010dase, ke\u010f tieto hesl\u00e1 ako rusk\u00e9 hlasn\u00e9 tr\u00faby vykrikovali pred cel\u00fdm Slovenskom. Garantujem v\u00e1m, \u017ee ak t\u00fdchto kump\u00e1nov po\u0161leme do Eur\u00f3pskeho parlamentu, toto ist\u00e9 bud\u00fa hl\u00e1sa\u0165 aj tam. Tak\u00e9 Slovensko chceme v zahrani\u010d\u00ed, takto chceme, aby n\u00e1s poznali? Odmietame sa na tomto proruskom kolaborantstve podie\u013ea\u0165 v zahrani\u010d\u00ed,\u201d<\/em>\u00a0povedal Na\u010f a uviedol, \u017ee zo soboty na nede\u013eu, po prezidentsk\u00fdch vo\u013eb\u00e1ch bolo vylepen\u00fdch 99 billboardov.\u00a0<\/p>\n\n\n\n<p>Predseda Demokratov hovor\u00ed, \u017ee u\u017e v najbli\u017e\u0161\u00edch d\u0148och je napl\u00e1novan\u00e1 druh\u00e1 f\u00e1za kampane (no nie posledn\u00e1), kedy sa na billboardoch objav\u00ed web\u00a0<a href=\"https:\/\/neustupime.sk\/\" target=\"_blank\" rel=\"noreferrer noopener\">neustupime.sk<\/a>, ktor\u00fd bude odkazova\u0165 na z\u00e1kladn\u00e9 programov\u00e9 body do eurovolieb a tie\u017e zoznam kandid\u00e1tov za stranu Demokrati. Navy\u0161e, pripravenou grafikou bud\u00fa slogany zmenen\u00e9 na: \u201eE\u00da a NATO potrebujeme\u201d, \u201eSkutok sa stal\u201d, \u201eUkrajina je priate\u013e\u201d a \u201eBez Ruska pre\u017eijeme\u201d:\u00a0<em><em><em><em>\u201e<\/em><\/em><\/em>Na\u0161u zahrani\u010dn\u00fa politiku nem\u00f4\u017ee nikto spochybni\u0165. Ukrajine sme pomohli najviac, ako sme len vedeli. Tvrdo sme upozor\u0148ovali na rusk\u00e9 z\u00e1sahy \u010di u\u017e do predvolebnej kampane alebo do na\u0161ej bezpe\u010dnosti a r\u00e1zne sme zakro\u010dili. Denno-denne sme upozor\u0148ovali, \u017ee skutok sa stal a \u017eia\u013e, nie jeden. Na na\u0161ich hodnot\u00e1ch sme ni\u010d nezmenili a ani nezmen\u00edme.<em>&#8221;<\/em>\u00a0<\/em><\/p>\n\n\n\n<p>Juraj \u0160eliga, podpredseda Demokratov hovor\u00ed, \u017ee tieto slogany s\u00fa tvrdou realitou a odpove\u010fou na ne je dobre pripraven\u00e1 kandid\u00e1tka strany Demokrati:\u00a0<em><em><em><em>\u201e<\/em><\/em><\/em>Fico u\u017e za\u010dal pripravova\u0165 verejnos\u0165 na to, \u017ee n\u00e1m pre jeho katastrof\u00e1lnu politiku zastavia eurofondy. Bude si h\u013eada\u0165 vinn\u00edkov, no cel\u00e1 E\u00da a cel\u00fd demokratick\u00fd svet ukazuje a ve\u013emi opr\u00e1vnene prstom na neho. U\u017e iba \u010dak\u00e1m, kedy Fico pou\u017eije Me\u010diarove slov\u00e1: ke\u010f n\u00e1s nechc\u00fa na z\u00e1pade, p\u00f4jdeme na v\u00fdchod. O tomto mus\u00edme hovori\u0165, aby sme sa po eurovo\u013eb\u00e1ch neprebudili do smutn\u00e9ho r\u00e1na. My jednoducho neust\u00fapime!&#8221;<\/em><\/p>\n\n\n\n<p>Jaroslav Na\u010f po\u010fakoval v\u0161etk\u00fdm, ktor\u00ed sa stali s\u00fa\u010das\u0165ou kampane:\u00a0<em><em><em><em><em>\u201e<\/em><\/em><\/em><\/em>\u010eakujem v\u0161etk\u00fdm, ktor\u00ed zdie\u013eali tento obsah, alebo dokonca, ve\u013emi spr\u00e1vne tieto hesl\u00e1 \u0161krtali priamo na billboardoch. \u010ci to boli ob\u010dianske zdru\u017eenia, r\u00f4zne mimovl\u00e1dne organiz\u00e1cie alebo in\u00e9 politick\u00e9 strany. \u010eakujem, \u017ee ste sa stali akt\u00edvnou s\u00fa\u010das\u0165ou na\u0161ej kampane a spolu sme upozornili na t\u00e9my, ktor\u00e9 s\u00fa pre Slovensko a Eur\u00f3pu doslova existen\u010dn\u00e9, neust\u00fapime,\u201d\u00a0<\/em>povedal Jaroslav Na\u010f.<\/p>\n\n\n<div class=\"wp-block-image\">\n<figure class=\"alignleft size-medium\"><img decoding=\"async\" width=\"240\" height=\"300\" src=\"https:\/\/www.smedemokrati.sk\/wp-content\/uploads\/2024\/04\/image00003-240x300.png\" alt=\"\" class=\"wp-image-3621\" srcset=\"https:\/\/www.smedemokrati.sk\/wp-content\/uploads\/2024\/04\/image00003-240x300.png 240w, https:\/\/www.smedemokrati.sk\/wp-content\/uploads\/2024\/04\/image00003-819x1024.png 819w, https:\/\/www.smedemokrati.sk\/wp-content\/uploads\/2024\/04\/image00003-768x960.png 768w, https:\/\/www.smedemokrati.sk\/wp-content\/uploads\/2024\/04\/image00003-1229x1536.png 1229w, https:\/\/www.smedemokrati.sk\/wp-content\/uploads\/2024\/04\/image00003.png 1500w\" sizes=\"(max-width: 240px) 100vw, 240px\" \/><\/figure>\n<\/div>\n\n\n<figure class=\"wp-block-image size-medium\"><img decoding=\"async\" width=\"240\" height=\"300\" src=\"https:\/\/www.smedemokrati.sk\/wp-content\/uploads\/2024\/04\/image00004-240x300.png\" alt=\"\" class=\"wp-image-3618\" srcset=\"https:\/\/www.smedemokrati.sk\/wp-content\/uploads\/2024\/04\/image00004-240x300.png 240w, https:\/\/www.smedemokrati.sk\/wp-content\/uploads\/2024\/04\/image00004-819x1024.png 819w, https:\/\/www.smedemokrati.sk\/wp-content\/uploads\/2024\/04\/image00004-768x960.png 768w, https:\/\/www.smedemokrati.sk\/wp-content\/uploads\/2024\/04\/image00004-1229x1536.png 1229w, https:\/\/www.smedemokrati.sk\/wp-content\/uploads\/2024\/04\/image00004.png 1500w\" sizes=\"(max-width: 240px) 100vw, 240px\" \/><\/figure>\n\n\n<div class=\"wp-block-image\">\n<figure class=\"alignleft size-medium\"><img decoding=\"async\" width=\"240\" height=\"300\" src=\"https:\/\/www.smedemokrati.sk\/wp-content\/uploads\/2024\/04\/image00001-240x300.png\" alt=\"\" class=\"wp-image-3619\" srcset=\"https:\/\/www.smedemokrati.sk\/wp-content\/uploads\/2024\/04\/image00001-240x300.png 240w, https:\/\/www.smedemokrati.sk\/wp-content\/uploads\/2024\/04\/image00001-819x1024.png 819w, https:\/\/www.smedemokrati.sk\/wp-content\/uploads\/2024\/04\/image00001-768x960.png 768w, https:\/\/www.smedemokrati.sk\/wp-content\/uploads\/2024\/04\/image00001-1229x1536.png 1229w, https:\/\/www.smedemokrati.sk\/wp-content\/uploads\/2024\/04\/image00001.png 1500w\" sizes=\"(max-width: 240px) 100vw, 240px\" \/><\/figure>\n<\/div>\n\n<div class=\"wp-block-image\">\n<figure class=\"alignleft size-medium\"><img decoding=\"async\" width=\"240\" height=\"300\" src=\"https:\/\/www.smedemokrati.sk\/wp-content\/uploads\/2024\/04\/image00002-240x300.png\" alt=\"\" class=\"wp-image-3620\" srcset=\"https:\/\/www.smedemokrati.sk\/wp-content\/uploads\/2024\/04\/image00002-240x300.png 240w, https:\/\/www.smedemokrati.sk\/wp-content\/uploads\/2024\/04\/image00002-819x1024.png 819w, https:\/\/www.smedemokrati.sk\/wp-content\/uploads\/2024\/04\/image00002-768x960.png 768w, https:\/\/www.smedemokrati.sk\/wp-content\/uploads\/2024\/04\/image00002-1229x1536.png 1229w, https:\/\/www.smedemokrati.sk\/wp-content\/uploads\/2024\/04\/image00002.png 1500w\" sizes=\"(max-width: 240px) 100vw, 240px\" \/><\/figure>\n<\/div>\n\n\n<iframe src=\"https:\/\/www.facebook.com\/plugins\/video.php?href=https%3A%2F%2Fwww.facebook.com%2Fsmedemokrati2023%2Fvideos%2F1448255706116991%2F&#038;width=600&#038;show_text=false&#038;appId=361313990972954&#038;height=338\" width=\"600\" height=\"338\" style=\"border:none;overflow:hidden\" scrolling=\"no\" frameborder=\"0\" allowfullscreen=\"true\" allow=\"autoplay; clipboard-write; encrypted-media; picture-in-picture; web-share\" allowFullScreen=\"true\"><\/iframe>\n","protected":false},"excerpt":{"rendered":"<p>Demokrati od\u0161tartovali kampa\u0148 do Eur\u00f3pskeho parlamentu. Slogany z billboardov, ktor\u00e9 zaujali cel\u00e9 Slovensko, s\u00fa cielen\u00fdm mementom, \u017ee ak si zvol\u00edme do eur\u00f3pskeho zast\u00fapenia prorusk\u00fdch prisluhova\u010dov a extr\u00e9mistov, cel\u00fd svet bude Slovensko pozna\u0165 ako t\u00fdch, ktor\u00ed hovoria, \u017ee \u201eE\u00da a NATO nepotrebujeme\u201d, \u201eSkutok sa nestal\u201d, \u201eBez Ruska nepre\u017eijeme\u201d.\u00a0 Strana pod veden\u00edm Jaroslava Na\u010fa hovor\u00ed, \u017ee demokratick\u00e9 [&hellip;]<\/p>\n","protected":false},"author":13,"featured_media":3616,"comment_status":"closed","ping_status":"closed","sticky":false,"template":"","format":"standard","meta":{"_acf_changed":false,"ngg_post_thumbnail":0,"footnotes":""},"categories":[4],"tags":[],"class_list":["post-3608","post","type-post","status-publish","format-standard","has-post-thumbnail","hentry","category-tlacove-spravy"],"acf":[],"yoast_head":"<!-- This site is optimized with the Yoast SEO plugin v27.2 - https:\/\/yoast.com\/product\/yoast-seo-wordpress\/ -->\n<title>Neust\u00fapime - Smedemokrati.sk<\/title>\n<meta name=\"robots\" content=\"index, follow, max-snippet:-1, max-image-preview:large, max-video-preview:-1\" \/>\n<link rel=\"canonical\" href=\"https:\/\/www.smedemokrati.sk\/sv\/neustupime\/\" \/>\n<meta property=\"og:locale\" content=\"sv_SE\" \/>\n<meta property=\"og:locale:alternate\" content=\"en_US\" \/>\n<meta property=\"og:locale:alternate\" content=\"cs_CZ\" \/>\n<meta property=\"og:locale:alternate\" content=\"hu_HU\" \/>\n<meta property=\"og:locale:alternate\" content=\"sk_SK\" \/>\n<meta property=\"og:type\" content=\"article\" \/>\n<meta property=\"og:title\" content=\"Neust\u00fapime - Smedemokrati.sk\" \/>\n<meta property=\"og:description\" content=\"Demokrati od\u0161tartovali kampa\u0148 do Eur\u00f3pskeho parlamentu. Slogany z billboardov, ktor\u00e9 zaujali cel\u00e9 Slovensko, s\u00fa cielen\u00fdm mementom, \u017ee ak si zvol\u00edme do eur\u00f3pskeho zast\u00fapenia prorusk\u00fdch prisluhova\u010dov a extr\u00e9mistov, cel\u00fd svet bude Slovensko pozna\u0165 ako t\u00fdch, ktor\u00ed hovoria, \u017ee \u201eE\u00da a NATO nepotrebujeme\u201d, \u201eSkutok sa nestal\u201d, \u201eBez Ruska nepre\u017eijeme\u201d.\u00a0 Strana pod veden\u00edm Jaroslava Na\u010fa hovor\u00ed, \u017ee demokratick\u00e9 [&hellip;]\" \/>\n<meta property=\"og:url\" content=\"https:\/\/www.smedemokrati.sk\/sv\/neustupime\/\" \/>\n<meta property=\"og:site_name\" content=\"Smedemokrati.sk\" \/>\n<meta property=\"article:publisher\" content=\"https:\/\/www.facebook.com\/smedemokrati2023\" \/>\n<meta property=\"article:published_time\" content=\"2024-04-10T09:49:25+00:00\" \/>\n<meta property=\"article:modified_time\" content=\"2024-04-16T17:42:19+00:00\" \/>\n<meta property=\"og:image\" content=\"https:\/\/www.smedemokrati.sk\/wp-content\/uploads\/2024\/04\/signal-2024-04-10-114936.jpeg\" \/>\n\t<meta property=\"og:image:width\" content=\"1600\" \/>\n\t<meta property=\"og:image:height\" content=\"900\" \/>\n\t<meta property=\"og:image:type\" content=\"image\/jpeg\" \/>\n<meta name=\"author\" content=\"miro.sopko\" \/>\n<meta name=\"twitter:card\" content=\"summary_large_image\" \/>\n<meta name=\"twitter:label1\" content=\"Skriven av\" \/>\n\t<meta name=\"twitter:data1\" content=\"miro.sopko\" \/>\n\t<meta name=\"twitter:label2\" content=\"Ber\u00e4knad l\u00e4stid\" \/>\n\t<meta name=\"twitter:data2\" content=\"4 minuter\" \/>\n<script type=\"application\/ld+json\" class=\"yoast-schema-graph\">{\"@context\":\"https:\/\/schema.org\",\"@graph\":[{\"@type\":\"Article\",\"@id\":\"https:\/\/www.smedemokrati.sk\/neustupime\/#article\",\"isPartOf\":{\"@id\":\"https:\/\/www.smedemokrati.sk\/neustupime\/\"},\"author\":{\"name\":\"miro.sopko\",\"@id\":\"https:\/\/www.smedemokrati.sk\/#\/schema\/person\/21f147c88d605aa7ded900e1e7c344ba\"},\"headline\":\"Neust\u00fapime\",\"datePublished\":\"2024-04-10T09:49:25+00:00\",\"dateModified\":\"2024-04-16T17:42:19+00:00\",\"mainEntityOfPage\":{\"@id\":\"https:\/\/www.smedemokrati.sk\/neustupime\/\"},\"wordCount\":567,\"publisher\":{\"@id\":\"https:\/\/www.smedemokrati.sk\/#organization\"},\"image\":{\"@id\":\"https:\/\/www.smedemokrati.sk\/neustupime\/#primaryimage\"},\"thumbnailUrl\":\"https:\/\/www.smedemokrati.sk\/wp-content\/uploads\/2024\/04\/signal-2024-04-10-114936.jpeg\",\"articleSection\":[\"Tla\u010dov\u00e9 spr\u00e1vy\"],\"inLanguage\":\"sv-SE\"},{\"@type\":\"WebPage\",\"@id\":\"https:\/\/www.smedemokrati.sk\/neustupime\/\",\"url\":\"https:\/\/www.smedemokrati.sk\/neustupime\/\",\"name\":\"Neust\u00fapime - Smedemokrati.sk\",\"isPartOf\":{\"@id\":\"https:\/\/www.smedemokrati.sk\/#website\"},\"primaryImageOfPage\":{\"@id\":\"https:\/\/www.smedemokrati.sk\/neustupime\/#primaryimage\"},\"image\":{\"@id\":\"https:\/\/www.smedemokrati.sk\/neustupime\/#primaryimage\"},\"thumbnailUrl\":\"https:\/\/www.smedemokrati.sk\/wp-content\/uploads\/2024\/04\/signal-2024-04-10-114936.jpeg\",\"datePublished\":\"2024-04-10T09:49:25+00:00\",\"dateModified\":\"2024-04-16T17:42:19+00:00\",\"breadcrumb\":{\"@id\":\"https:\/\/www.smedemokrati.sk\/neustupime\/#breadcrumb\"},\"inLanguage\":\"sv-SE\",\"potentialAction\":[{\"@type\":\"ReadAction\",\"target\":[\"https:\/\/www.smedemokrati.sk\/neustupime\/\"]}]},{\"@type\":\"ImageObject\",\"inLanguage\":\"sv-SE\",\"@id\":\"https:\/\/www.smedemokrati.sk\/neustupime\/#primaryimage\",\"url\":\"https:\/\/www.smedemokrati.sk\/wp-content\/uploads\/2024\/04\/signal-2024-04-10-114936.jpeg\",\"contentUrl\":\"https:\/\/www.smedemokrati.sk\/wp-content\/uploads\/2024\/04\/signal-2024-04-10-114936.jpeg\",\"width\":1600,\"height\":900},{\"@type\":\"BreadcrumbList\",\"@id\":\"https:\/\/www.smedemokrati.sk\/neustupime\/#breadcrumb\",\"itemListElement\":[{\"@type\":\"ListItem\",\"position\":1,\"name\":\"Domovsk\u00e1 str\u00e1nka\",\"item\":\"https:\/\/www.smedemokrati.sk\/\"},{\"@type\":\"ListItem\",\"position\":2,\"name\":\"Neust\u00fapime\"}]},{\"@type\":\"WebSite\",\"@id\":\"https:\/\/www.smedemokrati.sk\/#website\",\"url\":\"https:\/\/www.smedemokrati.sk\/\",\"name\":\"Smedemokrati.sk\",\"description\":\"Demokracia a slu\u0161nos\u0165 zv\u00ed\u0165az\u00ed\",\"publisher\":{\"@id\":\"https:\/\/www.smedemokrati.sk\/#organization\"},\"potentialAction\":[{\"@type\":\"SearchAction\",\"target\":{\"@type\":\"EntryPoint\",\"urlTemplate\":\"https:\/\/www.smedemokrati.sk\/?s={search_term_string}\"},\"query-input\":{\"@type\":\"PropertyValueSpecification\",\"valueRequired\":true,\"valueName\":\"search_term_string\"}}],\"inLanguage\":\"sv-SE\"},{\"@type\":\"Organization\",\"@id\":\"https:\/\/www.smedemokrati.sk\/#organization\",\"name\":\"Smedemokrati.sk\",\"url\":\"https:\/\/www.smedemokrati.sk\/\",\"logo\":{\"@type\":\"ImageObject\",\"inLanguage\":\"sv-SE\",\"@id\":\"https:\/\/www.smedemokrati.sk\/#\/schema\/logo\/image\/\",\"url\":\"https:\/\/www.smedemokrati.sk\/wp-content\/uploads\/2023\/04\/ff.002.jpeg\",\"contentUrl\":\"https:\/\/www.smedemokrati.sk\/wp-content\/uploads\/2023\/04\/ff.002.jpeg\",\"width\":640,\"height\":480,\"caption\":\"Smedemokrati.sk\"},\"image\":{\"@id\":\"https:\/\/www.smedemokrati.sk\/#\/schema\/logo\/image\/\"},\"sameAs\":[\"https:\/\/www.facebook.com\/smedemokrati2023\"]},{\"@type\":\"Person\",\"@id\":\"https:\/\/www.smedemokrati.sk\/#\/schema\/person\/21f147c88d605aa7ded900e1e7c344ba\",\"name\":\"miro.sopko\",\"image\":{\"@type\":\"ImageObject\",\"inLanguage\":\"sv-SE\",\"@id\":\"https:\/\/secure.gravatar.com\/avatar\/267e4a36f704376c109afe3a78740c1f5dd8675a2180a908699e7863c9247606?s=96&d=mm&r=g\",\"url\":\"https:\/\/secure.gravatar.com\/avatar\/267e4a36f704376c109afe3a78740c1f5dd8675a2180a908699e7863c9247606?s=96&d=mm&r=g\",\"contentUrl\":\"https:\/\/secure.gravatar.com\/avatar\/267e4a36f704376c109afe3a78740c1f5dd8675a2180a908699e7863c9247606?s=96&d=mm&r=g\",\"caption\":\"miro.sopko\"},\"url\":\"https:\/\/www.smedemokrati.sk\/sv\/author\/miro-sopko\/\"}]}<\/script>\n<!-- \/ Yoast SEO plugin. -->","yoast_head_json":{"title":"Neust\u00fapime - Smedemokrati.sk","robots":{"index":"index","follow":"follow","max-snippet":"max-snippet:-1","max-image-preview":"max-image-preview:large","max-video-preview":"max-video-preview:-1"},"canonical":"https:\/\/www.smedemokrati.sk\/sv\/neustupime\/","og_locale":"sv_SE","og_type":"article","og_title":"Neust\u00fapime - Smedemokrati.sk","og_description":"Demokrati od\u0161tartovali kampa\u0148 do Eur\u00f3pskeho parlamentu. Slogany z billboardov, ktor\u00e9 zaujali cel\u00e9 Slovensko, s\u00fa cielen\u00fdm mementom, \u017ee ak si zvol\u00edme do eur\u00f3pskeho zast\u00fapenia prorusk\u00fdch prisluhova\u010dov a extr\u00e9mistov, cel\u00fd svet bude Slovensko pozna\u0165 ako t\u00fdch, ktor\u00ed hovoria, \u017ee \u201eE\u00da a NATO nepotrebujeme\u201d, \u201eSkutok sa nestal\u201d, \u201eBez Ruska nepre\u017eijeme\u201d.\u00a0 Strana pod veden\u00edm Jaroslava Na\u010fa hovor\u00ed, \u017ee demokratick\u00e9 [&hellip;]","og_url":"https:\/\/www.smedemokrati.sk\/sv\/neustupime\/","og_site_name":"Smedemokrati.sk","article_publisher":"https:\/\/www.facebook.com\/smedemokrati2023","article_published_time":"2024-04-10T09:49:25+00:00","article_modified_time":"2024-04-16T17:42:19+00:00","og_image":[{"width":1600,"height":900,"url":"https:\/\/www.smedemokrati.sk\/wp-content\/uploads\/2024\/04\/signal-2024-04-10-114936.jpeg","type":"image\/jpeg"}],"author":"miro.sopko","twitter_card":"summary_large_image","twitter_misc":{"Skriven av":"miro.sopko","Ber\u00e4knad l\u00e4stid":"4 minuter"},"schema":{"@context":"https:\/\/schema.org","@graph":[{"@type":"Article","@id":"https:\/\/www.smedemokrati.sk\/neustupime\/#article","isPartOf":{"@id":"https:\/\/www.smedemokrati.sk\/neustupime\/"},"author":{"name":"miro.sopko","@id":"https:\/\/www.smedemokrati.sk\/#\/schema\/person\/21f147c88d605aa7ded900e1e7c344ba"},"headline":"Neust\u00fapime","datePublished":"2024-04-10T09:49:25+00:00","dateModified":"2024-04-16T17:42:19+00:00","mainEntityOfPage":{"@id":"https:\/\/www.smedemokrati.sk\/neustupime\/"},"wordCount":567,"publisher":{"@id":"https:\/\/www.smedemokrati.sk\/#organization"},"image":{"@id":"https:\/\/www.smedemokrati.sk\/neustupime\/#primaryimage"},"thumbnailUrl":"https:\/\/www.smedemokrati.sk\/wp-content\/uploads\/2024\/04\/signal-2024-04-10-114936.jpeg","articleSection":["Tla\u010dov\u00e9 spr\u00e1vy"],"inLanguage":"sv-SE"},{"@type":"WebPage","@id":"https:\/\/www.smedemokrati.sk\/neustupime\/","url":"https:\/\/www.smedemokrati.sk\/neustupime\/","name":"Neust\u00fapime - Smedemokrati.sk","isPartOf":{"@id":"https:\/\/www.smedemokrati.sk\/#website"},"primaryImageOfPage":{"@id":"https:\/\/www.smedemokrati.sk\/neustupime\/#primaryimage"},"image":{"@id":"https:\/\/www.smedemokrati.sk\/neustupime\/#primaryimage"},"thumbnailUrl":"https:\/\/www.smedemokrati.sk\/wp-content\/uploads\/2024\/04\/signal-2024-04-10-114936.jpeg","datePublished":"2024-04-10T09:49:25+00:00","dateModified":"2024-04-16T17:42:19+00:00","breadcrumb":{"@id":"https:\/\/www.smedemokrati.sk\/neustupime\/#breadcrumb"},"inLanguage":"sv-SE","potentialAction":[{"@type":"ReadAction","target":["https:\/\/www.smedemokrati.sk\/neustupime\/"]}]},{"@type":"ImageObject","inLanguage":"sv-SE","@id":"https:\/\/www.smedemokrati.sk\/neustupime\/#primaryimage","url":"https:\/\/www.smedemokrati.sk\/wp-content\/uploads\/2024\/04\/signal-2024-04-10-114936.jpeg","contentUrl":"https:\/\/www.smedemokrati.sk\/wp-content\/uploads\/2024\/04\/signal-2024-04-10-114936.jpeg","width":1600,"height":900},{"@type":"BreadcrumbList","@id":"https:\/\/www.smedemokrati.sk\/neustupime\/#breadcrumb","itemListElement":[{"@type":"ListItem","position":1,"name":"Domovsk\u00e1 str\u00e1nka","item":"https:\/\/www.smedemokrati.sk\/"},{"@type":"ListItem","position":2,"name":"Neust\u00fapime"}]},{"@type":"WebSite","@id":"https:\/\/www.smedemokrati.sk\/#website","url":"https:\/\/www.smedemokrati.sk\/","name":"Smedemokrati.sk","description":"Demokracia a slu\u0161nos\u0165 zv\u00ed\u0165az\u00ed","publisher":{"@id":"https:\/\/www.smedemokrati.sk\/#organization"},"potentialAction":[{"@type":"SearchAction","target":{"@type":"EntryPoint","urlTemplate":"https:\/\/www.smedemokrati.sk\/?s={search_term_string}"},"query-input":{"@type":"PropertyValueSpecification","valueRequired":true,"valueName":"search_term_string"}}],"inLanguage":"sv-SE"},{"@type":"Organization","@id":"https:\/\/www.smedemokrati.sk\/#organization","name":"Smedemokrati.sk","url":"https:\/\/www.smedemokrati.sk\/","logo":{"@type":"ImageObject","inLanguage":"sv-SE","@id":"https:\/\/www.smedemokrati.sk\/#\/schema\/logo\/image\/","url":"https:\/\/www.smedemokrati.sk\/wp-content\/uploads\/2023\/04\/ff.002.jpeg","contentUrl":"https:\/\/www.smedemokrati.sk\/wp-content\/uploads\/2023\/04\/ff.002.jpeg","width":640,"height":480,"caption":"Smedemokrati.sk"},"image":{"@id":"https:\/\/www.smedemokrati.sk\/#\/schema\/logo\/image\/"},"sameAs":["https:\/\/www.facebook.com\/smedemokrati2023"]},{"@type":"Person","@id":"https:\/\/www.smedemokrati.sk\/#\/schema\/person\/21f147c88d605aa7ded900e1e7c344ba","name":"miro.sopko","image":{"@type":"ImageObject","inLanguage":"sv-SE","@id":"https:\/\/secure.gravatar.com\/avatar\/267e4a36f704376c109afe3a78740c1f5dd8675a2180a908699e7863c9247606?s=96&d=mm&r=g","url":"https:\/\/secure.gravatar.com\/avatar\/267e4a36f704376c109afe3a78740c1f5dd8675a2180a908699e7863c9247606?s=96&d=mm&r=g","contentUrl":"https:\/\/secure.gravatar.com\/avatar\/267e4a36f704376c109afe3a78740c1f5dd8675a2180a908699e7863c9247606?s=96&d=mm&r=g","caption":"miro.sopko"},"url":"https:\/\/www.smedemokrati.sk\/sv\/author\/miro-sopko\/"}]}},"_links":{"self":[{"href":"https:\/\/www.smedemokrati.sk\/sv\/wp-json\/wp\/v2\/posts\/3608","targetHints":{"allow":["GET"]}}],"collection":[{"href":"https:\/\/www.smedemokrati.sk\/sv\/wp-json\/wp\/v2\/posts"}],"about":[{"href":"https:\/\/www.smedemokrati.sk\/sv\/wp-json\/wp\/v2\/types\/post"}],"author":[{"embeddable":true,"href":"https:\/\/www.smedemokrati.sk\/sv\/wp-json\/wp\/v2\/users\/13"}],"replies":[{"embeddable":true,"href":"https:\/\/www.smedemokrati.sk\/sv\/wp-json\/wp\/v2\/comments?post=3608"}],"version-history":[{"count":18,"href":"https:\/\/www.smedemokrati.sk\/sv\/wp-json\/wp\/v2\/posts\/3608\/revisions"}],"predecessor-version":[{"id":3644,"href":"https:\/\/www.smedemokrati.sk\/sv\/wp-json\/wp\/v2\/posts\/3608\/revisions\/3644"}],"wp:featuredmedia":[{"embeddable":true,"href":"https:\/\/www.smedemokrati.sk\/sv\/wp-json\/wp\/v2\/media\/3616"}],"wp:attachment":[{"href":"https:\/\/www.smedemokrati.sk\/sv\/wp-json\/wp\/v2\/media?parent=3608"}],"wp:term":[{"taxonomy":"category","embeddable":true,"href":"https:\/\/www.smedemokrati.sk\/sv\/wp-json\/wp\/v2\/categories?post=3608"},{"taxonomy":"post_tag","embeddable":true,"href":"https:\/\/www.smedemokrati.sk\/sv\/wp-json\/wp\/v2\/tags?post=3608"}],"curies":[{"name":"wp","href":"https:\/\/api.w.org\/{rel}","templated":true}]}}