{"id":3293,"date":"2024-03-27T15:28:00","date_gmt":"2024-03-27T14:28:00","guid":{"rendered":"https:\/\/www.smedemokrati.sk\/?p=3293"},"modified":"2024-03-27T15:28:28","modified_gmt":"2024-03-27T14:28:28","slug":"klame-minister-taraba-o-medvedovi-v-liptovskom-mikulasi","status":"publish","type":"post","link":"https:\/\/www.smedemokrati.sk\/sv\/klame-minister-taraba-o-medvedovi-v-liptovskom-mikulasi\/","title":{"rendered":"Klame minister Taraba o medve\u010fovi v Liptovskom Mikul\u00e1\u0161i?"},"content":{"rendered":"<div id=\"fb-root\"><\/div>\n\n<p><strong>Pod\u013ea inform\u00e1ci\u00ed strany Demokrati minister Taraba klame v t\u00e9me medve\u010fa hned\u00e9ho, ktor\u00fd vy\u010d\u00ed\u0148al v uplynul\u00fdch d\u0148och v Liptovskom Mikul\u00e1\u0161i. Michal Ki\u010da vyz\u00fdva Tarabu, aby verejnosti objasnil, ak\u00fd medve\u010f bol v\u010dera (26. marca 2024) zastrelen\u00fd.<\/strong><\/p>\n\n\n\n<p><em>\u201eVyz\u00fdvam Tarabu, aby povedal, \u010di verejnos\u0165 klame. Incident, ktor\u00fd sa stal v Liptovskom Mikul\u00e1\u0161i, mal na svedom\u00ed sto kilov\u00fd medve\u010f. \u0160t\u00e1tna ochrana pr\u00edrody v\u0161ak mala v\u010dera zastreli\u0165 medvedicu o hmotnosti 65 k\u00edl,&#8221;<\/em>\u00a0povedal Michal Ki\u010da \u010dlen predsedn\u00edctva a dodal, \u017ee ide o zjavn\u00fa predvolebn\u00fa kampa\u0148 v prospech Petra Pellegriniho a navodenie dojmu, \u017ee t\u00e1to vl\u00e1da vyrie\u0161ila t\u00fato situ\u00e1ciu.\u00a0<\/p>\n\n\n\n<iframe src=\"https:\/\/www.facebook.com\/plugins\/video.php?height=476&#038;href=https%3A%2F%2Fwww.facebook.com%2F100089966184789%2Fvideos%2F821514079784325%2F&#038;show_text=false&#038;width=267&#038;t=0\" width=\"267\" height=\"476\" style=\"border:none;overflow:hidden\" scrolling=\"no\" frameborder=\"0\" allowfullscreen=\"true\" allow=\"autoplay; clipboard-write; encrypted-media; picture-in-picture; web-share\" allowFullScreen=\"true\"><\/iframe>\n","protected":false},"excerpt":{"rendered":"<p>Pod\u013ea inform\u00e1ci\u00ed strany Demokrati minister Taraba klame v t\u00e9me medve\u010fa hned\u00e9ho, ktor\u00fd vy\u010d\u00ed\u0148al v uplynul\u00fdch d\u0148och v Liptovskom Mikul\u00e1\u0161i. Michal Ki\u010da vyz\u00fdva Tarabu, aby verejnosti objasnil, ak\u00fd medve\u010f bol v\u010dera (26. marca 2024) zastrelen\u00fd. \u201eVyz\u00fdvam Tarabu, aby povedal, \u010di verejnos\u0165 klame. Incident, ktor\u00fd sa stal v Liptovskom Mikul\u00e1\u0161i, mal na svedom\u00ed sto kilov\u00fd medve\u010f. \u0160t\u00e1tna [&hellip;]<\/p>\n","protected":false},"author":13,"featured_media":2676,"comment_status":"closed","ping_status":"closed","sticky":false,"template":"","format":"standard","meta":{"_acf_changed":false,"ngg_post_thumbnail":0,"footnotes":""},"categories":[4],"tags":[],"class_list":["post-3293","post","type-post","status-publish","format-standard","has-post-thumbnail","hentry","category-tlacove-spravy"],"acf":[],"yoast_head":"<!-- This site is optimized with the Yoast SEO plugin v27.2 - https:\/\/yoast.com\/product\/yoast-seo-wordpress\/ -->\n<title>Klame minister Taraba o medve\u010fovi v Liptovskom Mikul\u00e1\u0161i? - Smedemokrati.sk<\/title>\n<meta name=\"robots\" content=\"index, follow, max-snippet:-1, max-image-preview:large, max-video-preview:-1\" \/>\n<link rel=\"canonical\" href=\"https:\/\/www.smedemokrati.sk\/sv\/klame-minister-taraba-o-medvedovi-v-liptovskom-mikulasi\/\" \/>\n<meta property=\"og:locale\" content=\"sv_SE\" \/>\n<meta property=\"og:locale:alternate\" content=\"en_US\" \/>\n<meta property=\"og:locale:alternate\" content=\"cs_CZ\" \/>\n<meta property=\"og:locale:alternate\" content=\"hu_HU\" \/>\n<meta property=\"og:locale:alternate\" content=\"sk_SK\" \/>\n<meta property=\"og:type\" content=\"article\" \/>\n<meta property=\"og:title\" content=\"Klame minister Taraba o medve\u010fovi v Liptovskom Mikul\u00e1\u0161i? - Smedemokrati.sk\" \/>\n<meta property=\"og:description\" content=\"Pod\u013ea inform\u00e1ci\u00ed strany Demokrati minister Taraba klame v t\u00e9me medve\u010fa hned\u00e9ho, ktor\u00fd vy\u010d\u00ed\u0148al v uplynul\u00fdch d\u0148och v Liptovskom Mikul\u00e1\u0161i. Michal Ki\u010da vyz\u00fdva Tarabu, aby verejnosti objasnil, ak\u00fd medve\u010f bol v\u010dera (26. marca 2024) zastrelen\u00fd. \u201eVyz\u00fdvam Tarabu, aby povedal, \u010di verejnos\u0165 klame. Incident, ktor\u00fd sa stal v Liptovskom Mikul\u00e1\u0161i, mal na svedom\u00ed sto kilov\u00fd medve\u010f. \u0160t\u00e1tna [&hellip;]\" \/>\n<meta property=\"og:url\" content=\"https:\/\/www.smedemokrati.sk\/sv\/klame-minister-taraba-o-medvedovi-v-liptovskom-mikulasi\/\" \/>\n<meta property=\"og:site_name\" content=\"Smedemokrati.sk\" \/>\n<meta property=\"article:publisher\" content=\"https:\/\/www.facebook.com\/smedemokrati2023\" \/>\n<meta property=\"article:published_time\" content=\"2024-03-27T14:28:00+00:00\" \/>\n<meta property=\"article:modified_time\" content=\"2024-03-27T14:28:28+00:00\" \/>\n<meta property=\"og:image\" content=\"https:\/\/www.smedemokrati.sk\/wp-content\/uploads\/2024\/02\/222202705taraba_KDZP_2704901-scaled-1.jpg\" \/>\n\t<meta property=\"og:image:width\" content=\"1920\" \/>\n\t<meta property=\"og:image:height\" content=\"1176\" \/>\n\t<meta property=\"og:image:type\" content=\"image\/jpeg\" \/>\n<meta name=\"author\" content=\"miro.sopko\" \/>\n<meta name=\"twitter:card\" content=\"summary_large_image\" \/>\n<meta name=\"twitter:label1\" content=\"Skriven av\" \/>\n\t<meta name=\"twitter:data1\" content=\"miro.sopko\" \/>\n\t<meta name=\"twitter:label2\" content=\"Ber\u00e4knad l\u00e4stid\" \/>\n\t<meta name=\"twitter:data2\" content=\"1 minut\" \/>\n<script type=\"application\/ld+json\" class=\"yoast-schema-graph\">{\"@context\":\"https:\/\/schema.org\",\"@graph\":[{\"@type\":\"Article\",\"@id\":\"https:\/\/www.smedemokrati.sk\/klame-minister-taraba-o-medvedovi-v-liptovskom-mikulasi\/#article\",\"isPartOf\":{\"@id\":\"https:\/\/www.smedemokrati.sk\/klame-minister-taraba-o-medvedovi-v-liptovskom-mikulasi\/\"},\"author\":{\"name\":\"miro.sopko\",\"@id\":\"https:\/\/www.smedemokrati.sk\/#\/schema\/person\/21f147c88d605aa7ded900e1e7c344ba\"},\"headline\":\"Klame minister Taraba o medve\u010fovi v Liptovskom Mikul\u00e1\u0161i?\",\"datePublished\":\"2024-03-27T14:28:00+00:00\",\"dateModified\":\"2024-03-27T14:28:28+00:00\",\"mainEntityOfPage\":{\"@id\":\"https:\/\/www.smedemokrati.sk\/klame-minister-taraba-o-medvedovi-v-liptovskom-mikulasi\/\"},\"wordCount\":125,\"publisher\":{\"@id\":\"https:\/\/www.smedemokrati.sk\/#organization\"},\"image\":{\"@id\":\"https:\/\/www.smedemokrati.sk\/klame-minister-taraba-o-medvedovi-v-liptovskom-mikulasi\/#primaryimage\"},\"thumbnailUrl\":\"https:\/\/www.smedemokrati.sk\/wp-content\/uploads\/2024\/02\/222202705taraba_KDZP_2704901-scaled-1.jpg\",\"articleSection\":[\"Tla\u010dov\u00e9 spr\u00e1vy\"],\"inLanguage\":\"sv-SE\"},{\"@type\":\"WebPage\",\"@id\":\"https:\/\/www.smedemokrati.sk\/klame-minister-taraba-o-medvedovi-v-liptovskom-mikulasi\/\",\"url\":\"https:\/\/www.smedemokrati.sk\/klame-minister-taraba-o-medvedovi-v-liptovskom-mikulasi\/\",\"name\":\"Klame minister Taraba o medve\u010fovi v Liptovskom Mikul\u00e1\u0161i? - Smedemokrati.sk\",\"isPartOf\":{\"@id\":\"https:\/\/www.smedemokrati.sk\/#website\"},\"primaryImageOfPage\":{\"@id\":\"https:\/\/www.smedemokrati.sk\/klame-minister-taraba-o-medvedovi-v-liptovskom-mikulasi\/#primaryimage\"},\"image\":{\"@id\":\"https:\/\/www.smedemokrati.sk\/klame-minister-taraba-o-medvedovi-v-liptovskom-mikulasi\/#primaryimage\"},\"thumbnailUrl\":\"https:\/\/www.smedemokrati.sk\/wp-content\/uploads\/2024\/02\/222202705taraba_KDZP_2704901-scaled-1.jpg\",\"datePublished\":\"2024-03-27T14:28:00+00:00\",\"dateModified\":\"2024-03-27T14:28:28+00:00\",\"breadcrumb\":{\"@id\":\"https:\/\/www.smedemokrati.sk\/klame-minister-taraba-o-medvedovi-v-liptovskom-mikulasi\/#breadcrumb\"},\"inLanguage\":\"sv-SE\",\"potentialAction\":[{\"@type\":\"ReadAction\",\"target\":[\"https:\/\/www.smedemokrati.sk\/klame-minister-taraba-o-medvedovi-v-liptovskom-mikulasi\/\"]}]},{\"@type\":\"ImageObject\",\"inLanguage\":\"sv-SE\",\"@id\":\"https:\/\/www.smedemokrati.sk\/klame-minister-taraba-o-medvedovi-v-liptovskom-mikulasi\/#primaryimage\",\"url\":\"https:\/\/www.smedemokrati.sk\/wp-content\/uploads\/2024\/02\/222202705taraba_KDZP_2704901-scaled-1.jpg\",\"contentUrl\":\"https:\/\/www.smedemokrati.sk\/wp-content\/uploads\/2024\/02\/222202705taraba_KDZP_2704901-scaled-1.jpg\",\"width\":1920,\"height\":1176},{\"@type\":\"BreadcrumbList\",\"@id\":\"https:\/\/www.smedemokrati.sk\/klame-minister-taraba-o-medvedovi-v-liptovskom-mikulasi\/#breadcrumb\",\"itemListElement\":[{\"@type\":\"ListItem\",\"position\":1,\"name\":\"Domovsk\u00e1 str\u00e1nka\",\"item\":\"https:\/\/www.smedemokrati.sk\/\"},{\"@type\":\"ListItem\",\"position\":2,\"name\":\"Klame minister Taraba o medve\u010fovi v Liptovskom Mikul\u00e1\u0161i?\"}]},{\"@type\":\"WebSite\",\"@id\":\"https:\/\/www.smedemokrati.sk\/#website\",\"url\":\"https:\/\/www.smedemokrati.sk\/\",\"name\":\"Smedemokrati.sk\",\"description\":\"Demokracia a slu\u0161nos\u0165 zv\u00ed\u0165az\u00ed\",\"publisher\":{\"@id\":\"https:\/\/www.smedemokrati.sk\/#organization\"},\"potentialAction\":[{\"@type\":\"SearchAction\",\"target\":{\"@type\":\"EntryPoint\",\"urlTemplate\":\"https:\/\/www.smedemokrati.sk\/?s={search_term_string}\"},\"query-input\":{\"@type\":\"PropertyValueSpecification\",\"valueRequired\":true,\"valueName\":\"search_term_string\"}}],\"inLanguage\":\"sv-SE\"},{\"@type\":\"Organization\",\"@id\":\"https:\/\/www.smedemokrati.sk\/#organization\",\"name\":\"Smedemokrati.sk\",\"url\":\"https:\/\/www.smedemokrati.sk\/\",\"logo\":{\"@type\":\"ImageObject\",\"inLanguage\":\"sv-SE\",\"@id\":\"https:\/\/www.smedemokrati.sk\/#\/schema\/logo\/image\/\",\"url\":\"https:\/\/www.smedemokrati.sk\/wp-content\/uploads\/2023\/04\/ff.002.jpeg\",\"contentUrl\":\"https:\/\/www.smedemokrati.sk\/wp-content\/uploads\/2023\/04\/ff.002.jpeg\",\"width\":640,\"height\":480,\"caption\":\"Smedemokrati.sk\"},\"image\":{\"@id\":\"https:\/\/www.smedemokrati.sk\/#\/schema\/logo\/image\/\"},\"sameAs\":[\"https:\/\/www.facebook.com\/smedemokrati2023\"]},{\"@type\":\"Person\",\"@id\":\"https:\/\/www.smedemokrati.sk\/#\/schema\/person\/21f147c88d605aa7ded900e1e7c344ba\",\"name\":\"miro.sopko\",\"image\":{\"@type\":\"ImageObject\",\"inLanguage\":\"sv-SE\",\"@id\":\"https:\/\/secure.gravatar.com\/avatar\/267e4a36f704376c109afe3a78740c1f5dd8675a2180a908699e7863c9247606?s=96&d=mm&r=g\",\"url\":\"https:\/\/secure.gravatar.com\/avatar\/267e4a36f704376c109afe3a78740c1f5dd8675a2180a908699e7863c9247606?s=96&d=mm&r=g\",\"contentUrl\":\"https:\/\/secure.gravatar.com\/avatar\/267e4a36f704376c109afe3a78740c1f5dd8675a2180a908699e7863c9247606?s=96&d=mm&r=g\",\"caption\":\"miro.sopko\"},\"url\":\"https:\/\/www.smedemokrati.sk\/sv\/author\/miro-sopko\/\"}]}<\/script>\n<!-- \/ Yoast SEO plugin. -->","yoast_head_json":{"title":"Klame minister Taraba o medve\u010fovi v Liptovskom Mikul\u00e1\u0161i? - Smedemokrati.sk","robots":{"index":"index","follow":"follow","max-snippet":"max-snippet:-1","max-image-preview":"max-image-preview:large","max-video-preview":"max-video-preview:-1"},"canonical":"https:\/\/www.smedemokrati.sk\/sv\/klame-minister-taraba-o-medvedovi-v-liptovskom-mikulasi\/","og_locale":"sv_SE","og_type":"article","og_title":"Klame minister Taraba o medve\u010fovi v Liptovskom Mikul\u00e1\u0161i? - Smedemokrati.sk","og_description":"Pod\u013ea inform\u00e1ci\u00ed strany Demokrati minister Taraba klame v t\u00e9me medve\u010fa hned\u00e9ho, ktor\u00fd vy\u010d\u00ed\u0148al v uplynul\u00fdch d\u0148och v Liptovskom Mikul\u00e1\u0161i. Michal Ki\u010da vyz\u00fdva Tarabu, aby verejnosti objasnil, ak\u00fd medve\u010f bol v\u010dera (26. marca 2024) zastrelen\u00fd. \u201eVyz\u00fdvam Tarabu, aby povedal, \u010di verejnos\u0165 klame. Incident, ktor\u00fd sa stal v Liptovskom Mikul\u00e1\u0161i, mal na svedom\u00ed sto kilov\u00fd medve\u010f. \u0160t\u00e1tna [&hellip;]","og_url":"https:\/\/www.smedemokrati.sk\/sv\/klame-minister-taraba-o-medvedovi-v-liptovskom-mikulasi\/","og_site_name":"Smedemokrati.sk","article_publisher":"https:\/\/www.facebook.com\/smedemokrati2023","article_published_time":"2024-03-27T14:28:00+00:00","article_modified_time":"2024-03-27T14:28:28+00:00","og_image":[{"width":1920,"height":1176,"url":"https:\/\/www.smedemokrati.sk\/wp-content\/uploads\/2024\/02\/222202705taraba_KDZP_2704901-scaled-1.jpg","type":"image\/jpeg"}],"author":"miro.sopko","twitter_card":"summary_large_image","twitter_misc":{"Skriven av":"miro.sopko","Ber\u00e4knad l\u00e4stid":"1 minut"},"schema":{"@context":"https:\/\/schema.org","@graph":[{"@type":"Article","@id":"https:\/\/www.smedemokrati.sk\/klame-minister-taraba-o-medvedovi-v-liptovskom-mikulasi\/#article","isPartOf":{"@id":"https:\/\/www.smedemokrati.sk\/klame-minister-taraba-o-medvedovi-v-liptovskom-mikulasi\/"},"author":{"name":"miro.sopko","@id":"https:\/\/www.smedemokrati.sk\/#\/schema\/person\/21f147c88d605aa7ded900e1e7c344ba"},"headline":"Klame minister Taraba o medve\u010fovi v Liptovskom Mikul\u00e1\u0161i?","datePublished":"2024-03-27T14:28:00+00:00","dateModified":"2024-03-27T14:28:28+00:00","mainEntityOfPage":{"@id":"https:\/\/www.smedemokrati.sk\/klame-minister-taraba-o-medvedovi-v-liptovskom-mikulasi\/"},"wordCount":125,"publisher":{"@id":"https:\/\/www.smedemokrati.sk\/#organization"},"image":{"@id":"https:\/\/www.smedemokrati.sk\/klame-minister-taraba-o-medvedovi-v-liptovskom-mikulasi\/#primaryimage"},"thumbnailUrl":"https:\/\/www.smedemokrati.sk\/wp-content\/uploads\/2024\/02\/222202705taraba_KDZP_2704901-scaled-1.jpg","articleSection":["Tla\u010dov\u00e9 spr\u00e1vy"],"inLanguage":"sv-SE"},{"@type":"WebPage","@id":"https:\/\/www.smedemokrati.sk\/klame-minister-taraba-o-medvedovi-v-liptovskom-mikulasi\/","url":"https:\/\/www.smedemokrati.sk\/klame-minister-taraba-o-medvedovi-v-liptovskom-mikulasi\/","name":"Klame minister Taraba o medve\u010fovi v Liptovskom Mikul\u00e1\u0161i? - Smedemokrati.sk","isPartOf":{"@id":"https:\/\/www.smedemokrati.sk\/#website"},"primaryImageOfPage":{"@id":"https:\/\/www.smedemokrati.sk\/klame-minister-taraba-o-medvedovi-v-liptovskom-mikulasi\/#primaryimage"},"image":{"@id":"https:\/\/www.smedemokrati.sk\/klame-minister-taraba-o-medvedovi-v-liptovskom-mikulasi\/#primaryimage"},"thumbnailUrl":"https:\/\/www.smedemokrati.sk\/wp-content\/uploads\/2024\/02\/222202705taraba_KDZP_2704901-scaled-1.jpg","datePublished":"2024-03-27T14:28:00+00:00","dateModified":"2024-03-27T14:28:28+00:00","breadcrumb":{"@id":"https:\/\/www.smedemokrati.sk\/klame-minister-taraba-o-medvedovi-v-liptovskom-mikulasi\/#breadcrumb"},"inLanguage":"sv-SE","potentialAction":[{"@type":"ReadAction","target":["https:\/\/www.smedemokrati.sk\/klame-minister-taraba-o-medvedovi-v-liptovskom-mikulasi\/"]}]},{"@type":"ImageObject","inLanguage":"sv-SE","@id":"https:\/\/www.smedemokrati.sk\/klame-minister-taraba-o-medvedovi-v-liptovskom-mikulasi\/#primaryimage","url":"https:\/\/www.smedemokrati.sk\/wp-content\/uploads\/2024\/02\/222202705taraba_KDZP_2704901-scaled-1.jpg","contentUrl":"https:\/\/www.smedemokrati.sk\/wp-content\/uploads\/2024\/02\/222202705taraba_KDZP_2704901-scaled-1.jpg","width":1920,"height":1176},{"@type":"BreadcrumbList","@id":"https:\/\/www.smedemokrati.sk\/klame-minister-taraba-o-medvedovi-v-liptovskom-mikulasi\/#breadcrumb","itemListElement":[{"@type":"ListItem","position":1,"name":"Domovsk\u00e1 str\u00e1nka","item":"https:\/\/www.smedemokrati.sk\/"},{"@type":"ListItem","position":2,"name":"Klame minister Taraba o medve\u010fovi v Liptovskom Mikul\u00e1\u0161i?"}]},{"@type":"WebSite","@id":"https:\/\/www.smedemokrati.sk\/#website","url":"https:\/\/www.smedemokrati.sk\/","name":"Smedemokrati.sk","description":"Demokracia a slu\u0161nos\u0165 zv\u00ed\u0165az\u00ed","publisher":{"@id":"https:\/\/www.smedemokrati.sk\/#organization"},"potentialAction":[{"@type":"SearchAction","target":{"@type":"EntryPoint","urlTemplate":"https:\/\/www.smedemokrati.sk\/?s={search_term_string}"},"query-input":{"@type":"PropertyValueSpecification","valueRequired":true,"valueName":"search_term_string"}}],"inLanguage":"sv-SE"},{"@type":"Organization","@id":"https:\/\/www.smedemokrati.sk\/#organization","name":"Smedemokrati.sk","url":"https:\/\/www.smedemokrati.sk\/","logo":{"@type":"ImageObject","inLanguage":"sv-SE","@id":"https:\/\/www.smedemokrati.sk\/#\/schema\/logo\/image\/","url":"https:\/\/www.smedemokrati.sk\/wp-content\/uploads\/2023\/04\/ff.002.jpeg","contentUrl":"https:\/\/www.smedemokrati.sk\/wp-content\/uploads\/2023\/04\/ff.002.jpeg","width":640,"height":480,"caption":"Smedemokrati.sk"},"image":{"@id":"https:\/\/www.smedemokrati.sk\/#\/schema\/logo\/image\/"},"sameAs":["https:\/\/www.facebook.com\/smedemokrati2023"]},{"@type":"Person","@id":"https:\/\/www.smedemokrati.sk\/#\/schema\/person\/21f147c88d605aa7ded900e1e7c344ba","name":"miro.sopko","image":{"@type":"ImageObject","inLanguage":"sv-SE","@id":"https:\/\/secure.gravatar.com\/avatar\/267e4a36f704376c109afe3a78740c1f5dd8675a2180a908699e7863c9247606?s=96&d=mm&r=g","url":"https:\/\/secure.gravatar.com\/avatar\/267e4a36f704376c109afe3a78740c1f5dd8675a2180a908699e7863c9247606?s=96&d=mm&r=g","contentUrl":"https:\/\/secure.gravatar.com\/avatar\/267e4a36f704376c109afe3a78740c1f5dd8675a2180a908699e7863c9247606?s=96&d=mm&r=g","caption":"miro.sopko"},"url":"https:\/\/www.smedemokrati.sk\/sv\/author\/miro-sopko\/"}]}},"_links":{"self":[{"href":"https:\/\/www.smedemokrati.sk\/sv\/wp-json\/wp\/v2\/posts\/3293","targetHints":{"allow":["GET"]}}],"collection":[{"href":"https:\/\/www.smedemokrati.sk\/sv\/wp-json\/wp\/v2\/posts"}],"about":[{"href":"https:\/\/www.smedemokrati.sk\/sv\/wp-json\/wp\/v2\/types\/post"}],"author":[{"embeddable":true,"href":"https:\/\/www.smedemokrati.sk\/sv\/wp-json\/wp\/v2\/users\/13"}],"replies":[{"embeddable":true,"href":"https:\/\/www.smedemokrati.sk\/sv\/wp-json\/wp\/v2\/comments?post=3293"}],"version-history":[{"count":1,"href":"https:\/\/www.smedemokrati.sk\/sv\/wp-json\/wp\/v2\/posts\/3293\/revisions"}],"predecessor-version":[{"id":3294,"href":"https:\/\/www.smedemokrati.sk\/sv\/wp-json\/wp\/v2\/posts\/3293\/revisions\/3294"}],"wp:featuredmedia":[{"embeddable":true,"href":"https:\/\/www.smedemokrati.sk\/sv\/wp-json\/wp\/v2\/media\/2676"}],"wp:attachment":[{"href":"https:\/\/www.smedemokrati.sk\/sv\/wp-json\/wp\/v2\/media?parent=3293"}],"wp:term":[{"taxonomy":"category","embeddable":true,"href":"https:\/\/www.smedemokrati.sk\/sv\/wp-json\/wp\/v2\/categories?post=3293"},{"taxonomy":"post_tag","embeddable":true,"href":"https:\/\/www.smedemokrati.sk\/sv\/wp-json\/wp\/v2\/tags?post=3293"}],"curies":[{"name":"wp","href":"https:\/\/api.w.org\/{rel}","templated":true}]}}