{"id":3290,"date":"2024-03-27T15:11:35","date_gmt":"2024-03-27T14:11:35","guid":{"rendered":"https:\/\/www.smedemokrati.sk\/?p=3290"},"modified":"2024-04-02T19:13:34","modified_gmt":"2024-04-02T18:13:34","slug":"sutaj-estok-a-kalinak-chystaju-podvod-na-vojakov-a-policajtov","status":"publish","type":"post","link":"https:\/\/www.smedemokrati.sk\/sv\/sutaj-estok-a-kalinak-chystaju-podvod-na-vojakov-a-policajtov\/","title":{"rendered":"\u0160utaj E\u0161tok a Kali\u0148\u00e1k chystaj\u00fa podvod na vojakov a policajtov"},"content":{"rendered":"<div id=\"fb-root\"><\/div>\n\n<p><strong>Pod\u013ea exministra Na\u010fa, okam\u017eite po tom, \u010do by Peter Pellegrini z\u00edskal funkciu prezidenta, do\u0161lo by v d\u00f4chodkovom syst\u00e9me bezpe\u010dnostn\u00fdch zlo\u017eiek k v\u00fdrazn\u00fdm negat\u00edvnym zmen\u00e1m. Svoje tvrdenie doklad\u00e1 ofici\u00e1lnymi z\u00e1vermi z rokovania ministra \u0160utaja E\u0161toka a policajn\u00fdch odborov.<\/strong><\/p>\n\n\n\n<p>Predseda Demokratov hovor\u00ed, \u017ee vl\u00e1dna koal\u00edcia nedok\u00e1\u017ee naplni\u0165 ani jeden z predvolen\u00fdch s\u013eubov a najnov\u0161ie ani tie, ktor\u00e9 dali voli\u010dom po zasadnut\u00ed do vl\u00e1dnych lav\u00edc:\u00a0<em><em>\u201e<\/em>S\u013eubovali, \u017ee zn\u00ed\u017eia ceny potrav\u00edn a s\u00fa vy\u0161\u0161ie. Vypl\u00e1kavali, ak\u00fd drah\u00fd je benz\u00edn za Hegerovej vl\u00e1dy, dnes je drah\u0161\u00ed o 15 a\u017e 20 centov. Zv\u00fd\u0161ili odvody pre \u017eivnostn\u00edkov a zaviedli nov\u00e9 a vy\u0161\u0161ie \u0161t\u00e1tne poplatky na plecia ob\u010danov. A najnov\u0161ie, vl\u00e1da Roberta Fica chce zavies\u0165 poplatky u lek\u00e1ra. Poviem to ironicky, e\u0161te \u017ee sebe vl\u00e1da zv\u00fd\u0161ila\u00a0platy sama sebe o sto percent. Odporn\u00e9 a \u0161kandal\u00f3zne,\u201d<\/em>\u00a0otv\u00e1ra t\u00e9mu Jaroslav Na\u010f.\u00a0<\/p>\n\n\n\n<p>Exminister obrany hovor\u00ed, \u017ee Fico, Pellegrini a Danko id\u00fa e\u0161te \u010falej a chystaj\u00fa z\u00e1sadn\u00e9 zmeny, ktor\u00e9 bud\u00fa ma\u0165 dopad na v\u00fdsluhov\u00fdch d\u00f4chodcov a syst\u00e9m soci\u00e1lneho zabezpe\u010denia ozbrojen\u00fdch zborov.\u00a0<em><em>\u201e<\/em>Chystaj\u00fa re\u00e1lne zmeny v soci\u00e1lnom zabezpe\u010den\u00ed vojakov, policajtov a pr\u00edslu\u0161n\u00edkov bezpe\u010dnostn\u00fdch zlo\u017eiek,&#8221;\u00a0<\/em>povedal Na\u010f a upozornil, \u017ee \u0160utaj E\u0161tok a Kali\u0148\u00e1k opakovane stra\u0161ili \u013eud\u00ed, \u017ee pr\u00e1ve vl\u00e1da Hegera ide siahnu\u0165 tejto skupine \u013eud\u00ed na soci\u00e1lne istoty, no preuk\u00e1zate\u013ene sa tak nikdy nestalo, naopak, bola im minul\u00fd rok vyplaten\u00e1 aj s\u013e\u00faben\u00e1 valoriz\u00e1cia v\u00fdsluhov\u00fdch d\u00f4chodkov vo v\u00fd\u0161ke 11,8%.<\/p>\n\n\n\n<p><em><em>\u201e<\/em>Minister vn\u00fatra sa minul\u00fd t\u00fd\u017ede\u0148 v Banskej Bystrici stretol s predstavite\u013emi policajn\u00fdch odborov. Ofici\u00e1lnym z\u00e1verom stretnutia bolo, \u017ee \u0160utaj E\u0161tok ozn\u00e1mil, \u017ee nie s\u00fa peniaze na jeho decembrov\u00e9 s\u013euby o zv\u00fd\u0161en\u00ed rizikov\u00e9ho pr\u00edplatku pre policajtov o 70 eur a tie\u017e na pr\u00edspevok na b\u00fdvanie o 50 eur. Ozn\u00e1mil tie\u017e, \u017ee bude realizovan\u00e1 obrovsk\u00e1 rekon\u0161trukcia policajn\u00fdch stan\u00edc z Pl\u00e1nu obnovy, pri\u010dom zabudol poveda\u0165, \u017ee tieto peniaze vyrokoval Eduard Heger a \u010do viac, \u017ee platby z Pl\u00e1nu obnovy s\u00fa kv\u00f4li politike s\u00fa\u010dasnej vl\u00e1dy pozastaven\u00e9 a je ot\u00e1zne, \u010di bud\u00fa v\u00f4bec op\u00e4tovne obnoven\u00e9. A \u010do je najhor\u0161ie, citujem ministra \u0160utaja E\u0161toka z rokovania: <em>\u201e<\/em>Vl\u00e1da Roberta Fica podnik\u00e1\u00a0kroky na to, aby j\u00falov\u00e1 valoriz\u00e1cia nebola, lebo by to sp\u00f4sobilo z\u00e1sadn\u00fd odlev policajtov a vojakov,\u201d<\/em>\u00a0povedal Na\u010f a vyslovil, \u017ee zmena r\u00e9toriky, kedy dnes \u0160utaj E\u0161tok, tvrd\u00ed, \u017ee sa ni\u010d meni\u0165 nebude, s\u00favis\u00ed s prehrou Petra Pellegriniho v prvom kole prezidentsk\u00fdch volieb a s jeho ve\u013ek\u00fdm strachom o v\u00fdsledok druh\u00e9ho kola. Na\u010f uzatv\u00e1ra, \u017ee len \u010do by sa Pellegrini dostal do Prezidentsk\u00e9ho pal\u00e1ca, negat\u00edvne zmeny by okam\u017eite nastali, pri\u010dom ako memento z minulosti pripomenul zmenu soci\u00e1lneho zabezpe\u010denia vojakov a policajtov formou poslaneck\u00e9ho n\u00e1vrhu v roku 2012, za vl\u00e1dy Smeru, kde tie\u017e ministri za Smer deklarovali verejne, \u017ee sa ni\u010d meni\u0165 nebude a n\u00e1sledne to bez odbornej diskusie schv\u00e1lili pok\u00fatne v parlamente.\u00a0<\/p>\n\n\n\n<figure class=\"wp-block-embed is-type-video is-provider-youtube wp-block-embed-youtube wp-embed-aspect-16-9 wp-has-aspect-ratio\"><div class=\"wp-block-embed__wrapper\">\n<iframe title=\"\ud83d\udd34Live, Pellegriniho istoty: tis\u00edce okradnut\u00fdch d\u00f4chodcov a \u00fa\u010delov\u00e9 stra\u0161enie \u013eud\u00ed\" width=\"500\" height=\"281\" src=\"https:\/\/www.youtube.com\/embed\/rPe8H0qwyjs?feature=oembed\" frameborder=\"0\" allow=\"accelerometer; autoplay; clipboard-write; encrypted-media; gyroscope; picture-in-picture; web-share\" referrerpolicy=\"strict-origin-when-cross-origin\" allowfullscreen><\/iframe>\n<\/div><\/figure>\n","protected":false},"excerpt":{"rendered":"<p>Pod\u013ea exministra Na\u010fa, okam\u017eite po tom, \u010do by Peter Pellegrini z\u00edskal funkciu prezidenta, do\u0161lo by v d\u00f4chodkovom syst\u00e9me bezpe\u010dnostn\u00fdch zlo\u017eiek k v\u00fdrazn\u00fdm negat\u00edvnym zmen\u00e1m. Svoje tvrdenie doklad\u00e1 ofici\u00e1lnymi z\u00e1vermi z rokovania ministra \u0160utaja E\u0161toka a policajn\u00fdch odborov. Predseda Demokratov hovor\u00ed, \u017ee vl\u00e1dna koal\u00edcia nedok\u00e1\u017ee naplni\u0165 ani jeden z predvolen\u00fdch s\u013eubov a najnov\u0161ie ani tie, ktor\u00e9 [&hellip;]<\/p>\n","protected":false},"author":13,"featured_media":3291,"comment_status":"closed","ping_status":"closed","sticky":false,"template":"","format":"standard","meta":{"_acf_changed":false,"ngg_post_thumbnail":0,"footnotes":""},"categories":[4],"tags":[],"class_list":["post-3290","post","type-post","status-publish","format-standard","has-post-thumbnail","hentry","category-tlacove-spravy"],"acf":[],"yoast_head":"<!-- This site is optimized with the Yoast SEO plugin v27.2 - https:\/\/yoast.com\/product\/yoast-seo-wordpress\/ -->\n<title>\u0160utaj E\u0161tok a Kali\u0148\u00e1k chystaj\u00fa podvod na vojakov a policajtov - Smedemokrati.sk<\/title>\n<meta name=\"robots\" content=\"index, follow, max-snippet:-1, max-image-preview:large, max-video-preview:-1\" \/>\n<link rel=\"canonical\" href=\"https:\/\/www.smedemokrati.sk\/sv\/sutaj-estok-a-kalinak-chystaju-podvod-na-vojakov-a-policajtov\/\" \/>\n<meta property=\"og:locale\" content=\"sv_SE\" \/>\n<meta property=\"og:locale:alternate\" content=\"en_US\" \/>\n<meta property=\"og:locale:alternate\" content=\"cs_CZ\" \/>\n<meta property=\"og:locale:alternate\" content=\"hu_HU\" \/>\n<meta property=\"og:locale:alternate\" content=\"sk_SK\" \/>\n<meta property=\"og:type\" content=\"article\" \/>\n<meta property=\"og:title\" content=\"\u0160utaj E\u0161tok a Kali\u0148\u00e1k chystaj\u00fa podvod na vojakov a policajtov - Smedemokrati.sk\" \/>\n<meta property=\"og:description\" content=\"Pod\u013ea exministra Na\u010fa, okam\u017eite po tom, \u010do by Peter Pellegrini z\u00edskal funkciu prezidenta, do\u0161lo by v d\u00f4chodkovom syst\u00e9me bezpe\u010dnostn\u00fdch zlo\u017eiek k v\u00fdrazn\u00fdm negat\u00edvnym zmen\u00e1m. Svoje tvrdenie doklad\u00e1 ofici\u00e1lnymi z\u00e1vermi z rokovania ministra \u0160utaja E\u0161toka a policajn\u00fdch odborov. Predseda Demokratov hovor\u00ed, \u017ee vl\u00e1dna koal\u00edcia nedok\u00e1\u017ee naplni\u0165 ani jeden z predvolen\u00fdch s\u013eubov a najnov\u0161ie ani tie, ktor\u00e9 [&hellip;]\" \/>\n<meta property=\"og:url\" content=\"https:\/\/www.smedemokrati.sk\/sv\/sutaj-estok-a-kalinak-chystaju-podvod-na-vojakov-a-policajtov\/\" \/>\n<meta property=\"og:site_name\" content=\"Smedemokrati.sk\" \/>\n<meta property=\"article:publisher\" content=\"https:\/\/www.facebook.com\/smedemokrati2023\" \/>\n<meta property=\"article:published_time\" content=\"2024-03-27T14:11:35+00:00\" \/>\n<meta property=\"article:modified_time\" content=\"2024-04-02T18:13:34+00:00\" \/>\n<meta property=\"og:image\" content=\"https:\/\/www.smedemokrati.sk\/wp-content\/uploads\/2024\/03\/nad-hamran.jpg\" \/>\n\t<meta property=\"og:image:width\" content=\"900\" \/>\n\t<meta property=\"og:image:height\" content=\"601\" \/>\n\t<meta property=\"og:image:type\" content=\"image\/jpeg\" \/>\n<meta name=\"author\" content=\"miro.sopko\" \/>\n<meta name=\"twitter:card\" content=\"summary_large_image\" \/>\n<meta name=\"twitter:label1\" content=\"Skriven av\" \/>\n\t<meta name=\"twitter:data1\" content=\"miro.sopko\" \/>\n\t<meta name=\"twitter:label2\" content=\"Ber\u00e4knad l\u00e4stid\" \/>\n\t<meta name=\"twitter:data2\" content=\"3 minuter\" \/>\n<script type=\"application\/ld+json\" class=\"yoast-schema-graph\">{\"@context\":\"https:\/\/schema.org\",\"@graph\":[{\"@type\":\"Article\",\"@id\":\"https:\/\/www.smedemokrati.sk\/sutaj-estok-a-kalinak-chystaju-podvod-na-vojakov-a-policajtov\/#article\",\"isPartOf\":{\"@id\":\"https:\/\/www.smedemokrati.sk\/sutaj-estok-a-kalinak-chystaju-podvod-na-vojakov-a-policajtov\/\"},\"author\":{\"name\":\"miro.sopko\",\"@id\":\"https:\/\/www.smedemokrati.sk\/#\/schema\/person\/21f147c88d605aa7ded900e1e7c344ba\"},\"headline\":\"\u0160utaj E\u0161tok a Kali\u0148\u00e1k chystaj\u00fa podvod na vojakov a policajtov\",\"datePublished\":\"2024-03-27T14:11:35+00:00\",\"dateModified\":\"2024-04-02T18:13:34+00:00\",\"mainEntityOfPage\":{\"@id\":\"https:\/\/www.smedemokrati.sk\/sutaj-estok-a-kalinak-chystaju-podvod-na-vojakov-a-policajtov\/\"},\"wordCount\":586,\"publisher\":{\"@id\":\"https:\/\/www.smedemokrati.sk\/#organization\"},\"image\":{\"@id\":\"https:\/\/www.smedemokrati.sk\/sutaj-estok-a-kalinak-chystaju-podvod-na-vojakov-a-policajtov\/#primaryimage\"},\"thumbnailUrl\":\"https:\/\/www.smedemokrati.sk\/wp-content\/uploads\/2024\/03\/nad-hamran.jpg\",\"articleSection\":[\"Tla\u010dov\u00e9 spr\u00e1vy\"],\"inLanguage\":\"sv-SE\"},{\"@type\":\"WebPage\",\"@id\":\"https:\/\/www.smedemokrati.sk\/sutaj-estok-a-kalinak-chystaju-podvod-na-vojakov-a-policajtov\/\",\"url\":\"https:\/\/www.smedemokrati.sk\/sutaj-estok-a-kalinak-chystaju-podvod-na-vojakov-a-policajtov\/\",\"name\":\"\u0160utaj E\u0161tok a Kali\u0148\u00e1k chystaj\u00fa podvod na vojakov a policajtov - Smedemokrati.sk\",\"isPartOf\":{\"@id\":\"https:\/\/www.smedemokrati.sk\/#website\"},\"primaryImageOfPage\":{\"@id\":\"https:\/\/www.smedemokrati.sk\/sutaj-estok-a-kalinak-chystaju-podvod-na-vojakov-a-policajtov\/#primaryimage\"},\"image\":{\"@id\":\"https:\/\/www.smedemokrati.sk\/sutaj-estok-a-kalinak-chystaju-podvod-na-vojakov-a-policajtov\/#primaryimage\"},\"thumbnailUrl\":\"https:\/\/www.smedemokrati.sk\/wp-content\/uploads\/2024\/03\/nad-hamran.jpg\",\"datePublished\":\"2024-03-27T14:11:35+00:00\",\"dateModified\":\"2024-04-02T18:13:34+00:00\",\"breadcrumb\":{\"@id\":\"https:\/\/www.smedemokrati.sk\/sutaj-estok-a-kalinak-chystaju-podvod-na-vojakov-a-policajtov\/#breadcrumb\"},\"inLanguage\":\"sv-SE\",\"potentialAction\":[{\"@type\":\"ReadAction\",\"target\":[\"https:\/\/www.smedemokrati.sk\/sutaj-estok-a-kalinak-chystaju-podvod-na-vojakov-a-policajtov\/\"]}]},{\"@type\":\"ImageObject\",\"inLanguage\":\"sv-SE\",\"@id\":\"https:\/\/www.smedemokrati.sk\/sutaj-estok-a-kalinak-chystaju-podvod-na-vojakov-a-policajtov\/#primaryimage\",\"url\":\"https:\/\/www.smedemokrati.sk\/wp-content\/uploads\/2024\/03\/nad-hamran.jpg\",\"contentUrl\":\"https:\/\/www.smedemokrati.sk\/wp-content\/uploads\/2024\/03\/nad-hamran.jpg\",\"width\":900,\"height\":601},{\"@type\":\"BreadcrumbList\",\"@id\":\"https:\/\/www.smedemokrati.sk\/sutaj-estok-a-kalinak-chystaju-podvod-na-vojakov-a-policajtov\/#breadcrumb\",\"itemListElement\":[{\"@type\":\"ListItem\",\"position\":1,\"name\":\"Domovsk\u00e1 str\u00e1nka\",\"item\":\"https:\/\/www.smedemokrati.sk\/\"},{\"@type\":\"ListItem\",\"position\":2,\"name\":\"\u0160utaj E\u0161tok a Kali\u0148\u00e1k chystaj\u00fa podvod na vojakov a policajtov\"}]},{\"@type\":\"WebSite\",\"@id\":\"https:\/\/www.smedemokrati.sk\/#website\",\"url\":\"https:\/\/www.smedemokrati.sk\/\",\"name\":\"Smedemokrati.sk\",\"description\":\"Demokracia a slu\u0161nos\u0165 zv\u00ed\u0165az\u00ed\",\"publisher\":{\"@id\":\"https:\/\/www.smedemokrati.sk\/#organization\"},\"potentialAction\":[{\"@type\":\"SearchAction\",\"target\":{\"@type\":\"EntryPoint\",\"urlTemplate\":\"https:\/\/www.smedemokrati.sk\/?s={search_term_string}\"},\"query-input\":{\"@type\":\"PropertyValueSpecification\",\"valueRequired\":true,\"valueName\":\"search_term_string\"}}],\"inLanguage\":\"sv-SE\"},{\"@type\":\"Organization\",\"@id\":\"https:\/\/www.smedemokrati.sk\/#organization\",\"name\":\"Smedemokrati.sk\",\"url\":\"https:\/\/www.smedemokrati.sk\/\",\"logo\":{\"@type\":\"ImageObject\",\"inLanguage\":\"sv-SE\",\"@id\":\"https:\/\/www.smedemokrati.sk\/#\/schema\/logo\/image\/\",\"url\":\"https:\/\/www.smedemokrati.sk\/wp-content\/uploads\/2023\/04\/ff.002.jpeg\",\"contentUrl\":\"https:\/\/www.smedemokrati.sk\/wp-content\/uploads\/2023\/04\/ff.002.jpeg\",\"width\":640,\"height\":480,\"caption\":\"Smedemokrati.sk\"},\"image\":{\"@id\":\"https:\/\/www.smedemokrati.sk\/#\/schema\/logo\/image\/\"},\"sameAs\":[\"https:\/\/www.facebook.com\/smedemokrati2023\"]},{\"@type\":\"Person\",\"@id\":\"https:\/\/www.smedemokrati.sk\/#\/schema\/person\/21f147c88d605aa7ded900e1e7c344ba\",\"name\":\"miro.sopko\",\"image\":{\"@type\":\"ImageObject\",\"inLanguage\":\"sv-SE\",\"@id\":\"https:\/\/secure.gravatar.com\/avatar\/267e4a36f704376c109afe3a78740c1f5dd8675a2180a908699e7863c9247606?s=96&d=mm&r=g\",\"url\":\"https:\/\/secure.gravatar.com\/avatar\/267e4a36f704376c109afe3a78740c1f5dd8675a2180a908699e7863c9247606?s=96&d=mm&r=g\",\"contentUrl\":\"https:\/\/secure.gravatar.com\/avatar\/267e4a36f704376c109afe3a78740c1f5dd8675a2180a908699e7863c9247606?s=96&d=mm&r=g\",\"caption\":\"miro.sopko\"},\"url\":\"https:\/\/www.smedemokrati.sk\/sv\/author\/miro-sopko\/\"}]}<\/script>\n<!-- \/ Yoast SEO plugin. -->","yoast_head_json":{"title":"\u0160utaj E\u0161tok a Kali\u0148\u00e1k chystaj\u00fa podvod na vojakov a policajtov - Smedemokrati.sk","robots":{"index":"index","follow":"follow","max-snippet":"max-snippet:-1","max-image-preview":"max-image-preview:large","max-video-preview":"max-video-preview:-1"},"canonical":"https:\/\/www.smedemokrati.sk\/sv\/sutaj-estok-a-kalinak-chystaju-podvod-na-vojakov-a-policajtov\/","og_locale":"sv_SE","og_type":"article","og_title":"\u0160utaj E\u0161tok a Kali\u0148\u00e1k chystaj\u00fa podvod na vojakov a policajtov - Smedemokrati.sk","og_description":"Pod\u013ea exministra Na\u010fa, okam\u017eite po tom, \u010do by Peter Pellegrini z\u00edskal funkciu prezidenta, do\u0161lo by v d\u00f4chodkovom syst\u00e9me bezpe\u010dnostn\u00fdch zlo\u017eiek k v\u00fdrazn\u00fdm negat\u00edvnym zmen\u00e1m. Svoje tvrdenie doklad\u00e1 ofici\u00e1lnymi z\u00e1vermi z rokovania ministra \u0160utaja E\u0161toka a policajn\u00fdch odborov. Predseda Demokratov hovor\u00ed, \u017ee vl\u00e1dna koal\u00edcia nedok\u00e1\u017ee naplni\u0165 ani jeden z predvolen\u00fdch s\u013eubov a najnov\u0161ie ani tie, ktor\u00e9 [&hellip;]","og_url":"https:\/\/www.smedemokrati.sk\/sv\/sutaj-estok-a-kalinak-chystaju-podvod-na-vojakov-a-policajtov\/","og_site_name":"Smedemokrati.sk","article_publisher":"https:\/\/www.facebook.com\/smedemokrati2023","article_published_time":"2024-03-27T14:11:35+00:00","article_modified_time":"2024-04-02T18:13:34+00:00","og_image":[{"width":900,"height":601,"url":"https:\/\/www.smedemokrati.sk\/wp-content\/uploads\/2024\/03\/nad-hamran.jpg","type":"image\/jpeg"}],"author":"miro.sopko","twitter_card":"summary_large_image","twitter_misc":{"Skriven av":"miro.sopko","Ber\u00e4knad l\u00e4stid":"3 minuter"},"schema":{"@context":"https:\/\/schema.org","@graph":[{"@type":"Article","@id":"https:\/\/www.smedemokrati.sk\/sutaj-estok-a-kalinak-chystaju-podvod-na-vojakov-a-policajtov\/#article","isPartOf":{"@id":"https:\/\/www.smedemokrati.sk\/sutaj-estok-a-kalinak-chystaju-podvod-na-vojakov-a-policajtov\/"},"author":{"name":"miro.sopko","@id":"https:\/\/www.smedemokrati.sk\/#\/schema\/person\/21f147c88d605aa7ded900e1e7c344ba"},"headline":"\u0160utaj E\u0161tok a Kali\u0148\u00e1k chystaj\u00fa podvod na vojakov a policajtov","datePublished":"2024-03-27T14:11:35+00:00","dateModified":"2024-04-02T18:13:34+00:00","mainEntityOfPage":{"@id":"https:\/\/www.smedemokrati.sk\/sutaj-estok-a-kalinak-chystaju-podvod-na-vojakov-a-policajtov\/"},"wordCount":586,"publisher":{"@id":"https:\/\/www.smedemokrati.sk\/#organization"},"image":{"@id":"https:\/\/www.smedemokrati.sk\/sutaj-estok-a-kalinak-chystaju-podvod-na-vojakov-a-policajtov\/#primaryimage"},"thumbnailUrl":"https:\/\/www.smedemokrati.sk\/wp-content\/uploads\/2024\/03\/nad-hamran.jpg","articleSection":["Tla\u010dov\u00e9 spr\u00e1vy"],"inLanguage":"sv-SE"},{"@type":"WebPage","@id":"https:\/\/www.smedemokrati.sk\/sutaj-estok-a-kalinak-chystaju-podvod-na-vojakov-a-policajtov\/","url":"https:\/\/www.smedemokrati.sk\/sutaj-estok-a-kalinak-chystaju-podvod-na-vojakov-a-policajtov\/","name":"\u0160utaj E\u0161tok a Kali\u0148\u00e1k chystaj\u00fa podvod na vojakov a policajtov - Smedemokrati.sk","isPartOf":{"@id":"https:\/\/www.smedemokrati.sk\/#website"},"primaryImageOfPage":{"@id":"https:\/\/www.smedemokrati.sk\/sutaj-estok-a-kalinak-chystaju-podvod-na-vojakov-a-policajtov\/#primaryimage"},"image":{"@id":"https:\/\/www.smedemokrati.sk\/sutaj-estok-a-kalinak-chystaju-podvod-na-vojakov-a-policajtov\/#primaryimage"},"thumbnailUrl":"https:\/\/www.smedemokrati.sk\/wp-content\/uploads\/2024\/03\/nad-hamran.jpg","datePublished":"2024-03-27T14:11:35+00:00","dateModified":"2024-04-02T18:13:34+00:00","breadcrumb":{"@id":"https:\/\/www.smedemokrati.sk\/sutaj-estok-a-kalinak-chystaju-podvod-na-vojakov-a-policajtov\/#breadcrumb"},"inLanguage":"sv-SE","potentialAction":[{"@type":"ReadAction","target":["https:\/\/www.smedemokrati.sk\/sutaj-estok-a-kalinak-chystaju-podvod-na-vojakov-a-policajtov\/"]}]},{"@type":"ImageObject","inLanguage":"sv-SE","@id":"https:\/\/www.smedemokrati.sk\/sutaj-estok-a-kalinak-chystaju-podvod-na-vojakov-a-policajtov\/#primaryimage","url":"https:\/\/www.smedemokrati.sk\/wp-content\/uploads\/2024\/03\/nad-hamran.jpg","contentUrl":"https:\/\/www.smedemokrati.sk\/wp-content\/uploads\/2024\/03\/nad-hamran.jpg","width":900,"height":601},{"@type":"BreadcrumbList","@id":"https:\/\/www.smedemokrati.sk\/sutaj-estok-a-kalinak-chystaju-podvod-na-vojakov-a-policajtov\/#breadcrumb","itemListElement":[{"@type":"ListItem","position":1,"name":"Domovsk\u00e1 str\u00e1nka","item":"https:\/\/www.smedemokrati.sk\/"},{"@type":"ListItem","position":2,"name":"\u0160utaj E\u0161tok a Kali\u0148\u00e1k chystaj\u00fa podvod na vojakov a policajtov"}]},{"@type":"WebSite","@id":"https:\/\/www.smedemokrati.sk\/#website","url":"https:\/\/www.smedemokrati.sk\/","name":"Smedemokrati.sk","description":"Demokracia a slu\u0161nos\u0165 zv\u00ed\u0165az\u00ed","publisher":{"@id":"https:\/\/www.smedemokrati.sk\/#organization"},"potentialAction":[{"@type":"SearchAction","target":{"@type":"EntryPoint","urlTemplate":"https:\/\/www.smedemokrati.sk\/?s={search_term_string}"},"query-input":{"@type":"PropertyValueSpecification","valueRequired":true,"valueName":"search_term_string"}}],"inLanguage":"sv-SE"},{"@type":"Organization","@id":"https:\/\/www.smedemokrati.sk\/#organization","name":"Smedemokrati.sk","url":"https:\/\/www.smedemokrati.sk\/","logo":{"@type":"ImageObject","inLanguage":"sv-SE","@id":"https:\/\/www.smedemokrati.sk\/#\/schema\/logo\/image\/","url":"https:\/\/www.smedemokrati.sk\/wp-content\/uploads\/2023\/04\/ff.002.jpeg","contentUrl":"https:\/\/www.smedemokrati.sk\/wp-content\/uploads\/2023\/04\/ff.002.jpeg","width":640,"height":480,"caption":"Smedemokrati.sk"},"image":{"@id":"https:\/\/www.smedemokrati.sk\/#\/schema\/logo\/image\/"},"sameAs":["https:\/\/www.facebook.com\/smedemokrati2023"]},{"@type":"Person","@id":"https:\/\/www.smedemokrati.sk\/#\/schema\/person\/21f147c88d605aa7ded900e1e7c344ba","name":"miro.sopko","image":{"@type":"ImageObject","inLanguage":"sv-SE","@id":"https:\/\/secure.gravatar.com\/avatar\/267e4a36f704376c109afe3a78740c1f5dd8675a2180a908699e7863c9247606?s=96&d=mm&r=g","url":"https:\/\/secure.gravatar.com\/avatar\/267e4a36f704376c109afe3a78740c1f5dd8675a2180a908699e7863c9247606?s=96&d=mm&r=g","contentUrl":"https:\/\/secure.gravatar.com\/avatar\/267e4a36f704376c109afe3a78740c1f5dd8675a2180a908699e7863c9247606?s=96&d=mm&r=g","caption":"miro.sopko"},"url":"https:\/\/www.smedemokrati.sk\/sv\/author\/miro-sopko\/"}]}},"_links":{"self":[{"href":"https:\/\/www.smedemokrati.sk\/sv\/wp-json\/wp\/v2\/posts\/3290","targetHints":{"allow":["GET"]}}],"collection":[{"href":"https:\/\/www.smedemokrati.sk\/sv\/wp-json\/wp\/v2\/posts"}],"about":[{"href":"https:\/\/www.smedemokrati.sk\/sv\/wp-json\/wp\/v2\/types\/post"}],"author":[{"embeddable":true,"href":"https:\/\/www.smedemokrati.sk\/sv\/wp-json\/wp\/v2\/users\/13"}],"replies":[{"embeddable":true,"href":"https:\/\/www.smedemokrati.sk\/sv\/wp-json\/wp\/v2\/comments?post=3290"}],"version-history":[{"count":1,"href":"https:\/\/www.smedemokrati.sk\/sv\/wp-json\/wp\/v2\/posts\/3290\/revisions"}],"predecessor-version":[{"id":3292,"href":"https:\/\/www.smedemokrati.sk\/sv\/wp-json\/wp\/v2\/posts\/3290\/revisions\/3292"}],"wp:featuredmedia":[{"embeddable":true,"href":"https:\/\/www.smedemokrati.sk\/sv\/wp-json\/wp\/v2\/media\/3291"}],"wp:attachment":[{"href":"https:\/\/www.smedemokrati.sk\/sv\/wp-json\/wp\/v2\/media?parent=3290"}],"wp:term":[{"taxonomy":"category","embeddable":true,"href":"https:\/\/www.smedemokrati.sk\/sv\/wp-json\/wp\/v2\/categories?post=3290"},{"taxonomy":"post_tag","embeddable":true,"href":"https:\/\/www.smedemokrati.sk\/sv\/wp-json\/wp\/v2\/tags?post=3290"}],"curies":[{"name":"wp","href":"https:\/\/api.w.org\/{rel}","templated":true}]}}