{"id":3265,"date":"2024-03-26T16:15:21","date_gmt":"2024-03-26T15:15:21","guid":{"rendered":"https:\/\/www.smedemokrati.sk\/?p=3265"},"modified":"2024-03-27T15:12:28","modified_gmt":"2024-03-27T14:12:28","slug":"pellegrini-schvalil-odovzdanie-casti-letiska-sliac-americanom","status":"publish","type":"post","link":"https:\/\/www.smedemokrati.sk\/sv\/pellegrini-schvalil-odovzdanie-casti-letiska-sliac-americanom\/","title":{"rendered":"Pellegrini schv\u00e1lil odovzdanie \u010dasti letiska Slia\u010d Ameri\u010danom"},"content":{"rendered":"<div id=\"fb-root\"><\/div>\n\n<p><strong>Zmluva k obstaran\u00ed 14 st\u00edha\u010diek F-16, ktor\u00fa schv\u00e1lila vl\u00e1da Petra Pellegriniho a podp\u00edsal vtedaj\u0161\u00ed minister Peter Gajdo\u0161 (SNS) obsahuje klauzulu odovzdania \u010dasti \u00fazemia letiska na Slia\u010di do v\u00fdlu\u010dn\u00e9ho u\u017e\u00edvania americkej strany. B\u00fdval\u00fd minister obrany Jaroslav Na\u010f a analyti\u010dka Monika Podhor\u00e1ny Masarikov\u00e1 hovoria, \u017ee pod\u013ea zmluvy maj\u00fa do \u010dasti letiska pr\u00edstup v\u00fdlu\u010dne Ameri\u010dania a slovensk\u00ed ob\u010dania jedine na z\u00e1klade potrebn\u00e9ho predch\u00e1dzaj\u00faceho s\u00fahlasu vl\u00e1dy USA.<\/strong><\/p>\n\n\n\n<p>Pod\u013ea predsedu Demokratov ide o \u010fal\u0161ie farizejstvo zo strany prezidentsk\u00e9ho kandid\u00e1ta, ktor\u00fd si najm\u00e4 v posledn\u00fdch d\u0148och kampane buduje imid\u017e ochrancu suverenity Slovenska: <em>\u201ePeter Pellegrini m\u00e1 \u00fasta pln\u00e9 suverenity. Naz\u00fdval n\u00e1s vlastizradcami a spolu s Ficom stra\u0161il, \u017ee ideme odovzda\u0165 Ameri\u010danom letisko Slia\u010d. \u010cuduj sa svete, bola to jeho vl\u00e1da, ktor\u00e1 s\u00fahlasila s odovzdan\u00edm suverenity nad \u010das\u0165ou vojensk\u00e9ho letiska Slia\u010d vl\u00e1de USA. Vid\u00edte to \u010dierne na bielom, toto je nespochybnite\u013en\u00fd d\u00f4kaz,\u201d<\/em> povedal Na\u010f a tvrdenie podporil dokumentom, ktor\u00fd je verejne dostupn\u00fd na webovej str\u00e1nke rezortu obrany.&nbsp;<\/p>\n\n\n\n<p>Pod\u013ea Na\u010fa sa treba p\u00fdta\u0165 s\u00fa\u010dasnej vl\u00e1dy, ktor\u00e1 st\u00e1la za t\u00fdmto rozhodnut\u00edm, \u010do sa bude vo vyhraden\u00fdch priestoroch robi\u0165 a pre\u010do o takejto z\u00e1va\u017enej skuto\u010dnosti, neboli informovan\u00ed ob\u010dania Slovenskej republiky. Na mieste je tie\u017e ot\u00e1zka, \u010di k vzdaniu sa suverenity nad \u010das\u0165ou letiska Slia\u010d, nepotrebovala vl\u00e1da Petra Pellegriniho schv\u00e1lenie zodpovedaj\u00facich \u00fastavn\u00fdch org\u00e1nov, resp. \u010di existuje k tomuto z\u00e1va\u017en\u00e9mu rozhodnutiu stanovisko \u00dastavn\u00e9ho s\u00fadu SR, po ktorom tak volal pr\u00e1ve Peter Pellegrini pri schva\u013eovan\u00ed Dohody o obrannej spolupr\u00e1ci s USA.<\/p>\n\n\n\n<p><em>\u201eNa z\u00e1klade tohto podpisu, ktor\u00e9mu tlieskal a schv\u00e1lil ho Pellegrini, bude na letisku priestor, kde bud\u00fa ma\u0165 vstup v\u00fdlu\u010dne Ameri\u010dania a osoby, ktor\u00fdm to americk\u00e1 vl\u00e1da vopred ods\u00fahlas\u00ed. Toto je re\u00e1lna strata suverenity a zvrchovanosti nad \u00fazem\u00edm Slovenskej republiky. Ak nebud\u00fa s\u00fahlasi\u0165 so vstupom slovensk\u00fdch os\u00f4b, jednoducho ho neumo\u017enia,\u201d<\/em> doplnila obrann\u00e1 analyti\u010dka Monika Podhor\u00e1ny Masarikov\u00e1.<\/p>\n\n\n\n<figure class=\"wp-block-image size-large\"><img decoding=\"async\" width=\"1024\" height=\"675\" src=\"https:\/\/www.smedemokrati.sk\/wp-content\/uploads\/2024\/03\/MOSR-1024x675.jpg\" alt=\"\" class=\"wp-image-3268\" srcset=\"https:\/\/www.smedemokrati.sk\/wp-content\/uploads\/2024\/03\/MOSR-1024x675.jpg 1024w, https:\/\/www.smedemokrati.sk\/wp-content\/uploads\/2024\/03\/MOSR-300x198.jpg 300w, https:\/\/www.smedemokrati.sk\/wp-content\/uploads\/2024\/03\/MOSR-768x506.jpg 768w, https:\/\/www.smedemokrati.sk\/wp-content\/uploads\/2024\/03\/MOSR-1536x1013.jpg 1536w, https:\/\/www.smedemokrati.sk\/wp-content\/uploads\/2024\/03\/MOSR.jpg 1632w\" sizes=\"(max-width: 1024px) 100vw, 1024px\" \/><\/figure>\n","protected":false},"excerpt":{"rendered":"<p>Zmluva k obstaran\u00ed 14 st\u00edha\u010diek F-16, ktor\u00fa schv\u00e1lila vl\u00e1da Petra Pellegriniho a podp\u00edsal vtedaj\u0161\u00ed minister Peter Gajdo\u0161 (SNS) obsahuje klauzulu odovzdania \u010dasti \u00fazemia letiska na Slia\u010di do v\u00fdlu\u010dn\u00e9ho u\u017e\u00edvania americkej strany. B\u00fdval\u00fd minister obrany Jaroslav Na\u010f a analyti\u010dka Monika Podhor\u00e1ny Masarikov\u00e1 hovoria, \u017ee pod\u013ea zmluvy maj\u00fa do \u010dasti letiska pr\u00edstup v\u00fdlu\u010dne Ameri\u010dania a slovensk\u00ed ob\u010dania [&hellip;]<\/p>\n","protected":false},"author":13,"featured_media":3266,"comment_status":"closed","ping_status":"closed","sticky":false,"template":"","format":"standard","meta":{"_acf_changed":false,"ngg_post_thumbnail":0,"footnotes":""},"categories":[4],"tags":[],"class_list":["post-3265","post","type-post","status-publish","format-standard","has-post-thumbnail","hentry","category-tlacove-spravy"],"acf":[],"yoast_head":"<!-- This site is optimized with the Yoast SEO plugin v27.2 - https:\/\/yoast.com\/product\/yoast-seo-wordpress\/ -->\n<title>Pellegrini schv\u00e1lil odovzdanie \u010dasti letiska Slia\u010d Ameri\u010danom - Smedemokrati.sk<\/title>\n<meta name=\"robots\" content=\"index, follow, max-snippet:-1, max-image-preview:large, max-video-preview:-1\" \/>\n<link rel=\"canonical\" href=\"https:\/\/www.smedemokrati.sk\/sv\/pellegrini-schvalil-odovzdanie-casti-letiska-sliac-americanom\/\" \/>\n<meta property=\"og:locale\" content=\"sv_SE\" \/>\n<meta property=\"og:locale:alternate\" content=\"en_US\" \/>\n<meta property=\"og:locale:alternate\" content=\"cs_CZ\" \/>\n<meta property=\"og:locale:alternate\" content=\"hu_HU\" \/>\n<meta property=\"og:locale:alternate\" content=\"sk_SK\" \/>\n<meta property=\"og:type\" content=\"article\" \/>\n<meta property=\"og:title\" content=\"Pellegrini schv\u00e1lil odovzdanie \u010dasti letiska Slia\u010d Ameri\u010danom - Smedemokrati.sk\" \/>\n<meta property=\"og:description\" content=\"Zmluva k obstaran\u00ed 14 st\u00edha\u010diek F-16, ktor\u00fa schv\u00e1lila vl\u00e1da Petra Pellegriniho a podp\u00edsal vtedaj\u0161\u00ed minister Peter Gajdo\u0161 (SNS) obsahuje klauzulu odovzdania \u010dasti \u00fazemia letiska na Slia\u010di do v\u00fdlu\u010dn\u00e9ho u\u017e\u00edvania americkej strany. B\u00fdval\u00fd minister obrany Jaroslav Na\u010f a analyti\u010dka Monika Podhor\u00e1ny Masarikov\u00e1 hovoria, \u017ee pod\u013ea zmluvy maj\u00fa do \u010dasti letiska pr\u00edstup v\u00fdlu\u010dne Ameri\u010dania a slovensk\u00ed ob\u010dania [&hellip;]\" \/>\n<meta property=\"og:url\" content=\"https:\/\/www.smedemokrati.sk\/sv\/pellegrini-schvalil-odovzdanie-casti-letiska-sliac-americanom\/\" \/>\n<meta property=\"og:site_name\" content=\"Smedemokrati.sk\" \/>\n<meta property=\"article:publisher\" content=\"https:\/\/www.facebook.com\/smedemokrati2023\" \/>\n<meta property=\"article:published_time\" content=\"2024-03-26T15:15:21+00:00\" \/>\n<meta property=\"article:modified_time\" content=\"2024-03-27T14:12:28+00:00\" \/>\n<meta property=\"og:image\" content=\"https:\/\/www.smedemokrati.sk\/wp-content\/uploads\/2024\/03\/pellegrini-trump.jpg\" \/>\n\t<meta property=\"og:image:width\" content=\"900\" \/>\n\t<meta property=\"og:image:height\" content=\"600\" \/>\n\t<meta property=\"og:image:type\" content=\"image\/jpeg\" \/>\n<meta name=\"author\" content=\"miro.sopko\" \/>\n<meta name=\"twitter:card\" content=\"summary_large_image\" \/>\n<meta name=\"twitter:label1\" content=\"Skriven av\" \/>\n\t<meta name=\"twitter:data1\" content=\"miro.sopko\" \/>\n\t<meta name=\"twitter:label2\" content=\"Ber\u00e4knad l\u00e4stid\" \/>\n\t<meta name=\"twitter:data2\" content=\"2 minuter\" \/>\n<script type=\"application\/ld+json\" class=\"yoast-schema-graph\">{\"@context\":\"https:\/\/schema.org\",\"@graph\":[{\"@type\":\"Article\",\"@id\":\"https:\/\/www.smedemokrati.sk\/pellegrini-schvalil-odovzdanie-casti-letiska-sliac-americanom\/#article\",\"isPartOf\":{\"@id\":\"https:\/\/www.smedemokrati.sk\/pellegrini-schvalil-odovzdanie-casti-letiska-sliac-americanom\/\"},\"author\":{\"name\":\"miro.sopko\",\"@id\":\"https:\/\/www.smedemokrati.sk\/#\/schema\/person\/21f147c88d605aa7ded900e1e7c344ba\"},\"headline\":\"Pellegrini schv\u00e1lil odovzdanie \u010dasti letiska Slia\u010d Ameri\u010danom\",\"datePublished\":\"2024-03-26T15:15:21+00:00\",\"dateModified\":\"2024-03-27T14:12:28+00:00\",\"mainEntityOfPage\":{\"@id\":\"https:\/\/www.smedemokrati.sk\/pellegrini-schvalil-odovzdanie-casti-letiska-sliac-americanom\/\"},\"wordCount\":382,\"publisher\":{\"@id\":\"https:\/\/www.smedemokrati.sk\/#organization\"},\"image\":{\"@id\":\"https:\/\/www.smedemokrati.sk\/pellegrini-schvalil-odovzdanie-casti-letiska-sliac-americanom\/#primaryimage\"},\"thumbnailUrl\":\"https:\/\/www.smedemokrati.sk\/wp-content\/uploads\/2024\/03\/pellegrini-trump.jpg\",\"articleSection\":[\"Tla\u010dov\u00e9 spr\u00e1vy\"],\"inLanguage\":\"sv-SE\"},{\"@type\":\"WebPage\",\"@id\":\"https:\/\/www.smedemokrati.sk\/pellegrini-schvalil-odovzdanie-casti-letiska-sliac-americanom\/\",\"url\":\"https:\/\/www.smedemokrati.sk\/pellegrini-schvalil-odovzdanie-casti-letiska-sliac-americanom\/\",\"name\":\"Pellegrini schv\u00e1lil odovzdanie \u010dasti letiska Slia\u010d Ameri\u010danom - Smedemokrati.sk\",\"isPartOf\":{\"@id\":\"https:\/\/www.smedemokrati.sk\/#website\"},\"primaryImageOfPage\":{\"@id\":\"https:\/\/www.smedemokrati.sk\/pellegrini-schvalil-odovzdanie-casti-letiska-sliac-americanom\/#primaryimage\"},\"image\":{\"@id\":\"https:\/\/www.smedemokrati.sk\/pellegrini-schvalil-odovzdanie-casti-letiska-sliac-americanom\/#primaryimage\"},\"thumbnailUrl\":\"https:\/\/www.smedemokrati.sk\/wp-content\/uploads\/2024\/03\/pellegrini-trump.jpg\",\"datePublished\":\"2024-03-26T15:15:21+00:00\",\"dateModified\":\"2024-03-27T14:12:28+00:00\",\"breadcrumb\":{\"@id\":\"https:\/\/www.smedemokrati.sk\/pellegrini-schvalil-odovzdanie-casti-letiska-sliac-americanom\/#breadcrumb\"},\"inLanguage\":\"sv-SE\",\"potentialAction\":[{\"@type\":\"ReadAction\",\"target\":[\"https:\/\/www.smedemokrati.sk\/pellegrini-schvalil-odovzdanie-casti-letiska-sliac-americanom\/\"]}]},{\"@type\":\"ImageObject\",\"inLanguage\":\"sv-SE\",\"@id\":\"https:\/\/www.smedemokrati.sk\/pellegrini-schvalil-odovzdanie-casti-letiska-sliac-americanom\/#primaryimage\",\"url\":\"https:\/\/www.smedemokrati.sk\/wp-content\/uploads\/2024\/03\/pellegrini-trump.jpg\",\"contentUrl\":\"https:\/\/www.smedemokrati.sk\/wp-content\/uploads\/2024\/03\/pellegrini-trump.jpg\",\"width\":900,\"height\":600},{\"@type\":\"BreadcrumbList\",\"@id\":\"https:\/\/www.smedemokrati.sk\/pellegrini-schvalil-odovzdanie-casti-letiska-sliac-americanom\/#breadcrumb\",\"itemListElement\":[{\"@type\":\"ListItem\",\"position\":1,\"name\":\"Domovsk\u00e1 str\u00e1nka\",\"item\":\"https:\/\/www.smedemokrati.sk\/\"},{\"@type\":\"ListItem\",\"position\":2,\"name\":\"Pellegrini schv\u00e1lil odovzdanie \u010dasti letiska Slia\u010d Ameri\u010danom\"}]},{\"@type\":\"WebSite\",\"@id\":\"https:\/\/www.smedemokrati.sk\/#website\",\"url\":\"https:\/\/www.smedemokrati.sk\/\",\"name\":\"Smedemokrati.sk\",\"description\":\"Demokracia a slu\u0161nos\u0165 zv\u00ed\u0165az\u00ed\",\"publisher\":{\"@id\":\"https:\/\/www.smedemokrati.sk\/#organization\"},\"potentialAction\":[{\"@type\":\"SearchAction\",\"target\":{\"@type\":\"EntryPoint\",\"urlTemplate\":\"https:\/\/www.smedemokrati.sk\/?s={search_term_string}\"},\"query-input\":{\"@type\":\"PropertyValueSpecification\",\"valueRequired\":true,\"valueName\":\"search_term_string\"}}],\"inLanguage\":\"sv-SE\"},{\"@type\":\"Organization\",\"@id\":\"https:\/\/www.smedemokrati.sk\/#organization\",\"name\":\"Smedemokrati.sk\",\"url\":\"https:\/\/www.smedemokrati.sk\/\",\"logo\":{\"@type\":\"ImageObject\",\"inLanguage\":\"sv-SE\",\"@id\":\"https:\/\/www.smedemokrati.sk\/#\/schema\/logo\/image\/\",\"url\":\"https:\/\/www.smedemokrati.sk\/wp-content\/uploads\/2023\/04\/ff.002.jpeg\",\"contentUrl\":\"https:\/\/www.smedemokrati.sk\/wp-content\/uploads\/2023\/04\/ff.002.jpeg\",\"width\":640,\"height\":480,\"caption\":\"Smedemokrati.sk\"},\"image\":{\"@id\":\"https:\/\/www.smedemokrati.sk\/#\/schema\/logo\/image\/\"},\"sameAs\":[\"https:\/\/www.facebook.com\/smedemokrati2023\"]},{\"@type\":\"Person\",\"@id\":\"https:\/\/www.smedemokrati.sk\/#\/schema\/person\/21f147c88d605aa7ded900e1e7c344ba\",\"name\":\"miro.sopko\",\"image\":{\"@type\":\"ImageObject\",\"inLanguage\":\"sv-SE\",\"@id\":\"https:\/\/secure.gravatar.com\/avatar\/267e4a36f704376c109afe3a78740c1f5dd8675a2180a908699e7863c9247606?s=96&d=mm&r=g\",\"url\":\"https:\/\/secure.gravatar.com\/avatar\/267e4a36f704376c109afe3a78740c1f5dd8675a2180a908699e7863c9247606?s=96&d=mm&r=g\",\"contentUrl\":\"https:\/\/secure.gravatar.com\/avatar\/267e4a36f704376c109afe3a78740c1f5dd8675a2180a908699e7863c9247606?s=96&d=mm&r=g\",\"caption\":\"miro.sopko\"},\"url\":\"https:\/\/www.smedemokrati.sk\/sv\/author\/miro-sopko\/\"}]}<\/script>\n<!-- \/ Yoast SEO plugin. -->","yoast_head_json":{"title":"Pellegrini schv\u00e1lil odovzdanie \u010dasti letiska Slia\u010d Ameri\u010danom - Smedemokrati.sk","robots":{"index":"index","follow":"follow","max-snippet":"max-snippet:-1","max-image-preview":"max-image-preview:large","max-video-preview":"max-video-preview:-1"},"canonical":"https:\/\/www.smedemokrati.sk\/sv\/pellegrini-schvalil-odovzdanie-casti-letiska-sliac-americanom\/","og_locale":"sv_SE","og_type":"article","og_title":"Pellegrini schv\u00e1lil odovzdanie \u010dasti letiska Slia\u010d Ameri\u010danom - Smedemokrati.sk","og_description":"Zmluva k obstaran\u00ed 14 st\u00edha\u010diek F-16, ktor\u00fa schv\u00e1lila vl\u00e1da Petra Pellegriniho a podp\u00edsal vtedaj\u0161\u00ed minister Peter Gajdo\u0161 (SNS) obsahuje klauzulu odovzdania \u010dasti \u00fazemia letiska na Slia\u010di do v\u00fdlu\u010dn\u00e9ho u\u017e\u00edvania americkej strany. B\u00fdval\u00fd minister obrany Jaroslav Na\u010f a analyti\u010dka Monika Podhor\u00e1ny Masarikov\u00e1 hovoria, \u017ee pod\u013ea zmluvy maj\u00fa do \u010dasti letiska pr\u00edstup v\u00fdlu\u010dne Ameri\u010dania a slovensk\u00ed ob\u010dania [&hellip;]","og_url":"https:\/\/www.smedemokrati.sk\/sv\/pellegrini-schvalil-odovzdanie-casti-letiska-sliac-americanom\/","og_site_name":"Smedemokrati.sk","article_publisher":"https:\/\/www.facebook.com\/smedemokrati2023","article_published_time":"2024-03-26T15:15:21+00:00","article_modified_time":"2024-03-27T14:12:28+00:00","og_image":[{"width":900,"height":600,"url":"https:\/\/www.smedemokrati.sk\/wp-content\/uploads\/2024\/03\/pellegrini-trump.jpg","type":"image\/jpeg"}],"author":"miro.sopko","twitter_card":"summary_large_image","twitter_misc":{"Skriven av":"miro.sopko","Ber\u00e4knad l\u00e4stid":"2 minuter"},"schema":{"@context":"https:\/\/schema.org","@graph":[{"@type":"Article","@id":"https:\/\/www.smedemokrati.sk\/pellegrini-schvalil-odovzdanie-casti-letiska-sliac-americanom\/#article","isPartOf":{"@id":"https:\/\/www.smedemokrati.sk\/pellegrini-schvalil-odovzdanie-casti-letiska-sliac-americanom\/"},"author":{"name":"miro.sopko","@id":"https:\/\/www.smedemokrati.sk\/#\/schema\/person\/21f147c88d605aa7ded900e1e7c344ba"},"headline":"Pellegrini schv\u00e1lil odovzdanie \u010dasti letiska Slia\u010d Ameri\u010danom","datePublished":"2024-03-26T15:15:21+00:00","dateModified":"2024-03-27T14:12:28+00:00","mainEntityOfPage":{"@id":"https:\/\/www.smedemokrati.sk\/pellegrini-schvalil-odovzdanie-casti-letiska-sliac-americanom\/"},"wordCount":382,"publisher":{"@id":"https:\/\/www.smedemokrati.sk\/#organization"},"image":{"@id":"https:\/\/www.smedemokrati.sk\/pellegrini-schvalil-odovzdanie-casti-letiska-sliac-americanom\/#primaryimage"},"thumbnailUrl":"https:\/\/www.smedemokrati.sk\/wp-content\/uploads\/2024\/03\/pellegrini-trump.jpg","articleSection":["Tla\u010dov\u00e9 spr\u00e1vy"],"inLanguage":"sv-SE"},{"@type":"WebPage","@id":"https:\/\/www.smedemokrati.sk\/pellegrini-schvalil-odovzdanie-casti-letiska-sliac-americanom\/","url":"https:\/\/www.smedemokrati.sk\/pellegrini-schvalil-odovzdanie-casti-letiska-sliac-americanom\/","name":"Pellegrini schv\u00e1lil odovzdanie \u010dasti letiska Slia\u010d Ameri\u010danom - Smedemokrati.sk","isPartOf":{"@id":"https:\/\/www.smedemokrati.sk\/#website"},"primaryImageOfPage":{"@id":"https:\/\/www.smedemokrati.sk\/pellegrini-schvalil-odovzdanie-casti-letiska-sliac-americanom\/#primaryimage"},"image":{"@id":"https:\/\/www.smedemokrati.sk\/pellegrini-schvalil-odovzdanie-casti-letiska-sliac-americanom\/#primaryimage"},"thumbnailUrl":"https:\/\/www.smedemokrati.sk\/wp-content\/uploads\/2024\/03\/pellegrini-trump.jpg","datePublished":"2024-03-26T15:15:21+00:00","dateModified":"2024-03-27T14:12:28+00:00","breadcrumb":{"@id":"https:\/\/www.smedemokrati.sk\/pellegrini-schvalil-odovzdanie-casti-letiska-sliac-americanom\/#breadcrumb"},"inLanguage":"sv-SE","potentialAction":[{"@type":"ReadAction","target":["https:\/\/www.smedemokrati.sk\/pellegrini-schvalil-odovzdanie-casti-letiska-sliac-americanom\/"]}]},{"@type":"ImageObject","inLanguage":"sv-SE","@id":"https:\/\/www.smedemokrati.sk\/pellegrini-schvalil-odovzdanie-casti-letiska-sliac-americanom\/#primaryimage","url":"https:\/\/www.smedemokrati.sk\/wp-content\/uploads\/2024\/03\/pellegrini-trump.jpg","contentUrl":"https:\/\/www.smedemokrati.sk\/wp-content\/uploads\/2024\/03\/pellegrini-trump.jpg","width":900,"height":600},{"@type":"BreadcrumbList","@id":"https:\/\/www.smedemokrati.sk\/pellegrini-schvalil-odovzdanie-casti-letiska-sliac-americanom\/#breadcrumb","itemListElement":[{"@type":"ListItem","position":1,"name":"Domovsk\u00e1 str\u00e1nka","item":"https:\/\/www.smedemokrati.sk\/"},{"@type":"ListItem","position":2,"name":"Pellegrini schv\u00e1lil odovzdanie \u010dasti letiska Slia\u010d Ameri\u010danom"}]},{"@type":"WebSite","@id":"https:\/\/www.smedemokrati.sk\/#website","url":"https:\/\/www.smedemokrati.sk\/","name":"Smedemokrati.sk","description":"Demokracia a slu\u0161nos\u0165 zv\u00ed\u0165az\u00ed","publisher":{"@id":"https:\/\/www.smedemokrati.sk\/#organization"},"potentialAction":[{"@type":"SearchAction","target":{"@type":"EntryPoint","urlTemplate":"https:\/\/www.smedemokrati.sk\/?s={search_term_string}"},"query-input":{"@type":"PropertyValueSpecification","valueRequired":true,"valueName":"search_term_string"}}],"inLanguage":"sv-SE"},{"@type":"Organization","@id":"https:\/\/www.smedemokrati.sk\/#organization","name":"Smedemokrati.sk","url":"https:\/\/www.smedemokrati.sk\/","logo":{"@type":"ImageObject","inLanguage":"sv-SE","@id":"https:\/\/www.smedemokrati.sk\/#\/schema\/logo\/image\/","url":"https:\/\/www.smedemokrati.sk\/wp-content\/uploads\/2023\/04\/ff.002.jpeg","contentUrl":"https:\/\/www.smedemokrati.sk\/wp-content\/uploads\/2023\/04\/ff.002.jpeg","width":640,"height":480,"caption":"Smedemokrati.sk"},"image":{"@id":"https:\/\/www.smedemokrati.sk\/#\/schema\/logo\/image\/"},"sameAs":["https:\/\/www.facebook.com\/smedemokrati2023"]},{"@type":"Person","@id":"https:\/\/www.smedemokrati.sk\/#\/schema\/person\/21f147c88d605aa7ded900e1e7c344ba","name":"miro.sopko","image":{"@type":"ImageObject","inLanguage":"sv-SE","@id":"https:\/\/secure.gravatar.com\/avatar\/267e4a36f704376c109afe3a78740c1f5dd8675a2180a908699e7863c9247606?s=96&d=mm&r=g","url":"https:\/\/secure.gravatar.com\/avatar\/267e4a36f704376c109afe3a78740c1f5dd8675a2180a908699e7863c9247606?s=96&d=mm&r=g","contentUrl":"https:\/\/secure.gravatar.com\/avatar\/267e4a36f704376c109afe3a78740c1f5dd8675a2180a908699e7863c9247606?s=96&d=mm&r=g","caption":"miro.sopko"},"url":"https:\/\/www.smedemokrati.sk\/sv\/author\/miro-sopko\/"}]}},"_links":{"self":[{"href":"https:\/\/www.smedemokrati.sk\/sv\/wp-json\/wp\/v2\/posts\/3265","targetHints":{"allow":["GET"]}}],"collection":[{"href":"https:\/\/www.smedemokrati.sk\/sv\/wp-json\/wp\/v2\/posts"}],"about":[{"href":"https:\/\/www.smedemokrati.sk\/sv\/wp-json\/wp\/v2\/types\/post"}],"author":[{"embeddable":true,"href":"https:\/\/www.smedemokrati.sk\/sv\/wp-json\/wp\/v2\/users\/13"}],"replies":[{"embeddable":true,"href":"https:\/\/www.smedemokrati.sk\/sv\/wp-json\/wp\/v2\/comments?post=3265"}],"version-history":[{"count":2,"href":"https:\/\/www.smedemokrati.sk\/sv\/wp-json\/wp\/v2\/posts\/3265\/revisions"}],"predecessor-version":[{"id":3269,"href":"https:\/\/www.smedemokrati.sk\/sv\/wp-json\/wp\/v2\/posts\/3265\/revisions\/3269"}],"wp:featuredmedia":[{"embeddable":true,"href":"https:\/\/www.smedemokrati.sk\/sv\/wp-json\/wp\/v2\/media\/3266"}],"wp:attachment":[{"href":"https:\/\/www.smedemokrati.sk\/sv\/wp-json\/wp\/v2\/media?parent=3265"}],"wp:term":[{"taxonomy":"category","embeddable":true,"href":"https:\/\/www.smedemokrati.sk\/sv\/wp-json\/wp\/v2\/categories?post=3265"},{"taxonomy":"post_tag","embeddable":true,"href":"https:\/\/www.smedemokrati.sk\/sv\/wp-json\/wp\/v2\/tags?post=3265"}],"curies":[{"name":"wp","href":"https:\/\/api.w.org\/{rel}","templated":true}]}}