{"id":3254,"date":"2024-03-25T15:43:24","date_gmt":"2024-03-25T14:43:24","guid":{"rendered":"https:\/\/www.smedemokrati.sk\/?p=3254"},"modified":"2024-03-27T15:12:12","modified_gmt":"2024-03-27T14:12:12","slug":"byvaly-minister-obrany-vyvracia-klamstva-kandidata-na-prezidenta-petra-pellegriniho-ktory-opakovane-a-zamerne-zavadza-verejnost-tvrdeniami-o-vyslani-slovenskych-vojakov-na-ukrajinu","status":"publish","type":"post","link":"https:\/\/www.smedemokrati.sk\/sv\/byvaly-minister-obrany-vyvracia-klamstva-kandidata-na-prezidenta-petra-pellegriniho-ktory-opakovane-a-zamerne-zavadza-verejnost-tvrdeniami-o-vyslani-slovenskych-vojakov-na-ukrajinu\/","title":{"rendered":"B\u00fdval\u00fd minister obrany vyvracia klamstv\u00e1 kandid\u00e1ta na prezidenta Petra Pellegriniho, ktor\u00fd opakovane a z\u00e1merne zav\u00e1dza verejnos\u0165 tvrdeniami o vyslan\u00ed slovensk\u00fdch vojakov na Ukrajinu"},"content":{"rendered":"<div id=\"fb-root\"><\/div>\n\n<p><strong>B\u00fdval\u00fd minister obrany vyvracia klamstv\u00e1 kandid\u00e1ta na prezidenta Petra Pellegriniho, ktor\u00fd opakovane a z\u00e1merne zav\u00e1dza verejnos\u0165 tvrdeniami o vyslan\u00ed slovensk\u00fdch vojakov na Ukrajinu.&nbsp;<\/strong><\/p>\n\n\n\n<p>Jaroslav Na\u010f uv\u00e1dza na prav\u00fa mieru, \u017ee prezident nem\u00e1 v zmysle \u00dastavy Slovenskej republiky pri vysielan\u00ed pr\u00edslu\u0161n\u00edkov OS SR \u017eiadnu kompetenciu:\u00a0<em><em>\u201e<\/em>Pravdou je, \u017ee vojakov do akejko\u013evek zahrani\u010dnej oper\u00e1cie m\u00f4\u017ee vysla\u0165 jedine a len N\u00e1rodn\u00e1 rada Slovenskej republiky, a to na n\u00e1vrh vl\u00e1dy Slovenskej republiky. Tak\u00fdto n\u00e1vrh na vl\u00e1du predklad\u00e1 bu\u010f minister obrany alebo spolo\u010dne s ministrom zahrani\u010dn\u00fdch vec\u00ed. Prezident nem\u00e1 s vyslan\u00edm na\u0161ich vojakov do zahrani\u010dia, teda vr\u00e1tane Ukrajiny, absol\u00fatne ni\u010d spolo\u010dn\u00e9,&#8221;\u00a0<\/em>reaguje predseda Demokratov Na\u010f na opakovan\u00e9 tvrdenia Petra Pellegriniho, ktor\u00fd s\u00e1m seba ozna\u010duje za garanta toho, \u017ee na\u0161i vojaci nebud\u00fa vyslan\u00ed na Ukrajinu.<\/p>\n\n\n\n<p><em><em>\u201e<\/em>Tento vymyslen\u00fd kon\u0161trukt nie je hodn\u00fd kandid\u00e1ta na prezidenta. Odpor\u00fa\u010dam p\u00e1novi Pellegrinimu, aby zre\u00e1lnil svoje predvolebn\u00e9 s\u013euby a t\u00e9my tak, aby to nedopadlo ako s lacnej\u0161\u00edmi potravinami, ktor\u00e9 s\u013euboval. Upokojujem verejnos\u0165, \u017ee na\u0161a \u00dastava jasne hovor\u00ed o tom, \u017ee sme to jedine my ako krajina prostredn\u00edctvom NR SR, ktor\u00e1 m\u00f4\u017ee rozhodn\u00fa\u0165 o vyslan\u00ed na\u0161ich vojakov a opakujem, prezident s t\u00fdm nem\u00e1 ni\u010d spolo\u010dn\u00e9, rovnako ako na\u0161e \u010dlenstvo v E\u00da \u010di v NATO.&#8221;<\/em>\u00a0uzavrel Na\u010f.<\/p>\n","protected":false},"excerpt":{"rendered":"<p>B\u00fdval\u00fd minister obrany vyvracia klamstv\u00e1 kandid\u00e1ta na prezidenta Petra Pellegriniho, ktor\u00fd opakovane a z\u00e1merne zav\u00e1dza verejnos\u0165 tvrdeniami o vyslan\u00ed slovensk\u00fdch vojakov na Ukrajinu.&nbsp; Jaroslav Na\u010f uv\u00e1dza na prav\u00fa mieru, \u017ee prezident nem\u00e1 v zmysle \u00dastavy Slovenskej republiky pri vysielan\u00ed pr\u00edslu\u0161n\u00edkov OS SR \u017eiadnu kompetenciu:\u00a0\u201ePravdou je, \u017ee vojakov do akejko\u013evek zahrani\u010dnej oper\u00e1cie m\u00f4\u017ee vysla\u0165 jedine a [&hellip;]<\/p>\n","protected":false},"author":13,"featured_media":3255,"comment_status":"closed","ping_status":"closed","sticky":false,"template":"","format":"standard","meta":{"_acf_changed":false,"ngg_post_thumbnail":0,"footnotes":""},"categories":[4],"tags":[],"class_list":["post-3254","post","type-post","status-publish","format-standard","has-post-thumbnail","hentry","category-tlacove-spravy"],"acf":[],"yoast_head":"<!-- This site is optimized with the Yoast SEO plugin v27.2 - https:\/\/yoast.com\/product\/yoast-seo-wordpress\/ -->\n<title>B\u00fdval\u00fd minister obrany vyvracia klamstv\u00e1 kandid\u00e1ta na prezidenta Petra Pellegriniho, ktor\u00fd opakovane a z\u00e1merne zav\u00e1dza verejnos\u0165 tvrdeniami o vyslan\u00ed slovensk\u00fdch vojakov na Ukrajinu - Smedemokrati.sk<\/title>\n<meta name=\"robots\" content=\"index, follow, max-snippet:-1, max-image-preview:large, max-video-preview:-1\" \/>\n<link rel=\"canonical\" href=\"https:\/\/www.smedemokrati.sk\/sv\/byvaly-minister-obrany-vyvracia-klamstva-kandidata-na-prezidenta-petra-pellegriniho-ktory-opakovane-a-zamerne-zavadza-verejnost-tvrdeniami-o-vyslani-slovenskych-vojakov-na-ukrajinu\/\" \/>\n<meta property=\"og:locale\" content=\"sv_SE\" \/>\n<meta property=\"og:locale:alternate\" content=\"en_US\" \/>\n<meta property=\"og:locale:alternate\" content=\"cs_CZ\" \/>\n<meta property=\"og:locale:alternate\" content=\"hu_HU\" \/>\n<meta property=\"og:locale:alternate\" content=\"sk_SK\" \/>\n<meta property=\"og:type\" content=\"article\" \/>\n<meta property=\"og:title\" content=\"B\u00fdval\u00fd minister obrany vyvracia klamstv\u00e1 kandid\u00e1ta na prezidenta Petra Pellegriniho, ktor\u00fd opakovane a z\u00e1merne zav\u00e1dza verejnos\u0165 tvrdeniami o vyslan\u00ed slovensk\u00fdch vojakov na Ukrajinu - Smedemokrati.sk\" \/>\n<meta property=\"og:description\" content=\"B\u00fdval\u00fd minister obrany vyvracia klamstv\u00e1 kandid\u00e1ta na prezidenta Petra Pellegriniho, ktor\u00fd opakovane a z\u00e1merne zav\u00e1dza verejnos\u0165 tvrdeniami o vyslan\u00ed slovensk\u00fdch vojakov na Ukrajinu.&nbsp; Jaroslav Na\u010f uv\u00e1dza na prav\u00fa mieru, \u017ee prezident nem\u00e1 v zmysle \u00dastavy Slovenskej republiky pri vysielan\u00ed pr\u00edslu\u0161n\u00edkov OS SR \u017eiadnu kompetenciu:\u00a0\u201ePravdou je, \u017ee vojakov do akejko\u013evek zahrani\u010dnej oper\u00e1cie m\u00f4\u017ee vysla\u0165 jedine a [&hellip;]\" \/>\n<meta property=\"og:url\" content=\"https:\/\/www.smedemokrati.sk\/sv\/byvaly-minister-obrany-vyvracia-klamstva-kandidata-na-prezidenta-petra-pellegriniho-ktory-opakovane-a-zamerne-zavadza-verejnost-tvrdeniami-o-vyslani-slovenskych-vojakov-na-ukrajinu\/\" \/>\n<meta property=\"og:site_name\" content=\"Smedemokrati.sk\" \/>\n<meta property=\"article:publisher\" content=\"https:\/\/www.facebook.com\/smedemokrati2023\" \/>\n<meta property=\"article:published_time\" content=\"2024-03-25T14:43:24+00:00\" \/>\n<meta property=\"article:modified_time\" content=\"2024-03-27T14:12:12+00:00\" \/>\n<meta property=\"og:image\" content=\"https:\/\/www.smedemokrati.sk\/wp-content\/uploads\/2024\/03\/Nad_prejav.jpg\" \/>\n\t<meta property=\"og:image:width\" content=\"1000\" \/>\n\t<meta property=\"og:image:height\" content=\"667\" \/>\n\t<meta property=\"og:image:type\" content=\"image\/jpeg\" \/>\n<meta name=\"author\" content=\"miro.sopko\" \/>\n<meta name=\"twitter:card\" content=\"summary_large_image\" \/>\n<meta name=\"twitter:label1\" content=\"Skriven av\" \/>\n\t<meta name=\"twitter:data1\" content=\"miro.sopko\" \/>\n\t<meta name=\"twitter:label2\" content=\"Ber\u00e4knad l\u00e4stid\" \/>\n\t<meta name=\"twitter:data2\" content=\"2 minuter\" \/>\n<script type=\"application\/ld+json\" class=\"yoast-schema-graph\">{\"@context\":\"https:\/\/schema.org\",\"@graph\":[{\"@type\":\"Article\",\"@id\":\"https:\/\/www.smedemokrati.sk\/byvaly-minister-obrany-vyvracia-klamstva-kandidata-na-prezidenta-petra-pellegriniho-ktory-opakovane-a-zamerne-zavadza-verejnost-tvrdeniami-o-vyslani-slovenskych-vojakov-na-ukrajinu\/#article\",\"isPartOf\":{\"@id\":\"https:\/\/www.smedemokrati.sk\/byvaly-minister-obrany-vyvracia-klamstva-kandidata-na-prezidenta-petra-pellegriniho-ktory-opakovane-a-zamerne-zavadza-verejnost-tvrdeniami-o-vyslani-slovenskych-vojakov-na-ukrajinu\/\"},\"author\":{\"name\":\"miro.sopko\",\"@id\":\"https:\/\/www.smedemokrati.sk\/#\/schema\/person\/21f147c88d605aa7ded900e1e7c344ba\"},\"headline\":\"B\u00fdval\u00fd minister obrany vyvracia klamstv\u00e1 kandid\u00e1ta na prezidenta Petra Pellegriniho, ktor\u00fd opakovane a z\u00e1merne zav\u00e1dza verejnos\u0165 tvrdeniami o vyslan\u00ed slovensk\u00fdch vojakov na Ukrajinu\",\"datePublished\":\"2024-03-25T14:43:24+00:00\",\"dateModified\":\"2024-03-27T14:12:12+00:00\",\"mainEntityOfPage\":{\"@id\":\"https:\/\/www.smedemokrati.sk\/byvaly-minister-obrany-vyvracia-klamstva-kandidata-na-prezidenta-petra-pellegriniho-ktory-opakovane-a-zamerne-zavadza-verejnost-tvrdeniami-o-vyslani-slovenskych-vojakov-na-ukrajinu\/\"},\"wordCount\":269,\"publisher\":{\"@id\":\"https:\/\/www.smedemokrati.sk\/#organization\"},\"image\":{\"@id\":\"https:\/\/www.smedemokrati.sk\/byvaly-minister-obrany-vyvracia-klamstva-kandidata-na-prezidenta-petra-pellegriniho-ktory-opakovane-a-zamerne-zavadza-verejnost-tvrdeniami-o-vyslani-slovenskych-vojakov-na-ukrajinu\/#primaryimage\"},\"thumbnailUrl\":\"https:\/\/www.smedemokrati.sk\/wp-content\/uploads\/2024\/03\/Nad_prejav.jpg\",\"articleSection\":[\"Tla\u010dov\u00e9 spr\u00e1vy\"],\"inLanguage\":\"sv-SE\"},{\"@type\":\"WebPage\",\"@id\":\"https:\/\/www.smedemokrati.sk\/byvaly-minister-obrany-vyvracia-klamstva-kandidata-na-prezidenta-petra-pellegriniho-ktory-opakovane-a-zamerne-zavadza-verejnost-tvrdeniami-o-vyslani-slovenskych-vojakov-na-ukrajinu\/\",\"url\":\"https:\/\/www.smedemokrati.sk\/byvaly-minister-obrany-vyvracia-klamstva-kandidata-na-prezidenta-petra-pellegriniho-ktory-opakovane-a-zamerne-zavadza-verejnost-tvrdeniami-o-vyslani-slovenskych-vojakov-na-ukrajinu\/\",\"name\":\"B\u00fdval\u00fd minister obrany vyvracia klamstv\u00e1 kandid\u00e1ta na prezidenta Petra Pellegriniho, ktor\u00fd opakovane a z\u00e1merne zav\u00e1dza verejnos\u0165 tvrdeniami o vyslan\u00ed slovensk\u00fdch vojakov na Ukrajinu - Smedemokrati.sk\",\"isPartOf\":{\"@id\":\"https:\/\/www.smedemokrati.sk\/#website\"},\"primaryImageOfPage\":{\"@id\":\"https:\/\/www.smedemokrati.sk\/byvaly-minister-obrany-vyvracia-klamstva-kandidata-na-prezidenta-petra-pellegriniho-ktory-opakovane-a-zamerne-zavadza-verejnost-tvrdeniami-o-vyslani-slovenskych-vojakov-na-ukrajinu\/#primaryimage\"},\"image\":{\"@id\":\"https:\/\/www.smedemokrati.sk\/byvaly-minister-obrany-vyvracia-klamstva-kandidata-na-prezidenta-petra-pellegriniho-ktory-opakovane-a-zamerne-zavadza-verejnost-tvrdeniami-o-vyslani-slovenskych-vojakov-na-ukrajinu\/#primaryimage\"},\"thumbnailUrl\":\"https:\/\/www.smedemokrati.sk\/wp-content\/uploads\/2024\/03\/Nad_prejav.jpg\",\"datePublished\":\"2024-03-25T14:43:24+00:00\",\"dateModified\":\"2024-03-27T14:12:12+00:00\",\"breadcrumb\":{\"@id\":\"https:\/\/www.smedemokrati.sk\/byvaly-minister-obrany-vyvracia-klamstva-kandidata-na-prezidenta-petra-pellegriniho-ktory-opakovane-a-zamerne-zavadza-verejnost-tvrdeniami-o-vyslani-slovenskych-vojakov-na-ukrajinu\/#breadcrumb\"},\"inLanguage\":\"sv-SE\",\"potentialAction\":[{\"@type\":\"ReadAction\",\"target\":[\"https:\/\/www.smedemokrati.sk\/byvaly-minister-obrany-vyvracia-klamstva-kandidata-na-prezidenta-petra-pellegriniho-ktory-opakovane-a-zamerne-zavadza-verejnost-tvrdeniami-o-vyslani-slovenskych-vojakov-na-ukrajinu\/\"]}]},{\"@type\":\"ImageObject\",\"inLanguage\":\"sv-SE\",\"@id\":\"https:\/\/www.smedemokrati.sk\/byvaly-minister-obrany-vyvracia-klamstva-kandidata-na-prezidenta-petra-pellegriniho-ktory-opakovane-a-zamerne-zavadza-verejnost-tvrdeniami-o-vyslani-slovenskych-vojakov-na-ukrajinu\/#primaryimage\",\"url\":\"https:\/\/www.smedemokrati.sk\/wp-content\/uploads\/2024\/03\/Nad_prejav.jpg\",\"contentUrl\":\"https:\/\/www.smedemokrati.sk\/wp-content\/uploads\/2024\/03\/Nad_prejav.jpg\",\"width\":1000,\"height\":667},{\"@type\":\"BreadcrumbList\",\"@id\":\"https:\/\/www.smedemokrati.sk\/byvaly-minister-obrany-vyvracia-klamstva-kandidata-na-prezidenta-petra-pellegriniho-ktory-opakovane-a-zamerne-zavadza-verejnost-tvrdeniami-o-vyslani-slovenskych-vojakov-na-ukrajinu\/#breadcrumb\",\"itemListElement\":[{\"@type\":\"ListItem\",\"position\":1,\"name\":\"Domovsk\u00e1 str\u00e1nka\",\"item\":\"https:\/\/www.smedemokrati.sk\/\"},{\"@type\":\"ListItem\",\"position\":2,\"name\":\"B\u00fdval\u00fd minister obrany vyvracia klamstv\u00e1 kandid\u00e1ta na prezidenta Petra Pellegriniho, ktor\u00fd opakovane a z\u00e1merne zav\u00e1dza verejnos\u0165 tvrdeniami o vyslan\u00ed slovensk\u00fdch vojakov na Ukrajinu\"}]},{\"@type\":\"WebSite\",\"@id\":\"https:\/\/www.smedemokrati.sk\/#website\",\"url\":\"https:\/\/www.smedemokrati.sk\/\",\"name\":\"Smedemokrati.sk\",\"description\":\"Demokracia a slu\u0161nos\u0165 zv\u00ed\u0165az\u00ed\",\"publisher\":{\"@id\":\"https:\/\/www.smedemokrati.sk\/#organization\"},\"potentialAction\":[{\"@type\":\"SearchAction\",\"target\":{\"@type\":\"EntryPoint\",\"urlTemplate\":\"https:\/\/www.smedemokrati.sk\/?s={search_term_string}\"},\"query-input\":{\"@type\":\"PropertyValueSpecification\",\"valueRequired\":true,\"valueName\":\"search_term_string\"}}],\"inLanguage\":\"sv-SE\"},{\"@type\":\"Organization\",\"@id\":\"https:\/\/www.smedemokrati.sk\/#organization\",\"name\":\"Smedemokrati.sk\",\"url\":\"https:\/\/www.smedemokrati.sk\/\",\"logo\":{\"@type\":\"ImageObject\",\"inLanguage\":\"sv-SE\",\"@id\":\"https:\/\/www.smedemokrati.sk\/#\/schema\/logo\/image\/\",\"url\":\"https:\/\/www.smedemokrati.sk\/wp-content\/uploads\/2023\/04\/ff.002.jpeg\",\"contentUrl\":\"https:\/\/www.smedemokrati.sk\/wp-content\/uploads\/2023\/04\/ff.002.jpeg\",\"width\":640,\"height\":480,\"caption\":\"Smedemokrati.sk\"},\"image\":{\"@id\":\"https:\/\/www.smedemokrati.sk\/#\/schema\/logo\/image\/\"},\"sameAs\":[\"https:\/\/www.facebook.com\/smedemokrati2023\"]},{\"@type\":\"Person\",\"@id\":\"https:\/\/www.smedemokrati.sk\/#\/schema\/person\/21f147c88d605aa7ded900e1e7c344ba\",\"name\":\"miro.sopko\",\"image\":{\"@type\":\"ImageObject\",\"inLanguage\":\"sv-SE\",\"@id\":\"https:\/\/secure.gravatar.com\/avatar\/267e4a36f704376c109afe3a78740c1f5dd8675a2180a908699e7863c9247606?s=96&d=mm&r=g\",\"url\":\"https:\/\/secure.gravatar.com\/avatar\/267e4a36f704376c109afe3a78740c1f5dd8675a2180a908699e7863c9247606?s=96&d=mm&r=g\",\"contentUrl\":\"https:\/\/secure.gravatar.com\/avatar\/267e4a36f704376c109afe3a78740c1f5dd8675a2180a908699e7863c9247606?s=96&d=mm&r=g\",\"caption\":\"miro.sopko\"},\"url\":\"https:\/\/www.smedemokrati.sk\/sv\/author\/miro-sopko\/\"}]}<\/script>\n<!-- \/ Yoast SEO plugin. -->","yoast_head_json":{"title":"B\u00fdval\u00fd minister obrany vyvracia klamstv\u00e1 kandid\u00e1ta na prezidenta Petra Pellegriniho, ktor\u00fd opakovane a z\u00e1merne zav\u00e1dza verejnos\u0165 tvrdeniami o vyslan\u00ed slovensk\u00fdch vojakov na Ukrajinu - Smedemokrati.sk","robots":{"index":"index","follow":"follow","max-snippet":"max-snippet:-1","max-image-preview":"max-image-preview:large","max-video-preview":"max-video-preview:-1"},"canonical":"https:\/\/www.smedemokrati.sk\/sv\/byvaly-minister-obrany-vyvracia-klamstva-kandidata-na-prezidenta-petra-pellegriniho-ktory-opakovane-a-zamerne-zavadza-verejnost-tvrdeniami-o-vyslani-slovenskych-vojakov-na-ukrajinu\/","og_locale":"sv_SE","og_type":"article","og_title":"B\u00fdval\u00fd minister obrany vyvracia klamstv\u00e1 kandid\u00e1ta na prezidenta Petra Pellegriniho, ktor\u00fd opakovane a z\u00e1merne zav\u00e1dza verejnos\u0165 tvrdeniami o vyslan\u00ed slovensk\u00fdch vojakov na Ukrajinu - Smedemokrati.sk","og_description":"B\u00fdval\u00fd minister obrany vyvracia klamstv\u00e1 kandid\u00e1ta na prezidenta Petra Pellegriniho, ktor\u00fd opakovane a z\u00e1merne zav\u00e1dza verejnos\u0165 tvrdeniami o vyslan\u00ed slovensk\u00fdch vojakov na Ukrajinu.&nbsp; Jaroslav Na\u010f uv\u00e1dza na prav\u00fa mieru, \u017ee prezident nem\u00e1 v zmysle \u00dastavy Slovenskej republiky pri vysielan\u00ed pr\u00edslu\u0161n\u00edkov OS SR \u017eiadnu kompetenciu:\u00a0\u201ePravdou je, \u017ee vojakov do akejko\u013evek zahrani\u010dnej oper\u00e1cie m\u00f4\u017ee vysla\u0165 jedine a [&hellip;]","og_url":"https:\/\/www.smedemokrati.sk\/sv\/byvaly-minister-obrany-vyvracia-klamstva-kandidata-na-prezidenta-petra-pellegriniho-ktory-opakovane-a-zamerne-zavadza-verejnost-tvrdeniami-o-vyslani-slovenskych-vojakov-na-ukrajinu\/","og_site_name":"Smedemokrati.sk","article_publisher":"https:\/\/www.facebook.com\/smedemokrati2023","article_published_time":"2024-03-25T14:43:24+00:00","article_modified_time":"2024-03-27T14:12:12+00:00","og_image":[{"width":1000,"height":667,"url":"https:\/\/www.smedemokrati.sk\/wp-content\/uploads\/2024\/03\/Nad_prejav.jpg","type":"image\/jpeg"}],"author":"miro.sopko","twitter_card":"summary_large_image","twitter_misc":{"Skriven av":"miro.sopko","Ber\u00e4knad l\u00e4stid":"2 minuter"},"schema":{"@context":"https:\/\/schema.org","@graph":[{"@type":"Article","@id":"https:\/\/www.smedemokrati.sk\/byvaly-minister-obrany-vyvracia-klamstva-kandidata-na-prezidenta-petra-pellegriniho-ktory-opakovane-a-zamerne-zavadza-verejnost-tvrdeniami-o-vyslani-slovenskych-vojakov-na-ukrajinu\/#article","isPartOf":{"@id":"https:\/\/www.smedemokrati.sk\/byvaly-minister-obrany-vyvracia-klamstva-kandidata-na-prezidenta-petra-pellegriniho-ktory-opakovane-a-zamerne-zavadza-verejnost-tvrdeniami-o-vyslani-slovenskych-vojakov-na-ukrajinu\/"},"author":{"name":"miro.sopko","@id":"https:\/\/www.smedemokrati.sk\/#\/schema\/person\/21f147c88d605aa7ded900e1e7c344ba"},"headline":"B\u00fdval\u00fd minister obrany vyvracia klamstv\u00e1 kandid\u00e1ta na prezidenta Petra Pellegriniho, ktor\u00fd opakovane a z\u00e1merne zav\u00e1dza verejnos\u0165 tvrdeniami o vyslan\u00ed slovensk\u00fdch vojakov na Ukrajinu","datePublished":"2024-03-25T14:43:24+00:00","dateModified":"2024-03-27T14:12:12+00:00","mainEntityOfPage":{"@id":"https:\/\/www.smedemokrati.sk\/byvaly-minister-obrany-vyvracia-klamstva-kandidata-na-prezidenta-petra-pellegriniho-ktory-opakovane-a-zamerne-zavadza-verejnost-tvrdeniami-o-vyslani-slovenskych-vojakov-na-ukrajinu\/"},"wordCount":269,"publisher":{"@id":"https:\/\/www.smedemokrati.sk\/#organization"},"image":{"@id":"https:\/\/www.smedemokrati.sk\/byvaly-minister-obrany-vyvracia-klamstva-kandidata-na-prezidenta-petra-pellegriniho-ktory-opakovane-a-zamerne-zavadza-verejnost-tvrdeniami-o-vyslani-slovenskych-vojakov-na-ukrajinu\/#primaryimage"},"thumbnailUrl":"https:\/\/www.smedemokrati.sk\/wp-content\/uploads\/2024\/03\/Nad_prejav.jpg","articleSection":["Tla\u010dov\u00e9 spr\u00e1vy"],"inLanguage":"sv-SE"},{"@type":"WebPage","@id":"https:\/\/www.smedemokrati.sk\/byvaly-minister-obrany-vyvracia-klamstva-kandidata-na-prezidenta-petra-pellegriniho-ktory-opakovane-a-zamerne-zavadza-verejnost-tvrdeniami-o-vyslani-slovenskych-vojakov-na-ukrajinu\/","url":"https:\/\/www.smedemokrati.sk\/byvaly-minister-obrany-vyvracia-klamstva-kandidata-na-prezidenta-petra-pellegriniho-ktory-opakovane-a-zamerne-zavadza-verejnost-tvrdeniami-o-vyslani-slovenskych-vojakov-na-ukrajinu\/","name":"B\u00fdval\u00fd minister obrany vyvracia klamstv\u00e1 kandid\u00e1ta na prezidenta Petra Pellegriniho, ktor\u00fd opakovane a z\u00e1merne zav\u00e1dza verejnos\u0165 tvrdeniami o vyslan\u00ed slovensk\u00fdch vojakov na Ukrajinu - Smedemokrati.sk","isPartOf":{"@id":"https:\/\/www.smedemokrati.sk\/#website"},"primaryImageOfPage":{"@id":"https:\/\/www.smedemokrati.sk\/byvaly-minister-obrany-vyvracia-klamstva-kandidata-na-prezidenta-petra-pellegriniho-ktory-opakovane-a-zamerne-zavadza-verejnost-tvrdeniami-o-vyslani-slovenskych-vojakov-na-ukrajinu\/#primaryimage"},"image":{"@id":"https:\/\/www.smedemokrati.sk\/byvaly-minister-obrany-vyvracia-klamstva-kandidata-na-prezidenta-petra-pellegriniho-ktory-opakovane-a-zamerne-zavadza-verejnost-tvrdeniami-o-vyslani-slovenskych-vojakov-na-ukrajinu\/#primaryimage"},"thumbnailUrl":"https:\/\/www.smedemokrati.sk\/wp-content\/uploads\/2024\/03\/Nad_prejav.jpg","datePublished":"2024-03-25T14:43:24+00:00","dateModified":"2024-03-27T14:12:12+00:00","breadcrumb":{"@id":"https:\/\/www.smedemokrati.sk\/byvaly-minister-obrany-vyvracia-klamstva-kandidata-na-prezidenta-petra-pellegriniho-ktory-opakovane-a-zamerne-zavadza-verejnost-tvrdeniami-o-vyslani-slovenskych-vojakov-na-ukrajinu\/#breadcrumb"},"inLanguage":"sv-SE","potentialAction":[{"@type":"ReadAction","target":["https:\/\/www.smedemokrati.sk\/byvaly-minister-obrany-vyvracia-klamstva-kandidata-na-prezidenta-petra-pellegriniho-ktory-opakovane-a-zamerne-zavadza-verejnost-tvrdeniami-o-vyslani-slovenskych-vojakov-na-ukrajinu\/"]}]},{"@type":"ImageObject","inLanguage":"sv-SE","@id":"https:\/\/www.smedemokrati.sk\/byvaly-minister-obrany-vyvracia-klamstva-kandidata-na-prezidenta-petra-pellegriniho-ktory-opakovane-a-zamerne-zavadza-verejnost-tvrdeniami-o-vyslani-slovenskych-vojakov-na-ukrajinu\/#primaryimage","url":"https:\/\/www.smedemokrati.sk\/wp-content\/uploads\/2024\/03\/Nad_prejav.jpg","contentUrl":"https:\/\/www.smedemokrati.sk\/wp-content\/uploads\/2024\/03\/Nad_prejav.jpg","width":1000,"height":667},{"@type":"BreadcrumbList","@id":"https:\/\/www.smedemokrati.sk\/byvaly-minister-obrany-vyvracia-klamstva-kandidata-na-prezidenta-petra-pellegriniho-ktory-opakovane-a-zamerne-zavadza-verejnost-tvrdeniami-o-vyslani-slovenskych-vojakov-na-ukrajinu\/#breadcrumb","itemListElement":[{"@type":"ListItem","position":1,"name":"Domovsk\u00e1 str\u00e1nka","item":"https:\/\/www.smedemokrati.sk\/"},{"@type":"ListItem","position":2,"name":"B\u00fdval\u00fd minister obrany vyvracia klamstv\u00e1 kandid\u00e1ta na prezidenta Petra Pellegriniho, ktor\u00fd opakovane a z\u00e1merne zav\u00e1dza verejnos\u0165 tvrdeniami o vyslan\u00ed slovensk\u00fdch vojakov na Ukrajinu"}]},{"@type":"WebSite","@id":"https:\/\/www.smedemokrati.sk\/#website","url":"https:\/\/www.smedemokrati.sk\/","name":"Smedemokrati.sk","description":"Demokracia a slu\u0161nos\u0165 zv\u00ed\u0165az\u00ed","publisher":{"@id":"https:\/\/www.smedemokrati.sk\/#organization"},"potentialAction":[{"@type":"SearchAction","target":{"@type":"EntryPoint","urlTemplate":"https:\/\/www.smedemokrati.sk\/?s={search_term_string}"},"query-input":{"@type":"PropertyValueSpecification","valueRequired":true,"valueName":"search_term_string"}}],"inLanguage":"sv-SE"},{"@type":"Organization","@id":"https:\/\/www.smedemokrati.sk\/#organization","name":"Smedemokrati.sk","url":"https:\/\/www.smedemokrati.sk\/","logo":{"@type":"ImageObject","inLanguage":"sv-SE","@id":"https:\/\/www.smedemokrati.sk\/#\/schema\/logo\/image\/","url":"https:\/\/www.smedemokrati.sk\/wp-content\/uploads\/2023\/04\/ff.002.jpeg","contentUrl":"https:\/\/www.smedemokrati.sk\/wp-content\/uploads\/2023\/04\/ff.002.jpeg","width":640,"height":480,"caption":"Smedemokrati.sk"},"image":{"@id":"https:\/\/www.smedemokrati.sk\/#\/schema\/logo\/image\/"},"sameAs":["https:\/\/www.facebook.com\/smedemokrati2023"]},{"@type":"Person","@id":"https:\/\/www.smedemokrati.sk\/#\/schema\/person\/21f147c88d605aa7ded900e1e7c344ba","name":"miro.sopko","image":{"@type":"ImageObject","inLanguage":"sv-SE","@id":"https:\/\/secure.gravatar.com\/avatar\/267e4a36f704376c109afe3a78740c1f5dd8675a2180a908699e7863c9247606?s=96&d=mm&r=g","url":"https:\/\/secure.gravatar.com\/avatar\/267e4a36f704376c109afe3a78740c1f5dd8675a2180a908699e7863c9247606?s=96&d=mm&r=g","contentUrl":"https:\/\/secure.gravatar.com\/avatar\/267e4a36f704376c109afe3a78740c1f5dd8675a2180a908699e7863c9247606?s=96&d=mm&r=g","caption":"miro.sopko"},"url":"https:\/\/www.smedemokrati.sk\/sv\/author\/miro-sopko\/"}]}},"_links":{"self":[{"href":"https:\/\/www.smedemokrati.sk\/sv\/wp-json\/wp\/v2\/posts\/3254","targetHints":{"allow":["GET"]}}],"collection":[{"href":"https:\/\/www.smedemokrati.sk\/sv\/wp-json\/wp\/v2\/posts"}],"about":[{"href":"https:\/\/www.smedemokrati.sk\/sv\/wp-json\/wp\/v2\/types\/post"}],"author":[{"embeddable":true,"href":"https:\/\/www.smedemokrati.sk\/sv\/wp-json\/wp\/v2\/users\/13"}],"replies":[{"embeddable":true,"href":"https:\/\/www.smedemokrati.sk\/sv\/wp-json\/wp\/v2\/comments?post=3254"}],"version-history":[{"count":1,"href":"https:\/\/www.smedemokrati.sk\/sv\/wp-json\/wp\/v2\/posts\/3254\/revisions"}],"predecessor-version":[{"id":3256,"href":"https:\/\/www.smedemokrati.sk\/sv\/wp-json\/wp\/v2\/posts\/3254\/revisions\/3256"}],"wp:featuredmedia":[{"embeddable":true,"href":"https:\/\/www.smedemokrati.sk\/sv\/wp-json\/wp\/v2\/media\/3255"}],"wp:attachment":[{"href":"https:\/\/www.smedemokrati.sk\/sv\/wp-json\/wp\/v2\/media?parent=3254"}],"wp:term":[{"taxonomy":"category","embeddable":true,"href":"https:\/\/www.smedemokrati.sk\/sv\/wp-json\/wp\/v2\/categories?post=3254"},{"taxonomy":"post_tag","embeddable":true,"href":"https:\/\/www.smedemokrati.sk\/sv\/wp-json\/wp\/v2\/tags?post=3254"}],"curies":[{"name":"wp","href":"https:\/\/api.w.org\/{rel}","templated":true}]}}