{"id":324,"date":"2023-04-06T12:18:44","date_gmt":"2023-04-06T12:18:44","guid":{"rendered":"https:\/\/www.smedemokrati.sk\/?p=324"},"modified":"2023-04-12T09:41:23","modified_gmt":"2023-04-12T09:41:23","slug":"j-nad-v-na-telo-plus-nakup-viperov-bude-moct-fico-zrusit-ale-nezrusi-ho","status":"publish","type":"post","link":"https:\/\/www.smedemokrati.sk\/sv\/j-nad-v-na-telo-plus-nakup-viperov-bude-moct-fico-zrusit-ale-nezrusi-ho\/","title":{"rendered":"J. Na\u010f v Na telo PLUS: N\u00e1kup Viperov bude m\u00f4c\u0165 Fico zru\u0161i\u0165, ale nezru\u0161\u00ed ho"},"content":{"rendered":"<div id=\"fb-root\"><\/div>\n","protected":false},"excerpt":{"rendered":"","protected":false},"author":1,"featured_media":399,"comment_status":"closed","ping_status":"closed","sticky":false,"template":"","format":"standard","meta":{"_acf_changed":false,"ngg_post_thumbnail":0,"footnotes":""},"categories":[5],"tags":[],"class_list":["post-324","post","type-post","status-publish","format-standard","has-post-thumbnail","hentry","category-media"],"acf":[],"yoast_head":"<!-- This site is optimized with the Yoast SEO plugin v27.2 - https:\/\/yoast.com\/product\/yoast-seo-wordpress\/ -->\n<title>J. Na\u010f v Na telo PLUS: N\u00e1kup Viperov bude m\u00f4c\u0165 Fico zru\u0161i\u0165, ale nezru\u0161\u00ed ho - Smedemokrati.sk<\/title>\n<meta name=\"robots\" content=\"index, follow, max-snippet:-1, max-image-preview:large, max-video-preview:-1\" \/>\n<link rel=\"canonical\" href=\"https:\/\/www.smedemokrati.sk\/sv\/j-nad-v-na-telo-plus-nakup-viperov-bude-moct-fico-zrusit-ale-nezrusi-ho\/\" \/>\n<meta property=\"og:locale\" content=\"sv_SE\" \/>\n<meta property=\"og:locale:alternate\" content=\"en_US\" \/>\n<meta property=\"og:locale:alternate\" content=\"cs_CZ\" \/>\n<meta property=\"og:locale:alternate\" content=\"hu_HU\" \/>\n<meta property=\"og:locale:alternate\" content=\"sk_SK\" \/>\n<meta property=\"og:type\" content=\"article\" \/>\n<meta property=\"og:title\" content=\"J. Na\u010f v Na telo PLUS: N\u00e1kup Viperov bude m\u00f4c\u0165 Fico zru\u0161i\u0165, ale nezru\u0161\u00ed ho - Smedemokrati.sk\" \/>\n<meta property=\"og:url\" content=\"https:\/\/www.smedemokrati.sk\/sv\/j-nad-v-na-telo-plus-nakup-viperov-bude-moct-fico-zrusit-ale-nezrusi-ho\/\" \/>\n<meta property=\"og:site_name\" content=\"Smedemokrati.sk\" \/>\n<meta property=\"article:publisher\" content=\"https:\/\/www.facebook.com\/smedemokrati2023\" \/>\n<meta property=\"article:published_time\" content=\"2023-04-06T12:18:44+00:00\" \/>\n<meta property=\"article:modified_time\" content=\"2023-04-12T09:41:23+00:00\" \/>\n<meta property=\"og:image\" content=\"https:\/\/www.smedemokrati.sk\/wp-content\/uploads\/2023\/04\/W.003.jpeg\" \/>\n\t<meta property=\"og:image:width\" content=\"640\" \/>\n\t<meta property=\"og:image:height\" content=\"480\" \/>\n\t<meta property=\"og:image:type\" content=\"image\/jpeg\" \/>\n<meta name=\"author\" content=\"admin\" \/>\n<meta name=\"twitter:card\" content=\"summary_large_image\" \/>\n<meta name=\"twitter:label1\" content=\"Skriven av\" \/>\n\t<meta name=\"twitter:data1\" content=\"admin\" \/>\n<script type=\"application\/ld+json\" class=\"yoast-schema-graph\">{\"@context\":\"https:\/\/schema.org\",\"@graph\":[{\"@type\":\"Article\",\"@id\":\"https:\/\/www.smedemokrati.sk\/j-nad-v-na-telo-plus-nakup-viperov-bude-moct-fico-zrusit-ale-nezrusi-ho\/#article\",\"isPartOf\":{\"@id\":\"https:\/\/www.smedemokrati.sk\/j-nad-v-na-telo-plus-nakup-viperov-bude-moct-fico-zrusit-ale-nezrusi-ho\/\"},\"author\":{\"name\":\"admin\",\"@id\":\"https:\/\/www.smedemokrati.sk\/#\/schema\/person\/dee9d51e8f3108fd58bc46fcc124934d\"},\"headline\":\"J. Na\u010f v Na telo PLUS: N\u00e1kup Viperov bude m\u00f4c\u0165 Fico zru\u0161i\u0165, ale nezru\u0161\u00ed ho\",\"datePublished\":\"2023-04-06T12:18:44+00:00\",\"dateModified\":\"2023-04-12T09:41:23+00:00\",\"mainEntityOfPage\":{\"@id\":\"https:\/\/www.smedemokrati.sk\/j-nad-v-na-telo-plus-nakup-viperov-bude-moct-fico-zrusit-ale-nezrusi-ho\/\"},\"wordCount\":18,\"publisher\":{\"@id\":\"https:\/\/www.smedemokrati.sk\/#organization\"},\"image\":{\"@id\":\"https:\/\/www.smedemokrati.sk\/j-nad-v-na-telo-plus-nakup-viperov-bude-moct-fico-zrusit-ale-nezrusi-ho\/#primaryimage\"},\"thumbnailUrl\":\"https:\/\/www.smedemokrati.sk\/wp-content\/uploads\/2023\/04\/W.003.jpeg\",\"articleSection\":[\"M\u00e9di\u00e1\"],\"inLanguage\":\"sv-SE\"},{\"@type\":\"WebPage\",\"@id\":\"https:\/\/www.smedemokrati.sk\/j-nad-v-na-telo-plus-nakup-viperov-bude-moct-fico-zrusit-ale-nezrusi-ho\/\",\"url\":\"https:\/\/www.smedemokrati.sk\/j-nad-v-na-telo-plus-nakup-viperov-bude-moct-fico-zrusit-ale-nezrusi-ho\/\",\"name\":\"J. Na\u010f v Na telo PLUS: N\u00e1kup Viperov bude m\u00f4c\u0165 Fico zru\u0161i\u0165, ale nezru\u0161\u00ed ho - Smedemokrati.sk\",\"isPartOf\":{\"@id\":\"https:\/\/www.smedemokrati.sk\/#website\"},\"primaryImageOfPage\":{\"@id\":\"https:\/\/www.smedemokrati.sk\/j-nad-v-na-telo-plus-nakup-viperov-bude-moct-fico-zrusit-ale-nezrusi-ho\/#primaryimage\"},\"image\":{\"@id\":\"https:\/\/www.smedemokrati.sk\/j-nad-v-na-telo-plus-nakup-viperov-bude-moct-fico-zrusit-ale-nezrusi-ho\/#primaryimage\"},\"thumbnailUrl\":\"https:\/\/www.smedemokrati.sk\/wp-content\/uploads\/2023\/04\/W.003.jpeg\",\"datePublished\":\"2023-04-06T12:18:44+00:00\",\"dateModified\":\"2023-04-12T09:41:23+00:00\",\"breadcrumb\":{\"@id\":\"https:\/\/www.smedemokrati.sk\/j-nad-v-na-telo-plus-nakup-viperov-bude-moct-fico-zrusit-ale-nezrusi-ho\/#breadcrumb\"},\"inLanguage\":\"sv-SE\",\"potentialAction\":[{\"@type\":\"ReadAction\",\"target\":[\"https:\/\/www.smedemokrati.sk\/j-nad-v-na-telo-plus-nakup-viperov-bude-moct-fico-zrusit-ale-nezrusi-ho\/\"]}]},{\"@type\":\"ImageObject\",\"inLanguage\":\"sv-SE\",\"@id\":\"https:\/\/www.smedemokrati.sk\/j-nad-v-na-telo-plus-nakup-viperov-bude-moct-fico-zrusit-ale-nezrusi-ho\/#primaryimage\",\"url\":\"https:\/\/www.smedemokrati.sk\/wp-content\/uploads\/2023\/04\/W.003.jpeg\",\"contentUrl\":\"https:\/\/www.smedemokrati.sk\/wp-content\/uploads\/2023\/04\/W.003.jpeg\",\"width\":640,\"height\":480},{\"@type\":\"BreadcrumbList\",\"@id\":\"https:\/\/www.smedemokrati.sk\/j-nad-v-na-telo-plus-nakup-viperov-bude-moct-fico-zrusit-ale-nezrusi-ho\/#breadcrumb\",\"itemListElement\":[{\"@type\":\"ListItem\",\"position\":1,\"name\":\"Domovsk\u00e1 str\u00e1nka\",\"item\":\"https:\/\/www.smedemokrati.sk\/\"},{\"@type\":\"ListItem\",\"position\":2,\"name\":\"J. Na\u010f v Na telo PLUS: N\u00e1kup Viperov bude m\u00f4c\u0165 Fico zru\u0161i\u0165, ale nezru\u0161\u00ed ho\"}]},{\"@type\":\"WebSite\",\"@id\":\"https:\/\/www.smedemokrati.sk\/#website\",\"url\":\"https:\/\/www.smedemokrati.sk\/\",\"name\":\"Smedemokrati.sk\",\"description\":\"Demokracia a slu\u0161nos\u0165 zv\u00ed\u0165az\u00ed\",\"publisher\":{\"@id\":\"https:\/\/www.smedemokrati.sk\/#organization\"},\"potentialAction\":[{\"@type\":\"SearchAction\",\"target\":{\"@type\":\"EntryPoint\",\"urlTemplate\":\"https:\/\/www.smedemokrati.sk\/?s={search_term_string}\"},\"query-input\":{\"@type\":\"PropertyValueSpecification\",\"valueRequired\":true,\"valueName\":\"search_term_string\"}}],\"inLanguage\":\"sv-SE\"},{\"@type\":\"Organization\",\"@id\":\"https:\/\/www.smedemokrati.sk\/#organization\",\"name\":\"Smedemokrati.sk\",\"url\":\"https:\/\/www.smedemokrati.sk\/\",\"logo\":{\"@type\":\"ImageObject\",\"inLanguage\":\"sv-SE\",\"@id\":\"https:\/\/www.smedemokrati.sk\/#\/schema\/logo\/image\/\",\"url\":\"https:\/\/www.smedemokrati.sk\/wp-content\/uploads\/2023\/04\/ff.002.jpeg\",\"contentUrl\":\"https:\/\/www.smedemokrati.sk\/wp-content\/uploads\/2023\/04\/ff.002.jpeg\",\"width\":640,\"height\":480,\"caption\":\"Smedemokrati.sk\"},\"image\":{\"@id\":\"https:\/\/www.smedemokrati.sk\/#\/schema\/logo\/image\/\"},\"sameAs\":[\"https:\/\/www.facebook.com\/smedemokrati2023\"]},{\"@type\":\"Person\",\"@id\":\"https:\/\/www.smedemokrati.sk\/#\/schema\/person\/dee9d51e8f3108fd58bc46fcc124934d\",\"name\":\"admin\",\"image\":{\"@type\":\"ImageObject\",\"inLanguage\":\"sv-SE\",\"@id\":\"https:\/\/secure.gravatar.com\/avatar\/d6862d2a795ca0130d2a9b58ff4226e06bc79aa7240e35cbed810a10d01485d3?s=96&d=mm&r=g\",\"url\":\"https:\/\/secure.gravatar.com\/avatar\/d6862d2a795ca0130d2a9b58ff4226e06bc79aa7240e35cbed810a10d01485d3?s=96&d=mm&r=g\",\"contentUrl\":\"https:\/\/secure.gravatar.com\/avatar\/d6862d2a795ca0130d2a9b58ff4226e06bc79aa7240e35cbed810a10d01485d3?s=96&d=mm&r=g\",\"caption\":\"admin\"},\"sameAs\":[\"https:\/\/www.smedemokrati.sk\"],\"url\":\"https:\/\/www.smedemokrati.sk\/sv\/author\/admin\/\"}]}<\/script>\n<!-- \/ Yoast SEO plugin. -->","yoast_head_json":{"title":"J. Na\u010f v Na telo PLUS: N\u00e1kup Viperov bude m\u00f4c\u0165 Fico zru\u0161i\u0165, ale nezru\u0161\u00ed ho - Smedemokrati.sk","robots":{"index":"index","follow":"follow","max-snippet":"max-snippet:-1","max-image-preview":"max-image-preview:large","max-video-preview":"max-video-preview:-1"},"canonical":"https:\/\/www.smedemokrati.sk\/sv\/j-nad-v-na-telo-plus-nakup-viperov-bude-moct-fico-zrusit-ale-nezrusi-ho\/","og_locale":"sv_SE","og_type":"article","og_title":"J. Na\u010f v Na telo PLUS: N\u00e1kup Viperov bude m\u00f4c\u0165 Fico zru\u0161i\u0165, ale nezru\u0161\u00ed ho - Smedemokrati.sk","og_url":"https:\/\/www.smedemokrati.sk\/sv\/j-nad-v-na-telo-plus-nakup-viperov-bude-moct-fico-zrusit-ale-nezrusi-ho\/","og_site_name":"Smedemokrati.sk","article_publisher":"https:\/\/www.facebook.com\/smedemokrati2023","article_published_time":"2023-04-06T12:18:44+00:00","article_modified_time":"2023-04-12T09:41:23+00:00","og_image":[{"width":640,"height":480,"url":"https:\/\/www.smedemokrati.sk\/wp-content\/uploads\/2023\/04\/W.003.jpeg","type":"image\/jpeg"}],"author":"admin","twitter_card":"summary_large_image","twitter_misc":{"Skriven av":"admin"},"schema":{"@context":"https:\/\/schema.org","@graph":[{"@type":"Article","@id":"https:\/\/www.smedemokrati.sk\/j-nad-v-na-telo-plus-nakup-viperov-bude-moct-fico-zrusit-ale-nezrusi-ho\/#article","isPartOf":{"@id":"https:\/\/www.smedemokrati.sk\/j-nad-v-na-telo-plus-nakup-viperov-bude-moct-fico-zrusit-ale-nezrusi-ho\/"},"author":{"name":"admin","@id":"https:\/\/www.smedemokrati.sk\/#\/schema\/person\/dee9d51e8f3108fd58bc46fcc124934d"},"headline":"J. Na\u010f v Na telo PLUS: N\u00e1kup Viperov bude m\u00f4c\u0165 Fico zru\u0161i\u0165, ale nezru\u0161\u00ed ho","datePublished":"2023-04-06T12:18:44+00:00","dateModified":"2023-04-12T09:41:23+00:00","mainEntityOfPage":{"@id":"https:\/\/www.smedemokrati.sk\/j-nad-v-na-telo-plus-nakup-viperov-bude-moct-fico-zrusit-ale-nezrusi-ho\/"},"wordCount":18,"publisher":{"@id":"https:\/\/www.smedemokrati.sk\/#organization"},"image":{"@id":"https:\/\/www.smedemokrati.sk\/j-nad-v-na-telo-plus-nakup-viperov-bude-moct-fico-zrusit-ale-nezrusi-ho\/#primaryimage"},"thumbnailUrl":"https:\/\/www.smedemokrati.sk\/wp-content\/uploads\/2023\/04\/W.003.jpeg","articleSection":["M\u00e9di\u00e1"],"inLanguage":"sv-SE"},{"@type":"WebPage","@id":"https:\/\/www.smedemokrati.sk\/j-nad-v-na-telo-plus-nakup-viperov-bude-moct-fico-zrusit-ale-nezrusi-ho\/","url":"https:\/\/www.smedemokrati.sk\/j-nad-v-na-telo-plus-nakup-viperov-bude-moct-fico-zrusit-ale-nezrusi-ho\/","name":"J. Na\u010f v Na telo PLUS: N\u00e1kup Viperov bude m\u00f4c\u0165 Fico zru\u0161i\u0165, ale nezru\u0161\u00ed ho - Smedemokrati.sk","isPartOf":{"@id":"https:\/\/www.smedemokrati.sk\/#website"},"primaryImageOfPage":{"@id":"https:\/\/www.smedemokrati.sk\/j-nad-v-na-telo-plus-nakup-viperov-bude-moct-fico-zrusit-ale-nezrusi-ho\/#primaryimage"},"image":{"@id":"https:\/\/www.smedemokrati.sk\/j-nad-v-na-telo-plus-nakup-viperov-bude-moct-fico-zrusit-ale-nezrusi-ho\/#primaryimage"},"thumbnailUrl":"https:\/\/www.smedemokrati.sk\/wp-content\/uploads\/2023\/04\/W.003.jpeg","datePublished":"2023-04-06T12:18:44+00:00","dateModified":"2023-04-12T09:41:23+00:00","breadcrumb":{"@id":"https:\/\/www.smedemokrati.sk\/j-nad-v-na-telo-plus-nakup-viperov-bude-moct-fico-zrusit-ale-nezrusi-ho\/#breadcrumb"},"inLanguage":"sv-SE","potentialAction":[{"@type":"ReadAction","target":["https:\/\/www.smedemokrati.sk\/j-nad-v-na-telo-plus-nakup-viperov-bude-moct-fico-zrusit-ale-nezrusi-ho\/"]}]},{"@type":"ImageObject","inLanguage":"sv-SE","@id":"https:\/\/www.smedemokrati.sk\/j-nad-v-na-telo-plus-nakup-viperov-bude-moct-fico-zrusit-ale-nezrusi-ho\/#primaryimage","url":"https:\/\/www.smedemokrati.sk\/wp-content\/uploads\/2023\/04\/W.003.jpeg","contentUrl":"https:\/\/www.smedemokrati.sk\/wp-content\/uploads\/2023\/04\/W.003.jpeg","width":640,"height":480},{"@type":"BreadcrumbList","@id":"https:\/\/www.smedemokrati.sk\/j-nad-v-na-telo-plus-nakup-viperov-bude-moct-fico-zrusit-ale-nezrusi-ho\/#breadcrumb","itemListElement":[{"@type":"ListItem","position":1,"name":"Domovsk\u00e1 str\u00e1nka","item":"https:\/\/www.smedemokrati.sk\/"},{"@type":"ListItem","position":2,"name":"J. Na\u010f v Na telo PLUS: N\u00e1kup Viperov bude m\u00f4c\u0165 Fico zru\u0161i\u0165, ale nezru\u0161\u00ed ho"}]},{"@type":"WebSite","@id":"https:\/\/www.smedemokrati.sk\/#website","url":"https:\/\/www.smedemokrati.sk\/","name":"Smedemokrati.sk","description":"Demokracia a slu\u0161nos\u0165 zv\u00ed\u0165az\u00ed","publisher":{"@id":"https:\/\/www.smedemokrati.sk\/#organization"},"potentialAction":[{"@type":"SearchAction","target":{"@type":"EntryPoint","urlTemplate":"https:\/\/www.smedemokrati.sk\/?s={search_term_string}"},"query-input":{"@type":"PropertyValueSpecification","valueRequired":true,"valueName":"search_term_string"}}],"inLanguage":"sv-SE"},{"@type":"Organization","@id":"https:\/\/www.smedemokrati.sk\/#organization","name":"Smedemokrati.sk","url":"https:\/\/www.smedemokrati.sk\/","logo":{"@type":"ImageObject","inLanguage":"sv-SE","@id":"https:\/\/www.smedemokrati.sk\/#\/schema\/logo\/image\/","url":"https:\/\/www.smedemokrati.sk\/wp-content\/uploads\/2023\/04\/ff.002.jpeg","contentUrl":"https:\/\/www.smedemokrati.sk\/wp-content\/uploads\/2023\/04\/ff.002.jpeg","width":640,"height":480,"caption":"Smedemokrati.sk"},"image":{"@id":"https:\/\/www.smedemokrati.sk\/#\/schema\/logo\/image\/"},"sameAs":["https:\/\/www.facebook.com\/smedemokrati2023"]},{"@type":"Person","@id":"https:\/\/www.smedemokrati.sk\/#\/schema\/person\/dee9d51e8f3108fd58bc46fcc124934d","name":"admin","image":{"@type":"ImageObject","inLanguage":"sv-SE","@id":"https:\/\/secure.gravatar.com\/avatar\/d6862d2a795ca0130d2a9b58ff4226e06bc79aa7240e35cbed810a10d01485d3?s=96&d=mm&r=g","url":"https:\/\/secure.gravatar.com\/avatar\/d6862d2a795ca0130d2a9b58ff4226e06bc79aa7240e35cbed810a10d01485d3?s=96&d=mm&r=g","contentUrl":"https:\/\/secure.gravatar.com\/avatar\/d6862d2a795ca0130d2a9b58ff4226e06bc79aa7240e35cbed810a10d01485d3?s=96&d=mm&r=g","caption":"admin"},"sameAs":["https:\/\/www.smedemokrati.sk"],"url":"https:\/\/www.smedemokrati.sk\/sv\/author\/admin\/"}]}},"_links":{"self":[{"href":"https:\/\/www.smedemokrati.sk\/sv\/wp-json\/wp\/v2\/posts\/324","targetHints":{"allow":["GET"]}}],"collection":[{"href":"https:\/\/www.smedemokrati.sk\/sv\/wp-json\/wp\/v2\/posts"}],"about":[{"href":"https:\/\/www.smedemokrati.sk\/sv\/wp-json\/wp\/v2\/types\/post"}],"author":[{"embeddable":true,"href":"https:\/\/www.smedemokrati.sk\/sv\/wp-json\/wp\/v2\/users\/1"}],"replies":[{"embeddable":true,"href":"https:\/\/www.smedemokrati.sk\/sv\/wp-json\/wp\/v2\/comments?post=324"}],"version-history":[{"count":0,"href":"https:\/\/www.smedemokrati.sk\/sv\/wp-json\/wp\/v2\/posts\/324\/revisions"}],"wp:featuredmedia":[{"embeddable":true,"href":"https:\/\/www.smedemokrati.sk\/sv\/wp-json\/wp\/v2\/media\/399"}],"wp:attachment":[{"href":"https:\/\/www.smedemokrati.sk\/sv\/wp-json\/wp\/v2\/media?parent=324"}],"wp:term":[{"taxonomy":"category","embeddable":true,"href":"https:\/\/www.smedemokrati.sk\/sv\/wp-json\/wp\/v2\/categories?post=324"},{"taxonomy":"post_tag","embeddable":true,"href":"https:\/\/www.smedemokrati.sk\/sv\/wp-json\/wp\/v2\/tags?post=324"}],"curies":[{"name":"wp","href":"https:\/\/api.w.org\/{rel}","templated":true}]}}