{"id":3158,"date":"2024-03-15T12:24:51","date_gmt":"2024-03-15T11:24:51","guid":{"rendered":"https:\/\/www.smedemokrati.sk\/?p=3158"},"modified":"2024-03-15T12:24:52","modified_gmt":"2024-03-15T11:24:52","slug":"taraba-ohrozuje-renovacie-rodinnych-domov-z-planu-obnovy","status":"publish","type":"post","link":"https:\/\/www.smedemokrati.sk\/sv\/taraba-ohrozuje-renovacie-rodinnych-domov-z-planu-obnovy\/","title":{"rendered":"Taraba ohrozuje renov\u00e1cie rodinn\u00fdch domov z Pl\u00e1nu obnovy"},"content":{"rendered":"<div id=\"fb-root\"><\/div>\n\n<p><em><strong>Neuv\u00e1\u017een\u00e9 rozhodnutia ministra \u017eivotn\u00e9ho prostredia Tom\u00e1\u0161a Tarabu bezprostredne ohrozuj\u00fa projekt Obnov dom, teda renov\u00e1ciu viac ako 25 000 rodinn\u00fdch domov z Pl\u00e1nu obnovy. Z\u00e1mer nepo\u017eadova\u0165 od \u017eiadate\u013eov energetick\u00fd certifik\u00e1t s\u00edce p\u00f4sob\u00ed \u013e\u00fabivo, no bol by v rozpore s eur\u00f3pskymi pravidlami.<\/strong><\/em><\/p>\n\n\n\n<p>Pod\u013ea Michala Ki\u010du, advok\u00e1ta a experta na \u017eivotn\u00e9 prostredie tento krok m\u00f4\u017ee sp\u00f4sobi\u0165, \u017ee invest\u00edciu Eur\u00f3pska komisia zastav\u00ed alebo nepreplat\u00ed Slovensku viac ako pol miliardy eur. Taraba ohl\u00e1sil z\u00e1mer zru\u0161i\u0165 dokladovanie energetick\u00fdch \u00faspor tzv. energetick\u00fdm certifik\u00e1tom vo videu na soci\u00e1lnej sieti, spolu s rozhodnut\u00edm ukon\u010di\u0165 \u00fa\u010das\u0165 zamestnancov \u201ena dohodu\u201d pri vyhodnocovan\u00ed \u017eiadost\u00ed zo strany Slovenskej agent\u00far \u017eivotn\u00e9ho prostredia. <em>\u201eTaraba v\u0161ak pravdepodobne ani netu\u0161\u00ed, \u017ee hlavn\u00fdm zmyslom projektu Obnov dom nie je len rekon\u0161trukcia star\u00fdch rodinn\u00fdch domov, ale najm\u00e4 zv\u00fd\u0161enie ich energetickej efekt\u00edvnosti a zn\u00ed\u017eenie emisi\u00ed sklen\u00edkov\u00fdch plynov. Slovensko sa v Pl\u00e1ne obnovy zaviazalo, \u017ee ka\u017ed\u00e1 rekon\u0161trukcia bude vies\u0165 k minim\u00e1lne 30 % \u00faspore, ktor\u00e1 sa preuk\u00e1\u017ee energetick\u00fdm certifik\u00e1tom,\u201d<\/em> uviedol Michal Ki\u010da,\u00a0<\/p>\n\n\n\n<p>V\u010faka tomu ide o \u201ezelen\u00e9 opatrenie\u201d, na ktor\u00e9 mus\u00ed by\u0165 v Pl\u00e1ne obnovy vy\u010dlenen\u00fdch minim\u00e1lne 37 % z celkov\u00e9ho rozpo\u010dtu. \u201cPodporujeme zjednodu\u0161enie administr\u00e1cie pri vyhodnocovan\u00ed \u017eiadost\u00ed, av\u0161ak jeho rozhodnutie bude vies\u0165 k tomu, \u017ee Eur\u00f3pska komisia nemus\u00ed n\u00e1klady na renov\u00e1cie pri t\u00fdch rodinn\u00fdch domoch, ktor\u00e9 by sa renovovali bez preuk\u00e1zania 30 % \u00faspory energi\u00ed, preplati\u0165. Stovky mili\u00f3nov eur by sa tak kv\u00f4li Tarabovi museli plati\u0165 zo \u0161t\u00e1tneho rozpo\u010dtu a neplnili by sme ani povinn\u00fd podiel invest\u00edci\u00ed ur\u010den\u00fdch na kl\u00edmu v pl\u00e1ne obnovy,\u201d vysvet\u013euje Ki\u010da.<\/p>\n\n\n\n<p>Vyslovene \u0161kodliv\u00fd je aj \u010fal\u0161\u00ed jeho z\u00e1mer, a to vyhodi\u0165 brig\u00e1dnikov, ktor\u00ed sa podie\u013eaj\u00fa na vyhodnocovan\u00ed \u017eiadost\u00ed pre Slovensk\u00fa agent\u00faru \u017eivotn\u00e9ho prostredia (SA\u017dP). Ich zapojenie cel\u00fd proces v\u00fdrazne ur\u00fdchlilo. Rozhodnutie zapoji\u0165 brig\u00e1dnikov do plnenia administrat\u00edvnych n\u00e1le\u017eitost\u00ed vyplynulo z nedostato\u010dn\u00fdch intern\u00fdch kapac\u00edt SA\u017dP a slab\u00e9ho z\u00e1ujmu o zamestnanie sa v pracovnom pomere. Minister Taraba s gener\u00e1lnym riadite\u013eom SA\u017dP Morav\u010d\u00edkom tak id\u00fa len zo svojho rozmaru ochromi\u0165 vyhodnocovanie \u017eiadost\u00ed. Jedn\u00e1 sa o \u010fal\u0161ie absol\u00fatne nekompetentn\u00e9 rozhodnutia ministra Tarabu a jeho \u013eud\u00ed.<\/p>\n\n\n\n<p>Schopn\u00fdch expertov prepustil, nahradil ich svojimi stran\u00edckymi kolegami, ktor\u00ed nemaj\u00fa na to, aby korigovali jeho \u0161kodliv\u00e9 n\u00e1pady. Taraba tak len pre \u201elajky&#8221; pod jeho videami na soci\u00e1lnych sie\u0165ach, ktor\u00fdch jedin\u00fdm obsahom je bezobsa\u017en\u00e1 kritika \u010doko\u013evek spojen\u00e9ho s predch\u00e1dzaj\u00facim veden\u00edm ohrozuje sen mnoh\u00fdch obyvate\u013eov Slovenska &#8211; obnovi\u0165 si svoj domov. <em>\u201eVyz\u00fdvame ho, aby nerobil \u017eiadne kroky bez konzult\u00e1cii s Eur\u00f3pskou komisiou, aby okam\u017eite prehodnotil neuv\u00e1\u017een\u00e9 z\u00e1sahy do projektu Obnov dom a zachoval administrat\u00edvne kapacity na zr\u00fdchlen\u00e9 vyhodnocovanie \u017eiadost\u00ed. \u0160kody, ktor\u00e9 m\u00f4\u017eu v vznikn\u00fa\u0165, najm\u00e4 pozastavenie prepl\u00e1cania n\u00e1kladov zo strany Eur\u00f3pskej komisie, bud\u00fa na jeho osobnej zodpovednosti,\u201d<\/em> upozor\u0148uje Michal Ki\u010da.<\/p>\n","protected":false},"excerpt":{"rendered":"<p>Neuv\u00e1\u017een\u00e9 rozhodnutia ministra \u017eivotn\u00e9ho prostredia Tom\u00e1\u0161a Tarabu bezprostredne ohrozuj\u00fa projekt Obnov dom, teda renov\u00e1ciu viac ako 25 000 rodinn\u00fdch domov z Pl\u00e1nu obnovy. Z\u00e1mer nepo\u017eadova\u0165 od \u017eiadate\u013eov energetick\u00fd certifik\u00e1t s\u00edce p\u00f4sob\u00ed \u013e\u00fabivo, no bol by v rozpore s eur\u00f3pskymi pravidlami. Pod\u013ea Michala Ki\u010du, advok\u00e1ta a experta na \u017eivotn\u00e9 prostredie tento krok m\u00f4\u017ee sp\u00f4sobi\u0165, \u017ee invest\u00edciu [&hellip;]<\/p>\n","protected":false},"author":13,"featured_media":2486,"comment_status":"closed","ping_status":"closed","sticky":false,"template":"","format":"standard","meta":{"_acf_changed":false,"ngg_post_thumbnail":0,"footnotes":""},"categories":[4],"tags":[],"class_list":["post-3158","post","type-post","status-publish","format-standard","has-post-thumbnail","hentry","category-tlacove-spravy"],"acf":[],"yoast_head":"<!-- This site is optimized with the Yoast SEO plugin v27.2 - https:\/\/yoast.com\/product\/yoast-seo-wordpress\/ -->\n<title>Taraba ohrozuje renov\u00e1cie rodinn\u00fdch domov z Pl\u00e1nu obnovy - Smedemokrati.sk<\/title>\n<meta name=\"robots\" content=\"index, follow, max-snippet:-1, max-image-preview:large, max-video-preview:-1\" \/>\n<link rel=\"canonical\" href=\"https:\/\/www.smedemokrati.sk\/sv\/taraba-ohrozuje-renovacie-rodinnych-domov-z-planu-obnovy\/\" \/>\n<meta property=\"og:locale\" content=\"sv_SE\" \/>\n<meta property=\"og:locale:alternate\" content=\"en_US\" \/>\n<meta property=\"og:locale:alternate\" content=\"cs_CZ\" \/>\n<meta property=\"og:locale:alternate\" content=\"hu_HU\" \/>\n<meta property=\"og:locale:alternate\" content=\"sk_SK\" \/>\n<meta property=\"og:type\" content=\"article\" \/>\n<meta property=\"og:title\" content=\"Taraba ohrozuje renov\u00e1cie rodinn\u00fdch domov z Pl\u00e1nu obnovy - Smedemokrati.sk\" \/>\n<meta property=\"og:description\" content=\"Neuv\u00e1\u017een\u00e9 rozhodnutia ministra \u017eivotn\u00e9ho prostredia Tom\u00e1\u0161a Tarabu bezprostredne ohrozuj\u00fa projekt Obnov dom, teda renov\u00e1ciu viac ako 25 000 rodinn\u00fdch domov z Pl\u00e1nu obnovy. Z\u00e1mer nepo\u017eadova\u0165 od \u017eiadate\u013eov energetick\u00fd certifik\u00e1t s\u00edce p\u00f4sob\u00ed \u013e\u00fabivo, no bol by v rozpore s eur\u00f3pskymi pravidlami. Pod\u013ea Michala Ki\u010du, advok\u00e1ta a experta na \u017eivotn\u00e9 prostredie tento krok m\u00f4\u017ee sp\u00f4sobi\u0165, \u017ee invest\u00edciu [&hellip;]\" \/>\n<meta property=\"og:url\" content=\"https:\/\/www.smedemokrati.sk\/sv\/taraba-ohrozuje-renovacie-rodinnych-domov-z-planu-obnovy\/\" \/>\n<meta property=\"og:site_name\" content=\"Smedemokrati.sk\" \/>\n<meta property=\"article:publisher\" content=\"https:\/\/www.facebook.com\/smedemokrati2023\" \/>\n<meta property=\"article:published_time\" content=\"2024-03-15T11:24:51+00:00\" \/>\n<meta property=\"article:modified_time\" content=\"2024-03-15T11:24:52+00:00\" \/>\n<meta property=\"og:image\" content=\"https:\/\/www.smedemokrati.sk\/wp-content\/uploads\/2024\/01\/Kica.jpg\" \/>\n\t<meta property=\"og:image:width\" content=\"1901\" \/>\n\t<meta property=\"og:image:height\" content=\"1066\" \/>\n\t<meta property=\"og:image:type\" content=\"image\/jpeg\" \/>\n<meta name=\"author\" content=\"miro.sopko\" \/>\n<meta name=\"twitter:card\" content=\"summary_large_image\" \/>\n<meta name=\"twitter:label1\" content=\"Skriven av\" \/>\n\t<meta name=\"twitter:data1\" content=\"miro.sopko\" \/>\n\t<meta name=\"twitter:label2\" content=\"Ber\u00e4knad l\u00e4stid\" \/>\n\t<meta name=\"twitter:data2\" content=\"3 minuter\" \/>\n<script type=\"application\/ld+json\" class=\"yoast-schema-graph\">{\"@context\":\"https:\/\/schema.org\",\"@graph\":[{\"@type\":\"Article\",\"@id\":\"https:\/\/www.smedemokrati.sk\/taraba-ohrozuje-renovacie-rodinnych-domov-z-planu-obnovy\/#article\",\"isPartOf\":{\"@id\":\"https:\/\/www.smedemokrati.sk\/taraba-ohrozuje-renovacie-rodinnych-domov-z-planu-obnovy\/\"},\"author\":{\"name\":\"miro.sopko\",\"@id\":\"https:\/\/www.smedemokrati.sk\/#\/schema\/person\/21f147c88d605aa7ded900e1e7c344ba\"},\"headline\":\"Taraba ohrozuje renov\u00e1cie rodinn\u00fdch domov z Pl\u00e1nu obnovy\",\"datePublished\":\"2024-03-15T11:24:51+00:00\",\"dateModified\":\"2024-03-15T11:24:52+00:00\",\"mainEntityOfPage\":{\"@id\":\"https:\/\/www.smedemokrati.sk\/taraba-ohrozuje-renovacie-rodinnych-domov-z-planu-obnovy\/\"},\"wordCount\":545,\"publisher\":{\"@id\":\"https:\/\/www.smedemokrati.sk\/#organization\"},\"image\":{\"@id\":\"https:\/\/www.smedemokrati.sk\/taraba-ohrozuje-renovacie-rodinnych-domov-z-planu-obnovy\/#primaryimage\"},\"thumbnailUrl\":\"https:\/\/www.smedemokrati.sk\/wp-content\/uploads\/2024\/01\/Kica.jpg\",\"articleSection\":[\"Tla\u010dov\u00e9 spr\u00e1vy\"],\"inLanguage\":\"sv-SE\"},{\"@type\":\"WebPage\",\"@id\":\"https:\/\/www.smedemokrati.sk\/taraba-ohrozuje-renovacie-rodinnych-domov-z-planu-obnovy\/\",\"url\":\"https:\/\/www.smedemokrati.sk\/taraba-ohrozuje-renovacie-rodinnych-domov-z-planu-obnovy\/\",\"name\":\"Taraba ohrozuje renov\u00e1cie rodinn\u00fdch domov z Pl\u00e1nu obnovy - Smedemokrati.sk\",\"isPartOf\":{\"@id\":\"https:\/\/www.smedemokrati.sk\/#website\"},\"primaryImageOfPage\":{\"@id\":\"https:\/\/www.smedemokrati.sk\/taraba-ohrozuje-renovacie-rodinnych-domov-z-planu-obnovy\/#primaryimage\"},\"image\":{\"@id\":\"https:\/\/www.smedemokrati.sk\/taraba-ohrozuje-renovacie-rodinnych-domov-z-planu-obnovy\/#primaryimage\"},\"thumbnailUrl\":\"https:\/\/www.smedemokrati.sk\/wp-content\/uploads\/2024\/01\/Kica.jpg\",\"datePublished\":\"2024-03-15T11:24:51+00:00\",\"dateModified\":\"2024-03-15T11:24:52+00:00\",\"breadcrumb\":{\"@id\":\"https:\/\/www.smedemokrati.sk\/taraba-ohrozuje-renovacie-rodinnych-domov-z-planu-obnovy\/#breadcrumb\"},\"inLanguage\":\"sv-SE\",\"potentialAction\":[{\"@type\":\"ReadAction\",\"target\":[\"https:\/\/www.smedemokrati.sk\/taraba-ohrozuje-renovacie-rodinnych-domov-z-planu-obnovy\/\"]}]},{\"@type\":\"ImageObject\",\"inLanguage\":\"sv-SE\",\"@id\":\"https:\/\/www.smedemokrati.sk\/taraba-ohrozuje-renovacie-rodinnych-domov-z-planu-obnovy\/#primaryimage\",\"url\":\"https:\/\/www.smedemokrati.sk\/wp-content\/uploads\/2024\/01\/Kica.jpg\",\"contentUrl\":\"https:\/\/www.smedemokrati.sk\/wp-content\/uploads\/2024\/01\/Kica.jpg\",\"width\":1901,\"height\":1066},{\"@type\":\"BreadcrumbList\",\"@id\":\"https:\/\/www.smedemokrati.sk\/taraba-ohrozuje-renovacie-rodinnych-domov-z-planu-obnovy\/#breadcrumb\",\"itemListElement\":[{\"@type\":\"ListItem\",\"position\":1,\"name\":\"Domovsk\u00e1 str\u00e1nka\",\"item\":\"https:\/\/www.smedemokrati.sk\/\"},{\"@type\":\"ListItem\",\"position\":2,\"name\":\"Taraba ohrozuje renov\u00e1cie rodinn\u00fdch domov z Pl\u00e1nu obnovy\"}]},{\"@type\":\"WebSite\",\"@id\":\"https:\/\/www.smedemokrati.sk\/#website\",\"url\":\"https:\/\/www.smedemokrati.sk\/\",\"name\":\"Smedemokrati.sk\",\"description\":\"Demokracia a slu\u0161nos\u0165 zv\u00ed\u0165az\u00ed\",\"publisher\":{\"@id\":\"https:\/\/www.smedemokrati.sk\/#organization\"},\"potentialAction\":[{\"@type\":\"SearchAction\",\"target\":{\"@type\":\"EntryPoint\",\"urlTemplate\":\"https:\/\/www.smedemokrati.sk\/?s={search_term_string}\"},\"query-input\":{\"@type\":\"PropertyValueSpecification\",\"valueRequired\":true,\"valueName\":\"search_term_string\"}}],\"inLanguage\":\"sv-SE\"},{\"@type\":\"Organization\",\"@id\":\"https:\/\/www.smedemokrati.sk\/#organization\",\"name\":\"Smedemokrati.sk\",\"url\":\"https:\/\/www.smedemokrati.sk\/\",\"logo\":{\"@type\":\"ImageObject\",\"inLanguage\":\"sv-SE\",\"@id\":\"https:\/\/www.smedemokrati.sk\/#\/schema\/logo\/image\/\",\"url\":\"https:\/\/www.smedemokrati.sk\/wp-content\/uploads\/2023\/04\/ff.002.jpeg\",\"contentUrl\":\"https:\/\/www.smedemokrati.sk\/wp-content\/uploads\/2023\/04\/ff.002.jpeg\",\"width\":640,\"height\":480,\"caption\":\"Smedemokrati.sk\"},\"image\":{\"@id\":\"https:\/\/www.smedemokrati.sk\/#\/schema\/logo\/image\/\"},\"sameAs\":[\"https:\/\/www.facebook.com\/smedemokrati2023\"]},{\"@type\":\"Person\",\"@id\":\"https:\/\/www.smedemokrati.sk\/#\/schema\/person\/21f147c88d605aa7ded900e1e7c344ba\",\"name\":\"miro.sopko\",\"image\":{\"@type\":\"ImageObject\",\"inLanguage\":\"sv-SE\",\"@id\":\"https:\/\/secure.gravatar.com\/avatar\/267e4a36f704376c109afe3a78740c1f5dd8675a2180a908699e7863c9247606?s=96&d=mm&r=g\",\"url\":\"https:\/\/secure.gravatar.com\/avatar\/267e4a36f704376c109afe3a78740c1f5dd8675a2180a908699e7863c9247606?s=96&d=mm&r=g\",\"contentUrl\":\"https:\/\/secure.gravatar.com\/avatar\/267e4a36f704376c109afe3a78740c1f5dd8675a2180a908699e7863c9247606?s=96&d=mm&r=g\",\"caption\":\"miro.sopko\"},\"url\":\"https:\/\/www.smedemokrati.sk\/sv\/author\/miro-sopko\/\"}]}<\/script>\n<!-- \/ Yoast SEO plugin. -->","yoast_head_json":{"title":"Taraba ohrozuje renov\u00e1cie rodinn\u00fdch domov z Pl\u00e1nu obnovy - Smedemokrati.sk","robots":{"index":"index","follow":"follow","max-snippet":"max-snippet:-1","max-image-preview":"max-image-preview:large","max-video-preview":"max-video-preview:-1"},"canonical":"https:\/\/www.smedemokrati.sk\/sv\/taraba-ohrozuje-renovacie-rodinnych-domov-z-planu-obnovy\/","og_locale":"sv_SE","og_type":"article","og_title":"Taraba ohrozuje renov\u00e1cie rodinn\u00fdch domov z Pl\u00e1nu obnovy - Smedemokrati.sk","og_description":"Neuv\u00e1\u017een\u00e9 rozhodnutia ministra \u017eivotn\u00e9ho prostredia Tom\u00e1\u0161a Tarabu bezprostredne ohrozuj\u00fa projekt Obnov dom, teda renov\u00e1ciu viac ako 25 000 rodinn\u00fdch domov z Pl\u00e1nu obnovy. Z\u00e1mer nepo\u017eadova\u0165 od \u017eiadate\u013eov energetick\u00fd certifik\u00e1t s\u00edce p\u00f4sob\u00ed \u013e\u00fabivo, no bol by v rozpore s eur\u00f3pskymi pravidlami. Pod\u013ea Michala Ki\u010du, advok\u00e1ta a experta na \u017eivotn\u00e9 prostredie tento krok m\u00f4\u017ee sp\u00f4sobi\u0165, \u017ee invest\u00edciu [&hellip;]","og_url":"https:\/\/www.smedemokrati.sk\/sv\/taraba-ohrozuje-renovacie-rodinnych-domov-z-planu-obnovy\/","og_site_name":"Smedemokrati.sk","article_publisher":"https:\/\/www.facebook.com\/smedemokrati2023","article_published_time":"2024-03-15T11:24:51+00:00","article_modified_time":"2024-03-15T11:24:52+00:00","og_image":[{"width":1901,"height":1066,"url":"https:\/\/www.smedemokrati.sk\/wp-content\/uploads\/2024\/01\/Kica.jpg","type":"image\/jpeg"}],"author":"miro.sopko","twitter_card":"summary_large_image","twitter_misc":{"Skriven av":"miro.sopko","Ber\u00e4knad l\u00e4stid":"3 minuter"},"schema":{"@context":"https:\/\/schema.org","@graph":[{"@type":"Article","@id":"https:\/\/www.smedemokrati.sk\/taraba-ohrozuje-renovacie-rodinnych-domov-z-planu-obnovy\/#article","isPartOf":{"@id":"https:\/\/www.smedemokrati.sk\/taraba-ohrozuje-renovacie-rodinnych-domov-z-planu-obnovy\/"},"author":{"name":"miro.sopko","@id":"https:\/\/www.smedemokrati.sk\/#\/schema\/person\/21f147c88d605aa7ded900e1e7c344ba"},"headline":"Taraba ohrozuje renov\u00e1cie rodinn\u00fdch domov z Pl\u00e1nu obnovy","datePublished":"2024-03-15T11:24:51+00:00","dateModified":"2024-03-15T11:24:52+00:00","mainEntityOfPage":{"@id":"https:\/\/www.smedemokrati.sk\/taraba-ohrozuje-renovacie-rodinnych-domov-z-planu-obnovy\/"},"wordCount":545,"publisher":{"@id":"https:\/\/www.smedemokrati.sk\/#organization"},"image":{"@id":"https:\/\/www.smedemokrati.sk\/taraba-ohrozuje-renovacie-rodinnych-domov-z-planu-obnovy\/#primaryimage"},"thumbnailUrl":"https:\/\/www.smedemokrati.sk\/wp-content\/uploads\/2024\/01\/Kica.jpg","articleSection":["Tla\u010dov\u00e9 spr\u00e1vy"],"inLanguage":"sv-SE"},{"@type":"WebPage","@id":"https:\/\/www.smedemokrati.sk\/taraba-ohrozuje-renovacie-rodinnych-domov-z-planu-obnovy\/","url":"https:\/\/www.smedemokrati.sk\/taraba-ohrozuje-renovacie-rodinnych-domov-z-planu-obnovy\/","name":"Taraba ohrozuje renov\u00e1cie rodinn\u00fdch domov z Pl\u00e1nu obnovy - Smedemokrati.sk","isPartOf":{"@id":"https:\/\/www.smedemokrati.sk\/#website"},"primaryImageOfPage":{"@id":"https:\/\/www.smedemokrati.sk\/taraba-ohrozuje-renovacie-rodinnych-domov-z-planu-obnovy\/#primaryimage"},"image":{"@id":"https:\/\/www.smedemokrati.sk\/taraba-ohrozuje-renovacie-rodinnych-domov-z-planu-obnovy\/#primaryimage"},"thumbnailUrl":"https:\/\/www.smedemokrati.sk\/wp-content\/uploads\/2024\/01\/Kica.jpg","datePublished":"2024-03-15T11:24:51+00:00","dateModified":"2024-03-15T11:24:52+00:00","breadcrumb":{"@id":"https:\/\/www.smedemokrati.sk\/taraba-ohrozuje-renovacie-rodinnych-domov-z-planu-obnovy\/#breadcrumb"},"inLanguage":"sv-SE","potentialAction":[{"@type":"ReadAction","target":["https:\/\/www.smedemokrati.sk\/taraba-ohrozuje-renovacie-rodinnych-domov-z-planu-obnovy\/"]}]},{"@type":"ImageObject","inLanguage":"sv-SE","@id":"https:\/\/www.smedemokrati.sk\/taraba-ohrozuje-renovacie-rodinnych-domov-z-planu-obnovy\/#primaryimage","url":"https:\/\/www.smedemokrati.sk\/wp-content\/uploads\/2024\/01\/Kica.jpg","contentUrl":"https:\/\/www.smedemokrati.sk\/wp-content\/uploads\/2024\/01\/Kica.jpg","width":1901,"height":1066},{"@type":"BreadcrumbList","@id":"https:\/\/www.smedemokrati.sk\/taraba-ohrozuje-renovacie-rodinnych-domov-z-planu-obnovy\/#breadcrumb","itemListElement":[{"@type":"ListItem","position":1,"name":"Domovsk\u00e1 str\u00e1nka","item":"https:\/\/www.smedemokrati.sk\/"},{"@type":"ListItem","position":2,"name":"Taraba ohrozuje renov\u00e1cie rodinn\u00fdch domov z Pl\u00e1nu obnovy"}]},{"@type":"WebSite","@id":"https:\/\/www.smedemokrati.sk\/#website","url":"https:\/\/www.smedemokrati.sk\/","name":"Smedemokrati.sk","description":"Demokracia a slu\u0161nos\u0165 zv\u00ed\u0165az\u00ed","publisher":{"@id":"https:\/\/www.smedemokrati.sk\/#organization"},"potentialAction":[{"@type":"SearchAction","target":{"@type":"EntryPoint","urlTemplate":"https:\/\/www.smedemokrati.sk\/?s={search_term_string}"},"query-input":{"@type":"PropertyValueSpecification","valueRequired":true,"valueName":"search_term_string"}}],"inLanguage":"sv-SE"},{"@type":"Organization","@id":"https:\/\/www.smedemokrati.sk\/#organization","name":"Smedemokrati.sk","url":"https:\/\/www.smedemokrati.sk\/","logo":{"@type":"ImageObject","inLanguage":"sv-SE","@id":"https:\/\/www.smedemokrati.sk\/#\/schema\/logo\/image\/","url":"https:\/\/www.smedemokrati.sk\/wp-content\/uploads\/2023\/04\/ff.002.jpeg","contentUrl":"https:\/\/www.smedemokrati.sk\/wp-content\/uploads\/2023\/04\/ff.002.jpeg","width":640,"height":480,"caption":"Smedemokrati.sk"},"image":{"@id":"https:\/\/www.smedemokrati.sk\/#\/schema\/logo\/image\/"},"sameAs":["https:\/\/www.facebook.com\/smedemokrati2023"]},{"@type":"Person","@id":"https:\/\/www.smedemokrati.sk\/#\/schema\/person\/21f147c88d605aa7ded900e1e7c344ba","name":"miro.sopko","image":{"@type":"ImageObject","inLanguage":"sv-SE","@id":"https:\/\/secure.gravatar.com\/avatar\/267e4a36f704376c109afe3a78740c1f5dd8675a2180a908699e7863c9247606?s=96&d=mm&r=g","url":"https:\/\/secure.gravatar.com\/avatar\/267e4a36f704376c109afe3a78740c1f5dd8675a2180a908699e7863c9247606?s=96&d=mm&r=g","contentUrl":"https:\/\/secure.gravatar.com\/avatar\/267e4a36f704376c109afe3a78740c1f5dd8675a2180a908699e7863c9247606?s=96&d=mm&r=g","caption":"miro.sopko"},"url":"https:\/\/www.smedemokrati.sk\/sv\/author\/miro-sopko\/"}]}},"_links":{"self":[{"href":"https:\/\/www.smedemokrati.sk\/sv\/wp-json\/wp\/v2\/posts\/3158","targetHints":{"allow":["GET"]}}],"collection":[{"href":"https:\/\/www.smedemokrati.sk\/sv\/wp-json\/wp\/v2\/posts"}],"about":[{"href":"https:\/\/www.smedemokrati.sk\/sv\/wp-json\/wp\/v2\/types\/post"}],"author":[{"embeddable":true,"href":"https:\/\/www.smedemokrati.sk\/sv\/wp-json\/wp\/v2\/users\/13"}],"replies":[{"embeddable":true,"href":"https:\/\/www.smedemokrati.sk\/sv\/wp-json\/wp\/v2\/comments?post=3158"}],"version-history":[{"count":1,"href":"https:\/\/www.smedemokrati.sk\/sv\/wp-json\/wp\/v2\/posts\/3158\/revisions"}],"predecessor-version":[{"id":3159,"href":"https:\/\/www.smedemokrati.sk\/sv\/wp-json\/wp\/v2\/posts\/3158\/revisions\/3159"}],"wp:featuredmedia":[{"embeddable":true,"href":"https:\/\/www.smedemokrati.sk\/sv\/wp-json\/wp\/v2\/media\/2486"}],"wp:attachment":[{"href":"https:\/\/www.smedemokrati.sk\/sv\/wp-json\/wp\/v2\/media?parent=3158"}],"wp:term":[{"taxonomy":"category","embeddable":true,"href":"https:\/\/www.smedemokrati.sk\/sv\/wp-json\/wp\/v2\/categories?post=3158"},{"taxonomy":"post_tag","embeddable":true,"href":"https:\/\/www.smedemokrati.sk\/sv\/wp-json\/wp\/v2\/tags?post=3158"}],"curies":[{"name":"wp","href":"https:\/\/api.w.org\/{rel}","templated":true}]}}