{"id":2937,"date":"2024-03-06T09:54:00","date_gmt":"2024-03-06T07:54:00","guid":{"rendered":"https:\/\/www.smedemokrati.sk\/?p=2937"},"modified":"2024-03-06T15:26:33","modified_gmt":"2024-03-06T14:26:33","slug":"sefka-inspekcie-rozhodla-v-prospech-znameho-navyse-za-cenu-znecisteneho-ovzdusia-v-tisovci","status":"publish","type":"post","link":"https:\/\/www.smedemokrati.sk\/sv\/sefka-inspekcie-rozhodla-v-prospech-znameho-navyse-za-cenu-znecisteneho-ovzdusia-v-tisovci\/","title":{"rendered":"\u0160\u00e9fka in\u0161pekcie rozhodla v prospech zn\u00e1meho, navy\u0161e, za cenu zne\u010disten\u00e9ho ovzdu\u0161ia v Tisovci"},"content":{"rendered":"<div id=\"fb-root\"><\/div>\n\n<p><strong>Strana Demokrati vyz\u00fdva na okam\u017eit\u00e9 odvolanie gener\u00e1lnej riadite\u013eky Slovenskej in\u0161pekcie \u017eivotn\u00e9ho prostredia Katar\u00edny Jankovi\u010dovej. D\u00f4vodom je vydanie nez\u00e1konn\u00e9ho rozhodnutia v prospech podnikate\u013esk\u00e9ho subjektu, na \u010dele ktor\u00e9ho je jej zn\u00e1my. Pre zaujatos\u0165 nemala Jankovi\u010dov\u00e1 vo veci kona\u0165, nie to e\u0161te rozhodova\u0165.&nbsp;<\/strong><\/p>\n\n\n\n<p>Jankovi\u010dov\u00e1 bola doned\u00e1vna poveren\u00e1 gener\u00e1lna riadite\u013eka sekcie posudzovania vplyvov na \u017eivotn\u00e9 prostredie (EIA) Ministerstva \u017eivotn\u00e9ho prostredia SR (ministerstvo). V tejto funkcii vydala 23. janu\u00e1ra 2024 rozhodnutie v tzv. zis\u0165ovacom konan\u00ed, v ktorom v r\u00e1mci procesu EIA povolila realiz\u00e1ciu invest\u00edcie <em>\u201e<\/em>Roz\u0161\u00edrenie palivovej z\u00e1kladne pre v\u00fdpal v\u00e1pna &#8211; biomoasa\u201d prev\u00e1dzkovate\u013ea cement\u00e1rne v meste Tisovec a ur\u010dila, \u017ee t\u00e1to invest\u00edcia sa nebude posudzova\u0165 v procese posudzovania vplyvov na \u017eivotn\u00e9 prostredie.\u00a0<\/p>\n\n\n\n<p><em><em>\u201e<\/em>Rozhodla tak napriek tomu, \u017ee samotn\u00e9 odborn\u00e9 \u00fatvary ministerstva nes\u00fahlasili s vydan\u00edm rozhodnutia, po\u017eadovali stanovenie pr\u00edsnej\u0161\u00edch podmienok a najm\u00e4, vykonanie procesu pos\u00fadenia vplyvov na \u017eivotn\u00e9 prostredie,\u201d<\/em>\u00a0uv\u00e1dza Michal Ki\u010da, expert na pr\u00e1vo \u017eivotn\u00e9ho prostredia a \u010dlen predsedn\u00edctva strany Demokrati. Sekcia zmeny kl\u00edmy a ochrany ovzdu\u0161ia ministerstva toti\u017e upozornila, \u017ee mesto Tisovec sa nach\u00e1dza v oblasti riadenia kvality ovzdu\u0161ia s rizikov\u00fdm stup\u0148om 3, teda najvy\u0161\u0161\u00edm. Po\u017eadovala, aby sa ur\u010dili alternat\u00edvy n\u00e1hrady paliva tak, aby sa nenavy\u0161ovali mno\u017estv\u00e1 emisi\u00ed v regi\u00f3ne. Rozhodnutie Katar\u00edny Jankovi\u010dovej t\u00fato po\u017eiadavku ministerstva absol\u00fatne odignorovalo.\u00a0<\/p>\n\n\n\n<p>Odbor integrovanej prevencie ministerstva s vydan\u00edm rozhodnutia nes\u00fahlasil. Upozornil, \u017ee pre zl\u00fa kvalitu ovzdu\u0161ia v Banskobystrickom samospr\u00e1vnom kraji Slovensk\u00e1 republika prehrala s\u00fad na S\u00fadnom dvore Eur\u00f3pskej \u00fanie, ktor\u00fd rozsudkom v roku 2022 ur\u010dil, \u017ee dlhodobo doch\u00e1dza k poru\u0161ovaniu smern\u00edc E\u00da o kvalite ovzdu\u0161ia pr\u00e1ve v tejto aglomer\u00e1cii. Odbor preto po\u017eadoval vykona\u0165 v\u0161etky potrebn\u00e9 opatrenia a pred\u00eds\u0165 ak\u00e9muko\u013evek \u010fal\u0161iemu zne\u010disteniu, inak sa vystavujeme vysok\u00e9mu riziku podaniu \u010fal\u0161ej \u017ealoby, tentokr\u00e1t u\u017e o pokutu.&nbsp;<\/p>\n\n\n\n<p>Jankovi\u010dov\u00e1 tak \u00faplne odignorovala z\u00e1va\u017en\u00e9 v\u00fdhrady a po\u017eiadavky odborn\u00fdch \u00fatvarov jej vlastn\u00e9ho ministerstva. Bez uvedenia d\u00f4vodov v prospech investora rozhodla, \u017ee tento bude m\u00f4c\u0165 v\u00fdrazne zne\u010dis\u0165ova\u0165 ovzdu\u0161ie v okol\u00ed Tisovca tuh\u00fdmi zne\u010dis\u0165uj\u00facimi l\u00e1tkami bez toho, aby sa vykonali v\u0161etky potrebn\u00e9 dopadov\u00e9 \u0161t\u00fadie. Form\u00e1lne stanoven\u00e9 podmienky nedok\u00e1\u017eu zabezpe\u010di\u0165 ochranu \u017eivotn\u00e9ho prostredia.\u00a0<em>\u201eOdignorovala mo\u017en\u00e9 zdravotn\u00e9 dopady na obyvate\u013eov a aj bezprostredn\u00e9 riziko podania \u010fal\u0161ej \u017ealoby proti Slovensku pre neplnenie rozsudku, tentokr\u00e1t so skoro ist\u00fdmi astronomick\u00fdmi pokutami,\u201d<\/em>\u00a0dop\u013a\u0148a Ki\u010da.\u00a0<\/p>\n\n\n\n<p><em><em>\u201e<\/em>\u0160okuj\u00facim zisten\u00edm je, \u017ee konate\u013eom a riadite\u013eom investora Calmit, spol. s r.o. je Peter V., zn\u00e1my Katar\u00edny Jankovi\u010dovej. Svoj\u00edm priate\u013estvom sa netaja napr\u00edklad ani na soci\u00e1lnych sie\u0165ach. Jankovi\u010dov\u00e1 tak nesmela vo veci kona\u0165 a u\u017e v\u00f4bec nie rozhodova\u0165 pre jej zaujatos\u0165\u201d,\u00a0<\/em>upozor\u0148uje Ki\u010da. Svoju predpojatos\u0165 z\u00e1konn\u00fdm postupom neozn\u00e1mila. Naopak, nielen\u017ee vo veci rozhodovala, ale rozhodla v pr\u00edkrom rozpore so Spr\u00e1vnym poriadkom a z\u00e1konom o posudzovan\u00ed vplyvov na \u017eivotn\u00e9 prostredie, proti stanovisk\u00e1m \u00fatvarov ministerstva a v prospech investora.\u00a0<\/p>\n\n\n\n<p>Jej rozhodnutie ignoruje z\u00e1ujem Slovenskej republiky v konan\u00ed pred S\u00fadnym dvorom E\u00da a aj zdravie obyvate\u013eov Tisovca a okolia. Naviac, investor po n\u00e1stupe Katar\u00edny Jankovi\u010dovej ne\u0161tandardne dokladal do spisu nevy\u017eiadan\u00e9 vyjadrenia, ktor\u00e9 sa sna\u017eili spochybni\u0165 stanovisk\u00e1 odborn\u00fdch organiz\u00e1ci\u00ed ministerstva, \u010do tie\u017e nasved\u010duje nad\u0161tandardnej komunik\u00e1cii so zamestnancom konaj\u00facim vo veci.&nbsp;<\/p>\n\n\n\n<p>V tejto veci bol podan\u00fd Michalom Ki\u010dom rozklad, o ktorom bude rozhodova\u0165 minister \u017eivotn\u00e9ho prostredia v \u010fal\u0161om procesnom postupe.\u00a0<em><em>\u201e<\/em>Je zrejm\u00e9, \u017ee Katar\u00edna Jankovi\u010dov\u00e1 je nesp\u00f4sobil\u00e1 vies\u0165 Slovensk\u00fa in\u0161pekciu \u017eivotn\u00e9ho prostredia, ke\u010f\u017ee preuk\u00e1zate\u013ene v rozpore so z\u00e1konom uprednostnila z\u00e1ujmy s \u0148ou spriaznen\u00e9ho podnikate\u013esk\u00e9ho subjektu, a to na \u00fakor ochrany \u017eivotn\u00e9ho prostredia, zdravia obyvate\u013eov a z\u00e1ujmov Slovenskej republiky. Jedin\u00fdm krokom, ako na tieto \u0161kandal\u00f3zne zistenia m\u00f4\u017ee reagova\u0165 minister Taraba, je okam\u017eit\u00e9 odvolanie Katar\u00edny Jankovi\u010dovej z funkcie gener\u00e1lnej riadite\u013eky Slovenskej in\u0161pekcie \u017eivotn\u00e9ho prostredia. Pokia\u013e tak neurob\u00ed, d\u00e1va jasne najavo, \u017ee zisk spriaznen\u00fdch podnikate\u013esk\u00fdch subjektov je mu prednej\u0161\u00ed ako zdravie obyvate\u013eov a z\u00e1ujem Slovenska,\u201d<\/em>\u00a0uzatv\u00e1ra v\u00fdzvu Michal Ki\u010da.\u00a0<\/p>\n","protected":false},"excerpt":{"rendered":"<p>Strana Demokrati vyz\u00fdva na okam\u017eit\u00e9 odvolanie gener\u00e1lnej riadite\u013eky Slovenskej in\u0161pekcie \u017eivotn\u00e9ho prostredia Katar\u00edny Jankovi\u010dovej. D\u00f4vodom je vydanie nez\u00e1konn\u00e9ho rozhodnutia v prospech podnikate\u013esk\u00e9ho subjektu, na \u010dele ktor\u00e9ho je jej zn\u00e1my. Pre zaujatos\u0165 nemala Jankovi\u010dov\u00e1 vo veci kona\u0165, nie to e\u0161te rozhodova\u0165.&nbsp; Jankovi\u010dov\u00e1 bola doned\u00e1vna poveren\u00e1 gener\u00e1lna riadite\u013eka sekcie posudzovania vplyvov na \u017eivotn\u00e9 prostredie (EIA) Ministerstva \u017eivotn\u00e9ho [&hellip;]<\/p>\n","protected":false},"author":13,"featured_media":2460,"comment_status":"closed","ping_status":"closed","sticky":false,"template":"","format":"standard","meta":{"_acf_changed":false,"ngg_post_thumbnail":0,"footnotes":""},"categories":[4],"tags":[],"class_list":["post-2937","post","type-post","status-publish","format-standard","has-post-thumbnail","hentry","category-tlacove-spravy"],"acf":[],"yoast_head":"<!-- This site is optimized with the Yoast SEO plugin v27.2 - https:\/\/yoast.com\/product\/yoast-seo-wordpress\/ -->\n<title>\u0160\u00e9fka in\u0161pekcie rozhodla v prospech zn\u00e1meho, navy\u0161e, za cenu zne\u010disten\u00e9ho ovzdu\u0161ia v Tisovci - Smedemokrati.sk<\/title>\n<meta name=\"robots\" content=\"index, follow, max-snippet:-1, max-image-preview:large, max-video-preview:-1\" \/>\n<link rel=\"canonical\" href=\"https:\/\/www.smedemokrati.sk\/sv\/sefka-inspekcie-rozhodla-v-prospech-znameho-navyse-za-cenu-znecisteneho-ovzdusia-v-tisovci\/\" \/>\n<meta property=\"og:locale\" content=\"sv_SE\" \/>\n<meta property=\"og:locale:alternate\" content=\"en_US\" \/>\n<meta property=\"og:locale:alternate\" content=\"cs_CZ\" \/>\n<meta property=\"og:locale:alternate\" content=\"hu_HU\" \/>\n<meta property=\"og:locale:alternate\" content=\"sk_SK\" \/>\n<meta property=\"og:type\" content=\"article\" \/>\n<meta property=\"og:title\" content=\"\u0160\u00e9fka in\u0161pekcie rozhodla v prospech zn\u00e1meho, navy\u0161e, za cenu zne\u010disten\u00e9ho ovzdu\u0161ia v Tisovci - Smedemokrati.sk\" \/>\n<meta property=\"og:description\" content=\"Strana Demokrati vyz\u00fdva na okam\u017eit\u00e9 odvolanie gener\u00e1lnej riadite\u013eky Slovenskej in\u0161pekcie \u017eivotn\u00e9ho prostredia Katar\u00edny Jankovi\u010dovej. D\u00f4vodom je vydanie nez\u00e1konn\u00e9ho rozhodnutia v prospech podnikate\u013esk\u00e9ho subjektu, na \u010dele ktor\u00e9ho je jej zn\u00e1my. Pre zaujatos\u0165 nemala Jankovi\u010dov\u00e1 vo veci kona\u0165, nie to e\u0161te rozhodova\u0165.&nbsp; Jankovi\u010dov\u00e1 bola doned\u00e1vna poveren\u00e1 gener\u00e1lna riadite\u013eka sekcie posudzovania vplyvov na \u017eivotn\u00e9 prostredie (EIA) Ministerstva \u017eivotn\u00e9ho [&hellip;]\" \/>\n<meta property=\"og:url\" content=\"https:\/\/www.smedemokrati.sk\/sv\/sefka-inspekcie-rozhodla-v-prospech-znameho-navyse-za-cenu-znecisteneho-ovzdusia-v-tisovci\/\" \/>\n<meta property=\"og:site_name\" content=\"Smedemokrati.sk\" \/>\n<meta property=\"article:publisher\" content=\"https:\/\/www.facebook.com\/smedemokrati2023\" \/>\n<meta property=\"article:published_time\" content=\"2024-03-06T07:54:00+00:00\" \/>\n<meta property=\"article:modified_time\" content=\"2024-03-06T14:26:33+00:00\" \/>\n<meta property=\"og:image\" content=\"https:\/\/www.smedemokrati.sk\/wp-content\/uploads\/2023\/12\/miso.jpg\" \/>\n\t<meta property=\"og:image:width\" content=\"1904\" \/>\n\t<meta property=\"og:image:height\" content=\"1066\" \/>\n\t<meta property=\"og:image:type\" content=\"image\/jpeg\" \/>\n<meta name=\"author\" content=\"miro.sopko\" \/>\n<meta name=\"twitter:card\" content=\"summary_large_image\" \/>\n<meta name=\"twitter:label1\" content=\"Skriven av\" \/>\n\t<meta name=\"twitter:data1\" content=\"miro.sopko\" \/>\n\t<meta name=\"twitter:label2\" content=\"Ber\u00e4knad l\u00e4stid\" \/>\n\t<meta name=\"twitter:data2\" content=\"4 minuter\" \/>\n<script type=\"application\/ld+json\" class=\"yoast-schema-graph\">{\"@context\":\"https:\/\/schema.org\",\"@graph\":[{\"@type\":\"Article\",\"@id\":\"https:\/\/www.smedemokrati.sk\/sefka-inspekcie-rozhodla-v-prospech-znameho-navyse-za-cenu-znecisteneho-ovzdusia-v-tisovci\/#article\",\"isPartOf\":{\"@id\":\"https:\/\/www.smedemokrati.sk\/sefka-inspekcie-rozhodla-v-prospech-znameho-navyse-za-cenu-znecisteneho-ovzdusia-v-tisovci\/\"},\"author\":{\"name\":\"miro.sopko\",\"@id\":\"https:\/\/www.smedemokrati.sk\/#\/schema\/person\/21f147c88d605aa7ded900e1e7c344ba\"},\"headline\":\"\u0160\u00e9fka in\u0161pekcie rozhodla v prospech zn\u00e1meho, navy\u0161e, za cenu zne\u010disten\u00e9ho ovzdu\u0161ia v Tisovci\",\"datePublished\":\"2024-03-06T07:54:00+00:00\",\"dateModified\":\"2024-03-06T14:26:33+00:00\",\"mainEntityOfPage\":{\"@id\":\"https:\/\/www.smedemokrati.sk\/sefka-inspekcie-rozhodla-v-prospech-znameho-navyse-za-cenu-znecisteneho-ovzdusia-v-tisovci\/\"},\"wordCount\":791,\"publisher\":{\"@id\":\"https:\/\/www.smedemokrati.sk\/#organization\"},\"image\":{\"@id\":\"https:\/\/www.smedemokrati.sk\/sefka-inspekcie-rozhodla-v-prospech-znameho-navyse-za-cenu-znecisteneho-ovzdusia-v-tisovci\/#primaryimage\"},\"thumbnailUrl\":\"https:\/\/www.smedemokrati.sk\/wp-content\/uploads\/2023\/12\/miso.jpg\",\"articleSection\":[\"Tla\u010dov\u00e9 spr\u00e1vy\"],\"inLanguage\":\"sv-SE\"},{\"@type\":\"WebPage\",\"@id\":\"https:\/\/www.smedemokrati.sk\/sefka-inspekcie-rozhodla-v-prospech-znameho-navyse-za-cenu-znecisteneho-ovzdusia-v-tisovci\/\",\"url\":\"https:\/\/www.smedemokrati.sk\/sefka-inspekcie-rozhodla-v-prospech-znameho-navyse-za-cenu-znecisteneho-ovzdusia-v-tisovci\/\",\"name\":\"\u0160\u00e9fka in\u0161pekcie rozhodla v prospech zn\u00e1meho, navy\u0161e, za cenu zne\u010disten\u00e9ho ovzdu\u0161ia v Tisovci - Smedemokrati.sk\",\"isPartOf\":{\"@id\":\"https:\/\/www.smedemokrati.sk\/#website\"},\"primaryImageOfPage\":{\"@id\":\"https:\/\/www.smedemokrati.sk\/sefka-inspekcie-rozhodla-v-prospech-znameho-navyse-za-cenu-znecisteneho-ovzdusia-v-tisovci\/#primaryimage\"},\"image\":{\"@id\":\"https:\/\/www.smedemokrati.sk\/sefka-inspekcie-rozhodla-v-prospech-znameho-navyse-za-cenu-znecisteneho-ovzdusia-v-tisovci\/#primaryimage\"},\"thumbnailUrl\":\"https:\/\/www.smedemokrati.sk\/wp-content\/uploads\/2023\/12\/miso.jpg\",\"datePublished\":\"2024-03-06T07:54:00+00:00\",\"dateModified\":\"2024-03-06T14:26:33+00:00\",\"breadcrumb\":{\"@id\":\"https:\/\/www.smedemokrati.sk\/sefka-inspekcie-rozhodla-v-prospech-znameho-navyse-za-cenu-znecisteneho-ovzdusia-v-tisovci\/#breadcrumb\"},\"inLanguage\":\"sv-SE\",\"potentialAction\":[{\"@type\":\"ReadAction\",\"target\":[\"https:\/\/www.smedemokrati.sk\/sefka-inspekcie-rozhodla-v-prospech-znameho-navyse-za-cenu-znecisteneho-ovzdusia-v-tisovci\/\"]}]},{\"@type\":\"ImageObject\",\"inLanguage\":\"sv-SE\",\"@id\":\"https:\/\/www.smedemokrati.sk\/sefka-inspekcie-rozhodla-v-prospech-znameho-navyse-za-cenu-znecisteneho-ovzdusia-v-tisovci\/#primaryimage\",\"url\":\"https:\/\/www.smedemokrati.sk\/wp-content\/uploads\/2023\/12\/miso.jpg\",\"contentUrl\":\"https:\/\/www.smedemokrati.sk\/wp-content\/uploads\/2023\/12\/miso.jpg\",\"width\":1904,\"height\":1066},{\"@type\":\"BreadcrumbList\",\"@id\":\"https:\/\/www.smedemokrati.sk\/sefka-inspekcie-rozhodla-v-prospech-znameho-navyse-za-cenu-znecisteneho-ovzdusia-v-tisovci\/#breadcrumb\",\"itemListElement\":[{\"@type\":\"ListItem\",\"position\":1,\"name\":\"Domovsk\u00e1 str\u00e1nka\",\"item\":\"https:\/\/www.smedemokrati.sk\/\"},{\"@type\":\"ListItem\",\"position\":2,\"name\":\"\u0160\u00e9fka in\u0161pekcie rozhodla v prospech zn\u00e1meho, navy\u0161e, za cenu zne\u010disten\u00e9ho ovzdu\u0161ia v Tisovci\"}]},{\"@type\":\"WebSite\",\"@id\":\"https:\/\/www.smedemokrati.sk\/#website\",\"url\":\"https:\/\/www.smedemokrati.sk\/\",\"name\":\"Smedemokrati.sk\",\"description\":\"Demokracia a slu\u0161nos\u0165 zv\u00ed\u0165az\u00ed\",\"publisher\":{\"@id\":\"https:\/\/www.smedemokrati.sk\/#organization\"},\"potentialAction\":[{\"@type\":\"SearchAction\",\"target\":{\"@type\":\"EntryPoint\",\"urlTemplate\":\"https:\/\/www.smedemokrati.sk\/?s={search_term_string}\"},\"query-input\":{\"@type\":\"PropertyValueSpecification\",\"valueRequired\":true,\"valueName\":\"search_term_string\"}}],\"inLanguage\":\"sv-SE\"},{\"@type\":\"Organization\",\"@id\":\"https:\/\/www.smedemokrati.sk\/#organization\",\"name\":\"Smedemokrati.sk\",\"url\":\"https:\/\/www.smedemokrati.sk\/\",\"logo\":{\"@type\":\"ImageObject\",\"inLanguage\":\"sv-SE\",\"@id\":\"https:\/\/www.smedemokrati.sk\/#\/schema\/logo\/image\/\",\"url\":\"https:\/\/www.smedemokrati.sk\/wp-content\/uploads\/2023\/04\/ff.002.jpeg\",\"contentUrl\":\"https:\/\/www.smedemokrati.sk\/wp-content\/uploads\/2023\/04\/ff.002.jpeg\",\"width\":640,\"height\":480,\"caption\":\"Smedemokrati.sk\"},\"image\":{\"@id\":\"https:\/\/www.smedemokrati.sk\/#\/schema\/logo\/image\/\"},\"sameAs\":[\"https:\/\/www.facebook.com\/smedemokrati2023\"]},{\"@type\":\"Person\",\"@id\":\"https:\/\/www.smedemokrati.sk\/#\/schema\/person\/21f147c88d605aa7ded900e1e7c344ba\",\"name\":\"miro.sopko\",\"image\":{\"@type\":\"ImageObject\",\"inLanguage\":\"sv-SE\",\"@id\":\"https:\/\/secure.gravatar.com\/avatar\/267e4a36f704376c109afe3a78740c1f5dd8675a2180a908699e7863c9247606?s=96&d=mm&r=g\",\"url\":\"https:\/\/secure.gravatar.com\/avatar\/267e4a36f704376c109afe3a78740c1f5dd8675a2180a908699e7863c9247606?s=96&d=mm&r=g\",\"contentUrl\":\"https:\/\/secure.gravatar.com\/avatar\/267e4a36f704376c109afe3a78740c1f5dd8675a2180a908699e7863c9247606?s=96&d=mm&r=g\",\"caption\":\"miro.sopko\"},\"url\":\"https:\/\/www.smedemokrati.sk\/sv\/author\/miro-sopko\/\"}]}<\/script>\n<!-- \/ Yoast SEO plugin. -->","yoast_head_json":{"title":"\u0160\u00e9fka in\u0161pekcie rozhodla v prospech zn\u00e1meho, navy\u0161e, za cenu zne\u010disten\u00e9ho ovzdu\u0161ia v Tisovci - Smedemokrati.sk","robots":{"index":"index","follow":"follow","max-snippet":"max-snippet:-1","max-image-preview":"max-image-preview:large","max-video-preview":"max-video-preview:-1"},"canonical":"https:\/\/www.smedemokrati.sk\/sv\/sefka-inspekcie-rozhodla-v-prospech-znameho-navyse-za-cenu-znecisteneho-ovzdusia-v-tisovci\/","og_locale":"sv_SE","og_type":"article","og_title":"\u0160\u00e9fka in\u0161pekcie rozhodla v prospech zn\u00e1meho, navy\u0161e, za cenu zne\u010disten\u00e9ho ovzdu\u0161ia v Tisovci - Smedemokrati.sk","og_description":"Strana Demokrati vyz\u00fdva na okam\u017eit\u00e9 odvolanie gener\u00e1lnej riadite\u013eky Slovenskej in\u0161pekcie \u017eivotn\u00e9ho prostredia Katar\u00edny Jankovi\u010dovej. D\u00f4vodom je vydanie nez\u00e1konn\u00e9ho rozhodnutia v prospech podnikate\u013esk\u00e9ho subjektu, na \u010dele ktor\u00e9ho je jej zn\u00e1my. Pre zaujatos\u0165 nemala Jankovi\u010dov\u00e1 vo veci kona\u0165, nie to e\u0161te rozhodova\u0165.&nbsp; Jankovi\u010dov\u00e1 bola doned\u00e1vna poveren\u00e1 gener\u00e1lna riadite\u013eka sekcie posudzovania vplyvov na \u017eivotn\u00e9 prostredie (EIA) Ministerstva \u017eivotn\u00e9ho [&hellip;]","og_url":"https:\/\/www.smedemokrati.sk\/sv\/sefka-inspekcie-rozhodla-v-prospech-znameho-navyse-za-cenu-znecisteneho-ovzdusia-v-tisovci\/","og_site_name":"Smedemokrati.sk","article_publisher":"https:\/\/www.facebook.com\/smedemokrati2023","article_published_time":"2024-03-06T07:54:00+00:00","article_modified_time":"2024-03-06T14:26:33+00:00","og_image":[{"width":1904,"height":1066,"url":"https:\/\/www.smedemokrati.sk\/wp-content\/uploads\/2023\/12\/miso.jpg","type":"image\/jpeg"}],"author":"miro.sopko","twitter_card":"summary_large_image","twitter_misc":{"Skriven av":"miro.sopko","Ber\u00e4knad l\u00e4stid":"4 minuter"},"schema":{"@context":"https:\/\/schema.org","@graph":[{"@type":"Article","@id":"https:\/\/www.smedemokrati.sk\/sefka-inspekcie-rozhodla-v-prospech-znameho-navyse-za-cenu-znecisteneho-ovzdusia-v-tisovci\/#article","isPartOf":{"@id":"https:\/\/www.smedemokrati.sk\/sefka-inspekcie-rozhodla-v-prospech-znameho-navyse-za-cenu-znecisteneho-ovzdusia-v-tisovci\/"},"author":{"name":"miro.sopko","@id":"https:\/\/www.smedemokrati.sk\/#\/schema\/person\/21f147c88d605aa7ded900e1e7c344ba"},"headline":"\u0160\u00e9fka in\u0161pekcie rozhodla v prospech zn\u00e1meho, navy\u0161e, za cenu zne\u010disten\u00e9ho ovzdu\u0161ia v Tisovci","datePublished":"2024-03-06T07:54:00+00:00","dateModified":"2024-03-06T14:26:33+00:00","mainEntityOfPage":{"@id":"https:\/\/www.smedemokrati.sk\/sefka-inspekcie-rozhodla-v-prospech-znameho-navyse-za-cenu-znecisteneho-ovzdusia-v-tisovci\/"},"wordCount":791,"publisher":{"@id":"https:\/\/www.smedemokrati.sk\/#organization"},"image":{"@id":"https:\/\/www.smedemokrati.sk\/sefka-inspekcie-rozhodla-v-prospech-znameho-navyse-za-cenu-znecisteneho-ovzdusia-v-tisovci\/#primaryimage"},"thumbnailUrl":"https:\/\/www.smedemokrati.sk\/wp-content\/uploads\/2023\/12\/miso.jpg","articleSection":["Tla\u010dov\u00e9 spr\u00e1vy"],"inLanguage":"sv-SE"},{"@type":"WebPage","@id":"https:\/\/www.smedemokrati.sk\/sefka-inspekcie-rozhodla-v-prospech-znameho-navyse-za-cenu-znecisteneho-ovzdusia-v-tisovci\/","url":"https:\/\/www.smedemokrati.sk\/sefka-inspekcie-rozhodla-v-prospech-znameho-navyse-za-cenu-znecisteneho-ovzdusia-v-tisovci\/","name":"\u0160\u00e9fka in\u0161pekcie rozhodla v prospech zn\u00e1meho, navy\u0161e, za cenu zne\u010disten\u00e9ho ovzdu\u0161ia v Tisovci - Smedemokrati.sk","isPartOf":{"@id":"https:\/\/www.smedemokrati.sk\/#website"},"primaryImageOfPage":{"@id":"https:\/\/www.smedemokrati.sk\/sefka-inspekcie-rozhodla-v-prospech-znameho-navyse-za-cenu-znecisteneho-ovzdusia-v-tisovci\/#primaryimage"},"image":{"@id":"https:\/\/www.smedemokrati.sk\/sefka-inspekcie-rozhodla-v-prospech-znameho-navyse-za-cenu-znecisteneho-ovzdusia-v-tisovci\/#primaryimage"},"thumbnailUrl":"https:\/\/www.smedemokrati.sk\/wp-content\/uploads\/2023\/12\/miso.jpg","datePublished":"2024-03-06T07:54:00+00:00","dateModified":"2024-03-06T14:26:33+00:00","breadcrumb":{"@id":"https:\/\/www.smedemokrati.sk\/sefka-inspekcie-rozhodla-v-prospech-znameho-navyse-za-cenu-znecisteneho-ovzdusia-v-tisovci\/#breadcrumb"},"inLanguage":"sv-SE","potentialAction":[{"@type":"ReadAction","target":["https:\/\/www.smedemokrati.sk\/sefka-inspekcie-rozhodla-v-prospech-znameho-navyse-za-cenu-znecisteneho-ovzdusia-v-tisovci\/"]}]},{"@type":"ImageObject","inLanguage":"sv-SE","@id":"https:\/\/www.smedemokrati.sk\/sefka-inspekcie-rozhodla-v-prospech-znameho-navyse-za-cenu-znecisteneho-ovzdusia-v-tisovci\/#primaryimage","url":"https:\/\/www.smedemokrati.sk\/wp-content\/uploads\/2023\/12\/miso.jpg","contentUrl":"https:\/\/www.smedemokrati.sk\/wp-content\/uploads\/2023\/12\/miso.jpg","width":1904,"height":1066},{"@type":"BreadcrumbList","@id":"https:\/\/www.smedemokrati.sk\/sefka-inspekcie-rozhodla-v-prospech-znameho-navyse-za-cenu-znecisteneho-ovzdusia-v-tisovci\/#breadcrumb","itemListElement":[{"@type":"ListItem","position":1,"name":"Domovsk\u00e1 str\u00e1nka","item":"https:\/\/www.smedemokrati.sk\/"},{"@type":"ListItem","position":2,"name":"\u0160\u00e9fka in\u0161pekcie rozhodla v prospech zn\u00e1meho, navy\u0161e, za cenu zne\u010disten\u00e9ho ovzdu\u0161ia v Tisovci"}]},{"@type":"WebSite","@id":"https:\/\/www.smedemokrati.sk\/#website","url":"https:\/\/www.smedemokrati.sk\/","name":"Smedemokrati.sk","description":"Demokracia a slu\u0161nos\u0165 zv\u00ed\u0165az\u00ed","publisher":{"@id":"https:\/\/www.smedemokrati.sk\/#organization"},"potentialAction":[{"@type":"SearchAction","target":{"@type":"EntryPoint","urlTemplate":"https:\/\/www.smedemokrati.sk\/?s={search_term_string}"},"query-input":{"@type":"PropertyValueSpecification","valueRequired":true,"valueName":"search_term_string"}}],"inLanguage":"sv-SE"},{"@type":"Organization","@id":"https:\/\/www.smedemokrati.sk\/#organization","name":"Smedemokrati.sk","url":"https:\/\/www.smedemokrati.sk\/","logo":{"@type":"ImageObject","inLanguage":"sv-SE","@id":"https:\/\/www.smedemokrati.sk\/#\/schema\/logo\/image\/","url":"https:\/\/www.smedemokrati.sk\/wp-content\/uploads\/2023\/04\/ff.002.jpeg","contentUrl":"https:\/\/www.smedemokrati.sk\/wp-content\/uploads\/2023\/04\/ff.002.jpeg","width":640,"height":480,"caption":"Smedemokrati.sk"},"image":{"@id":"https:\/\/www.smedemokrati.sk\/#\/schema\/logo\/image\/"},"sameAs":["https:\/\/www.facebook.com\/smedemokrati2023"]},{"@type":"Person","@id":"https:\/\/www.smedemokrati.sk\/#\/schema\/person\/21f147c88d605aa7ded900e1e7c344ba","name":"miro.sopko","image":{"@type":"ImageObject","inLanguage":"sv-SE","@id":"https:\/\/secure.gravatar.com\/avatar\/267e4a36f704376c109afe3a78740c1f5dd8675a2180a908699e7863c9247606?s=96&d=mm&r=g","url":"https:\/\/secure.gravatar.com\/avatar\/267e4a36f704376c109afe3a78740c1f5dd8675a2180a908699e7863c9247606?s=96&d=mm&r=g","contentUrl":"https:\/\/secure.gravatar.com\/avatar\/267e4a36f704376c109afe3a78740c1f5dd8675a2180a908699e7863c9247606?s=96&d=mm&r=g","caption":"miro.sopko"},"url":"https:\/\/www.smedemokrati.sk\/sv\/author\/miro-sopko\/"}]}},"_links":{"self":[{"href":"https:\/\/www.smedemokrati.sk\/sv\/wp-json\/wp\/v2\/posts\/2937","targetHints":{"allow":["GET"]}}],"collection":[{"href":"https:\/\/www.smedemokrati.sk\/sv\/wp-json\/wp\/v2\/posts"}],"about":[{"href":"https:\/\/www.smedemokrati.sk\/sv\/wp-json\/wp\/v2\/types\/post"}],"author":[{"embeddable":true,"href":"https:\/\/www.smedemokrati.sk\/sv\/wp-json\/wp\/v2\/users\/13"}],"replies":[{"embeddable":true,"href":"https:\/\/www.smedemokrati.sk\/sv\/wp-json\/wp\/v2\/comments?post=2937"}],"version-history":[{"count":1,"href":"https:\/\/www.smedemokrati.sk\/sv\/wp-json\/wp\/v2\/posts\/2937\/revisions"}],"predecessor-version":[{"id":2938,"href":"https:\/\/www.smedemokrati.sk\/sv\/wp-json\/wp\/v2\/posts\/2937\/revisions\/2938"}],"wp:featuredmedia":[{"embeddable":true,"href":"https:\/\/www.smedemokrati.sk\/sv\/wp-json\/wp\/v2\/media\/2460"}],"wp:attachment":[{"href":"https:\/\/www.smedemokrati.sk\/sv\/wp-json\/wp\/v2\/media?parent=2937"}],"wp:term":[{"taxonomy":"category","embeddable":true,"href":"https:\/\/www.smedemokrati.sk\/sv\/wp-json\/wp\/v2\/categories?post=2937"},{"taxonomy":"post_tag","embeddable":true,"href":"https:\/\/www.smedemokrati.sk\/sv\/wp-json\/wp\/v2\/tags?post=2937"}],"curies":[{"name":"wp","href":"https:\/\/api.w.org\/{rel}","templated":true}]}}