{"id":2890,"date":"2024-02-29T20:08:19","date_gmt":"2024-02-29T18:08:19","guid":{"rendered":"https:\/\/www.smedemokrati.sk\/?p=2890"},"modified":"2024-03-01T12:08:39","modified_gmt":"2024-03-01T10:08:39","slug":"zla-a-dobra-sprava-pre-slovensko-pellegrini-a-susko-by-mali-skoncit","status":"publish","type":"post","link":"https:\/\/www.smedemokrati.sk\/sv\/zla-a-dobra-sprava-pre-slovensko-pellegrini-a-susko-by-mali-skoncit\/","title":{"rendered":"Zl\u00e1 a dobr\u00e1 spr\u00e1va pre Slovensko. Pellegrini a Susko by mali skon\u010di\u0165"},"content":{"rendered":"<div id=\"fb-root\"><\/div>\n\n<p>\u201eZru\u0161enie \u0160peci\u00e1lnej prokurat\u00fary sa pribl\u00ed\u017eilo k realite, ke\u010f\u017ee \u00dastavn\u00fd s\u00fad nepozastavil \u00fa\u010dinnos\u0165 tejto \u010dasti novely trestn\u00fdch z\u00e1konov. V praxi to bude znamena\u0165, \u017ee cez 1000 spisov sa bude musie\u0165 presun\u00fa\u0165 a o v\u0161etkom bude prakticky rozhodova\u0165 \u017dilinka. Zru\u0161enie \u00daradu \u0161peci\u00e1lnej prokurat\u00fary je ve\u013emi zl\u00e1 spr\u00e1va pre Slovensko. Robert Fico ide dokona\u0165 svoju pomstu na prokur\u00e1torov \u00daradu \u0161peci\u00e1lnej prokurat\u00fary, ktor\u00ed vy\u0161etruj\u00fa t\u00fa najz\u00e1va\u017enej\u0161iu korupciu. Je to \u00fa\u010delov\u00e1 novela, ktorej cie\u013eom je ochromi\u0165 spravodlivos\u0165 a zastavi\u0165 vy\u0161etrovania t\u00fdch najv\u00e4\u010d\u0161\u00edch k\u00e1uz, ktor\u00e9 sa t\u00fdkaj\u00fa jeho nominantov. Ob\u00e1vam sa v\u0161ak, \u017ee pod veden\u00edm \u017dilinku prokurat\u00fara bude kolabova\u0165 a nastane zm\u00e4tok a chaos. T\u00fdm najviac utrpia ob\u010dania. Krimin\u00e1lnici, ob\u017ealovan\u00ed a obvinen\u00ed, ktor\u00fdch st\u00edhanie dozoruje \u00da\u0160P dnes \u017eia\u013e oslavuj\u00fa. Nehovoriac o&nbsp;tom, \u017ee zru\u0161en\u00edm \u00da\u0160P s\u00fa e\u0161te viac ohrozen\u00e9 peniaze z&nbsp;Eur\u00f3spkej \u00fanie.\u201c&nbsp;<strong>hovor\u00ed Juraj \u0160eliga<\/strong>, expert strany Demokrati na pr\u00e1vny \u0161t\u00e1t.<\/p>\n\n\n\n<p>\u201eDobrou spr\u00e1vou je, \u017ee \u00dastavn\u00fd s\u00fad pozastavil \u00fa\u010dinnos\u0165 novely Trestn\u00e9ho z\u00e1kona, ktor\u00e1 bola faktickou amnestiou pre nominantov a priate\u013eov Roberta Fica a Petra Pellegriniho. S\u00fad jasne povedal, \u017ee vl\u00e1dna moc nem\u00f4\u017ee nekontrolovate\u013ene robi\u0165 v\u0161etko, \u010do sa jej zachce. Povedal, \u017ee nemo\u017eno len tak pomeni\u0165 v\u00fd\u0161ku trestn\u00fdch sadzieb a d\u013a\u017eku preml\u010dac\u00edch leh\u00f4t. Rovnako povedal, \u017ee nez\u00e1konn\u00e9 d\u00f4kazy sa nesm\u00fa pou\u017e\u00edva\u0165 a pr\u00e1voplatn\u00e9 rozsudky by sa nemali otv\u00e1ra\u0165, lebo si to zmyslela politick\u00e1 moc. Toto v\u0161etko mus\u00ed presk\u00fama\u0165, ale riziko proti\u00fastavnosti je ve\u013ek\u00e9.\u201c vysvet\u013euje \u0160eliga.<\/p>\n\n\n\n<p>\u201eAj toto rozhodnutie \u00dastavn\u00e9ho s\u00fadu je uk\u00e1\u017eka, ako d\u00f4le\u017eit\u00e9 s\u00fa nez\u00e1visl\u00e9 in\u0161tit\u00facie, ktor\u00e9 postupuj\u00fa pod\u013ea z\u00e1kona a \u00fastavy. Peter Pellegrini sa sna\u017eil ukradn\u00fa\u0165 \u00dastavn\u00e9mu s\u00fadu pr\u00e1vomoc rozhodova\u0165 o pozastaven\u00ed \u00fa\u010dinnosti z\u00e1kona, t\u00fdm \u017ee odmietal zasla\u0165 prijat\u00fa novelu na publikovanie v zbierke z\u00e1konov. Je to uk\u00e1\u017eka toho, ako ignorantsky a \u00fa\u010delovo kon\u00e1, ke\u010f mu ide o beztrestnos\u0165 jeho bl\u00edzkych a Roberta Fica. \u00dastavn\u00fd s\u00fad povedal Petrovi Pellegrinimu a Borisovi Suskovi, tak takto nie p\u00e1ni, oh\u00fdbate \u00fastavu a z\u00e1kon. Je to ich vysved\u010denie a mali by za svoje kroky prija\u0165 zodpovednos\u0165 a vzda\u0165 sa svojich funkci\u00ed. Cielene br\u00e1nili rozhodnutiu s\u00fadu, to je na odchod ako predsedu parlamentu, tak ministra spravodlivosti. \u0160peci\u00e1lne oni, by \u00fastavu mali dodr\u017eiava\u0165 a nie po nej \u0161liapa\u0165.\u201c Hovor\u00ed Juraj \u0160eliga<\/p>\n\n\n\n<p>\u201ePoh\u00e1r je polopln\u00fd alebo polopr\u00e1zdny? Zru\u0161enie \u00daradu \u0161peci\u00e1lnej prokurat\u00fary je strata pre na\u0161u krajinu a utrp\u00ed t\u00fdm spravodlivos\u0165 na Slovensku a&nbsp;je to bez pochybnosti zl\u00e1 spr\u00e1va. Pozastavenie \u00fa\u010dinnosti trestn\u00e9ho z\u00e1kona zas ukazuje, \u017ee e\u0161te neovl\u00e1dli v\u0161etko. Fico a Pellegrini to bud\u00fa sk\u00fa\u0161a\u0165 aj na\u010falej a my sa mus\u00edme br\u00e1ni\u0165. Z\u00e1pas o spravodlivos\u0165 pokra\u010duje a&nbsp;\u010fal\u0161\u00edm m\u00ed\u013enikom s\u00fa prezidentsk\u00e9 vo\u013eby. Nesmieme sa vzda\u0165,\u201c uzatv\u00e1ra Juraj \u0160eliga, podpredseda strany Demokrati.<\/p>\n","protected":false},"excerpt":{"rendered":"<p>\u201eZru\u0161enie \u0160peci\u00e1lnej prokurat\u00fary sa pribl\u00ed\u017eilo k realite, ke\u010f\u017ee \u00dastavn\u00fd s\u00fad nepozastavil \u00fa\u010dinnos\u0165 tejto \u010dasti novely trestn\u00fdch z\u00e1konov. V praxi to bude znamena\u0165, \u017ee cez 1000 spisov sa bude musie\u0165 presun\u00fa\u0165 a o v\u0161etkom bude prakticky rozhodova\u0165 \u017dilinka. Zru\u0161enie \u00daradu \u0161peci\u00e1lnej prokurat\u00fary je ve\u013emi zl\u00e1 spr\u00e1va pre Slovensko. Robert Fico ide dokona\u0165 svoju pomstu na prokur\u00e1torov [&hellip;]<\/p>\n","protected":false},"author":13,"featured_media":2318,"comment_status":"closed","ping_status":"closed","sticky":false,"template":"","format":"standard","meta":{"_acf_changed":false,"ngg_post_thumbnail":0,"footnotes":""},"categories":[4],"tags":[],"class_list":["post-2890","post","type-post","status-publish","format-standard","has-post-thumbnail","hentry","category-tlacove-spravy"],"acf":[],"yoast_head":"<!-- This site is optimized with the Yoast SEO plugin v27.2 - https:\/\/yoast.com\/product\/yoast-seo-wordpress\/ -->\n<title>Zl\u00e1 a dobr\u00e1 spr\u00e1va pre Slovensko. Pellegrini a Susko by mali skon\u010di\u0165 - Smedemokrati.sk<\/title>\n<meta name=\"robots\" content=\"index, follow, max-snippet:-1, max-image-preview:large, max-video-preview:-1\" \/>\n<link rel=\"canonical\" href=\"https:\/\/www.smedemokrati.sk\/sv\/zla-a-dobra-sprava-pre-slovensko-pellegrini-a-susko-by-mali-skoncit\/\" \/>\n<meta property=\"og:locale\" content=\"sv_SE\" \/>\n<meta property=\"og:locale:alternate\" content=\"en_US\" \/>\n<meta property=\"og:locale:alternate\" content=\"cs_CZ\" \/>\n<meta property=\"og:locale:alternate\" content=\"hu_HU\" \/>\n<meta property=\"og:locale:alternate\" content=\"sk_SK\" \/>\n<meta property=\"og:type\" content=\"article\" \/>\n<meta property=\"og:title\" content=\"Zl\u00e1 a dobr\u00e1 spr\u00e1va pre Slovensko. Pellegrini a Susko by mali skon\u010di\u0165 - Smedemokrati.sk\" \/>\n<meta property=\"og:description\" content=\"\u201eZru\u0161enie \u0160peci\u00e1lnej prokurat\u00fary sa pribl\u00ed\u017eilo k realite, ke\u010f\u017ee \u00dastavn\u00fd s\u00fad nepozastavil \u00fa\u010dinnos\u0165 tejto \u010dasti novely trestn\u00fdch z\u00e1konov. V praxi to bude znamena\u0165, \u017ee cez 1000 spisov sa bude musie\u0165 presun\u00fa\u0165 a o v\u0161etkom bude prakticky rozhodova\u0165 \u017dilinka. Zru\u0161enie \u00daradu \u0161peci\u00e1lnej prokurat\u00fary je ve\u013emi zl\u00e1 spr\u00e1va pre Slovensko. Robert Fico ide dokona\u0165 svoju pomstu na prokur\u00e1torov [&hellip;]\" \/>\n<meta property=\"og:url\" content=\"https:\/\/www.smedemokrati.sk\/sv\/zla-a-dobra-sprava-pre-slovensko-pellegrini-a-susko-by-mali-skoncit\/\" \/>\n<meta property=\"og:site_name\" content=\"Smedemokrati.sk\" \/>\n<meta property=\"article:publisher\" content=\"https:\/\/www.facebook.com\/smedemokrati2023\" \/>\n<meta property=\"article:published_time\" content=\"2024-02-29T18:08:19+00:00\" \/>\n<meta property=\"article:modified_time\" content=\"2024-03-01T10:08:39+00:00\" \/>\n<meta property=\"og:image\" content=\"https:\/\/www.smedemokrati.sk\/wp-content\/uploads\/2023\/11\/368599670_3459816214329185_3700000336510541622_n.jpg\" \/>\n\t<meta property=\"og:image:width\" content=\"1584\" \/>\n\t<meta property=\"og:image:height\" content=\"1078\" \/>\n\t<meta property=\"og:image:type\" content=\"image\/jpeg\" \/>\n<meta name=\"author\" content=\"miro.sopko\" \/>\n<meta name=\"twitter:card\" content=\"summary_large_image\" \/>\n<meta name=\"twitter:label1\" content=\"Skriven av\" \/>\n\t<meta name=\"twitter:data1\" content=\"miro.sopko\" \/>\n\t<meta name=\"twitter:label2\" content=\"Ber\u00e4knad l\u00e4stid\" \/>\n\t<meta name=\"twitter:data2\" content=\"3 minuter\" \/>\n<script type=\"application\/ld+json\" class=\"yoast-schema-graph\">{\"@context\":\"https:\/\/schema.org\",\"@graph\":[{\"@type\":\"Article\",\"@id\":\"https:\/\/www.smedemokrati.sk\/zla-a-dobra-sprava-pre-slovensko-pellegrini-a-susko-by-mali-skoncit\/#article\",\"isPartOf\":{\"@id\":\"https:\/\/www.smedemokrati.sk\/zla-a-dobra-sprava-pre-slovensko-pellegrini-a-susko-by-mali-skoncit\/\"},\"author\":{\"name\":\"miro.sopko\",\"@id\":\"https:\/\/www.smedemokrati.sk\/#\/schema\/person\/21f147c88d605aa7ded900e1e7c344ba\"},\"headline\":\"Zl\u00e1 a dobr\u00e1 spr\u00e1va pre Slovensko. Pellegrini a Susko by mali skon\u010di\u0165\",\"datePublished\":\"2024-02-29T18:08:19+00:00\",\"dateModified\":\"2024-03-01T10:08:39+00:00\",\"mainEntityOfPage\":{\"@id\":\"https:\/\/www.smedemokrati.sk\/zla-a-dobra-sprava-pre-slovensko-pellegrini-a-susko-by-mali-skoncit\/\"},\"wordCount\":550,\"publisher\":{\"@id\":\"https:\/\/www.smedemokrati.sk\/#organization\"},\"image\":{\"@id\":\"https:\/\/www.smedemokrati.sk\/zla-a-dobra-sprava-pre-slovensko-pellegrini-a-susko-by-mali-skoncit\/#primaryimage\"},\"thumbnailUrl\":\"https:\/\/www.smedemokrati.sk\/wp-content\/uploads\/2023\/11\/368599670_3459816214329185_3700000336510541622_n.jpg\",\"articleSection\":[\"Tla\u010dov\u00e9 spr\u00e1vy\"],\"inLanguage\":\"sv-SE\"},{\"@type\":\"WebPage\",\"@id\":\"https:\/\/www.smedemokrati.sk\/zla-a-dobra-sprava-pre-slovensko-pellegrini-a-susko-by-mali-skoncit\/\",\"url\":\"https:\/\/www.smedemokrati.sk\/zla-a-dobra-sprava-pre-slovensko-pellegrini-a-susko-by-mali-skoncit\/\",\"name\":\"Zl\u00e1 a dobr\u00e1 spr\u00e1va pre Slovensko. Pellegrini a Susko by mali skon\u010di\u0165 - Smedemokrati.sk\",\"isPartOf\":{\"@id\":\"https:\/\/www.smedemokrati.sk\/#website\"},\"primaryImageOfPage\":{\"@id\":\"https:\/\/www.smedemokrati.sk\/zla-a-dobra-sprava-pre-slovensko-pellegrini-a-susko-by-mali-skoncit\/#primaryimage\"},\"image\":{\"@id\":\"https:\/\/www.smedemokrati.sk\/zla-a-dobra-sprava-pre-slovensko-pellegrini-a-susko-by-mali-skoncit\/#primaryimage\"},\"thumbnailUrl\":\"https:\/\/www.smedemokrati.sk\/wp-content\/uploads\/2023\/11\/368599670_3459816214329185_3700000336510541622_n.jpg\",\"datePublished\":\"2024-02-29T18:08:19+00:00\",\"dateModified\":\"2024-03-01T10:08:39+00:00\",\"breadcrumb\":{\"@id\":\"https:\/\/www.smedemokrati.sk\/zla-a-dobra-sprava-pre-slovensko-pellegrini-a-susko-by-mali-skoncit\/#breadcrumb\"},\"inLanguage\":\"sv-SE\",\"potentialAction\":[{\"@type\":\"ReadAction\",\"target\":[\"https:\/\/www.smedemokrati.sk\/zla-a-dobra-sprava-pre-slovensko-pellegrini-a-susko-by-mali-skoncit\/\"]}]},{\"@type\":\"ImageObject\",\"inLanguage\":\"sv-SE\",\"@id\":\"https:\/\/www.smedemokrati.sk\/zla-a-dobra-sprava-pre-slovensko-pellegrini-a-susko-by-mali-skoncit\/#primaryimage\",\"url\":\"https:\/\/www.smedemokrati.sk\/wp-content\/uploads\/2023\/11\/368599670_3459816214329185_3700000336510541622_n.jpg\",\"contentUrl\":\"https:\/\/www.smedemokrati.sk\/wp-content\/uploads\/2023\/11\/368599670_3459816214329185_3700000336510541622_n.jpg\",\"width\":1584,\"height\":1078},{\"@type\":\"BreadcrumbList\",\"@id\":\"https:\/\/www.smedemokrati.sk\/zla-a-dobra-sprava-pre-slovensko-pellegrini-a-susko-by-mali-skoncit\/#breadcrumb\",\"itemListElement\":[{\"@type\":\"ListItem\",\"position\":1,\"name\":\"Domovsk\u00e1 str\u00e1nka\",\"item\":\"https:\/\/www.smedemokrati.sk\/\"},{\"@type\":\"ListItem\",\"position\":2,\"name\":\"Zl\u00e1 a dobr\u00e1 spr\u00e1va pre Slovensko. Pellegrini a Susko by mali skon\u010di\u0165\"}]},{\"@type\":\"WebSite\",\"@id\":\"https:\/\/www.smedemokrati.sk\/#website\",\"url\":\"https:\/\/www.smedemokrati.sk\/\",\"name\":\"Smedemokrati.sk\",\"description\":\"Demokracia a slu\u0161nos\u0165 zv\u00ed\u0165az\u00ed\",\"publisher\":{\"@id\":\"https:\/\/www.smedemokrati.sk\/#organization\"},\"potentialAction\":[{\"@type\":\"SearchAction\",\"target\":{\"@type\":\"EntryPoint\",\"urlTemplate\":\"https:\/\/www.smedemokrati.sk\/?s={search_term_string}\"},\"query-input\":{\"@type\":\"PropertyValueSpecification\",\"valueRequired\":true,\"valueName\":\"search_term_string\"}}],\"inLanguage\":\"sv-SE\"},{\"@type\":\"Organization\",\"@id\":\"https:\/\/www.smedemokrati.sk\/#organization\",\"name\":\"Smedemokrati.sk\",\"url\":\"https:\/\/www.smedemokrati.sk\/\",\"logo\":{\"@type\":\"ImageObject\",\"inLanguage\":\"sv-SE\",\"@id\":\"https:\/\/www.smedemokrati.sk\/#\/schema\/logo\/image\/\",\"url\":\"https:\/\/www.smedemokrati.sk\/wp-content\/uploads\/2023\/04\/ff.002.jpeg\",\"contentUrl\":\"https:\/\/www.smedemokrati.sk\/wp-content\/uploads\/2023\/04\/ff.002.jpeg\",\"width\":640,\"height\":480,\"caption\":\"Smedemokrati.sk\"},\"image\":{\"@id\":\"https:\/\/www.smedemokrati.sk\/#\/schema\/logo\/image\/\"},\"sameAs\":[\"https:\/\/www.facebook.com\/smedemokrati2023\"]},{\"@type\":\"Person\",\"@id\":\"https:\/\/www.smedemokrati.sk\/#\/schema\/person\/21f147c88d605aa7ded900e1e7c344ba\",\"name\":\"miro.sopko\",\"image\":{\"@type\":\"ImageObject\",\"inLanguage\":\"sv-SE\",\"@id\":\"https:\/\/secure.gravatar.com\/avatar\/267e4a36f704376c109afe3a78740c1f5dd8675a2180a908699e7863c9247606?s=96&d=mm&r=g\",\"url\":\"https:\/\/secure.gravatar.com\/avatar\/267e4a36f704376c109afe3a78740c1f5dd8675a2180a908699e7863c9247606?s=96&d=mm&r=g\",\"contentUrl\":\"https:\/\/secure.gravatar.com\/avatar\/267e4a36f704376c109afe3a78740c1f5dd8675a2180a908699e7863c9247606?s=96&d=mm&r=g\",\"caption\":\"miro.sopko\"},\"url\":\"https:\/\/www.smedemokrati.sk\/sv\/author\/miro-sopko\/\"}]}<\/script>\n<!-- \/ Yoast SEO plugin. -->","yoast_head_json":{"title":"Zl\u00e1 a dobr\u00e1 spr\u00e1va pre Slovensko. Pellegrini a Susko by mali skon\u010di\u0165 - Smedemokrati.sk","robots":{"index":"index","follow":"follow","max-snippet":"max-snippet:-1","max-image-preview":"max-image-preview:large","max-video-preview":"max-video-preview:-1"},"canonical":"https:\/\/www.smedemokrati.sk\/sv\/zla-a-dobra-sprava-pre-slovensko-pellegrini-a-susko-by-mali-skoncit\/","og_locale":"sv_SE","og_type":"article","og_title":"Zl\u00e1 a dobr\u00e1 spr\u00e1va pre Slovensko. Pellegrini a Susko by mali skon\u010di\u0165 - Smedemokrati.sk","og_description":"\u201eZru\u0161enie \u0160peci\u00e1lnej prokurat\u00fary sa pribl\u00ed\u017eilo k realite, ke\u010f\u017ee \u00dastavn\u00fd s\u00fad nepozastavil \u00fa\u010dinnos\u0165 tejto \u010dasti novely trestn\u00fdch z\u00e1konov. V praxi to bude znamena\u0165, \u017ee cez 1000 spisov sa bude musie\u0165 presun\u00fa\u0165 a o v\u0161etkom bude prakticky rozhodova\u0165 \u017dilinka. Zru\u0161enie \u00daradu \u0161peci\u00e1lnej prokurat\u00fary je ve\u013emi zl\u00e1 spr\u00e1va pre Slovensko. Robert Fico ide dokona\u0165 svoju pomstu na prokur\u00e1torov [&hellip;]","og_url":"https:\/\/www.smedemokrati.sk\/sv\/zla-a-dobra-sprava-pre-slovensko-pellegrini-a-susko-by-mali-skoncit\/","og_site_name":"Smedemokrati.sk","article_publisher":"https:\/\/www.facebook.com\/smedemokrati2023","article_published_time":"2024-02-29T18:08:19+00:00","article_modified_time":"2024-03-01T10:08:39+00:00","og_image":[{"width":1584,"height":1078,"url":"https:\/\/www.smedemokrati.sk\/wp-content\/uploads\/2023\/11\/368599670_3459816214329185_3700000336510541622_n.jpg","type":"image\/jpeg"}],"author":"miro.sopko","twitter_card":"summary_large_image","twitter_misc":{"Skriven av":"miro.sopko","Ber\u00e4knad l\u00e4stid":"3 minuter"},"schema":{"@context":"https:\/\/schema.org","@graph":[{"@type":"Article","@id":"https:\/\/www.smedemokrati.sk\/zla-a-dobra-sprava-pre-slovensko-pellegrini-a-susko-by-mali-skoncit\/#article","isPartOf":{"@id":"https:\/\/www.smedemokrati.sk\/zla-a-dobra-sprava-pre-slovensko-pellegrini-a-susko-by-mali-skoncit\/"},"author":{"name":"miro.sopko","@id":"https:\/\/www.smedemokrati.sk\/#\/schema\/person\/21f147c88d605aa7ded900e1e7c344ba"},"headline":"Zl\u00e1 a dobr\u00e1 spr\u00e1va pre Slovensko. Pellegrini a Susko by mali skon\u010di\u0165","datePublished":"2024-02-29T18:08:19+00:00","dateModified":"2024-03-01T10:08:39+00:00","mainEntityOfPage":{"@id":"https:\/\/www.smedemokrati.sk\/zla-a-dobra-sprava-pre-slovensko-pellegrini-a-susko-by-mali-skoncit\/"},"wordCount":550,"publisher":{"@id":"https:\/\/www.smedemokrati.sk\/#organization"},"image":{"@id":"https:\/\/www.smedemokrati.sk\/zla-a-dobra-sprava-pre-slovensko-pellegrini-a-susko-by-mali-skoncit\/#primaryimage"},"thumbnailUrl":"https:\/\/www.smedemokrati.sk\/wp-content\/uploads\/2023\/11\/368599670_3459816214329185_3700000336510541622_n.jpg","articleSection":["Tla\u010dov\u00e9 spr\u00e1vy"],"inLanguage":"sv-SE"},{"@type":"WebPage","@id":"https:\/\/www.smedemokrati.sk\/zla-a-dobra-sprava-pre-slovensko-pellegrini-a-susko-by-mali-skoncit\/","url":"https:\/\/www.smedemokrati.sk\/zla-a-dobra-sprava-pre-slovensko-pellegrini-a-susko-by-mali-skoncit\/","name":"Zl\u00e1 a dobr\u00e1 spr\u00e1va pre Slovensko. Pellegrini a Susko by mali skon\u010di\u0165 - Smedemokrati.sk","isPartOf":{"@id":"https:\/\/www.smedemokrati.sk\/#website"},"primaryImageOfPage":{"@id":"https:\/\/www.smedemokrati.sk\/zla-a-dobra-sprava-pre-slovensko-pellegrini-a-susko-by-mali-skoncit\/#primaryimage"},"image":{"@id":"https:\/\/www.smedemokrati.sk\/zla-a-dobra-sprava-pre-slovensko-pellegrini-a-susko-by-mali-skoncit\/#primaryimage"},"thumbnailUrl":"https:\/\/www.smedemokrati.sk\/wp-content\/uploads\/2023\/11\/368599670_3459816214329185_3700000336510541622_n.jpg","datePublished":"2024-02-29T18:08:19+00:00","dateModified":"2024-03-01T10:08:39+00:00","breadcrumb":{"@id":"https:\/\/www.smedemokrati.sk\/zla-a-dobra-sprava-pre-slovensko-pellegrini-a-susko-by-mali-skoncit\/#breadcrumb"},"inLanguage":"sv-SE","potentialAction":[{"@type":"ReadAction","target":["https:\/\/www.smedemokrati.sk\/zla-a-dobra-sprava-pre-slovensko-pellegrini-a-susko-by-mali-skoncit\/"]}]},{"@type":"ImageObject","inLanguage":"sv-SE","@id":"https:\/\/www.smedemokrati.sk\/zla-a-dobra-sprava-pre-slovensko-pellegrini-a-susko-by-mali-skoncit\/#primaryimage","url":"https:\/\/www.smedemokrati.sk\/wp-content\/uploads\/2023\/11\/368599670_3459816214329185_3700000336510541622_n.jpg","contentUrl":"https:\/\/www.smedemokrati.sk\/wp-content\/uploads\/2023\/11\/368599670_3459816214329185_3700000336510541622_n.jpg","width":1584,"height":1078},{"@type":"BreadcrumbList","@id":"https:\/\/www.smedemokrati.sk\/zla-a-dobra-sprava-pre-slovensko-pellegrini-a-susko-by-mali-skoncit\/#breadcrumb","itemListElement":[{"@type":"ListItem","position":1,"name":"Domovsk\u00e1 str\u00e1nka","item":"https:\/\/www.smedemokrati.sk\/"},{"@type":"ListItem","position":2,"name":"Zl\u00e1 a dobr\u00e1 spr\u00e1va pre Slovensko. Pellegrini a Susko by mali skon\u010di\u0165"}]},{"@type":"WebSite","@id":"https:\/\/www.smedemokrati.sk\/#website","url":"https:\/\/www.smedemokrati.sk\/","name":"Smedemokrati.sk","description":"Demokracia a slu\u0161nos\u0165 zv\u00ed\u0165az\u00ed","publisher":{"@id":"https:\/\/www.smedemokrati.sk\/#organization"},"potentialAction":[{"@type":"SearchAction","target":{"@type":"EntryPoint","urlTemplate":"https:\/\/www.smedemokrati.sk\/?s={search_term_string}"},"query-input":{"@type":"PropertyValueSpecification","valueRequired":true,"valueName":"search_term_string"}}],"inLanguage":"sv-SE"},{"@type":"Organization","@id":"https:\/\/www.smedemokrati.sk\/#organization","name":"Smedemokrati.sk","url":"https:\/\/www.smedemokrati.sk\/","logo":{"@type":"ImageObject","inLanguage":"sv-SE","@id":"https:\/\/www.smedemokrati.sk\/#\/schema\/logo\/image\/","url":"https:\/\/www.smedemokrati.sk\/wp-content\/uploads\/2023\/04\/ff.002.jpeg","contentUrl":"https:\/\/www.smedemokrati.sk\/wp-content\/uploads\/2023\/04\/ff.002.jpeg","width":640,"height":480,"caption":"Smedemokrati.sk"},"image":{"@id":"https:\/\/www.smedemokrati.sk\/#\/schema\/logo\/image\/"},"sameAs":["https:\/\/www.facebook.com\/smedemokrati2023"]},{"@type":"Person","@id":"https:\/\/www.smedemokrati.sk\/#\/schema\/person\/21f147c88d605aa7ded900e1e7c344ba","name":"miro.sopko","image":{"@type":"ImageObject","inLanguage":"sv-SE","@id":"https:\/\/secure.gravatar.com\/avatar\/267e4a36f704376c109afe3a78740c1f5dd8675a2180a908699e7863c9247606?s=96&d=mm&r=g","url":"https:\/\/secure.gravatar.com\/avatar\/267e4a36f704376c109afe3a78740c1f5dd8675a2180a908699e7863c9247606?s=96&d=mm&r=g","contentUrl":"https:\/\/secure.gravatar.com\/avatar\/267e4a36f704376c109afe3a78740c1f5dd8675a2180a908699e7863c9247606?s=96&d=mm&r=g","caption":"miro.sopko"},"url":"https:\/\/www.smedemokrati.sk\/sv\/author\/miro-sopko\/"}]}},"_links":{"self":[{"href":"https:\/\/www.smedemokrati.sk\/sv\/wp-json\/wp\/v2\/posts\/2890","targetHints":{"allow":["GET"]}}],"collection":[{"href":"https:\/\/www.smedemokrati.sk\/sv\/wp-json\/wp\/v2\/posts"}],"about":[{"href":"https:\/\/www.smedemokrati.sk\/sv\/wp-json\/wp\/v2\/types\/post"}],"author":[{"embeddable":true,"href":"https:\/\/www.smedemokrati.sk\/sv\/wp-json\/wp\/v2\/users\/13"}],"replies":[{"embeddable":true,"href":"https:\/\/www.smedemokrati.sk\/sv\/wp-json\/wp\/v2\/comments?post=2890"}],"version-history":[{"count":1,"href":"https:\/\/www.smedemokrati.sk\/sv\/wp-json\/wp\/v2\/posts\/2890\/revisions"}],"predecessor-version":[{"id":2891,"href":"https:\/\/www.smedemokrati.sk\/sv\/wp-json\/wp\/v2\/posts\/2890\/revisions\/2891"}],"wp:featuredmedia":[{"embeddable":true,"href":"https:\/\/www.smedemokrati.sk\/sv\/wp-json\/wp\/v2\/media\/2318"}],"wp:attachment":[{"href":"https:\/\/www.smedemokrati.sk\/sv\/wp-json\/wp\/v2\/media?parent=2890"}],"wp:term":[{"taxonomy":"category","embeddable":true,"href":"https:\/\/www.smedemokrati.sk\/sv\/wp-json\/wp\/v2\/categories?post=2890"},{"taxonomy":"post_tag","embeddable":true,"href":"https:\/\/www.smedemokrati.sk\/sv\/wp-json\/wp\/v2\/tags?post=2890"}],"curies":[{"name":"wp","href":"https:\/\/api.w.org\/{rel}","templated":true}]}}