{"id":2692,"date":"2024-02-14T12:00:09","date_gmt":"2024-02-14T10:00:09","guid":{"rendered":"https:\/\/www.smedemokrati.sk\/?p=2692"},"modified":"2024-02-14T12:00:10","modified_gmt":"2024-02-14T10:00:10","slug":"vlada-schvalila-legislativny-paskvil-ktory-ohrozuje-prava-obyvatelov-aj-zivotne-prostredie","status":"publish","type":"post","link":"https:\/\/www.smedemokrati.sk\/sv\/vlada-schvalila-legislativny-paskvil-ktory-ohrozuje-prava-obyvatelov-aj-zivotne-prostredie\/","title":{"rendered":"Vl\u00e1da schv\u00e1lila legislat\u00edvny pa\u0161kvil, ktor\u00fd ohrozuje pr\u00e1va obyvate\u013eov aj \u017eivotn\u00e9 prostredie"},"content":{"rendered":"<div id=\"fb-root\"><\/div>\n\n<p><strong>Vl\u00e1dou schv\u00e1len\u00fd z\u00e1kon o mimoriadnych opatreniach pre strategick\u00e9 invest\u00edcie predlo\u017een\u00fd ministrom dopravy R\u00e1\u017eom nezvratne zasiahne do z\u00e1kladn\u00fdch pr\u00e1v obyvate\u013eov a ochrany \u017eivotn\u00e9ho prostredia. Toto v\u0161etko sa sna\u017eia prekry\u0165 skr\u00e1ten\u00fdm legislat\u00edvnym konan\u00edm a dokonca ignorovan\u00edm Legislat\u00edvnej rady vl\u00e1dy SR. Naviac, oproti p\u00f4vodn\u00e9mu n\u00e1vrhu obsahuje prvky syst\u00e9movej korupcie, ak\u00fd nem\u00e1 obdobu.\u00a0<\/strong><\/p>\n\n\n\n<p><em>\u201eHoci podporujeme ur\u00fdchlenie v\u00fdstavby, najm\u00e4 dopravnej infra\u0161trukt\u00fary, nem\u00f4\u017ee sa tak dia\u0165 \u201ebagrom\u201c a na \u00fakor obyvate\u013eov Slovenska. T\u00ed by sa mali po novom ob\u00e1va\u0165 ka\u017ed\u00e9ho zasadnutia vl\u00e1dy. Ak vl\u00e1da schv\u00e1li nejakej stavbe postavenie strategickej invest\u00edcie, domovy a nehnute\u013enosti obyvate\u013eov s\u00fa okam\u017eite v ohrozen\u00ed,\u201c<\/em> uv\u00e1dza Michal Ki\u010da, \u010dlen predsedn\u00edctva strany Demokrati a expert na pr\u00e1vo \u017eivotn\u00e9ho prostredia.\u00a0<\/p>\n\n\n\n<p>Pod\u013ea Ki\u010du sa dokonca kontroverzn\u00fd n\u00e1vrh z\u00e1kona v mnoh\u00fdch veciach e\u0161te zhor\u0161il oproti p\u00f4vodn\u00e9mu n\u00e1vrhu. Schv\u00e1len\u00fd n\u00e1vrh z\u00e1kona obsahuje len kozmetick\u00e9 \u00fastupky oproti p\u00f4vodnej verzii. Vl\u00e1da sa ho \u010falej sna\u017e\u00ed pretla\u010di\u0165 zr\u00fdchlen\u00fdm konan\u00edm, hoci na to nie je d\u00f4vod. <em>\u201eN\u00e1vrh z\u00e1kona neprerokovala dokonca ani Legislat\u00edvna rada vl\u00e1dy SR. Jeho proti\u00fastavnos\u0165 a otrasn\u00fa kvalitu spom\u00ednaj\u00fa dokonca \u00faradn\u00edci samotn\u00e9ho \u00faradu vl\u00e1du. R\u00e1\u017e sa asi ob\u00e1val, \u017ee mu tento legislat\u00edvny pa\u0161kvil Legislat\u00edvna rada vl\u00e1dy vr\u00e1ti. A \u00fapln\u00fdm g\u00f3lom je novinka, \u017ee z\u00e1kon uz\u00e1ko\u0148uje syst\u00e9mov\u00fa korupciu, ke\u010f\u017ee investor bude m\u00f4c\u0165 napriamo posiela\u0165 prostriedky pre povo\u013euj\u00faci org\u00e1n,\u201c<\/em> kritizuje Michal Ki\u010da.<\/p>\n\n\n\n<p>Strategick\u00e1 invest\u00edcia bude brut\u00e1lnym mocensk\u00fdm z\u00e1sahom. Investor bude m\u00f4c\u0165 okam\u017eite vstupova\u0165 na pozemky, z\u00edskava predkupn\u00e9 pr\u00e1vo, m\u00f4\u017ee vyvlast\u0148ova\u0165 a n\u00e1sledne vyprat\u00e1va\u0165 aj bez rozhodnutia s\u00fadu \u013eud\u00ed v ich obydliach. A to aj t\u00fdch najzranite\u013enej\u0161\u00edch. V\u0161etko expresne len s n\u00e1rokom na tabu\u013ekov\u00fa n\u00e1hradu. Mnoh\u00e9 z navrhovan\u00fdch opatren\u00ed u\u017e \u00dastavn\u00fd s\u00fad SR v minulosti ozna\u010dil za proti\u00fastavn\u00e9. To ale vl\u00e1de o\u010dividne neprek\u00e1\u017ea. Dopady tak\u00fdchto invest\u00edci\u00ed na \u017eivotn\u00e9 prostredie a zdravie obyvate\u013eov sa bud\u00fa sk\u00fama\u0165 len na papieri. Povo\u013eovacie konania bud\u00fa ma\u0165 jedin\u00fd \u00fa\u010del \u2013 \u010do najskor\u0161iu v\u00fdstavbu za ak\u00fako\u013evek cenu. Vyjadrenia ob\u010danov nebud\u00fa ma\u0165 prakticky \u017eiadnu v\u00e1hu.\u00a0<\/p>\n\n\n\n<p>A ak\u00fdch invest\u00edci\u00ed sa bude t\u00fdka\u0165? Nielen dia\u013enic a \u017eelezn\u00edc eur\u00f3pskeho v\u00fdznamu, av\u0161ak skoro v\u0161etk\u00fdch ciest a vlastne akejko\u013evek invest\u00edcie, ktor\u00fa si zmysl\u00ed \u0161t\u00e1t. <em>\u201eAj nezmyselnej r\u00fdchlostnej cesty cez N\u00e1rodn\u00fd park N\u00edzke Tatry, ktor\u00fa chce pretla\u010di\u0165 za ak\u00fako\u013evek cenu minister dopravy R\u00e1\u017e. No pokojne to m\u00f4\u017eu by\u0165 aj zbyto\u010dn\u00e9 a megalomansk\u00e9 priehrady, napr\u00edklad t\u00e1 v Slatinke, o ktor\u00fdch opakovanie rozpr\u00e1va minister \u017eivotn\u00e9ho prostredia Taraba. Ten m\u00e1 ur\u010dite z\u00e1lusk aj na spa\u013eovne, o ktor\u00fdch najnov\u0161ie vyhl\u00e1sil, \u017ee ich m\u00e1 stava\u0165 \u0161t\u00e1t,\u201c<\/em> dop\u013a\u0148a Michal Ki\u010da. Preto je neistota obyvate\u013eov cel\u00e9ho Slovenska namieste. Strategick\u00e1 invest\u00edcia toti\u017e okam\u017eite znehodnocuje ich majetok.\u00a0<\/p>\n\n\n\n<p>Strana Demokrati sa z\u00fa\u010dast\u0148ovala legislat\u00edvneho procesu od sam\u00e9ho za\u010diatku. V r\u00e1mci neho z\u00e1stupcovia ministerstva dopravy nedok\u00e1zali na mnoho na\u0161ich ot\u00e1zok odpoveda\u0165. <em>\u201eC\u00edtim sa ako v Bielorusku alebo v Strednej \u00c1zii, vl\u00e1da si bude robi\u0165 s ob\u010danom \u010do sa jej zachce,\u201c<\/em> uzavrel Michal Ki\u010da.<\/p>\n","protected":false},"excerpt":{"rendered":"<p>Vl\u00e1dou schv\u00e1len\u00fd z\u00e1kon o mimoriadnych opatreniach pre strategick\u00e9 invest\u00edcie predlo\u017een\u00fd ministrom dopravy R\u00e1\u017eom nezvratne zasiahne do z\u00e1kladn\u00fdch pr\u00e1v obyvate\u013eov a ochrany \u017eivotn\u00e9ho prostredia. Toto v\u0161etko sa sna\u017eia prekry\u0165 skr\u00e1ten\u00fdm legislat\u00edvnym konan\u00edm a dokonca ignorovan\u00edm Legislat\u00edvnej rady vl\u00e1dy SR. Naviac, oproti p\u00f4vodn\u00e9mu n\u00e1vrhu obsahuje prvky syst\u00e9movej korupcie, ak\u00fd nem\u00e1 obdobu.\u00a0 \u201eHoci podporujeme ur\u00fdchlenie v\u00fdstavby, najm\u00e4 dopravnej [&hellip;]<\/p>\n","protected":false},"author":7,"featured_media":2460,"comment_status":"closed","ping_status":"closed","sticky":false,"template":"","format":"standard","meta":{"_acf_changed":false,"ngg_post_thumbnail":0,"footnotes":""},"categories":[4],"tags":[],"class_list":["post-2692","post","type-post","status-publish","format-standard","has-post-thumbnail","hentry","category-tlacove-spravy"],"acf":[],"yoast_head":"<!-- This site is optimized with the Yoast SEO plugin v27.2 - https:\/\/yoast.com\/product\/yoast-seo-wordpress\/ -->\n<title>Vl\u00e1da schv\u00e1lila legislat\u00edvny pa\u0161kvil, ktor\u00fd ohrozuje pr\u00e1va obyvate\u013eov aj \u017eivotn\u00e9 prostredie - Smedemokrati.sk<\/title>\n<meta name=\"robots\" content=\"index, follow, max-snippet:-1, max-image-preview:large, max-video-preview:-1\" \/>\n<link rel=\"canonical\" href=\"https:\/\/www.smedemokrati.sk\/sv\/vlada-schvalila-legislativny-paskvil-ktory-ohrozuje-prava-obyvatelov-aj-zivotne-prostredie\/\" \/>\n<meta property=\"og:locale\" content=\"sv_SE\" \/>\n<meta property=\"og:locale:alternate\" content=\"en_US\" \/>\n<meta property=\"og:locale:alternate\" content=\"cs_CZ\" \/>\n<meta property=\"og:locale:alternate\" content=\"hu_HU\" \/>\n<meta property=\"og:locale:alternate\" content=\"sk_SK\" \/>\n<meta property=\"og:type\" content=\"article\" \/>\n<meta property=\"og:title\" content=\"Vl\u00e1da schv\u00e1lila legislat\u00edvny pa\u0161kvil, ktor\u00fd ohrozuje pr\u00e1va obyvate\u013eov aj \u017eivotn\u00e9 prostredie - Smedemokrati.sk\" \/>\n<meta property=\"og:description\" content=\"Vl\u00e1dou schv\u00e1len\u00fd z\u00e1kon o mimoriadnych opatreniach pre strategick\u00e9 invest\u00edcie predlo\u017een\u00fd ministrom dopravy R\u00e1\u017eom nezvratne zasiahne do z\u00e1kladn\u00fdch pr\u00e1v obyvate\u013eov a ochrany \u017eivotn\u00e9ho prostredia. Toto v\u0161etko sa sna\u017eia prekry\u0165 skr\u00e1ten\u00fdm legislat\u00edvnym konan\u00edm a dokonca ignorovan\u00edm Legislat\u00edvnej rady vl\u00e1dy SR. Naviac, oproti p\u00f4vodn\u00e9mu n\u00e1vrhu obsahuje prvky syst\u00e9movej korupcie, ak\u00fd nem\u00e1 obdobu.\u00a0 \u201eHoci podporujeme ur\u00fdchlenie v\u00fdstavby, najm\u00e4 dopravnej [&hellip;]\" \/>\n<meta property=\"og:url\" content=\"https:\/\/www.smedemokrati.sk\/sv\/vlada-schvalila-legislativny-paskvil-ktory-ohrozuje-prava-obyvatelov-aj-zivotne-prostredie\/\" \/>\n<meta property=\"og:site_name\" content=\"Smedemokrati.sk\" \/>\n<meta property=\"article:publisher\" content=\"https:\/\/www.facebook.com\/smedemokrati2023\" \/>\n<meta property=\"article:published_time\" content=\"2024-02-14T10:00:09+00:00\" \/>\n<meta property=\"article:modified_time\" content=\"2024-02-14T10:00:10+00:00\" \/>\n<meta property=\"og:image\" content=\"https:\/\/www.smedemokrati.sk\/wp-content\/uploads\/2023\/12\/miso.jpg\" \/>\n\t<meta property=\"og:image:width\" content=\"1904\" \/>\n\t<meta property=\"og:image:height\" content=\"1066\" \/>\n\t<meta property=\"og:image:type\" content=\"image\/jpeg\" \/>\n<meta name=\"author\" content=\"Tom\u00e1\u0161 Koppl\" \/>\n<meta name=\"twitter:card\" content=\"summary_large_image\" \/>\n<meta name=\"twitter:label1\" content=\"Skriven av\" \/>\n\t<meta name=\"twitter:data1\" content=\"Tom\u00e1\u0161 Koppl\" \/>\n\t<meta name=\"twitter:label2\" content=\"Ber\u00e4knad l\u00e4stid\" \/>\n\t<meta name=\"twitter:data2\" content=\"3 minuter\" \/>\n<script type=\"application\/ld+json\" class=\"yoast-schema-graph\">{\"@context\":\"https:\/\/schema.org\",\"@graph\":[{\"@type\":\"Article\",\"@id\":\"https:\/\/www.smedemokrati.sk\/vlada-schvalila-legislativny-paskvil-ktory-ohrozuje-prava-obyvatelov-aj-zivotne-prostredie\/#article\",\"isPartOf\":{\"@id\":\"https:\/\/www.smedemokrati.sk\/vlada-schvalila-legislativny-paskvil-ktory-ohrozuje-prava-obyvatelov-aj-zivotne-prostredie\/\"},\"author\":{\"name\":\"Tom\u00e1\u0161 Koppl\",\"@id\":\"https:\/\/www.smedemokrati.sk\/#\/schema\/person\/c60720f4b9955b3c1ed222ebd1fbbc7c\"},\"headline\":\"Vl\u00e1da schv\u00e1lila legislat\u00edvny pa\u0161kvil, ktor\u00fd ohrozuje pr\u00e1va obyvate\u013eov aj \u017eivotn\u00e9 prostredie\",\"datePublished\":\"2024-02-14T10:00:09+00:00\",\"dateModified\":\"2024-02-14T10:00:10+00:00\",\"mainEntityOfPage\":{\"@id\":\"https:\/\/www.smedemokrati.sk\/vlada-schvalila-legislativny-paskvil-ktory-ohrozuje-prava-obyvatelov-aj-zivotne-prostredie\/\"},\"wordCount\":633,\"publisher\":{\"@id\":\"https:\/\/www.smedemokrati.sk\/#organization\"},\"image\":{\"@id\":\"https:\/\/www.smedemokrati.sk\/vlada-schvalila-legislativny-paskvil-ktory-ohrozuje-prava-obyvatelov-aj-zivotne-prostredie\/#primaryimage\"},\"thumbnailUrl\":\"https:\/\/www.smedemokrati.sk\/wp-content\/uploads\/2023\/12\/miso.jpg\",\"articleSection\":[\"Tla\u010dov\u00e9 spr\u00e1vy\"],\"inLanguage\":\"sv-SE\"},{\"@type\":\"WebPage\",\"@id\":\"https:\/\/www.smedemokrati.sk\/vlada-schvalila-legislativny-paskvil-ktory-ohrozuje-prava-obyvatelov-aj-zivotne-prostredie\/\",\"url\":\"https:\/\/www.smedemokrati.sk\/vlada-schvalila-legislativny-paskvil-ktory-ohrozuje-prava-obyvatelov-aj-zivotne-prostredie\/\",\"name\":\"Vl\u00e1da schv\u00e1lila legislat\u00edvny pa\u0161kvil, ktor\u00fd ohrozuje pr\u00e1va obyvate\u013eov aj \u017eivotn\u00e9 prostredie - Smedemokrati.sk\",\"isPartOf\":{\"@id\":\"https:\/\/www.smedemokrati.sk\/#website\"},\"primaryImageOfPage\":{\"@id\":\"https:\/\/www.smedemokrati.sk\/vlada-schvalila-legislativny-paskvil-ktory-ohrozuje-prava-obyvatelov-aj-zivotne-prostredie\/#primaryimage\"},\"image\":{\"@id\":\"https:\/\/www.smedemokrati.sk\/vlada-schvalila-legislativny-paskvil-ktory-ohrozuje-prava-obyvatelov-aj-zivotne-prostredie\/#primaryimage\"},\"thumbnailUrl\":\"https:\/\/www.smedemokrati.sk\/wp-content\/uploads\/2023\/12\/miso.jpg\",\"datePublished\":\"2024-02-14T10:00:09+00:00\",\"dateModified\":\"2024-02-14T10:00:10+00:00\",\"breadcrumb\":{\"@id\":\"https:\/\/www.smedemokrati.sk\/vlada-schvalila-legislativny-paskvil-ktory-ohrozuje-prava-obyvatelov-aj-zivotne-prostredie\/#breadcrumb\"},\"inLanguage\":\"sv-SE\",\"potentialAction\":[{\"@type\":\"ReadAction\",\"target\":[\"https:\/\/www.smedemokrati.sk\/vlada-schvalila-legislativny-paskvil-ktory-ohrozuje-prava-obyvatelov-aj-zivotne-prostredie\/\"]}]},{\"@type\":\"ImageObject\",\"inLanguage\":\"sv-SE\",\"@id\":\"https:\/\/www.smedemokrati.sk\/vlada-schvalila-legislativny-paskvil-ktory-ohrozuje-prava-obyvatelov-aj-zivotne-prostredie\/#primaryimage\",\"url\":\"https:\/\/www.smedemokrati.sk\/wp-content\/uploads\/2023\/12\/miso.jpg\",\"contentUrl\":\"https:\/\/www.smedemokrati.sk\/wp-content\/uploads\/2023\/12\/miso.jpg\",\"width\":1904,\"height\":1066},{\"@type\":\"BreadcrumbList\",\"@id\":\"https:\/\/www.smedemokrati.sk\/vlada-schvalila-legislativny-paskvil-ktory-ohrozuje-prava-obyvatelov-aj-zivotne-prostredie\/#breadcrumb\",\"itemListElement\":[{\"@type\":\"ListItem\",\"position\":1,\"name\":\"Domovsk\u00e1 str\u00e1nka\",\"item\":\"https:\/\/www.smedemokrati.sk\/\"},{\"@type\":\"ListItem\",\"position\":2,\"name\":\"Vl\u00e1da schv\u00e1lila legislat\u00edvny pa\u0161kvil, ktor\u00fd ohrozuje pr\u00e1va obyvate\u013eov aj \u017eivotn\u00e9 prostredie\"}]},{\"@type\":\"WebSite\",\"@id\":\"https:\/\/www.smedemokrati.sk\/#website\",\"url\":\"https:\/\/www.smedemokrati.sk\/\",\"name\":\"Smedemokrati.sk\",\"description\":\"Demokracia a slu\u0161nos\u0165 zv\u00ed\u0165az\u00ed\",\"publisher\":{\"@id\":\"https:\/\/www.smedemokrati.sk\/#organization\"},\"potentialAction\":[{\"@type\":\"SearchAction\",\"target\":{\"@type\":\"EntryPoint\",\"urlTemplate\":\"https:\/\/www.smedemokrati.sk\/?s={search_term_string}\"},\"query-input\":{\"@type\":\"PropertyValueSpecification\",\"valueRequired\":true,\"valueName\":\"search_term_string\"}}],\"inLanguage\":\"sv-SE\"},{\"@type\":\"Organization\",\"@id\":\"https:\/\/www.smedemokrati.sk\/#organization\",\"name\":\"Smedemokrati.sk\",\"url\":\"https:\/\/www.smedemokrati.sk\/\",\"logo\":{\"@type\":\"ImageObject\",\"inLanguage\":\"sv-SE\",\"@id\":\"https:\/\/www.smedemokrati.sk\/#\/schema\/logo\/image\/\",\"url\":\"https:\/\/www.smedemokrati.sk\/wp-content\/uploads\/2023\/04\/ff.002.jpeg\",\"contentUrl\":\"https:\/\/www.smedemokrati.sk\/wp-content\/uploads\/2023\/04\/ff.002.jpeg\",\"width\":640,\"height\":480,\"caption\":\"Smedemokrati.sk\"},\"image\":{\"@id\":\"https:\/\/www.smedemokrati.sk\/#\/schema\/logo\/image\/\"},\"sameAs\":[\"https:\/\/www.facebook.com\/smedemokrati2023\"]},{\"@type\":\"Person\",\"@id\":\"https:\/\/www.smedemokrati.sk\/#\/schema\/person\/c60720f4b9955b3c1ed222ebd1fbbc7c\",\"name\":\"Tom\u00e1\u0161 Koppl\",\"image\":{\"@type\":\"ImageObject\",\"inLanguage\":\"sv-SE\",\"@id\":\"https:\/\/secure.gravatar.com\/avatar\/8dfa38373c5e39821baf74c8e867a6f12e12c6dab6559aa999d10703b0b1c4ce?s=96&d=mm&r=g\",\"url\":\"https:\/\/secure.gravatar.com\/avatar\/8dfa38373c5e39821baf74c8e867a6f12e12c6dab6559aa999d10703b0b1c4ce?s=96&d=mm&r=g\",\"contentUrl\":\"https:\/\/secure.gravatar.com\/avatar\/8dfa38373c5e39821baf74c8e867a6f12e12c6dab6559aa999d10703b0b1c4ce?s=96&d=mm&r=g\",\"caption\":\"Tom\u00e1\u0161 Koppl\"},\"url\":\"https:\/\/www.smedemokrati.sk\/sv\/author\/tomaskoppl\/\"}]}<\/script>\n<!-- \/ Yoast SEO plugin. -->","yoast_head_json":{"title":"Vl\u00e1da schv\u00e1lila legislat\u00edvny pa\u0161kvil, ktor\u00fd ohrozuje pr\u00e1va obyvate\u013eov aj \u017eivotn\u00e9 prostredie - Smedemokrati.sk","robots":{"index":"index","follow":"follow","max-snippet":"max-snippet:-1","max-image-preview":"max-image-preview:large","max-video-preview":"max-video-preview:-1"},"canonical":"https:\/\/www.smedemokrati.sk\/sv\/vlada-schvalila-legislativny-paskvil-ktory-ohrozuje-prava-obyvatelov-aj-zivotne-prostredie\/","og_locale":"sv_SE","og_type":"article","og_title":"Vl\u00e1da schv\u00e1lila legislat\u00edvny pa\u0161kvil, ktor\u00fd ohrozuje pr\u00e1va obyvate\u013eov aj \u017eivotn\u00e9 prostredie - Smedemokrati.sk","og_description":"Vl\u00e1dou schv\u00e1len\u00fd z\u00e1kon o mimoriadnych opatreniach pre strategick\u00e9 invest\u00edcie predlo\u017een\u00fd ministrom dopravy R\u00e1\u017eom nezvratne zasiahne do z\u00e1kladn\u00fdch pr\u00e1v obyvate\u013eov a ochrany \u017eivotn\u00e9ho prostredia. Toto v\u0161etko sa sna\u017eia prekry\u0165 skr\u00e1ten\u00fdm legislat\u00edvnym konan\u00edm a dokonca ignorovan\u00edm Legislat\u00edvnej rady vl\u00e1dy SR. Naviac, oproti p\u00f4vodn\u00e9mu n\u00e1vrhu obsahuje prvky syst\u00e9movej korupcie, ak\u00fd nem\u00e1 obdobu.\u00a0 \u201eHoci podporujeme ur\u00fdchlenie v\u00fdstavby, najm\u00e4 dopravnej [&hellip;]","og_url":"https:\/\/www.smedemokrati.sk\/sv\/vlada-schvalila-legislativny-paskvil-ktory-ohrozuje-prava-obyvatelov-aj-zivotne-prostredie\/","og_site_name":"Smedemokrati.sk","article_publisher":"https:\/\/www.facebook.com\/smedemokrati2023","article_published_time":"2024-02-14T10:00:09+00:00","article_modified_time":"2024-02-14T10:00:10+00:00","og_image":[{"width":1904,"height":1066,"url":"https:\/\/www.smedemokrati.sk\/wp-content\/uploads\/2023\/12\/miso.jpg","type":"image\/jpeg"}],"author":"Tom\u00e1\u0161 Koppl","twitter_card":"summary_large_image","twitter_misc":{"Skriven av":"Tom\u00e1\u0161 Koppl","Ber\u00e4knad l\u00e4stid":"3 minuter"},"schema":{"@context":"https:\/\/schema.org","@graph":[{"@type":"Article","@id":"https:\/\/www.smedemokrati.sk\/vlada-schvalila-legislativny-paskvil-ktory-ohrozuje-prava-obyvatelov-aj-zivotne-prostredie\/#article","isPartOf":{"@id":"https:\/\/www.smedemokrati.sk\/vlada-schvalila-legislativny-paskvil-ktory-ohrozuje-prava-obyvatelov-aj-zivotne-prostredie\/"},"author":{"name":"Tom\u00e1\u0161 Koppl","@id":"https:\/\/www.smedemokrati.sk\/#\/schema\/person\/c60720f4b9955b3c1ed222ebd1fbbc7c"},"headline":"Vl\u00e1da schv\u00e1lila legislat\u00edvny pa\u0161kvil, ktor\u00fd ohrozuje pr\u00e1va obyvate\u013eov aj \u017eivotn\u00e9 prostredie","datePublished":"2024-02-14T10:00:09+00:00","dateModified":"2024-02-14T10:00:10+00:00","mainEntityOfPage":{"@id":"https:\/\/www.smedemokrati.sk\/vlada-schvalila-legislativny-paskvil-ktory-ohrozuje-prava-obyvatelov-aj-zivotne-prostredie\/"},"wordCount":633,"publisher":{"@id":"https:\/\/www.smedemokrati.sk\/#organization"},"image":{"@id":"https:\/\/www.smedemokrati.sk\/vlada-schvalila-legislativny-paskvil-ktory-ohrozuje-prava-obyvatelov-aj-zivotne-prostredie\/#primaryimage"},"thumbnailUrl":"https:\/\/www.smedemokrati.sk\/wp-content\/uploads\/2023\/12\/miso.jpg","articleSection":["Tla\u010dov\u00e9 spr\u00e1vy"],"inLanguage":"sv-SE"},{"@type":"WebPage","@id":"https:\/\/www.smedemokrati.sk\/vlada-schvalila-legislativny-paskvil-ktory-ohrozuje-prava-obyvatelov-aj-zivotne-prostredie\/","url":"https:\/\/www.smedemokrati.sk\/vlada-schvalila-legislativny-paskvil-ktory-ohrozuje-prava-obyvatelov-aj-zivotne-prostredie\/","name":"Vl\u00e1da schv\u00e1lila legislat\u00edvny pa\u0161kvil, ktor\u00fd ohrozuje pr\u00e1va obyvate\u013eov aj \u017eivotn\u00e9 prostredie - Smedemokrati.sk","isPartOf":{"@id":"https:\/\/www.smedemokrati.sk\/#website"},"primaryImageOfPage":{"@id":"https:\/\/www.smedemokrati.sk\/vlada-schvalila-legislativny-paskvil-ktory-ohrozuje-prava-obyvatelov-aj-zivotne-prostredie\/#primaryimage"},"image":{"@id":"https:\/\/www.smedemokrati.sk\/vlada-schvalila-legislativny-paskvil-ktory-ohrozuje-prava-obyvatelov-aj-zivotne-prostredie\/#primaryimage"},"thumbnailUrl":"https:\/\/www.smedemokrati.sk\/wp-content\/uploads\/2023\/12\/miso.jpg","datePublished":"2024-02-14T10:00:09+00:00","dateModified":"2024-02-14T10:00:10+00:00","breadcrumb":{"@id":"https:\/\/www.smedemokrati.sk\/vlada-schvalila-legislativny-paskvil-ktory-ohrozuje-prava-obyvatelov-aj-zivotne-prostredie\/#breadcrumb"},"inLanguage":"sv-SE","potentialAction":[{"@type":"ReadAction","target":["https:\/\/www.smedemokrati.sk\/vlada-schvalila-legislativny-paskvil-ktory-ohrozuje-prava-obyvatelov-aj-zivotne-prostredie\/"]}]},{"@type":"ImageObject","inLanguage":"sv-SE","@id":"https:\/\/www.smedemokrati.sk\/vlada-schvalila-legislativny-paskvil-ktory-ohrozuje-prava-obyvatelov-aj-zivotne-prostredie\/#primaryimage","url":"https:\/\/www.smedemokrati.sk\/wp-content\/uploads\/2023\/12\/miso.jpg","contentUrl":"https:\/\/www.smedemokrati.sk\/wp-content\/uploads\/2023\/12\/miso.jpg","width":1904,"height":1066},{"@type":"BreadcrumbList","@id":"https:\/\/www.smedemokrati.sk\/vlada-schvalila-legislativny-paskvil-ktory-ohrozuje-prava-obyvatelov-aj-zivotne-prostredie\/#breadcrumb","itemListElement":[{"@type":"ListItem","position":1,"name":"Domovsk\u00e1 str\u00e1nka","item":"https:\/\/www.smedemokrati.sk\/"},{"@type":"ListItem","position":2,"name":"Vl\u00e1da schv\u00e1lila legislat\u00edvny pa\u0161kvil, ktor\u00fd ohrozuje pr\u00e1va obyvate\u013eov aj \u017eivotn\u00e9 prostredie"}]},{"@type":"WebSite","@id":"https:\/\/www.smedemokrati.sk\/#website","url":"https:\/\/www.smedemokrati.sk\/","name":"Smedemokrati.sk","description":"Demokracia a slu\u0161nos\u0165 zv\u00ed\u0165az\u00ed","publisher":{"@id":"https:\/\/www.smedemokrati.sk\/#organization"},"potentialAction":[{"@type":"SearchAction","target":{"@type":"EntryPoint","urlTemplate":"https:\/\/www.smedemokrati.sk\/?s={search_term_string}"},"query-input":{"@type":"PropertyValueSpecification","valueRequired":true,"valueName":"search_term_string"}}],"inLanguage":"sv-SE"},{"@type":"Organization","@id":"https:\/\/www.smedemokrati.sk\/#organization","name":"Smedemokrati.sk","url":"https:\/\/www.smedemokrati.sk\/","logo":{"@type":"ImageObject","inLanguage":"sv-SE","@id":"https:\/\/www.smedemokrati.sk\/#\/schema\/logo\/image\/","url":"https:\/\/www.smedemokrati.sk\/wp-content\/uploads\/2023\/04\/ff.002.jpeg","contentUrl":"https:\/\/www.smedemokrati.sk\/wp-content\/uploads\/2023\/04\/ff.002.jpeg","width":640,"height":480,"caption":"Smedemokrati.sk"},"image":{"@id":"https:\/\/www.smedemokrati.sk\/#\/schema\/logo\/image\/"},"sameAs":["https:\/\/www.facebook.com\/smedemokrati2023"]},{"@type":"Person","@id":"https:\/\/www.smedemokrati.sk\/#\/schema\/person\/c60720f4b9955b3c1ed222ebd1fbbc7c","name":"Tom\u00e1\u0161 Koppl","image":{"@type":"ImageObject","inLanguage":"sv-SE","@id":"https:\/\/secure.gravatar.com\/avatar\/8dfa38373c5e39821baf74c8e867a6f12e12c6dab6559aa999d10703b0b1c4ce?s=96&d=mm&r=g","url":"https:\/\/secure.gravatar.com\/avatar\/8dfa38373c5e39821baf74c8e867a6f12e12c6dab6559aa999d10703b0b1c4ce?s=96&d=mm&r=g","contentUrl":"https:\/\/secure.gravatar.com\/avatar\/8dfa38373c5e39821baf74c8e867a6f12e12c6dab6559aa999d10703b0b1c4ce?s=96&d=mm&r=g","caption":"Tom\u00e1\u0161 Koppl"},"url":"https:\/\/www.smedemokrati.sk\/sv\/author\/tomaskoppl\/"}]}},"_links":{"self":[{"href":"https:\/\/www.smedemokrati.sk\/sv\/wp-json\/wp\/v2\/posts\/2692","targetHints":{"allow":["GET"]}}],"collection":[{"href":"https:\/\/www.smedemokrati.sk\/sv\/wp-json\/wp\/v2\/posts"}],"about":[{"href":"https:\/\/www.smedemokrati.sk\/sv\/wp-json\/wp\/v2\/types\/post"}],"author":[{"embeddable":true,"href":"https:\/\/www.smedemokrati.sk\/sv\/wp-json\/wp\/v2\/users\/7"}],"replies":[{"embeddable":true,"href":"https:\/\/www.smedemokrati.sk\/sv\/wp-json\/wp\/v2\/comments?post=2692"}],"version-history":[{"count":1,"href":"https:\/\/www.smedemokrati.sk\/sv\/wp-json\/wp\/v2\/posts\/2692\/revisions"}],"predecessor-version":[{"id":2693,"href":"https:\/\/www.smedemokrati.sk\/sv\/wp-json\/wp\/v2\/posts\/2692\/revisions\/2693"}],"wp:featuredmedia":[{"embeddable":true,"href":"https:\/\/www.smedemokrati.sk\/sv\/wp-json\/wp\/v2\/media\/2460"}],"wp:attachment":[{"href":"https:\/\/www.smedemokrati.sk\/sv\/wp-json\/wp\/v2\/media?parent=2692"}],"wp:term":[{"taxonomy":"category","embeddable":true,"href":"https:\/\/www.smedemokrati.sk\/sv\/wp-json\/wp\/v2\/categories?post=2692"},{"taxonomy":"post_tag","embeddable":true,"href":"https:\/\/www.smedemokrati.sk\/sv\/wp-json\/wp\/v2\/tags?post=2692"}],"curies":[{"name":"wp","href":"https:\/\/api.w.org\/{rel}","templated":true}]}}