{"id":2628,"date":"2024-02-05T19:05:55","date_gmt":"2024-02-05T17:05:55","guid":{"rendered":"https:\/\/www.smedemokrati.sk\/?p=2628"},"modified":"2024-02-05T19:05:56","modified_gmt":"2024-02-05T17:05:56","slug":"simkovicova-chodi-na-rokovania-vlady-iba-na-kavu-zato-chce-hromadne-prepustat","status":"publish","type":"post","link":"https:\/\/www.smedemokrati.sk\/sv\/simkovicova-chodi-na-rokovania-vlady-iba-na-kavu-zato-chce-hromadne-prepustat\/","title":{"rendered":"\u0160imkovi\u010dov\u00e1 chod\u00ed na rokovania vl\u00e1dy iba na k\u00e1vu, zato chce hromadne prep\u00fa\u0161\u0165a\u0165"},"content":{"rendered":"<div id=\"fb-root\"><\/div>\n\n<p><strong>Pod\u013ea dostupn\u00fdch inform\u00e1ci\u00ed chce ministerka kult\u00fary \u0160imkovi\u010dov\u00e1 hromadne prep\u00fa\u0161\u0165a\u0165 na pamiatkov\u00fdch \u00faradoch. Pod\u013ea Demokratov ide o \u010fal\u0161ie fat\u00e1lne zlyhanie, pre ktor\u00e9 mus\u00ed z poz\u00edcie ministerky okam\u017eite odst\u00fapi\u0165.<\/strong><\/p>\n\n\n\n<p>Michal Ki\u010da z Demokratov hovor\u00ed, \u017ee t\u00fdmto krokom klesne \u00farove\u0148 ochrany pamiatok: \u201cAk sa naplnia pl\u00e1ny rezortu kult\u00fary, pr\u00eddeme o desiatky odborn\u00edkov. \u00darady person\u00e1lne padn\u00fa na kolen\u00e1 a nebude v ich sil\u00e1ch kapacitne pokry\u0165 tak d\u00f4le\u017eit\u00fa agendu. \u00darove\u0148 ochrany pamiatok klesne a ja sa p\u00fdtam, \u010di toto je to naplnenie slov pani ministerky o ochrane kult\u00fary.\u201d Ki\u010da v s\u00favislosti s rezortom kult\u00fary tie\u017e upozor\u0148uje na absol\u00fatnu nekompetentnos\u0165 \u0160imkovi\u010dovej. T\u00e1 toti\u017e doposia\u013e nepredlo\u017eila na vl\u00e1du \u017eiaden materi\u00e1l, ktor\u00fd by hovoril o jej cie\u013eoch a aktivit\u00e1ch v prospech kult\u00fary: \u201c\u0160imkovi\u010dov\u00e1 nepredlo\u017eila na rokovanie vl\u00e1dy ani jeden jedin\u00fd vecn\u00fd materi\u00e1l, ani jeden. Dokonca, ani \u017eiaden, takzvan\u00fd informat\u00edvny materi\u00e1l, ktor\u00fdm by podala spr\u00e1vu o jej aktivit\u00e1ch na rezorte. Rozumiem, \u017ee nie je o \u010dom p\u00edsa\u0165, no pani ministerka, na rokovanie vl\u00e1dy sa nechod\u00ed na k\u00e1vu, ale pracova\u0165 v prospech \u013eud\u00ed. Toto je absol\u00fatna neschopnos\u0165 a diletantstvo.&#8221; \u0160imkovi\u010dov\u00e1 na vl\u00e1de zlyhala aj neschopnosti garantova\u0165 z\u00e1v\u00e4znos\u0165 dokument\u00e1cie pamiatkovej starostlivosti v \u00fazemnom pl\u00e1novan\u00ed.&nbsp;<\/p>\n\n\n\n<p class=\"has-text-align-left\">Situ\u00e1ciu v rezorte kult\u00fary hodnot\u00ed aj \u010dlenka predsedn\u00edctva Dorota Nvotov\u00e1, pova\u017euje ju za neudr\u017eate\u013en\u00fa: \u201cRozumiem umelcom a in\u0161tit\u00faci\u00e1m, ktor\u00e9 s\u00fa do ve\u013ekej miery ovplyvnen\u00e9 fungovan\u00edm rezortu a dokonca ch\u00e1pem aj t\u00fdch, ktor\u00fdm \u0161\u00e9fuje pr\u00e1ve ministerka \u0160imkovi\u010dov\u00e1. Viacer\u00ed sa str\u00e1nia nahlas hovori\u0165 o pre\u0161\u013eapoch ministerky, no ak budeme ticho, \u0160imkovi\u010dov\u00e1 zdevastuje v\u0161etko, \u010do sme vybudovali. V\u00edtam preto ka\u017ed\u00fa iniciat\u00edvu a rovnako, ako sa staviame za umelcov, sa postav\u00edme za \u013eud\u00ed na pamiatkov\u00fdch \u00faradoch,\u201d uzatv\u00e1ra Nvotov\u00e1 a potvrdzuje, \u017ee strana Demokrati plne podporuje pet\u00edciu za odvolanie \u0160imkovi\u010dovej.<\/p>\n\n\n\n<p class=\"has-text-align-right\"><br>(Zdroj foto: SME\/Jozef Jakub\u010do)<\/p>\n","protected":false},"excerpt":{"rendered":"<p>Pod\u013ea dostupn\u00fdch inform\u00e1ci\u00ed chce ministerka kult\u00fary \u0160imkovi\u010dov\u00e1 hromadne prep\u00fa\u0161\u0165a\u0165 na pamiatkov\u00fdch \u00faradoch. Pod\u013ea Demokratov ide o \u010fal\u0161ie fat\u00e1lne zlyhanie, pre ktor\u00e9 mus\u00ed z poz\u00edcie ministerky okam\u017eite odst\u00fapi\u0165. Michal Ki\u010da z Demokratov hovor\u00ed, \u017ee t\u00fdmto krokom klesne \u00farove\u0148 ochrany pamiatok: \u201cAk sa naplnia pl\u00e1ny rezortu kult\u00fary, pr\u00eddeme o desiatky odborn\u00edkov. \u00darady person\u00e1lne padn\u00fa na kolen\u00e1 a [&hellip;]<\/p>\n","protected":false},"author":7,"featured_media":2629,"comment_status":"closed","ping_status":"closed","sticky":false,"template":"","format":"standard","meta":{"_acf_changed":false,"ngg_post_thumbnail":0,"footnotes":""},"categories":[4],"tags":[],"class_list":["post-2628","post","type-post","status-publish","format-standard","has-post-thumbnail","hentry","category-tlacove-spravy"],"acf":[],"yoast_head":"<!-- This site is optimized with the Yoast SEO plugin v27.2 - https:\/\/yoast.com\/product\/yoast-seo-wordpress\/ -->\n<title>\u0160imkovi\u010dov\u00e1 chod\u00ed na rokovania vl\u00e1dy iba na k\u00e1vu, zato chce hromadne prep\u00fa\u0161\u0165a\u0165 - Smedemokrati.sk<\/title>\n<meta name=\"robots\" content=\"index, follow, max-snippet:-1, max-image-preview:large, max-video-preview:-1\" \/>\n<link rel=\"canonical\" href=\"https:\/\/www.smedemokrati.sk\/sv\/simkovicova-chodi-na-rokovania-vlady-iba-na-kavu-zato-chce-hromadne-prepustat\/\" \/>\n<meta property=\"og:locale\" content=\"sv_SE\" \/>\n<meta property=\"og:locale:alternate\" content=\"en_US\" \/>\n<meta property=\"og:locale:alternate\" content=\"cs_CZ\" \/>\n<meta property=\"og:locale:alternate\" content=\"hu_HU\" \/>\n<meta property=\"og:locale:alternate\" content=\"sk_SK\" \/>\n<meta property=\"og:type\" content=\"article\" \/>\n<meta property=\"og:title\" content=\"\u0160imkovi\u010dov\u00e1 chod\u00ed na rokovania vl\u00e1dy iba na k\u00e1vu, zato chce hromadne prep\u00fa\u0161\u0165a\u0165 - Smedemokrati.sk\" \/>\n<meta property=\"og:description\" content=\"Pod\u013ea dostupn\u00fdch inform\u00e1ci\u00ed chce ministerka kult\u00fary \u0160imkovi\u010dov\u00e1 hromadne prep\u00fa\u0161\u0165a\u0165 na pamiatkov\u00fdch \u00faradoch. Pod\u013ea Demokratov ide o \u010fal\u0161ie fat\u00e1lne zlyhanie, pre ktor\u00e9 mus\u00ed z poz\u00edcie ministerky okam\u017eite odst\u00fapi\u0165. Michal Ki\u010da z Demokratov hovor\u00ed, \u017ee t\u00fdmto krokom klesne \u00farove\u0148 ochrany pamiatok: \u201cAk sa naplnia pl\u00e1ny rezortu kult\u00fary, pr\u00eddeme o desiatky odborn\u00edkov. \u00darady person\u00e1lne padn\u00fa na kolen\u00e1 a [&hellip;]\" \/>\n<meta property=\"og:url\" content=\"https:\/\/www.smedemokrati.sk\/sv\/simkovicova-chodi-na-rokovania-vlady-iba-na-kavu-zato-chce-hromadne-prepustat\/\" \/>\n<meta property=\"og:site_name\" content=\"Smedemokrati.sk\" \/>\n<meta property=\"article:publisher\" content=\"https:\/\/www.facebook.com\/smedemokrati2023\" \/>\n<meta property=\"article:published_time\" content=\"2024-02-05T17:05:55+00:00\" \/>\n<meta property=\"article:modified_time\" content=\"2024-02-05T17:05:56+00:00\" \/>\n<meta property=\"og:image\" content=\"https:\/\/www.smedemokrati.sk\/wp-content\/uploads\/2024\/02\/8630157_1200x.jpg\" \/>\n\t<meta property=\"og:image:width\" content=\"965\" \/>\n\t<meta property=\"og:image:height\" content=\"804\" \/>\n\t<meta property=\"og:image:type\" content=\"image\/jpeg\" \/>\n<meta name=\"author\" content=\"Tom\u00e1\u0161 Koppl\" \/>\n<meta name=\"twitter:card\" content=\"summary_large_image\" \/>\n<meta name=\"twitter:label1\" content=\"Skriven av\" \/>\n\t<meta name=\"twitter:data1\" content=\"Tom\u00e1\u0161 Koppl\" \/>\n\t<meta name=\"twitter:label2\" content=\"Ber\u00e4knad l\u00e4stid\" \/>\n\t<meta name=\"twitter:data2\" content=\"2 minuter\" \/>\n<script type=\"application\/ld+json\" class=\"yoast-schema-graph\">{\"@context\":\"https:\/\/schema.org\",\"@graph\":[{\"@type\":\"Article\",\"@id\":\"https:\/\/www.smedemokrati.sk\/simkovicova-chodi-na-rokovania-vlady-iba-na-kavu-zato-chce-hromadne-prepustat\/#article\",\"isPartOf\":{\"@id\":\"https:\/\/www.smedemokrati.sk\/simkovicova-chodi-na-rokovania-vlady-iba-na-kavu-zato-chce-hromadne-prepustat\/\"},\"author\":{\"name\":\"Tom\u00e1\u0161 Koppl\",\"@id\":\"https:\/\/www.smedemokrati.sk\/#\/schema\/person\/c60720f4b9955b3c1ed222ebd1fbbc7c\"},\"headline\":\"\u0160imkovi\u010dov\u00e1 chod\u00ed na rokovania vl\u00e1dy iba na k\u00e1vu, zato chce hromadne prep\u00fa\u0161\u0165a\u0165\",\"datePublished\":\"2024-02-05T17:05:55+00:00\",\"dateModified\":\"2024-02-05T17:05:56+00:00\",\"mainEntityOfPage\":{\"@id\":\"https:\/\/www.smedemokrati.sk\/simkovicova-chodi-na-rokovania-vlady-iba-na-kavu-zato-chce-hromadne-prepustat\/\"},\"wordCount\":375,\"publisher\":{\"@id\":\"https:\/\/www.smedemokrati.sk\/#organization\"},\"image\":{\"@id\":\"https:\/\/www.smedemokrati.sk\/simkovicova-chodi-na-rokovania-vlady-iba-na-kavu-zato-chce-hromadne-prepustat\/#primaryimage\"},\"thumbnailUrl\":\"https:\/\/www.smedemokrati.sk\/wp-content\/uploads\/2024\/02\/8630157_1200x.jpg\",\"articleSection\":[\"Tla\u010dov\u00e9 spr\u00e1vy\"],\"inLanguage\":\"sv-SE\"},{\"@type\":\"WebPage\",\"@id\":\"https:\/\/www.smedemokrati.sk\/simkovicova-chodi-na-rokovania-vlady-iba-na-kavu-zato-chce-hromadne-prepustat\/\",\"url\":\"https:\/\/www.smedemokrati.sk\/simkovicova-chodi-na-rokovania-vlady-iba-na-kavu-zato-chce-hromadne-prepustat\/\",\"name\":\"\u0160imkovi\u010dov\u00e1 chod\u00ed na rokovania vl\u00e1dy iba na k\u00e1vu, zato chce hromadne prep\u00fa\u0161\u0165a\u0165 - Smedemokrati.sk\",\"isPartOf\":{\"@id\":\"https:\/\/www.smedemokrati.sk\/#website\"},\"primaryImageOfPage\":{\"@id\":\"https:\/\/www.smedemokrati.sk\/simkovicova-chodi-na-rokovania-vlady-iba-na-kavu-zato-chce-hromadne-prepustat\/#primaryimage\"},\"image\":{\"@id\":\"https:\/\/www.smedemokrati.sk\/simkovicova-chodi-na-rokovania-vlady-iba-na-kavu-zato-chce-hromadne-prepustat\/#primaryimage\"},\"thumbnailUrl\":\"https:\/\/www.smedemokrati.sk\/wp-content\/uploads\/2024\/02\/8630157_1200x.jpg\",\"datePublished\":\"2024-02-05T17:05:55+00:00\",\"dateModified\":\"2024-02-05T17:05:56+00:00\",\"breadcrumb\":{\"@id\":\"https:\/\/www.smedemokrati.sk\/simkovicova-chodi-na-rokovania-vlady-iba-na-kavu-zato-chce-hromadne-prepustat\/#breadcrumb\"},\"inLanguage\":\"sv-SE\",\"potentialAction\":[{\"@type\":\"ReadAction\",\"target\":[\"https:\/\/www.smedemokrati.sk\/simkovicova-chodi-na-rokovania-vlady-iba-na-kavu-zato-chce-hromadne-prepustat\/\"]}]},{\"@type\":\"ImageObject\",\"inLanguage\":\"sv-SE\",\"@id\":\"https:\/\/www.smedemokrati.sk\/simkovicova-chodi-na-rokovania-vlady-iba-na-kavu-zato-chce-hromadne-prepustat\/#primaryimage\",\"url\":\"https:\/\/www.smedemokrati.sk\/wp-content\/uploads\/2024\/02\/8630157_1200x.jpg\",\"contentUrl\":\"https:\/\/www.smedemokrati.sk\/wp-content\/uploads\/2024\/02\/8630157_1200x.jpg\",\"width\":965,\"height\":804},{\"@type\":\"BreadcrumbList\",\"@id\":\"https:\/\/www.smedemokrati.sk\/simkovicova-chodi-na-rokovania-vlady-iba-na-kavu-zato-chce-hromadne-prepustat\/#breadcrumb\",\"itemListElement\":[{\"@type\":\"ListItem\",\"position\":1,\"name\":\"Domovsk\u00e1 str\u00e1nka\",\"item\":\"https:\/\/www.smedemokrati.sk\/\"},{\"@type\":\"ListItem\",\"position\":2,\"name\":\"\u0160imkovi\u010dov\u00e1 chod\u00ed na rokovania vl\u00e1dy iba na k\u00e1vu, zato chce hromadne prep\u00fa\u0161\u0165a\u0165\"}]},{\"@type\":\"WebSite\",\"@id\":\"https:\/\/www.smedemokrati.sk\/#website\",\"url\":\"https:\/\/www.smedemokrati.sk\/\",\"name\":\"Smedemokrati.sk\",\"description\":\"Demokracia a slu\u0161nos\u0165 zv\u00ed\u0165az\u00ed\",\"publisher\":{\"@id\":\"https:\/\/www.smedemokrati.sk\/#organization\"},\"potentialAction\":[{\"@type\":\"SearchAction\",\"target\":{\"@type\":\"EntryPoint\",\"urlTemplate\":\"https:\/\/www.smedemokrati.sk\/?s={search_term_string}\"},\"query-input\":{\"@type\":\"PropertyValueSpecification\",\"valueRequired\":true,\"valueName\":\"search_term_string\"}}],\"inLanguage\":\"sv-SE\"},{\"@type\":\"Organization\",\"@id\":\"https:\/\/www.smedemokrati.sk\/#organization\",\"name\":\"Smedemokrati.sk\",\"url\":\"https:\/\/www.smedemokrati.sk\/\",\"logo\":{\"@type\":\"ImageObject\",\"inLanguage\":\"sv-SE\",\"@id\":\"https:\/\/www.smedemokrati.sk\/#\/schema\/logo\/image\/\",\"url\":\"https:\/\/www.smedemokrati.sk\/wp-content\/uploads\/2023\/04\/ff.002.jpeg\",\"contentUrl\":\"https:\/\/www.smedemokrati.sk\/wp-content\/uploads\/2023\/04\/ff.002.jpeg\",\"width\":640,\"height\":480,\"caption\":\"Smedemokrati.sk\"},\"image\":{\"@id\":\"https:\/\/www.smedemokrati.sk\/#\/schema\/logo\/image\/\"},\"sameAs\":[\"https:\/\/www.facebook.com\/smedemokrati2023\"]},{\"@type\":\"Person\",\"@id\":\"https:\/\/www.smedemokrati.sk\/#\/schema\/person\/c60720f4b9955b3c1ed222ebd1fbbc7c\",\"name\":\"Tom\u00e1\u0161 Koppl\",\"image\":{\"@type\":\"ImageObject\",\"inLanguage\":\"sv-SE\",\"@id\":\"https:\/\/secure.gravatar.com\/avatar\/8dfa38373c5e39821baf74c8e867a6f12e12c6dab6559aa999d10703b0b1c4ce?s=96&d=mm&r=g\",\"url\":\"https:\/\/secure.gravatar.com\/avatar\/8dfa38373c5e39821baf74c8e867a6f12e12c6dab6559aa999d10703b0b1c4ce?s=96&d=mm&r=g\",\"contentUrl\":\"https:\/\/secure.gravatar.com\/avatar\/8dfa38373c5e39821baf74c8e867a6f12e12c6dab6559aa999d10703b0b1c4ce?s=96&d=mm&r=g\",\"caption\":\"Tom\u00e1\u0161 Koppl\"},\"url\":\"https:\/\/www.smedemokrati.sk\/sv\/author\/tomaskoppl\/\"}]}<\/script>\n<!-- \/ Yoast SEO plugin. -->","yoast_head_json":{"title":"\u0160imkovi\u010dov\u00e1 chod\u00ed na rokovania vl\u00e1dy iba na k\u00e1vu, zato chce hromadne prep\u00fa\u0161\u0165a\u0165 - Smedemokrati.sk","robots":{"index":"index","follow":"follow","max-snippet":"max-snippet:-1","max-image-preview":"max-image-preview:large","max-video-preview":"max-video-preview:-1"},"canonical":"https:\/\/www.smedemokrati.sk\/sv\/simkovicova-chodi-na-rokovania-vlady-iba-na-kavu-zato-chce-hromadne-prepustat\/","og_locale":"sv_SE","og_type":"article","og_title":"\u0160imkovi\u010dov\u00e1 chod\u00ed na rokovania vl\u00e1dy iba na k\u00e1vu, zato chce hromadne prep\u00fa\u0161\u0165a\u0165 - Smedemokrati.sk","og_description":"Pod\u013ea dostupn\u00fdch inform\u00e1ci\u00ed chce ministerka kult\u00fary \u0160imkovi\u010dov\u00e1 hromadne prep\u00fa\u0161\u0165a\u0165 na pamiatkov\u00fdch \u00faradoch. Pod\u013ea Demokratov ide o \u010fal\u0161ie fat\u00e1lne zlyhanie, pre ktor\u00e9 mus\u00ed z poz\u00edcie ministerky okam\u017eite odst\u00fapi\u0165. Michal Ki\u010da z Demokratov hovor\u00ed, \u017ee t\u00fdmto krokom klesne \u00farove\u0148 ochrany pamiatok: \u201cAk sa naplnia pl\u00e1ny rezortu kult\u00fary, pr\u00eddeme o desiatky odborn\u00edkov. \u00darady person\u00e1lne padn\u00fa na kolen\u00e1 a [&hellip;]","og_url":"https:\/\/www.smedemokrati.sk\/sv\/simkovicova-chodi-na-rokovania-vlady-iba-na-kavu-zato-chce-hromadne-prepustat\/","og_site_name":"Smedemokrati.sk","article_publisher":"https:\/\/www.facebook.com\/smedemokrati2023","article_published_time":"2024-02-05T17:05:55+00:00","article_modified_time":"2024-02-05T17:05:56+00:00","og_image":[{"width":965,"height":804,"url":"https:\/\/www.smedemokrati.sk\/wp-content\/uploads\/2024\/02\/8630157_1200x.jpg","type":"image\/jpeg"}],"author":"Tom\u00e1\u0161 Koppl","twitter_card":"summary_large_image","twitter_misc":{"Skriven av":"Tom\u00e1\u0161 Koppl","Ber\u00e4knad l\u00e4stid":"2 minuter"},"schema":{"@context":"https:\/\/schema.org","@graph":[{"@type":"Article","@id":"https:\/\/www.smedemokrati.sk\/simkovicova-chodi-na-rokovania-vlady-iba-na-kavu-zato-chce-hromadne-prepustat\/#article","isPartOf":{"@id":"https:\/\/www.smedemokrati.sk\/simkovicova-chodi-na-rokovania-vlady-iba-na-kavu-zato-chce-hromadne-prepustat\/"},"author":{"name":"Tom\u00e1\u0161 Koppl","@id":"https:\/\/www.smedemokrati.sk\/#\/schema\/person\/c60720f4b9955b3c1ed222ebd1fbbc7c"},"headline":"\u0160imkovi\u010dov\u00e1 chod\u00ed na rokovania vl\u00e1dy iba na k\u00e1vu, zato chce hromadne prep\u00fa\u0161\u0165a\u0165","datePublished":"2024-02-05T17:05:55+00:00","dateModified":"2024-02-05T17:05:56+00:00","mainEntityOfPage":{"@id":"https:\/\/www.smedemokrati.sk\/simkovicova-chodi-na-rokovania-vlady-iba-na-kavu-zato-chce-hromadne-prepustat\/"},"wordCount":375,"publisher":{"@id":"https:\/\/www.smedemokrati.sk\/#organization"},"image":{"@id":"https:\/\/www.smedemokrati.sk\/simkovicova-chodi-na-rokovania-vlady-iba-na-kavu-zato-chce-hromadne-prepustat\/#primaryimage"},"thumbnailUrl":"https:\/\/www.smedemokrati.sk\/wp-content\/uploads\/2024\/02\/8630157_1200x.jpg","articleSection":["Tla\u010dov\u00e9 spr\u00e1vy"],"inLanguage":"sv-SE"},{"@type":"WebPage","@id":"https:\/\/www.smedemokrati.sk\/simkovicova-chodi-na-rokovania-vlady-iba-na-kavu-zato-chce-hromadne-prepustat\/","url":"https:\/\/www.smedemokrati.sk\/simkovicova-chodi-na-rokovania-vlady-iba-na-kavu-zato-chce-hromadne-prepustat\/","name":"\u0160imkovi\u010dov\u00e1 chod\u00ed na rokovania vl\u00e1dy iba na k\u00e1vu, zato chce hromadne prep\u00fa\u0161\u0165a\u0165 - Smedemokrati.sk","isPartOf":{"@id":"https:\/\/www.smedemokrati.sk\/#website"},"primaryImageOfPage":{"@id":"https:\/\/www.smedemokrati.sk\/simkovicova-chodi-na-rokovania-vlady-iba-na-kavu-zato-chce-hromadne-prepustat\/#primaryimage"},"image":{"@id":"https:\/\/www.smedemokrati.sk\/simkovicova-chodi-na-rokovania-vlady-iba-na-kavu-zato-chce-hromadne-prepustat\/#primaryimage"},"thumbnailUrl":"https:\/\/www.smedemokrati.sk\/wp-content\/uploads\/2024\/02\/8630157_1200x.jpg","datePublished":"2024-02-05T17:05:55+00:00","dateModified":"2024-02-05T17:05:56+00:00","breadcrumb":{"@id":"https:\/\/www.smedemokrati.sk\/simkovicova-chodi-na-rokovania-vlady-iba-na-kavu-zato-chce-hromadne-prepustat\/#breadcrumb"},"inLanguage":"sv-SE","potentialAction":[{"@type":"ReadAction","target":["https:\/\/www.smedemokrati.sk\/simkovicova-chodi-na-rokovania-vlady-iba-na-kavu-zato-chce-hromadne-prepustat\/"]}]},{"@type":"ImageObject","inLanguage":"sv-SE","@id":"https:\/\/www.smedemokrati.sk\/simkovicova-chodi-na-rokovania-vlady-iba-na-kavu-zato-chce-hromadne-prepustat\/#primaryimage","url":"https:\/\/www.smedemokrati.sk\/wp-content\/uploads\/2024\/02\/8630157_1200x.jpg","contentUrl":"https:\/\/www.smedemokrati.sk\/wp-content\/uploads\/2024\/02\/8630157_1200x.jpg","width":965,"height":804},{"@type":"BreadcrumbList","@id":"https:\/\/www.smedemokrati.sk\/simkovicova-chodi-na-rokovania-vlady-iba-na-kavu-zato-chce-hromadne-prepustat\/#breadcrumb","itemListElement":[{"@type":"ListItem","position":1,"name":"Domovsk\u00e1 str\u00e1nka","item":"https:\/\/www.smedemokrati.sk\/"},{"@type":"ListItem","position":2,"name":"\u0160imkovi\u010dov\u00e1 chod\u00ed na rokovania vl\u00e1dy iba na k\u00e1vu, zato chce hromadne prep\u00fa\u0161\u0165a\u0165"}]},{"@type":"WebSite","@id":"https:\/\/www.smedemokrati.sk\/#website","url":"https:\/\/www.smedemokrati.sk\/","name":"Smedemokrati.sk","description":"Demokracia a slu\u0161nos\u0165 zv\u00ed\u0165az\u00ed","publisher":{"@id":"https:\/\/www.smedemokrati.sk\/#organization"},"potentialAction":[{"@type":"SearchAction","target":{"@type":"EntryPoint","urlTemplate":"https:\/\/www.smedemokrati.sk\/?s={search_term_string}"},"query-input":{"@type":"PropertyValueSpecification","valueRequired":true,"valueName":"search_term_string"}}],"inLanguage":"sv-SE"},{"@type":"Organization","@id":"https:\/\/www.smedemokrati.sk\/#organization","name":"Smedemokrati.sk","url":"https:\/\/www.smedemokrati.sk\/","logo":{"@type":"ImageObject","inLanguage":"sv-SE","@id":"https:\/\/www.smedemokrati.sk\/#\/schema\/logo\/image\/","url":"https:\/\/www.smedemokrati.sk\/wp-content\/uploads\/2023\/04\/ff.002.jpeg","contentUrl":"https:\/\/www.smedemokrati.sk\/wp-content\/uploads\/2023\/04\/ff.002.jpeg","width":640,"height":480,"caption":"Smedemokrati.sk"},"image":{"@id":"https:\/\/www.smedemokrati.sk\/#\/schema\/logo\/image\/"},"sameAs":["https:\/\/www.facebook.com\/smedemokrati2023"]},{"@type":"Person","@id":"https:\/\/www.smedemokrati.sk\/#\/schema\/person\/c60720f4b9955b3c1ed222ebd1fbbc7c","name":"Tom\u00e1\u0161 Koppl","image":{"@type":"ImageObject","inLanguage":"sv-SE","@id":"https:\/\/secure.gravatar.com\/avatar\/8dfa38373c5e39821baf74c8e867a6f12e12c6dab6559aa999d10703b0b1c4ce?s=96&d=mm&r=g","url":"https:\/\/secure.gravatar.com\/avatar\/8dfa38373c5e39821baf74c8e867a6f12e12c6dab6559aa999d10703b0b1c4ce?s=96&d=mm&r=g","contentUrl":"https:\/\/secure.gravatar.com\/avatar\/8dfa38373c5e39821baf74c8e867a6f12e12c6dab6559aa999d10703b0b1c4ce?s=96&d=mm&r=g","caption":"Tom\u00e1\u0161 Koppl"},"url":"https:\/\/www.smedemokrati.sk\/sv\/author\/tomaskoppl\/"}]}},"_links":{"self":[{"href":"https:\/\/www.smedemokrati.sk\/sv\/wp-json\/wp\/v2\/posts\/2628","targetHints":{"allow":["GET"]}}],"collection":[{"href":"https:\/\/www.smedemokrati.sk\/sv\/wp-json\/wp\/v2\/posts"}],"about":[{"href":"https:\/\/www.smedemokrati.sk\/sv\/wp-json\/wp\/v2\/types\/post"}],"author":[{"embeddable":true,"href":"https:\/\/www.smedemokrati.sk\/sv\/wp-json\/wp\/v2\/users\/7"}],"replies":[{"embeddable":true,"href":"https:\/\/www.smedemokrati.sk\/sv\/wp-json\/wp\/v2\/comments?post=2628"}],"version-history":[{"count":1,"href":"https:\/\/www.smedemokrati.sk\/sv\/wp-json\/wp\/v2\/posts\/2628\/revisions"}],"predecessor-version":[{"id":2630,"href":"https:\/\/www.smedemokrati.sk\/sv\/wp-json\/wp\/v2\/posts\/2628\/revisions\/2630"}],"wp:featuredmedia":[{"embeddable":true,"href":"https:\/\/www.smedemokrati.sk\/sv\/wp-json\/wp\/v2\/media\/2629"}],"wp:attachment":[{"href":"https:\/\/www.smedemokrati.sk\/sv\/wp-json\/wp\/v2\/media?parent=2628"}],"wp:term":[{"taxonomy":"category","embeddable":true,"href":"https:\/\/www.smedemokrati.sk\/sv\/wp-json\/wp\/v2\/categories?post=2628"},{"taxonomy":"post_tag","embeddable":true,"href":"https:\/\/www.smedemokrati.sk\/sv\/wp-json\/wp\/v2\/tags?post=2628"}],"curies":[{"name":"wp","href":"https:\/\/api.w.org\/{rel}","templated":true}]}}