{"id":2599,"date":"2024-02-02T16:20:58","date_gmt":"2024-02-02T14:20:58","guid":{"rendered":"https:\/\/www.smedemokrati.sk\/?p=2599"},"modified":"2024-02-02T16:20:59","modified_gmt":"2024-02-02T14:20:59","slug":"vedenie-rezortu-zivotneho-prostredia-za-100-dni-ukazalo-ako-sa-robi-rozvrat-v-ochrane-prirody","status":"publish","type":"post","link":"https:\/\/www.smedemokrati.sk\/sv\/vedenie-rezortu-zivotneho-prostredia-za-100-dni-ukazalo-ako-sa-robi-rozvrat-v-ochrane-prirody\/","title":{"rendered":"Vedenie rezortu \u017eivotn\u00e9ho prostredia za 100 dn\u00ed uk\u00e1zalo, ako sa rob\u00ed rozvrat v ochrane pr\u00edrody\u00a0"},"content":{"rendered":"<div id=\"fb-root\"><\/div>\n\n<p>Strana Demokrati v reakcii na tla\u010dov\u00fa konferenciu vedenia rezortu \u017eivotn\u00e9ho prostredia sumarizuje skuto\u010dn\u00e9 v\u00fdsledky za 100 dn\u00ed p\u00f4sobenia. Tom\u00e1\u0161<\/p>\n\n\n\n<p>Taraba toti\u017e op\u00e4\u0165 predviedol pr\u00e1zdnu politick\u00fa demag\u00f3giu, v ktorej likvid\u00e1ciu \u017eivotn\u00e9ho prostredia, ktorej je s\u00e1m strojcom, klamne prezentuje ako cestu rozvoja.<\/p>\n\n\n\n<p><em>\u201cMinister Taraba op\u00e4\u0165 uk\u00e1zal, \u017ee jeho ni\u010d okrem ustupovaniu priemyslu a budovania spa\u013eovn\u00ed nezauj\u00edma. To, \u010do on naz\u00fdva balans medzi ochranou \u017eivotn\u00e9ho prostredia a rozvojom hospod\u00e1rstva, je v skuto\u010dnosti n\u00e1vrat do prekonanej priemyselnej \u00e9ry, v\u010faka \u010domu ohroz\u00ed zdravie a prosperitu obyvate\u013eov,\u201d&nbsp;<\/em>upozor\u0148uje Michal Ki\u010da, expert strany na \u017eivotn\u00e9 prostredie a \u010dlen predsedn\u00edctva strany Demokrati.<\/p>\n\n\n\n<p><strong>Ke\u010f\u017ee minister Taraba neposkytol ob\u010danom re\u00e1lny odpis svojej \u010dinnosti, pon\u00fakame faktografick\u00e9, doh\u013eadate\u013en\u00fd sum\u00e1r uplynul\u00fdch dn\u00ed:<\/strong><\/p>\n\n\n\n<ol class=\"wp-block-list\" start=\"1\">\n<li>Zatia\u013e 25 odborn\u00edkov a expertov na \u017eivotn\u00e9 prostredie bolo bez udania d\u00f4vodu vyhoden\u00fdch a nahradili ich trafikanti strany, kamar\u00e1ti \u010di rodinn\u00ed pr\u00edslu\u0161n\u00edci SNS.<\/li>\n\n\n\n<li>Namiesto chr\u00e1nen\u00fdch druhov sa v Tatranskom n\u00e1rodnom parku za\u010dali chr\u00e1ni\u0165 pytliaci a Peter Olexa na\u010falej r\u00e1ta nov\u00e9 parkovacie miesta, lebo to je jeho v\u00edzia pre rozvoj n\u00e1\u0161ho najstar\u0161ieho n\u00e1rodn\u00e9ho parku.<\/li>\n\n\n\n<li>Spustilo sa finan\u010dn\u00e9 krv\u00e1canie na\u0161ich n\u00e1rodn\u00fdch parkov, ktor\u00fdm bud\u00fa odobrat\u00e9 zdroje &#8211; 12 mil. eur z Envirofondu. Tie poputuj\u00fa ve\u013ek\u00fdm priemyseln\u00fdm hr\u00e1\u010dom, a to aj napriek nieko\u013ekon\u00e1sobne vy\u0161\u0161\u00edm zdrojom pre priemysel ako Moderniza\u010dn\u00fd fond \u010di zdroje z Pl\u00e1nu obnovy.<\/li>\n\n\n\n<li>N\u00e1vrh nov\u00e9ho financovania n\u00e1rodn\u00fdch parkov cestou vyberania koncesi\u00ed, ktor\u00fd m\u00e1 v\u0161ak dva probl\u00e9my. Prv\u00fd, \u017ee \u00faplne pohlt\u00ed mal\u00fdch a stredn\u00fdch podnikate\u013eov v n\u00e1rodn\u00fdch parkoch na \u00fakor finan\u010dn\u00fdch \u017eralokov. Druh\u00fdm bude finan\u010dn\u00e1 z\u00e1vislos\u0165 na ustupovan\u00ed developerom a \u0165a\u017eb\u00e1rom dreva.<\/li>\n\n\n\n<li>Na jednu bezobsa\u017en\u00fa A4 vedenie vyprodukovalo revolu\u010dn\u00fd materi\u00e1l k rie\u0161eniu medve\u010fa hned\u00e9ho, ktor\u00fd v\u0161ak neobsahuje ich hlavn\u00fd predvolebn\u00fd s\u013eub &#8211; regula\u010dn\u00fd odlov medve\u010fa hned\u00e9ho. Materi\u00e1l neprin\u00e1\u0161a ni\u010d nov\u00e9, len pr\u00eds\u013eub extr\u00e9mne rizikovej stre\u013eby ostr\u00fdmi v intravil\u00e1noch obc\u00ed.<\/li>\n\n\n\n<li>S\u013eubovan\u00e9 kanaliz\u00e1cie sa tie\u017e stava\u0165 nebud\u00fa vo ve\u013ekom, lebo ka\u017edoro\u010dn\u00fdch 13 mil. eur na to ur\u010den\u00fdch sa z Envirofondu presunuli do Slovensk\u00e9ho vodohospod\u00e1rskeho podniku.<\/li>\n\n\n\n<li>Spustil sa megalomansk\u00fd tender na turb\u00edny v Gab\u010d\u00edkove, a to bez ak\u00e9hoko\u013evek hodnotenia \u00datvaru hodnoty za peniaze, hoci ide invest\u00edciu nad 1 mil. eur. P\u00f4vodne chcel minister z\u00e1kazku dokonca zada\u0165 napriamo bez verejn\u00e9ho obstar\u00e1vania.<\/li>\n\n\n\n<li>Rezort nepredstavil \u017eiadnu legislat\u00edvu na ochranu \u017eivotn\u00e9ho prostredia. Do svojich pl\u00e1nov nezaradil klimatick\u00fd z\u00e1kon a ani z\u00e1kon o krajinnom pl\u00e1novan\u00ed. \u010co v\u0161ak bude, je mo\u017enos\u0165 viac \u0165a\u017ei\u0165 drevo v na\u0161ich chr\u00e1nen\u00fdch lesoch, z\u00e1konom prihrali stovky mili\u00f3nov eur pre privatiz\u00e9rov na enviroz\u00e1\u0165a\u017ee. Nov\u00fd z\u00e1kon o EIA a strategick\u00fdch invest\u00edci\u00e1ch bude skuto\u010dnou pohromou pre \u013eud\u00ed. A ako bonus Taraba ide ohrozi\u0165 Pl\u00e1n obnovy.<\/li>\n\n\n\n<li>Mafi\u00e1nska novela trestn\u00e9ho z\u00e1kona zo Slovenska sprav\u00ed leg\u00e1lnu pytliacku republiku, preto\u017ee likvidovanie pr\u00edrody sa oplat\u00ed. A aj kradnutie, preto\u017ee sa zastav\u00ed aj st\u00edhanie v kauze Interblue.<\/li>\n\n\n\n<li>Nepriate\u013eom \u010d. 1 s\u00fa ochrancovia pr\u00edrody a mimovl\u00e1dne organiz\u00e1cie, Taraba opakovane klamal pri ich \u201cnadu\u017e\u00edvan\u00ed\u201d v slu\u017eb\u00e1ch \u0161t\u00e1tu a financovan\u00ed.<\/li>\n\n\n\n<li>Minister Taraba, ktor\u00fd r\u00e1d kritizuje d\u013a\u017eku povo\u013eovac\u00edch konan\u00ed, ako jeden z prv\u00fdch krokov zastavil vyd\u00e1vanie stanov\u00edsk EIA ministerstvom a ohrozil t\u00fdm invest\u00edciu automobilky VOLVO na Slovensku.<\/li>\n\n\n\n<li>Op\u00e4\u0165 sa bud\u00fa budova\u0165 priehrady tak nezmyselne a zbyto\u010dne, ako napr\u00edklad Slatinka, ktor\u00e1 sa minie \u00fa\u010dinku a navy\u0161e, jej v\u00fdstavba ohroz\u00ed \u017eivotn\u00e9 prostredie na Slovensku.<\/li>\n\n\n\n<li>&nbsp;Ako v\u0161estrann\u00fd liek na komun\u00e1lne odpady vid\u00ed s\u00fa\u010dasn\u00e9 vedenie iba zbyto\u010dne spa\u013eovne odpadov a vedome zamie\u0148a tento probl\u00e9m s priemyseln\u00fdmi odpadmi, \u010d\u00edm zav\u00e1dza verejnos\u0165.<\/li>\n\n\n\n<li>Sp\u00f4sobenie medzin\u00e1rodnej hanby a blam\u00e1\u017ee pri rie\u0161en\u00ed medve\u010fa hned\u00e9ho, kde minister Taraba prejavil svoju neodbornos\u0165. Eurokomis\u00e1ra pre \u017eivotn\u00e9 prostredie sa toti\u017e dotazoval na znenie z\u00e1kladnej smernice.<\/li>\n<\/ol>\n\n\n\n<p>\u201e<em>Je smutn\u00e9, \u017ee takto vyzer\u00e1 vysved\u010denie vedenia rezortu \u017eivotn\u00e9ho prostredia za 100 dn\u00ed. No nem\u00f4\u017eeme ma\u0165 zrejme vy\u0161\u0161ie o\u010dak\u00e1vania, najm\u00e4 ak ministrom je \u010dlovek, ktor\u00fd je ment\u00e1lne zaseknut\u00fd v dobe priemyselnej. \u010co je v\u0161ak to najsmutnej\u0161ie, tak s\u00fa to re\u00e1lne \u0161kody, ktor\u00e9 svoj\u00edm konan\u00edm nap\u00e1cha na \u017eivotnom prostred\u00ed. Tie sa pre n\u00e1s stan\u00fa skuto\u010dnou bezpe\u010dnostnou hrozbou a finan\u010dnou z\u00e1\u0165a\u017eou,\u201d<\/em>\u00a0dod\u00e1va na z\u00e1ver Michal Ki\u010da.<\/p>\n","protected":false},"excerpt":{"rendered":"<p>Strana Demokrati v reakcii na tla\u010dov\u00fa konferenciu vedenia rezortu \u017eivotn\u00e9ho prostredia sumarizuje skuto\u010dn\u00e9 v\u00fdsledky za 100 dn\u00ed p\u00f4sobenia. Tom\u00e1\u0161 Taraba toti\u017e op\u00e4\u0165 predviedol pr\u00e1zdnu politick\u00fa demag\u00f3giu, v ktorej likvid\u00e1ciu \u017eivotn\u00e9ho prostredia, ktorej je s\u00e1m strojcom, klamne prezentuje ako cestu rozvoja. \u201cMinister Taraba op\u00e4\u0165 uk\u00e1zal, \u017ee jeho ni\u010d okrem ustupovaniu priemyslu a budovania spa\u013eovn\u00ed nezauj\u00edma. To, [&hellip;]<\/p>\n","protected":false},"author":7,"featured_media":385,"comment_status":"closed","ping_status":"closed","sticky":false,"template":"","format":"standard","meta":{"_acf_changed":false,"ngg_post_thumbnail":0,"footnotes":""},"categories":[4],"tags":[],"class_list":["post-2599","post","type-post","status-publish","format-standard","has-post-thumbnail","hentry","category-tlacove-spravy"],"acf":[],"yoast_head":"<!-- This site is optimized with the Yoast SEO plugin v27.2 - https:\/\/yoast.com\/product\/yoast-seo-wordpress\/ -->\n<title>Vedenie rezortu \u017eivotn\u00e9ho prostredia za 100 dn\u00ed uk\u00e1zalo, ako sa rob\u00ed rozvrat v ochrane pr\u00edrody\u00a0 - Smedemokrati.sk<\/title>\n<meta name=\"robots\" content=\"index, follow, max-snippet:-1, max-image-preview:large, max-video-preview:-1\" \/>\n<link rel=\"canonical\" href=\"https:\/\/www.smedemokrati.sk\/sv\/vedenie-rezortu-zivotneho-prostredia-za-100-dni-ukazalo-ako-sa-robi-rozvrat-v-ochrane-prirody\/\" \/>\n<meta property=\"og:locale\" content=\"sv_SE\" \/>\n<meta property=\"og:locale:alternate\" content=\"en_US\" \/>\n<meta property=\"og:locale:alternate\" content=\"cs_CZ\" \/>\n<meta property=\"og:locale:alternate\" content=\"hu_HU\" \/>\n<meta property=\"og:locale:alternate\" content=\"sk_SK\" \/>\n<meta property=\"og:type\" content=\"article\" \/>\n<meta property=\"og:title\" content=\"Vedenie rezortu \u017eivotn\u00e9ho prostredia za 100 dn\u00ed uk\u00e1zalo, ako sa rob\u00ed rozvrat v ochrane pr\u00edrody\u00a0 - Smedemokrati.sk\" \/>\n<meta property=\"og:description\" content=\"Strana Demokrati v reakcii na tla\u010dov\u00fa konferenciu vedenia rezortu \u017eivotn\u00e9ho prostredia sumarizuje skuto\u010dn\u00e9 v\u00fdsledky za 100 dn\u00ed p\u00f4sobenia. Tom\u00e1\u0161 Taraba toti\u017e op\u00e4\u0165 predviedol pr\u00e1zdnu politick\u00fa demag\u00f3giu, v ktorej likvid\u00e1ciu \u017eivotn\u00e9ho prostredia, ktorej je s\u00e1m strojcom, klamne prezentuje ako cestu rozvoja. \u201cMinister Taraba op\u00e4\u0165 uk\u00e1zal, \u017ee jeho ni\u010d okrem ustupovaniu priemyslu a budovania spa\u013eovn\u00ed nezauj\u00edma. To, [&hellip;]\" \/>\n<meta property=\"og:url\" content=\"https:\/\/www.smedemokrati.sk\/sv\/vedenie-rezortu-zivotneho-prostredia-za-100-dni-ukazalo-ako-sa-robi-rozvrat-v-ochrane-prirody\/\" \/>\n<meta property=\"og:site_name\" content=\"Smedemokrati.sk\" \/>\n<meta property=\"article:publisher\" content=\"https:\/\/www.facebook.com\/smedemokrati2023\" \/>\n<meta property=\"article:published_time\" content=\"2024-02-02T14:20:58+00:00\" \/>\n<meta property=\"article:modified_time\" content=\"2024-02-02T14:20:59+00:00\" \/>\n<meta property=\"og:image\" content=\"https:\/\/www.smedemokrati.sk\/wp-content\/uploads\/2023\/04\/MKica.jpg\" \/>\n\t<meta property=\"og:image:width\" content=\"1520\" \/>\n\t<meta property=\"og:image:height\" content=\"1080\" \/>\n\t<meta property=\"og:image:type\" content=\"image\/jpeg\" \/>\n<meta name=\"author\" content=\"Tom\u00e1\u0161 Koppl\" \/>\n<meta name=\"twitter:card\" content=\"summary_large_image\" \/>\n<meta name=\"twitter:label1\" content=\"Skriven av\" \/>\n\t<meta name=\"twitter:data1\" content=\"Tom\u00e1\u0161 Koppl\" \/>\n\t<meta name=\"twitter:label2\" content=\"Ber\u00e4knad l\u00e4stid\" \/>\n\t<meta name=\"twitter:data2\" content=\"4 minuter\" \/>\n<script type=\"application\/ld+json\" class=\"yoast-schema-graph\">{\"@context\":\"https:\/\/schema.org\",\"@graph\":[{\"@type\":\"Article\",\"@id\":\"https:\/\/www.smedemokrati.sk\/vedenie-rezortu-zivotneho-prostredia-za-100-dni-ukazalo-ako-sa-robi-rozvrat-v-ochrane-prirody\/#article\",\"isPartOf\":{\"@id\":\"https:\/\/www.smedemokrati.sk\/vedenie-rezortu-zivotneho-prostredia-za-100-dni-ukazalo-ako-sa-robi-rozvrat-v-ochrane-prirody\/\"},\"author\":{\"name\":\"Tom\u00e1\u0161 Koppl\",\"@id\":\"https:\/\/www.smedemokrati.sk\/#\/schema\/person\/c60720f4b9955b3c1ed222ebd1fbbc7c\"},\"headline\":\"Vedenie rezortu \u017eivotn\u00e9ho prostredia za 100 dn\u00ed uk\u00e1zalo, ako sa rob\u00ed rozvrat v ochrane pr\u00edrody\u00a0\",\"datePublished\":\"2024-02-02T14:20:58+00:00\",\"dateModified\":\"2024-02-02T14:20:59+00:00\",\"mainEntityOfPage\":{\"@id\":\"https:\/\/www.smedemokrati.sk\/vedenie-rezortu-zivotneho-prostredia-za-100-dni-ukazalo-ako-sa-robi-rozvrat-v-ochrane-prirody\/\"},\"wordCount\":829,\"publisher\":{\"@id\":\"https:\/\/www.smedemokrati.sk\/#organization\"},\"image\":{\"@id\":\"https:\/\/www.smedemokrati.sk\/vedenie-rezortu-zivotneho-prostredia-za-100-dni-ukazalo-ako-sa-robi-rozvrat-v-ochrane-prirody\/#primaryimage\"},\"thumbnailUrl\":\"https:\/\/www.smedemokrati.sk\/wp-content\/uploads\/2023\/04\/MKica.jpg\",\"articleSection\":[\"Tla\u010dov\u00e9 spr\u00e1vy\"],\"inLanguage\":\"sv-SE\"},{\"@type\":\"WebPage\",\"@id\":\"https:\/\/www.smedemokrati.sk\/vedenie-rezortu-zivotneho-prostredia-za-100-dni-ukazalo-ako-sa-robi-rozvrat-v-ochrane-prirody\/\",\"url\":\"https:\/\/www.smedemokrati.sk\/vedenie-rezortu-zivotneho-prostredia-za-100-dni-ukazalo-ako-sa-robi-rozvrat-v-ochrane-prirody\/\",\"name\":\"Vedenie rezortu \u017eivotn\u00e9ho prostredia za 100 dn\u00ed uk\u00e1zalo, ako sa rob\u00ed rozvrat v ochrane pr\u00edrody\u00a0 - Smedemokrati.sk\",\"isPartOf\":{\"@id\":\"https:\/\/www.smedemokrati.sk\/#website\"},\"primaryImageOfPage\":{\"@id\":\"https:\/\/www.smedemokrati.sk\/vedenie-rezortu-zivotneho-prostredia-za-100-dni-ukazalo-ako-sa-robi-rozvrat-v-ochrane-prirody\/#primaryimage\"},\"image\":{\"@id\":\"https:\/\/www.smedemokrati.sk\/vedenie-rezortu-zivotneho-prostredia-za-100-dni-ukazalo-ako-sa-robi-rozvrat-v-ochrane-prirody\/#primaryimage\"},\"thumbnailUrl\":\"https:\/\/www.smedemokrati.sk\/wp-content\/uploads\/2023\/04\/MKica.jpg\",\"datePublished\":\"2024-02-02T14:20:58+00:00\",\"dateModified\":\"2024-02-02T14:20:59+00:00\",\"breadcrumb\":{\"@id\":\"https:\/\/www.smedemokrati.sk\/vedenie-rezortu-zivotneho-prostredia-za-100-dni-ukazalo-ako-sa-robi-rozvrat-v-ochrane-prirody\/#breadcrumb\"},\"inLanguage\":\"sv-SE\",\"potentialAction\":[{\"@type\":\"ReadAction\",\"target\":[\"https:\/\/www.smedemokrati.sk\/vedenie-rezortu-zivotneho-prostredia-za-100-dni-ukazalo-ako-sa-robi-rozvrat-v-ochrane-prirody\/\"]}]},{\"@type\":\"ImageObject\",\"inLanguage\":\"sv-SE\",\"@id\":\"https:\/\/www.smedemokrati.sk\/vedenie-rezortu-zivotneho-prostredia-za-100-dni-ukazalo-ako-sa-robi-rozvrat-v-ochrane-prirody\/#primaryimage\",\"url\":\"https:\/\/www.smedemokrati.sk\/wp-content\/uploads\/2023\/04\/MKica.jpg\",\"contentUrl\":\"https:\/\/www.smedemokrati.sk\/wp-content\/uploads\/2023\/04\/MKica.jpg\",\"width\":1520,\"height\":1080},{\"@type\":\"BreadcrumbList\",\"@id\":\"https:\/\/www.smedemokrati.sk\/vedenie-rezortu-zivotneho-prostredia-za-100-dni-ukazalo-ako-sa-robi-rozvrat-v-ochrane-prirody\/#breadcrumb\",\"itemListElement\":[{\"@type\":\"ListItem\",\"position\":1,\"name\":\"Domovsk\u00e1 str\u00e1nka\",\"item\":\"https:\/\/www.smedemokrati.sk\/\"},{\"@type\":\"ListItem\",\"position\":2,\"name\":\"Vedenie rezortu \u017eivotn\u00e9ho prostredia za 100 dn\u00ed uk\u00e1zalo, ako sa rob\u00ed rozvrat v ochrane pr\u00edrody\u00a0\"}]},{\"@type\":\"WebSite\",\"@id\":\"https:\/\/www.smedemokrati.sk\/#website\",\"url\":\"https:\/\/www.smedemokrati.sk\/\",\"name\":\"Smedemokrati.sk\",\"description\":\"Demokracia a slu\u0161nos\u0165 zv\u00ed\u0165az\u00ed\",\"publisher\":{\"@id\":\"https:\/\/www.smedemokrati.sk\/#organization\"},\"potentialAction\":[{\"@type\":\"SearchAction\",\"target\":{\"@type\":\"EntryPoint\",\"urlTemplate\":\"https:\/\/www.smedemokrati.sk\/?s={search_term_string}\"},\"query-input\":{\"@type\":\"PropertyValueSpecification\",\"valueRequired\":true,\"valueName\":\"search_term_string\"}}],\"inLanguage\":\"sv-SE\"},{\"@type\":\"Organization\",\"@id\":\"https:\/\/www.smedemokrati.sk\/#organization\",\"name\":\"Smedemokrati.sk\",\"url\":\"https:\/\/www.smedemokrati.sk\/\",\"logo\":{\"@type\":\"ImageObject\",\"inLanguage\":\"sv-SE\",\"@id\":\"https:\/\/www.smedemokrati.sk\/#\/schema\/logo\/image\/\",\"url\":\"https:\/\/www.smedemokrati.sk\/wp-content\/uploads\/2023\/04\/ff.002.jpeg\",\"contentUrl\":\"https:\/\/www.smedemokrati.sk\/wp-content\/uploads\/2023\/04\/ff.002.jpeg\",\"width\":640,\"height\":480,\"caption\":\"Smedemokrati.sk\"},\"image\":{\"@id\":\"https:\/\/www.smedemokrati.sk\/#\/schema\/logo\/image\/\"},\"sameAs\":[\"https:\/\/www.facebook.com\/smedemokrati2023\"]},{\"@type\":\"Person\",\"@id\":\"https:\/\/www.smedemokrati.sk\/#\/schema\/person\/c60720f4b9955b3c1ed222ebd1fbbc7c\",\"name\":\"Tom\u00e1\u0161 Koppl\",\"image\":{\"@type\":\"ImageObject\",\"inLanguage\":\"sv-SE\",\"@id\":\"https:\/\/secure.gravatar.com\/avatar\/8dfa38373c5e39821baf74c8e867a6f12e12c6dab6559aa999d10703b0b1c4ce?s=96&d=mm&r=g\",\"url\":\"https:\/\/secure.gravatar.com\/avatar\/8dfa38373c5e39821baf74c8e867a6f12e12c6dab6559aa999d10703b0b1c4ce?s=96&d=mm&r=g\",\"contentUrl\":\"https:\/\/secure.gravatar.com\/avatar\/8dfa38373c5e39821baf74c8e867a6f12e12c6dab6559aa999d10703b0b1c4ce?s=96&d=mm&r=g\",\"caption\":\"Tom\u00e1\u0161 Koppl\"},\"url\":\"https:\/\/www.smedemokrati.sk\/sv\/author\/tomaskoppl\/\"}]}<\/script>\n<!-- \/ Yoast SEO plugin. -->","yoast_head_json":{"title":"Vedenie rezortu \u017eivotn\u00e9ho prostredia za 100 dn\u00ed uk\u00e1zalo, ako sa rob\u00ed rozvrat v ochrane pr\u00edrody\u00a0 - Smedemokrati.sk","robots":{"index":"index","follow":"follow","max-snippet":"max-snippet:-1","max-image-preview":"max-image-preview:large","max-video-preview":"max-video-preview:-1"},"canonical":"https:\/\/www.smedemokrati.sk\/sv\/vedenie-rezortu-zivotneho-prostredia-za-100-dni-ukazalo-ako-sa-robi-rozvrat-v-ochrane-prirody\/","og_locale":"sv_SE","og_type":"article","og_title":"Vedenie rezortu \u017eivotn\u00e9ho prostredia za 100 dn\u00ed uk\u00e1zalo, ako sa rob\u00ed rozvrat v ochrane pr\u00edrody\u00a0 - Smedemokrati.sk","og_description":"Strana Demokrati v reakcii na tla\u010dov\u00fa konferenciu vedenia rezortu \u017eivotn\u00e9ho prostredia sumarizuje skuto\u010dn\u00e9 v\u00fdsledky za 100 dn\u00ed p\u00f4sobenia. Tom\u00e1\u0161 Taraba toti\u017e op\u00e4\u0165 predviedol pr\u00e1zdnu politick\u00fa demag\u00f3giu, v ktorej likvid\u00e1ciu \u017eivotn\u00e9ho prostredia, ktorej je s\u00e1m strojcom, klamne prezentuje ako cestu rozvoja. \u201cMinister Taraba op\u00e4\u0165 uk\u00e1zal, \u017ee jeho ni\u010d okrem ustupovaniu priemyslu a budovania spa\u013eovn\u00ed nezauj\u00edma. To, [&hellip;]","og_url":"https:\/\/www.smedemokrati.sk\/sv\/vedenie-rezortu-zivotneho-prostredia-za-100-dni-ukazalo-ako-sa-robi-rozvrat-v-ochrane-prirody\/","og_site_name":"Smedemokrati.sk","article_publisher":"https:\/\/www.facebook.com\/smedemokrati2023","article_published_time":"2024-02-02T14:20:58+00:00","article_modified_time":"2024-02-02T14:20:59+00:00","og_image":[{"width":1520,"height":1080,"url":"https:\/\/www.smedemokrati.sk\/wp-content\/uploads\/2023\/04\/MKica.jpg","type":"image\/jpeg"}],"author":"Tom\u00e1\u0161 Koppl","twitter_card":"summary_large_image","twitter_misc":{"Skriven av":"Tom\u00e1\u0161 Koppl","Ber\u00e4knad l\u00e4stid":"4 minuter"},"schema":{"@context":"https:\/\/schema.org","@graph":[{"@type":"Article","@id":"https:\/\/www.smedemokrati.sk\/vedenie-rezortu-zivotneho-prostredia-za-100-dni-ukazalo-ako-sa-robi-rozvrat-v-ochrane-prirody\/#article","isPartOf":{"@id":"https:\/\/www.smedemokrati.sk\/vedenie-rezortu-zivotneho-prostredia-za-100-dni-ukazalo-ako-sa-robi-rozvrat-v-ochrane-prirody\/"},"author":{"name":"Tom\u00e1\u0161 Koppl","@id":"https:\/\/www.smedemokrati.sk\/#\/schema\/person\/c60720f4b9955b3c1ed222ebd1fbbc7c"},"headline":"Vedenie rezortu \u017eivotn\u00e9ho prostredia za 100 dn\u00ed uk\u00e1zalo, ako sa rob\u00ed rozvrat v ochrane pr\u00edrody\u00a0","datePublished":"2024-02-02T14:20:58+00:00","dateModified":"2024-02-02T14:20:59+00:00","mainEntityOfPage":{"@id":"https:\/\/www.smedemokrati.sk\/vedenie-rezortu-zivotneho-prostredia-za-100-dni-ukazalo-ako-sa-robi-rozvrat-v-ochrane-prirody\/"},"wordCount":829,"publisher":{"@id":"https:\/\/www.smedemokrati.sk\/#organization"},"image":{"@id":"https:\/\/www.smedemokrati.sk\/vedenie-rezortu-zivotneho-prostredia-za-100-dni-ukazalo-ako-sa-robi-rozvrat-v-ochrane-prirody\/#primaryimage"},"thumbnailUrl":"https:\/\/www.smedemokrati.sk\/wp-content\/uploads\/2023\/04\/MKica.jpg","articleSection":["Tla\u010dov\u00e9 spr\u00e1vy"],"inLanguage":"sv-SE"},{"@type":"WebPage","@id":"https:\/\/www.smedemokrati.sk\/vedenie-rezortu-zivotneho-prostredia-za-100-dni-ukazalo-ako-sa-robi-rozvrat-v-ochrane-prirody\/","url":"https:\/\/www.smedemokrati.sk\/vedenie-rezortu-zivotneho-prostredia-za-100-dni-ukazalo-ako-sa-robi-rozvrat-v-ochrane-prirody\/","name":"Vedenie rezortu \u017eivotn\u00e9ho prostredia za 100 dn\u00ed uk\u00e1zalo, ako sa rob\u00ed rozvrat v ochrane pr\u00edrody\u00a0 - Smedemokrati.sk","isPartOf":{"@id":"https:\/\/www.smedemokrati.sk\/#website"},"primaryImageOfPage":{"@id":"https:\/\/www.smedemokrati.sk\/vedenie-rezortu-zivotneho-prostredia-za-100-dni-ukazalo-ako-sa-robi-rozvrat-v-ochrane-prirody\/#primaryimage"},"image":{"@id":"https:\/\/www.smedemokrati.sk\/vedenie-rezortu-zivotneho-prostredia-za-100-dni-ukazalo-ako-sa-robi-rozvrat-v-ochrane-prirody\/#primaryimage"},"thumbnailUrl":"https:\/\/www.smedemokrati.sk\/wp-content\/uploads\/2023\/04\/MKica.jpg","datePublished":"2024-02-02T14:20:58+00:00","dateModified":"2024-02-02T14:20:59+00:00","breadcrumb":{"@id":"https:\/\/www.smedemokrati.sk\/vedenie-rezortu-zivotneho-prostredia-za-100-dni-ukazalo-ako-sa-robi-rozvrat-v-ochrane-prirody\/#breadcrumb"},"inLanguage":"sv-SE","potentialAction":[{"@type":"ReadAction","target":["https:\/\/www.smedemokrati.sk\/vedenie-rezortu-zivotneho-prostredia-za-100-dni-ukazalo-ako-sa-robi-rozvrat-v-ochrane-prirody\/"]}]},{"@type":"ImageObject","inLanguage":"sv-SE","@id":"https:\/\/www.smedemokrati.sk\/vedenie-rezortu-zivotneho-prostredia-za-100-dni-ukazalo-ako-sa-robi-rozvrat-v-ochrane-prirody\/#primaryimage","url":"https:\/\/www.smedemokrati.sk\/wp-content\/uploads\/2023\/04\/MKica.jpg","contentUrl":"https:\/\/www.smedemokrati.sk\/wp-content\/uploads\/2023\/04\/MKica.jpg","width":1520,"height":1080},{"@type":"BreadcrumbList","@id":"https:\/\/www.smedemokrati.sk\/vedenie-rezortu-zivotneho-prostredia-za-100-dni-ukazalo-ako-sa-robi-rozvrat-v-ochrane-prirody\/#breadcrumb","itemListElement":[{"@type":"ListItem","position":1,"name":"Domovsk\u00e1 str\u00e1nka","item":"https:\/\/www.smedemokrati.sk\/"},{"@type":"ListItem","position":2,"name":"Vedenie rezortu \u017eivotn\u00e9ho prostredia za 100 dn\u00ed uk\u00e1zalo, ako sa rob\u00ed rozvrat v ochrane pr\u00edrody\u00a0"}]},{"@type":"WebSite","@id":"https:\/\/www.smedemokrati.sk\/#website","url":"https:\/\/www.smedemokrati.sk\/","name":"Smedemokrati.sk","description":"Demokracia a slu\u0161nos\u0165 zv\u00ed\u0165az\u00ed","publisher":{"@id":"https:\/\/www.smedemokrati.sk\/#organization"},"potentialAction":[{"@type":"SearchAction","target":{"@type":"EntryPoint","urlTemplate":"https:\/\/www.smedemokrati.sk\/?s={search_term_string}"},"query-input":{"@type":"PropertyValueSpecification","valueRequired":true,"valueName":"search_term_string"}}],"inLanguage":"sv-SE"},{"@type":"Organization","@id":"https:\/\/www.smedemokrati.sk\/#organization","name":"Smedemokrati.sk","url":"https:\/\/www.smedemokrati.sk\/","logo":{"@type":"ImageObject","inLanguage":"sv-SE","@id":"https:\/\/www.smedemokrati.sk\/#\/schema\/logo\/image\/","url":"https:\/\/www.smedemokrati.sk\/wp-content\/uploads\/2023\/04\/ff.002.jpeg","contentUrl":"https:\/\/www.smedemokrati.sk\/wp-content\/uploads\/2023\/04\/ff.002.jpeg","width":640,"height":480,"caption":"Smedemokrati.sk"},"image":{"@id":"https:\/\/www.smedemokrati.sk\/#\/schema\/logo\/image\/"},"sameAs":["https:\/\/www.facebook.com\/smedemokrati2023"]},{"@type":"Person","@id":"https:\/\/www.smedemokrati.sk\/#\/schema\/person\/c60720f4b9955b3c1ed222ebd1fbbc7c","name":"Tom\u00e1\u0161 Koppl","image":{"@type":"ImageObject","inLanguage":"sv-SE","@id":"https:\/\/secure.gravatar.com\/avatar\/8dfa38373c5e39821baf74c8e867a6f12e12c6dab6559aa999d10703b0b1c4ce?s=96&d=mm&r=g","url":"https:\/\/secure.gravatar.com\/avatar\/8dfa38373c5e39821baf74c8e867a6f12e12c6dab6559aa999d10703b0b1c4ce?s=96&d=mm&r=g","contentUrl":"https:\/\/secure.gravatar.com\/avatar\/8dfa38373c5e39821baf74c8e867a6f12e12c6dab6559aa999d10703b0b1c4ce?s=96&d=mm&r=g","caption":"Tom\u00e1\u0161 Koppl"},"url":"https:\/\/www.smedemokrati.sk\/sv\/author\/tomaskoppl\/"}]}},"_links":{"self":[{"href":"https:\/\/www.smedemokrati.sk\/sv\/wp-json\/wp\/v2\/posts\/2599","targetHints":{"allow":["GET"]}}],"collection":[{"href":"https:\/\/www.smedemokrati.sk\/sv\/wp-json\/wp\/v2\/posts"}],"about":[{"href":"https:\/\/www.smedemokrati.sk\/sv\/wp-json\/wp\/v2\/types\/post"}],"author":[{"embeddable":true,"href":"https:\/\/www.smedemokrati.sk\/sv\/wp-json\/wp\/v2\/users\/7"}],"replies":[{"embeddable":true,"href":"https:\/\/www.smedemokrati.sk\/sv\/wp-json\/wp\/v2\/comments?post=2599"}],"version-history":[{"count":1,"href":"https:\/\/www.smedemokrati.sk\/sv\/wp-json\/wp\/v2\/posts\/2599\/revisions"}],"predecessor-version":[{"id":2600,"href":"https:\/\/www.smedemokrati.sk\/sv\/wp-json\/wp\/v2\/posts\/2599\/revisions\/2600"}],"wp:featuredmedia":[{"embeddable":true,"href":"https:\/\/www.smedemokrati.sk\/sv\/wp-json\/wp\/v2\/media\/385"}],"wp:attachment":[{"href":"https:\/\/www.smedemokrati.sk\/sv\/wp-json\/wp\/v2\/media?parent=2599"}],"wp:term":[{"taxonomy":"category","embeddable":true,"href":"https:\/\/www.smedemokrati.sk\/sv\/wp-json\/wp\/v2\/categories?post=2599"},{"taxonomy":"post_tag","embeddable":true,"href":"https:\/\/www.smedemokrati.sk\/sv\/wp-json\/wp\/v2\/tags?post=2599"}],"curies":[{"name":"wp","href":"https:\/\/api.w.org\/{rel}","templated":true}]}}