{"id":2591,"date":"2024-02-01T13:55:41","date_gmt":"2024-02-01T11:55:41","guid":{"rendered":"https:\/\/www.smedemokrati.sk\/?p=2591"},"modified":"2024-02-01T13:55:42","modified_gmt":"2024-02-01T11:55:42","slug":"vyzyvame-ministra-raza-k-verejnej-diskusii","status":"publish","type":"post","link":"https:\/\/www.smedemokrati.sk\/sv\/vyzyvame-ministra-raza-k-verejnej-diskusii\/","title":{"rendered":"Vyz\u00fdvame ministra R\u00e1\u017ea k verejnej diskusii"},"content":{"rendered":"<div id=\"fb-root\"><\/div>\n\n<p>Demokrati vyz\u00fdvaj\u00fa ministra dopravy Jozefa R\u00e1\u017ea (nom. SMER-SD) na verejn\u00fa diskusiu k z\u00e1konu o strategick\u00fdch invest\u00edci\u00e1ch. Strana tak reaguje na opakovan\u00e9 odmietnutie z\u00e1stupcov rezortu z\u00fa\u010dastni\u0165 sa telev\u00edznej rel\u00e1cie na t\u00fato t\u00e9mu s expertmi strany a predstavite\u013emi verejnosti z radov mimovl\u00e1dnych organiz\u00e1ci\u00ed.&nbsp;<\/p>\n\n\n\n<p><em>\u201eZ\u00e1stupcovia rezortu dopravy sa odmietaj\u00fa z\u00fa\u010dast\u0148ova\u0165 zorganizovan\u00fdch diskusi\u00ed, kde by mohli vysvetli\u0165 svoj z\u00e1mer. Ospravedl\u0148uj\u00fa sa pre \u00fadajn\u00fa pracovn\u00fa zanepr\u00e1zdnenos\u0165. Tak\u00e9to ospravedlnenie pova\u017eujeme za v\u00fdhovorku, aj diskusia s verejnos\u0165ou je pr\u00e1cou dobr\u00e9ho ministra, ov\u0161em, ak si za svoj\u00edm n\u00e1vrhom stoj\u00ed a vie ho riadne zd\u00f4vodni\u0165,\u201c<\/em>\u00a0vysvet\u013euje d\u00f4vody v\u00fdzvy \u010dlen predsedn\u00edctva strany Demokrati a expert na \u017eivotn\u00e9 prostredie Michal Ki\u010da.<\/p>\n\n\n\n<p>N\u00e1vrh z\u00e1kona predstavuje pod\u013ea Demokratov doslova masaker z\u00e1kladn\u00fdch pr\u00e1v ob\u010danov, najm\u00e4 vlastn\u00edckeho pr\u00e1va a pr\u00e1va na priazniv\u00e9 \u017eivotn\u00e9 prostredie. Navy\u0161e, je predkladan\u00fd v expresnom legislat\u00edvnom konan\u00ed. Tak\u00fdto postup preto opr\u00e1vnene vzbudil z\u00e1ujem verejnosti a obavy expertov a mimovl\u00e1dnych organiz\u00e1ci\u00ed. V\u00fdsledkom n\u00e1vrhu bude pod\u013ea Ki\u010du z\u00e1va\u017en\u00e9 od\u0148atie pr\u00e1v ob\u010danov len za \u00fa\u010delom presadzovania sporn\u00fdch projektov: potenci\u00e1lne spa\u013eovn\u00ed nebezpe\u010dn\u00e9ho odpadu, zbyto\u010dn\u00fdch priehrad, \u0165a\u017eby ropy a zemn\u00e9ho plynu vo V\u00fdchodn\u00fdch Karpatoch, pr\u00edstavu v Bratislave s vyr\u00faban\u00edm 100 000 stromov lu\u017en\u00e9ho lesa, hlbinn\u00e9 \u00falo\u017eisko r\u00e1dioakt\u00edvneho odpadu a \u010doko\u013evek, \u010do si vl\u00e1da \u201ezmysl\u00ed\u201c. Preto je namieste, aby sa o tak z\u00e1va\u017en\u00fdch z\u00e1sahoch do pr\u00e1v ob\u010danov viedla verejn\u00e1 diskusia, nielen zr\u00fdchlen\u00e9 rozporov\u00e9 konania za zatvoren\u00fdmi dverami.\u00a0<\/p>\n\n\n\n<p><em>\u201eAk minister R\u00e1\u017e bude dr\u017ea\u0165 bobr\u00edka ml\u010danlivosti, uk\u00e1\u017ee, \u017ee sa boj\u00ed argument\u00e1cie, preto\u017ee ob\u010dania by pochopili, ak\u00e1 pohroma sa val\u00ed na ich vlastn\u00edcke pr\u00e1va,\u201d<\/em>\u00a0zakon\u010dil v\u00fdzvu Michal Ki\u010da.<\/p>\n","protected":false},"excerpt":{"rendered":"<p>Demokrati vyz\u00fdvaj\u00fa ministra dopravy Jozefa R\u00e1\u017ea (nom. SMER-SD) na verejn\u00fa diskusiu k z\u00e1konu o strategick\u00fdch invest\u00edci\u00e1ch. Strana tak reaguje na opakovan\u00e9 odmietnutie z\u00e1stupcov rezortu z\u00fa\u010dastni\u0165 sa telev\u00edznej rel\u00e1cie na t\u00fato t\u00e9mu s expertmi strany a predstavite\u013emi verejnosti z radov mimovl\u00e1dnych organiz\u00e1ci\u00ed.&nbsp; \u201eZ\u00e1stupcovia rezortu dopravy sa odmietaj\u00fa z\u00fa\u010dast\u0148ova\u0165 zorganizovan\u00fdch diskusi\u00ed, kde by mohli vysvetli\u0165 svoj z\u00e1mer. [&hellip;]<\/p>\n","protected":false},"author":7,"featured_media":2592,"comment_status":"closed","ping_status":"closed","sticky":false,"template":"","format":"standard","meta":{"_acf_changed":false,"ngg_post_thumbnail":0,"footnotes":""},"categories":[4],"tags":[],"class_list":["post-2591","post","type-post","status-publish","format-standard","has-post-thumbnail","hentry","category-tlacove-spravy"],"acf":[],"yoast_head":"<!-- This site is optimized with the Yoast SEO plugin v27.2 - https:\/\/yoast.com\/product\/yoast-seo-wordpress\/ -->\n<title>Vyz\u00fdvame ministra R\u00e1\u017ea k verejnej diskusii - Smedemokrati.sk<\/title>\n<meta name=\"robots\" content=\"index, follow, max-snippet:-1, max-image-preview:large, max-video-preview:-1\" \/>\n<link rel=\"canonical\" href=\"https:\/\/www.smedemokrati.sk\/sv\/vyzyvame-ministra-raza-k-verejnej-diskusii\/\" \/>\n<meta property=\"og:locale\" content=\"sv_SE\" \/>\n<meta property=\"og:locale:alternate\" content=\"en_US\" \/>\n<meta property=\"og:locale:alternate\" content=\"cs_CZ\" \/>\n<meta property=\"og:locale:alternate\" content=\"hu_HU\" \/>\n<meta property=\"og:locale:alternate\" content=\"sk_SK\" \/>\n<meta property=\"og:type\" content=\"article\" \/>\n<meta property=\"og:title\" content=\"Vyz\u00fdvame ministra R\u00e1\u017ea k verejnej diskusii - Smedemokrati.sk\" \/>\n<meta property=\"og:description\" content=\"Demokrati vyz\u00fdvaj\u00fa ministra dopravy Jozefa R\u00e1\u017ea (nom. SMER-SD) na verejn\u00fa diskusiu k z\u00e1konu o strategick\u00fdch invest\u00edci\u00e1ch. Strana tak reaguje na opakovan\u00e9 odmietnutie z\u00e1stupcov rezortu z\u00fa\u010dastni\u0165 sa telev\u00edznej rel\u00e1cie na t\u00fato t\u00e9mu s expertmi strany a predstavite\u013emi verejnosti z radov mimovl\u00e1dnych organiz\u00e1ci\u00ed.&nbsp; \u201eZ\u00e1stupcovia rezortu dopravy sa odmietaj\u00fa z\u00fa\u010dast\u0148ova\u0165 zorganizovan\u00fdch diskusi\u00ed, kde by mohli vysvetli\u0165 svoj z\u00e1mer. [&hellip;]\" \/>\n<meta property=\"og:url\" content=\"https:\/\/www.smedemokrati.sk\/sv\/vyzyvame-ministra-raza-k-verejnej-diskusii\/\" \/>\n<meta property=\"og:site_name\" content=\"Smedemokrati.sk\" \/>\n<meta property=\"article:publisher\" content=\"https:\/\/www.facebook.com\/smedemokrati2023\" \/>\n<meta property=\"article:published_time\" content=\"2024-02-01T11:55:41+00:00\" \/>\n<meta property=\"article:modified_time\" content=\"2024-02-01T11:55:42+00:00\" \/>\n<meta property=\"og:image\" content=\"https:\/\/www.smedemokrati.sk\/wp-content\/uploads\/2024\/02\/raz.jpg\" \/>\n\t<meta property=\"og:image:width\" content=\"1017\" \/>\n\t<meta property=\"og:image:height\" content=\"573\" \/>\n\t<meta property=\"og:image:type\" content=\"image\/jpeg\" \/>\n<meta name=\"author\" content=\"Tom\u00e1\u0161 Koppl\" \/>\n<meta name=\"twitter:card\" content=\"summary_large_image\" \/>\n<meta name=\"twitter:label1\" content=\"Skriven av\" \/>\n\t<meta name=\"twitter:data1\" content=\"Tom\u00e1\u0161 Koppl\" \/>\n\t<meta name=\"twitter:label2\" content=\"Ber\u00e4knad l\u00e4stid\" \/>\n\t<meta name=\"twitter:data2\" content=\"2 minuter\" \/>\n<script type=\"application\/ld+json\" class=\"yoast-schema-graph\">{\"@context\":\"https:\/\/schema.org\",\"@graph\":[{\"@type\":\"Article\",\"@id\":\"https:\/\/www.smedemokrati.sk\/vyzyvame-ministra-raza-k-verejnej-diskusii\/#article\",\"isPartOf\":{\"@id\":\"https:\/\/www.smedemokrati.sk\/vyzyvame-ministra-raza-k-verejnej-diskusii\/\"},\"author\":{\"name\":\"Tom\u00e1\u0161 Koppl\",\"@id\":\"https:\/\/www.smedemokrati.sk\/#\/schema\/person\/c60720f4b9955b3c1ed222ebd1fbbc7c\"},\"headline\":\"Vyz\u00fdvame ministra R\u00e1\u017ea k verejnej diskusii\",\"datePublished\":\"2024-02-01T11:55:41+00:00\",\"dateModified\":\"2024-02-01T11:55:42+00:00\",\"mainEntityOfPage\":{\"@id\":\"https:\/\/www.smedemokrati.sk\/vyzyvame-ministra-raza-k-verejnej-diskusii\/\"},\"wordCount\":349,\"publisher\":{\"@id\":\"https:\/\/www.smedemokrati.sk\/#organization\"},\"image\":{\"@id\":\"https:\/\/www.smedemokrati.sk\/vyzyvame-ministra-raza-k-verejnej-diskusii\/#primaryimage\"},\"thumbnailUrl\":\"https:\/\/www.smedemokrati.sk\/wp-content\/uploads\/2024\/02\/raz.jpg\",\"articleSection\":[\"Tla\u010dov\u00e9 spr\u00e1vy\"],\"inLanguage\":\"sv-SE\"},{\"@type\":\"WebPage\",\"@id\":\"https:\/\/www.smedemokrati.sk\/vyzyvame-ministra-raza-k-verejnej-diskusii\/\",\"url\":\"https:\/\/www.smedemokrati.sk\/vyzyvame-ministra-raza-k-verejnej-diskusii\/\",\"name\":\"Vyz\u00fdvame ministra R\u00e1\u017ea k verejnej diskusii - Smedemokrati.sk\",\"isPartOf\":{\"@id\":\"https:\/\/www.smedemokrati.sk\/#website\"},\"primaryImageOfPage\":{\"@id\":\"https:\/\/www.smedemokrati.sk\/vyzyvame-ministra-raza-k-verejnej-diskusii\/#primaryimage\"},\"image\":{\"@id\":\"https:\/\/www.smedemokrati.sk\/vyzyvame-ministra-raza-k-verejnej-diskusii\/#primaryimage\"},\"thumbnailUrl\":\"https:\/\/www.smedemokrati.sk\/wp-content\/uploads\/2024\/02\/raz.jpg\",\"datePublished\":\"2024-02-01T11:55:41+00:00\",\"dateModified\":\"2024-02-01T11:55:42+00:00\",\"breadcrumb\":{\"@id\":\"https:\/\/www.smedemokrati.sk\/vyzyvame-ministra-raza-k-verejnej-diskusii\/#breadcrumb\"},\"inLanguage\":\"sv-SE\",\"potentialAction\":[{\"@type\":\"ReadAction\",\"target\":[\"https:\/\/www.smedemokrati.sk\/vyzyvame-ministra-raza-k-verejnej-diskusii\/\"]}]},{\"@type\":\"ImageObject\",\"inLanguage\":\"sv-SE\",\"@id\":\"https:\/\/www.smedemokrati.sk\/vyzyvame-ministra-raza-k-verejnej-diskusii\/#primaryimage\",\"url\":\"https:\/\/www.smedemokrati.sk\/wp-content\/uploads\/2024\/02\/raz.jpg\",\"contentUrl\":\"https:\/\/www.smedemokrati.sk\/wp-content\/uploads\/2024\/02\/raz.jpg\",\"width\":1017,\"height\":573},{\"@type\":\"BreadcrumbList\",\"@id\":\"https:\/\/www.smedemokrati.sk\/vyzyvame-ministra-raza-k-verejnej-diskusii\/#breadcrumb\",\"itemListElement\":[{\"@type\":\"ListItem\",\"position\":1,\"name\":\"Domovsk\u00e1 str\u00e1nka\",\"item\":\"https:\/\/www.smedemokrati.sk\/\"},{\"@type\":\"ListItem\",\"position\":2,\"name\":\"Vyz\u00fdvame ministra R\u00e1\u017ea k verejnej diskusii\"}]},{\"@type\":\"WebSite\",\"@id\":\"https:\/\/www.smedemokrati.sk\/#website\",\"url\":\"https:\/\/www.smedemokrati.sk\/\",\"name\":\"Smedemokrati.sk\",\"description\":\"Demokracia a slu\u0161nos\u0165 zv\u00ed\u0165az\u00ed\",\"publisher\":{\"@id\":\"https:\/\/www.smedemokrati.sk\/#organization\"},\"potentialAction\":[{\"@type\":\"SearchAction\",\"target\":{\"@type\":\"EntryPoint\",\"urlTemplate\":\"https:\/\/www.smedemokrati.sk\/?s={search_term_string}\"},\"query-input\":{\"@type\":\"PropertyValueSpecification\",\"valueRequired\":true,\"valueName\":\"search_term_string\"}}],\"inLanguage\":\"sv-SE\"},{\"@type\":\"Organization\",\"@id\":\"https:\/\/www.smedemokrati.sk\/#organization\",\"name\":\"Smedemokrati.sk\",\"url\":\"https:\/\/www.smedemokrati.sk\/\",\"logo\":{\"@type\":\"ImageObject\",\"inLanguage\":\"sv-SE\",\"@id\":\"https:\/\/www.smedemokrati.sk\/#\/schema\/logo\/image\/\",\"url\":\"https:\/\/www.smedemokrati.sk\/wp-content\/uploads\/2023\/04\/ff.002.jpeg\",\"contentUrl\":\"https:\/\/www.smedemokrati.sk\/wp-content\/uploads\/2023\/04\/ff.002.jpeg\",\"width\":640,\"height\":480,\"caption\":\"Smedemokrati.sk\"},\"image\":{\"@id\":\"https:\/\/www.smedemokrati.sk\/#\/schema\/logo\/image\/\"},\"sameAs\":[\"https:\/\/www.facebook.com\/smedemokrati2023\"]},{\"@type\":\"Person\",\"@id\":\"https:\/\/www.smedemokrati.sk\/#\/schema\/person\/c60720f4b9955b3c1ed222ebd1fbbc7c\",\"name\":\"Tom\u00e1\u0161 Koppl\",\"image\":{\"@type\":\"ImageObject\",\"inLanguage\":\"sv-SE\",\"@id\":\"https:\/\/secure.gravatar.com\/avatar\/8dfa38373c5e39821baf74c8e867a6f12e12c6dab6559aa999d10703b0b1c4ce?s=96&d=mm&r=g\",\"url\":\"https:\/\/secure.gravatar.com\/avatar\/8dfa38373c5e39821baf74c8e867a6f12e12c6dab6559aa999d10703b0b1c4ce?s=96&d=mm&r=g\",\"contentUrl\":\"https:\/\/secure.gravatar.com\/avatar\/8dfa38373c5e39821baf74c8e867a6f12e12c6dab6559aa999d10703b0b1c4ce?s=96&d=mm&r=g\",\"caption\":\"Tom\u00e1\u0161 Koppl\"},\"url\":\"https:\/\/www.smedemokrati.sk\/sv\/author\/tomaskoppl\/\"}]}<\/script>\n<!-- \/ Yoast SEO plugin. -->","yoast_head_json":{"title":"Vyz\u00fdvame ministra R\u00e1\u017ea k verejnej diskusii - Smedemokrati.sk","robots":{"index":"index","follow":"follow","max-snippet":"max-snippet:-1","max-image-preview":"max-image-preview:large","max-video-preview":"max-video-preview:-1"},"canonical":"https:\/\/www.smedemokrati.sk\/sv\/vyzyvame-ministra-raza-k-verejnej-diskusii\/","og_locale":"sv_SE","og_type":"article","og_title":"Vyz\u00fdvame ministra R\u00e1\u017ea k verejnej diskusii - Smedemokrati.sk","og_description":"Demokrati vyz\u00fdvaj\u00fa ministra dopravy Jozefa R\u00e1\u017ea (nom. SMER-SD) na verejn\u00fa diskusiu k z\u00e1konu o strategick\u00fdch invest\u00edci\u00e1ch. Strana tak reaguje na opakovan\u00e9 odmietnutie z\u00e1stupcov rezortu z\u00fa\u010dastni\u0165 sa telev\u00edznej rel\u00e1cie na t\u00fato t\u00e9mu s expertmi strany a predstavite\u013emi verejnosti z radov mimovl\u00e1dnych organiz\u00e1ci\u00ed.&nbsp; \u201eZ\u00e1stupcovia rezortu dopravy sa odmietaj\u00fa z\u00fa\u010dast\u0148ova\u0165 zorganizovan\u00fdch diskusi\u00ed, kde by mohli vysvetli\u0165 svoj z\u00e1mer. [&hellip;]","og_url":"https:\/\/www.smedemokrati.sk\/sv\/vyzyvame-ministra-raza-k-verejnej-diskusii\/","og_site_name":"Smedemokrati.sk","article_publisher":"https:\/\/www.facebook.com\/smedemokrati2023","article_published_time":"2024-02-01T11:55:41+00:00","article_modified_time":"2024-02-01T11:55:42+00:00","og_image":[{"width":1017,"height":573,"url":"https:\/\/www.smedemokrati.sk\/wp-content\/uploads\/2024\/02\/raz.jpg","type":"image\/jpeg"}],"author":"Tom\u00e1\u0161 Koppl","twitter_card":"summary_large_image","twitter_misc":{"Skriven av":"Tom\u00e1\u0161 Koppl","Ber\u00e4knad l\u00e4stid":"2 minuter"},"schema":{"@context":"https:\/\/schema.org","@graph":[{"@type":"Article","@id":"https:\/\/www.smedemokrati.sk\/vyzyvame-ministra-raza-k-verejnej-diskusii\/#article","isPartOf":{"@id":"https:\/\/www.smedemokrati.sk\/vyzyvame-ministra-raza-k-verejnej-diskusii\/"},"author":{"name":"Tom\u00e1\u0161 Koppl","@id":"https:\/\/www.smedemokrati.sk\/#\/schema\/person\/c60720f4b9955b3c1ed222ebd1fbbc7c"},"headline":"Vyz\u00fdvame ministra R\u00e1\u017ea k verejnej diskusii","datePublished":"2024-02-01T11:55:41+00:00","dateModified":"2024-02-01T11:55:42+00:00","mainEntityOfPage":{"@id":"https:\/\/www.smedemokrati.sk\/vyzyvame-ministra-raza-k-verejnej-diskusii\/"},"wordCount":349,"publisher":{"@id":"https:\/\/www.smedemokrati.sk\/#organization"},"image":{"@id":"https:\/\/www.smedemokrati.sk\/vyzyvame-ministra-raza-k-verejnej-diskusii\/#primaryimage"},"thumbnailUrl":"https:\/\/www.smedemokrati.sk\/wp-content\/uploads\/2024\/02\/raz.jpg","articleSection":["Tla\u010dov\u00e9 spr\u00e1vy"],"inLanguage":"sv-SE"},{"@type":"WebPage","@id":"https:\/\/www.smedemokrati.sk\/vyzyvame-ministra-raza-k-verejnej-diskusii\/","url":"https:\/\/www.smedemokrati.sk\/vyzyvame-ministra-raza-k-verejnej-diskusii\/","name":"Vyz\u00fdvame ministra R\u00e1\u017ea k verejnej diskusii - Smedemokrati.sk","isPartOf":{"@id":"https:\/\/www.smedemokrati.sk\/#website"},"primaryImageOfPage":{"@id":"https:\/\/www.smedemokrati.sk\/vyzyvame-ministra-raza-k-verejnej-diskusii\/#primaryimage"},"image":{"@id":"https:\/\/www.smedemokrati.sk\/vyzyvame-ministra-raza-k-verejnej-diskusii\/#primaryimage"},"thumbnailUrl":"https:\/\/www.smedemokrati.sk\/wp-content\/uploads\/2024\/02\/raz.jpg","datePublished":"2024-02-01T11:55:41+00:00","dateModified":"2024-02-01T11:55:42+00:00","breadcrumb":{"@id":"https:\/\/www.smedemokrati.sk\/vyzyvame-ministra-raza-k-verejnej-diskusii\/#breadcrumb"},"inLanguage":"sv-SE","potentialAction":[{"@type":"ReadAction","target":["https:\/\/www.smedemokrati.sk\/vyzyvame-ministra-raza-k-verejnej-diskusii\/"]}]},{"@type":"ImageObject","inLanguage":"sv-SE","@id":"https:\/\/www.smedemokrati.sk\/vyzyvame-ministra-raza-k-verejnej-diskusii\/#primaryimage","url":"https:\/\/www.smedemokrati.sk\/wp-content\/uploads\/2024\/02\/raz.jpg","contentUrl":"https:\/\/www.smedemokrati.sk\/wp-content\/uploads\/2024\/02\/raz.jpg","width":1017,"height":573},{"@type":"BreadcrumbList","@id":"https:\/\/www.smedemokrati.sk\/vyzyvame-ministra-raza-k-verejnej-diskusii\/#breadcrumb","itemListElement":[{"@type":"ListItem","position":1,"name":"Domovsk\u00e1 str\u00e1nka","item":"https:\/\/www.smedemokrati.sk\/"},{"@type":"ListItem","position":2,"name":"Vyz\u00fdvame ministra R\u00e1\u017ea k verejnej diskusii"}]},{"@type":"WebSite","@id":"https:\/\/www.smedemokrati.sk\/#website","url":"https:\/\/www.smedemokrati.sk\/","name":"Smedemokrati.sk","description":"Demokracia a slu\u0161nos\u0165 zv\u00ed\u0165az\u00ed","publisher":{"@id":"https:\/\/www.smedemokrati.sk\/#organization"},"potentialAction":[{"@type":"SearchAction","target":{"@type":"EntryPoint","urlTemplate":"https:\/\/www.smedemokrati.sk\/?s={search_term_string}"},"query-input":{"@type":"PropertyValueSpecification","valueRequired":true,"valueName":"search_term_string"}}],"inLanguage":"sv-SE"},{"@type":"Organization","@id":"https:\/\/www.smedemokrati.sk\/#organization","name":"Smedemokrati.sk","url":"https:\/\/www.smedemokrati.sk\/","logo":{"@type":"ImageObject","inLanguage":"sv-SE","@id":"https:\/\/www.smedemokrati.sk\/#\/schema\/logo\/image\/","url":"https:\/\/www.smedemokrati.sk\/wp-content\/uploads\/2023\/04\/ff.002.jpeg","contentUrl":"https:\/\/www.smedemokrati.sk\/wp-content\/uploads\/2023\/04\/ff.002.jpeg","width":640,"height":480,"caption":"Smedemokrati.sk"},"image":{"@id":"https:\/\/www.smedemokrati.sk\/#\/schema\/logo\/image\/"},"sameAs":["https:\/\/www.facebook.com\/smedemokrati2023"]},{"@type":"Person","@id":"https:\/\/www.smedemokrati.sk\/#\/schema\/person\/c60720f4b9955b3c1ed222ebd1fbbc7c","name":"Tom\u00e1\u0161 Koppl","image":{"@type":"ImageObject","inLanguage":"sv-SE","@id":"https:\/\/secure.gravatar.com\/avatar\/8dfa38373c5e39821baf74c8e867a6f12e12c6dab6559aa999d10703b0b1c4ce?s=96&d=mm&r=g","url":"https:\/\/secure.gravatar.com\/avatar\/8dfa38373c5e39821baf74c8e867a6f12e12c6dab6559aa999d10703b0b1c4ce?s=96&d=mm&r=g","contentUrl":"https:\/\/secure.gravatar.com\/avatar\/8dfa38373c5e39821baf74c8e867a6f12e12c6dab6559aa999d10703b0b1c4ce?s=96&d=mm&r=g","caption":"Tom\u00e1\u0161 Koppl"},"url":"https:\/\/www.smedemokrati.sk\/sv\/author\/tomaskoppl\/"}]}},"_links":{"self":[{"href":"https:\/\/www.smedemokrati.sk\/sv\/wp-json\/wp\/v2\/posts\/2591","targetHints":{"allow":["GET"]}}],"collection":[{"href":"https:\/\/www.smedemokrati.sk\/sv\/wp-json\/wp\/v2\/posts"}],"about":[{"href":"https:\/\/www.smedemokrati.sk\/sv\/wp-json\/wp\/v2\/types\/post"}],"author":[{"embeddable":true,"href":"https:\/\/www.smedemokrati.sk\/sv\/wp-json\/wp\/v2\/users\/7"}],"replies":[{"embeddable":true,"href":"https:\/\/www.smedemokrati.sk\/sv\/wp-json\/wp\/v2\/comments?post=2591"}],"version-history":[{"count":1,"href":"https:\/\/www.smedemokrati.sk\/sv\/wp-json\/wp\/v2\/posts\/2591\/revisions"}],"predecessor-version":[{"id":2593,"href":"https:\/\/www.smedemokrati.sk\/sv\/wp-json\/wp\/v2\/posts\/2591\/revisions\/2593"}],"wp:featuredmedia":[{"embeddable":true,"href":"https:\/\/www.smedemokrati.sk\/sv\/wp-json\/wp\/v2\/media\/2592"}],"wp:attachment":[{"href":"https:\/\/www.smedemokrati.sk\/sv\/wp-json\/wp\/v2\/media?parent=2591"}],"wp:term":[{"taxonomy":"category","embeddable":true,"href":"https:\/\/www.smedemokrati.sk\/sv\/wp-json\/wp\/v2\/categories?post=2591"},{"taxonomy":"post_tag","embeddable":true,"href":"https:\/\/www.smedemokrati.sk\/sv\/wp-json\/wp\/v2\/tags?post=2591"}],"curies":[{"name":"wp","href":"https:\/\/api.w.org\/{rel}","templated":true}]}}