{"id":2577,"date":"2024-01-30T15:04:56","date_gmt":"2024-01-30T13:04:56","guid":{"rendered":"https:\/\/www.smedemokrati.sk\/?p=2577"},"modified":"2024-02-01T12:58:49","modified_gmt":"2024-02-01T10:58:49","slug":"pozmenujuci-navrh-k-novele-trestneho-zakona-je-cynicky-pokus-oklamat-verejnost-a-zalepit-jej-usta","status":"publish","type":"post","link":"https:\/\/www.smedemokrati.sk\/sv\/pozmenujuci-navrh-k-novele-trestneho-zakona-je-cynicky-pokus-oklamat-verejnost-a-zalepit-jej-usta\/","title":{"rendered":"Pozme\u0148uj\u00faci n\u00e1vrh k\u00a0novele trestn\u00e9ho z\u00e1kona je cynick\u00fd pokus oklama\u0165 verejnos\u0165 a\u00a0zalepi\u0165 jej \u00fasta"},"content":{"rendered":"<div id=\"fb-root\"><\/div>\n\n<p>\u201eVl\u00e1dna koal\u00edcia prostredn\u00edctvom ob\u017ealovan\u00e9ho Tibora Ga\u0161para predlo\u017eila pozme\u0148uj\u00faci n\u00e1vrh k&nbsp;novele Trestn\u00e9ho poriadku. S&nbsp;ve\u013ekou pompou minister spravodlivosti ozn\u00e1mil, \u017ee oni nie s\u00fa ani hluch\u00ed ani slep\u00ed a&nbsp;po\u010duj\u00fa pripomienky.&nbsp;<strong>\u017dia\u013e, pozme\u0148uj\u00faci n\u00e1vrh, ktor\u00ed p\u00edsali obvinen\u00ed, ob\u017ealovan\u00ed alebo ich pr\u00e1vni z\u00e1stupcovia je len cynick\u00fd pokus o&nbsp;zapchatie \u00fast verejnosti. Nijako inak ako predstieran\u00edm diskusie a&nbsp;snahou oklama\u0165 verejnos\u0165 sa tento pozme\u0148uj\u00faci n\u00e1vrh ned\u00e1 nazva\u0165. Zmeny, ktor\u00e9 koal\u00edcia predstavila s\u00fa kozmetick\u00e9. Zmena v\u00fd\u0161ky \u0161kody nerie\u0161i z\u00e1sadn\u00fd probl\u00e9m tejto novely a&nbsp;t\u00fdm je nesyst\u00e9mov\u00e9 zni\u017eovanie trestov, zni\u017eovanie preml\u010dac\u00edch d\u00f4b a ru\u0161enie \u00daradu \u0161peci\u00e1lnej prokurat\u00fary,<\/strong>\u201c hovor\u00ed Juraj \u0160eliga, podpredseda strany Demokrati.<\/p>\n\n\n\n<p>\u201e<strong>T\u00e1to novela prinesie chaos a&nbsp;mafianiz\u00e1ciu Slovenska a&nbsp;\u017eiadny pozme\u0148uj\u00faci n\u00e1vrh ju nezachr\u00e1ni.&nbsp;<\/strong>Jedin\u00e1 cesta, ak to koal\u00edcia chce myslie\u0165 v\u00e1\u017ene, je novelu stiahnu\u0165 a za\u010da\u0165 poctiv\u00fa odborn\u00fa diskusiu a&nbsp;potom cez riadne legislat\u00edvne konanie predlo\u017ei\u0165 materi\u00e1l na vl\u00e1du a&nbsp;do parlamentu,\u201c vysvet\u013euje Juraj \u0160eliga.<\/p>\n\n\n\n<p>\u201e<strong>\u017dia\u013e, ke\u010f\u017ee mot\u00edvom tejto novely je beztrestnos\u0165 a&nbsp;pomsta, Robert Fico a&nbsp;jeho podr\u017eta\u0161ka Peter Pellegrini \u00famyselne tla\u010dia na r\u00fdchle prijatie tejto novely tak, aby ich priatelia a&nbsp;kolegovia z\u00edskali beztrestnos\u0165. Po prijat\u00ed novely na Slovensku st\u00fapne kriminalita a&nbsp;bezpe\u010dnos\u0165 na\u0161ich ob\u010danov bude ohrozen\u00e1. Jedin\u00fd, kto sa bude te\u0161i\u0165, s\u00fa krimin\u00e1lnici.<\/strong>\u201c Hovor\u00ed Jaroslav Na\u010f, predseda strany Demokrati. Preto&nbsp;<strong>opakovane&nbsp;ako strana Demokrati vyz\u00fdvame na stiahnutie tejto novely.<\/strong><\/p>\n","protected":false},"excerpt":{"rendered":"<p>\u201eVl\u00e1dna koal\u00edcia prostredn\u00edctvom ob\u017ealovan\u00e9ho Tibora Ga\u0161para predlo\u017eila pozme\u0148uj\u00faci n\u00e1vrh k&nbsp;novele Trestn\u00e9ho poriadku. S&nbsp;ve\u013ekou pompou minister spravodlivosti ozn\u00e1mil, \u017ee oni nie s\u00fa ani hluch\u00ed ani slep\u00ed a&nbsp;po\u010duj\u00fa pripomienky.&nbsp;\u017dia\u013e, pozme\u0148uj\u00faci n\u00e1vrh, ktor\u00ed p\u00edsali obvinen\u00ed, ob\u017ealovan\u00ed alebo ich pr\u00e1vni z\u00e1stupcovia je len cynick\u00fd pokus o&nbsp;zapchatie \u00fast verejnosti. Nijako inak ako predstieran\u00edm diskusie a&nbsp;snahou oklama\u0165 verejnos\u0165 sa tento pozme\u0148uj\u00faci [&hellip;]<\/p>\n","protected":false},"author":7,"featured_media":2578,"comment_status":"closed","ping_status":"closed","sticky":false,"template":"","format":"standard","meta":{"_acf_changed":false,"ngg_post_thumbnail":0,"footnotes":""},"categories":[4],"tags":[],"class_list":["post-2577","post","type-post","status-publish","format-standard","has-post-thumbnail","hentry","category-tlacove-spravy"],"acf":[],"yoast_head":"<!-- This site is optimized with the Yoast SEO plugin v27.2 - https:\/\/yoast.com\/product\/yoast-seo-wordpress\/ -->\n<title>Pozme\u0148uj\u00faci n\u00e1vrh k\u00a0novele trestn\u00e9ho z\u00e1kona je cynick\u00fd pokus oklama\u0165 verejnos\u0165 a\u00a0zalepi\u0165 jej \u00fasta - Smedemokrati.sk<\/title>\n<meta name=\"robots\" content=\"index, follow, max-snippet:-1, max-image-preview:large, max-video-preview:-1\" \/>\n<link rel=\"canonical\" href=\"https:\/\/www.smedemokrati.sk\/sv\/pozmenujuci-navrh-k-novele-trestneho-zakona-je-cynicky-pokus-oklamat-verejnost-a-zalepit-jej-usta\/\" \/>\n<meta property=\"og:locale\" content=\"sv_SE\" \/>\n<meta property=\"og:locale:alternate\" content=\"en_US\" \/>\n<meta property=\"og:locale:alternate\" content=\"cs_CZ\" \/>\n<meta property=\"og:locale:alternate\" content=\"hu_HU\" \/>\n<meta property=\"og:locale:alternate\" content=\"sk_SK\" \/>\n<meta property=\"og:type\" content=\"article\" \/>\n<meta property=\"og:title\" content=\"Pozme\u0148uj\u00faci n\u00e1vrh k\u00a0novele trestn\u00e9ho z\u00e1kona je cynick\u00fd pokus oklama\u0165 verejnos\u0165 a\u00a0zalepi\u0165 jej \u00fasta - Smedemokrati.sk\" \/>\n<meta property=\"og:description\" content=\"\u201eVl\u00e1dna koal\u00edcia prostredn\u00edctvom ob\u017ealovan\u00e9ho Tibora Ga\u0161para predlo\u017eila pozme\u0148uj\u00faci n\u00e1vrh k&nbsp;novele Trestn\u00e9ho poriadku. S&nbsp;ve\u013ekou pompou minister spravodlivosti ozn\u00e1mil, \u017ee oni nie s\u00fa ani hluch\u00ed ani slep\u00ed a&nbsp;po\u010duj\u00fa pripomienky.&nbsp;\u017dia\u013e, pozme\u0148uj\u00faci n\u00e1vrh, ktor\u00ed p\u00edsali obvinen\u00ed, ob\u017ealovan\u00ed alebo ich pr\u00e1vni z\u00e1stupcovia je len cynick\u00fd pokus o&nbsp;zapchatie \u00fast verejnosti. Nijako inak ako predstieran\u00edm diskusie a&nbsp;snahou oklama\u0165 verejnos\u0165 sa tento pozme\u0148uj\u00faci [&hellip;]\" \/>\n<meta property=\"og:url\" content=\"https:\/\/www.smedemokrati.sk\/sv\/pozmenujuci-navrh-k-novele-trestneho-zakona-je-cynicky-pokus-oklamat-verejnost-a-zalepit-jej-usta\/\" \/>\n<meta property=\"og:site_name\" content=\"Smedemokrati.sk\" \/>\n<meta property=\"article:publisher\" content=\"https:\/\/www.facebook.com\/smedemokrati2023\" \/>\n<meta property=\"article:published_time\" content=\"2024-01-30T13:04:56+00:00\" \/>\n<meta property=\"article:modified_time\" content=\"2024-02-01T10:58:49+00:00\" \/>\n<meta property=\"og:image\" content=\"https:\/\/www.smedemokrati.sk\/wp-content\/uploads\/2024\/01\/justice-g4b6d0404a_1280.jpg\" \/>\n\t<meta property=\"og:image:width\" content=\"1280\" \/>\n\t<meta property=\"og:image:height\" content=\"853\" \/>\n\t<meta property=\"og:image:type\" content=\"image\/jpeg\" \/>\n<meta name=\"author\" content=\"Tom\u00e1\u0161 Koppl\" \/>\n<meta name=\"twitter:card\" content=\"summary_large_image\" \/>\n<meta name=\"twitter:label1\" content=\"Skriven av\" \/>\n\t<meta name=\"twitter:data1\" content=\"Tom\u00e1\u0161 Koppl\" \/>\n\t<meta name=\"twitter:label2\" content=\"Ber\u00e4knad l\u00e4stid\" \/>\n\t<meta name=\"twitter:data2\" content=\"2 minuter\" \/>\n<script type=\"application\/ld+json\" class=\"yoast-schema-graph\">{\"@context\":\"https:\/\/schema.org\",\"@graph\":[{\"@type\":\"Article\",\"@id\":\"https:\/\/www.smedemokrati.sk\/pozmenujuci-navrh-k-novele-trestneho-zakona-je-cynicky-pokus-oklamat-verejnost-a-zalepit-jej-usta\/#article\",\"isPartOf\":{\"@id\":\"https:\/\/www.smedemokrati.sk\/pozmenujuci-navrh-k-novele-trestneho-zakona-je-cynicky-pokus-oklamat-verejnost-a-zalepit-jej-usta\/\"},\"author\":{\"name\":\"Tom\u00e1\u0161 Koppl\",\"@id\":\"https:\/\/www.smedemokrati.sk\/#\/schema\/person\/c60720f4b9955b3c1ed222ebd1fbbc7c\"},\"headline\":\"Pozme\u0148uj\u00faci n\u00e1vrh k\u00a0novele trestn\u00e9ho z\u00e1kona je cynick\u00fd pokus oklama\u0165 verejnos\u0165 a\u00a0zalepi\u0165 jej \u00fasta\",\"datePublished\":\"2024-01-30T13:04:56+00:00\",\"dateModified\":\"2024-02-01T10:58:49+00:00\",\"mainEntityOfPage\":{\"@id\":\"https:\/\/www.smedemokrati.sk\/pozmenujuci-navrh-k-novele-trestneho-zakona-je-cynicky-pokus-oklamat-verejnost-a-zalepit-jej-usta\/\"},\"wordCount\":316,\"publisher\":{\"@id\":\"https:\/\/www.smedemokrati.sk\/#organization\"},\"image\":{\"@id\":\"https:\/\/www.smedemokrati.sk\/pozmenujuci-navrh-k-novele-trestneho-zakona-je-cynicky-pokus-oklamat-verejnost-a-zalepit-jej-usta\/#primaryimage\"},\"thumbnailUrl\":\"https:\/\/www.smedemokrati.sk\/wp-content\/uploads\/2024\/01\/justice-g4b6d0404a_1280.jpg\",\"articleSection\":[\"Tla\u010dov\u00e9 spr\u00e1vy\"],\"inLanguage\":\"sv-SE\"},{\"@type\":\"WebPage\",\"@id\":\"https:\/\/www.smedemokrati.sk\/pozmenujuci-navrh-k-novele-trestneho-zakona-je-cynicky-pokus-oklamat-verejnost-a-zalepit-jej-usta\/\",\"url\":\"https:\/\/www.smedemokrati.sk\/pozmenujuci-navrh-k-novele-trestneho-zakona-je-cynicky-pokus-oklamat-verejnost-a-zalepit-jej-usta\/\",\"name\":\"Pozme\u0148uj\u00faci n\u00e1vrh k\u00a0novele trestn\u00e9ho z\u00e1kona je cynick\u00fd pokus oklama\u0165 verejnos\u0165 a\u00a0zalepi\u0165 jej \u00fasta - Smedemokrati.sk\",\"isPartOf\":{\"@id\":\"https:\/\/www.smedemokrati.sk\/#website\"},\"primaryImageOfPage\":{\"@id\":\"https:\/\/www.smedemokrati.sk\/pozmenujuci-navrh-k-novele-trestneho-zakona-je-cynicky-pokus-oklamat-verejnost-a-zalepit-jej-usta\/#primaryimage\"},\"image\":{\"@id\":\"https:\/\/www.smedemokrati.sk\/pozmenujuci-navrh-k-novele-trestneho-zakona-je-cynicky-pokus-oklamat-verejnost-a-zalepit-jej-usta\/#primaryimage\"},\"thumbnailUrl\":\"https:\/\/www.smedemokrati.sk\/wp-content\/uploads\/2024\/01\/justice-g4b6d0404a_1280.jpg\",\"datePublished\":\"2024-01-30T13:04:56+00:00\",\"dateModified\":\"2024-02-01T10:58:49+00:00\",\"breadcrumb\":{\"@id\":\"https:\/\/www.smedemokrati.sk\/pozmenujuci-navrh-k-novele-trestneho-zakona-je-cynicky-pokus-oklamat-verejnost-a-zalepit-jej-usta\/#breadcrumb\"},\"inLanguage\":\"sv-SE\",\"potentialAction\":[{\"@type\":\"ReadAction\",\"target\":[\"https:\/\/www.smedemokrati.sk\/pozmenujuci-navrh-k-novele-trestneho-zakona-je-cynicky-pokus-oklamat-verejnost-a-zalepit-jej-usta\/\"]}]},{\"@type\":\"ImageObject\",\"inLanguage\":\"sv-SE\",\"@id\":\"https:\/\/www.smedemokrati.sk\/pozmenujuci-navrh-k-novele-trestneho-zakona-je-cynicky-pokus-oklamat-verejnost-a-zalepit-jej-usta\/#primaryimage\",\"url\":\"https:\/\/www.smedemokrati.sk\/wp-content\/uploads\/2024\/01\/justice-g4b6d0404a_1280.jpg\",\"contentUrl\":\"https:\/\/www.smedemokrati.sk\/wp-content\/uploads\/2024\/01\/justice-g4b6d0404a_1280.jpg\",\"width\":1280,\"height\":853},{\"@type\":\"BreadcrumbList\",\"@id\":\"https:\/\/www.smedemokrati.sk\/pozmenujuci-navrh-k-novele-trestneho-zakona-je-cynicky-pokus-oklamat-verejnost-a-zalepit-jej-usta\/#breadcrumb\",\"itemListElement\":[{\"@type\":\"ListItem\",\"position\":1,\"name\":\"Domovsk\u00e1 str\u00e1nka\",\"item\":\"https:\/\/www.smedemokrati.sk\/\"},{\"@type\":\"ListItem\",\"position\":2,\"name\":\"Pozme\u0148uj\u00faci n\u00e1vrh k\u00a0novele trestn\u00e9ho z\u00e1kona je cynick\u00fd pokus oklama\u0165 verejnos\u0165 a\u00a0zalepi\u0165 jej \u00fasta\"}]},{\"@type\":\"WebSite\",\"@id\":\"https:\/\/www.smedemokrati.sk\/#website\",\"url\":\"https:\/\/www.smedemokrati.sk\/\",\"name\":\"Smedemokrati.sk\",\"description\":\"Demokracia a slu\u0161nos\u0165 zv\u00ed\u0165az\u00ed\",\"publisher\":{\"@id\":\"https:\/\/www.smedemokrati.sk\/#organization\"},\"potentialAction\":[{\"@type\":\"SearchAction\",\"target\":{\"@type\":\"EntryPoint\",\"urlTemplate\":\"https:\/\/www.smedemokrati.sk\/?s={search_term_string}\"},\"query-input\":{\"@type\":\"PropertyValueSpecification\",\"valueRequired\":true,\"valueName\":\"search_term_string\"}}],\"inLanguage\":\"sv-SE\"},{\"@type\":\"Organization\",\"@id\":\"https:\/\/www.smedemokrati.sk\/#organization\",\"name\":\"Smedemokrati.sk\",\"url\":\"https:\/\/www.smedemokrati.sk\/\",\"logo\":{\"@type\":\"ImageObject\",\"inLanguage\":\"sv-SE\",\"@id\":\"https:\/\/www.smedemokrati.sk\/#\/schema\/logo\/image\/\",\"url\":\"https:\/\/www.smedemokrati.sk\/wp-content\/uploads\/2023\/04\/ff.002.jpeg\",\"contentUrl\":\"https:\/\/www.smedemokrati.sk\/wp-content\/uploads\/2023\/04\/ff.002.jpeg\",\"width\":640,\"height\":480,\"caption\":\"Smedemokrati.sk\"},\"image\":{\"@id\":\"https:\/\/www.smedemokrati.sk\/#\/schema\/logo\/image\/\"},\"sameAs\":[\"https:\/\/www.facebook.com\/smedemokrati2023\"]},{\"@type\":\"Person\",\"@id\":\"https:\/\/www.smedemokrati.sk\/#\/schema\/person\/c60720f4b9955b3c1ed222ebd1fbbc7c\",\"name\":\"Tom\u00e1\u0161 Koppl\",\"image\":{\"@type\":\"ImageObject\",\"inLanguage\":\"sv-SE\",\"@id\":\"https:\/\/secure.gravatar.com\/avatar\/8dfa38373c5e39821baf74c8e867a6f12e12c6dab6559aa999d10703b0b1c4ce?s=96&d=mm&r=g\",\"url\":\"https:\/\/secure.gravatar.com\/avatar\/8dfa38373c5e39821baf74c8e867a6f12e12c6dab6559aa999d10703b0b1c4ce?s=96&d=mm&r=g\",\"contentUrl\":\"https:\/\/secure.gravatar.com\/avatar\/8dfa38373c5e39821baf74c8e867a6f12e12c6dab6559aa999d10703b0b1c4ce?s=96&d=mm&r=g\",\"caption\":\"Tom\u00e1\u0161 Koppl\"},\"url\":\"https:\/\/www.smedemokrati.sk\/sv\/author\/tomaskoppl\/\"}]}<\/script>\n<!-- \/ Yoast SEO plugin. -->","yoast_head_json":{"title":"Pozme\u0148uj\u00faci n\u00e1vrh k\u00a0novele trestn\u00e9ho z\u00e1kona je cynick\u00fd pokus oklama\u0165 verejnos\u0165 a\u00a0zalepi\u0165 jej \u00fasta - Smedemokrati.sk","robots":{"index":"index","follow":"follow","max-snippet":"max-snippet:-1","max-image-preview":"max-image-preview:large","max-video-preview":"max-video-preview:-1"},"canonical":"https:\/\/www.smedemokrati.sk\/sv\/pozmenujuci-navrh-k-novele-trestneho-zakona-je-cynicky-pokus-oklamat-verejnost-a-zalepit-jej-usta\/","og_locale":"sv_SE","og_type":"article","og_title":"Pozme\u0148uj\u00faci n\u00e1vrh k\u00a0novele trestn\u00e9ho z\u00e1kona je cynick\u00fd pokus oklama\u0165 verejnos\u0165 a\u00a0zalepi\u0165 jej \u00fasta - Smedemokrati.sk","og_description":"\u201eVl\u00e1dna koal\u00edcia prostredn\u00edctvom ob\u017ealovan\u00e9ho Tibora Ga\u0161para predlo\u017eila pozme\u0148uj\u00faci n\u00e1vrh k&nbsp;novele Trestn\u00e9ho poriadku. S&nbsp;ve\u013ekou pompou minister spravodlivosti ozn\u00e1mil, \u017ee oni nie s\u00fa ani hluch\u00ed ani slep\u00ed a&nbsp;po\u010duj\u00fa pripomienky.&nbsp;\u017dia\u013e, pozme\u0148uj\u00faci n\u00e1vrh, ktor\u00ed p\u00edsali obvinen\u00ed, ob\u017ealovan\u00ed alebo ich pr\u00e1vni z\u00e1stupcovia je len cynick\u00fd pokus o&nbsp;zapchatie \u00fast verejnosti. Nijako inak ako predstieran\u00edm diskusie a&nbsp;snahou oklama\u0165 verejnos\u0165 sa tento pozme\u0148uj\u00faci [&hellip;]","og_url":"https:\/\/www.smedemokrati.sk\/sv\/pozmenujuci-navrh-k-novele-trestneho-zakona-je-cynicky-pokus-oklamat-verejnost-a-zalepit-jej-usta\/","og_site_name":"Smedemokrati.sk","article_publisher":"https:\/\/www.facebook.com\/smedemokrati2023","article_published_time":"2024-01-30T13:04:56+00:00","article_modified_time":"2024-02-01T10:58:49+00:00","og_image":[{"width":1280,"height":853,"url":"https:\/\/www.smedemokrati.sk\/wp-content\/uploads\/2024\/01\/justice-g4b6d0404a_1280.jpg","type":"image\/jpeg"}],"author":"Tom\u00e1\u0161 Koppl","twitter_card":"summary_large_image","twitter_misc":{"Skriven av":"Tom\u00e1\u0161 Koppl","Ber\u00e4knad l\u00e4stid":"2 minuter"},"schema":{"@context":"https:\/\/schema.org","@graph":[{"@type":"Article","@id":"https:\/\/www.smedemokrati.sk\/pozmenujuci-navrh-k-novele-trestneho-zakona-je-cynicky-pokus-oklamat-verejnost-a-zalepit-jej-usta\/#article","isPartOf":{"@id":"https:\/\/www.smedemokrati.sk\/pozmenujuci-navrh-k-novele-trestneho-zakona-je-cynicky-pokus-oklamat-verejnost-a-zalepit-jej-usta\/"},"author":{"name":"Tom\u00e1\u0161 Koppl","@id":"https:\/\/www.smedemokrati.sk\/#\/schema\/person\/c60720f4b9955b3c1ed222ebd1fbbc7c"},"headline":"Pozme\u0148uj\u00faci n\u00e1vrh k\u00a0novele trestn\u00e9ho z\u00e1kona je cynick\u00fd pokus oklama\u0165 verejnos\u0165 a\u00a0zalepi\u0165 jej \u00fasta","datePublished":"2024-01-30T13:04:56+00:00","dateModified":"2024-02-01T10:58:49+00:00","mainEntityOfPage":{"@id":"https:\/\/www.smedemokrati.sk\/pozmenujuci-navrh-k-novele-trestneho-zakona-je-cynicky-pokus-oklamat-verejnost-a-zalepit-jej-usta\/"},"wordCount":316,"publisher":{"@id":"https:\/\/www.smedemokrati.sk\/#organization"},"image":{"@id":"https:\/\/www.smedemokrati.sk\/pozmenujuci-navrh-k-novele-trestneho-zakona-je-cynicky-pokus-oklamat-verejnost-a-zalepit-jej-usta\/#primaryimage"},"thumbnailUrl":"https:\/\/www.smedemokrati.sk\/wp-content\/uploads\/2024\/01\/justice-g4b6d0404a_1280.jpg","articleSection":["Tla\u010dov\u00e9 spr\u00e1vy"],"inLanguage":"sv-SE"},{"@type":"WebPage","@id":"https:\/\/www.smedemokrati.sk\/pozmenujuci-navrh-k-novele-trestneho-zakona-je-cynicky-pokus-oklamat-verejnost-a-zalepit-jej-usta\/","url":"https:\/\/www.smedemokrati.sk\/pozmenujuci-navrh-k-novele-trestneho-zakona-je-cynicky-pokus-oklamat-verejnost-a-zalepit-jej-usta\/","name":"Pozme\u0148uj\u00faci n\u00e1vrh k\u00a0novele trestn\u00e9ho z\u00e1kona je cynick\u00fd pokus oklama\u0165 verejnos\u0165 a\u00a0zalepi\u0165 jej \u00fasta - Smedemokrati.sk","isPartOf":{"@id":"https:\/\/www.smedemokrati.sk\/#website"},"primaryImageOfPage":{"@id":"https:\/\/www.smedemokrati.sk\/pozmenujuci-navrh-k-novele-trestneho-zakona-je-cynicky-pokus-oklamat-verejnost-a-zalepit-jej-usta\/#primaryimage"},"image":{"@id":"https:\/\/www.smedemokrati.sk\/pozmenujuci-navrh-k-novele-trestneho-zakona-je-cynicky-pokus-oklamat-verejnost-a-zalepit-jej-usta\/#primaryimage"},"thumbnailUrl":"https:\/\/www.smedemokrati.sk\/wp-content\/uploads\/2024\/01\/justice-g4b6d0404a_1280.jpg","datePublished":"2024-01-30T13:04:56+00:00","dateModified":"2024-02-01T10:58:49+00:00","breadcrumb":{"@id":"https:\/\/www.smedemokrati.sk\/pozmenujuci-navrh-k-novele-trestneho-zakona-je-cynicky-pokus-oklamat-verejnost-a-zalepit-jej-usta\/#breadcrumb"},"inLanguage":"sv-SE","potentialAction":[{"@type":"ReadAction","target":["https:\/\/www.smedemokrati.sk\/pozmenujuci-navrh-k-novele-trestneho-zakona-je-cynicky-pokus-oklamat-verejnost-a-zalepit-jej-usta\/"]}]},{"@type":"ImageObject","inLanguage":"sv-SE","@id":"https:\/\/www.smedemokrati.sk\/pozmenujuci-navrh-k-novele-trestneho-zakona-je-cynicky-pokus-oklamat-verejnost-a-zalepit-jej-usta\/#primaryimage","url":"https:\/\/www.smedemokrati.sk\/wp-content\/uploads\/2024\/01\/justice-g4b6d0404a_1280.jpg","contentUrl":"https:\/\/www.smedemokrati.sk\/wp-content\/uploads\/2024\/01\/justice-g4b6d0404a_1280.jpg","width":1280,"height":853},{"@type":"BreadcrumbList","@id":"https:\/\/www.smedemokrati.sk\/pozmenujuci-navrh-k-novele-trestneho-zakona-je-cynicky-pokus-oklamat-verejnost-a-zalepit-jej-usta\/#breadcrumb","itemListElement":[{"@type":"ListItem","position":1,"name":"Domovsk\u00e1 str\u00e1nka","item":"https:\/\/www.smedemokrati.sk\/"},{"@type":"ListItem","position":2,"name":"Pozme\u0148uj\u00faci n\u00e1vrh k\u00a0novele trestn\u00e9ho z\u00e1kona je cynick\u00fd pokus oklama\u0165 verejnos\u0165 a\u00a0zalepi\u0165 jej \u00fasta"}]},{"@type":"WebSite","@id":"https:\/\/www.smedemokrati.sk\/#website","url":"https:\/\/www.smedemokrati.sk\/","name":"Smedemokrati.sk","description":"Demokracia a slu\u0161nos\u0165 zv\u00ed\u0165az\u00ed","publisher":{"@id":"https:\/\/www.smedemokrati.sk\/#organization"},"potentialAction":[{"@type":"SearchAction","target":{"@type":"EntryPoint","urlTemplate":"https:\/\/www.smedemokrati.sk\/?s={search_term_string}"},"query-input":{"@type":"PropertyValueSpecification","valueRequired":true,"valueName":"search_term_string"}}],"inLanguage":"sv-SE"},{"@type":"Organization","@id":"https:\/\/www.smedemokrati.sk\/#organization","name":"Smedemokrati.sk","url":"https:\/\/www.smedemokrati.sk\/","logo":{"@type":"ImageObject","inLanguage":"sv-SE","@id":"https:\/\/www.smedemokrati.sk\/#\/schema\/logo\/image\/","url":"https:\/\/www.smedemokrati.sk\/wp-content\/uploads\/2023\/04\/ff.002.jpeg","contentUrl":"https:\/\/www.smedemokrati.sk\/wp-content\/uploads\/2023\/04\/ff.002.jpeg","width":640,"height":480,"caption":"Smedemokrati.sk"},"image":{"@id":"https:\/\/www.smedemokrati.sk\/#\/schema\/logo\/image\/"},"sameAs":["https:\/\/www.facebook.com\/smedemokrati2023"]},{"@type":"Person","@id":"https:\/\/www.smedemokrati.sk\/#\/schema\/person\/c60720f4b9955b3c1ed222ebd1fbbc7c","name":"Tom\u00e1\u0161 Koppl","image":{"@type":"ImageObject","inLanguage":"sv-SE","@id":"https:\/\/secure.gravatar.com\/avatar\/8dfa38373c5e39821baf74c8e867a6f12e12c6dab6559aa999d10703b0b1c4ce?s=96&d=mm&r=g","url":"https:\/\/secure.gravatar.com\/avatar\/8dfa38373c5e39821baf74c8e867a6f12e12c6dab6559aa999d10703b0b1c4ce?s=96&d=mm&r=g","contentUrl":"https:\/\/secure.gravatar.com\/avatar\/8dfa38373c5e39821baf74c8e867a6f12e12c6dab6559aa999d10703b0b1c4ce?s=96&d=mm&r=g","caption":"Tom\u00e1\u0161 Koppl"},"url":"https:\/\/www.smedemokrati.sk\/sv\/author\/tomaskoppl\/"}]}},"_links":{"self":[{"href":"https:\/\/www.smedemokrati.sk\/sv\/wp-json\/wp\/v2\/posts\/2577","targetHints":{"allow":["GET"]}}],"collection":[{"href":"https:\/\/www.smedemokrati.sk\/sv\/wp-json\/wp\/v2\/posts"}],"about":[{"href":"https:\/\/www.smedemokrati.sk\/sv\/wp-json\/wp\/v2\/types\/post"}],"author":[{"embeddable":true,"href":"https:\/\/www.smedemokrati.sk\/sv\/wp-json\/wp\/v2\/users\/7"}],"replies":[{"embeddable":true,"href":"https:\/\/www.smedemokrati.sk\/sv\/wp-json\/wp\/v2\/comments?post=2577"}],"version-history":[{"count":1,"href":"https:\/\/www.smedemokrati.sk\/sv\/wp-json\/wp\/v2\/posts\/2577\/revisions"}],"predecessor-version":[{"id":2579,"href":"https:\/\/www.smedemokrati.sk\/sv\/wp-json\/wp\/v2\/posts\/2577\/revisions\/2579"}],"wp:featuredmedia":[{"embeddable":true,"href":"https:\/\/www.smedemokrati.sk\/sv\/wp-json\/wp\/v2\/media\/2578"}],"wp:attachment":[{"href":"https:\/\/www.smedemokrati.sk\/sv\/wp-json\/wp\/v2\/media?parent=2577"}],"wp:term":[{"taxonomy":"category","embeddable":true,"href":"https:\/\/www.smedemokrati.sk\/sv\/wp-json\/wp\/v2\/categories?post=2577"},{"taxonomy":"post_tag","embeddable":true,"href":"https:\/\/www.smedemokrati.sk\/sv\/wp-json\/wp\/v2\/tags?post=2577"}],"curies":[{"name":"wp","href":"https:\/\/api.w.org\/{rel}","templated":true}]}}