{"id":2524,"date":"2024-01-17T17:44:49","date_gmt":"2024-01-17T15:44:49","guid":{"rendered":"https:\/\/www.smedemokrati.sk\/?p=2524"},"modified":"2024-01-19T11:15:21","modified_gmt":"2024-01-19T09:15:21","slug":"taraba-vedome-klamal-a-kryl-pytliaka-musi-odstupit","status":"publish","type":"post","link":"https:\/\/www.smedemokrati.sk\/sv\/taraba-vedome-klamal-a-kryl-pytliaka-musi-odstupit\/","title":{"rendered":"Taraba vedome klamal a kryl pytliaka, mus\u00ed odst\u00fapi\u0165"},"content":{"rendered":"<div id=\"fb-root\"><\/div>\n\n<p><strong>Strana Demokrati vyz\u00fdva ministra Tarabu, aby po \u0161kandal\u00f3znom v\u00fdbere usved\u010den\u00e9ho pytliaka Petra Olexu do funkcie riadite\u013ea TANAPu vyvodil zodpovednos\u0165 a odst\u00fapil z poz\u00edcie \u0161\u00e9fa rezortu. Strana tie\u017e po\u017eaduje, aby na rezorte boli op\u00e4\u0165 zaveden\u00e9 verejn\u00e9 v\u00fdberov\u00e9 konania. Pod\u013ea Demokratov mo\u017enos\u0165 verejnosti p\u00fdta\u0165 sa kandid\u00e1tov konkr\u00e9tne ot\u00e1zky pom\u00f4\u017ee predch\u00e1dza\u0165 zl\u00fdm nomin\u00e1ci\u00e1m a z\u00e1rove\u0148 transparentn\u00e9 v\u00fdberov\u00e9 konania dv\u00edhaj\u00fa d\u00f4veryhodnos\u0165\u00a0v \u0161t\u00e1tne in\u0161tit\u00facie.\u00a0<\/strong><\/p>\n\n\n\n<p><em>\u201cMinister Taraba aj \u0161t\u00e1tny tajomn\u00edk Filip Kuffa by mali by\u0165 rovnako z funkcii odvolan\u00ed, resp. by sa mali k svojmu zlyhaniu postavi\u0165 \u010delom a sami od\u00eds\u0165. Kuffa pre to, \u017ee z\u00e1merne kryl pytliaka Olexu a Taraba z d\u00f4vodu, \u017ee aj ke\u010f o tomto podozrenie mal, nielen \u017ee toto podozrenie nepreveril, ale klamal o \u0148om aj verejnos\u0165. Je to flagrantn\u00e9 pochybenie a maslo na ich hlave a musia za to vyvodi\u0165 zodpovednos\u0165. Jasne t\u00fdm ukazuj\u00fa, \u017ee ochranou pr\u00edrody poh\u0155daj\u00fa, inak by si nedovolili do tak d\u00f4le\u017eitej funkcie, akou je riadite\u013e n\u00e1rodn\u00e9ho parku, postavi\u0165 pytliaka,\u201d<\/em>&nbsp;hovor\u00ed \u010dlen predsedn\u00edctva Demokratov Michal Ki\u010da a dod\u00e1va, \u017ee riadite\u013e n\u00e1rodn\u00e9ho parku m\u00e1 v zodpovednosti napr\u00edklad aj po\u013eovn\u00e9 rev\u00edry \u010di str\u00e1\u017e pr\u00edrody.&nbsp;&nbsp;&nbsp;<\/p>\n\n\n\n<p>Verejnos\u0165 by mala ma\u0165 pod\u013ea Demokratov mo\u017enos\u0165 p\u00fdta\u0165 sa kandid\u00e1tov ot\u00e1zky oh\u013eadom ich minulosti a odbornosti tak, ako to bolo \u0161tandardom za vl\u00e1dy Eduarda Hegera. Ak sa chce minister Taraba na\u010falej tv\u00e1ri\u0165, \u017ee jeho nomin\u00e1cie s\u00fa absol\u00fatne v poriadku, tak sa pod\u013ea Ki\u010du nem\u00f4\u017ee b\u00e1\u0165 vystavi\u0165 kandid\u00e1tov verejn\u00e9mu v\u00fdberov\u00e9mu konaniu. Po tomto fat\u00e1lnom zlyhan\u00ed je to vyslovene na mieste.&nbsp;&nbsp;&nbsp;&nbsp;<\/p>\n\n\n\n<p><em>\u201cNa\u0161e vedenie zaviedlo \u0161tandard v\u00fdberov\u00fdch konan\u00ed, ktor\u00e9 boli verejn\u00e9, transparentn\u00e9 a komisia bola zlo\u017een\u00e1 z odborn\u00edkov, ktor\u00ed zastupovali s\u00fakromn\u00fd aj mimovl\u00e1dny sektor. Tak by to malo fungova\u0165 vo vyspel\u00fdch krajin\u00e1ch, kde n\u00e1m z\u00e1le\u017e\u00ed na tom, ak\u00ed \u013eudia stoja na \u010dele \u0161t\u00e1tnych in\u0161tit\u00faci\u00ed,\u201d<\/em>&nbsp;pripomenul Michal Ki\u010da, expert strany na \u017eivotn\u00e9 prostredie.<\/p>\n\n\n\n<p>Strana Demokrati od za\u010diatku upozor\u0148ovala na problematick\u00fa nomin\u00e1ciu vedenia rezortu v osobe Petra Olexu za riadite\u013ea TANAPu. V ochrane pr\u00edrody i\u0161lo o absol\u00fatne nezn\u00e1me meno, ktor\u00e9ho jedin\u00fdmi predpokladmi na v\u00fdkon pr\u00e1ce s\u00fa, \u017ee kandidoval za stranu \u017divot a spriaznenos\u0165 so \u0161t\u00e1tnym tajomn\u00edkom rezortu Filipom Kuffom. To, \u017ee neleg\u00e1lne popravil chr\u00e1nen\u00e9ho vlka drav\u00e9ho je definit\u00edvnym potvrden\u00edm, \u017ee na tejto funkcii nemal a nem\u00e1 \u010do robi\u0165. Naviac, doteraz riadne nereagoval na \u010fal\u0161ie podozrenie z n\u00e1lezov usmrten\u00e9ho rysa a kamz\u00edka.<\/p>\n\n\n\n<figure class=\"wp-block-video\"><video height=\"1080\" style=\"aspect-ratio: 1920 \/ 1080;\" width=\"1920\" controls src=\"https:\/\/www.smedemokrati.sk\/wp-content\/uploads\/2024\/01\/IMG_6236.mov\"><\/video><\/figure>\n","protected":false},"excerpt":{"rendered":"<p>Strana Demokrati vyz\u00fdva ministra Tarabu, aby po \u0161kandal\u00f3znom v\u00fdbere usved\u010den\u00e9ho pytliaka Petra Olexu do funkcie riadite\u013ea TANAPu vyvodil zodpovednos\u0165 a odst\u00fapil z poz\u00edcie \u0161\u00e9fa rezortu. Strana tie\u017e po\u017eaduje, aby na rezorte boli op\u00e4\u0165 zaveden\u00e9 verejn\u00e9 v\u00fdberov\u00e9 konania. Pod\u013ea Demokratov mo\u017enos\u0165 verejnosti p\u00fdta\u0165 sa kandid\u00e1tov konkr\u00e9tne ot\u00e1zky pom\u00f4\u017ee predch\u00e1dza\u0165 zl\u00fdm nomin\u00e1ci\u00e1m a z\u00e1rove\u0148 transparentn\u00e9 v\u00fdberov\u00e9 konania [&hellip;]<\/p>\n","protected":false},"author":7,"featured_media":2526,"comment_status":"closed","ping_status":"closed","sticky":false,"template":"","format":"standard","meta":{"_acf_changed":false,"ngg_post_thumbnail":0,"footnotes":""},"categories":[4],"tags":[],"class_list":["post-2524","post","type-post","status-publish","format-standard","has-post-thumbnail","hentry","category-tlacove-spravy"],"acf":[],"yoast_head":"<!-- This site is optimized with the Yoast SEO plugin v27.2 - https:\/\/yoast.com\/product\/yoast-seo-wordpress\/ -->\n<title>Taraba vedome klamal a kryl pytliaka, mus\u00ed odst\u00fapi\u0165 - Smedemokrati.sk<\/title>\n<meta name=\"robots\" content=\"index, follow, max-snippet:-1, max-image-preview:large, max-video-preview:-1\" \/>\n<link rel=\"canonical\" href=\"https:\/\/www.smedemokrati.sk\/sv\/taraba-vedome-klamal-a-kryl-pytliaka-musi-odstupit\/\" \/>\n<meta property=\"og:locale\" content=\"sv_SE\" \/>\n<meta property=\"og:locale:alternate\" content=\"en_US\" \/>\n<meta property=\"og:locale:alternate\" content=\"cs_CZ\" \/>\n<meta property=\"og:locale:alternate\" content=\"hu_HU\" \/>\n<meta property=\"og:locale:alternate\" content=\"sk_SK\" \/>\n<meta property=\"og:type\" content=\"article\" \/>\n<meta property=\"og:title\" content=\"Taraba vedome klamal a kryl pytliaka, mus\u00ed odst\u00fapi\u0165 - Smedemokrati.sk\" \/>\n<meta property=\"og:description\" content=\"Strana Demokrati vyz\u00fdva ministra Tarabu, aby po \u0161kandal\u00f3znom v\u00fdbere usved\u010den\u00e9ho pytliaka Petra Olexu do funkcie riadite\u013ea TANAPu vyvodil zodpovednos\u0165 a odst\u00fapil z poz\u00edcie \u0161\u00e9fa rezortu. Strana tie\u017e po\u017eaduje, aby na rezorte boli op\u00e4\u0165 zaveden\u00e9 verejn\u00e9 v\u00fdberov\u00e9 konania. Pod\u013ea Demokratov mo\u017enos\u0165 verejnosti p\u00fdta\u0165 sa kandid\u00e1tov konkr\u00e9tne ot\u00e1zky pom\u00f4\u017ee predch\u00e1dza\u0165 zl\u00fdm nomin\u00e1ci\u00e1m a z\u00e1rove\u0148 transparentn\u00e9 v\u00fdberov\u00e9 konania [&hellip;]\" \/>\n<meta property=\"og:url\" content=\"https:\/\/www.smedemokrati.sk\/sv\/taraba-vedome-klamal-a-kryl-pytliaka-musi-odstupit\/\" \/>\n<meta property=\"og:site_name\" content=\"Smedemokrati.sk\" \/>\n<meta property=\"article:publisher\" content=\"https:\/\/www.facebook.com\/smedemokrati2023\" \/>\n<meta property=\"article:published_time\" content=\"2024-01-17T15:44:49+00:00\" \/>\n<meta property=\"article:modified_time\" content=\"2024-01-19T09:15:21+00:00\" \/>\n<meta property=\"og:image\" content=\"https:\/\/www.smedemokrati.sk\/wp-content\/uploads\/2024\/01\/kica-1.jpg\" \/>\n\t<meta property=\"og:image:width\" content=\"1897\" \/>\n\t<meta property=\"og:image:height\" content=\"1057\" \/>\n\t<meta property=\"og:image:type\" content=\"image\/jpeg\" \/>\n<meta name=\"author\" content=\"Tom\u00e1\u0161 Koppl\" \/>\n<meta name=\"twitter:card\" content=\"summary_large_image\" \/>\n<meta name=\"twitter:label1\" content=\"Skriven av\" \/>\n\t<meta name=\"twitter:data1\" content=\"Tom\u00e1\u0161 Koppl\" \/>\n\t<meta name=\"twitter:label2\" content=\"Ber\u00e4knad l\u00e4stid\" \/>\n\t<meta name=\"twitter:data2\" content=\"2 minuter\" \/>\n<script type=\"application\/ld+json\" class=\"yoast-schema-graph\">{\"@context\":\"https:\/\/schema.org\",\"@graph\":[{\"@type\":\"Article\",\"@id\":\"https:\/\/www.smedemokrati.sk\/taraba-vedome-klamal-a-kryl-pytliaka-musi-odstupit\/#article\",\"isPartOf\":{\"@id\":\"https:\/\/www.smedemokrati.sk\/taraba-vedome-klamal-a-kryl-pytliaka-musi-odstupit\/\"},\"author\":{\"name\":\"Tom\u00e1\u0161 Koppl\",\"@id\":\"https:\/\/www.smedemokrati.sk\/#\/schema\/person\/c60720f4b9955b3c1ed222ebd1fbbc7c\"},\"headline\":\"Taraba vedome klamal a kryl pytliaka, mus\u00ed odst\u00fapi\u0165\",\"datePublished\":\"2024-01-17T15:44:49+00:00\",\"dateModified\":\"2024-01-19T09:15:21+00:00\",\"mainEntityOfPage\":{\"@id\":\"https:\/\/www.smedemokrati.sk\/taraba-vedome-klamal-a-kryl-pytliaka-musi-odstupit\/\"},\"wordCount\":486,\"publisher\":{\"@id\":\"https:\/\/www.smedemokrati.sk\/#organization\"},\"image\":{\"@id\":\"https:\/\/www.smedemokrati.sk\/taraba-vedome-klamal-a-kryl-pytliaka-musi-odstupit\/#primaryimage\"},\"thumbnailUrl\":\"https:\/\/www.smedemokrati.sk\/wp-content\/uploads\/2024\/01\/kica-1.jpg\",\"articleSection\":[\"Tla\u010dov\u00e9 spr\u00e1vy\"],\"inLanguage\":\"sv-SE\"},{\"@type\":\"WebPage\",\"@id\":\"https:\/\/www.smedemokrati.sk\/taraba-vedome-klamal-a-kryl-pytliaka-musi-odstupit\/\",\"url\":\"https:\/\/www.smedemokrati.sk\/taraba-vedome-klamal-a-kryl-pytliaka-musi-odstupit\/\",\"name\":\"Taraba vedome klamal a kryl pytliaka, mus\u00ed odst\u00fapi\u0165 - Smedemokrati.sk\",\"isPartOf\":{\"@id\":\"https:\/\/www.smedemokrati.sk\/#website\"},\"primaryImageOfPage\":{\"@id\":\"https:\/\/www.smedemokrati.sk\/taraba-vedome-klamal-a-kryl-pytliaka-musi-odstupit\/#primaryimage\"},\"image\":{\"@id\":\"https:\/\/www.smedemokrati.sk\/taraba-vedome-klamal-a-kryl-pytliaka-musi-odstupit\/#primaryimage\"},\"thumbnailUrl\":\"https:\/\/www.smedemokrati.sk\/wp-content\/uploads\/2024\/01\/kica-1.jpg\",\"datePublished\":\"2024-01-17T15:44:49+00:00\",\"dateModified\":\"2024-01-19T09:15:21+00:00\",\"breadcrumb\":{\"@id\":\"https:\/\/www.smedemokrati.sk\/taraba-vedome-klamal-a-kryl-pytliaka-musi-odstupit\/#breadcrumb\"},\"inLanguage\":\"sv-SE\",\"potentialAction\":[{\"@type\":\"ReadAction\",\"target\":[\"https:\/\/www.smedemokrati.sk\/taraba-vedome-klamal-a-kryl-pytliaka-musi-odstupit\/\"]}]},{\"@type\":\"ImageObject\",\"inLanguage\":\"sv-SE\",\"@id\":\"https:\/\/www.smedemokrati.sk\/taraba-vedome-klamal-a-kryl-pytliaka-musi-odstupit\/#primaryimage\",\"url\":\"https:\/\/www.smedemokrati.sk\/wp-content\/uploads\/2024\/01\/kica-1.jpg\",\"contentUrl\":\"https:\/\/www.smedemokrati.sk\/wp-content\/uploads\/2024\/01\/kica-1.jpg\",\"width\":1897,\"height\":1057},{\"@type\":\"BreadcrumbList\",\"@id\":\"https:\/\/www.smedemokrati.sk\/taraba-vedome-klamal-a-kryl-pytliaka-musi-odstupit\/#breadcrumb\",\"itemListElement\":[{\"@type\":\"ListItem\",\"position\":1,\"name\":\"Domovsk\u00e1 str\u00e1nka\",\"item\":\"https:\/\/www.smedemokrati.sk\/\"},{\"@type\":\"ListItem\",\"position\":2,\"name\":\"Taraba vedome klamal a kryl pytliaka, mus\u00ed odst\u00fapi\u0165\"}]},{\"@type\":\"WebSite\",\"@id\":\"https:\/\/www.smedemokrati.sk\/#website\",\"url\":\"https:\/\/www.smedemokrati.sk\/\",\"name\":\"Smedemokrati.sk\",\"description\":\"Demokracia a slu\u0161nos\u0165 zv\u00ed\u0165az\u00ed\",\"publisher\":{\"@id\":\"https:\/\/www.smedemokrati.sk\/#organization\"},\"potentialAction\":[{\"@type\":\"SearchAction\",\"target\":{\"@type\":\"EntryPoint\",\"urlTemplate\":\"https:\/\/www.smedemokrati.sk\/?s={search_term_string}\"},\"query-input\":{\"@type\":\"PropertyValueSpecification\",\"valueRequired\":true,\"valueName\":\"search_term_string\"}}],\"inLanguage\":\"sv-SE\"},{\"@type\":\"Organization\",\"@id\":\"https:\/\/www.smedemokrati.sk\/#organization\",\"name\":\"Smedemokrati.sk\",\"url\":\"https:\/\/www.smedemokrati.sk\/\",\"logo\":{\"@type\":\"ImageObject\",\"inLanguage\":\"sv-SE\",\"@id\":\"https:\/\/www.smedemokrati.sk\/#\/schema\/logo\/image\/\",\"url\":\"https:\/\/www.smedemokrati.sk\/wp-content\/uploads\/2023\/04\/ff.002.jpeg\",\"contentUrl\":\"https:\/\/www.smedemokrati.sk\/wp-content\/uploads\/2023\/04\/ff.002.jpeg\",\"width\":640,\"height\":480,\"caption\":\"Smedemokrati.sk\"},\"image\":{\"@id\":\"https:\/\/www.smedemokrati.sk\/#\/schema\/logo\/image\/\"},\"sameAs\":[\"https:\/\/www.facebook.com\/smedemokrati2023\"]},{\"@type\":\"Person\",\"@id\":\"https:\/\/www.smedemokrati.sk\/#\/schema\/person\/c60720f4b9955b3c1ed222ebd1fbbc7c\",\"name\":\"Tom\u00e1\u0161 Koppl\",\"image\":{\"@type\":\"ImageObject\",\"inLanguage\":\"sv-SE\",\"@id\":\"https:\/\/secure.gravatar.com\/avatar\/8dfa38373c5e39821baf74c8e867a6f12e12c6dab6559aa999d10703b0b1c4ce?s=96&d=mm&r=g\",\"url\":\"https:\/\/secure.gravatar.com\/avatar\/8dfa38373c5e39821baf74c8e867a6f12e12c6dab6559aa999d10703b0b1c4ce?s=96&d=mm&r=g\",\"contentUrl\":\"https:\/\/secure.gravatar.com\/avatar\/8dfa38373c5e39821baf74c8e867a6f12e12c6dab6559aa999d10703b0b1c4ce?s=96&d=mm&r=g\",\"caption\":\"Tom\u00e1\u0161 Koppl\"},\"url\":\"https:\/\/www.smedemokrati.sk\/sv\/author\/tomaskoppl\/\"}]}<\/script>\n<!-- \/ Yoast SEO plugin. -->","yoast_head_json":{"title":"Taraba vedome klamal a kryl pytliaka, mus\u00ed odst\u00fapi\u0165 - Smedemokrati.sk","robots":{"index":"index","follow":"follow","max-snippet":"max-snippet:-1","max-image-preview":"max-image-preview:large","max-video-preview":"max-video-preview:-1"},"canonical":"https:\/\/www.smedemokrati.sk\/sv\/taraba-vedome-klamal-a-kryl-pytliaka-musi-odstupit\/","og_locale":"sv_SE","og_type":"article","og_title":"Taraba vedome klamal a kryl pytliaka, mus\u00ed odst\u00fapi\u0165 - Smedemokrati.sk","og_description":"Strana Demokrati vyz\u00fdva ministra Tarabu, aby po \u0161kandal\u00f3znom v\u00fdbere usved\u010den\u00e9ho pytliaka Petra Olexu do funkcie riadite\u013ea TANAPu vyvodil zodpovednos\u0165 a odst\u00fapil z poz\u00edcie \u0161\u00e9fa rezortu. Strana tie\u017e po\u017eaduje, aby na rezorte boli op\u00e4\u0165 zaveden\u00e9 verejn\u00e9 v\u00fdberov\u00e9 konania. Pod\u013ea Demokratov mo\u017enos\u0165 verejnosti p\u00fdta\u0165 sa kandid\u00e1tov konkr\u00e9tne ot\u00e1zky pom\u00f4\u017ee predch\u00e1dza\u0165 zl\u00fdm nomin\u00e1ci\u00e1m a z\u00e1rove\u0148 transparentn\u00e9 v\u00fdberov\u00e9 konania [&hellip;]","og_url":"https:\/\/www.smedemokrati.sk\/sv\/taraba-vedome-klamal-a-kryl-pytliaka-musi-odstupit\/","og_site_name":"Smedemokrati.sk","article_publisher":"https:\/\/www.facebook.com\/smedemokrati2023","article_published_time":"2024-01-17T15:44:49+00:00","article_modified_time":"2024-01-19T09:15:21+00:00","og_image":[{"width":1897,"height":1057,"url":"https:\/\/www.smedemokrati.sk\/wp-content\/uploads\/2024\/01\/kica-1.jpg","type":"image\/jpeg"}],"author":"Tom\u00e1\u0161 Koppl","twitter_card":"summary_large_image","twitter_misc":{"Skriven av":"Tom\u00e1\u0161 Koppl","Ber\u00e4knad l\u00e4stid":"2 minuter"},"schema":{"@context":"https:\/\/schema.org","@graph":[{"@type":"Article","@id":"https:\/\/www.smedemokrati.sk\/taraba-vedome-klamal-a-kryl-pytliaka-musi-odstupit\/#article","isPartOf":{"@id":"https:\/\/www.smedemokrati.sk\/taraba-vedome-klamal-a-kryl-pytliaka-musi-odstupit\/"},"author":{"name":"Tom\u00e1\u0161 Koppl","@id":"https:\/\/www.smedemokrati.sk\/#\/schema\/person\/c60720f4b9955b3c1ed222ebd1fbbc7c"},"headline":"Taraba vedome klamal a kryl pytliaka, mus\u00ed odst\u00fapi\u0165","datePublished":"2024-01-17T15:44:49+00:00","dateModified":"2024-01-19T09:15:21+00:00","mainEntityOfPage":{"@id":"https:\/\/www.smedemokrati.sk\/taraba-vedome-klamal-a-kryl-pytliaka-musi-odstupit\/"},"wordCount":486,"publisher":{"@id":"https:\/\/www.smedemokrati.sk\/#organization"},"image":{"@id":"https:\/\/www.smedemokrati.sk\/taraba-vedome-klamal-a-kryl-pytliaka-musi-odstupit\/#primaryimage"},"thumbnailUrl":"https:\/\/www.smedemokrati.sk\/wp-content\/uploads\/2024\/01\/kica-1.jpg","articleSection":["Tla\u010dov\u00e9 spr\u00e1vy"],"inLanguage":"sv-SE"},{"@type":"WebPage","@id":"https:\/\/www.smedemokrati.sk\/taraba-vedome-klamal-a-kryl-pytliaka-musi-odstupit\/","url":"https:\/\/www.smedemokrati.sk\/taraba-vedome-klamal-a-kryl-pytliaka-musi-odstupit\/","name":"Taraba vedome klamal a kryl pytliaka, mus\u00ed odst\u00fapi\u0165 - Smedemokrati.sk","isPartOf":{"@id":"https:\/\/www.smedemokrati.sk\/#website"},"primaryImageOfPage":{"@id":"https:\/\/www.smedemokrati.sk\/taraba-vedome-klamal-a-kryl-pytliaka-musi-odstupit\/#primaryimage"},"image":{"@id":"https:\/\/www.smedemokrati.sk\/taraba-vedome-klamal-a-kryl-pytliaka-musi-odstupit\/#primaryimage"},"thumbnailUrl":"https:\/\/www.smedemokrati.sk\/wp-content\/uploads\/2024\/01\/kica-1.jpg","datePublished":"2024-01-17T15:44:49+00:00","dateModified":"2024-01-19T09:15:21+00:00","breadcrumb":{"@id":"https:\/\/www.smedemokrati.sk\/taraba-vedome-klamal-a-kryl-pytliaka-musi-odstupit\/#breadcrumb"},"inLanguage":"sv-SE","potentialAction":[{"@type":"ReadAction","target":["https:\/\/www.smedemokrati.sk\/taraba-vedome-klamal-a-kryl-pytliaka-musi-odstupit\/"]}]},{"@type":"ImageObject","inLanguage":"sv-SE","@id":"https:\/\/www.smedemokrati.sk\/taraba-vedome-klamal-a-kryl-pytliaka-musi-odstupit\/#primaryimage","url":"https:\/\/www.smedemokrati.sk\/wp-content\/uploads\/2024\/01\/kica-1.jpg","contentUrl":"https:\/\/www.smedemokrati.sk\/wp-content\/uploads\/2024\/01\/kica-1.jpg","width":1897,"height":1057},{"@type":"BreadcrumbList","@id":"https:\/\/www.smedemokrati.sk\/taraba-vedome-klamal-a-kryl-pytliaka-musi-odstupit\/#breadcrumb","itemListElement":[{"@type":"ListItem","position":1,"name":"Domovsk\u00e1 str\u00e1nka","item":"https:\/\/www.smedemokrati.sk\/"},{"@type":"ListItem","position":2,"name":"Taraba vedome klamal a kryl pytliaka, mus\u00ed odst\u00fapi\u0165"}]},{"@type":"WebSite","@id":"https:\/\/www.smedemokrati.sk\/#website","url":"https:\/\/www.smedemokrati.sk\/","name":"Smedemokrati.sk","description":"Demokracia a slu\u0161nos\u0165 zv\u00ed\u0165az\u00ed","publisher":{"@id":"https:\/\/www.smedemokrati.sk\/#organization"},"potentialAction":[{"@type":"SearchAction","target":{"@type":"EntryPoint","urlTemplate":"https:\/\/www.smedemokrati.sk\/?s={search_term_string}"},"query-input":{"@type":"PropertyValueSpecification","valueRequired":true,"valueName":"search_term_string"}}],"inLanguage":"sv-SE"},{"@type":"Organization","@id":"https:\/\/www.smedemokrati.sk\/#organization","name":"Smedemokrati.sk","url":"https:\/\/www.smedemokrati.sk\/","logo":{"@type":"ImageObject","inLanguage":"sv-SE","@id":"https:\/\/www.smedemokrati.sk\/#\/schema\/logo\/image\/","url":"https:\/\/www.smedemokrati.sk\/wp-content\/uploads\/2023\/04\/ff.002.jpeg","contentUrl":"https:\/\/www.smedemokrati.sk\/wp-content\/uploads\/2023\/04\/ff.002.jpeg","width":640,"height":480,"caption":"Smedemokrati.sk"},"image":{"@id":"https:\/\/www.smedemokrati.sk\/#\/schema\/logo\/image\/"},"sameAs":["https:\/\/www.facebook.com\/smedemokrati2023"]},{"@type":"Person","@id":"https:\/\/www.smedemokrati.sk\/#\/schema\/person\/c60720f4b9955b3c1ed222ebd1fbbc7c","name":"Tom\u00e1\u0161 Koppl","image":{"@type":"ImageObject","inLanguage":"sv-SE","@id":"https:\/\/secure.gravatar.com\/avatar\/8dfa38373c5e39821baf74c8e867a6f12e12c6dab6559aa999d10703b0b1c4ce?s=96&d=mm&r=g","url":"https:\/\/secure.gravatar.com\/avatar\/8dfa38373c5e39821baf74c8e867a6f12e12c6dab6559aa999d10703b0b1c4ce?s=96&d=mm&r=g","contentUrl":"https:\/\/secure.gravatar.com\/avatar\/8dfa38373c5e39821baf74c8e867a6f12e12c6dab6559aa999d10703b0b1c4ce?s=96&d=mm&r=g","caption":"Tom\u00e1\u0161 Koppl"},"url":"https:\/\/www.smedemokrati.sk\/sv\/author\/tomaskoppl\/"}]}},"_links":{"self":[{"href":"https:\/\/www.smedemokrati.sk\/sv\/wp-json\/wp\/v2\/posts\/2524","targetHints":{"allow":["GET"]}}],"collection":[{"href":"https:\/\/www.smedemokrati.sk\/sv\/wp-json\/wp\/v2\/posts"}],"about":[{"href":"https:\/\/www.smedemokrati.sk\/sv\/wp-json\/wp\/v2\/types\/post"}],"author":[{"embeddable":true,"href":"https:\/\/www.smedemokrati.sk\/sv\/wp-json\/wp\/v2\/users\/7"}],"replies":[{"embeddable":true,"href":"https:\/\/www.smedemokrati.sk\/sv\/wp-json\/wp\/v2\/comments?post=2524"}],"version-history":[{"count":1,"href":"https:\/\/www.smedemokrati.sk\/sv\/wp-json\/wp\/v2\/posts\/2524\/revisions"}],"predecessor-version":[{"id":2527,"href":"https:\/\/www.smedemokrati.sk\/sv\/wp-json\/wp\/v2\/posts\/2524\/revisions\/2527"}],"wp:featuredmedia":[{"embeddable":true,"href":"https:\/\/www.smedemokrati.sk\/sv\/wp-json\/wp\/v2\/media\/2526"}],"wp:attachment":[{"href":"https:\/\/www.smedemokrati.sk\/sv\/wp-json\/wp\/v2\/media?parent=2524"}],"wp:term":[{"taxonomy":"category","embeddable":true,"href":"https:\/\/www.smedemokrati.sk\/sv\/wp-json\/wp\/v2\/categories?post=2524"},{"taxonomy":"post_tag","embeddable":true,"href":"https:\/\/www.smedemokrati.sk\/sv\/wp-json\/wp\/v2\/tags?post=2524"}],"curies":[{"name":"wp","href":"https:\/\/api.w.org\/{rel}","templated":true}]}}